{"id":70181,"date":"2022-01-12T08:19:38","date_gmt":"2022-01-12T11:19:38","guid":{"rendered":"https:\/\/www.informelitoral.com.ar\/?p=70181"},"modified":"2022-01-12T08:21:07","modified_gmt":"2022-01-12T11:21:07","slug":"sigue-el-calor-extremo-pero-las-lluvias-tienen-fecha-de-regreso-el-pronostico","status":"publish","type":"post","link":"https:\/\/informelitoral.com.ar\/sigue-el-calor-extremo-pero-las-lluvias-tienen-fecha-de-regreso-el-pronostico\/","title":{"rendered":"Sigue el calor extremo, pero las lluvias tienen fecha de regreso: el pron\u00f3stico"},"content":{"rendered":"<p>Hoy las temperaturas continuar\u00e1n siendo extremas sobre la regi\u00f3n del Litoral, centro y \u00e1rea pampeana del pa\u00eds, con viento del sector norte\/noreste sobre el centro de Argentina, lo que dar\u00e1 lugar a un fuerte calentamiento, consolidando la ola de calor.<\/p>\n<p>En Santa Fe y Entre R\u00edos podr\u00edan alcanzarse registros t\u00e9rmicos superiores a 40 grados. El tiempo seco y con ausencia de lluvias abarca una vasta regi\u00f3n del centro, norte y regi\u00f3n n\u00facleo.<\/p>\n<p>Por el momento no hay probabilidades de precipitaciones a causa de un fuerte bloqueo atmosf\u00e9rico asociado a un profundo centro de Alta presi\u00f3n instalado sobre el Atl\u00e1ntico, lo que quiebra toda posibilidad de lluvias en gran parte del pa\u00eds, abarcando desde la regi\u00f3n central, el Litoral y norte del pa\u00eds, donde s\u00f3lo dominar\u00e1n las temperaturas extremas a lo largo de la semana.<\/p>\n<p><b>Cu\u00e1ndo retornan las lluvias<\/b><\/p>\n<p>Desde el fin de semana, mediante el movimiento del centro de alta presi\u00f3n (A) hacia el este, de a poco aparecer\u00e1n algunas \u00e1reas de chaparrones y tormentas dispersas en algunos puntos de la regi\u00f3n central, pero no para todos.\u00a0<b>Entre el d\u00eda domingo 16 y el lunes 17, se prev\u00e9 la evoluci\u00f3n de precipitaciones para algunas \u00e1reas de las provincias de C\u00f3rdoba, centro, este y norte de Buenos Aires, sur y centro de Santa Fe, Entre R\u00edos, Chaco<\/b>.<\/p>\n<p>El avance de un frente fr\u00edo estar\u00e1 rompiendo el bloqueo, lo cual le\u00a0<b>dejar\u00e1 el camino libre a las lluvias para la primera parte de la semana, con un marcado descenso de la temperatura, poni\u00e9ndole fin a la ola de calor<\/b>, publica\u00a0&lt;i&lt;infoclima&lt; i=\u00bb\u00bb&gt;.<\/p>\n<p>Hacia el d\u00eda martes, el sistema frontal seguir\u00e1 su recorrido hacia el norte, abarcado distintas provincias de la regi\u00f3n, con evoluci\u00f3n de tormentas y chaparrones, con descenso de la temperatura.<\/p>\n<p>Las lluvias ganar\u00e1n terreno entre el martes 18 y el mi\u00e9rcoles 19, con tiempo inestable en gran parte del pa\u00eds, y eventos recurrentes de tormentas y chaparrones, lo que\u00a0<b>en algunas \u00e1reas pueden dejar importantes acumulados de agua, que en el caso de Entre R\u00edos se estima que podr\u00edan alcanzar hasta los 100 mil\u00edmetros<\/b>.<\/p>\n<p><img decoding=\"async\" class=\"aligncenter\" src=\"https:\/\/elonce-media2.elonce.com.ar\/fotos-nuevo\/2022\/01\/12\/o_1641977464.jpg\" \/><\/p>\n<p><img decoding=\"async\" class=\"aligncenter\" src=\"https:\/\/elonce-media2.elonce.com.ar\/fotos-nuevo\/2022\/01\/12\/o_1641977465.jpg\" \/><\/p>\n","protected":false},"excerpt":{"rendered":"<p>Hoy las temperaturas podr\u00edan superar los 40 grados y se prev\u00e9n varios d\u00edas similares. Luego, el avance de un frente fr\u00edo dejar\u00e1 el camino libre a las lluvias, con un marcado descenso de la temperatura que pondr\u00e1 fin a la ola de calor.<\/p>\n","protected":false},"author":8,"featured_media":70183,"comment_status":"open","ping_status":"open","sticky":false,"template":"","format":"standard","meta":{"fifu_image_url":"","fifu_image_alt":"","footnotes":""},"categories":[6],"tags":[2842,112,113],"class_list":{"0":"post-70181","1":"post","2":"type-post","3":"status-publish","4":"format-standard","5":"has-post-thumbnail","7":"category-entre-rios","8":"tag-calor-extremo","9":"tag-lluvias","10":"tag-smn"},"yoast_head":"<title>Sigue el calor extremo, pero las lluvias tienen fecha de regreso: el pron\u00f3stico - Informe Litoral<\/title>\n<meta name=\"robots\" content=\"index, follow, max-snippet:-1, max-image-preview:large, max-video-preview:-1\" \/>\n<link rel=\"canonical\" href=\"https:\/\/informelitoral.com.ar\/sigue-el-calor-extremo-pero-las-lluvias-tienen-fecha-de-regreso-el-pronostico\/\" \/>\n<meta property=\"og:locale\" content=\"es_ES\" \/>\n<meta property=\"og:type\" content=\"article\" \/>\n<meta property=\"og:title\" content=\"Sigue el calor extremo, pero las lluvias tienen fecha de regreso: el pron\u00f3stico - Informe Litoral\" \/>\n<meta property=\"og:description\" content=\"Hoy las temperaturas podr\u00edan superar los 40 grados y se prev\u00e9n varios d\u00edas similares. Luego, el avance de un frente fr\u00edo dejar\u00e1 el camino libre a las lluvias, con un marcado descenso de la temperatura que pondr\u00e1 fin a la ola de calor.\" \/>\n<meta property=\"og:url\" content=\"https:\/\/informelitoral.com.ar\/sigue-el-calor-extremo-pero-las-lluvias-tienen-fecha-de-regreso-el-pronostico\/\" \/>\n<meta property=\"og:site_name\" content=\"Informe Litoral\" \/>\n<meta property=\"article:publisher\" content=\"https:\/\/www.facebook.com\/informelitoral\/\" \/>\n<meta property=\"article:published_time\" content=\"2022-01-12T11:19:38+00:00\" \/>\n<meta property=\"article:modified_time\" content=\"2022-01-12T11:21:07+00:00\" \/>\n<meta property=\"og:image\" content=\"https:\/\/informelitoral.com.ar\/%77%70%2d%63%6f%6e%74%65%6e%74\/uploads\/2022\/01\/ola-calor-argentinajpg.jpg\" \/>\n\t<meta property=\"og:image:width\" content=\"730\" \/>\n\t<meta property=\"og:image:height\" content=\"410\" \/>\n\t<meta property=\"og:image:type\" content=\"image\/jpeg\" \/>\n<meta name=\"author\" content=\"Sebastian\" \/>\n<meta name=\"twitter:card\" content=\"summary_large_image\" \/>\n<meta name=\"twitter:creator\" content=\"@InformeLitoral\" \/>\n<meta name=\"twitter:site\" content=\"@InformeLitoral\" \/>\n<meta name=\"twitter:label1\" content=\"Escrito por\" \/>\n\t<meta name=\"twitter:data1\" content=\"Sebastian\" \/>\n\t<meta name=\"twitter:label2\" content=\"Tiempo de lectura\" \/>\n\t<meta name=\"twitter:data2\" content=\"2 minutos\" \/>\n<script type=\"application\/ld+json\" class=\"yoast-schema-graph\">{\"@context\":\"https:\\\/\\\/schema.org\",\"@graph\":[{\"@type\":\"Article\",\"@id\":\"https:\\\/\\\/informelitoral.com.ar\\\/sigue-el-calor-extremo-pero-las-lluvias-tienen-fecha-de-regreso-el-pronostico\\\/#article\",\"isPartOf\":{\"@id\":\"https:\\\/\\\/informelitoral.com.ar\\\/sigue-el-calor-extremo-pero-las-lluvias-tienen-fecha-de-regreso-el-pronostico\\\/\"},\"author\":{\"name\":\"Sebastian\",\"@id\":\"https:\\\/\\\/informelitoral.com.ar\\\/#\\\/schema\\\/person\\\/f05f9f461677119578717524b127d6d5\"},\"headline\":\"Sigue el calor extremo, pero las lluvias tienen fecha de regreso: el pron\u00f3stico\",\"datePublished\":\"2022-01-12T11:19:38+00:00\",\"dateModified\":\"2022-01-12T11:21:07+00:00\",\"mainEntityOfPage\":{\"@id\":\"https:\\\/\\\/informelitoral.com.ar\\\/sigue-el-calor-extremo-pero-las-lluvias-tienen-fecha-de-regreso-el-pronostico\\\/\"},\"wordCount\":394,\"commentCount\":0,\"publisher\":{\"@id\":\"https:\\\/\\\/informelitoral.com.ar\\\/#organization\"},\"image\":{\"@id\":\"https:\\\/\\\/informelitoral.com.ar\\\/sigue-el-calor-extremo-pero-las-lluvias-tienen-fecha-de-regreso-el-pronostico\\\/#primaryimage\"},\"thumbnailUrl\":\"https:\\\/\\\/informelitoral.com.ar\\\/%77%70%2d%63%6f%6e%74%65%6e%74\\\/uploads\\\/2022\\\/01\\\/ola-calor-argentinajpg.jpg\",\"keywords\":[\"Calor extremo\",\"Lluvias\",\"SMN\"],\"articleSection\":[\"Entre R\u00edos\"],\"inLanguage\":\"es\",\"potentialAction\":[{\"@type\":\"CommentAction\",\"name\":\"Comment\",\"target\":[\"https:\\\/\\\/informelitoral.com.ar\\\/sigue-el-calor-extremo-pero-las-lluvias-tienen-fecha-de-regreso-el-pronostico\\\/#respond\"]}]},{\"@type\":\"WebPage\",\"@id\":\"https:\\\/\\\/informelitoral.com.ar\\\/sigue-el-calor-extremo-pero-las-lluvias-tienen-fecha-de-regreso-el-pronostico\\\/\",\"url\":\"https:\\\/\\\/informelitoral.com.ar\\\/sigue-el-calor-extremo-pero-las-lluvias-tienen-fecha-de-regreso-el-pronostico\\\/\",\"name\":\"Sigue el calor extremo, pero las lluvias tienen fecha de regreso: el pron\u00f3stico - Informe Litoral\",\"isPartOf\":{\"@id\":\"https:\\\/\\\/informelitoral.com.ar\\\/#website\"},\"primaryImageOfPage\":{\"@id\":\"https:\\\/\\\/informelitoral.com.ar\\\/sigue-el-calor-extremo-pero-las-lluvias-tienen-fecha-de-regreso-el-pronostico\\\/#primaryimage\"},\"image\":{\"@id\":\"https:\\\/\\\/informelitoral.com.ar\\\/sigue-el-calor-extremo-pero-las-lluvias-tienen-fecha-de-regreso-el-pronostico\\\/#primaryimage\"},\"thumbnailUrl\":\"https:\\\/\\\/informelitoral.com.ar\\\/%77%70%2d%63%6f%6e%74%65%6e%74\\\/uploads\\\/2022\\\/01\\\/ola-calor-argentinajpg.jpg\",\"datePublished\":\"2022-01-12T11:19:38+00:00\",\"dateModified\":\"2022-01-12T11:21:07+00:00\",\"breadcrumb\":{\"@id\":\"https:\\\/\\\/informelitoral.com.ar\\\/sigue-el-calor-extremo-pero-las-lluvias-tienen-fecha-de-regreso-el-pronostico\\\/#breadcrumb\"},\"inLanguage\":\"es\",\"potentialAction\":[{\"@type\":\"ReadAction\",\"target\":[\"https:\\\/\\\/informelitoral.com.ar\\\/sigue-el-calor-extremo-pero-las-lluvias-tienen-fecha-de-regreso-el-pronostico\\\/\"]}]},{\"@type\":\"ImageObject\",\"inLanguage\":\"es\",\"@id\":\"https:\\\/\\\/informelitoral.com.ar\\\/sigue-el-calor-extremo-pero-las-lluvias-tienen-fecha-de-regreso-el-pronostico\\\/#primaryimage\",\"url\":\"https:\\\/\\\/informelitoral.com.ar\\\/%77%70%2d%63%6f%6e%74%65%6e%74\\\/uploads\\\/2022\\\/01\\\/ola-calor-argentinajpg.jpg\",\"contentUrl\":\"https:\\\/\\\/informelitoral.com.ar\\\/%77%70%2d%63%6f%6e%74%65%6e%74\\\/uploads\\\/2022\\\/01\\\/ola-calor-argentinajpg.jpg\",\"width\":730,\"height\":410},{\"@type\":\"BreadcrumbList\",\"@id\":\"https:\\\/\\\/informelitoral.com.ar\\\/sigue-el-calor-extremo-pero-las-lluvias-tienen-fecha-de-regreso-el-pronostico\\\/#breadcrumb\",\"itemListElement\":[{\"@type\":\"ListItem\",\"position\":1,\"name\":\"Portada\",\"item\":\"https:\\\/\\\/informelitoral.com.ar\\\/\"},{\"@type\":\"ListItem\",\"position\":2,\"name\":\"Sigue el calor extremo, pero las lluvias tienen fecha de regreso: el pron\u00f3stico\"}]},{\"@type\":\"WebSite\",\"@id\":\"https:\\\/\\\/informelitoral.com.ar\\\/#website\",\"url\":\"https:\\\/\\\/informelitoral.com.ar\\\/\",\"name\":\"Informe Litoral\",\"description\":\"&quot;Nos informamos&quot; \",\"publisher\":{\"@id\":\"https:\\\/\\\/informelitoral.com.ar\\\/#organization\"},\"potentialAction\":[{\"@type\":\"SearchAction\",\"target\":{\"@type\":\"EntryPoint\",\"urlTemplate\":\"https:\\\/\\\/informelitoral.com.ar\\\/?s={search_term_string}\"},\"query-input\":{\"@type\":\"PropertyValueSpecification\",\"valueRequired\":true,\"valueName\":\"search_term_string\"}}],\"inLanguage\":\"es\"},{\"@type\":\"Organization\",\"@id\":\"https:\\\/\\\/informelitoral.com.ar\\\/#organization\",\"name\":\"Informe Litoral\",\"url\":\"https:\\\/\\\/informelitoral.com.ar\\\/\",\"logo\":{\"@type\":\"ImageObject\",\"inLanguage\":\"es\",\"@id\":\"https:\\\/\\\/informelitoral.com.ar\\\/#\\\/schema\\\/logo\\\/image\\\/\",\"url\":\"https:\\\/\\\/informelitoral.com.ar\\\/%77%70%2d%63%6f%6e%74%65%6e%74\\\/uploads\\\/2021\\\/01\\\/circulo.png\",\"contentUrl\":\"https:\\\/\\\/informelitoral.com.ar\\\/%77%70%2d%63%6f%6e%74%65%6e%74\\\/uploads\\\/2021\\\/01\\\/circulo.png\",\"width\":723,\"height\":731,\"caption\":\"Informe Litoral\"},\"image\":{\"@id\":\"https:\\\/\\\/informelitoral.com.ar\\\/#\\\/schema\\\/logo\\\/image\\\/\"},\"sameAs\":[\"https:\\\/\\\/www.facebook.com\\\/informelitoral\\\/\",\"https:\\\/\\\/x.com\\\/InformeLitoral\",\"https:\\\/\\\/www.instagram.com\\\/informelitoral\\\/\",\"https:\\\/\\\/www.youtube.com\\\/channel\\\/UCua4Qvz8Icb6MYqhoq9xLXw\"]},{\"@type\":\"Person\",\"@id\":\"https:\\\/\\\/informelitoral.com.ar\\\/#\\\/schema\\\/person\\\/f05f9f461677119578717524b127d6d5\",\"name\":\"Sebastian\",\"image\":{\"@type\":\"ImageObject\",\"inLanguage\":\"es\",\"@id\":\"https:\\\/\\\/secure.gravatar.com\\\/avatar\\\/b71bf7481d447dfb9583c7f2798e7cc64de6efb9067b74633ed8c31059a3bd82?s=96&d=mm&r=g\",\"url\":\"https:\\\/\\\/secure.gravatar.com\\\/avatar\\\/b71bf7481d447dfb9583c7f2798e7cc64de6efb9067b74633ed8c31059a3bd82?s=96&d=mm&r=g\",\"contentUrl\":\"https:\\\/\\\/secure.gravatar.com\\\/avatar\\\/b71bf7481d447dfb9583c7f2798e7cc64de6efb9067b74633ed8c31059a3bd82?s=96&d=mm&r=g\",\"caption\":\"Sebastian\"},\"url\":\"https:\\\/\\\/informelitoral.com.ar\\\/author\\\/sebastian\\\/\"}]}<\/script>","yoast_head_json":{"title":"Sigue el calor extremo, pero las lluvias tienen fecha de regreso: el pron\u00f3stico - Informe Litoral","robots":{"index":"index","follow":"follow","max-snippet":"max-snippet:-1","max-image-preview":"max-image-preview:large","max-video-preview":"max-video-preview:-1"},"canonical":"https:\/\/informelitoral.com.ar\/sigue-el-calor-extremo-pero-las-lluvias-tienen-fecha-de-regreso-el-pronostico\/","og_locale":"es_ES","og_type":"article","og_title":"Sigue el calor extremo, pero las lluvias tienen fecha de regreso: el pron\u00f3stico - Informe Litoral","og_description":"Hoy las temperaturas podr\u00edan superar los 40 grados y se prev\u00e9n varios d\u00edas similares. Luego, el avance de un frente fr\u00edo dejar\u00e1 el camino libre a las lluvias, con un marcado descenso de la temperatura que pondr\u00e1 fin a la ola de calor.","og_url":"https:\/\/informelitoral.com.ar\/sigue-el-calor-extremo-pero-las-lluvias-tienen-fecha-de-regreso-el-pronostico\/","og_site_name":"Informe Litoral","article_publisher":"https:\/\/www.facebook.com\/informelitoral\/","article_published_time":"2022-01-12T11:19:38+00:00","article_modified_time":"2022-01-12T11:21:07+00:00","og_image":[{"width":730,"height":410,"url":"https:\/\/informelitoral.com.ar\/%77%70%2d%63%6f%6e%74%65%6e%74\/uploads\/2022\/01\/ola-calor-argentinajpg.jpg","type":"image\/jpeg"}],"author":"Sebastian","twitter_card":"summary_large_image","twitter_creator":"@InformeLitoral","twitter_site":"@InformeLitoral","twitter_misc":{"Escrito por":"Sebastian","Tiempo de lectura":"2 minutos"},"schema":{"@context":"https:\/\/schema.org","@graph":[{"@type":"Article","@id":"https:\/\/informelitoral.com.ar\/sigue-el-calor-extremo-pero-las-lluvias-tienen-fecha-de-regreso-el-pronostico\/#article","isPartOf":{"@id":"https:\/\/informelitoral.com.ar\/sigue-el-calor-extremo-pero-las-lluvias-tienen-fecha-de-regreso-el-pronostico\/"},"author":{"name":"Sebastian","@id":"https:\/\/informelitoral.com.ar\/#\/schema\/person\/f05f9f461677119578717524b127d6d5"},"headline":"Sigue el calor extremo, pero las lluvias tienen fecha de regreso: el pron\u00f3stico","datePublished":"2022-01-12T11:19:38+00:00","dateModified":"2022-01-12T11:21:07+00:00","mainEntityOfPage":{"@id":"https:\/\/informelitoral.com.ar\/sigue-el-calor-extremo-pero-las-lluvias-tienen-fecha-de-regreso-el-pronostico\/"},"wordCount":394,"commentCount":0,"publisher":{"@id":"https:\/\/informelitoral.com.ar\/#organization"},"image":{"@id":"https:\/\/informelitoral.com.ar\/sigue-el-calor-extremo-pero-las-lluvias-tienen-fecha-de-regreso-el-pronostico\/#primaryimage"},"thumbnailUrl":"https:\/\/informelitoral.com.ar\/%77%70%2d%63%6f%6e%74%65%6e%74\/uploads\/2022\/01\/ola-calor-argentinajpg.jpg","keywords":["Calor extremo","Lluvias","SMN"],"articleSection":["Entre R\u00edos"],"inLanguage":"es","potentialAction":[{"@type":"CommentAction","name":"Comment","target":["https:\/\/informelitoral.com.ar\/sigue-el-calor-extremo-pero-las-lluvias-tienen-fecha-de-regreso-el-pronostico\/#respond"]}]},{"@type":"WebPage","@id":"https:\/\/informelitoral.com.ar\/sigue-el-calor-extremo-pero-las-lluvias-tienen-fecha-de-regreso-el-pronostico\/","url":"https:\/\/informelitoral.com.ar\/sigue-el-calor-extremo-pero-las-lluvias-tienen-fecha-de-regreso-el-pronostico\/","name":"Sigue el calor extremo, pero las lluvias tienen fecha de regreso: el pron\u00f3stico - Informe Litoral","isPartOf":{"@id":"https:\/\/informelitoral.com.ar\/#website"},"primaryImageOfPage":{"@id":"https:\/\/informelitoral.com.ar\/sigue-el-calor-extremo-pero-las-lluvias-tienen-fecha-de-regreso-el-pronostico\/#primaryimage"},"image":{"@id":"https:\/\/informelitoral.com.ar\/sigue-el-calor-extremo-pero-las-lluvias-tienen-fecha-de-regreso-el-pronostico\/#primaryimage"},"thumbnailUrl":"https:\/\/informelitoral.com.ar\/%77%70%2d%63%6f%6e%74%65%6e%74\/uploads\/2022\/01\/ola-calor-argentinajpg.jpg","datePublished":"2022-01-12T11:19:38+00:00","dateModified":"2022-01-12T11:21:07+00:00","breadcrumb":{"@id":"https:\/\/informelitoral.com.ar\/sigue-el-calor-extremo-pero-las-lluvias-tienen-fecha-de-regreso-el-pronostico\/#breadcrumb"},"inLanguage":"es","potentialAction":[{"@type":"ReadAction","target":["https:\/\/informelitoral.com.ar\/sigue-el-calor-extremo-pero-las-lluvias-tienen-fecha-de-regreso-el-pronostico\/"]}]},{"@type":"ImageObject","inLanguage":"es","@id":"https:\/\/informelitoral.com.ar\/sigue-el-calor-extremo-pero-las-lluvias-tienen-fecha-de-regreso-el-pronostico\/#primaryimage","url":"https:\/\/informelitoral.com.ar\/%77%70%2d%63%6f%6e%74%65%6e%74\/uploads\/2022\/01\/ola-calor-argentinajpg.jpg","contentUrl":"https:\/\/informelitoral.com.ar\/%77%70%2d%63%6f%6e%74%65%6e%74\/uploads\/2022\/01\/ola-calor-argentinajpg.jpg","width":730,"height":410},{"@type":"BreadcrumbList","@id":"https:\/\/informelitoral.com.ar\/sigue-el-calor-extremo-pero-las-lluvias-tienen-fecha-de-regreso-el-pronostico\/#breadcrumb","itemListElement":[{"@type":"ListItem","position":1,"name":"Portada","item":"https:\/\/informelitoral.com.ar\/"},{"@type":"ListItem","position":2,"name":"Sigue el calor extremo, pero las lluvias tienen fecha de regreso: el pron\u00f3stico"}]},{"@type":"WebSite","@id":"https:\/\/informelitoral.com.ar\/#website","url":"https:\/\/informelitoral.com.ar\/","name":"Informe Litoral","description":"&quot;Nos informamos&quot; ","publisher":{"@id":"https:\/\/informelitoral.com.ar\/#organization"},"potentialAction":[{"@type":"SearchAction","target":{"@type":"EntryPoint","urlTemplate":"https:\/\/informelitoral.com.ar\/?s={search_term_string}"},"query-input":{"@type":"PropertyValueSpecification","valueRequired":true,"valueName":"search_term_string"}}],"inLanguage":"es"},{"@type":"Organization","@id":"https:\/\/informelitoral.com.ar\/#organization","name":"Informe Litoral","url":"https:\/\/informelitoral.com.ar\/","logo":{"@type":"ImageObject","inLanguage":"es","@id":"https:\/\/informelitoral.com.ar\/#\/schema\/logo\/image\/","url":"https:\/\/informelitoral.com.ar\/%77%70%2d%63%6f%6e%74%65%6e%74\/uploads\/2021\/01\/circulo.png","contentUrl":"https:\/\/informelitoral.com.ar\/%77%70%2d%63%6f%6e%74%65%6e%74\/uploads\/2021\/01\/circulo.png","width":723,"height":731,"caption":"Informe Litoral"},"image":{"@id":"https:\/\/informelitoral.com.ar\/#\/schema\/logo\/image\/"},"sameAs":["https:\/\/www.facebook.com\/informelitoral\/","https:\/\/x.com\/InformeLitoral","https:\/\/www.instagram.com\/informelitoral\/","https:\/\/www.youtube.com\/channel\/UCua4Qvz8Icb6MYqhoq9xLXw"]},{"@type":"Person","@id":"https:\/\/informelitoral.com.ar\/#\/schema\/person\/f05f9f461677119578717524b127d6d5","name":"Sebastian","image":{"@type":"ImageObject","inLanguage":"es","@id":"https:\/\/secure.gravatar.com\/avatar\/b71bf7481d447dfb9583c7f2798e7cc64de6efb9067b74633ed8c31059a3bd82?s=96&d=mm&r=g","url":"https:\/\/secure.gravatar.com\/avatar\/b71bf7481d447dfb9583c7f2798e7cc64de6efb9067b74633ed8c31059a3bd82?s=96&d=mm&r=g","contentUrl":"https:\/\/secure.gravatar.com\/avatar\/b71bf7481d447dfb9583c7f2798e7cc64de6efb9067b74633ed8c31059a3bd82?s=96&d=mm&r=g","caption":"Sebastian"},"url":"https:\/\/informelitoral.com.ar\/author\/sebastian\/"}]}},"_links":{"self":[{"href":"https:\/\/informelitoral.com.ar\/%77%70%2d%6a%73%6f%6e\/wp\/v2\/posts\/70181","targetHints":{"allow":["GET"]}}],"collection":[{"href":"https:\/\/informelitoral.com.ar\/%77%70%2d%6a%73%6f%6e\/wp\/v2\/posts"}],"about":[{"href":"https:\/\/informelitoral.com.ar\/%77%70%2d%6a%73%6f%6e\/wp\/v2\/types\/post"}],"author":[{"embeddable":true,"href":"https:\/\/informelitoral.com.ar\/%77%70%2d%6a%73%6f%6e\/wp\/v2\/users\/8"}],"replies":[{"embeddable":true,"href":"https:\/\/informelitoral.com.ar\/%77%70%2d%6a%73%6f%6e\/wp\/v2\/comments?post=70181"}],"version-history":[{"count":0,"href":"https:\/\/informelitoral.com.ar\/%77%70%2d%6a%73%6f%6e\/wp\/v2\/posts\/70181\/revisions"}],"wp:featuredmedia":[{"embeddable":true,"href":"https:\/\/informelitoral.com.ar\/%77%70%2d%6a%73%6f%6e\/wp\/v2\/media\/70183"}],"wp:attachment":[{"href":"https:\/\/informelitoral.com.ar\/%77%70%2d%6a%73%6f%6e\/wp\/v2\/media?parent=70181"}],"wp:term":[{"taxonomy":"category","embeddable":true,"href":"https:\/\/informelitoral.com.ar\/%77%70%2d%6a%73%6f%6e\/wp\/v2\/categories?post=70181"},{"taxonomy":"post_tag","embeddable":true,"href":"https:\/\/informelitoral.com.ar\/%77%70%2d%6a%73%6f%6e\/wp\/v2\/tags?post=70181"}],"curies":[{"name":"wp","href":"https:\/\/api.w.org\/{rel}","templated":true}]}}