{"id":70179,"date":"2022-01-12T08:09:16","date_gmt":"2022-01-12T11:09:16","guid":{"rendered":"https:\/\/www.informelitoral.com.ar\/?p=70179"},"modified":"2022-01-12T08:09:36","modified_gmt":"2022-01-12T11:09:36","slug":"covid-definen-nuevos-criterios-para-hisoparse","status":"publish","type":"post","link":"https:\/\/informelitoral.com.ar\/covid-definen-nuevos-criterios-para-hisoparse\/","title":{"rendered":"Covid: definen nuevos criterios para hisoparse"},"content":{"rendered":"<article id=\"article-post\" class=\"first\">\n<div class=\"cuerpo\" data-twitter-link=\"https:\/\/twitter.com\/intent\/tweet?url=https:\/\/ahora.com.ar\/c4255157&amp;via=PlataformaAhora&amp;related=Ahora&amp;text=\">\n<p>A partir de la\u00a0<strong>gran cantidad de testeos para Covid-19<\/strong>\u00a0que se realizan diariamente, el\u00a0<strong>Ministerio de\u00a0Salud\u00a0de Entre R\u00edo<\/strong>s\u00a0<strong>modific\u00f3 los criterios para determinar en qu\u00e9 personas est\u00e1 indicado un hisopado<\/strong>. As\u00ed lo definieron autoridades sanitarias con directores y directoras de hospitales.<\/p>\n<\/div>\n<\/article>\n<article id=\"article-post\">\n<div class=\"cuerpo\" data-twitter-link=\"https:\/\/twitter.com\/intent\/tweet?url=https:\/\/ahora.com.ar\/c4255157&amp;via=PlataformaAhora&amp;related=Ahora&amp;text=\">\n<p>El n\u00famero de casos diarios de Coronavirus ha superado el pico hist\u00f3rico desde el inicio de la Pandemia: actualmente, ronda en los\u00a0<strong>2.000 por d\u00eda<\/strong>. No obstante ello, esta situaci\u00f3n todav\u00eda\u00a0<strong>no se ve reflejada en internaciones<\/strong>\u00a0o ingresos a las Unidades de Terapia Intensiva (UTI). Es que, justamente, el avance del Plan Rector de Vacunaci\u00f3n Covid-19 implementado en la provincia ha favorecido que\u00a0<strong>los cuadros cl\u00ednicos presentados sean en su mayor\u00eda leves<\/strong>.<\/p>\n<p>A la par de esta situaci\u00f3n epidemiol\u00f3gica, en consecuencia,\u00a0<strong>se observa una alta demanda de hisopados en los centros de testeo que dispone el sistema sanitario p\u00fablico entrerriano, sobre todo en el hospital San Mart\u00edn y la Unidad M\u00f3vil detr\u00e1s de Casa de Gobierno<\/strong>, en Paran\u00e1, as\u00ed como en los dem\u00e1s efectores de la provincia.<\/p>\n<p>En este contexto, la ministra de Salud de Entre R\u00edos,\u00a0<strong>Sonia Vel\u00e1zquez<\/strong>, particip\u00f3 junto a parte de su gabinete de una reuni\u00f3n virtual del Consejo Federal de Salud (<strong>Cofesa<\/strong>), en la cual los titulares de las carteras sanitarias provinciales manifestaron la importancia de priorizar los testeos de diagn\u00f3stico de Covid-19 en algunos grupos.<\/p>\n<p>A su vez, la ministra y su gabinete se reuni\u00f3 con directores y directoras de hospitales de Entre R\u00edos para aunar criterios y definir junto al equipo de expertos, que a partir de ahora\u00a0<strong>se modificar\u00e1 la estrategia para hisopados, estableciendo en qu\u00e9 personas es prioridad realizar el test para confirmar o descartar la enfermedad<\/strong>, y generando un cambio en el paradigma de atenci\u00f3n.<\/p>\n<p><strong>\u00bfA qui\u00e9nes se le realizar\u00e1 hisopados?<\/strong><strong>&#8211; Mayores de 60 a\u00f1os no vacunados o con esquema incompleto, con s\u00edntomas compatibles con Covid-19.<\/strong><\/p>\n<p><strong>&#8211; Pacientes que ingresen a internaci\u00f3n (independientemente del motivo &#8211; con o sin Covid, y aunque no cursen s\u00edntomas compatibles).<\/strong><\/p>\n<p><strong>&#8211; Personal de Salud.<\/strong><\/p>\n<p><strong>&#8211; Embarazadas (independientemente de la semana de gestaci\u00f3n).<\/strong><\/p>\n<p><strong>&#8211; Brote epidemiol\u00f3gico en instituci\u00f3n cerrada (a evaluar por la Direcci\u00f3n de Epidemiolog\u00eda).<\/strong><\/p>\n<p><strong>-En caso de tener alg\u00fan factor de riesgo o presentar s\u00edntomas como: falta de aire o fiebre alta persistente (+de 37.5\u00b0), por m\u00e1s de 72 horas: consultar en una guardia o centro m\u00e9dico.<\/strong><\/p>\n<p><strong>Consideraciones sanitarias<\/strong>Acerca del cambio de paradigma en la estrategia sanitaria de testeos, la ministra Vel\u00e1zquez indic\u00f3: \u201cEste aumento exponencial en la cantidad de casos positivos de Covid-19 que estamos observando diariamente y que ponen en tensi\u00f3n a nuestras postas respiratorias, nos exige revisar las estrategias de acuerdo a la din\u00e1mica que va teniendo la Pandemia\u201d.<\/p>\n<p>\u201cHa sido as\u00ed desde el inicio de la misma, desde hace 22 meses consecutivos, y es necesario ser acertivos tambi\u00e9n en el mensaje comunicacional, teniendo en cuenta que estamos en presencia de una nueva variante que se comporta de forma diferente, frente a una poblaci\u00f3n con una alta cobertura de inmunizaci\u00f3n\u201d, destac\u00f3.<\/p>\n<p>Asimismo, la ministra de Salud remarc\u00f3: \u201cNo es la misma situaci\u00f3n que el verano pasado. No obstante ello, es importante dimensionar que no podemos hisopar a todos los entrerrianos, de all\u00ed la importancia de las recomendaciones de los especialistas\u201d.<\/p>\n<p>\u201cLa poblaci\u00f3n tiene que tener en cuenta tambi\u00e9n que, si se quieren mantener todas las actividades abiertas y realizar todo tipo de interacci\u00f3n social sin medidas de cuidado para no contagiarse, tienen que asumir esa responsabilidad y no interpelar a los centros o postas respiratorias\u201d, afirm\u00f3.<\/p>\n<p>\u201cTenemos que ser consecuentes, no solamente con los criterios sanitarios a tener en cuenta frente a qu\u00e9 situaci\u00f3n realizar un test de ant\u00edgenos o una PCR, sino que, estamos administrando insumos que requieren de un uso responsable, adem\u00e1s, porque tambi\u00e9n los \u00f3rganos de contralor nos monitorean acerca del uso responsable de los mismos y, no menos importante, es que el recurso humano es finito y viene trabajando sin pausa desde el inicio de la Pandemia\u201d.<\/p>\n<p><strong>Situaci\u00f3n epidemiol\u00f3gica actual<\/strong>En cuanto a las variantes que circulan en la provincia, desde la Direcci\u00f3n General de Epidemiolog\u00eda, se inform\u00f3 oportunamente que existe evidencia de que en Entre R\u00edos estar\u00eda circulando de forma comunitaria la \u00d3micron, si bien no se cuenta con una confirmaci\u00f3n del Instituto Malbr\u00e1n. A su vez, la Delta es la que predomina actualmente.<\/p>\n<p>Cabe citar que, la mayor\u00eda de los casos de Covid-19 se presentan con cuadros leves a moderados, pero vale aclarar que la variante \u00d3micron sigue siendo una enfermedad que puede derivar en s\u00edntomas moderados a graves, e incluso, llevar a la persona a una internaci\u00f3n, siendo m\u00e1s riesgoso si es paciente no est\u00e1 vacunado o no cuenta con el esquema completo.<\/p>\n<\/div>\n<\/article>\n","protected":false},"excerpt":{"rendered":"<p>Hay r\u00e9cord de contagios en la provincia. Ante la demanda de hisopados, Salud defini\u00f3 nuevas estrategias para optimizar recursos.<\/p>\n","protected":false},"author":8,"featured_media":69698,"comment_status":"open","ping_status":"open","sticky":false,"template":"","format":"standard","meta":{"fifu_image_url":"","fifu_image_alt":"","footnotes":""},"categories":[6,1595],"tags":[1481,81,2870,2871,2872],"class_list":{"0":"post-70179","1":"post","2":"type-post","3":"status-publish","4":"format-standard","5":"has-post-thumbnail","7":"category-entre-rios","8":"category-salud","9":"tag-covid-19","10":"tag-entre-rios","11":"tag-hisopados","12":"tag-nuevas-medidas","13":"tag-uti"},"yoast_head":"<title>Covid: definen nuevos criterios para hisoparse - Informe Litoral<\/title>\n<meta name=\"robots\" content=\"index, follow, max-snippet:-1, max-image-preview:large, max-video-preview:-1\" \/>\n<link rel=\"canonical\" href=\"https:\/\/informelitoral.com.ar\/covid-definen-nuevos-criterios-para-hisoparse\/\" \/>\n<meta property=\"og:locale\" content=\"es_ES\" \/>\n<meta property=\"og:type\" content=\"article\" \/>\n<meta property=\"og:title\" content=\"Covid: definen nuevos criterios para hisoparse - Informe Litoral\" \/>\n<meta property=\"og:description\" content=\"Hay r\u00e9cord de contagios en la provincia. Ante la demanda de hisopados, Salud defini\u00f3 nuevas estrategias para optimizar recursos.\" \/>\n<meta property=\"og:url\" content=\"https:\/\/informelitoral.com.ar\/covid-definen-nuevos-criterios-para-hisoparse\/\" \/>\n<meta property=\"og:site_name\" content=\"Informe Litoral\" \/>\n<meta property=\"article:publisher\" content=\"https:\/\/www.facebook.com\/informelitoral\/\" \/>\n<meta property=\"article:published_time\" content=\"2022-01-12T11:09:16+00:00\" \/>\n<meta property=\"article:modified_time\" content=\"2022-01-12T11:09:36+00:00\" \/>\n<meta property=\"og:image\" content=\"https:\/\/informelitoral.com.ar\/%77%70%2d%63%6f%6e%74%65%6e%74\/uploads\/2022\/01\/testeo.jpeg\" \/>\n\t<meta property=\"og:image:width\" content=\"700\" \/>\n\t<meta property=\"og:image:height\" content=\"466\" \/>\n\t<meta property=\"og:image:type\" content=\"image\/jpeg\" \/>\n<meta name=\"author\" content=\"Sebastian\" \/>\n<meta name=\"twitter:card\" content=\"summary_large_image\" \/>\n<meta name=\"twitter:creator\" content=\"@InformeLitoral\" \/>\n<meta name=\"twitter:site\" content=\"@InformeLitoral\" \/>\n<meta name=\"twitter:label1\" content=\"Escrito por\" \/>\n\t<meta name=\"twitter:data1\" content=\"Sebastian\" \/>\n\t<meta name=\"twitter:label2\" content=\"Tiempo de lectura\" \/>\n\t<meta name=\"twitter:data2\" content=\"4 minutos\" \/>\n<script type=\"application\/ld+json\" class=\"yoast-schema-graph\">{\"@context\":\"https:\\\/\\\/schema.org\",\"@graph\":[{\"@type\":\"Article\",\"@id\":\"https:\\\/\\\/informelitoral.com.ar\\\/covid-definen-nuevos-criterios-para-hisoparse\\\/#article\",\"isPartOf\":{\"@id\":\"https:\\\/\\\/informelitoral.com.ar\\\/covid-definen-nuevos-criterios-para-hisoparse\\\/\"},\"author\":{\"name\":\"Sebastian\",\"@id\":\"https:\\\/\\\/informelitoral.com.ar\\\/#\\\/schema\\\/person\\\/f05f9f461677119578717524b127d6d5\"},\"headline\":\"Covid: definen nuevos criterios para hisoparse\",\"datePublished\":\"2022-01-12T11:09:16+00:00\",\"dateModified\":\"2022-01-12T11:09:36+00:00\",\"mainEntityOfPage\":{\"@id\":\"https:\\\/\\\/informelitoral.com.ar\\\/covid-definen-nuevos-criterios-para-hisoparse\\\/\"},\"wordCount\":837,\"commentCount\":0,\"publisher\":{\"@id\":\"https:\\\/\\\/informelitoral.com.ar\\\/#organization\"},\"image\":{\"@id\":\"https:\\\/\\\/informelitoral.com.ar\\\/covid-definen-nuevos-criterios-para-hisoparse\\\/#primaryimage\"},\"thumbnailUrl\":\"https:\\\/\\\/informelitoral.com.ar\\\/%77%70%2d%63%6f%6e%74%65%6e%74\\\/uploads\\\/2022\\\/01\\\/testeo.jpeg\",\"keywords\":[\"COVID-19\",\"Entre R\u00edos\",\"Hisopados\",\"Nuevas medidas\",\"UTI\"],\"articleSection\":[\"Entre R\u00edos\",\"Salud\"],\"inLanguage\":\"es\",\"potentialAction\":[{\"@type\":\"CommentAction\",\"name\":\"Comment\",\"target\":[\"https:\\\/\\\/informelitoral.com.ar\\\/covid-definen-nuevos-criterios-para-hisoparse\\\/#respond\"]}]},{\"@type\":\"WebPage\",\"@id\":\"https:\\\/\\\/informelitoral.com.ar\\\/covid-definen-nuevos-criterios-para-hisoparse\\\/\",\"url\":\"https:\\\/\\\/informelitoral.com.ar\\\/covid-definen-nuevos-criterios-para-hisoparse\\\/\",\"name\":\"Covid: definen nuevos criterios para hisoparse - Informe Litoral\",\"isPartOf\":{\"@id\":\"https:\\\/\\\/informelitoral.com.ar\\\/#website\"},\"primaryImageOfPage\":{\"@id\":\"https:\\\/\\\/informelitoral.com.ar\\\/covid-definen-nuevos-criterios-para-hisoparse\\\/#primaryimage\"},\"image\":{\"@id\":\"https:\\\/\\\/informelitoral.com.ar\\\/covid-definen-nuevos-criterios-para-hisoparse\\\/#primaryimage\"},\"thumbnailUrl\":\"https:\\\/\\\/informelitoral.com.ar\\\/%77%70%2d%63%6f%6e%74%65%6e%74\\\/uploads\\\/2022\\\/01\\\/testeo.jpeg\",\"datePublished\":\"2022-01-12T11:09:16+00:00\",\"dateModified\":\"2022-01-12T11:09:36+00:00\",\"breadcrumb\":{\"@id\":\"https:\\\/\\\/informelitoral.com.ar\\\/covid-definen-nuevos-criterios-para-hisoparse\\\/#breadcrumb\"},\"inLanguage\":\"es\",\"potentialAction\":[{\"@type\":\"ReadAction\",\"target\":[\"https:\\\/\\\/informelitoral.com.ar\\\/covid-definen-nuevos-criterios-para-hisoparse\\\/\"]}]},{\"@type\":\"ImageObject\",\"inLanguage\":\"es\",\"@id\":\"https:\\\/\\\/informelitoral.com.ar\\\/covid-definen-nuevos-criterios-para-hisoparse\\\/#primaryimage\",\"url\":\"https:\\\/\\\/informelitoral.com.ar\\\/%77%70%2d%63%6f%6e%74%65%6e%74\\\/uploads\\\/2022\\\/01\\\/testeo.jpeg\",\"contentUrl\":\"https:\\\/\\\/informelitoral.com.ar\\\/%77%70%2d%63%6f%6e%74%65%6e%74\\\/uploads\\\/2022\\\/01\\\/testeo.jpeg\",\"width\":700,\"height\":466},{\"@type\":\"BreadcrumbList\",\"@id\":\"https:\\\/\\\/informelitoral.com.ar\\\/covid-definen-nuevos-criterios-para-hisoparse\\\/#breadcrumb\",\"itemListElement\":[{\"@type\":\"ListItem\",\"position\":1,\"name\":\"Portada\",\"item\":\"https:\\\/\\\/informelitoral.com.ar\\\/\"},{\"@type\":\"ListItem\",\"position\":2,\"name\":\"Covid: definen nuevos criterios para hisoparse\"}]},{\"@type\":\"WebSite\",\"@id\":\"https:\\\/\\\/informelitoral.com.ar\\\/#website\",\"url\":\"https:\\\/\\\/informelitoral.com.ar\\\/\",\"name\":\"Informe Litoral\",\"description\":\"&quot;Nos informamos&quot; \",\"publisher\":{\"@id\":\"https:\\\/\\\/informelitoral.com.ar\\\/#organization\"},\"potentialAction\":[{\"@type\":\"SearchAction\",\"target\":{\"@type\":\"EntryPoint\",\"urlTemplate\":\"https:\\\/\\\/informelitoral.com.ar\\\/?s={search_term_string}\"},\"query-input\":{\"@type\":\"PropertyValueSpecification\",\"valueRequired\":true,\"valueName\":\"search_term_string\"}}],\"inLanguage\":\"es\"},{\"@type\":\"Organization\",\"@id\":\"https:\\\/\\\/informelitoral.com.ar\\\/#organization\",\"name\":\"Informe Litoral\",\"url\":\"https:\\\/\\\/informelitoral.com.ar\\\/\",\"logo\":{\"@type\":\"ImageObject\",\"inLanguage\":\"es\",\"@id\":\"https:\\\/\\\/informelitoral.com.ar\\\/#\\\/schema\\\/logo\\\/image\\\/\",\"url\":\"https:\\\/\\\/informelitoral.com.ar\\\/%77%70%2d%63%6f%6e%74%65%6e%74\\\/uploads\\\/2021\\\/01\\\/circulo.png\",\"contentUrl\":\"https:\\\/\\\/informelitoral.com.ar\\\/%77%70%2d%63%6f%6e%74%65%6e%74\\\/uploads\\\/2021\\\/01\\\/circulo.png\",\"width\":723,\"height\":731,\"caption\":\"Informe Litoral\"},\"image\":{\"@id\":\"https:\\\/\\\/informelitoral.com.ar\\\/#\\\/schema\\\/logo\\\/image\\\/\"},\"sameAs\":[\"https:\\\/\\\/www.facebook.com\\\/informelitoral\\\/\",\"https:\\\/\\\/x.com\\\/InformeLitoral\",\"https:\\\/\\\/www.instagram.com\\\/informelitoral\\\/\",\"https:\\\/\\\/www.youtube.com\\\/channel\\\/UCua4Qvz8Icb6MYqhoq9xLXw\"]},{\"@type\":\"Person\",\"@id\":\"https:\\\/\\\/informelitoral.com.ar\\\/#\\\/schema\\\/person\\\/f05f9f461677119578717524b127d6d5\",\"name\":\"Sebastian\",\"image\":{\"@type\":\"ImageObject\",\"inLanguage\":\"es\",\"@id\":\"https:\\\/\\\/secure.gravatar.com\\\/avatar\\\/b71bf7481d447dfb9583c7f2798e7cc64de6efb9067b74633ed8c31059a3bd82?s=96&d=mm&r=g\",\"url\":\"https:\\\/\\\/secure.gravatar.com\\\/avatar\\\/b71bf7481d447dfb9583c7f2798e7cc64de6efb9067b74633ed8c31059a3bd82?s=96&d=mm&r=g\",\"contentUrl\":\"https:\\\/\\\/secure.gravatar.com\\\/avatar\\\/b71bf7481d447dfb9583c7f2798e7cc64de6efb9067b74633ed8c31059a3bd82?s=96&d=mm&r=g\",\"caption\":\"Sebastian\"},\"url\":\"https:\\\/\\\/informelitoral.com.ar\\\/author\\\/sebastian\\\/\"}]}<\/script>","yoast_head_json":{"title":"Covid: definen nuevos criterios para hisoparse - Informe Litoral","robots":{"index":"index","follow":"follow","max-snippet":"max-snippet:-1","max-image-preview":"max-image-preview:large","max-video-preview":"max-video-preview:-1"},"canonical":"https:\/\/informelitoral.com.ar\/covid-definen-nuevos-criterios-para-hisoparse\/","og_locale":"es_ES","og_type":"article","og_title":"Covid: definen nuevos criterios para hisoparse - Informe Litoral","og_description":"Hay r\u00e9cord de contagios en la provincia. Ante la demanda de hisopados, Salud defini\u00f3 nuevas estrategias para optimizar recursos.","og_url":"https:\/\/informelitoral.com.ar\/covid-definen-nuevos-criterios-para-hisoparse\/","og_site_name":"Informe Litoral","article_publisher":"https:\/\/www.facebook.com\/informelitoral\/","article_published_time":"2022-01-12T11:09:16+00:00","article_modified_time":"2022-01-12T11:09:36+00:00","og_image":[{"width":700,"height":466,"url":"https:\/\/informelitoral.com.ar\/%77%70%2d%63%6f%6e%74%65%6e%74\/uploads\/2022\/01\/testeo.jpeg","type":"image\/jpeg"}],"author":"Sebastian","twitter_card":"summary_large_image","twitter_creator":"@InformeLitoral","twitter_site":"@InformeLitoral","twitter_misc":{"Escrito por":"Sebastian","Tiempo de lectura":"4 minutos"},"schema":{"@context":"https:\/\/schema.org","@graph":[{"@type":"Article","@id":"https:\/\/informelitoral.com.ar\/covid-definen-nuevos-criterios-para-hisoparse\/#article","isPartOf":{"@id":"https:\/\/informelitoral.com.ar\/covid-definen-nuevos-criterios-para-hisoparse\/"},"author":{"name":"Sebastian","@id":"https:\/\/informelitoral.com.ar\/#\/schema\/person\/f05f9f461677119578717524b127d6d5"},"headline":"Covid: definen nuevos criterios para hisoparse","datePublished":"2022-01-12T11:09:16+00:00","dateModified":"2022-01-12T11:09:36+00:00","mainEntityOfPage":{"@id":"https:\/\/informelitoral.com.ar\/covid-definen-nuevos-criterios-para-hisoparse\/"},"wordCount":837,"commentCount":0,"publisher":{"@id":"https:\/\/informelitoral.com.ar\/#organization"},"image":{"@id":"https:\/\/informelitoral.com.ar\/covid-definen-nuevos-criterios-para-hisoparse\/#primaryimage"},"thumbnailUrl":"https:\/\/informelitoral.com.ar\/%77%70%2d%63%6f%6e%74%65%6e%74\/uploads\/2022\/01\/testeo.jpeg","keywords":["COVID-19","Entre R\u00edos","Hisopados","Nuevas medidas","UTI"],"articleSection":["Entre R\u00edos","Salud"],"inLanguage":"es","potentialAction":[{"@type":"CommentAction","name":"Comment","target":["https:\/\/informelitoral.com.ar\/covid-definen-nuevos-criterios-para-hisoparse\/#respond"]}]},{"@type":"WebPage","@id":"https:\/\/informelitoral.com.ar\/covid-definen-nuevos-criterios-para-hisoparse\/","url":"https:\/\/informelitoral.com.ar\/covid-definen-nuevos-criterios-para-hisoparse\/","name":"Covid: definen nuevos criterios para hisoparse - Informe Litoral","isPartOf":{"@id":"https:\/\/informelitoral.com.ar\/#website"},"primaryImageOfPage":{"@id":"https:\/\/informelitoral.com.ar\/covid-definen-nuevos-criterios-para-hisoparse\/#primaryimage"},"image":{"@id":"https:\/\/informelitoral.com.ar\/covid-definen-nuevos-criterios-para-hisoparse\/#primaryimage"},"thumbnailUrl":"https:\/\/informelitoral.com.ar\/%77%70%2d%63%6f%6e%74%65%6e%74\/uploads\/2022\/01\/testeo.jpeg","datePublished":"2022-01-12T11:09:16+00:00","dateModified":"2022-01-12T11:09:36+00:00","breadcrumb":{"@id":"https:\/\/informelitoral.com.ar\/covid-definen-nuevos-criterios-para-hisoparse\/#breadcrumb"},"inLanguage":"es","potentialAction":[{"@type":"ReadAction","target":["https:\/\/informelitoral.com.ar\/covid-definen-nuevos-criterios-para-hisoparse\/"]}]},{"@type":"ImageObject","inLanguage":"es","@id":"https:\/\/informelitoral.com.ar\/covid-definen-nuevos-criterios-para-hisoparse\/#primaryimage","url":"https:\/\/informelitoral.com.ar\/%77%70%2d%63%6f%6e%74%65%6e%74\/uploads\/2022\/01\/testeo.jpeg","contentUrl":"https:\/\/informelitoral.com.ar\/%77%70%2d%63%6f%6e%74%65%6e%74\/uploads\/2022\/01\/testeo.jpeg","width":700,"height":466},{"@type":"BreadcrumbList","@id":"https:\/\/informelitoral.com.ar\/covid-definen-nuevos-criterios-para-hisoparse\/#breadcrumb","itemListElement":[{"@type":"ListItem","position":1,"name":"Portada","item":"https:\/\/informelitoral.com.ar\/"},{"@type":"ListItem","position":2,"name":"Covid: definen nuevos criterios para hisoparse"}]},{"@type":"WebSite","@id":"https:\/\/informelitoral.com.ar\/#website","url":"https:\/\/informelitoral.com.ar\/","name":"Informe Litoral","description":"&quot;Nos informamos&quot; ","publisher":{"@id":"https:\/\/informelitoral.com.ar\/#organization"},"potentialAction":[{"@type":"SearchAction","target":{"@type":"EntryPoint","urlTemplate":"https:\/\/informelitoral.com.ar\/?s={search_term_string}"},"query-input":{"@type":"PropertyValueSpecification","valueRequired":true,"valueName":"search_term_string"}}],"inLanguage":"es"},{"@type":"Organization","@id":"https:\/\/informelitoral.com.ar\/#organization","name":"Informe Litoral","url":"https:\/\/informelitoral.com.ar\/","logo":{"@type":"ImageObject","inLanguage":"es","@id":"https:\/\/informelitoral.com.ar\/#\/schema\/logo\/image\/","url":"https:\/\/informelitoral.com.ar\/%77%70%2d%63%6f%6e%74%65%6e%74\/uploads\/2021\/01\/circulo.png","contentUrl":"https:\/\/informelitoral.com.ar\/%77%70%2d%63%6f%6e%74%65%6e%74\/uploads\/2021\/01\/circulo.png","width":723,"height":731,"caption":"Informe Litoral"},"image":{"@id":"https:\/\/informelitoral.com.ar\/#\/schema\/logo\/image\/"},"sameAs":["https:\/\/www.facebook.com\/informelitoral\/","https:\/\/x.com\/InformeLitoral","https:\/\/www.instagram.com\/informelitoral\/","https:\/\/www.youtube.com\/channel\/UCua4Qvz8Icb6MYqhoq9xLXw"]},{"@type":"Person","@id":"https:\/\/informelitoral.com.ar\/#\/schema\/person\/f05f9f461677119578717524b127d6d5","name":"Sebastian","image":{"@type":"ImageObject","inLanguage":"es","@id":"https:\/\/secure.gravatar.com\/avatar\/b71bf7481d447dfb9583c7f2798e7cc64de6efb9067b74633ed8c31059a3bd82?s=96&d=mm&r=g","url":"https:\/\/secure.gravatar.com\/avatar\/b71bf7481d447dfb9583c7f2798e7cc64de6efb9067b74633ed8c31059a3bd82?s=96&d=mm&r=g","contentUrl":"https:\/\/secure.gravatar.com\/avatar\/b71bf7481d447dfb9583c7f2798e7cc64de6efb9067b74633ed8c31059a3bd82?s=96&d=mm&r=g","caption":"Sebastian"},"url":"https:\/\/informelitoral.com.ar\/author\/sebastian\/"}]}},"_links":{"self":[{"href":"https:\/\/informelitoral.com.ar\/%77%70%2d%6a%73%6f%6e\/wp\/v2\/posts\/70179","targetHints":{"allow":["GET"]}}],"collection":[{"href":"https:\/\/informelitoral.com.ar\/%77%70%2d%6a%73%6f%6e\/wp\/v2\/posts"}],"about":[{"href":"https:\/\/informelitoral.com.ar\/%77%70%2d%6a%73%6f%6e\/wp\/v2\/types\/post"}],"author":[{"embeddable":true,"href":"https:\/\/informelitoral.com.ar\/%77%70%2d%6a%73%6f%6e\/wp\/v2\/users\/8"}],"replies":[{"embeddable":true,"href":"https:\/\/informelitoral.com.ar\/%77%70%2d%6a%73%6f%6e\/wp\/v2\/comments?post=70179"}],"version-history":[{"count":0,"href":"https:\/\/informelitoral.com.ar\/%77%70%2d%6a%73%6f%6e\/wp\/v2\/posts\/70179\/revisions"}],"wp:featuredmedia":[{"embeddable":true,"href":"https:\/\/informelitoral.com.ar\/%77%70%2d%6a%73%6f%6e\/wp\/v2\/media\/69698"}],"wp:attachment":[{"href":"https:\/\/informelitoral.com.ar\/%77%70%2d%6a%73%6f%6e\/wp\/v2\/media?parent=70179"}],"wp:term":[{"taxonomy":"category","embeddable":true,"href":"https:\/\/informelitoral.com.ar\/%77%70%2d%6a%73%6f%6e\/wp\/v2\/categories?post=70179"},{"taxonomy":"post_tag","embeddable":true,"href":"https:\/\/informelitoral.com.ar\/%77%70%2d%6a%73%6f%6e\/wp\/v2\/tags?post=70179"}],"curies":[{"name":"wp","href":"https:\/\/api.w.org\/{rel}","templated":true}]}}