{"id":70145,"date":"2022-01-11T09:16:03","date_gmt":"2022-01-11T12:16:03","guid":{"rendered":"https:\/\/www.informelitoral.com.ar\/?p=70145"},"modified":"2022-01-11T09:16:03","modified_gmt":"2022-01-11T12:16:03","slug":"por-la-ola-de-calor-enersa-solicita-uso-racional-de-energia","status":"publish","type":"post","link":"https:\/\/informelitoral.com.ar\/por-la-ola-de-calor-enersa-solicita-uso-racional-de-energia\/","title":{"rendered":"Por la ola de calor, Enersa solicita uso racional de energ\u00eda"},"content":{"rendered":"<div class=\"news-body-main\">\n<div id=\"note-body\" data-twitter-link=\"https:\/\/twitter.com\/intent\/tweet?url=https:\/\/www.unoentrerios.com.ar\/c2706454&amp;via=&amp;related=Uno Entre Rios&amp;text=\">\n<p>La empresa de energ\u00eda\u00a0<strong>Enersa<\/strong>, solicit\u00f3 ante la ola de\u00a0<strong>calor<\/strong>\u00a0anunciada para esta semana, el uso racional del\u00a0<strong>consumo<\/strong>, en especial en los horarios de la tarde entre las 13 y las 16.<\/p>\n<\/div>\n<\/div>\n<div class=\"news-body-main\">\n<div id=\"note-body\" data-twitter-link=\"https:\/\/twitter.com\/intent\/tweet?url=https:\/\/www.unoentrerios.com.ar\/c2706454&amp;via=&amp;related=Uno Entre Rios&amp;text=\">\n<p>\u00abAnte la inminente ola de calor que alcanzar\u00e1 valores hist\u00f3ricos en nuestra provincia en estos d\u00edas, Enersa te solicita hoy m\u00e1s que nunca hacer un uso responsable de la energ\u00eda el\u00e9ctrica, especialmente entre las 13:30 y las 16:00 h, momento en el que se produce el pico de consumo\u00bb, reclam\u00f3 la empresa, para aclarar: \u00abEl sistema el\u00e9ctrico provincial responde satisfactoriamente, pero tu ayuda es fundamental para que, entre todos, podamos pasar este verano sin mayores inconvenientes\u00bb.<\/p>\n<div class=\"teads-adCall\"><\/div>\n<\/div>\n<\/div>\n<div class=\"news-body-main\">\n<div id=\"note-body\" data-twitter-link=\"https:\/\/twitter.com\/intent\/tweet?url=https:\/\/www.unoentrerios.com.ar\/c2706454&amp;via=&amp;related=Uno Entre Rios&amp;text=\">\n<p><strong>Aire acondicionado<\/strong><\/p>\n<p>&#8211; Regul\u00e1 los aparatos de aire acondicionado en 24\u00b0. Por cada grado inferior a esa temperatura, el consumo aumenta entre un 5% y 7%.<\/p>\n<p>&#8211; Si ten\u00e9s m\u00e1s de un aire acondicionado, no utilices todos al mismo tiempo. Apagalo una vez que el ambiente est\u00e9 refrigerado.<\/p>\n<p>&#8211; Manten\u00e9 cerradas las puertas y ventanas de las habitaciones mientras quieras mantener el ambiente climatizado.<\/p>\n<p>&#8211; Limpi\u00e1 peri\u00f3dicamente los filtros.<\/p>\n<p><strong>Iluminaci\u00f3n<\/strong><\/p>\n<p>&#8211; Evit\u00e1 dejar las luces encendidas si no las utiliz\u00e1s.<\/p>\n<p>&#8211; Aprovech\u00e1 la luz natural al m\u00e1ximo.<\/p>\n<p>&#8211; Cambi\u00e1 en forma progresiva los focos comunes por focos LED, ya que requieren menos energ\u00eda y duran m\u00e1s. Es importante verificar la calidad de estos productos a la hora de comprarlos.<\/p>\n<p>&#8211; Pint\u00e1 de colores claros las paredes internas y techos de tu casa, as\u00ed podr\u00e1s utilizar l\u00e1mparas de menor potencia para iluminar los ambientes.<\/p>\n<p>&#8211; Manten\u00e9 limpios los focos. La tierra acumulada disminuye la intensidad lum\u00ednica en un 50%.<\/p>\n<p><strong>Energ\u00eda en espera<\/strong><\/p>\n<p>&#8211; Desenchuf\u00e1 aquellos artefactos el\u00e9ctricos que permanecen conectados a la red sin estar encendidos (equipos de m\u00fasica, cables de celulares, televisores, dvds, hornos de microondas, decodificadores de televisi\u00f3n, consolas de video juegos, etc.) ya que estar\u00e1s consumiendo electricidad de todas formas. Ese consumo se denomina \u201cenerg\u00eda en espera\u201d. Procur\u00e1 hacerlo, especialmente, antes de ir a dormir.<\/p>\n<p>&#8211; Apag\u00e1 la computadora cuando termines de usarla, una PC en modo de espera equivale hasta un 70% de su consumo en modo encendido.<\/p>\n<p><strong>Heladera<\/strong><\/p>\n<p>&#8211; Ubic\u00e1 la heladera lejos de fuentes de calor, o a una distancia m\u00ednima de 15 cm de la pared o muebles m\u00e1s cercanos.<\/p>\n<p>&#8211; Asegurate de que la puerta cierre bien. Cambi\u00e1 el burlete si est\u00e1 da\u00f1ado. Abr\u00ed la puerta s\u00f3lo cuando sea necesario y por el menor tiempo posible. Estos tips ayudar\u00e1n a que tu heladera no trabaje innecesariamente.<\/p>\n<p>&#8211; Enfri\u00e1 completamente las comidas antes de colocarlas en la heladera, para que no trabaje de m\u00e1s el motor.<\/p>\n<p>&#8211; Si ten\u00e9s congelador o freezer, descongelalo regularmente. El sobreconsumo comienza cuando la caja de hielo llega a un espesor de 5 mm.<\/p>\n<p><strong>Lavarropas<\/strong><\/p>\n<p>&#8211; Aprovech\u00e1 la capacidad m\u00e1xima aconsejada por el fabricante para lavar la ropa.<\/p>\n<p>&#8211; Si lav\u00e1s poca cantidad de ropa, utiliz\u00e1 los programas econ\u00f3micos.<\/p>\n<p>&#8211; Lav\u00e1 siempre que se pueda con programas de agua fr\u00eda.<\/p>\n<p>&#8211; Us\u00e1 la cantidad correcta de jab\u00f3n para no tener que realizar m\u00e1s de un enjuague.<\/p>\n<p><strong>Plancha<\/strong><\/p>\n<p>&#8211; Planch\u00e1 en horas de baja demanda (por la ma\u00f1ana o por la noche).<\/p>\n<p>&#8211; Evit\u00e1 desperdicios de calor secando la ropa con la plancha.<\/p>\n<p>&#8211; Gradu\u00e1 el termostato de acuerdo al tipo de tejido a planchar.<\/p>\n<p>&#8211; Descon\u00e9ct\u00e1 la plancha antes de concluir la tarea para aprovechar el calor remanente.<\/p>\n<p>&#8211; Junt\u00e1 cantidades de ropa antes de planchar, evitando as\u00ed desperdicios de energ\u00eda con el reiterado encendido y apagado de tu plancha.<\/p>\n<p><strong>Etiquetado de artefactos<\/strong><\/p>\n<p>&#8211; Verific\u00e1 el etiquetado de eficiencia energ\u00e9tica de aires acondicionados, heladeras y lavarropas al momento de comprarlos. Los m\u00e1s eficientes son de \u201cclase A\u201d y consumen menos. Son m\u00e1s convenientes en relaci\u00f3n costo-beneficio.<\/p>\n<\/div>\n<\/div>\n","protected":false},"excerpt":{"rendered":"<p>Enersa advirti\u00f3 que frente a la ola de calor, se debe ser cuidadoso con el consumo, en especial entre las 13 y las 16<\/p>\n","protected":false},"author":8,"featured_media":70146,"comment_status":"open","ping_status":"open","sticky":false,"template":"","format":"standard","meta":{"fifu_image_url":"","fifu_image_alt":"","footnotes":""},"categories":[9],"tags":[889,393,329],"class_list":{"0":"post-70145","1":"post","2":"type-post","3":"status-publish","4":"format-standard","5":"has-post-thumbnail","7":"category-sociedad","8":"tag-calor","9":"tag-consumo","10":"tag-enersa"},"yoast_head":"<title>Por la ola de calor, Enersa solicita uso racional de energ\u00eda - Informe Litoral<\/title>\n<meta name=\"robots\" content=\"index, follow, max-snippet:-1, max-image-preview:large, max-video-preview:-1\" \/>\n<link rel=\"canonical\" href=\"https:\/\/informelitoral.com.ar\/por-la-ola-de-calor-enersa-solicita-uso-racional-de-energia\/\" \/>\n<meta property=\"og:locale\" content=\"es_ES\" \/>\n<meta property=\"og:type\" content=\"article\" \/>\n<meta property=\"og:title\" content=\"Por la ola de calor, Enersa solicita uso racional de energ\u00eda - Informe Litoral\" \/>\n<meta property=\"og:description\" content=\"Enersa advirti\u00f3 que frente a la ola de calor, se debe ser cuidadoso con el consumo, en especial entre las 13 y las 16\" \/>\n<meta property=\"og:url\" content=\"https:\/\/informelitoral.com.ar\/por-la-ola-de-calor-enersa-solicita-uso-racional-de-energia\/\" \/>\n<meta property=\"og:site_name\" content=\"Informe Litoral\" \/>\n<meta property=\"article:publisher\" content=\"https:\/\/www.facebook.com\/informelitoral\/\" \/>\n<meta property=\"article:published_time\" content=\"2022-01-11T12:16:03+00:00\" \/>\n<meta property=\"og:image\" content=\"https:\/\/informelitoral.com.ar\/%77%70%2d%63%6f%6e%74%65%6e%74\/uploads\/2022\/01\/cable-1868352_640.jpg\" \/>\n\t<meta property=\"og:image:width\" content=\"640\" \/>\n\t<meta property=\"og:image:height\" content=\"426\" \/>\n\t<meta property=\"og:image:type\" content=\"image\/jpeg\" \/>\n<meta name=\"author\" content=\"Sebastian\" \/>\n<meta name=\"twitter:card\" content=\"summary_large_image\" \/>\n<meta name=\"twitter:creator\" content=\"@InformeLitoral\" \/>\n<meta name=\"twitter:site\" content=\"@InformeLitoral\" \/>\n<meta name=\"twitter:label1\" content=\"Escrito por\" \/>\n\t<meta name=\"twitter:data1\" content=\"Sebastian\" \/>\n\t<meta name=\"twitter:label2\" content=\"Tiempo de lectura\" \/>\n\t<meta name=\"twitter:data2\" content=\"3 minutos\" \/>\n<script type=\"application\/ld+json\" class=\"yoast-schema-graph\">{\"@context\":\"https:\\\/\\\/schema.org\",\"@graph\":[{\"@type\":\"Article\",\"@id\":\"https:\\\/\\\/informelitoral.com.ar\\\/por-la-ola-de-calor-enersa-solicita-uso-racional-de-energia\\\/#article\",\"isPartOf\":{\"@id\":\"https:\\\/\\\/informelitoral.com.ar\\\/por-la-ola-de-calor-enersa-solicita-uso-racional-de-energia\\\/\"},\"author\":{\"name\":\"Sebastian\",\"@id\":\"https:\\\/\\\/informelitoral.com.ar\\\/#\\\/schema\\\/person\\\/f05f9f461677119578717524b127d6d5\"},\"headline\":\"Por la ola de calor, Enersa solicita uso racional de energ\u00eda\",\"datePublished\":\"2022-01-11T12:16:03+00:00\",\"mainEntityOfPage\":{\"@id\":\"https:\\\/\\\/informelitoral.com.ar\\\/por-la-ola-de-calor-enersa-solicita-uso-racional-de-energia\\\/\"},\"wordCount\":662,\"commentCount\":0,\"publisher\":{\"@id\":\"https:\\\/\\\/informelitoral.com.ar\\\/#organization\"},\"image\":{\"@id\":\"https:\\\/\\\/informelitoral.com.ar\\\/por-la-ola-de-calor-enersa-solicita-uso-racional-de-energia\\\/#primaryimage\"},\"thumbnailUrl\":\"https:\\\/\\\/informelitoral.com.ar\\\/%77%70%2d%63%6f%6e%74%65%6e%74\\\/uploads\\\/2022\\\/01\\\/cable-1868352_640.jpg\",\"keywords\":[\"Calor\",\"Consumo\",\"Enersa\"],\"articleSection\":[\"Sociedad\"],\"inLanguage\":\"es\",\"potentialAction\":[{\"@type\":\"CommentAction\",\"name\":\"Comment\",\"target\":[\"https:\\\/\\\/informelitoral.com.ar\\\/por-la-ola-de-calor-enersa-solicita-uso-racional-de-energia\\\/#respond\"]}]},{\"@type\":\"WebPage\",\"@id\":\"https:\\\/\\\/informelitoral.com.ar\\\/por-la-ola-de-calor-enersa-solicita-uso-racional-de-energia\\\/\",\"url\":\"https:\\\/\\\/informelitoral.com.ar\\\/por-la-ola-de-calor-enersa-solicita-uso-racional-de-energia\\\/\",\"name\":\"Por la ola de calor, Enersa solicita uso racional de energ\u00eda - Informe Litoral\",\"isPartOf\":{\"@id\":\"https:\\\/\\\/informelitoral.com.ar\\\/#website\"},\"primaryImageOfPage\":{\"@id\":\"https:\\\/\\\/informelitoral.com.ar\\\/por-la-ola-de-calor-enersa-solicita-uso-racional-de-energia\\\/#primaryimage\"},\"image\":{\"@id\":\"https:\\\/\\\/informelitoral.com.ar\\\/por-la-ola-de-calor-enersa-solicita-uso-racional-de-energia\\\/#primaryimage\"},\"thumbnailUrl\":\"https:\\\/\\\/informelitoral.com.ar\\\/%77%70%2d%63%6f%6e%74%65%6e%74\\\/uploads\\\/2022\\\/01\\\/cable-1868352_640.jpg\",\"datePublished\":\"2022-01-11T12:16:03+00:00\",\"breadcrumb\":{\"@id\":\"https:\\\/\\\/informelitoral.com.ar\\\/por-la-ola-de-calor-enersa-solicita-uso-racional-de-energia\\\/#breadcrumb\"},\"inLanguage\":\"es\",\"potentialAction\":[{\"@type\":\"ReadAction\",\"target\":[\"https:\\\/\\\/informelitoral.com.ar\\\/por-la-ola-de-calor-enersa-solicita-uso-racional-de-energia\\\/\"]}]},{\"@type\":\"ImageObject\",\"inLanguage\":\"es\",\"@id\":\"https:\\\/\\\/informelitoral.com.ar\\\/por-la-ola-de-calor-enersa-solicita-uso-racional-de-energia\\\/#primaryimage\",\"url\":\"https:\\\/\\\/informelitoral.com.ar\\\/%77%70%2d%63%6f%6e%74%65%6e%74\\\/uploads\\\/2022\\\/01\\\/cable-1868352_640.jpg\",\"contentUrl\":\"https:\\\/\\\/informelitoral.com.ar\\\/%77%70%2d%63%6f%6e%74%65%6e%74\\\/uploads\\\/2022\\\/01\\\/cable-1868352_640.jpg\",\"width\":640,\"height\":426},{\"@type\":\"BreadcrumbList\",\"@id\":\"https:\\\/\\\/informelitoral.com.ar\\\/por-la-ola-de-calor-enersa-solicita-uso-racional-de-energia\\\/#breadcrumb\",\"itemListElement\":[{\"@type\":\"ListItem\",\"position\":1,\"name\":\"Portada\",\"item\":\"https:\\\/\\\/informelitoral.com.ar\\\/\"},{\"@type\":\"ListItem\",\"position\":2,\"name\":\"Por la ola de calor, Enersa solicita uso racional de energ\u00eda\"}]},{\"@type\":\"WebSite\",\"@id\":\"https:\\\/\\\/informelitoral.com.ar\\\/#website\",\"url\":\"https:\\\/\\\/informelitoral.com.ar\\\/\",\"name\":\"Informe Litoral\",\"description\":\"&quot;Nos informamos&quot; \",\"publisher\":{\"@id\":\"https:\\\/\\\/informelitoral.com.ar\\\/#organization\"},\"potentialAction\":[{\"@type\":\"SearchAction\",\"target\":{\"@type\":\"EntryPoint\",\"urlTemplate\":\"https:\\\/\\\/informelitoral.com.ar\\\/?s={search_term_string}\"},\"query-input\":{\"@type\":\"PropertyValueSpecification\",\"valueRequired\":true,\"valueName\":\"search_term_string\"}}],\"inLanguage\":\"es\"},{\"@type\":\"Organization\",\"@id\":\"https:\\\/\\\/informelitoral.com.ar\\\/#organization\",\"name\":\"Informe Litoral\",\"url\":\"https:\\\/\\\/informelitoral.com.ar\\\/\",\"logo\":{\"@type\":\"ImageObject\",\"inLanguage\":\"es\",\"@id\":\"https:\\\/\\\/informelitoral.com.ar\\\/#\\\/schema\\\/logo\\\/image\\\/\",\"url\":\"https:\\\/\\\/informelitoral.com.ar\\\/%77%70%2d%63%6f%6e%74%65%6e%74\\\/uploads\\\/2021\\\/01\\\/circulo.png\",\"contentUrl\":\"https:\\\/\\\/informelitoral.com.ar\\\/%77%70%2d%63%6f%6e%74%65%6e%74\\\/uploads\\\/2021\\\/01\\\/circulo.png\",\"width\":723,\"height\":731,\"caption\":\"Informe Litoral\"},\"image\":{\"@id\":\"https:\\\/\\\/informelitoral.com.ar\\\/#\\\/schema\\\/logo\\\/image\\\/\"},\"sameAs\":[\"https:\\\/\\\/www.facebook.com\\\/informelitoral\\\/\",\"https:\\\/\\\/x.com\\\/InformeLitoral\",\"https:\\\/\\\/www.instagram.com\\\/informelitoral\\\/\",\"https:\\\/\\\/www.youtube.com\\\/channel\\\/UCua4Qvz8Icb6MYqhoq9xLXw\"]},{\"@type\":\"Person\",\"@id\":\"https:\\\/\\\/informelitoral.com.ar\\\/#\\\/schema\\\/person\\\/f05f9f461677119578717524b127d6d5\",\"name\":\"Sebastian\",\"image\":{\"@type\":\"ImageObject\",\"inLanguage\":\"es\",\"@id\":\"https:\\\/\\\/secure.gravatar.com\\\/avatar\\\/b71bf7481d447dfb9583c7f2798e7cc64de6efb9067b74633ed8c31059a3bd82?s=96&d=mm&r=g\",\"url\":\"https:\\\/\\\/secure.gravatar.com\\\/avatar\\\/b71bf7481d447dfb9583c7f2798e7cc64de6efb9067b74633ed8c31059a3bd82?s=96&d=mm&r=g\",\"contentUrl\":\"https:\\\/\\\/secure.gravatar.com\\\/avatar\\\/b71bf7481d447dfb9583c7f2798e7cc64de6efb9067b74633ed8c31059a3bd82?s=96&d=mm&r=g\",\"caption\":\"Sebastian\"},\"url\":\"https:\\\/\\\/informelitoral.com.ar\\\/author\\\/sebastian\\\/\"}]}<\/script>","yoast_head_json":{"title":"Por la ola de calor, Enersa solicita uso racional de energ\u00eda - Informe Litoral","robots":{"index":"index","follow":"follow","max-snippet":"max-snippet:-1","max-image-preview":"max-image-preview:large","max-video-preview":"max-video-preview:-1"},"canonical":"https:\/\/informelitoral.com.ar\/por-la-ola-de-calor-enersa-solicita-uso-racional-de-energia\/","og_locale":"es_ES","og_type":"article","og_title":"Por la ola de calor, Enersa solicita uso racional de energ\u00eda - Informe Litoral","og_description":"Enersa advirti\u00f3 que frente a la ola de calor, se debe ser cuidadoso con el consumo, en especial entre las 13 y las 16","og_url":"https:\/\/informelitoral.com.ar\/por-la-ola-de-calor-enersa-solicita-uso-racional-de-energia\/","og_site_name":"Informe Litoral","article_publisher":"https:\/\/www.facebook.com\/informelitoral\/","article_published_time":"2022-01-11T12:16:03+00:00","og_image":[{"width":640,"height":426,"url":"https:\/\/informelitoral.com.ar\/%77%70%2d%63%6f%6e%74%65%6e%74\/uploads\/2022\/01\/cable-1868352_640.jpg","type":"image\/jpeg"}],"author":"Sebastian","twitter_card":"summary_large_image","twitter_creator":"@InformeLitoral","twitter_site":"@InformeLitoral","twitter_misc":{"Escrito por":"Sebastian","Tiempo de lectura":"3 minutos"},"schema":{"@context":"https:\/\/schema.org","@graph":[{"@type":"Article","@id":"https:\/\/informelitoral.com.ar\/por-la-ola-de-calor-enersa-solicita-uso-racional-de-energia\/#article","isPartOf":{"@id":"https:\/\/informelitoral.com.ar\/por-la-ola-de-calor-enersa-solicita-uso-racional-de-energia\/"},"author":{"name":"Sebastian","@id":"https:\/\/informelitoral.com.ar\/#\/schema\/person\/f05f9f461677119578717524b127d6d5"},"headline":"Por la ola de calor, Enersa solicita uso racional de energ\u00eda","datePublished":"2022-01-11T12:16:03+00:00","mainEntityOfPage":{"@id":"https:\/\/informelitoral.com.ar\/por-la-ola-de-calor-enersa-solicita-uso-racional-de-energia\/"},"wordCount":662,"commentCount":0,"publisher":{"@id":"https:\/\/informelitoral.com.ar\/#organization"},"image":{"@id":"https:\/\/informelitoral.com.ar\/por-la-ola-de-calor-enersa-solicita-uso-racional-de-energia\/#primaryimage"},"thumbnailUrl":"https:\/\/informelitoral.com.ar\/%77%70%2d%63%6f%6e%74%65%6e%74\/uploads\/2022\/01\/cable-1868352_640.jpg","keywords":["Calor","Consumo","Enersa"],"articleSection":["Sociedad"],"inLanguage":"es","potentialAction":[{"@type":"CommentAction","name":"Comment","target":["https:\/\/informelitoral.com.ar\/por-la-ola-de-calor-enersa-solicita-uso-racional-de-energia\/#respond"]}]},{"@type":"WebPage","@id":"https:\/\/informelitoral.com.ar\/por-la-ola-de-calor-enersa-solicita-uso-racional-de-energia\/","url":"https:\/\/informelitoral.com.ar\/por-la-ola-de-calor-enersa-solicita-uso-racional-de-energia\/","name":"Por la ola de calor, Enersa solicita uso racional de energ\u00eda - Informe Litoral","isPartOf":{"@id":"https:\/\/informelitoral.com.ar\/#website"},"primaryImageOfPage":{"@id":"https:\/\/informelitoral.com.ar\/por-la-ola-de-calor-enersa-solicita-uso-racional-de-energia\/#primaryimage"},"image":{"@id":"https:\/\/informelitoral.com.ar\/por-la-ola-de-calor-enersa-solicita-uso-racional-de-energia\/#primaryimage"},"thumbnailUrl":"https:\/\/informelitoral.com.ar\/%77%70%2d%63%6f%6e%74%65%6e%74\/uploads\/2022\/01\/cable-1868352_640.jpg","datePublished":"2022-01-11T12:16:03+00:00","breadcrumb":{"@id":"https:\/\/informelitoral.com.ar\/por-la-ola-de-calor-enersa-solicita-uso-racional-de-energia\/#breadcrumb"},"inLanguage":"es","potentialAction":[{"@type":"ReadAction","target":["https:\/\/informelitoral.com.ar\/por-la-ola-de-calor-enersa-solicita-uso-racional-de-energia\/"]}]},{"@type":"ImageObject","inLanguage":"es","@id":"https:\/\/informelitoral.com.ar\/por-la-ola-de-calor-enersa-solicita-uso-racional-de-energia\/#primaryimage","url":"https:\/\/informelitoral.com.ar\/%77%70%2d%63%6f%6e%74%65%6e%74\/uploads\/2022\/01\/cable-1868352_640.jpg","contentUrl":"https:\/\/informelitoral.com.ar\/%77%70%2d%63%6f%6e%74%65%6e%74\/uploads\/2022\/01\/cable-1868352_640.jpg","width":640,"height":426},{"@type":"BreadcrumbList","@id":"https:\/\/informelitoral.com.ar\/por-la-ola-de-calor-enersa-solicita-uso-racional-de-energia\/#breadcrumb","itemListElement":[{"@type":"ListItem","position":1,"name":"Portada","item":"https:\/\/informelitoral.com.ar\/"},{"@type":"ListItem","position":2,"name":"Por la ola de calor, Enersa solicita uso racional de energ\u00eda"}]},{"@type":"WebSite","@id":"https:\/\/informelitoral.com.ar\/#website","url":"https:\/\/informelitoral.com.ar\/","name":"Informe Litoral","description":"&quot;Nos informamos&quot; ","publisher":{"@id":"https:\/\/informelitoral.com.ar\/#organization"},"potentialAction":[{"@type":"SearchAction","target":{"@type":"EntryPoint","urlTemplate":"https:\/\/informelitoral.com.ar\/?s={search_term_string}"},"query-input":{"@type":"PropertyValueSpecification","valueRequired":true,"valueName":"search_term_string"}}],"inLanguage":"es"},{"@type":"Organization","@id":"https:\/\/informelitoral.com.ar\/#organization","name":"Informe Litoral","url":"https:\/\/informelitoral.com.ar\/","logo":{"@type":"ImageObject","inLanguage":"es","@id":"https:\/\/informelitoral.com.ar\/#\/schema\/logo\/image\/","url":"https:\/\/informelitoral.com.ar\/%77%70%2d%63%6f%6e%74%65%6e%74\/uploads\/2021\/01\/circulo.png","contentUrl":"https:\/\/informelitoral.com.ar\/%77%70%2d%63%6f%6e%74%65%6e%74\/uploads\/2021\/01\/circulo.png","width":723,"height":731,"caption":"Informe Litoral"},"image":{"@id":"https:\/\/informelitoral.com.ar\/#\/schema\/logo\/image\/"},"sameAs":["https:\/\/www.facebook.com\/informelitoral\/","https:\/\/x.com\/InformeLitoral","https:\/\/www.instagram.com\/informelitoral\/","https:\/\/www.youtube.com\/channel\/UCua4Qvz8Icb6MYqhoq9xLXw"]},{"@type":"Person","@id":"https:\/\/informelitoral.com.ar\/#\/schema\/person\/f05f9f461677119578717524b127d6d5","name":"Sebastian","image":{"@type":"ImageObject","inLanguage":"es","@id":"https:\/\/secure.gravatar.com\/avatar\/b71bf7481d447dfb9583c7f2798e7cc64de6efb9067b74633ed8c31059a3bd82?s=96&d=mm&r=g","url":"https:\/\/secure.gravatar.com\/avatar\/b71bf7481d447dfb9583c7f2798e7cc64de6efb9067b74633ed8c31059a3bd82?s=96&d=mm&r=g","contentUrl":"https:\/\/secure.gravatar.com\/avatar\/b71bf7481d447dfb9583c7f2798e7cc64de6efb9067b74633ed8c31059a3bd82?s=96&d=mm&r=g","caption":"Sebastian"},"url":"https:\/\/informelitoral.com.ar\/author\/sebastian\/"}]}},"_links":{"self":[{"href":"https:\/\/informelitoral.com.ar\/%77%70%2d%6a%73%6f%6e\/wp\/v2\/posts\/70145","targetHints":{"allow":["GET"]}}],"collection":[{"href":"https:\/\/informelitoral.com.ar\/%77%70%2d%6a%73%6f%6e\/wp\/v2\/posts"}],"about":[{"href":"https:\/\/informelitoral.com.ar\/%77%70%2d%6a%73%6f%6e\/wp\/v2\/types\/post"}],"author":[{"embeddable":true,"href":"https:\/\/informelitoral.com.ar\/%77%70%2d%6a%73%6f%6e\/wp\/v2\/users\/8"}],"replies":[{"embeddable":true,"href":"https:\/\/informelitoral.com.ar\/%77%70%2d%6a%73%6f%6e\/wp\/v2\/comments?post=70145"}],"version-history":[{"count":0,"href":"https:\/\/informelitoral.com.ar\/%77%70%2d%6a%73%6f%6e\/wp\/v2\/posts\/70145\/revisions"}],"wp:featuredmedia":[{"embeddable":true,"href":"https:\/\/informelitoral.com.ar\/%77%70%2d%6a%73%6f%6e\/wp\/v2\/media\/70146"}],"wp:attachment":[{"href":"https:\/\/informelitoral.com.ar\/%77%70%2d%6a%73%6f%6e\/wp\/v2\/media?parent=70145"}],"wp:term":[{"taxonomy":"category","embeddable":true,"href":"https:\/\/informelitoral.com.ar\/%77%70%2d%6a%73%6f%6e\/wp\/v2\/categories?post=70145"},{"taxonomy":"post_tag","embeddable":true,"href":"https:\/\/informelitoral.com.ar\/%77%70%2d%6a%73%6f%6e\/wp\/v2\/tags?post=70145"}],"curies":[{"name":"wp","href":"https:\/\/api.w.org\/{rel}","templated":true}]}}