{"id":69956,"date":"2022-01-06T11:48:48","date_gmt":"2022-01-06T14:48:48","guid":{"rendered":"https:\/\/www.informelitoral.com.ar\/?p=69956"},"modified":"2022-01-06T19:49:27","modified_gmt":"2022-01-06T22:49:27","slug":"una-medica-presento-su-renuncia-tras-ser-agredida-en-nogoya","status":"publish","type":"post","link":"https:\/\/informelitoral.com.ar\/una-medica-presento-su-renuncia-tras-ser-agredida-en-nogoya\/","title":{"rendered":"Una m\u00e9dica present\u00f3 su renuncia tras ser agredida en Nogoy\u00e1"},"content":{"rendered":"<article id=\"article-post\" class=\"first\">\n<div class=\"cuerpo\" data-twitter-link=\"https:\/\/twitter.com\/intent\/tweet?url=https:\/\/ahora.com.ar\/c4254699&amp;via=PlataformaAhora&amp;related=Ahora&amp;text=\">\n<p><strong>El equipo de\u00a0Salud\u00a0del hospital San Blas, de la ciudad de\u00a0Nogoy\u00e1<\/strong>,<strong>\u00a0repudi\u00f3 \u201cen\u00e9rgicamente\u00bb la agresi\u00f3n verbal y psicol\u00f3gica que recibi\u00f3 la Dra. Micaela Balbi<\/strong>\u00a0en la tarde del martes. \u00abDicha profesional\u00a0<strong>present\u00f3 la renuncia al servicio de Guardia<\/strong>\u00a0de nuestra instituci\u00f3n por el mal trato que recibi\u00f3 por parte de una vecina de Nogoy\u00e1 y replicado por algunos medios que alimentan y disfrutan estas malas situaciones\u201d, indicaron.<\/p>\n<\/div>\n<\/article>\n<article id=\"article-post\">\n<div class=\"cuerpo\" data-twitter-link=\"https:\/\/twitter.com\/intent\/tweet?url=https:\/\/ahora.com.ar\/c4254699&amp;via=PlataformaAhora&amp;related=Ahora&amp;text=\">\n<p>\u201c<strong>La tensi\u00f3n extrema, el mal humor y los gritos recibidos, fueron la \u00fanica causante de este gran perjuicio a nuestra instituci\u00f3n<\/strong>, ya que el hospital se queda sin una gran profesional que atend\u00eda urgencias las 24 horas que estaba en la ciudad\u201d, agregaron desde el hospital.<\/p>\n<p>Tras lo sucedido,\u00a0<strong>solicitaron \u201cempat\u00eda a estos vecinos agresivos, que son los menos, pero se hacen sentir<\/strong>; y colaboraci\u00f3n a los replicadores de informaci\u00f3n subjetiva a la hora de tratar la informaci\u00f3n. Tengan en cuenta que los referentes del personal sanitario, no paran de trabajar hace dos a\u00f1os, muchos no tienen vacaciones y, adem\u00e1s, cuentan con la poca colaboraci\u00f3n de profesionales nacidos en la ciudad y vecinos que no entienden la compleja situaci\u00f3n desatada por ellos mismo en las reuniones sociales\u201d.<\/p>\n<p>\u201c<strong>Si una persona vacunada con esquema completo, no puede hisoparse y tiene s\u00edntomas, debe aislarse y esperar en su casa<\/strong>; y si necesita atenci\u00f3n m\u00e9dica de urgencia, deber\u00e1 acercarse al servicio de guardia del hospital, \u00fanico efector que los recibe en la ciudad. Hacer el test no cambia en nada, porque una persona con s\u00edntomas ya se considera positivo. Pero tambi\u00e9n existen los laboratorios privados, que abonando se los pueden hacer\u201d, afirmaron.<\/p>\n<p>Finalmente, el equipo de salud del San Blas record\u00f3 que\u00a0<strong>\u201chace dos a\u00f1os se aplaud\u00eda a los profesionales de la salud, hoy se los agravia, se los maltrata y hasta se los ningunea<\/strong> en medios radiales con una bajeza propia de una mirada subjetiva, de total ignorancia sobre manejo de salud p\u00fablica. \u00bfQu\u00e9 nos pas\u00f3 en este tiempo?\u201d.<\/p>\n<p>&nbsp;<\/p>\n<\/div>\n<\/article>\n","protected":false},"excerpt":{"rendered":"<p>La renuncia de la m\u00e9dica fue comunicada por el equipo de salud del propio Hospital San Blas, e inform\u00f3 que el motivo fue \u201cel mal trato que recibi\u00f3 por parte de una vecina de Nogoy\u00e1\u201d. Adem\u00e1s, repudi\u00f3 la agresi\u00f3n, solicit\u00f3 \u201cempat\u00eda\u201d a la ciudadan\u00eda y record\u00f3 que el personal sanitario \u201cno para de trabajar hace dos a\u00f1os\u201d.<\/p>\n","protected":false},"author":8,"featured_media":69957,"comment_status":"open","ping_status":"open","sticky":false,"template":"","format":"standard","meta":{"fifu_image_url":"","fifu_image_alt":"","footnotes":""},"categories":[9],"tags":[2828,81,2829,74],"class_list":{"0":"post-69956","1":"post","2":"type-post","3":"status-publish","4":"format-standard","5":"has-post-thumbnail","7":"category-sociedad","8":"tag-agresion","9":"tag-entre-rios","10":"tag-medico","11":"tag-nogoya"},"yoast_head":"<title>Una m\u00e9dica present\u00f3 su renuncia tras ser agredida en Nogoy\u00e1 - Informe Litoral<\/title>\n<meta name=\"robots\" content=\"index, follow, max-snippet:-1, max-image-preview:large, max-video-preview:-1\" \/>\n<link rel=\"canonical\" href=\"https:\/\/informelitoral.com.ar\/una-medica-presento-su-renuncia-tras-ser-agredida-en-nogoya\/\" \/>\n<meta property=\"og:locale\" content=\"es_ES\" \/>\n<meta property=\"og:type\" content=\"article\" \/>\n<meta property=\"og:title\" content=\"Una m\u00e9dica present\u00f3 su renuncia tras ser agredida en Nogoy\u00e1 - Informe Litoral\" \/>\n<meta property=\"og:description\" content=\"La renuncia de la m\u00e9dica fue comunicada por el equipo de salud del propio Hospital San Blas, e inform\u00f3 que el motivo fue \u201cel mal trato que recibi\u00f3 por parte de una vecina de Nogoy\u00e1\u201d. Adem\u00e1s, repudi\u00f3 la agresi\u00f3n, solicit\u00f3 \u201cempat\u00eda\u201d a la ciudadan\u00eda y record\u00f3 que el personal sanitario \u201cno para de trabajar hace dos a\u00f1os\u201d.\" \/>\n<meta property=\"og:url\" content=\"https:\/\/informelitoral.com.ar\/una-medica-presento-su-renuncia-tras-ser-agredida-en-nogoya\/\" \/>\n<meta property=\"og:site_name\" content=\"Informe Litoral\" \/>\n<meta property=\"article:publisher\" content=\"https:\/\/www.facebook.com\/informelitoral\/\" \/>\n<meta property=\"article:published_time\" content=\"2022-01-06T14:48:48+00:00\" \/>\n<meta property=\"article:modified_time\" content=\"2022-01-06T22:49:27+00:00\" \/>\n<meta property=\"og:image\" content=\"https:\/\/informelitoral.com.ar\/%77%70%2d%63%6f%6e%74%65%6e%74\/uploads\/2022\/01\/0003391684.jpg\" \/>\n\t<meta property=\"og:image:width\" content=\"770\" \/>\n\t<meta property=\"og:image:height\" content=\"431\" \/>\n\t<meta property=\"og:image:type\" content=\"image\/jpeg\" \/>\n<meta name=\"author\" content=\"Sebastian\" \/>\n<meta name=\"twitter:card\" content=\"summary_large_image\" \/>\n<meta name=\"twitter:creator\" content=\"@InformeLitoral\" \/>\n<meta name=\"twitter:site\" content=\"@InformeLitoral\" \/>\n<meta name=\"twitter:label1\" content=\"Escrito por\" \/>\n\t<meta name=\"twitter:data1\" content=\"Sebastian\" \/>\n\t<meta name=\"twitter:label2\" content=\"Tiempo de lectura\" \/>\n\t<meta name=\"twitter:data2\" content=\"2 minutos\" \/>\n<script type=\"application\/ld+json\" class=\"yoast-schema-graph\">{\"@context\":\"https:\\\/\\\/schema.org\",\"@graph\":[{\"@type\":\"Article\",\"@id\":\"https:\\\/\\\/informelitoral.com.ar\\\/una-medica-presento-su-renuncia-tras-ser-agredida-en-nogoya\\\/#article\",\"isPartOf\":{\"@id\":\"https:\\\/\\\/informelitoral.com.ar\\\/una-medica-presento-su-renuncia-tras-ser-agredida-en-nogoya\\\/\"},\"author\":{\"name\":\"Sebastian\",\"@id\":\"https:\\\/\\\/informelitoral.com.ar\\\/#\\\/schema\\\/person\\\/f05f9f461677119578717524b127d6d5\"},\"headline\":\"Una m\u00e9dica present\u00f3 su renuncia tras ser agredida en Nogoy\u00e1\",\"datePublished\":\"2022-01-06T14:48:48+00:00\",\"dateModified\":\"2022-01-06T22:49:27+00:00\",\"mainEntityOfPage\":{\"@id\":\"https:\\\/\\\/informelitoral.com.ar\\\/una-medica-presento-su-renuncia-tras-ser-agredida-en-nogoya\\\/\"},\"wordCount\":360,\"commentCount\":0,\"publisher\":{\"@id\":\"https:\\\/\\\/informelitoral.com.ar\\\/#organization\"},\"image\":{\"@id\":\"https:\\\/\\\/informelitoral.com.ar\\\/una-medica-presento-su-renuncia-tras-ser-agredida-en-nogoya\\\/#primaryimage\"},\"thumbnailUrl\":\"https:\\\/\\\/informelitoral.com.ar\\\/%77%70%2d%63%6f%6e%74%65%6e%74\\\/uploads\\\/2022\\\/01\\\/0003391684.jpg\",\"keywords\":[\"Agresi\u00f3n\",\"Entre R\u00edos\",\"M\u00e9dico\",\"Nogoy\u00e1\"],\"articleSection\":[\"Sociedad\"],\"inLanguage\":\"es\",\"potentialAction\":[{\"@type\":\"CommentAction\",\"name\":\"Comment\",\"target\":[\"https:\\\/\\\/informelitoral.com.ar\\\/una-medica-presento-su-renuncia-tras-ser-agredida-en-nogoya\\\/#respond\"]}]},{\"@type\":\"WebPage\",\"@id\":\"https:\\\/\\\/informelitoral.com.ar\\\/una-medica-presento-su-renuncia-tras-ser-agredida-en-nogoya\\\/\",\"url\":\"https:\\\/\\\/informelitoral.com.ar\\\/una-medica-presento-su-renuncia-tras-ser-agredida-en-nogoya\\\/\",\"name\":\"Una m\u00e9dica present\u00f3 su renuncia tras ser agredida en Nogoy\u00e1 - Informe Litoral\",\"isPartOf\":{\"@id\":\"https:\\\/\\\/informelitoral.com.ar\\\/#website\"},\"primaryImageOfPage\":{\"@id\":\"https:\\\/\\\/informelitoral.com.ar\\\/una-medica-presento-su-renuncia-tras-ser-agredida-en-nogoya\\\/#primaryimage\"},\"image\":{\"@id\":\"https:\\\/\\\/informelitoral.com.ar\\\/una-medica-presento-su-renuncia-tras-ser-agredida-en-nogoya\\\/#primaryimage\"},\"thumbnailUrl\":\"https:\\\/\\\/informelitoral.com.ar\\\/%77%70%2d%63%6f%6e%74%65%6e%74\\\/uploads\\\/2022\\\/01\\\/0003391684.jpg\",\"datePublished\":\"2022-01-06T14:48:48+00:00\",\"dateModified\":\"2022-01-06T22:49:27+00:00\",\"breadcrumb\":{\"@id\":\"https:\\\/\\\/informelitoral.com.ar\\\/una-medica-presento-su-renuncia-tras-ser-agredida-en-nogoya\\\/#breadcrumb\"},\"inLanguage\":\"es\",\"potentialAction\":[{\"@type\":\"ReadAction\",\"target\":[\"https:\\\/\\\/informelitoral.com.ar\\\/una-medica-presento-su-renuncia-tras-ser-agredida-en-nogoya\\\/\"]}]},{\"@type\":\"ImageObject\",\"inLanguage\":\"es\",\"@id\":\"https:\\\/\\\/informelitoral.com.ar\\\/una-medica-presento-su-renuncia-tras-ser-agredida-en-nogoya\\\/#primaryimage\",\"url\":\"https:\\\/\\\/informelitoral.com.ar\\\/%77%70%2d%63%6f%6e%74%65%6e%74\\\/uploads\\\/2022\\\/01\\\/0003391684.jpg\",\"contentUrl\":\"https:\\\/\\\/informelitoral.com.ar\\\/%77%70%2d%63%6f%6e%74%65%6e%74\\\/uploads\\\/2022\\\/01\\\/0003391684.jpg\",\"width\":770,\"height\":431},{\"@type\":\"BreadcrumbList\",\"@id\":\"https:\\\/\\\/informelitoral.com.ar\\\/una-medica-presento-su-renuncia-tras-ser-agredida-en-nogoya\\\/#breadcrumb\",\"itemListElement\":[{\"@type\":\"ListItem\",\"position\":1,\"name\":\"Portada\",\"item\":\"https:\\\/\\\/informelitoral.com.ar\\\/\"},{\"@type\":\"ListItem\",\"position\":2,\"name\":\"Una m\u00e9dica present\u00f3 su renuncia tras ser agredida en Nogoy\u00e1\"}]},{\"@type\":\"WebSite\",\"@id\":\"https:\\\/\\\/informelitoral.com.ar\\\/#website\",\"url\":\"https:\\\/\\\/informelitoral.com.ar\\\/\",\"name\":\"Informe Litoral\",\"description\":\"&quot;Nos informamos&quot; \",\"publisher\":{\"@id\":\"https:\\\/\\\/informelitoral.com.ar\\\/#organization\"},\"potentialAction\":[{\"@type\":\"SearchAction\",\"target\":{\"@type\":\"EntryPoint\",\"urlTemplate\":\"https:\\\/\\\/informelitoral.com.ar\\\/?s={search_term_string}\"},\"query-input\":{\"@type\":\"PropertyValueSpecification\",\"valueRequired\":true,\"valueName\":\"search_term_string\"}}],\"inLanguage\":\"es\"},{\"@type\":\"Organization\",\"@id\":\"https:\\\/\\\/informelitoral.com.ar\\\/#organization\",\"name\":\"Informe Litoral\",\"url\":\"https:\\\/\\\/informelitoral.com.ar\\\/\",\"logo\":{\"@type\":\"ImageObject\",\"inLanguage\":\"es\",\"@id\":\"https:\\\/\\\/informelitoral.com.ar\\\/#\\\/schema\\\/logo\\\/image\\\/\",\"url\":\"https:\\\/\\\/informelitoral.com.ar\\\/%77%70%2d%63%6f%6e%74%65%6e%74\\\/uploads\\\/2021\\\/01\\\/circulo.png\",\"contentUrl\":\"https:\\\/\\\/informelitoral.com.ar\\\/%77%70%2d%63%6f%6e%74%65%6e%74\\\/uploads\\\/2021\\\/01\\\/circulo.png\",\"width\":723,\"height\":731,\"caption\":\"Informe Litoral\"},\"image\":{\"@id\":\"https:\\\/\\\/informelitoral.com.ar\\\/#\\\/schema\\\/logo\\\/image\\\/\"},\"sameAs\":[\"https:\\\/\\\/www.facebook.com\\\/informelitoral\\\/\",\"https:\\\/\\\/x.com\\\/InformeLitoral\",\"https:\\\/\\\/www.instagram.com\\\/informelitoral\\\/\",\"https:\\\/\\\/www.youtube.com\\\/channel\\\/UCua4Qvz8Icb6MYqhoq9xLXw\"]},{\"@type\":\"Person\",\"@id\":\"https:\\\/\\\/informelitoral.com.ar\\\/#\\\/schema\\\/person\\\/f05f9f461677119578717524b127d6d5\",\"name\":\"Sebastian\",\"image\":{\"@type\":\"ImageObject\",\"inLanguage\":\"es\",\"@id\":\"https:\\\/\\\/secure.gravatar.com\\\/avatar\\\/b71bf7481d447dfb9583c7f2798e7cc64de6efb9067b74633ed8c31059a3bd82?s=96&d=mm&r=g\",\"url\":\"https:\\\/\\\/secure.gravatar.com\\\/avatar\\\/b71bf7481d447dfb9583c7f2798e7cc64de6efb9067b74633ed8c31059a3bd82?s=96&d=mm&r=g\",\"contentUrl\":\"https:\\\/\\\/secure.gravatar.com\\\/avatar\\\/b71bf7481d447dfb9583c7f2798e7cc64de6efb9067b74633ed8c31059a3bd82?s=96&d=mm&r=g\",\"caption\":\"Sebastian\"},\"url\":\"https:\\\/\\\/informelitoral.com.ar\\\/author\\\/sebastian\\\/\"}]}<\/script>","yoast_head_json":{"title":"Una m\u00e9dica present\u00f3 su renuncia tras ser agredida en Nogoy\u00e1 - Informe Litoral","robots":{"index":"index","follow":"follow","max-snippet":"max-snippet:-1","max-image-preview":"max-image-preview:large","max-video-preview":"max-video-preview:-1"},"canonical":"https:\/\/informelitoral.com.ar\/una-medica-presento-su-renuncia-tras-ser-agredida-en-nogoya\/","og_locale":"es_ES","og_type":"article","og_title":"Una m\u00e9dica present\u00f3 su renuncia tras ser agredida en Nogoy\u00e1 - Informe Litoral","og_description":"La renuncia de la m\u00e9dica fue comunicada por el equipo de salud del propio Hospital San Blas, e inform\u00f3 que el motivo fue \u201cel mal trato que recibi\u00f3 por parte de una vecina de Nogoy\u00e1\u201d. Adem\u00e1s, repudi\u00f3 la agresi\u00f3n, solicit\u00f3 \u201cempat\u00eda\u201d a la ciudadan\u00eda y record\u00f3 que el personal sanitario \u201cno para de trabajar hace dos a\u00f1os\u201d.","og_url":"https:\/\/informelitoral.com.ar\/una-medica-presento-su-renuncia-tras-ser-agredida-en-nogoya\/","og_site_name":"Informe Litoral","article_publisher":"https:\/\/www.facebook.com\/informelitoral\/","article_published_time":"2022-01-06T14:48:48+00:00","article_modified_time":"2022-01-06T22:49:27+00:00","og_image":[{"width":770,"height":431,"url":"https:\/\/informelitoral.com.ar\/%77%70%2d%63%6f%6e%74%65%6e%74\/uploads\/2022\/01\/0003391684.jpg","type":"image\/jpeg"}],"author":"Sebastian","twitter_card":"summary_large_image","twitter_creator":"@InformeLitoral","twitter_site":"@InformeLitoral","twitter_misc":{"Escrito por":"Sebastian","Tiempo de lectura":"2 minutos"},"schema":{"@context":"https:\/\/schema.org","@graph":[{"@type":"Article","@id":"https:\/\/informelitoral.com.ar\/una-medica-presento-su-renuncia-tras-ser-agredida-en-nogoya\/#article","isPartOf":{"@id":"https:\/\/informelitoral.com.ar\/una-medica-presento-su-renuncia-tras-ser-agredida-en-nogoya\/"},"author":{"name":"Sebastian","@id":"https:\/\/informelitoral.com.ar\/#\/schema\/person\/f05f9f461677119578717524b127d6d5"},"headline":"Una m\u00e9dica present\u00f3 su renuncia tras ser agredida en Nogoy\u00e1","datePublished":"2022-01-06T14:48:48+00:00","dateModified":"2022-01-06T22:49:27+00:00","mainEntityOfPage":{"@id":"https:\/\/informelitoral.com.ar\/una-medica-presento-su-renuncia-tras-ser-agredida-en-nogoya\/"},"wordCount":360,"commentCount":0,"publisher":{"@id":"https:\/\/informelitoral.com.ar\/#organization"},"image":{"@id":"https:\/\/informelitoral.com.ar\/una-medica-presento-su-renuncia-tras-ser-agredida-en-nogoya\/#primaryimage"},"thumbnailUrl":"https:\/\/informelitoral.com.ar\/%77%70%2d%63%6f%6e%74%65%6e%74\/uploads\/2022\/01\/0003391684.jpg","keywords":["Agresi\u00f3n","Entre R\u00edos","M\u00e9dico","Nogoy\u00e1"],"articleSection":["Sociedad"],"inLanguage":"es","potentialAction":[{"@type":"CommentAction","name":"Comment","target":["https:\/\/informelitoral.com.ar\/una-medica-presento-su-renuncia-tras-ser-agredida-en-nogoya\/#respond"]}]},{"@type":"WebPage","@id":"https:\/\/informelitoral.com.ar\/una-medica-presento-su-renuncia-tras-ser-agredida-en-nogoya\/","url":"https:\/\/informelitoral.com.ar\/una-medica-presento-su-renuncia-tras-ser-agredida-en-nogoya\/","name":"Una m\u00e9dica present\u00f3 su renuncia tras ser agredida en Nogoy\u00e1 - Informe Litoral","isPartOf":{"@id":"https:\/\/informelitoral.com.ar\/#website"},"primaryImageOfPage":{"@id":"https:\/\/informelitoral.com.ar\/una-medica-presento-su-renuncia-tras-ser-agredida-en-nogoya\/#primaryimage"},"image":{"@id":"https:\/\/informelitoral.com.ar\/una-medica-presento-su-renuncia-tras-ser-agredida-en-nogoya\/#primaryimage"},"thumbnailUrl":"https:\/\/informelitoral.com.ar\/%77%70%2d%63%6f%6e%74%65%6e%74\/uploads\/2022\/01\/0003391684.jpg","datePublished":"2022-01-06T14:48:48+00:00","dateModified":"2022-01-06T22:49:27+00:00","breadcrumb":{"@id":"https:\/\/informelitoral.com.ar\/una-medica-presento-su-renuncia-tras-ser-agredida-en-nogoya\/#breadcrumb"},"inLanguage":"es","potentialAction":[{"@type":"ReadAction","target":["https:\/\/informelitoral.com.ar\/una-medica-presento-su-renuncia-tras-ser-agredida-en-nogoya\/"]}]},{"@type":"ImageObject","inLanguage":"es","@id":"https:\/\/informelitoral.com.ar\/una-medica-presento-su-renuncia-tras-ser-agredida-en-nogoya\/#primaryimage","url":"https:\/\/informelitoral.com.ar\/%77%70%2d%63%6f%6e%74%65%6e%74\/uploads\/2022\/01\/0003391684.jpg","contentUrl":"https:\/\/informelitoral.com.ar\/%77%70%2d%63%6f%6e%74%65%6e%74\/uploads\/2022\/01\/0003391684.jpg","width":770,"height":431},{"@type":"BreadcrumbList","@id":"https:\/\/informelitoral.com.ar\/una-medica-presento-su-renuncia-tras-ser-agredida-en-nogoya\/#breadcrumb","itemListElement":[{"@type":"ListItem","position":1,"name":"Portada","item":"https:\/\/informelitoral.com.ar\/"},{"@type":"ListItem","position":2,"name":"Una m\u00e9dica present\u00f3 su renuncia tras ser agredida en Nogoy\u00e1"}]},{"@type":"WebSite","@id":"https:\/\/informelitoral.com.ar\/#website","url":"https:\/\/informelitoral.com.ar\/","name":"Informe Litoral","description":"&quot;Nos informamos&quot; ","publisher":{"@id":"https:\/\/informelitoral.com.ar\/#organization"},"potentialAction":[{"@type":"SearchAction","target":{"@type":"EntryPoint","urlTemplate":"https:\/\/informelitoral.com.ar\/?s={search_term_string}"},"query-input":{"@type":"PropertyValueSpecification","valueRequired":true,"valueName":"search_term_string"}}],"inLanguage":"es"},{"@type":"Organization","@id":"https:\/\/informelitoral.com.ar\/#organization","name":"Informe Litoral","url":"https:\/\/informelitoral.com.ar\/","logo":{"@type":"ImageObject","inLanguage":"es","@id":"https:\/\/informelitoral.com.ar\/#\/schema\/logo\/image\/","url":"https:\/\/informelitoral.com.ar\/%77%70%2d%63%6f%6e%74%65%6e%74\/uploads\/2021\/01\/circulo.png","contentUrl":"https:\/\/informelitoral.com.ar\/%77%70%2d%63%6f%6e%74%65%6e%74\/uploads\/2021\/01\/circulo.png","width":723,"height":731,"caption":"Informe Litoral"},"image":{"@id":"https:\/\/informelitoral.com.ar\/#\/schema\/logo\/image\/"},"sameAs":["https:\/\/www.facebook.com\/informelitoral\/","https:\/\/x.com\/InformeLitoral","https:\/\/www.instagram.com\/informelitoral\/","https:\/\/www.youtube.com\/channel\/UCua4Qvz8Icb6MYqhoq9xLXw"]},{"@type":"Person","@id":"https:\/\/informelitoral.com.ar\/#\/schema\/person\/f05f9f461677119578717524b127d6d5","name":"Sebastian","image":{"@type":"ImageObject","inLanguage":"es","@id":"https:\/\/secure.gravatar.com\/avatar\/b71bf7481d447dfb9583c7f2798e7cc64de6efb9067b74633ed8c31059a3bd82?s=96&d=mm&r=g","url":"https:\/\/secure.gravatar.com\/avatar\/b71bf7481d447dfb9583c7f2798e7cc64de6efb9067b74633ed8c31059a3bd82?s=96&d=mm&r=g","contentUrl":"https:\/\/secure.gravatar.com\/avatar\/b71bf7481d447dfb9583c7f2798e7cc64de6efb9067b74633ed8c31059a3bd82?s=96&d=mm&r=g","caption":"Sebastian"},"url":"https:\/\/informelitoral.com.ar\/author\/sebastian\/"}]}},"_links":{"self":[{"href":"https:\/\/informelitoral.com.ar\/%77%70%2d%6a%73%6f%6e\/wp\/v2\/posts\/69956","targetHints":{"allow":["GET"]}}],"collection":[{"href":"https:\/\/informelitoral.com.ar\/%77%70%2d%6a%73%6f%6e\/wp\/v2\/posts"}],"about":[{"href":"https:\/\/informelitoral.com.ar\/%77%70%2d%6a%73%6f%6e\/wp\/v2\/types\/post"}],"author":[{"embeddable":true,"href":"https:\/\/informelitoral.com.ar\/%77%70%2d%6a%73%6f%6e\/wp\/v2\/users\/8"}],"replies":[{"embeddable":true,"href":"https:\/\/informelitoral.com.ar\/%77%70%2d%6a%73%6f%6e\/wp\/v2\/comments?post=69956"}],"version-history":[{"count":0,"href":"https:\/\/informelitoral.com.ar\/%77%70%2d%6a%73%6f%6e\/wp\/v2\/posts\/69956\/revisions"}],"wp:featuredmedia":[{"embeddable":true,"href":"https:\/\/informelitoral.com.ar\/%77%70%2d%6a%73%6f%6e\/wp\/v2\/media\/69957"}],"wp:attachment":[{"href":"https:\/\/informelitoral.com.ar\/%77%70%2d%6a%73%6f%6e\/wp\/v2\/media?parent=69956"}],"wp:term":[{"taxonomy":"category","embeddable":true,"href":"https:\/\/informelitoral.com.ar\/%77%70%2d%6a%73%6f%6e\/wp\/v2\/categories?post=69956"},{"taxonomy":"post_tag","embeddable":true,"href":"https:\/\/informelitoral.com.ar\/%77%70%2d%6a%73%6f%6e\/wp\/v2\/tags?post=69956"}],"curies":[{"name":"wp","href":"https:\/\/api.w.org\/{rel}","templated":true}]}}