{"id":69888,"date":"2022-01-05T08:25:39","date_gmt":"2022-01-05T11:25:39","guid":{"rendered":"https:\/\/www.informelitoral.com.ar\/?p=69888"},"modified":"2022-01-05T09:00:54","modified_gmt":"2022-01-05T12:00:54","slug":"bajaron-las-temperaturas-y-llego-el-alivio-en-entre-rios","status":"publish","type":"post","link":"https:\/\/informelitoral.com.ar\/bajaron-las-temperaturas-y-llego-el-alivio-en-entre-rios\/","title":{"rendered":"Bajaron las temperaturas y lleg\u00f3 el alivio en Entre R\u00edos"},"content":{"rendered":"<article id=\"article-post\" class=\"first\">\n<div class=\"cuerpo\" data-twitter-link=\"https:\/\/twitter.com\/intent\/tweet?url=https:\/\/ahora.com.ar\/c4254614&amp;via=PlataformaAhora&amp;related=Ahora&amp;text=\">\n<p>Gracias a la llegada de un frente fr\u00edo, bajaron las temperaturas en\u00a0<strong>Entre R\u00edos<\/strong>.\u00a0<strong>Las lluvias y el viento al comienzo de la semana trajeron alivio, luego de varios d\u00edas de calor intenso<\/strong>.<\/p>\n<\/div>\n<\/article>\n<article id=\"article-post\">\n<div class=\"cuerpo\" data-twitter-link=\"https:\/\/twitter.com\/intent\/tweet?url=https:\/\/ahora.com.ar\/c4254614&amp;via=PlataformaAhora&amp;related=Ahora&amp;text=\">\n<p>Luego de registrarse sensaciones t\u00e9rmicas superiores a 40 grados, el\u00a0Servicio Meteorol\u00f3gico Nacional\u00a0&#8211;<strong>SMN<\/strong>&#8211; informa que se esperan hasta 31 grados este mi\u00e9rcoles.<\/p>\n<p>Incluso,\u00a0<strong>las temperaturas matinales tambi\u00e9n descendieron<\/strong>\u00a0y se ubican durante estos d\u00edas por debajo de los 20 grados. Las ma\u00f1anas continuar\u00e1n m\u00e1s frescas respecto de la semana pasada.<\/p>\n<p>De todas maneras, seg\u00fan el pron\u00f3stico extendido, poco a poco volver\u00e1n a subir las temperaturas y\u00a0<strong>de cara al fin de semana est\u00e1 previsto un aumento del calor<\/strong>.<\/p>\n<p>Por otra parte, se anticipan jornadas soleadas y parcialmente nubladas, pero\u00a0<strong>sin anuncio de precipitaciones<\/strong>.<\/p>\n<p><img decoding=\"async\" src=\"https:\/\/media.ahora.com.ar\/adjuntos\/226\/imagenes\/003\/486\/0003486933.jpg?0000-00-00-00-00-00\" \/><\/p>\n<p><img decoding=\"async\" src=\"https:\/\/media.ahora.com.ar\/adjuntos\/226\/imagenes\/003\/486\/0003486944.jpg?0000-00-00-00-00-00\" \/><\/p>\n<p><img decoding=\"async\" src=\"https:\/\/media.ahora.com.ar\/adjuntos\/226\/imagenes\/003\/486\/0003486955.jpg?0000-00-00-00-00-00\" \/><\/p>\n<p><img decoding=\"async\" src=\"https:\/\/media.ahora.com.ar\/adjuntos\/226\/imagenes\/003\/486\/0003486966.jpg?0000-00-00-00-00-00\" \/><\/p>\n<p><img decoding=\"async\" src=\"https:\/\/media.ahora.com.ar\/adjuntos\/226\/imagenes\/003\/486\/0003486977.jpg?0000-00-00-00-00-00\" \/><\/p>\n<p>&nbsp;<\/p>\n<\/div>\n<\/article>\n<article id=\"article-post\">\n<div class=\"cuerpo\" data-twitter-link=\"https:\/\/twitter.com\/intent\/tweet?url=https:\/\/ahora.com.ar\/c4254614&amp;via=PlataformaAhora&amp;related=Ahora&amp;text=\">\n<p><img decoding=\"async\" src=\"https:\/\/media.ahora.com.ar\/adjuntos\/226\/imagenes\/003\/486\/0003486988.jpg?0000-00-00-00-00-00\" \/><\/p>\n<\/div>\n<\/article>\n","protected":false},"excerpt":{"rendered":"<p>El calor intenso se aplac\u00f3 con la llegada de un frente fresco. De todos modos, con el correr de los d\u00edas volver\u00e1n a subir las temperaturas.<\/p>\n","protected":false},"author":8,"featured_media":69891,"comment_status":"open","ping_status":"open","sticky":false,"template":"","format":"standard","meta":{"fifu_image_url":"","fifu_image_alt":"","footnotes":""},"categories":[9],"tags":[113,2814],"class_list":{"0":"post-69888","1":"post","2":"type-post","3":"status-publish","4":"format-standard","5":"has-post-thumbnail","7":"category-sociedad","8":"tag-smn","9":"tag-temperaturas-bajas"},"yoast_head":"<title>Bajaron las temperaturas y lleg\u00f3 el alivio en Entre R\u00edos - Informe Litoral<\/title>\n<meta name=\"robots\" content=\"index, follow, max-snippet:-1, max-image-preview:large, max-video-preview:-1\" \/>\n<link rel=\"canonical\" href=\"https:\/\/informelitoral.com.ar\/bajaron-las-temperaturas-y-llego-el-alivio-en-entre-rios\/\" \/>\n<meta property=\"og:locale\" content=\"es_ES\" \/>\n<meta property=\"og:type\" content=\"article\" \/>\n<meta property=\"og:title\" content=\"Bajaron las temperaturas y lleg\u00f3 el alivio en Entre R\u00edos - Informe Litoral\" \/>\n<meta property=\"og:description\" content=\"El calor intenso se aplac\u00f3 con la llegada de un frente fresco. De todos modos, con el correr de los d\u00edas volver\u00e1n a subir las temperaturas.\" \/>\n<meta property=\"og:url\" content=\"https:\/\/informelitoral.com.ar\/bajaron-las-temperaturas-y-llego-el-alivio-en-entre-rios\/\" \/>\n<meta property=\"og:site_name\" content=\"Informe Litoral\" \/>\n<meta property=\"article:publisher\" content=\"https:\/\/www.facebook.com\/informelitoral\/\" \/>\n<meta property=\"article:published_time\" content=\"2022-01-05T11:25:39+00:00\" \/>\n<meta property=\"article:modified_time\" content=\"2022-01-05T12:00:54+00:00\" \/>\n<meta property=\"og:image\" content=\"https:\/\/informelitoral.com.ar\/%77%70%2d%63%6f%6e%74%65%6e%74\/uploads\/2022\/01\/posible-episodio-altas-temperaturas-ola-de-calor-inicio-julio-2021-espana-346531-1_1024.jpeg\" \/>\n\t<meta property=\"og:image:width\" content=\"1024\" \/>\n\t<meta property=\"og:image:height\" content=\"720\" \/>\n\t<meta property=\"og:image:type\" content=\"image\/jpeg\" \/>\n<meta name=\"author\" content=\"Sebastian\" \/>\n<meta name=\"twitter:card\" content=\"summary_large_image\" \/>\n<meta name=\"twitter:creator\" content=\"@InformeLitoral\" \/>\n<meta name=\"twitter:site\" content=\"@InformeLitoral\" \/>\n<meta name=\"twitter:label1\" content=\"Escrito por\" \/>\n\t<meta name=\"twitter:data1\" content=\"Sebastian\" \/>\n\t<meta name=\"twitter:label2\" content=\"Tiempo de lectura\" \/>\n\t<meta name=\"twitter:data2\" content=\"1 minuto\" \/>\n<script type=\"application\/ld+json\" class=\"yoast-schema-graph\">{\"@context\":\"https:\\\/\\\/schema.org\",\"@graph\":[{\"@type\":\"Article\",\"@id\":\"https:\\\/\\\/informelitoral.com.ar\\\/bajaron-las-temperaturas-y-llego-el-alivio-en-entre-rios\\\/#article\",\"isPartOf\":{\"@id\":\"https:\\\/\\\/informelitoral.com.ar\\\/bajaron-las-temperaturas-y-llego-el-alivio-en-entre-rios\\\/\"},\"author\":{\"name\":\"Sebastian\",\"@id\":\"https:\\\/\\\/informelitoral.com.ar\\\/#\\\/schema\\\/person\\\/f05f9f461677119578717524b127d6d5\"},\"headline\":\"Bajaron las temperaturas y lleg\u00f3 el alivio en Entre R\u00edos\",\"datePublished\":\"2022-01-05T11:25:39+00:00\",\"dateModified\":\"2022-01-05T12:00:54+00:00\",\"mainEntityOfPage\":{\"@id\":\"https:\\\/\\\/informelitoral.com.ar\\\/bajaron-las-temperaturas-y-llego-el-alivio-en-entre-rios\\\/\"},\"wordCount\":150,\"commentCount\":0,\"publisher\":{\"@id\":\"https:\\\/\\\/informelitoral.com.ar\\\/#organization\"},\"image\":{\"@id\":\"https:\\\/\\\/informelitoral.com.ar\\\/bajaron-las-temperaturas-y-llego-el-alivio-en-entre-rios\\\/#primaryimage\"},\"thumbnailUrl\":\"https:\\\/\\\/informelitoral.com.ar\\\/%77%70%2d%63%6f%6e%74%65%6e%74\\\/uploads\\\/2022\\\/01\\\/posible-episodio-altas-temperaturas-ola-de-calor-inicio-julio-2021-espana-346531-1_1024.jpeg\",\"keywords\":[\"SMN\",\"Temperaturas bajas\"],\"articleSection\":[\"Sociedad\"],\"inLanguage\":\"es\",\"potentialAction\":[{\"@type\":\"CommentAction\",\"name\":\"Comment\",\"target\":[\"https:\\\/\\\/informelitoral.com.ar\\\/bajaron-las-temperaturas-y-llego-el-alivio-en-entre-rios\\\/#respond\"]}]},{\"@type\":\"WebPage\",\"@id\":\"https:\\\/\\\/informelitoral.com.ar\\\/bajaron-las-temperaturas-y-llego-el-alivio-en-entre-rios\\\/\",\"url\":\"https:\\\/\\\/informelitoral.com.ar\\\/bajaron-las-temperaturas-y-llego-el-alivio-en-entre-rios\\\/\",\"name\":\"Bajaron las temperaturas y lleg\u00f3 el alivio en Entre R\u00edos - Informe Litoral\",\"isPartOf\":{\"@id\":\"https:\\\/\\\/informelitoral.com.ar\\\/#website\"},\"primaryImageOfPage\":{\"@id\":\"https:\\\/\\\/informelitoral.com.ar\\\/bajaron-las-temperaturas-y-llego-el-alivio-en-entre-rios\\\/#primaryimage\"},\"image\":{\"@id\":\"https:\\\/\\\/informelitoral.com.ar\\\/bajaron-las-temperaturas-y-llego-el-alivio-en-entre-rios\\\/#primaryimage\"},\"thumbnailUrl\":\"https:\\\/\\\/informelitoral.com.ar\\\/%77%70%2d%63%6f%6e%74%65%6e%74\\\/uploads\\\/2022\\\/01\\\/posible-episodio-altas-temperaturas-ola-de-calor-inicio-julio-2021-espana-346531-1_1024.jpeg\",\"datePublished\":\"2022-01-05T11:25:39+00:00\",\"dateModified\":\"2022-01-05T12:00:54+00:00\",\"breadcrumb\":{\"@id\":\"https:\\\/\\\/informelitoral.com.ar\\\/bajaron-las-temperaturas-y-llego-el-alivio-en-entre-rios\\\/#breadcrumb\"},\"inLanguage\":\"es\",\"potentialAction\":[{\"@type\":\"ReadAction\",\"target\":[\"https:\\\/\\\/informelitoral.com.ar\\\/bajaron-las-temperaturas-y-llego-el-alivio-en-entre-rios\\\/\"]}]},{\"@type\":\"ImageObject\",\"inLanguage\":\"es\",\"@id\":\"https:\\\/\\\/informelitoral.com.ar\\\/bajaron-las-temperaturas-y-llego-el-alivio-en-entre-rios\\\/#primaryimage\",\"url\":\"https:\\\/\\\/informelitoral.com.ar\\\/%77%70%2d%63%6f%6e%74%65%6e%74\\\/uploads\\\/2022\\\/01\\\/posible-episodio-altas-temperaturas-ola-de-calor-inicio-julio-2021-espana-346531-1_1024.jpeg\",\"contentUrl\":\"https:\\\/\\\/informelitoral.com.ar\\\/%77%70%2d%63%6f%6e%74%65%6e%74\\\/uploads\\\/2022\\\/01\\\/posible-episodio-altas-temperaturas-ola-de-calor-inicio-julio-2021-espana-346531-1_1024.jpeg\",\"width\":1024,\"height\":720},{\"@type\":\"BreadcrumbList\",\"@id\":\"https:\\\/\\\/informelitoral.com.ar\\\/bajaron-las-temperaturas-y-llego-el-alivio-en-entre-rios\\\/#breadcrumb\",\"itemListElement\":[{\"@type\":\"ListItem\",\"position\":1,\"name\":\"Portada\",\"item\":\"https:\\\/\\\/informelitoral.com.ar\\\/\"},{\"@type\":\"ListItem\",\"position\":2,\"name\":\"Bajaron las temperaturas y lleg\u00f3 el alivio en Entre R\u00edos\"}]},{\"@type\":\"WebSite\",\"@id\":\"https:\\\/\\\/informelitoral.com.ar\\\/#website\",\"url\":\"https:\\\/\\\/informelitoral.com.ar\\\/\",\"name\":\"Informe Litoral\",\"description\":\"&quot;Nos informamos&quot; \",\"publisher\":{\"@id\":\"https:\\\/\\\/informelitoral.com.ar\\\/#organization\"},\"potentialAction\":[{\"@type\":\"SearchAction\",\"target\":{\"@type\":\"EntryPoint\",\"urlTemplate\":\"https:\\\/\\\/informelitoral.com.ar\\\/?s={search_term_string}\"},\"query-input\":{\"@type\":\"PropertyValueSpecification\",\"valueRequired\":true,\"valueName\":\"search_term_string\"}}],\"inLanguage\":\"es\"},{\"@type\":\"Organization\",\"@id\":\"https:\\\/\\\/informelitoral.com.ar\\\/#organization\",\"name\":\"Informe Litoral\",\"url\":\"https:\\\/\\\/informelitoral.com.ar\\\/\",\"logo\":{\"@type\":\"ImageObject\",\"inLanguage\":\"es\",\"@id\":\"https:\\\/\\\/informelitoral.com.ar\\\/#\\\/schema\\\/logo\\\/image\\\/\",\"url\":\"https:\\\/\\\/informelitoral.com.ar\\\/%77%70%2d%63%6f%6e%74%65%6e%74\\\/uploads\\\/2021\\\/01\\\/circulo.png\",\"contentUrl\":\"https:\\\/\\\/informelitoral.com.ar\\\/%77%70%2d%63%6f%6e%74%65%6e%74\\\/uploads\\\/2021\\\/01\\\/circulo.png\",\"width\":723,\"height\":731,\"caption\":\"Informe Litoral\"},\"image\":{\"@id\":\"https:\\\/\\\/informelitoral.com.ar\\\/#\\\/schema\\\/logo\\\/image\\\/\"},\"sameAs\":[\"https:\\\/\\\/www.facebook.com\\\/informelitoral\\\/\",\"https:\\\/\\\/x.com\\\/InformeLitoral\",\"https:\\\/\\\/www.instagram.com\\\/informelitoral\\\/\",\"https:\\\/\\\/www.youtube.com\\\/channel\\\/UCua4Qvz8Icb6MYqhoq9xLXw\"]},{\"@type\":\"Person\",\"@id\":\"https:\\\/\\\/informelitoral.com.ar\\\/#\\\/schema\\\/person\\\/f05f9f461677119578717524b127d6d5\",\"name\":\"Sebastian\",\"image\":{\"@type\":\"ImageObject\",\"inLanguage\":\"es\",\"@id\":\"https:\\\/\\\/secure.gravatar.com\\\/avatar\\\/b71bf7481d447dfb9583c7f2798e7cc64de6efb9067b74633ed8c31059a3bd82?s=96&d=mm&r=g\",\"url\":\"https:\\\/\\\/secure.gravatar.com\\\/avatar\\\/b71bf7481d447dfb9583c7f2798e7cc64de6efb9067b74633ed8c31059a3bd82?s=96&d=mm&r=g\",\"contentUrl\":\"https:\\\/\\\/secure.gravatar.com\\\/avatar\\\/b71bf7481d447dfb9583c7f2798e7cc64de6efb9067b74633ed8c31059a3bd82?s=96&d=mm&r=g\",\"caption\":\"Sebastian\"},\"url\":\"https:\\\/\\\/informelitoral.com.ar\\\/author\\\/sebastian\\\/\"}]}<\/script>","yoast_head_json":{"title":"Bajaron las temperaturas y lleg\u00f3 el alivio en Entre R\u00edos - Informe Litoral","robots":{"index":"index","follow":"follow","max-snippet":"max-snippet:-1","max-image-preview":"max-image-preview:large","max-video-preview":"max-video-preview:-1"},"canonical":"https:\/\/informelitoral.com.ar\/bajaron-las-temperaturas-y-llego-el-alivio-en-entre-rios\/","og_locale":"es_ES","og_type":"article","og_title":"Bajaron las temperaturas y lleg\u00f3 el alivio en Entre R\u00edos - Informe Litoral","og_description":"El calor intenso se aplac\u00f3 con la llegada de un frente fresco. De todos modos, con el correr de los d\u00edas volver\u00e1n a subir las temperaturas.","og_url":"https:\/\/informelitoral.com.ar\/bajaron-las-temperaturas-y-llego-el-alivio-en-entre-rios\/","og_site_name":"Informe Litoral","article_publisher":"https:\/\/www.facebook.com\/informelitoral\/","article_published_time":"2022-01-05T11:25:39+00:00","article_modified_time":"2022-01-05T12:00:54+00:00","og_image":[{"width":1024,"height":720,"url":"https:\/\/informelitoral.com.ar\/%77%70%2d%63%6f%6e%74%65%6e%74\/uploads\/2022\/01\/posible-episodio-altas-temperaturas-ola-de-calor-inicio-julio-2021-espana-346531-1_1024.jpeg","type":"image\/jpeg"}],"author":"Sebastian","twitter_card":"summary_large_image","twitter_creator":"@InformeLitoral","twitter_site":"@InformeLitoral","twitter_misc":{"Escrito por":"Sebastian","Tiempo de lectura":"1 minuto"},"schema":{"@context":"https:\/\/schema.org","@graph":[{"@type":"Article","@id":"https:\/\/informelitoral.com.ar\/bajaron-las-temperaturas-y-llego-el-alivio-en-entre-rios\/#article","isPartOf":{"@id":"https:\/\/informelitoral.com.ar\/bajaron-las-temperaturas-y-llego-el-alivio-en-entre-rios\/"},"author":{"name":"Sebastian","@id":"https:\/\/informelitoral.com.ar\/#\/schema\/person\/f05f9f461677119578717524b127d6d5"},"headline":"Bajaron las temperaturas y lleg\u00f3 el alivio en Entre R\u00edos","datePublished":"2022-01-05T11:25:39+00:00","dateModified":"2022-01-05T12:00:54+00:00","mainEntityOfPage":{"@id":"https:\/\/informelitoral.com.ar\/bajaron-las-temperaturas-y-llego-el-alivio-en-entre-rios\/"},"wordCount":150,"commentCount":0,"publisher":{"@id":"https:\/\/informelitoral.com.ar\/#organization"},"image":{"@id":"https:\/\/informelitoral.com.ar\/bajaron-las-temperaturas-y-llego-el-alivio-en-entre-rios\/#primaryimage"},"thumbnailUrl":"https:\/\/informelitoral.com.ar\/%77%70%2d%63%6f%6e%74%65%6e%74\/uploads\/2022\/01\/posible-episodio-altas-temperaturas-ola-de-calor-inicio-julio-2021-espana-346531-1_1024.jpeg","keywords":["SMN","Temperaturas bajas"],"articleSection":["Sociedad"],"inLanguage":"es","potentialAction":[{"@type":"CommentAction","name":"Comment","target":["https:\/\/informelitoral.com.ar\/bajaron-las-temperaturas-y-llego-el-alivio-en-entre-rios\/#respond"]}]},{"@type":"WebPage","@id":"https:\/\/informelitoral.com.ar\/bajaron-las-temperaturas-y-llego-el-alivio-en-entre-rios\/","url":"https:\/\/informelitoral.com.ar\/bajaron-las-temperaturas-y-llego-el-alivio-en-entre-rios\/","name":"Bajaron las temperaturas y lleg\u00f3 el alivio en Entre R\u00edos - Informe Litoral","isPartOf":{"@id":"https:\/\/informelitoral.com.ar\/#website"},"primaryImageOfPage":{"@id":"https:\/\/informelitoral.com.ar\/bajaron-las-temperaturas-y-llego-el-alivio-en-entre-rios\/#primaryimage"},"image":{"@id":"https:\/\/informelitoral.com.ar\/bajaron-las-temperaturas-y-llego-el-alivio-en-entre-rios\/#primaryimage"},"thumbnailUrl":"https:\/\/informelitoral.com.ar\/%77%70%2d%63%6f%6e%74%65%6e%74\/uploads\/2022\/01\/posible-episodio-altas-temperaturas-ola-de-calor-inicio-julio-2021-espana-346531-1_1024.jpeg","datePublished":"2022-01-05T11:25:39+00:00","dateModified":"2022-01-05T12:00:54+00:00","breadcrumb":{"@id":"https:\/\/informelitoral.com.ar\/bajaron-las-temperaturas-y-llego-el-alivio-en-entre-rios\/#breadcrumb"},"inLanguage":"es","potentialAction":[{"@type":"ReadAction","target":["https:\/\/informelitoral.com.ar\/bajaron-las-temperaturas-y-llego-el-alivio-en-entre-rios\/"]}]},{"@type":"ImageObject","inLanguage":"es","@id":"https:\/\/informelitoral.com.ar\/bajaron-las-temperaturas-y-llego-el-alivio-en-entre-rios\/#primaryimage","url":"https:\/\/informelitoral.com.ar\/%77%70%2d%63%6f%6e%74%65%6e%74\/uploads\/2022\/01\/posible-episodio-altas-temperaturas-ola-de-calor-inicio-julio-2021-espana-346531-1_1024.jpeg","contentUrl":"https:\/\/informelitoral.com.ar\/%77%70%2d%63%6f%6e%74%65%6e%74\/uploads\/2022\/01\/posible-episodio-altas-temperaturas-ola-de-calor-inicio-julio-2021-espana-346531-1_1024.jpeg","width":1024,"height":720},{"@type":"BreadcrumbList","@id":"https:\/\/informelitoral.com.ar\/bajaron-las-temperaturas-y-llego-el-alivio-en-entre-rios\/#breadcrumb","itemListElement":[{"@type":"ListItem","position":1,"name":"Portada","item":"https:\/\/informelitoral.com.ar\/"},{"@type":"ListItem","position":2,"name":"Bajaron las temperaturas y lleg\u00f3 el alivio en Entre R\u00edos"}]},{"@type":"WebSite","@id":"https:\/\/informelitoral.com.ar\/#website","url":"https:\/\/informelitoral.com.ar\/","name":"Informe Litoral","description":"&quot;Nos informamos&quot; ","publisher":{"@id":"https:\/\/informelitoral.com.ar\/#organization"},"potentialAction":[{"@type":"SearchAction","target":{"@type":"EntryPoint","urlTemplate":"https:\/\/informelitoral.com.ar\/?s={search_term_string}"},"query-input":{"@type":"PropertyValueSpecification","valueRequired":true,"valueName":"search_term_string"}}],"inLanguage":"es"},{"@type":"Organization","@id":"https:\/\/informelitoral.com.ar\/#organization","name":"Informe Litoral","url":"https:\/\/informelitoral.com.ar\/","logo":{"@type":"ImageObject","inLanguage":"es","@id":"https:\/\/informelitoral.com.ar\/#\/schema\/logo\/image\/","url":"https:\/\/informelitoral.com.ar\/%77%70%2d%63%6f%6e%74%65%6e%74\/uploads\/2021\/01\/circulo.png","contentUrl":"https:\/\/informelitoral.com.ar\/%77%70%2d%63%6f%6e%74%65%6e%74\/uploads\/2021\/01\/circulo.png","width":723,"height":731,"caption":"Informe Litoral"},"image":{"@id":"https:\/\/informelitoral.com.ar\/#\/schema\/logo\/image\/"},"sameAs":["https:\/\/www.facebook.com\/informelitoral\/","https:\/\/x.com\/InformeLitoral","https:\/\/www.instagram.com\/informelitoral\/","https:\/\/www.youtube.com\/channel\/UCua4Qvz8Icb6MYqhoq9xLXw"]},{"@type":"Person","@id":"https:\/\/informelitoral.com.ar\/#\/schema\/person\/f05f9f461677119578717524b127d6d5","name":"Sebastian","image":{"@type":"ImageObject","inLanguage":"es","@id":"https:\/\/secure.gravatar.com\/avatar\/b71bf7481d447dfb9583c7f2798e7cc64de6efb9067b74633ed8c31059a3bd82?s=96&d=mm&r=g","url":"https:\/\/secure.gravatar.com\/avatar\/b71bf7481d447dfb9583c7f2798e7cc64de6efb9067b74633ed8c31059a3bd82?s=96&d=mm&r=g","contentUrl":"https:\/\/secure.gravatar.com\/avatar\/b71bf7481d447dfb9583c7f2798e7cc64de6efb9067b74633ed8c31059a3bd82?s=96&d=mm&r=g","caption":"Sebastian"},"url":"https:\/\/informelitoral.com.ar\/author\/sebastian\/"}]}},"_links":{"self":[{"href":"https:\/\/informelitoral.com.ar\/%77%70%2d%6a%73%6f%6e\/wp\/v2\/posts\/69888","targetHints":{"allow":["GET"]}}],"collection":[{"href":"https:\/\/informelitoral.com.ar\/%77%70%2d%6a%73%6f%6e\/wp\/v2\/posts"}],"about":[{"href":"https:\/\/informelitoral.com.ar\/%77%70%2d%6a%73%6f%6e\/wp\/v2\/types\/post"}],"author":[{"embeddable":true,"href":"https:\/\/informelitoral.com.ar\/%77%70%2d%6a%73%6f%6e\/wp\/v2\/users\/8"}],"replies":[{"embeddable":true,"href":"https:\/\/informelitoral.com.ar\/%77%70%2d%6a%73%6f%6e\/wp\/v2\/comments?post=69888"}],"version-history":[{"count":0,"href":"https:\/\/informelitoral.com.ar\/%77%70%2d%6a%73%6f%6e\/wp\/v2\/posts\/69888\/revisions"}],"wp:featuredmedia":[{"embeddable":true,"href":"https:\/\/informelitoral.com.ar\/%77%70%2d%6a%73%6f%6e\/wp\/v2\/media\/69891"}],"wp:attachment":[{"href":"https:\/\/informelitoral.com.ar\/%77%70%2d%6a%73%6f%6e\/wp\/v2\/media?parent=69888"}],"wp:term":[{"taxonomy":"category","embeddable":true,"href":"https:\/\/informelitoral.com.ar\/%77%70%2d%6a%73%6f%6e\/wp\/v2\/categories?post=69888"},{"taxonomy":"post_tag","embeddable":true,"href":"https:\/\/informelitoral.com.ar\/%77%70%2d%6a%73%6f%6e\/wp\/v2\/tags?post=69888"}],"curies":[{"name":"wp","href":"https:\/\/api.w.org\/{rel}","templated":true}]}}