{"id":69886,"date":"2022-01-05T08:40:06","date_gmt":"2022-01-05T11:40:06","guid":{"rendered":"https:\/\/www.informelitoral.com.ar\/?p=69886"},"modified":"2022-01-05T08:40:06","modified_gmt":"2022-01-05T11:40:06","slug":"precios-cuidados-el-nuevo-acuerdo-tendra-mas-de-1-300-productos","status":"publish","type":"post","link":"https:\/\/informelitoral.com.ar\/precios-cuidados-el-nuevo-acuerdo-tendra-mas-de-1-300-productos\/","title":{"rendered":"Precios Cuidados: el nuevo acuerdo tendr\u00e1 m\u00e1s de 1.300 productos"},"content":{"rendered":"<article id=\"article-post\" class=\"first\">\n<div class=\"cuerpo\" data-twitter-link=\"https:\/\/twitter.com\/intent\/tweet?url=https:\/\/ahora.com.ar\/c4254613&amp;via=PlataformaAhora&amp;related=Ahora&amp;text=\">\n<p><strong>El Gobierno estima tener para el viernes cerrado el acuerdo de\u00a0Precios Cuidados\u00a0que incluir\u00e1 m\u00e1s de 1.300 productos de la canasta b\u00e1sica<\/strong>. El acuerdo es voluntario, se contemplan revisiones mensuales o trimestrales y con una pauta de subas del 6% trimestral o del 2% mensual, dependiendo el tipo de producto.<\/p>\n<\/div>\n<\/article>\n<article id=\"article-post\">\n<div class=\"cuerpo\" data-twitter-link=\"https:\/\/twitter.com\/intent\/tweet?url=https:\/\/ahora.com.ar\/c4254613&amp;via=PlataformaAhora&amp;related=Ahora&amp;text=\">\n<p>Si bien a\u00fan no est\u00e1 cerrado, el ministro\u00a0<strong>Mart\u00edn Guzm\u00e1n\u00a0y el secretario de Comercio, Roberto Felleti<\/strong>\u00a0se mostraron confiados en poder anunciarlo este viernes que es cuando vence el anterior acuerdo.<\/p>\n<p>Justamente en el almuerzo que convoc\u00f3 Guzm\u00e1n, junto a su par de\u00a0<strong>Desarrollo Productivo,<\/strong>\u00a0<strong>Mat\u00edas Kulfas, el Presidente del Banco Central,\u00a0Miguel Pesce, el ministro de Producci\u00f3n, Mat\u00edas Kulfas y Felleti<\/strong>se destac\u00f3 la buena predisposici\u00f3n del sector empresario para comprender la importancia del acuerdo de precios.<\/p>\n<p>De la reuni\u00f3n participaron\u00a0<strong>Laura Barnator (Unilever); Gabriela Bardin (P&amp;G); Gonzalo Fagioli (Quilmes); Abelardo Gudi\u00f1o (Coca Cola); Adri\u00e1n Kaufman Brea (Grupo Arcor); Maximiliano Lapidus (La Seren\u00edsima); y Agust\u00edn Llanos (Molinos R\u00edo de La Plata).<\/strong><\/p>\n<p>De acuerdo a lo que indic\u00f3 el ministro de Econom\u00eda, este acuerdo de precios cuidados\u00a0<strong>representa \u201cun cap\u00edtulo del acuerdo con el FMI<\/strong>\u00a0<strong>que est\u00e1 avanzado, pero a\u00fan no lo hemos podido cerrar\u201d<\/strong>sincero Guzm\u00e1n. Su aspiraci\u00f3n, es poder enviarlo al Congreso\u00a0<strong>\u201clo antes posible\u201d<\/strong>\u00a0pero evit\u00f3 mencionar las metas macroecon\u00f3micas que se est\u00e1n discutiendo con el staff del Fondo.<\/p>\n<p>Cabe recordar que este mi\u00e9rcoles el titular del Palacio de Hacienda en la Casa Rosada a las 17 horas brindar\u00e1 una exposici\u00f3n a los gobernadores donde\u00a0<strong>se conocer\u00e1n los avances de la negociaci\u00f3n con el equipo del FMI y cu\u00e1les son los \u201cescollos\u201d.<\/strong><\/p>\n<p>El almuerzo, al cual las autoridades definieron de \u201ctrabajo\u201d, comenz\u00f3 con una breve exposici\u00f3n de Guzm\u00e1n que resumi\u00f3 la buena performance de este a\u00f1o y los efectos de la pandemia.<\/p>\n<p>Luego el funcionario invit\u00f3 a todos los asistentes a que expresen sus opiniones. As\u00ed algunos hicieron referencia a las dificultades que tuvieron que\u00a0<strong>enfrentar durante la pandemia con \u201ccostos que sub\u00edan y precios congelados\u201d.<\/strong><\/p>\n<p>Otros, particularmente las que tienen sus casas matrices en el exterior, manifestaron\u00a0<strong>las diferentes dificultades que implica el cepo.<\/strong><\/p>\n<p>En este sentido, el ministro\u00a0<strong>Guzm\u00e1n<\/strong>\u00a0junto con el titular del BCRA,\u00a0<strong>Pesce<\/strong>\u00a0se ofrecieron a mantener\u00a0<strong>un dialogo con los CEO de las casas centrales a los efectos de explicar las dificultades que enfrenta la Argentina.<\/strong>\u00a0El ofrecimiento fue bien recibido por las\u00a0empresas\u00a0a quienes no le debe ser f\u00e1cil explicar las diferentes normativas restrictivas.<\/p>\n<p>La intenci\u00f3n de los funcionarios es incentivar a las casas matrices a participar del desarrollo del mercado de capitales en Argentina. Hoy gran parte de las\u00a0empresas\u00a0cuenta con mucha disponibilidad de pesos que necesitar\u00edan invertir, pero se encuentran con el impedimento de sus casas matrices que presionan por el giro de utilidades.<\/p>\n<p>El incremento de\u00a0<strong>casos positivos<\/strong>\u00a0tambi\u00e9n fue parte de la conversaci\u00f3n dado que en algunas compa\u00f1\u00edas se increment\u00f3 notablemente el ausentismo. \u201c<strong>Hace un tiempo el ausentismo se ubicaba entre 8% al 10% y desde hace 10 d\u00edas este indicador pas\u00f3 a 18% a 25%\u201d,<\/strong>\u00a0coment\u00f3 otro empresario. Justamente este martes se conoci\u00f3 que los casos positivos superaron los 81.000.<\/p>\n<p>El\u00a0<strong>mercado en negro, que ha crecido de manera exponencial en los \u00faltimos tiempos,<\/strong>tambi\u00e9n fue parte de los comentarios de las empresas. En este punto, el secretario de Comercio reconoci\u00f3 que\u00a0<strong>es necesario incrementar los controles.<\/strong>\u00a0Hubo menciones a mecanismos que se aplicaron en Brasil para formalizar a sectores de la econom\u00eda informal.<\/p>\n<p>El ministro Guzm\u00e1n\u00a0<strong>se comprometi\u00f3 a \u201cfacilitar\u201d<\/strong>\u00a0el incremento de las exportaciones del sector alimenticio. \u201c<strong>Necesitamos trabajar en conjunto para potenciar las ventas al exterior\u201d,<\/strong>\u00a0afirm\u00f3.<\/p>\n<p>Para el gobierno este a\u00f1o se pudo recuperar fuertemente el crecimiento, la creaci\u00f3n de puestos de trabajo, el aumento de las exportaciones y la estabilidad cambiaria. Pero, el titular del Palacio de Hacienda reconoci\u00f3 en la necesidad de complementar un\u00a0<strong>\u201cesquema macroecon\u00f3mico integral para atacar el problema inflacionario con pol\u00edticas de precios e ingresos, que incluyan acuerdos de precios entre el sector p\u00fablico y el sector privado\u201d<\/strong>, remarc\u00f3 el titular del Palacio de Hacienda.<\/p>\n<p>El encuentro, que uno de los participantes defini\u00f3 como una\u201d tormenta<strong>\u00a0de ideas\u201d,<\/strong>\u00a0fue el puntapi\u00e9 para otras reuniones, aunque sin fecha a\u00fan, seg\u00fan comentaron los asistentes.<\/p>\n<p>En l\u00edneas generales, el almuerzo fue definido como\u00a0<strong>\u201cpositivo\u201d<\/strong>\u00a0por ambas partes al tiempo que algunos hombres de negocios tuvieron la oportunidad de conocer el quincho (comieron asado) del \u00faltimo piso del Palacio de Hacienda que permite ver la Casa Rosada, Puerto Madero y la Plaza de Mayo.<\/p>\n<\/div>\n<\/article>\n","protected":false},"excerpt":{"rendered":"<p>En el almuerzo que mantuvo el ministro de Econom\u00eda, Martin Guzm\u00e1n con empresarios se resalt\u00f3 la importancia del nuevo acuerdo de Precios Cuidados.<\/p>\n","protected":false},"author":8,"featured_media":29450,"comment_status":"open","ping_status":"open","sticky":false,"template":"","format":"standard","meta":{"fifu_image_url":"","fifu_image_alt":"","footnotes":""},"categories":[1594],"tags":[2813,1024],"class_list":{"0":"post-69886","1":"post","2":"type-post","3":"status-publish","4":"format-standard","5":"has-post-thumbnail","7":"category-economia","8":"tag-acuerdo-de-nuevos-productos","9":"tag-precios-cuidados"},"yoast_head":"<title>Precios Cuidados: el nuevo acuerdo tendr\u00e1 m\u00e1s de 1.300 productos - Informe Litoral<\/title>\n<meta name=\"robots\" content=\"index, follow, max-snippet:-1, max-image-preview:large, max-video-preview:-1\" \/>\n<link rel=\"canonical\" href=\"https:\/\/informelitoral.com.ar\/precios-cuidados-el-nuevo-acuerdo-tendra-mas-de-1-300-productos\/\" \/>\n<meta property=\"og:locale\" content=\"es_ES\" \/>\n<meta property=\"og:type\" content=\"article\" \/>\n<meta property=\"og:title\" content=\"Precios Cuidados: el nuevo acuerdo tendr\u00e1 m\u00e1s de 1.300 productos - Informe Litoral\" \/>\n<meta property=\"og:description\" content=\"En el almuerzo que mantuvo el ministro de Econom\u00eda, Martin Guzm\u00e1n con empresarios se resalt\u00f3 la importancia del nuevo acuerdo de Precios Cuidados.\" \/>\n<meta property=\"og:url\" content=\"https:\/\/informelitoral.com.ar\/precios-cuidados-el-nuevo-acuerdo-tendra-mas-de-1-300-productos\/\" \/>\n<meta property=\"og:site_name\" content=\"Informe Litoral\" \/>\n<meta property=\"article:publisher\" content=\"https:\/\/www.facebook.com\/informelitoral\/\" \/>\n<meta property=\"article:published_time\" content=\"2022-01-05T11:40:06+00:00\" \/>\n<meta property=\"og:image\" content=\"https:\/\/informelitoral.com.ar\/%77%70%2d%63%6f%6e%74%65%6e%74\/uploads\/2018\/09\/precios-cuidadosnuevaetapa-768x511.jpg\" \/>\n\t<meta property=\"og:image:width\" content=\"768\" \/>\n\t<meta property=\"og:image:height\" content=\"511\" \/>\n\t<meta property=\"og:image:type\" content=\"image\/jpeg\" \/>\n<meta name=\"author\" content=\"Sebastian\" \/>\n<meta name=\"twitter:card\" content=\"summary_large_image\" \/>\n<meta name=\"twitter:creator\" content=\"@InformeLitoral\" \/>\n<meta name=\"twitter:site\" content=\"@InformeLitoral\" \/>\n<meta name=\"twitter:label1\" content=\"Escrito por\" \/>\n\t<meta name=\"twitter:data1\" content=\"Sebastian\" \/>\n\t<meta name=\"twitter:label2\" content=\"Tiempo de lectura\" \/>\n\t<meta name=\"twitter:data2\" content=\"4 minutos\" \/>\n<script type=\"application\/ld+json\" class=\"yoast-schema-graph\">{\"@context\":\"https:\\\/\\\/schema.org\",\"@graph\":[{\"@type\":\"Article\",\"@id\":\"https:\\\/\\\/informelitoral.com.ar\\\/precios-cuidados-el-nuevo-acuerdo-tendra-mas-de-1-300-productos\\\/#article\",\"isPartOf\":{\"@id\":\"https:\\\/\\\/informelitoral.com.ar\\\/precios-cuidados-el-nuevo-acuerdo-tendra-mas-de-1-300-productos\\\/\"},\"author\":{\"name\":\"Sebastian\",\"@id\":\"https:\\\/\\\/informelitoral.com.ar\\\/#\\\/schema\\\/person\\\/f05f9f461677119578717524b127d6d5\"},\"headline\":\"Precios Cuidados: el nuevo acuerdo tendr\u00e1 m\u00e1s de 1.300 productos\",\"datePublished\":\"2022-01-05T11:40:06+00:00\",\"mainEntityOfPage\":{\"@id\":\"https:\\\/\\\/informelitoral.com.ar\\\/precios-cuidados-el-nuevo-acuerdo-tendra-mas-de-1-300-productos\\\/\"},\"wordCount\":800,\"commentCount\":0,\"publisher\":{\"@id\":\"https:\\\/\\\/informelitoral.com.ar\\\/#organization\"},\"image\":{\"@id\":\"https:\\\/\\\/informelitoral.com.ar\\\/precios-cuidados-el-nuevo-acuerdo-tendra-mas-de-1-300-productos\\\/#primaryimage\"},\"thumbnailUrl\":\"https:\\\/\\\/informelitoral.com.ar\\\/%77%70%2d%63%6f%6e%74%65%6e%74\\\/uploads\\\/2018\\\/09\\\/precios-cuidadosnuevaetapa-768x511.jpg\",\"keywords\":[\"Acuerdo de nuevos productos\",\"Precios Cuidados\"],\"articleSection\":[\"Econom\u00eda\"],\"inLanguage\":\"es\",\"potentialAction\":[{\"@type\":\"CommentAction\",\"name\":\"Comment\",\"target\":[\"https:\\\/\\\/informelitoral.com.ar\\\/precios-cuidados-el-nuevo-acuerdo-tendra-mas-de-1-300-productos\\\/#respond\"]}]},{\"@type\":\"WebPage\",\"@id\":\"https:\\\/\\\/informelitoral.com.ar\\\/precios-cuidados-el-nuevo-acuerdo-tendra-mas-de-1-300-productos\\\/\",\"url\":\"https:\\\/\\\/informelitoral.com.ar\\\/precios-cuidados-el-nuevo-acuerdo-tendra-mas-de-1-300-productos\\\/\",\"name\":\"Precios Cuidados: el nuevo acuerdo tendr\u00e1 m\u00e1s de 1.300 productos - Informe Litoral\",\"isPartOf\":{\"@id\":\"https:\\\/\\\/informelitoral.com.ar\\\/#website\"},\"primaryImageOfPage\":{\"@id\":\"https:\\\/\\\/informelitoral.com.ar\\\/precios-cuidados-el-nuevo-acuerdo-tendra-mas-de-1-300-productos\\\/#primaryimage\"},\"image\":{\"@id\":\"https:\\\/\\\/informelitoral.com.ar\\\/precios-cuidados-el-nuevo-acuerdo-tendra-mas-de-1-300-productos\\\/#primaryimage\"},\"thumbnailUrl\":\"https:\\\/\\\/informelitoral.com.ar\\\/%77%70%2d%63%6f%6e%74%65%6e%74\\\/uploads\\\/2018\\\/09\\\/precios-cuidadosnuevaetapa-768x511.jpg\",\"datePublished\":\"2022-01-05T11:40:06+00:00\",\"breadcrumb\":{\"@id\":\"https:\\\/\\\/informelitoral.com.ar\\\/precios-cuidados-el-nuevo-acuerdo-tendra-mas-de-1-300-productos\\\/#breadcrumb\"},\"inLanguage\":\"es\",\"potentialAction\":[{\"@type\":\"ReadAction\",\"target\":[\"https:\\\/\\\/informelitoral.com.ar\\\/precios-cuidados-el-nuevo-acuerdo-tendra-mas-de-1-300-productos\\\/\"]}]},{\"@type\":\"ImageObject\",\"inLanguage\":\"es\",\"@id\":\"https:\\\/\\\/informelitoral.com.ar\\\/precios-cuidados-el-nuevo-acuerdo-tendra-mas-de-1-300-productos\\\/#primaryimage\",\"url\":\"https:\\\/\\\/informelitoral.com.ar\\\/%77%70%2d%63%6f%6e%74%65%6e%74\\\/uploads\\\/2018\\\/09\\\/precios-cuidadosnuevaetapa-768x511.jpg\",\"contentUrl\":\"https:\\\/\\\/informelitoral.com.ar\\\/%77%70%2d%63%6f%6e%74%65%6e%74\\\/uploads\\\/2018\\\/09\\\/precios-cuidadosnuevaetapa-768x511.jpg\",\"width\":768,\"height\":511},{\"@type\":\"BreadcrumbList\",\"@id\":\"https:\\\/\\\/informelitoral.com.ar\\\/precios-cuidados-el-nuevo-acuerdo-tendra-mas-de-1-300-productos\\\/#breadcrumb\",\"itemListElement\":[{\"@type\":\"ListItem\",\"position\":1,\"name\":\"Portada\",\"item\":\"https:\\\/\\\/informelitoral.com.ar\\\/\"},{\"@type\":\"ListItem\",\"position\":2,\"name\":\"Precios Cuidados: el nuevo acuerdo tendr\u00e1 m\u00e1s de 1.300 productos\"}]},{\"@type\":\"WebSite\",\"@id\":\"https:\\\/\\\/informelitoral.com.ar\\\/#website\",\"url\":\"https:\\\/\\\/informelitoral.com.ar\\\/\",\"name\":\"Informe Litoral\",\"description\":\"&quot;Nos informamos&quot; \",\"publisher\":{\"@id\":\"https:\\\/\\\/informelitoral.com.ar\\\/#organization\"},\"potentialAction\":[{\"@type\":\"SearchAction\",\"target\":{\"@type\":\"EntryPoint\",\"urlTemplate\":\"https:\\\/\\\/informelitoral.com.ar\\\/?s={search_term_string}\"},\"query-input\":{\"@type\":\"PropertyValueSpecification\",\"valueRequired\":true,\"valueName\":\"search_term_string\"}}],\"inLanguage\":\"es\"},{\"@type\":\"Organization\",\"@id\":\"https:\\\/\\\/informelitoral.com.ar\\\/#organization\",\"name\":\"Informe Litoral\",\"url\":\"https:\\\/\\\/informelitoral.com.ar\\\/\",\"logo\":{\"@type\":\"ImageObject\",\"inLanguage\":\"es\",\"@id\":\"https:\\\/\\\/informelitoral.com.ar\\\/#\\\/schema\\\/logo\\\/image\\\/\",\"url\":\"https:\\\/\\\/informelitoral.com.ar\\\/%77%70%2d%63%6f%6e%74%65%6e%74\\\/uploads\\\/2021\\\/01\\\/circulo.png\",\"contentUrl\":\"https:\\\/\\\/informelitoral.com.ar\\\/%77%70%2d%63%6f%6e%74%65%6e%74\\\/uploads\\\/2021\\\/01\\\/circulo.png\",\"width\":723,\"height\":731,\"caption\":\"Informe Litoral\"},\"image\":{\"@id\":\"https:\\\/\\\/informelitoral.com.ar\\\/#\\\/schema\\\/logo\\\/image\\\/\"},\"sameAs\":[\"https:\\\/\\\/www.facebook.com\\\/informelitoral\\\/\",\"https:\\\/\\\/x.com\\\/InformeLitoral\",\"https:\\\/\\\/www.instagram.com\\\/informelitoral\\\/\",\"https:\\\/\\\/www.youtube.com\\\/channel\\\/UCua4Qvz8Icb6MYqhoq9xLXw\"]},{\"@type\":\"Person\",\"@id\":\"https:\\\/\\\/informelitoral.com.ar\\\/#\\\/schema\\\/person\\\/f05f9f461677119578717524b127d6d5\",\"name\":\"Sebastian\",\"image\":{\"@type\":\"ImageObject\",\"inLanguage\":\"es\",\"@id\":\"https:\\\/\\\/secure.gravatar.com\\\/avatar\\\/b71bf7481d447dfb9583c7f2798e7cc64de6efb9067b74633ed8c31059a3bd82?s=96&d=mm&r=g\",\"url\":\"https:\\\/\\\/secure.gravatar.com\\\/avatar\\\/b71bf7481d447dfb9583c7f2798e7cc64de6efb9067b74633ed8c31059a3bd82?s=96&d=mm&r=g\",\"contentUrl\":\"https:\\\/\\\/secure.gravatar.com\\\/avatar\\\/b71bf7481d447dfb9583c7f2798e7cc64de6efb9067b74633ed8c31059a3bd82?s=96&d=mm&r=g\",\"caption\":\"Sebastian\"},\"url\":\"https:\\\/\\\/informelitoral.com.ar\\\/author\\\/sebastian\\\/\"}]}<\/script>","yoast_head_json":{"title":"Precios Cuidados: el nuevo acuerdo tendr\u00e1 m\u00e1s de 1.300 productos - Informe Litoral","robots":{"index":"index","follow":"follow","max-snippet":"max-snippet:-1","max-image-preview":"max-image-preview:large","max-video-preview":"max-video-preview:-1"},"canonical":"https:\/\/informelitoral.com.ar\/precios-cuidados-el-nuevo-acuerdo-tendra-mas-de-1-300-productos\/","og_locale":"es_ES","og_type":"article","og_title":"Precios Cuidados: el nuevo acuerdo tendr\u00e1 m\u00e1s de 1.300 productos - Informe Litoral","og_description":"En el almuerzo que mantuvo el ministro de Econom\u00eda, Martin Guzm\u00e1n con empresarios se resalt\u00f3 la importancia del nuevo acuerdo de Precios Cuidados.","og_url":"https:\/\/informelitoral.com.ar\/precios-cuidados-el-nuevo-acuerdo-tendra-mas-de-1-300-productos\/","og_site_name":"Informe Litoral","article_publisher":"https:\/\/www.facebook.com\/informelitoral\/","article_published_time":"2022-01-05T11:40:06+00:00","og_image":[{"width":768,"height":511,"url":"https:\/\/informelitoral.com.ar\/%77%70%2d%63%6f%6e%74%65%6e%74\/uploads\/2018\/09\/precios-cuidadosnuevaetapa-768x511.jpg","type":"image\/jpeg"}],"author":"Sebastian","twitter_card":"summary_large_image","twitter_creator":"@InformeLitoral","twitter_site":"@InformeLitoral","twitter_misc":{"Escrito por":"Sebastian","Tiempo de lectura":"4 minutos"},"schema":{"@context":"https:\/\/schema.org","@graph":[{"@type":"Article","@id":"https:\/\/informelitoral.com.ar\/precios-cuidados-el-nuevo-acuerdo-tendra-mas-de-1-300-productos\/#article","isPartOf":{"@id":"https:\/\/informelitoral.com.ar\/precios-cuidados-el-nuevo-acuerdo-tendra-mas-de-1-300-productos\/"},"author":{"name":"Sebastian","@id":"https:\/\/informelitoral.com.ar\/#\/schema\/person\/f05f9f461677119578717524b127d6d5"},"headline":"Precios Cuidados: el nuevo acuerdo tendr\u00e1 m\u00e1s de 1.300 productos","datePublished":"2022-01-05T11:40:06+00:00","mainEntityOfPage":{"@id":"https:\/\/informelitoral.com.ar\/precios-cuidados-el-nuevo-acuerdo-tendra-mas-de-1-300-productos\/"},"wordCount":800,"commentCount":0,"publisher":{"@id":"https:\/\/informelitoral.com.ar\/#organization"},"image":{"@id":"https:\/\/informelitoral.com.ar\/precios-cuidados-el-nuevo-acuerdo-tendra-mas-de-1-300-productos\/#primaryimage"},"thumbnailUrl":"https:\/\/informelitoral.com.ar\/%77%70%2d%63%6f%6e%74%65%6e%74\/uploads\/2018\/09\/precios-cuidadosnuevaetapa-768x511.jpg","keywords":["Acuerdo de nuevos productos","Precios Cuidados"],"articleSection":["Econom\u00eda"],"inLanguage":"es","potentialAction":[{"@type":"CommentAction","name":"Comment","target":["https:\/\/informelitoral.com.ar\/precios-cuidados-el-nuevo-acuerdo-tendra-mas-de-1-300-productos\/#respond"]}]},{"@type":"WebPage","@id":"https:\/\/informelitoral.com.ar\/precios-cuidados-el-nuevo-acuerdo-tendra-mas-de-1-300-productos\/","url":"https:\/\/informelitoral.com.ar\/precios-cuidados-el-nuevo-acuerdo-tendra-mas-de-1-300-productos\/","name":"Precios Cuidados: el nuevo acuerdo tendr\u00e1 m\u00e1s de 1.300 productos - Informe Litoral","isPartOf":{"@id":"https:\/\/informelitoral.com.ar\/#website"},"primaryImageOfPage":{"@id":"https:\/\/informelitoral.com.ar\/precios-cuidados-el-nuevo-acuerdo-tendra-mas-de-1-300-productos\/#primaryimage"},"image":{"@id":"https:\/\/informelitoral.com.ar\/precios-cuidados-el-nuevo-acuerdo-tendra-mas-de-1-300-productos\/#primaryimage"},"thumbnailUrl":"https:\/\/informelitoral.com.ar\/%77%70%2d%63%6f%6e%74%65%6e%74\/uploads\/2018\/09\/precios-cuidadosnuevaetapa-768x511.jpg","datePublished":"2022-01-05T11:40:06+00:00","breadcrumb":{"@id":"https:\/\/informelitoral.com.ar\/precios-cuidados-el-nuevo-acuerdo-tendra-mas-de-1-300-productos\/#breadcrumb"},"inLanguage":"es","potentialAction":[{"@type":"ReadAction","target":["https:\/\/informelitoral.com.ar\/precios-cuidados-el-nuevo-acuerdo-tendra-mas-de-1-300-productos\/"]}]},{"@type":"ImageObject","inLanguage":"es","@id":"https:\/\/informelitoral.com.ar\/precios-cuidados-el-nuevo-acuerdo-tendra-mas-de-1-300-productos\/#primaryimage","url":"https:\/\/informelitoral.com.ar\/%77%70%2d%63%6f%6e%74%65%6e%74\/uploads\/2018\/09\/precios-cuidadosnuevaetapa-768x511.jpg","contentUrl":"https:\/\/informelitoral.com.ar\/%77%70%2d%63%6f%6e%74%65%6e%74\/uploads\/2018\/09\/precios-cuidadosnuevaetapa-768x511.jpg","width":768,"height":511},{"@type":"BreadcrumbList","@id":"https:\/\/informelitoral.com.ar\/precios-cuidados-el-nuevo-acuerdo-tendra-mas-de-1-300-productos\/#breadcrumb","itemListElement":[{"@type":"ListItem","position":1,"name":"Portada","item":"https:\/\/informelitoral.com.ar\/"},{"@type":"ListItem","position":2,"name":"Precios Cuidados: el nuevo acuerdo tendr\u00e1 m\u00e1s de 1.300 productos"}]},{"@type":"WebSite","@id":"https:\/\/informelitoral.com.ar\/#website","url":"https:\/\/informelitoral.com.ar\/","name":"Informe Litoral","description":"&quot;Nos informamos&quot; ","publisher":{"@id":"https:\/\/informelitoral.com.ar\/#organization"},"potentialAction":[{"@type":"SearchAction","target":{"@type":"EntryPoint","urlTemplate":"https:\/\/informelitoral.com.ar\/?s={search_term_string}"},"query-input":{"@type":"PropertyValueSpecification","valueRequired":true,"valueName":"search_term_string"}}],"inLanguage":"es"},{"@type":"Organization","@id":"https:\/\/informelitoral.com.ar\/#organization","name":"Informe Litoral","url":"https:\/\/informelitoral.com.ar\/","logo":{"@type":"ImageObject","inLanguage":"es","@id":"https:\/\/informelitoral.com.ar\/#\/schema\/logo\/image\/","url":"https:\/\/informelitoral.com.ar\/%77%70%2d%63%6f%6e%74%65%6e%74\/uploads\/2021\/01\/circulo.png","contentUrl":"https:\/\/informelitoral.com.ar\/%77%70%2d%63%6f%6e%74%65%6e%74\/uploads\/2021\/01\/circulo.png","width":723,"height":731,"caption":"Informe Litoral"},"image":{"@id":"https:\/\/informelitoral.com.ar\/#\/schema\/logo\/image\/"},"sameAs":["https:\/\/www.facebook.com\/informelitoral\/","https:\/\/x.com\/InformeLitoral","https:\/\/www.instagram.com\/informelitoral\/","https:\/\/www.youtube.com\/channel\/UCua4Qvz8Icb6MYqhoq9xLXw"]},{"@type":"Person","@id":"https:\/\/informelitoral.com.ar\/#\/schema\/person\/f05f9f461677119578717524b127d6d5","name":"Sebastian","image":{"@type":"ImageObject","inLanguage":"es","@id":"https:\/\/secure.gravatar.com\/avatar\/b71bf7481d447dfb9583c7f2798e7cc64de6efb9067b74633ed8c31059a3bd82?s=96&d=mm&r=g","url":"https:\/\/secure.gravatar.com\/avatar\/b71bf7481d447dfb9583c7f2798e7cc64de6efb9067b74633ed8c31059a3bd82?s=96&d=mm&r=g","contentUrl":"https:\/\/secure.gravatar.com\/avatar\/b71bf7481d447dfb9583c7f2798e7cc64de6efb9067b74633ed8c31059a3bd82?s=96&d=mm&r=g","caption":"Sebastian"},"url":"https:\/\/informelitoral.com.ar\/author\/sebastian\/"}]}},"_links":{"self":[{"href":"https:\/\/informelitoral.com.ar\/%77%70%2d%6a%73%6f%6e\/wp\/v2\/posts\/69886","targetHints":{"allow":["GET"]}}],"collection":[{"href":"https:\/\/informelitoral.com.ar\/%77%70%2d%6a%73%6f%6e\/wp\/v2\/posts"}],"about":[{"href":"https:\/\/informelitoral.com.ar\/%77%70%2d%6a%73%6f%6e\/wp\/v2\/types\/post"}],"author":[{"embeddable":true,"href":"https:\/\/informelitoral.com.ar\/%77%70%2d%6a%73%6f%6e\/wp\/v2\/users\/8"}],"replies":[{"embeddable":true,"href":"https:\/\/informelitoral.com.ar\/%77%70%2d%6a%73%6f%6e\/wp\/v2\/comments?post=69886"}],"version-history":[{"count":0,"href":"https:\/\/informelitoral.com.ar\/%77%70%2d%6a%73%6f%6e\/wp\/v2\/posts\/69886\/revisions"}],"wp:featuredmedia":[{"embeddable":true,"href":"https:\/\/informelitoral.com.ar\/%77%70%2d%6a%73%6f%6e\/wp\/v2\/media\/29450"}],"wp:attachment":[{"href":"https:\/\/informelitoral.com.ar\/%77%70%2d%6a%73%6f%6e\/wp\/v2\/media?parent=69886"}],"wp:term":[{"taxonomy":"category","embeddable":true,"href":"https:\/\/informelitoral.com.ar\/%77%70%2d%6a%73%6f%6e\/wp\/v2\/categories?post=69886"},{"taxonomy":"post_tag","embeddable":true,"href":"https:\/\/informelitoral.com.ar\/%77%70%2d%6a%73%6f%6e\/wp\/v2\/tags?post=69886"}],"curies":[{"name":"wp","href":"https:\/\/api.w.org\/{rel}","templated":true}]}}