{"id":69815,"date":"2022-01-03T08:48:17","date_gmt":"2022-01-03T11:48:17","guid":{"rendered":"https:\/\/www.informelitoral.com.ar\/?p=69815"},"modified":"2022-01-04T08:52:06","modified_gmt":"2022-01-04T11:52:06","slug":"el-gobierno-prohibio-exportar-siete-cortes-de-carne","status":"publish","type":"post","link":"https:\/\/informelitoral.com.ar\/el-gobierno-prohibio-exportar-siete-cortes-de-carne\/","title":{"rendered":"El Gobierno prohibi\u00f3 exportar siete cortes de carne"},"content":{"rendered":"<section class=\"detail-body first-paragraph\">\n<section id=\"note-body\" class=\"body-content note-body content-protected-false\" data-twitter-link=\"https:\/\/twitter.com\/intent\/tweet?url=https:\/\/www.ambito.com\/c5345471&amp;v\u00eda=Ambitocom&amp;related=\u00e1mbito.com&amp;text=\">El Gobierno estableci\u00f3 este lunes nuevos par\u00e1metros para la <strong>exportaci\u00f3n de\u00a0carne<\/strong>, despu\u00e9s de las restricciones dispuestas a mediados de 2021 en un intento por garantizar el abastecimiento del mercado dom\u00e9stico y contrarrestar el aumento de precios en el mostrador.<\/p>\n<\/section>\n<\/section>\n<section class=\"detail-body second-paragraph\">\n<section class=\"body-content note-body content-protected-false\">La Subsecretar\u00eda de Ganader\u00eda del\u00a0<strong>Ministerio de Agricultura, Ganader\u00eda y Pesca de la Naci\u00f3n<\/strong> public\u00f3 en el Bolet\u00edn Oficial las resoluciones 301\/21 y 302\/21 que instrumentan el Decreto N\u00b0 911\/21 del presidente Alberto Fern\u00e1ndez y la resoluci\u00f3n conjunta con la cartera de Desarrollo Productivo N\u00b0 10.<\/p>\n<p>\u00abEste paquete de medidas establece un marco normativo para la comercializaci\u00f3n y exportaci\u00f3n de la ganader\u00eda argentina para los a\u00f1os 2022 y 2023\u00bb, detall\u00f3 el Gobierno.<\/p>\n<\/section>\n<\/section>\n<section class=\"detail-body\">\n<section class=\"body-content note-body content-protected-false\">De esta manera, se estableci\u00f3 suspender hasta el 31 de diciembre de 2023, inclusive,\u00a0<strong>la \u00abexportaci\u00f3n definitiva y\/o suspensiva, con destino al exterior del pa\u00eds, de los siguientes Cortes Bovinos frescos, enfriados o congelados: Reses Enteras; Medias Reses; Cuarto Delantero Con Hueso; Cuarto Trasero Con Hueso; Medias reses incompletas con Hueso y Cuartos delanteros incompletos con Hueso\u00bb.<\/strong><\/p>\n<p>En tanto, \u00ablos siguientes Cortes Preferidos (frescos, enfriados o congelados) se encontrar\u00e1n limitados, hasta el 31 de diciembre de 2023, inclusive, para su exportaci\u00f3n definitiva y\/o suspensiva, con destino al exterior del pa\u00eds:<\/p>\n<ul>\n<li>Asado con o sin hueso<\/li>\n<li>Falda<\/li>\n<li>Matambre<\/li>\n<li>Tapa de asado<\/li>\n<li>Nalga<\/li>\n<li>Paleta<\/li>\n<li>Vac\u00edo<\/li>\n<\/ul>\n<p>La medida entr\u00f3 en vigencia el 1\u00b0 de enero de 2022 y, seg\u00fan se inform\u00f3 a la prensa, \u00ab<strong>se ha consensuado con las entidades de productores (y la industria frigor\u00edfica), con el objeto de dar previsibilidad y confianza a la ganader\u00eda argentina, garantizando la producci\u00f3n, la exportaci\u00f3n y el consumo de los argentinos, en base a los an\u00e1lisis t\u00e9cnicos del sector\u00bb.<\/strong><\/p>\n<p>El decreto 911\/21 \u00abreserva para el mercado interno los cortes preferidos por los argentinos (asado con o sin hueso, falda, matambre, tapa de asado, nalga, paleta y vac\u00edo) hasta el 31 de diciembre de 2023 inclusive\u00bb.<\/p>\n<p>Finalmente, el Gobierno dispuso que las carnes vacunas destinadas al comercio minorista deben salir de los frigor\u00edficos en unidades de hasta 32 kilogramos, atendiendo a la solicitud de las entidades gremiales del sector. Para cumplir con estos requisitos se otorgan plazos de hasta seis meses.<\/p>\n<\/section>\n<\/section>\n","protected":false},"excerpt":{"rendered":"<p>La medida sali\u00f3 por Bolet\u00edn Oficial y tendr\u00e1 vigencia hasta el 31 de diciembre de 2023. Se trata de cortes que se consumen en el mercado interno como la tapa de asado, paleta, matambre y vac\u00edo entre otros.<\/p>\n","protected":false},"author":2,"featured_media":29443,"comment_status":"open","ping_status":"open","sticky":false,"template":"","format":"standard","meta":{"fifu_image_url":"","fifu_image_alt":"","footnotes":""},"categories":[10],"tags":[83,2412],"class_list":{"0":"post-69815","1":"post","2":"type-post","3":"status-publish","4":"format-standard","5":"has-post-thumbnail","7":"category-campo","8":"tag-exportaciones","9":"tag-exportaciones-de-carne"},"yoast_head":"<title>El Gobierno prohibi\u00f3 exportar siete cortes de carne - Informe Litoral<\/title>\n<meta name=\"robots\" content=\"index, follow, max-snippet:-1, max-image-preview:large, max-video-preview:-1\" \/>\n<link rel=\"canonical\" href=\"https:\/\/informelitoral.com.ar\/el-gobierno-prohibio-exportar-siete-cortes-de-carne\/\" \/>\n<meta property=\"og:locale\" content=\"es_ES\" \/>\n<meta property=\"og:type\" content=\"article\" \/>\n<meta property=\"og:title\" content=\"El Gobierno prohibi\u00f3 exportar siete cortes de carne - Informe Litoral\" \/>\n<meta property=\"og:description\" content=\"La medida sali\u00f3 por Bolet\u00edn Oficial y tendr\u00e1 vigencia hasta el 31 de diciembre de 2023. Se trata de cortes que se consumen en el mercado interno como la tapa de asado, paleta, matambre y vac\u00edo entre otros.\" \/>\n<meta property=\"og:url\" content=\"https:\/\/informelitoral.com.ar\/el-gobierno-prohibio-exportar-siete-cortes-de-carne\/\" \/>\n<meta property=\"og:site_name\" content=\"Informe Litoral\" \/>\n<meta property=\"article:publisher\" content=\"https:\/\/www.facebook.com\/informelitoral\/\" \/>\n<meta property=\"article:published_time\" content=\"2022-01-03T11:48:17+00:00\" \/>\n<meta property=\"article:modified_time\" content=\"2022-01-04T11:52:06+00:00\" \/>\n<meta property=\"og:image\" content=\"https:\/\/informelitoral.com.ar\/%77%70%2d%63%6f%6e%74%65%6e%74\/uploads\/2018\/09\/carniceria-carne.jpg\" \/>\n\t<meta property=\"og:image:width\" content=\"907\" \/>\n\t<meta property=\"og:image:height\" content=\"543\" \/>\n\t<meta property=\"og:image:type\" content=\"image\/jpeg\" \/>\n<meta name=\"author\" content=\"Gonzalo Schmidt\" \/>\n<meta name=\"twitter:card\" content=\"summary_large_image\" \/>\n<meta name=\"twitter:creator\" content=\"@InformeLitoral\" \/>\n<meta name=\"twitter:site\" content=\"@InformeLitoral\" \/>\n<meta name=\"twitter:label1\" content=\"Escrito por\" \/>\n\t<meta name=\"twitter:data1\" content=\"Gonzalo Schmidt\" \/>\n\t<meta name=\"twitter:label2\" content=\"Tiempo de lectura\" \/>\n\t<meta name=\"twitter:data2\" content=\"2 minutos\" \/>\n<script type=\"application\/ld+json\" class=\"yoast-schema-graph\">{\"@context\":\"https:\\\/\\\/schema.org\",\"@graph\":[{\"@type\":\"Article\",\"@id\":\"https:\\\/\\\/informelitoral.com.ar\\\/el-gobierno-prohibio-exportar-siete-cortes-de-carne\\\/#article\",\"isPartOf\":{\"@id\":\"https:\\\/\\\/informelitoral.com.ar\\\/el-gobierno-prohibio-exportar-siete-cortes-de-carne\\\/\"},\"author\":{\"name\":\"Gonzalo Schmidt\",\"@id\":\"https:\\\/\\\/informelitoral.com.ar\\\/#\\\/schema\\\/person\\\/b9d00407c836482871ef1d57bf8e3180\"},\"headline\":\"El Gobierno prohibi\u00f3 exportar siete cortes de carne\",\"datePublished\":\"2022-01-03T11:48:17+00:00\",\"dateModified\":\"2022-01-04T11:52:06+00:00\",\"mainEntityOfPage\":{\"@id\":\"https:\\\/\\\/informelitoral.com.ar\\\/el-gobierno-prohibio-exportar-siete-cortes-de-carne\\\/\"},\"wordCount\":380,\"commentCount\":0,\"publisher\":{\"@id\":\"https:\\\/\\\/informelitoral.com.ar\\\/#organization\"},\"image\":{\"@id\":\"https:\\\/\\\/informelitoral.com.ar\\\/el-gobierno-prohibio-exportar-siete-cortes-de-carne\\\/#primaryimage\"},\"thumbnailUrl\":\"https:\\\/\\\/informelitoral.com.ar\\\/%77%70%2d%63%6f%6e%74%65%6e%74\\\/uploads\\\/2018\\\/09\\\/carniceria-carne.jpg\",\"keywords\":[\"Exportaciones\",\"Exportaciones de carne\"],\"articleSection\":[\"Campo\"],\"inLanguage\":\"es\",\"potentialAction\":[{\"@type\":\"CommentAction\",\"name\":\"Comment\",\"target\":[\"https:\\\/\\\/informelitoral.com.ar\\\/el-gobierno-prohibio-exportar-siete-cortes-de-carne\\\/#respond\"]}]},{\"@type\":\"WebPage\",\"@id\":\"https:\\\/\\\/informelitoral.com.ar\\\/el-gobierno-prohibio-exportar-siete-cortes-de-carne\\\/\",\"url\":\"https:\\\/\\\/informelitoral.com.ar\\\/el-gobierno-prohibio-exportar-siete-cortes-de-carne\\\/\",\"name\":\"El Gobierno prohibi\u00f3 exportar siete cortes de carne - Informe Litoral\",\"isPartOf\":{\"@id\":\"https:\\\/\\\/informelitoral.com.ar\\\/#website\"},\"primaryImageOfPage\":{\"@id\":\"https:\\\/\\\/informelitoral.com.ar\\\/el-gobierno-prohibio-exportar-siete-cortes-de-carne\\\/#primaryimage\"},\"image\":{\"@id\":\"https:\\\/\\\/informelitoral.com.ar\\\/el-gobierno-prohibio-exportar-siete-cortes-de-carne\\\/#primaryimage\"},\"thumbnailUrl\":\"https:\\\/\\\/informelitoral.com.ar\\\/%77%70%2d%63%6f%6e%74%65%6e%74\\\/uploads\\\/2018\\\/09\\\/carniceria-carne.jpg\",\"datePublished\":\"2022-01-03T11:48:17+00:00\",\"dateModified\":\"2022-01-04T11:52:06+00:00\",\"breadcrumb\":{\"@id\":\"https:\\\/\\\/informelitoral.com.ar\\\/el-gobierno-prohibio-exportar-siete-cortes-de-carne\\\/#breadcrumb\"},\"inLanguage\":\"es\",\"potentialAction\":[{\"@type\":\"ReadAction\",\"target\":[\"https:\\\/\\\/informelitoral.com.ar\\\/el-gobierno-prohibio-exportar-siete-cortes-de-carne\\\/\"]}]},{\"@type\":\"ImageObject\",\"inLanguage\":\"es\",\"@id\":\"https:\\\/\\\/informelitoral.com.ar\\\/el-gobierno-prohibio-exportar-siete-cortes-de-carne\\\/#primaryimage\",\"url\":\"https:\\\/\\\/informelitoral.com.ar\\\/%77%70%2d%63%6f%6e%74%65%6e%74\\\/uploads\\\/2018\\\/09\\\/carniceria-carne.jpg\",\"contentUrl\":\"https:\\\/\\\/informelitoral.com.ar\\\/%77%70%2d%63%6f%6e%74%65%6e%74\\\/uploads\\\/2018\\\/09\\\/carniceria-carne.jpg\",\"width\":907,\"height\":543},{\"@type\":\"BreadcrumbList\",\"@id\":\"https:\\\/\\\/informelitoral.com.ar\\\/el-gobierno-prohibio-exportar-siete-cortes-de-carne\\\/#breadcrumb\",\"itemListElement\":[{\"@type\":\"ListItem\",\"position\":1,\"name\":\"Portada\",\"item\":\"https:\\\/\\\/informelitoral.com.ar\\\/\"},{\"@type\":\"ListItem\",\"position\":2,\"name\":\"El Gobierno prohibi\u00f3 exportar siete cortes de carne\"}]},{\"@type\":\"WebSite\",\"@id\":\"https:\\\/\\\/informelitoral.com.ar\\\/#website\",\"url\":\"https:\\\/\\\/informelitoral.com.ar\\\/\",\"name\":\"Informe Litoral\",\"description\":\"&quot;Nos informamos&quot; \",\"publisher\":{\"@id\":\"https:\\\/\\\/informelitoral.com.ar\\\/#organization\"},\"potentialAction\":[{\"@type\":\"SearchAction\",\"target\":{\"@type\":\"EntryPoint\",\"urlTemplate\":\"https:\\\/\\\/informelitoral.com.ar\\\/?s={search_term_string}\"},\"query-input\":{\"@type\":\"PropertyValueSpecification\",\"valueRequired\":true,\"valueName\":\"search_term_string\"}}],\"inLanguage\":\"es\"},{\"@type\":\"Organization\",\"@id\":\"https:\\\/\\\/informelitoral.com.ar\\\/#organization\",\"name\":\"Informe Litoral\",\"url\":\"https:\\\/\\\/informelitoral.com.ar\\\/\",\"logo\":{\"@type\":\"ImageObject\",\"inLanguage\":\"es\",\"@id\":\"https:\\\/\\\/informelitoral.com.ar\\\/#\\\/schema\\\/logo\\\/image\\\/\",\"url\":\"https:\\\/\\\/informelitoral.com.ar\\\/%77%70%2d%63%6f%6e%74%65%6e%74\\\/uploads\\\/2021\\\/01\\\/circulo.png\",\"contentUrl\":\"https:\\\/\\\/informelitoral.com.ar\\\/%77%70%2d%63%6f%6e%74%65%6e%74\\\/uploads\\\/2021\\\/01\\\/circulo.png\",\"width\":723,\"height\":731,\"caption\":\"Informe Litoral\"},\"image\":{\"@id\":\"https:\\\/\\\/informelitoral.com.ar\\\/#\\\/schema\\\/logo\\\/image\\\/\"},\"sameAs\":[\"https:\\\/\\\/www.facebook.com\\\/informelitoral\\\/\",\"https:\\\/\\\/x.com\\\/InformeLitoral\",\"https:\\\/\\\/www.instagram.com\\\/informelitoral\\\/\",\"https:\\\/\\\/www.youtube.com\\\/channel\\\/UCua4Qvz8Icb6MYqhoq9xLXw\"]},{\"@type\":\"Person\",\"@id\":\"https:\\\/\\\/informelitoral.com.ar\\\/#\\\/schema\\\/person\\\/b9d00407c836482871ef1d57bf8e3180\",\"name\":\"Gonzalo Schmidt\",\"image\":{\"@type\":\"ImageObject\",\"inLanguage\":\"es\",\"@id\":\"https:\\\/\\\/secure.gravatar.com\\\/avatar\\\/31a1a7b66ff2de83bd0e9fd79d026630d2d99e55e8bfe501287647b4fd9743de?s=96&d=mm&r=g\",\"url\":\"https:\\\/\\\/secure.gravatar.com\\\/avatar\\\/31a1a7b66ff2de83bd0e9fd79d026630d2d99e55e8bfe501287647b4fd9743de?s=96&d=mm&r=g\",\"contentUrl\":\"https:\\\/\\\/secure.gravatar.com\\\/avatar\\\/31a1a7b66ff2de83bd0e9fd79d026630d2d99e55e8bfe501287647b4fd9743de?s=96&d=mm&r=g\",\"caption\":\"Gonzalo Schmidt\"},\"description\":\"Sitio web de noticias de la provincia de Entre R\u00edos, Argentina. Informaci\u00f3n y entretenimiento. Informe Litoral, nos informamos.\",\"sameAs\":[\"http:\\\/\\\/www.isletasnoticias.com.ar\"],\"url\":\"https:\\\/\\\/informelitoral.com.ar\\\/author\\\/gonzalo\\\/\"}]}<\/script>","yoast_head_json":{"title":"El Gobierno prohibi\u00f3 exportar siete cortes de carne - Informe Litoral","robots":{"index":"index","follow":"follow","max-snippet":"max-snippet:-1","max-image-preview":"max-image-preview:large","max-video-preview":"max-video-preview:-1"},"canonical":"https:\/\/informelitoral.com.ar\/el-gobierno-prohibio-exportar-siete-cortes-de-carne\/","og_locale":"es_ES","og_type":"article","og_title":"El Gobierno prohibi\u00f3 exportar siete cortes de carne - Informe Litoral","og_description":"La medida sali\u00f3 por Bolet\u00edn Oficial y tendr\u00e1 vigencia hasta el 31 de diciembre de 2023. Se trata de cortes que se consumen en el mercado interno como la tapa de asado, paleta, matambre y vac\u00edo entre otros.","og_url":"https:\/\/informelitoral.com.ar\/el-gobierno-prohibio-exportar-siete-cortes-de-carne\/","og_site_name":"Informe Litoral","article_publisher":"https:\/\/www.facebook.com\/informelitoral\/","article_published_time":"2022-01-03T11:48:17+00:00","article_modified_time":"2022-01-04T11:52:06+00:00","og_image":[{"width":907,"height":543,"url":"https:\/\/informelitoral.com.ar\/%77%70%2d%63%6f%6e%74%65%6e%74\/uploads\/2018\/09\/carniceria-carne.jpg","type":"image\/jpeg"}],"author":"Gonzalo Schmidt","twitter_card":"summary_large_image","twitter_creator":"@InformeLitoral","twitter_site":"@InformeLitoral","twitter_misc":{"Escrito por":"Gonzalo Schmidt","Tiempo de lectura":"2 minutos"},"schema":{"@context":"https:\/\/schema.org","@graph":[{"@type":"Article","@id":"https:\/\/informelitoral.com.ar\/el-gobierno-prohibio-exportar-siete-cortes-de-carne\/#article","isPartOf":{"@id":"https:\/\/informelitoral.com.ar\/el-gobierno-prohibio-exportar-siete-cortes-de-carne\/"},"author":{"name":"Gonzalo Schmidt","@id":"https:\/\/informelitoral.com.ar\/#\/schema\/person\/b9d00407c836482871ef1d57bf8e3180"},"headline":"El Gobierno prohibi\u00f3 exportar siete cortes de carne","datePublished":"2022-01-03T11:48:17+00:00","dateModified":"2022-01-04T11:52:06+00:00","mainEntityOfPage":{"@id":"https:\/\/informelitoral.com.ar\/el-gobierno-prohibio-exportar-siete-cortes-de-carne\/"},"wordCount":380,"commentCount":0,"publisher":{"@id":"https:\/\/informelitoral.com.ar\/#organization"},"image":{"@id":"https:\/\/informelitoral.com.ar\/el-gobierno-prohibio-exportar-siete-cortes-de-carne\/#primaryimage"},"thumbnailUrl":"https:\/\/informelitoral.com.ar\/%77%70%2d%63%6f%6e%74%65%6e%74\/uploads\/2018\/09\/carniceria-carne.jpg","keywords":["Exportaciones","Exportaciones de carne"],"articleSection":["Campo"],"inLanguage":"es","potentialAction":[{"@type":"CommentAction","name":"Comment","target":["https:\/\/informelitoral.com.ar\/el-gobierno-prohibio-exportar-siete-cortes-de-carne\/#respond"]}]},{"@type":"WebPage","@id":"https:\/\/informelitoral.com.ar\/el-gobierno-prohibio-exportar-siete-cortes-de-carne\/","url":"https:\/\/informelitoral.com.ar\/el-gobierno-prohibio-exportar-siete-cortes-de-carne\/","name":"El Gobierno prohibi\u00f3 exportar siete cortes de carne - Informe Litoral","isPartOf":{"@id":"https:\/\/informelitoral.com.ar\/#website"},"primaryImageOfPage":{"@id":"https:\/\/informelitoral.com.ar\/el-gobierno-prohibio-exportar-siete-cortes-de-carne\/#primaryimage"},"image":{"@id":"https:\/\/informelitoral.com.ar\/el-gobierno-prohibio-exportar-siete-cortes-de-carne\/#primaryimage"},"thumbnailUrl":"https:\/\/informelitoral.com.ar\/%77%70%2d%63%6f%6e%74%65%6e%74\/uploads\/2018\/09\/carniceria-carne.jpg","datePublished":"2022-01-03T11:48:17+00:00","dateModified":"2022-01-04T11:52:06+00:00","breadcrumb":{"@id":"https:\/\/informelitoral.com.ar\/el-gobierno-prohibio-exportar-siete-cortes-de-carne\/#breadcrumb"},"inLanguage":"es","potentialAction":[{"@type":"ReadAction","target":["https:\/\/informelitoral.com.ar\/el-gobierno-prohibio-exportar-siete-cortes-de-carne\/"]}]},{"@type":"ImageObject","inLanguage":"es","@id":"https:\/\/informelitoral.com.ar\/el-gobierno-prohibio-exportar-siete-cortes-de-carne\/#primaryimage","url":"https:\/\/informelitoral.com.ar\/%77%70%2d%63%6f%6e%74%65%6e%74\/uploads\/2018\/09\/carniceria-carne.jpg","contentUrl":"https:\/\/informelitoral.com.ar\/%77%70%2d%63%6f%6e%74%65%6e%74\/uploads\/2018\/09\/carniceria-carne.jpg","width":907,"height":543},{"@type":"BreadcrumbList","@id":"https:\/\/informelitoral.com.ar\/el-gobierno-prohibio-exportar-siete-cortes-de-carne\/#breadcrumb","itemListElement":[{"@type":"ListItem","position":1,"name":"Portada","item":"https:\/\/informelitoral.com.ar\/"},{"@type":"ListItem","position":2,"name":"El Gobierno prohibi\u00f3 exportar siete cortes de carne"}]},{"@type":"WebSite","@id":"https:\/\/informelitoral.com.ar\/#website","url":"https:\/\/informelitoral.com.ar\/","name":"Informe Litoral","description":"&quot;Nos informamos&quot; ","publisher":{"@id":"https:\/\/informelitoral.com.ar\/#organization"},"potentialAction":[{"@type":"SearchAction","target":{"@type":"EntryPoint","urlTemplate":"https:\/\/informelitoral.com.ar\/?s={search_term_string}"},"query-input":{"@type":"PropertyValueSpecification","valueRequired":true,"valueName":"search_term_string"}}],"inLanguage":"es"},{"@type":"Organization","@id":"https:\/\/informelitoral.com.ar\/#organization","name":"Informe Litoral","url":"https:\/\/informelitoral.com.ar\/","logo":{"@type":"ImageObject","inLanguage":"es","@id":"https:\/\/informelitoral.com.ar\/#\/schema\/logo\/image\/","url":"https:\/\/informelitoral.com.ar\/%77%70%2d%63%6f%6e%74%65%6e%74\/uploads\/2021\/01\/circulo.png","contentUrl":"https:\/\/informelitoral.com.ar\/%77%70%2d%63%6f%6e%74%65%6e%74\/uploads\/2021\/01\/circulo.png","width":723,"height":731,"caption":"Informe Litoral"},"image":{"@id":"https:\/\/informelitoral.com.ar\/#\/schema\/logo\/image\/"},"sameAs":["https:\/\/www.facebook.com\/informelitoral\/","https:\/\/x.com\/InformeLitoral","https:\/\/www.instagram.com\/informelitoral\/","https:\/\/www.youtube.com\/channel\/UCua4Qvz8Icb6MYqhoq9xLXw"]},{"@type":"Person","@id":"https:\/\/informelitoral.com.ar\/#\/schema\/person\/b9d00407c836482871ef1d57bf8e3180","name":"Gonzalo Schmidt","image":{"@type":"ImageObject","inLanguage":"es","@id":"https:\/\/secure.gravatar.com\/avatar\/31a1a7b66ff2de83bd0e9fd79d026630d2d99e55e8bfe501287647b4fd9743de?s=96&d=mm&r=g","url":"https:\/\/secure.gravatar.com\/avatar\/31a1a7b66ff2de83bd0e9fd79d026630d2d99e55e8bfe501287647b4fd9743de?s=96&d=mm&r=g","contentUrl":"https:\/\/secure.gravatar.com\/avatar\/31a1a7b66ff2de83bd0e9fd79d026630d2d99e55e8bfe501287647b4fd9743de?s=96&d=mm&r=g","caption":"Gonzalo Schmidt"},"description":"Sitio web de noticias de la provincia de Entre R\u00edos, Argentina. Informaci\u00f3n y entretenimiento. Informe Litoral, nos informamos.","sameAs":["http:\/\/www.isletasnoticias.com.ar"],"url":"https:\/\/informelitoral.com.ar\/author\/gonzalo\/"}]}},"_links":{"self":[{"href":"https:\/\/informelitoral.com.ar\/%77%70%2d%6a%73%6f%6e\/wp\/v2\/posts\/69815","targetHints":{"allow":["GET"]}}],"collection":[{"href":"https:\/\/informelitoral.com.ar\/%77%70%2d%6a%73%6f%6e\/wp\/v2\/posts"}],"about":[{"href":"https:\/\/informelitoral.com.ar\/%77%70%2d%6a%73%6f%6e\/wp\/v2\/types\/post"}],"author":[{"embeddable":true,"href":"https:\/\/informelitoral.com.ar\/%77%70%2d%6a%73%6f%6e\/wp\/v2\/users\/2"}],"replies":[{"embeddable":true,"href":"https:\/\/informelitoral.com.ar\/%77%70%2d%6a%73%6f%6e\/wp\/v2\/comments?post=69815"}],"version-history":[{"count":0,"href":"https:\/\/informelitoral.com.ar\/%77%70%2d%6a%73%6f%6e\/wp\/v2\/posts\/69815\/revisions"}],"wp:featuredmedia":[{"embeddable":true,"href":"https:\/\/informelitoral.com.ar\/%77%70%2d%6a%73%6f%6e\/wp\/v2\/media\/29443"}],"wp:attachment":[{"href":"https:\/\/informelitoral.com.ar\/%77%70%2d%6a%73%6f%6e\/wp\/v2\/media?parent=69815"}],"wp:term":[{"taxonomy":"category","embeddable":true,"href":"https:\/\/informelitoral.com.ar\/%77%70%2d%6a%73%6f%6e\/wp\/v2\/categories?post=69815"},{"taxonomy":"post_tag","embeddable":true,"href":"https:\/\/informelitoral.com.ar\/%77%70%2d%6a%73%6f%6e\/wp\/v2\/tags?post=69815"}],"curies":[{"name":"wp","href":"https:\/\/api.w.org\/{rel}","templated":true}]}}