{"id":69752,"date":"2022-01-03T08:04:06","date_gmt":"2022-01-03T11:04:06","guid":{"rendered":"https:\/\/www.informelitoral.com.ar\/?p=69752"},"modified":"2022-01-03T10:38:05","modified_gmt":"2022-01-03T13:38:05","slug":"alerta-potasio-advierten-de-deficiencia-en-entre-rios-santa-fe-y-buenos-aires-2","status":"publish","type":"post","link":"https:\/\/informelitoral.com.ar\/alerta-potasio-advierten-de-deficiencia-en-entre-rios-santa-fe-y-buenos-aires-2\/","title":{"rendered":"Alerta potasio: advierten de deficiencia en Entre R\u00edos, Santa Fe y Buenos Aires"},"content":{"rendered":"<p>Comenz\u00f3 en 2018 y es realizado en conjunto tambi\u00e9n con el INTA, el Conicet, y las facultades de Ciencias Agropecuarias de la Universidad Nacional Entre R\u00edos y de Ciencias Agrarias de Balcarce, con el apoyo de las empresas Uralkali, Nitron y Canpotex.<\/p>\n<p>Desde la entidad explicaron que la red de potasio se dise\u00f1\u00f3 sobre la hip\u00f3tesis de un descenso significativo en los niveles de potasio (K) en el pa\u00eds, informaci\u00f3n que se corrobor\u00f3 con la construcci\u00f3n de los mapas de disponibilidad de nutrientes realizados en 2011 y en 2018.<\/p>\n<p>As\u00ed se realizaron los primeros ensayos en la campa\u00f1a 2019-2020 en Corrientes y en el este de Entre R\u00edos en cultivos de arroz, ma\u00edz, soja y trigo.<\/p>\n<p>Hubo una respuesta significativa en el 50% de los casos de ma\u00edz, en el 40% de soja y en el 50% de trigo, es decir que en ese porcentaje de lotes se registraron bajos niveles de potasio y la aplicaci\u00f3n de este nutriente redund\u00f3 en respuestas significativas\u201d, asegur\u00f3 Juan Orcellet, del INTA Concepci\u00f3n del Uruguay, a cargo de los ensayos de Entre R\u00edos.<\/p>\n<p>En n\u00fameros, las respuestas m\u00e1ximas promedio fueron de 301 kilos por hect\u00e1rea en arroz, 1.509 kilos en ma\u00edz, 281 kilos en soja y 485 kilos en trigo.<\/p>\n<p>Con esos ensayos se pudo hacer \u201cuna calibraci\u00f3n preliminar\u201d del an\u00e1lisis de potasio intercambiable con la respuesta de los cultivos. \u201cLo que nos muestra esta calibraci\u00f3n es que el rendimiento var\u00eda en funci\u00f3n del potasio y tenemos el 90% de rendimiento relativo en valores de potasio en el suelo de 250 partes por mill\u00f3n (ppm). Es decir, que debajo de las 250 ppm tendr\u00edamos respuestas superiores al 10% en rendimiento\u201d.<\/p>\n<p>En ensayos realizados en otras regiones como centro-este de Entre R\u00edos, Santa Fe y Buenos Aires, los niveles de potasio tuvieron un descenso menor y la deficiencia no es a\u00fan igual de relevante. \u201cPero hay algunas tendencias en ma\u00edz y soja ya con respuesta a las aplicaciones que debemos observar con atenci\u00f3n\u201d.<\/p>\n<p>Asimismo, en los ensayos de respuestas en el sudeste de C\u00f3rdoba y en el centro y sudeste de Buenos Aires, tampoco se presentaron todav\u00eda niveles bajos de potasio, por lo que se consideran regiones sin deficiencias ni respuestas f\u00edsicas significativas hasta el momento.<\/p>\n<p>\u201cEs bueno poder anticiparse a lo que va a venir m\u00e1s adelante, porque la carencia de potasio lamentablemente va a llegar\u201d, afirm\u00f3 el especialista del INTA 9 de Julio, Luis Ventimiglia, quien dirigi\u00f3 este ensayo de provincia de Buenos Aires.<\/p>\n<p>\u201cPor eso es bueno ir generando informaci\u00f3n: cuando llegue el problema ya sabremos c\u00f3mo actuar\u201d, afirm\u00f3.<\/p>\n<p>&nbsp;<\/p>\n","protected":false},"excerpt":{"rendered":"<p>Una red de ensayos en la zona n\u00facleo ya demuestra la respuesta a estos nutrientes, que eran abundantes en suelos pampeanos.<\/p>\n","protected":false},"author":8,"featured_media":69757,"comment_status":"open","ping_status":"open","sticky":false,"template":"","format":"standard","meta":{"fifu_image_url":"","fifu_image_alt":"","footnotes":""},"categories":[10],"tags":[81,2616,2617,120],"class_list":{"0":"post-69752","1":"post","2":"type-post","3":"status-publish","4":"format-standard","5":"has-post-thumbnail","7":"category-campo","8":"tag-entre-rios","9":"tag-fertilizacion","10":"tag-potasio","11":"tag-produccion"},"yoast_head":"<title>Alerta potasio: advierten de deficiencia en Entre R\u00edos, Santa Fe y Buenos Aires - Informe Litoral<\/title>\n<meta name=\"robots\" content=\"index, follow, max-snippet:-1, max-image-preview:large, max-video-preview:-1\" \/>\n<link rel=\"canonical\" href=\"https:\/\/informelitoral.com.ar\/alerta-potasio-advierten-de-deficiencia-en-entre-rios-santa-fe-y-buenos-aires-2\/\" \/>\n<meta property=\"og:locale\" content=\"es_ES\" \/>\n<meta property=\"og:type\" content=\"article\" \/>\n<meta property=\"og:title\" content=\"Alerta potasio: advierten de deficiencia en Entre R\u00edos, Santa Fe y Buenos Aires - Informe Litoral\" \/>\n<meta property=\"og:description\" content=\"Una red de ensayos en la zona n\u00facleo ya demuestra la respuesta a estos nutrientes, que eran abundantes en suelos pampeanos.\" \/>\n<meta property=\"og:url\" content=\"https:\/\/informelitoral.com.ar\/alerta-potasio-advierten-de-deficiencia-en-entre-rios-santa-fe-y-buenos-aires-2\/\" \/>\n<meta property=\"og:site_name\" content=\"Informe Litoral\" \/>\n<meta property=\"article:publisher\" content=\"https:\/\/www.facebook.com\/informelitoral\/\" \/>\n<meta property=\"article:published_time\" content=\"2022-01-03T11:04:06+00:00\" \/>\n<meta property=\"article:modified_time\" content=\"2022-01-03T13:38:05+00:00\" \/>\n<meta property=\"og:image\" content=\"https:\/\/informelitoral.com.ar\/%77%70%2d%63%6f%6e%74%65%6e%74\/uploads\/2022\/01\/Potasio.jpg\" \/>\n\t<meta property=\"og:image:width\" content=\"600\" \/>\n\t<meta property=\"og:image:height\" content=\"340\" \/>\n\t<meta property=\"og:image:type\" content=\"image\/jpeg\" \/>\n<meta name=\"author\" content=\"Sebastian\" \/>\n<meta name=\"twitter:card\" content=\"summary_large_image\" \/>\n<meta name=\"twitter:creator\" content=\"@InformeLitoral\" \/>\n<meta name=\"twitter:site\" content=\"@InformeLitoral\" \/>\n<meta name=\"twitter:label1\" content=\"Escrito por\" \/>\n\t<meta name=\"twitter:data1\" content=\"Sebastian\" \/>\n\t<meta name=\"twitter:label2\" content=\"Tiempo de lectura\" \/>\n\t<meta name=\"twitter:data2\" content=\"2 minutos\" \/>\n<script type=\"application\/ld+json\" class=\"yoast-schema-graph\">{\"@context\":\"https:\\\/\\\/schema.org\",\"@graph\":[{\"@type\":\"Article\",\"@id\":\"https:\\\/\\\/informelitoral.com.ar\\\/alerta-potasio-advierten-de-deficiencia-en-entre-rios-santa-fe-y-buenos-aires-2\\\/#article\",\"isPartOf\":{\"@id\":\"https:\\\/\\\/informelitoral.com.ar\\\/alerta-potasio-advierten-de-deficiencia-en-entre-rios-santa-fe-y-buenos-aires-2\\\/\"},\"author\":{\"name\":\"Sebastian\",\"@id\":\"https:\\\/\\\/informelitoral.com.ar\\\/#\\\/schema\\\/person\\\/f05f9f461677119578717524b127d6d5\"},\"headline\":\"Alerta potasio: advierten de deficiencia en Entre R\u00edos, Santa Fe y Buenos Aires\",\"datePublished\":\"2022-01-03T11:04:06+00:00\",\"dateModified\":\"2022-01-03T13:38:05+00:00\",\"mainEntityOfPage\":{\"@id\":\"https:\\\/\\\/informelitoral.com.ar\\\/alerta-potasio-advierten-de-deficiencia-en-entre-rios-santa-fe-y-buenos-aires-2\\\/\"},\"wordCount\":461,\"commentCount\":0,\"publisher\":{\"@id\":\"https:\\\/\\\/informelitoral.com.ar\\\/#organization\"},\"image\":{\"@id\":\"https:\\\/\\\/informelitoral.com.ar\\\/alerta-potasio-advierten-de-deficiencia-en-entre-rios-santa-fe-y-buenos-aires-2\\\/#primaryimage\"},\"thumbnailUrl\":\"https:\\\/\\\/informelitoral.com.ar\\\/%77%70%2d%63%6f%6e%74%65%6e%74\\\/uploads\\\/2022\\\/01\\\/Potasio.jpg\",\"keywords\":[\"Entre R\u00edos\",\"Fertilizaci\u00f3n\",\"Potasio\",\"Producci\u00f3n\"],\"articleSection\":[\"Campo\"],\"inLanguage\":\"es\",\"potentialAction\":[{\"@type\":\"CommentAction\",\"name\":\"Comment\",\"target\":[\"https:\\\/\\\/informelitoral.com.ar\\\/alerta-potasio-advierten-de-deficiencia-en-entre-rios-santa-fe-y-buenos-aires-2\\\/#respond\"]}]},{\"@type\":\"WebPage\",\"@id\":\"https:\\\/\\\/informelitoral.com.ar\\\/alerta-potasio-advierten-de-deficiencia-en-entre-rios-santa-fe-y-buenos-aires-2\\\/\",\"url\":\"https:\\\/\\\/informelitoral.com.ar\\\/alerta-potasio-advierten-de-deficiencia-en-entre-rios-santa-fe-y-buenos-aires-2\\\/\",\"name\":\"Alerta potasio: advierten de deficiencia en Entre R\u00edos, Santa Fe y Buenos Aires - Informe Litoral\",\"isPartOf\":{\"@id\":\"https:\\\/\\\/informelitoral.com.ar\\\/#website\"},\"primaryImageOfPage\":{\"@id\":\"https:\\\/\\\/informelitoral.com.ar\\\/alerta-potasio-advierten-de-deficiencia-en-entre-rios-santa-fe-y-buenos-aires-2\\\/#primaryimage\"},\"image\":{\"@id\":\"https:\\\/\\\/informelitoral.com.ar\\\/alerta-potasio-advierten-de-deficiencia-en-entre-rios-santa-fe-y-buenos-aires-2\\\/#primaryimage\"},\"thumbnailUrl\":\"https:\\\/\\\/informelitoral.com.ar\\\/%77%70%2d%63%6f%6e%74%65%6e%74\\\/uploads\\\/2022\\\/01\\\/Potasio.jpg\",\"datePublished\":\"2022-01-03T11:04:06+00:00\",\"dateModified\":\"2022-01-03T13:38:05+00:00\",\"breadcrumb\":{\"@id\":\"https:\\\/\\\/informelitoral.com.ar\\\/alerta-potasio-advierten-de-deficiencia-en-entre-rios-santa-fe-y-buenos-aires-2\\\/#breadcrumb\"},\"inLanguage\":\"es\",\"potentialAction\":[{\"@type\":\"ReadAction\",\"target\":[\"https:\\\/\\\/informelitoral.com.ar\\\/alerta-potasio-advierten-de-deficiencia-en-entre-rios-santa-fe-y-buenos-aires-2\\\/\"]}]},{\"@type\":\"ImageObject\",\"inLanguage\":\"es\",\"@id\":\"https:\\\/\\\/informelitoral.com.ar\\\/alerta-potasio-advierten-de-deficiencia-en-entre-rios-santa-fe-y-buenos-aires-2\\\/#primaryimage\",\"url\":\"https:\\\/\\\/informelitoral.com.ar\\\/%77%70%2d%63%6f%6e%74%65%6e%74\\\/uploads\\\/2022\\\/01\\\/Potasio.jpg\",\"contentUrl\":\"https:\\\/\\\/informelitoral.com.ar\\\/%77%70%2d%63%6f%6e%74%65%6e%74\\\/uploads\\\/2022\\\/01\\\/Potasio.jpg\",\"width\":600,\"height\":340},{\"@type\":\"BreadcrumbList\",\"@id\":\"https:\\\/\\\/informelitoral.com.ar\\\/alerta-potasio-advierten-de-deficiencia-en-entre-rios-santa-fe-y-buenos-aires-2\\\/#breadcrumb\",\"itemListElement\":[{\"@type\":\"ListItem\",\"position\":1,\"name\":\"Portada\",\"item\":\"https:\\\/\\\/informelitoral.com.ar\\\/\"},{\"@type\":\"ListItem\",\"position\":2,\"name\":\"Alerta potasio: advierten de deficiencia en Entre R\u00edos, Santa Fe y Buenos Aires\"}]},{\"@type\":\"WebSite\",\"@id\":\"https:\\\/\\\/informelitoral.com.ar\\\/#website\",\"url\":\"https:\\\/\\\/informelitoral.com.ar\\\/\",\"name\":\"Informe Litoral\",\"description\":\"&quot;Nos informamos&quot; \",\"publisher\":{\"@id\":\"https:\\\/\\\/informelitoral.com.ar\\\/#organization\"},\"potentialAction\":[{\"@type\":\"SearchAction\",\"target\":{\"@type\":\"EntryPoint\",\"urlTemplate\":\"https:\\\/\\\/informelitoral.com.ar\\\/?s={search_term_string}\"},\"query-input\":{\"@type\":\"PropertyValueSpecification\",\"valueRequired\":true,\"valueName\":\"search_term_string\"}}],\"inLanguage\":\"es\"},{\"@type\":\"Organization\",\"@id\":\"https:\\\/\\\/informelitoral.com.ar\\\/#organization\",\"name\":\"Informe Litoral\",\"url\":\"https:\\\/\\\/informelitoral.com.ar\\\/\",\"logo\":{\"@type\":\"ImageObject\",\"inLanguage\":\"es\",\"@id\":\"https:\\\/\\\/informelitoral.com.ar\\\/#\\\/schema\\\/logo\\\/image\\\/\",\"url\":\"https:\\\/\\\/informelitoral.com.ar\\\/%77%70%2d%63%6f%6e%74%65%6e%74\\\/uploads\\\/2021\\\/01\\\/circulo.png\",\"contentUrl\":\"https:\\\/\\\/informelitoral.com.ar\\\/%77%70%2d%63%6f%6e%74%65%6e%74\\\/uploads\\\/2021\\\/01\\\/circulo.png\",\"width\":723,\"height\":731,\"caption\":\"Informe Litoral\"},\"image\":{\"@id\":\"https:\\\/\\\/informelitoral.com.ar\\\/#\\\/schema\\\/logo\\\/image\\\/\"},\"sameAs\":[\"https:\\\/\\\/www.facebook.com\\\/informelitoral\\\/\",\"https:\\\/\\\/x.com\\\/InformeLitoral\",\"https:\\\/\\\/www.instagram.com\\\/informelitoral\\\/\",\"https:\\\/\\\/www.youtube.com\\\/channel\\\/UCua4Qvz8Icb6MYqhoq9xLXw\"]},{\"@type\":\"Person\",\"@id\":\"https:\\\/\\\/informelitoral.com.ar\\\/#\\\/schema\\\/person\\\/f05f9f461677119578717524b127d6d5\",\"name\":\"Sebastian\",\"image\":{\"@type\":\"ImageObject\",\"inLanguage\":\"es\",\"@id\":\"https:\\\/\\\/secure.gravatar.com\\\/avatar\\\/b71bf7481d447dfb9583c7f2798e7cc64de6efb9067b74633ed8c31059a3bd82?s=96&d=mm&r=g\",\"url\":\"https:\\\/\\\/secure.gravatar.com\\\/avatar\\\/b71bf7481d447dfb9583c7f2798e7cc64de6efb9067b74633ed8c31059a3bd82?s=96&d=mm&r=g\",\"contentUrl\":\"https:\\\/\\\/secure.gravatar.com\\\/avatar\\\/b71bf7481d447dfb9583c7f2798e7cc64de6efb9067b74633ed8c31059a3bd82?s=96&d=mm&r=g\",\"caption\":\"Sebastian\"},\"url\":\"https:\\\/\\\/informelitoral.com.ar\\\/author\\\/sebastian\\\/\"}]}<\/script>","yoast_head_json":{"title":"Alerta potasio: advierten de deficiencia en Entre R\u00edos, Santa Fe y Buenos Aires - Informe Litoral","robots":{"index":"index","follow":"follow","max-snippet":"max-snippet:-1","max-image-preview":"max-image-preview:large","max-video-preview":"max-video-preview:-1"},"canonical":"https:\/\/informelitoral.com.ar\/alerta-potasio-advierten-de-deficiencia-en-entre-rios-santa-fe-y-buenos-aires-2\/","og_locale":"es_ES","og_type":"article","og_title":"Alerta potasio: advierten de deficiencia en Entre R\u00edos, Santa Fe y Buenos Aires - Informe Litoral","og_description":"Una red de ensayos en la zona n\u00facleo ya demuestra la respuesta a estos nutrientes, que eran abundantes en suelos pampeanos.","og_url":"https:\/\/informelitoral.com.ar\/alerta-potasio-advierten-de-deficiencia-en-entre-rios-santa-fe-y-buenos-aires-2\/","og_site_name":"Informe Litoral","article_publisher":"https:\/\/www.facebook.com\/informelitoral\/","article_published_time":"2022-01-03T11:04:06+00:00","article_modified_time":"2022-01-03T13:38:05+00:00","og_image":[{"width":600,"height":340,"url":"https:\/\/informelitoral.com.ar\/%77%70%2d%63%6f%6e%74%65%6e%74\/uploads\/2022\/01\/Potasio.jpg","type":"image\/jpeg"}],"author":"Sebastian","twitter_card":"summary_large_image","twitter_creator":"@InformeLitoral","twitter_site":"@InformeLitoral","twitter_misc":{"Escrito por":"Sebastian","Tiempo de lectura":"2 minutos"},"schema":{"@context":"https:\/\/schema.org","@graph":[{"@type":"Article","@id":"https:\/\/informelitoral.com.ar\/alerta-potasio-advierten-de-deficiencia-en-entre-rios-santa-fe-y-buenos-aires-2\/#article","isPartOf":{"@id":"https:\/\/informelitoral.com.ar\/alerta-potasio-advierten-de-deficiencia-en-entre-rios-santa-fe-y-buenos-aires-2\/"},"author":{"name":"Sebastian","@id":"https:\/\/informelitoral.com.ar\/#\/schema\/person\/f05f9f461677119578717524b127d6d5"},"headline":"Alerta potasio: advierten de deficiencia en Entre R\u00edos, Santa Fe y Buenos Aires","datePublished":"2022-01-03T11:04:06+00:00","dateModified":"2022-01-03T13:38:05+00:00","mainEntityOfPage":{"@id":"https:\/\/informelitoral.com.ar\/alerta-potasio-advierten-de-deficiencia-en-entre-rios-santa-fe-y-buenos-aires-2\/"},"wordCount":461,"commentCount":0,"publisher":{"@id":"https:\/\/informelitoral.com.ar\/#organization"},"image":{"@id":"https:\/\/informelitoral.com.ar\/alerta-potasio-advierten-de-deficiencia-en-entre-rios-santa-fe-y-buenos-aires-2\/#primaryimage"},"thumbnailUrl":"https:\/\/informelitoral.com.ar\/%77%70%2d%63%6f%6e%74%65%6e%74\/uploads\/2022\/01\/Potasio.jpg","keywords":["Entre R\u00edos","Fertilizaci\u00f3n","Potasio","Producci\u00f3n"],"articleSection":["Campo"],"inLanguage":"es","potentialAction":[{"@type":"CommentAction","name":"Comment","target":["https:\/\/informelitoral.com.ar\/alerta-potasio-advierten-de-deficiencia-en-entre-rios-santa-fe-y-buenos-aires-2\/#respond"]}]},{"@type":"WebPage","@id":"https:\/\/informelitoral.com.ar\/alerta-potasio-advierten-de-deficiencia-en-entre-rios-santa-fe-y-buenos-aires-2\/","url":"https:\/\/informelitoral.com.ar\/alerta-potasio-advierten-de-deficiencia-en-entre-rios-santa-fe-y-buenos-aires-2\/","name":"Alerta potasio: advierten de deficiencia en Entre R\u00edos, Santa Fe y Buenos Aires - Informe Litoral","isPartOf":{"@id":"https:\/\/informelitoral.com.ar\/#website"},"primaryImageOfPage":{"@id":"https:\/\/informelitoral.com.ar\/alerta-potasio-advierten-de-deficiencia-en-entre-rios-santa-fe-y-buenos-aires-2\/#primaryimage"},"image":{"@id":"https:\/\/informelitoral.com.ar\/alerta-potasio-advierten-de-deficiencia-en-entre-rios-santa-fe-y-buenos-aires-2\/#primaryimage"},"thumbnailUrl":"https:\/\/informelitoral.com.ar\/%77%70%2d%63%6f%6e%74%65%6e%74\/uploads\/2022\/01\/Potasio.jpg","datePublished":"2022-01-03T11:04:06+00:00","dateModified":"2022-01-03T13:38:05+00:00","breadcrumb":{"@id":"https:\/\/informelitoral.com.ar\/alerta-potasio-advierten-de-deficiencia-en-entre-rios-santa-fe-y-buenos-aires-2\/#breadcrumb"},"inLanguage":"es","potentialAction":[{"@type":"ReadAction","target":["https:\/\/informelitoral.com.ar\/alerta-potasio-advierten-de-deficiencia-en-entre-rios-santa-fe-y-buenos-aires-2\/"]}]},{"@type":"ImageObject","inLanguage":"es","@id":"https:\/\/informelitoral.com.ar\/alerta-potasio-advierten-de-deficiencia-en-entre-rios-santa-fe-y-buenos-aires-2\/#primaryimage","url":"https:\/\/informelitoral.com.ar\/%77%70%2d%63%6f%6e%74%65%6e%74\/uploads\/2022\/01\/Potasio.jpg","contentUrl":"https:\/\/informelitoral.com.ar\/%77%70%2d%63%6f%6e%74%65%6e%74\/uploads\/2022\/01\/Potasio.jpg","width":600,"height":340},{"@type":"BreadcrumbList","@id":"https:\/\/informelitoral.com.ar\/alerta-potasio-advierten-de-deficiencia-en-entre-rios-santa-fe-y-buenos-aires-2\/#breadcrumb","itemListElement":[{"@type":"ListItem","position":1,"name":"Portada","item":"https:\/\/informelitoral.com.ar\/"},{"@type":"ListItem","position":2,"name":"Alerta potasio: advierten de deficiencia en Entre R\u00edos, Santa Fe y Buenos Aires"}]},{"@type":"WebSite","@id":"https:\/\/informelitoral.com.ar\/#website","url":"https:\/\/informelitoral.com.ar\/","name":"Informe Litoral","description":"&quot;Nos informamos&quot; ","publisher":{"@id":"https:\/\/informelitoral.com.ar\/#organization"},"potentialAction":[{"@type":"SearchAction","target":{"@type":"EntryPoint","urlTemplate":"https:\/\/informelitoral.com.ar\/?s={search_term_string}"},"query-input":{"@type":"PropertyValueSpecification","valueRequired":true,"valueName":"search_term_string"}}],"inLanguage":"es"},{"@type":"Organization","@id":"https:\/\/informelitoral.com.ar\/#organization","name":"Informe Litoral","url":"https:\/\/informelitoral.com.ar\/","logo":{"@type":"ImageObject","inLanguage":"es","@id":"https:\/\/informelitoral.com.ar\/#\/schema\/logo\/image\/","url":"https:\/\/informelitoral.com.ar\/%77%70%2d%63%6f%6e%74%65%6e%74\/uploads\/2021\/01\/circulo.png","contentUrl":"https:\/\/informelitoral.com.ar\/%77%70%2d%63%6f%6e%74%65%6e%74\/uploads\/2021\/01\/circulo.png","width":723,"height":731,"caption":"Informe Litoral"},"image":{"@id":"https:\/\/informelitoral.com.ar\/#\/schema\/logo\/image\/"},"sameAs":["https:\/\/www.facebook.com\/informelitoral\/","https:\/\/x.com\/InformeLitoral","https:\/\/www.instagram.com\/informelitoral\/","https:\/\/www.youtube.com\/channel\/UCua4Qvz8Icb6MYqhoq9xLXw"]},{"@type":"Person","@id":"https:\/\/informelitoral.com.ar\/#\/schema\/person\/f05f9f461677119578717524b127d6d5","name":"Sebastian","image":{"@type":"ImageObject","inLanguage":"es","@id":"https:\/\/secure.gravatar.com\/avatar\/b71bf7481d447dfb9583c7f2798e7cc64de6efb9067b74633ed8c31059a3bd82?s=96&d=mm&r=g","url":"https:\/\/secure.gravatar.com\/avatar\/b71bf7481d447dfb9583c7f2798e7cc64de6efb9067b74633ed8c31059a3bd82?s=96&d=mm&r=g","contentUrl":"https:\/\/secure.gravatar.com\/avatar\/b71bf7481d447dfb9583c7f2798e7cc64de6efb9067b74633ed8c31059a3bd82?s=96&d=mm&r=g","caption":"Sebastian"},"url":"https:\/\/informelitoral.com.ar\/author\/sebastian\/"}]}},"_links":{"self":[{"href":"https:\/\/informelitoral.com.ar\/%77%70%2d%6a%73%6f%6e\/wp\/v2\/posts\/69752","targetHints":{"allow":["GET"]}}],"collection":[{"href":"https:\/\/informelitoral.com.ar\/%77%70%2d%6a%73%6f%6e\/wp\/v2\/posts"}],"about":[{"href":"https:\/\/informelitoral.com.ar\/%77%70%2d%6a%73%6f%6e\/wp\/v2\/types\/post"}],"author":[{"embeddable":true,"href":"https:\/\/informelitoral.com.ar\/%77%70%2d%6a%73%6f%6e\/wp\/v2\/users\/8"}],"replies":[{"embeddable":true,"href":"https:\/\/informelitoral.com.ar\/%77%70%2d%6a%73%6f%6e\/wp\/v2\/comments?post=69752"}],"version-history":[{"count":0,"href":"https:\/\/informelitoral.com.ar\/%77%70%2d%6a%73%6f%6e\/wp\/v2\/posts\/69752\/revisions"}],"wp:featuredmedia":[{"embeddable":true,"href":"https:\/\/informelitoral.com.ar\/%77%70%2d%6a%73%6f%6e\/wp\/v2\/media\/69757"}],"wp:attachment":[{"href":"https:\/\/informelitoral.com.ar\/%77%70%2d%6a%73%6f%6e\/wp\/v2\/media?parent=69752"}],"wp:term":[{"taxonomy":"category","embeddable":true,"href":"https:\/\/informelitoral.com.ar\/%77%70%2d%6a%73%6f%6e\/wp\/v2\/categories?post=69752"},{"taxonomy":"post_tag","embeddable":true,"href":"https:\/\/informelitoral.com.ar\/%77%70%2d%6a%73%6f%6e\/wp\/v2\/tags?post=69752"}],"curies":[{"name":"wp","href":"https:\/\/api.w.org\/{rel}","templated":true}]}}