{"id":69636,"date":"2021-12-31T09:40:08","date_gmt":"2021-12-31T12:40:08","guid":{"rendered":"https:\/\/www.informelitoral.com.ar\/?p=69636"},"modified":"2021-12-31T10:25:37","modified_gmt":"2021-12-31T13:25:37","slug":"el-gobierno-provincial-y-la-mesa-de-enlace-analizaron-medidas-para-paliar-los-efectos-de-la-sequia-en-la-produccion","status":"publish","type":"post","link":"https:\/\/informelitoral.com.ar\/el-gobierno-provincial-y-la-mesa-de-enlace-analizaron-medidas-para-paliar-los-efectos-de-la-sequia-en-la-produccion\/","title":{"rendered":"El gobierno provincial y la Mesa de Enlace analizaron medidas para paliar los efectos de la sequ\u00eda en la producci\u00f3n"},"content":{"rendered":"<p>Tambi\u00e9n abordaron la situaci\u00f3n impositiva en la provincia, ratificaron que no habr\u00e1 aumentos de al\u00edcuotas ni impuestos nuevos a partir de la firma del Consenso Fiscal y se comprometieron a analizar en conjunto la actualizaci\u00f3n anual del impuesto inmobiliario rural. Desde las entidades del campo celebraron el di\u00e1logo con el gobierno.<\/p>\n<p>Al finalizar la reuni\u00f3n, el director de la Federaci\u00f3n Agraria por Entre R\u00edos, Elvio Gu\u00eda, precis\u00f3 que \u00abse plante\u00f3 la preocupaci\u00f3n y el gran problema que se est\u00e1 teniendo con la sequ\u00eda\u201d. \u201cSe valora la escucha activa y el empezar a trabajar en conjunto para buscar soluciones\u00bb, remarc\u00f3 el federado.<\/p>\n<p>\u201cLamentablemente cuando se pidi\u00f3 el encuentro para discutir el tema de los impuestos inmobiliarios e ingresos brutos, no est\u00e1bamos en la situaci\u00f3n de hoy\u201d, dijo en referencia a la sequ\u00eda que afecta a la provincia. Adem\u00e1s, \u201cel ministro se comprometi\u00f3 y nos adelant\u00f3 que no habr\u00e1 aumentos en los impuestos en el marco del consenso fiscal\u00bb, valor\u00f3.<\/p>\n<p>\u201cEsto nos preocupa mucho y nos ha cambiado el eje de la discusi\u00f3n\u00bb, sostuvo al mencionar que en a\u00f1os anteriores se iniciaban las discusiones en torno a lo impositivo. \u00abHoy, junto a la provincia estamos viendo el c\u00f3mo contenemos a los productores y cooperativas\u201d, advirti\u00f3.<\/p>\n<p>No obstante, Gu\u00eda revel\u00f3 que se seguir\u00e1 trabajando en torno al tema impositivo, pero \u00abhabr\u00e1 que ver cu\u00e1l es la decisi\u00f3n pol\u00edtica que se toma en relaci\u00f3n a los impuestos y la ayuda que puede venir a nivel nacional\u00bb.<\/p>\n<p>Adem\u00e1s, el dirigente rural coment\u00f3 que el ministro Ballay les transmiti\u00f3 que no habr\u00e1 aumentos en el marco del consenso fiscal y adelant\u00f3 que se \u00abver\u00e1 de qu\u00e9 manera se mantiene el mismo n\u00famero de productores exentos de ingresos brutos. Luego habr\u00e1 que discutir el impuesto inmobiliario y el Ejecutivo ser\u00e1 el que termine dando el visto bueno sobre lo que suceder\u00e1 con estos impuestos en un a\u00f1o complejo\u00bb.<\/p>\n<p>\u00abSiempre tenemos un di\u00e1logo y el di\u00e1logo siempre es positivo, y m\u00e1s en esta situaci\u00f3n que tenemos que estar juntos para buscar soluciones para los productores que lamentablemente terminamos un a\u00f1o con un trigo que ven\u00eda siendo bueno en la provincia, pero estos \u00faltimos 10 d\u00edas ha hecho desastre y estamos muy preocupados\u00bb, dijo finalmente.<\/p>\n<p>Muy positiva<br \/>\nPor su parte, el ministro de Econom\u00eda, Hugo Ballay, defini\u00f3 la reuni\u00f3n como \u00abmuy positiva\u00bb e indic\u00f3 que \u00abes una solicitud permanente del gobernador Gustavo Bordet, que el di\u00e1logo sea la mejor herramienta con todas las instituciones y representantes\u00bb.<\/p>\n<p>Mencion\u00f3 que si bien la reuni\u00f3n inicialmente estaba prevista m\u00e1s en relaci\u00f3n con un tema tributario, \u00abarranc\u00f3 con un tema de mucha m\u00e1s trascendencia e importancia que es la situaci\u00f3n clim\u00e1tica que est\u00e1 viviendo la provincia de Entre R\u00edos\u00bb.<\/p>\n<p>En ese sentido, Ballay dijo que \u00abdesde el gobierno provincial recepcionamos las situaciones de cada uno de los sectores que representa a las instituciones que forman la Mesa de Enlace, y ya con el compromiso desde el gobierno provincial del lunes tener una reuni\u00f3n con el ministro de Producci\u00f3n, Juan Jos\u00e9 Bahillo, y el pr\u00f3ximo jueves estar nuevamente sentados con la Mesa de Enlace tratando este tema en el que aparecen diversas cuestiones\u201d.<\/p>\n<p>En cuanto a la situaci\u00f3n que conlleva la sequ\u00eda, Ballay dijo que est\u00e1 siendo contemplada a la hora de la toma de decisiones. \u00abPara el propio gobernador y la propia vicegobernadora en las distintas instancias -porque este mi\u00e9rcoles se tuve una reuni\u00f3n amplia de todos los sectores, puntualmente con el tema incendios, pero la sequ\u00eda tambi\u00e9n afecta a los sectores productivos- es un tema permanente para el gobierno provincial y quienes tenemos responsabilidades lo estamos llevando adelante\u00bb, indic\u00f3.<\/p>\n<p>Disminuci\u00f3n de la carga tributaria<\/p>\n<p>En materia fiscal, el ministro de Econom\u00eda explic\u00f3 que \u00ablo primero que se aclar\u00f3 que no es real la creaci\u00f3n de nuevos impuestos o el incremento de la al\u00edcuota de ingresos brutos. Adem\u00e1s, transmitimos lo que es una baja en los tributos provinciales que es la eliminaci\u00f3n del aporte de la n\u00f3mina de patr\u00f3n y el empleado de lo que se denomina Ley 4035. Se seguir\u00e1 atendiendo la pensi\u00f3n y los programas que se atend\u00edan pero con rentas generales. Es decir, hay una menor carga tributaria en el sector de los salarios y de los empleadores\u00bb, insisti\u00f3.<\/p>\n<p>M\u00e1s adelante dijo que tambi\u00e9n se inici\u00f3 la conversaci\u00f3n en torno \u00aba la situaci\u00f3n del impuesto inmobiliario rural que es una tarea que todos los a\u00f1os la iniciamos cerrando el a\u00f1o y la continuamos en enero o febrero. Si bien la f\u00f3rmula del c\u00f3mo se calcula est\u00e1 predeterminada, nuestra intenci\u00f3n es ponerlo sobre la mesa y discutirlos con las instituciones\u00bb.<\/p>\n<p>En materia de ingresos brutos, Ballay dijo: \u00abLes expres\u00e9 que el 94 por ciento de los productores agr\u00edcolas de Entre R\u00edos est\u00e1n exentos de ingreso brutos. Solo el 6 por ciento tributa. Como esto est\u00e1 relacionado con el nivel de facturaci\u00f3n, tratar de hacer las modificaciones para que no aparezcan nuevos contribuyentes. Es decir, aquellos que hoy est\u00e1n beneficiados con esa al\u00edcuota cero, contin\u00faen y para esto hay que modificar\u00bb.<\/p>\n<p>\u00abLa reuni\u00f3n fue muy positiva. Creo que los sectores tambi\u00e9n se fueron en algunos casos con respuestas concretas en materia impositiva, y tambi\u00e9n ven que el gobierno provincial est\u00e1 atento a lo que est\u00e1 sucediendo\u00bb, insisti\u00f3.<\/p>\n<p>Finalmente, precis\u00f3 que \u00abya me comuniqu\u00e9 con el ministro Bahillo y el lunes me re\u00fano con \u00e9l para el jueves o viernes encontrarnos con la Mesa de Enlace para tratar temas m\u00e1s puntuales de los que ellos plantearon hoy y de los podamos avanzar con el ministro Bahillo y con el gobernador Bordet\u00bb, concluy\u00f3.<\/p>\n<p>Presencias<\/p>\n<p>Participaron del encuentro el director titular y director suplente del Distrito Entre R\u00edos de la Sociedad Rural Argentina (SRA), Juan Diego Etchevehere y Beltr\u00e1n Benedit, respectivamente; el director de la Federaci\u00f3n Agraria por Entre R\u00edos, Elvio Gu\u00eda; el delegado por Entre R\u00edos de la Federaci\u00f3n Agraria Argentina, Alfredo Bel; Edgardo Schneider y Gonzalo \u00c1lvarez Maldonado de la Federaci\u00f3n Entrerriana de Cooperativas (Fedeco); y por la Federaci\u00f3n de Asociaciones Rurales de Entre R\u00edos (Farer), Claudio \u00c1lvarez Daneri.<\/p>\n","protected":false},"excerpt":{"rendered":"<p>Las entidades que integran la Mesa de Enlace y el gobierno provincial trabajar\u00e1n conjuntamente para definir medidas destinadas a afrontar la sequ\u00eda que afecta a los productores entrerrianos. As\u00ed lo acordaron dirigentes de la entidad con el ministro de Econom\u00eda, Hugo Ballay.<\/p>\n","protected":false},"author":8,"featured_media":69637,"comment_status":"open","ping_status":"open","sticky":false,"template":"","format":"standard","meta":{"fifu_image_url":"","fifu_image_alt":"","footnotes":""},"categories":[6],"tags":[2764,2765,1872,59],"class_list":{"0":"post-69636","1":"post","2":"type-post","3":"status-publish","4":"format-standard","5":"has-post-thumbnail","7":"category-entre-rios","8":"tag-aliviar-efectos","9":"tag-carga-tributaria","10":"tag-gobierno-de-entre-rios","11":"tag-sequia"},"yoast_head":"<title>El gobierno provincial y la Mesa de Enlace analizaron medidas para paliar los efectos de la sequ\u00eda en la producci\u00f3n - Informe Litoral<\/title>\n<meta name=\"robots\" content=\"index, follow, max-snippet:-1, max-image-preview:large, max-video-preview:-1\" \/>\n<link rel=\"canonical\" href=\"https:\/\/informelitoral.com.ar\/el-gobierno-provincial-y-la-mesa-de-enlace-analizaron-medidas-para-paliar-los-efectos-de-la-sequia-en-la-produccion\/\" \/>\n<meta property=\"og:locale\" content=\"es_ES\" \/>\n<meta property=\"og:type\" content=\"article\" \/>\n<meta property=\"og:title\" content=\"El gobierno provincial y la Mesa de Enlace analizaron medidas para paliar los efectos de la sequ\u00eda en la producci\u00f3n - Informe Litoral\" \/>\n<meta property=\"og:description\" content=\"Las entidades que integran la Mesa de Enlace y el gobierno provincial trabajar\u00e1n conjuntamente para definir medidas destinadas a afrontar la sequ\u00eda que afecta a los productores entrerrianos. As\u00ed lo acordaron dirigentes de la entidad con el ministro de Econom\u00eda, Hugo Ballay.\" \/>\n<meta property=\"og:url\" content=\"https:\/\/informelitoral.com.ar\/el-gobierno-provincial-y-la-mesa-de-enlace-analizaron-medidas-para-paliar-los-efectos-de-la-sequia-en-la-produccion\/\" \/>\n<meta property=\"og:site_name\" content=\"Informe Litoral\" \/>\n<meta property=\"article:publisher\" content=\"https:\/\/www.facebook.com\/informelitoral\/\" \/>\n<meta property=\"article:published_time\" content=\"2021-12-31T12:40:08+00:00\" \/>\n<meta property=\"article:modified_time\" content=\"2021-12-31T13:25:37+00:00\" \/>\n<meta property=\"og:image\" content=\"https:\/\/informelitoral.com.ar\/%77%70%2d%63%6f%6e%74%65%6e%74\/uploads\/2021\/12\/p_1640955066.jpg\" \/>\n\t<meta property=\"og:image:width\" content=\"1920\" \/>\n\t<meta property=\"og:image:height\" content=\"800\" \/>\n\t<meta property=\"og:image:type\" content=\"image\/jpeg\" \/>\n<meta name=\"author\" content=\"Sebastian\" \/>\n<meta name=\"twitter:card\" content=\"summary_large_image\" \/>\n<meta name=\"twitter:creator\" content=\"@InformeLitoral\" \/>\n<meta name=\"twitter:site\" content=\"@InformeLitoral\" \/>\n<meta name=\"twitter:label1\" content=\"Escrito por\" \/>\n\t<meta name=\"twitter:data1\" content=\"Sebastian\" \/>\n\t<meta name=\"twitter:label2\" content=\"Tiempo de lectura\" \/>\n\t<meta name=\"twitter:data2\" content=\"5 minutos\" \/>\n<script type=\"application\/ld+json\" class=\"yoast-schema-graph\">{\"@context\":\"https:\\\/\\\/schema.org\",\"@graph\":[{\"@type\":\"Article\",\"@id\":\"https:\\\/\\\/informelitoral.com.ar\\\/el-gobierno-provincial-y-la-mesa-de-enlace-analizaron-medidas-para-paliar-los-efectos-de-la-sequia-en-la-produccion\\\/#article\",\"isPartOf\":{\"@id\":\"https:\\\/\\\/informelitoral.com.ar\\\/el-gobierno-provincial-y-la-mesa-de-enlace-analizaron-medidas-para-paliar-los-efectos-de-la-sequia-en-la-produccion\\\/\"},\"author\":{\"name\":\"Sebastian\",\"@id\":\"https:\\\/\\\/informelitoral.com.ar\\\/#\\\/schema\\\/person\\\/f05f9f461677119578717524b127d6d5\"},\"headline\":\"El gobierno provincial y la Mesa de Enlace analizaron medidas para paliar los efectos de la sequ\u00eda en la producci\u00f3n\",\"datePublished\":\"2021-12-31T12:40:08+00:00\",\"dateModified\":\"2021-12-31T13:25:37+00:00\",\"mainEntityOfPage\":{\"@id\":\"https:\\\/\\\/informelitoral.com.ar\\\/el-gobierno-provincial-y-la-mesa-de-enlace-analizaron-medidas-para-paliar-los-efectos-de-la-sequia-en-la-produccion\\\/\"},\"wordCount\":1107,\"commentCount\":0,\"publisher\":{\"@id\":\"https:\\\/\\\/informelitoral.com.ar\\\/#organization\"},\"image\":{\"@id\":\"https:\\\/\\\/informelitoral.com.ar\\\/el-gobierno-provincial-y-la-mesa-de-enlace-analizaron-medidas-para-paliar-los-efectos-de-la-sequia-en-la-produccion\\\/#primaryimage\"},\"thumbnailUrl\":\"https:\\\/\\\/informelitoral.com.ar\\\/%77%70%2d%63%6f%6e%74%65%6e%74\\\/uploads\\\/2021\\\/12\\\/p_1640955066.jpg\",\"keywords\":[\"Aliviar efectos\",\"Carga tributaria\",\"Gobierno de Entre R\u00edos\",\"Sequ\u00eda\"],\"articleSection\":[\"Entre R\u00edos\"],\"inLanguage\":\"es\",\"potentialAction\":[{\"@type\":\"CommentAction\",\"name\":\"Comment\",\"target\":[\"https:\\\/\\\/informelitoral.com.ar\\\/el-gobierno-provincial-y-la-mesa-de-enlace-analizaron-medidas-para-paliar-los-efectos-de-la-sequia-en-la-produccion\\\/#respond\"]}]},{\"@type\":\"WebPage\",\"@id\":\"https:\\\/\\\/informelitoral.com.ar\\\/el-gobierno-provincial-y-la-mesa-de-enlace-analizaron-medidas-para-paliar-los-efectos-de-la-sequia-en-la-produccion\\\/\",\"url\":\"https:\\\/\\\/informelitoral.com.ar\\\/el-gobierno-provincial-y-la-mesa-de-enlace-analizaron-medidas-para-paliar-los-efectos-de-la-sequia-en-la-produccion\\\/\",\"name\":\"El gobierno provincial y la Mesa de Enlace analizaron medidas para paliar los efectos de la sequ\u00eda en la producci\u00f3n - Informe Litoral\",\"isPartOf\":{\"@id\":\"https:\\\/\\\/informelitoral.com.ar\\\/#website\"},\"primaryImageOfPage\":{\"@id\":\"https:\\\/\\\/informelitoral.com.ar\\\/el-gobierno-provincial-y-la-mesa-de-enlace-analizaron-medidas-para-paliar-los-efectos-de-la-sequia-en-la-produccion\\\/#primaryimage\"},\"image\":{\"@id\":\"https:\\\/\\\/informelitoral.com.ar\\\/el-gobierno-provincial-y-la-mesa-de-enlace-analizaron-medidas-para-paliar-los-efectos-de-la-sequia-en-la-produccion\\\/#primaryimage\"},\"thumbnailUrl\":\"https:\\\/\\\/informelitoral.com.ar\\\/%77%70%2d%63%6f%6e%74%65%6e%74\\\/uploads\\\/2021\\\/12\\\/p_1640955066.jpg\",\"datePublished\":\"2021-12-31T12:40:08+00:00\",\"dateModified\":\"2021-12-31T13:25:37+00:00\",\"breadcrumb\":{\"@id\":\"https:\\\/\\\/informelitoral.com.ar\\\/el-gobierno-provincial-y-la-mesa-de-enlace-analizaron-medidas-para-paliar-los-efectos-de-la-sequia-en-la-produccion\\\/#breadcrumb\"},\"inLanguage\":\"es\",\"potentialAction\":[{\"@type\":\"ReadAction\",\"target\":[\"https:\\\/\\\/informelitoral.com.ar\\\/el-gobierno-provincial-y-la-mesa-de-enlace-analizaron-medidas-para-paliar-los-efectos-de-la-sequia-en-la-produccion\\\/\"]}]},{\"@type\":\"ImageObject\",\"inLanguage\":\"es\",\"@id\":\"https:\\\/\\\/informelitoral.com.ar\\\/el-gobierno-provincial-y-la-mesa-de-enlace-analizaron-medidas-para-paliar-los-efectos-de-la-sequia-en-la-produccion\\\/#primaryimage\",\"url\":\"https:\\\/\\\/informelitoral.com.ar\\\/%77%70%2d%63%6f%6e%74%65%6e%74\\\/uploads\\\/2021\\\/12\\\/p_1640955066.jpg\",\"contentUrl\":\"https:\\\/\\\/informelitoral.com.ar\\\/%77%70%2d%63%6f%6e%74%65%6e%74\\\/uploads\\\/2021\\\/12\\\/p_1640955066.jpg\",\"width\":1920,\"height\":800},{\"@type\":\"BreadcrumbList\",\"@id\":\"https:\\\/\\\/informelitoral.com.ar\\\/el-gobierno-provincial-y-la-mesa-de-enlace-analizaron-medidas-para-paliar-los-efectos-de-la-sequia-en-la-produccion\\\/#breadcrumb\",\"itemListElement\":[{\"@type\":\"ListItem\",\"position\":1,\"name\":\"Portada\",\"item\":\"https:\\\/\\\/informelitoral.com.ar\\\/\"},{\"@type\":\"ListItem\",\"position\":2,\"name\":\"El gobierno provincial y la Mesa de Enlace analizaron medidas para paliar los efectos de la sequ\u00eda en la producci\u00f3n\"}]},{\"@type\":\"WebSite\",\"@id\":\"https:\\\/\\\/informelitoral.com.ar\\\/#website\",\"url\":\"https:\\\/\\\/informelitoral.com.ar\\\/\",\"name\":\"Informe Litoral\",\"description\":\"&quot;Nos informamos&quot; \",\"publisher\":{\"@id\":\"https:\\\/\\\/informelitoral.com.ar\\\/#organization\"},\"potentialAction\":[{\"@type\":\"SearchAction\",\"target\":{\"@type\":\"EntryPoint\",\"urlTemplate\":\"https:\\\/\\\/informelitoral.com.ar\\\/?s={search_term_string}\"},\"query-input\":{\"@type\":\"PropertyValueSpecification\",\"valueRequired\":true,\"valueName\":\"search_term_string\"}}],\"inLanguage\":\"es\"},{\"@type\":\"Organization\",\"@id\":\"https:\\\/\\\/informelitoral.com.ar\\\/#organization\",\"name\":\"Informe Litoral\",\"url\":\"https:\\\/\\\/informelitoral.com.ar\\\/\",\"logo\":{\"@type\":\"ImageObject\",\"inLanguage\":\"es\",\"@id\":\"https:\\\/\\\/informelitoral.com.ar\\\/#\\\/schema\\\/logo\\\/image\\\/\",\"url\":\"https:\\\/\\\/informelitoral.com.ar\\\/%77%70%2d%63%6f%6e%74%65%6e%74\\\/uploads\\\/2021\\\/01\\\/circulo.png\",\"contentUrl\":\"https:\\\/\\\/informelitoral.com.ar\\\/%77%70%2d%63%6f%6e%74%65%6e%74\\\/uploads\\\/2021\\\/01\\\/circulo.png\",\"width\":723,\"height\":731,\"caption\":\"Informe Litoral\"},\"image\":{\"@id\":\"https:\\\/\\\/informelitoral.com.ar\\\/#\\\/schema\\\/logo\\\/image\\\/\"},\"sameAs\":[\"https:\\\/\\\/www.facebook.com\\\/informelitoral\\\/\",\"https:\\\/\\\/x.com\\\/InformeLitoral\",\"https:\\\/\\\/www.instagram.com\\\/informelitoral\\\/\",\"https:\\\/\\\/www.youtube.com\\\/channel\\\/UCua4Qvz8Icb6MYqhoq9xLXw\"]},{\"@type\":\"Person\",\"@id\":\"https:\\\/\\\/informelitoral.com.ar\\\/#\\\/schema\\\/person\\\/f05f9f461677119578717524b127d6d5\",\"name\":\"Sebastian\",\"image\":{\"@type\":\"ImageObject\",\"inLanguage\":\"es\",\"@id\":\"https:\\\/\\\/secure.gravatar.com\\\/avatar\\\/b71bf7481d447dfb9583c7f2798e7cc64de6efb9067b74633ed8c31059a3bd82?s=96&d=mm&r=g\",\"url\":\"https:\\\/\\\/secure.gravatar.com\\\/avatar\\\/b71bf7481d447dfb9583c7f2798e7cc64de6efb9067b74633ed8c31059a3bd82?s=96&d=mm&r=g\",\"contentUrl\":\"https:\\\/\\\/secure.gravatar.com\\\/avatar\\\/b71bf7481d447dfb9583c7f2798e7cc64de6efb9067b74633ed8c31059a3bd82?s=96&d=mm&r=g\",\"caption\":\"Sebastian\"},\"url\":\"https:\\\/\\\/informelitoral.com.ar\\\/author\\\/sebastian\\\/\"}]}<\/script>","yoast_head_json":{"title":"El gobierno provincial y la Mesa de Enlace analizaron medidas para paliar los efectos de la sequ\u00eda en la producci\u00f3n - Informe Litoral","robots":{"index":"index","follow":"follow","max-snippet":"max-snippet:-1","max-image-preview":"max-image-preview:large","max-video-preview":"max-video-preview:-1"},"canonical":"https:\/\/informelitoral.com.ar\/el-gobierno-provincial-y-la-mesa-de-enlace-analizaron-medidas-para-paliar-los-efectos-de-la-sequia-en-la-produccion\/","og_locale":"es_ES","og_type":"article","og_title":"El gobierno provincial y la Mesa de Enlace analizaron medidas para paliar los efectos de la sequ\u00eda en la producci\u00f3n - Informe Litoral","og_description":"Las entidades que integran la Mesa de Enlace y el gobierno provincial trabajar\u00e1n conjuntamente para definir medidas destinadas a afrontar la sequ\u00eda que afecta a los productores entrerrianos. As\u00ed lo acordaron dirigentes de la entidad con el ministro de Econom\u00eda, Hugo Ballay.","og_url":"https:\/\/informelitoral.com.ar\/el-gobierno-provincial-y-la-mesa-de-enlace-analizaron-medidas-para-paliar-los-efectos-de-la-sequia-en-la-produccion\/","og_site_name":"Informe Litoral","article_publisher":"https:\/\/www.facebook.com\/informelitoral\/","article_published_time":"2021-12-31T12:40:08+00:00","article_modified_time":"2021-12-31T13:25:37+00:00","og_image":[{"width":1920,"height":800,"url":"https:\/\/informelitoral.com.ar\/%77%70%2d%63%6f%6e%74%65%6e%74\/uploads\/2021\/12\/p_1640955066.jpg","type":"image\/jpeg"}],"author":"Sebastian","twitter_card":"summary_large_image","twitter_creator":"@InformeLitoral","twitter_site":"@InformeLitoral","twitter_misc":{"Escrito por":"Sebastian","Tiempo de lectura":"5 minutos"},"schema":{"@context":"https:\/\/schema.org","@graph":[{"@type":"Article","@id":"https:\/\/informelitoral.com.ar\/el-gobierno-provincial-y-la-mesa-de-enlace-analizaron-medidas-para-paliar-los-efectos-de-la-sequia-en-la-produccion\/#article","isPartOf":{"@id":"https:\/\/informelitoral.com.ar\/el-gobierno-provincial-y-la-mesa-de-enlace-analizaron-medidas-para-paliar-los-efectos-de-la-sequia-en-la-produccion\/"},"author":{"name":"Sebastian","@id":"https:\/\/informelitoral.com.ar\/#\/schema\/person\/f05f9f461677119578717524b127d6d5"},"headline":"El gobierno provincial y la Mesa de Enlace analizaron medidas para paliar los efectos de la sequ\u00eda en la producci\u00f3n","datePublished":"2021-12-31T12:40:08+00:00","dateModified":"2021-12-31T13:25:37+00:00","mainEntityOfPage":{"@id":"https:\/\/informelitoral.com.ar\/el-gobierno-provincial-y-la-mesa-de-enlace-analizaron-medidas-para-paliar-los-efectos-de-la-sequia-en-la-produccion\/"},"wordCount":1107,"commentCount":0,"publisher":{"@id":"https:\/\/informelitoral.com.ar\/#organization"},"image":{"@id":"https:\/\/informelitoral.com.ar\/el-gobierno-provincial-y-la-mesa-de-enlace-analizaron-medidas-para-paliar-los-efectos-de-la-sequia-en-la-produccion\/#primaryimage"},"thumbnailUrl":"https:\/\/informelitoral.com.ar\/%77%70%2d%63%6f%6e%74%65%6e%74\/uploads\/2021\/12\/p_1640955066.jpg","keywords":["Aliviar efectos","Carga tributaria","Gobierno de Entre R\u00edos","Sequ\u00eda"],"articleSection":["Entre R\u00edos"],"inLanguage":"es","potentialAction":[{"@type":"CommentAction","name":"Comment","target":["https:\/\/informelitoral.com.ar\/el-gobierno-provincial-y-la-mesa-de-enlace-analizaron-medidas-para-paliar-los-efectos-de-la-sequia-en-la-produccion\/#respond"]}]},{"@type":"WebPage","@id":"https:\/\/informelitoral.com.ar\/el-gobierno-provincial-y-la-mesa-de-enlace-analizaron-medidas-para-paliar-los-efectos-de-la-sequia-en-la-produccion\/","url":"https:\/\/informelitoral.com.ar\/el-gobierno-provincial-y-la-mesa-de-enlace-analizaron-medidas-para-paliar-los-efectos-de-la-sequia-en-la-produccion\/","name":"El gobierno provincial y la Mesa de Enlace analizaron medidas para paliar los efectos de la sequ\u00eda en la producci\u00f3n - Informe Litoral","isPartOf":{"@id":"https:\/\/informelitoral.com.ar\/#website"},"primaryImageOfPage":{"@id":"https:\/\/informelitoral.com.ar\/el-gobierno-provincial-y-la-mesa-de-enlace-analizaron-medidas-para-paliar-los-efectos-de-la-sequia-en-la-produccion\/#primaryimage"},"image":{"@id":"https:\/\/informelitoral.com.ar\/el-gobierno-provincial-y-la-mesa-de-enlace-analizaron-medidas-para-paliar-los-efectos-de-la-sequia-en-la-produccion\/#primaryimage"},"thumbnailUrl":"https:\/\/informelitoral.com.ar\/%77%70%2d%63%6f%6e%74%65%6e%74\/uploads\/2021\/12\/p_1640955066.jpg","datePublished":"2021-12-31T12:40:08+00:00","dateModified":"2021-12-31T13:25:37+00:00","breadcrumb":{"@id":"https:\/\/informelitoral.com.ar\/el-gobierno-provincial-y-la-mesa-de-enlace-analizaron-medidas-para-paliar-los-efectos-de-la-sequia-en-la-produccion\/#breadcrumb"},"inLanguage":"es","potentialAction":[{"@type":"ReadAction","target":["https:\/\/informelitoral.com.ar\/el-gobierno-provincial-y-la-mesa-de-enlace-analizaron-medidas-para-paliar-los-efectos-de-la-sequia-en-la-produccion\/"]}]},{"@type":"ImageObject","inLanguage":"es","@id":"https:\/\/informelitoral.com.ar\/el-gobierno-provincial-y-la-mesa-de-enlace-analizaron-medidas-para-paliar-los-efectos-de-la-sequia-en-la-produccion\/#primaryimage","url":"https:\/\/informelitoral.com.ar\/%77%70%2d%63%6f%6e%74%65%6e%74\/uploads\/2021\/12\/p_1640955066.jpg","contentUrl":"https:\/\/informelitoral.com.ar\/%77%70%2d%63%6f%6e%74%65%6e%74\/uploads\/2021\/12\/p_1640955066.jpg","width":1920,"height":800},{"@type":"BreadcrumbList","@id":"https:\/\/informelitoral.com.ar\/el-gobierno-provincial-y-la-mesa-de-enlace-analizaron-medidas-para-paliar-los-efectos-de-la-sequia-en-la-produccion\/#breadcrumb","itemListElement":[{"@type":"ListItem","position":1,"name":"Portada","item":"https:\/\/informelitoral.com.ar\/"},{"@type":"ListItem","position":2,"name":"El gobierno provincial y la Mesa de Enlace analizaron medidas para paliar los efectos de la sequ\u00eda en la producci\u00f3n"}]},{"@type":"WebSite","@id":"https:\/\/informelitoral.com.ar\/#website","url":"https:\/\/informelitoral.com.ar\/","name":"Informe Litoral","description":"&quot;Nos informamos&quot; ","publisher":{"@id":"https:\/\/informelitoral.com.ar\/#organization"},"potentialAction":[{"@type":"SearchAction","target":{"@type":"EntryPoint","urlTemplate":"https:\/\/informelitoral.com.ar\/?s={search_term_string}"},"query-input":{"@type":"PropertyValueSpecification","valueRequired":true,"valueName":"search_term_string"}}],"inLanguage":"es"},{"@type":"Organization","@id":"https:\/\/informelitoral.com.ar\/#organization","name":"Informe Litoral","url":"https:\/\/informelitoral.com.ar\/","logo":{"@type":"ImageObject","inLanguage":"es","@id":"https:\/\/informelitoral.com.ar\/#\/schema\/logo\/image\/","url":"https:\/\/informelitoral.com.ar\/%77%70%2d%63%6f%6e%74%65%6e%74\/uploads\/2021\/01\/circulo.png","contentUrl":"https:\/\/informelitoral.com.ar\/%77%70%2d%63%6f%6e%74%65%6e%74\/uploads\/2021\/01\/circulo.png","width":723,"height":731,"caption":"Informe Litoral"},"image":{"@id":"https:\/\/informelitoral.com.ar\/#\/schema\/logo\/image\/"},"sameAs":["https:\/\/www.facebook.com\/informelitoral\/","https:\/\/x.com\/InformeLitoral","https:\/\/www.instagram.com\/informelitoral\/","https:\/\/www.youtube.com\/channel\/UCua4Qvz8Icb6MYqhoq9xLXw"]},{"@type":"Person","@id":"https:\/\/informelitoral.com.ar\/#\/schema\/person\/f05f9f461677119578717524b127d6d5","name":"Sebastian","image":{"@type":"ImageObject","inLanguage":"es","@id":"https:\/\/secure.gravatar.com\/avatar\/b71bf7481d447dfb9583c7f2798e7cc64de6efb9067b74633ed8c31059a3bd82?s=96&d=mm&r=g","url":"https:\/\/secure.gravatar.com\/avatar\/b71bf7481d447dfb9583c7f2798e7cc64de6efb9067b74633ed8c31059a3bd82?s=96&d=mm&r=g","contentUrl":"https:\/\/secure.gravatar.com\/avatar\/b71bf7481d447dfb9583c7f2798e7cc64de6efb9067b74633ed8c31059a3bd82?s=96&d=mm&r=g","caption":"Sebastian"},"url":"https:\/\/informelitoral.com.ar\/author\/sebastian\/"}]}},"_links":{"self":[{"href":"https:\/\/informelitoral.com.ar\/%77%70%2d%6a%73%6f%6e\/wp\/v2\/posts\/69636","targetHints":{"allow":["GET"]}}],"collection":[{"href":"https:\/\/informelitoral.com.ar\/%77%70%2d%6a%73%6f%6e\/wp\/v2\/posts"}],"about":[{"href":"https:\/\/informelitoral.com.ar\/%77%70%2d%6a%73%6f%6e\/wp\/v2\/types\/post"}],"author":[{"embeddable":true,"href":"https:\/\/informelitoral.com.ar\/%77%70%2d%6a%73%6f%6e\/wp\/v2\/users\/8"}],"replies":[{"embeddable":true,"href":"https:\/\/informelitoral.com.ar\/%77%70%2d%6a%73%6f%6e\/wp\/v2\/comments?post=69636"}],"version-history":[{"count":0,"href":"https:\/\/informelitoral.com.ar\/%77%70%2d%6a%73%6f%6e\/wp\/v2\/posts\/69636\/revisions"}],"wp:featuredmedia":[{"embeddable":true,"href":"https:\/\/informelitoral.com.ar\/%77%70%2d%6a%73%6f%6e\/wp\/v2\/media\/69637"}],"wp:attachment":[{"href":"https:\/\/informelitoral.com.ar\/%77%70%2d%6a%73%6f%6e\/wp\/v2\/media?parent=69636"}],"wp:term":[{"taxonomy":"category","embeddable":true,"href":"https:\/\/informelitoral.com.ar\/%77%70%2d%6a%73%6f%6e\/wp\/v2\/categories?post=69636"},{"taxonomy":"post_tag","embeddable":true,"href":"https:\/\/informelitoral.com.ar\/%77%70%2d%6a%73%6f%6e\/wp\/v2\/tags?post=69636"}],"curies":[{"name":"wp","href":"https:\/\/api.w.org\/{rel}","templated":true}]}}