{"id":69613,"date":"2021-12-30T21:57:46","date_gmt":"2021-12-31T00:57:46","guid":{"rendered":"https:\/\/www.informelitoral.com.ar\/?p=69613"},"modified":"2021-12-30T22:00:53","modified_gmt":"2021-12-31T01:00:53","slug":"el-senado-entrerriano-aprobo-el-consenso-fiscal-2022","status":"publish","type":"post","link":"https:\/\/informelitoral.com.ar\/el-senado-entrerriano-aprobo-el-consenso-fiscal-2022\/","title":{"rendered":"El Senado entrerriano aprob\u00f3 el Consenso Fiscal 2022"},"content":{"rendered":"<p>El senado entrerriano sesion\u00f3 este mi\u00e9rcoles en la que fue la primera sesi\u00f3n extraordinaria del 142\u00b0 Per\u00edodo Legislativo. El encuentro estuvo presidido por el senador Daniel Olano y cont\u00f3 con la asistencia del secretario del cuerpo Lautaro Schiavoni y del prosecretario Leonardo Centuri\u00f3n.<\/p>\n<p>Durante el debate se sancion\u00f3 el proyecto de Ley del Poder Ejecutivo en revisi\u00f3n, por el que se aprueba el Consenso Fiscal celebrado el 27 de diciembre de 2021 entre el Poder Ejecutivo Nacional y representantes de las provincias. Sobre este punto tom\u00f3 la palabra el senador Armando Gay (Concordia- Frente Justicialista) para solicitar el tratamiento sobre tablas.<\/p>\n<p>Luego, el senador Amilicar Genre Bert (La Paz- Frente Justicialista) destac\u00f3 que el consenso fiscal fue firmado por todas las provincias del pa\u00eds, a excepci\u00f3n de la Ciudad Aut\u00f3noma de Buenos Aires, el \u00fanico distrito que no acompa\u00f1\u00f3 con su firma. Mencion\u00f3 las modificaciones que se abordaron en este acuerdo y dijo que es importante \u201ctener en cuenta que el escenario, el lineamiento pol\u00edtico y mirada de pa\u00eds al que en otras oportunidades supimos tratar\u201d. Y continu\u00f3: \u201cEs decir que tanto el escenario econ\u00f3mico como de proyecci\u00f3n cambi\u00f3 much\u00edsimo por el contexto de pandemia que complic\u00f3 el desenvolvimiento de todos los pa\u00edses, y donde qued\u00f3 expuesto que la presencia del Estado es fundamental para arbitrar e influir de manera directa en sus comunidades\u201d.<\/p>\n<p>Durante su alocuci\u00f3n, el legislador aclar\u00f3 que \u201ceste consenso no prev\u00e9 ni tampoco significar\u00e1 para ninguna de las actividades de nuestra provincia un incremento de impuestos. El consenso establece a nivel nacional y provincial, la definici\u00f3n de al\u00edcuotas m\u00e1ximas, y en este sentido devuelve facultades y autonom\u00edas a las provincias\u201d, asever\u00f3.<\/p>\n<p>Por su parte, el senador Rub\u00e9n Dal Mol\u00edn (Federaci\u00f3n \u2013 Cambiemos) se refiri\u00f3 a la situaci\u00f3n del pa\u00eds y de la provincia al momento de aprobarse el consenso fiscal de 2017, durante el gobierno del expresidente Mauricio Macri, y se\u00f1al\u00f3 las modificaciones que se dieron posteriormente. En ese sentido critic\u00f3 que el nuevo acuerdo pr\u00e1cticamente elimina los postulados de la ley de responsabilidad fiscal y sostuvo que el planteo del nuevo consenso \u201ces sesgado\u201d, lo que explica la decisi\u00f3n de su bloque de no acompa\u00f1ar el proyecto.<\/p>\n<p>En el mismo sentido, el presidente de la bancada opositora, Francisco Morchio, interpret\u00f3 que votar a favor del pacto fiscal suscripto por la provincia significa \u201celegir volver al nivel impositivo de 2019\u201d, indic\u00f3.<br \/>\nRespecto del denominado impuesto a la herencia, record\u00f3 que el actual ministro de Econom\u00eda fue quien impuls\u00f3 su derogaci\u00f3n en 2017 por ser \u201cimpagable y de escasa recaudaci\u00f3n\u201d, y manifest\u00f3 en ese sentido su reconocimiento al gobierno provincial por haber derogado dicho tributo, que ten\u00eda vigencia desde 2013.<\/p>\n<p>En tanto, el senador Gay record\u00f3 que el proyecto cuenta con media sanci\u00f3n de la C\u00e1mara de Diputados, y con la firma de la vicegobernadora Laura Stratta, a cargo del Poder Ejecutivo Provincial. \u201cEs indispensable analizar la necesidad de armonizar un sistema tributario. Este es uno de los fundamentos centrales del Consenso Fiscal, que se logra a trav\u00e9s de un trabajo com\u00fan en beneficio de todas las provincias\u201d, se\u00f1al\u00f3 el legislador entrerriano.<\/p>\n<p>Y continu\u00f3: \u201cDebemos ser conscientes que somos parte de un Estado federal y no podemos pretender ser una isla. Creo que tenemos que trabajar en conjunto, con las provincias, el gobierno nacional y con el mismo objetivo y la misma mirada, ser conscientes que todav\u00eda estamos frente a una realidad extremadamente compleja como es la pandemia que estamos transitando\u201d.<\/p>\n<p>En otro tramo de su discurso, Gay asever\u00f3 que \u201cel compromiso es con todas y todos los entrerrianos\u201d. Y a\u00f1adi\u00f3: \u201cMuchas de estas cr\u00edticas en su mayor\u00eda responden a una coyuntura que est\u00e1 mirando a las urnas de 2023 en vez de ver la realidad que cambia constantemente\u201d. \u201cNo soy de criticar a la posici\u00f3n pero es una demostraci\u00f3n triste la no aprobaci\u00f3n del Presupuesto Nacional\u201d.<\/p>\n<p>\u201cSe dej\u00f3 en claro que no se prev\u00e9 aumentos de impuestos ni la creaci\u00f3n de impuestos. Al contrario, se logra armonizar con las provincias poniendo topes. Este proyecto tambi\u00e9n alude al proceso de desendeudamiento y puntos que se vienen trabajando con el gobernador Gustavo Bordet a la cabeza y todo su equipo econ\u00f3mico\u201d, resalt\u00f3.<\/p>\n<p><b>Homenajes<\/b><\/p>\n<p>Al turno de los homenajes, el presidente del bloque justicialista Armando Gay homenaje\u00f3 \u201ca uno de los hombres m\u00e1s importantes de la historia de la provincia de Entre R\u00edos, que fue elegido tres veces gobernador de la provincia de manera alternada, que fue dos veces intendente de la ciudad de Concordia y que fue el principal protagonista de la reforma constituci\u00f3n de 2008\u201d, en referencia al exgobernador Jorge Pedro Busti, quien dej\u00f3 de existir el 20 de diciembre.<\/p>\n<p>Especialmente Gay destac\u00f3 \u201csu personalidad y su gentileza con todos los que compartimos la pasi\u00f3n por la pol\u00edtica. Es indudablemente JPB uno de esos hombres que va a quedar en la historia de la provincia\u201d destac\u00f3, al tiempo que se\u00f1al\u00f3 que nunca se desvincul\u00f3 de la realidad cotidiana \u201cy que hasta el \u00faltimo momento luch\u00f3 por ideales que permitieran encontrar una salida superadora a los problemas de la sociedad\u201d.<\/p>\n<p>Tras dar el p\u00e9same a sus familiares, dijo que \u201cdeben sentirse orgullosos porque durante muchos a\u00f1os va a vivir en la memoria y en el coraz\u00f3n de muchos entrerrianos\u201d.<\/p>\n<p>Seguidamente, el senador Amavet tambi\u00e9n rindi\u00f3 homenaje al Dr. Jorge Pedro Busti. Record\u00f3 sus inicios en la pol\u00edtica de joven universitario, cuando \u201chablar de peronismo o de Per\u00f3n era un delito\u201d. Asimismo, destac\u00f3 su vida pol\u00edtica, su rol como gobernador, legislador y presidente de la Convenci\u00f3n Constituyente. \u201cLa muerte trunc\u00f3 la vida de un gran caudillo de la pol\u00edtica entrerriana\u201d, expres\u00f3.<\/p>\n<p>Claudia Gieco, por su parte, rindi\u00f3 un homenaje a Lucila Haidar, militante justicialista oriunda de Diamante, quien ocup\u00f3 varios cargos en la provincia y el municipio de Paran\u00e1. \u201cEjerci\u00f3 su trabajo con compromiso, con esmero, con responsabilidad, cualidades y condiciones necesarias para la funci\u00f3n que ella desempe\u00f1\u00f3 durante much\u00edsimo a\u00f1os, trabajando en pos de la comunidad\u201d, dijo la legisladora entrerriana. Adem\u00e1s, destac\u00f3 su compromiso con el partido y vasta trayectoria. \u201cQuiero enviar un gran saludo y condolencias a su familia, compa\u00f1eros de trabajo, militantes y al pueblo entrerriano\u201d, manifest\u00f3.<\/p>\n<p>Luego, la senadora Nancy Miranda (Federal- Frente Justicialista) tambi\u00e9n adhiri\u00f3 a los homenajes de Lucila Haidar destacando que \u00abfue una persona muy leal, que siempre buscaba los consensos para que las cosas salgan bien\u00bb y resalt\u00f3 que \u00abfue una mujer muy frontal, algo que se le cuestionaba mucho\u00bb. Adem\u00e1s, envi\u00f3 sus condolencias a familiares y amigos.<\/p>\n<p>Finalmente, el senador Francisco Morchio (Gualeguay- Cambiemos) adhiri\u00f3 con su bloque al homenaje a Lucila Haidar, destacando que \u00abfue una persona con firmes convicciones pol\u00edticas pero que tuvo la grandeza de saber separar lo partidario de lo humano\u00bb.<\/p>\n","protected":false},"excerpt":{"rendered":"<p>La C\u00e1mara de Senadores dio media sanci\u00f3n este mi\u00e9rcoles a la aprobaci\u00f3n legislativa del Consenso Fiscal 2022 suscripto el lunes entre la Naci\u00f3n y las provincias, con lo que se convirti\u00f3 en ley en Entre R\u00edos. El encuentro fue presidido por el senador Daniel Olano.<\/p>\n","protected":false},"author":8,"featured_media":69614,"comment_status":"open","ping_status":"open","sticky":false,"template":"","format":"standard","meta":{"fifu_image_url":"","fifu_image_alt":"","footnotes":""},"categories":[6],"tags":[2758,2179,81,464],"class_list":{"0":"post-69613","1":"post","2":"type-post","3":"status-publish","4":"format-standard","5":"has-post-thumbnail","7":"category-entre-rios","8":"tag-aprobacion","9":"tag-consenso-fiscal","10":"tag-entre-rios","11":"tag-senado"},"yoast_head":"<title>El Senado entrerriano aprob\u00f3 el Consenso Fiscal 2022 - Informe Litoral<\/title>\n<meta name=\"robots\" content=\"index, follow, max-snippet:-1, max-image-preview:large, max-video-preview:-1\" \/>\n<link rel=\"canonical\" href=\"https:\/\/informelitoral.com.ar\/el-senado-entrerriano-aprobo-el-consenso-fiscal-2022\/\" \/>\n<meta property=\"og:locale\" content=\"es_ES\" \/>\n<meta property=\"og:type\" content=\"article\" \/>\n<meta property=\"og:title\" content=\"El Senado entrerriano aprob\u00f3 el Consenso Fiscal 2022 - Informe Litoral\" \/>\n<meta property=\"og:description\" content=\"La C\u00e1mara de Senadores dio media sanci\u00f3n este mi\u00e9rcoles a la aprobaci\u00f3n legislativa del Consenso Fiscal 2022 suscripto el lunes entre la Naci\u00f3n y las provincias, con lo que se convirti\u00f3 en ley en Entre R\u00edos. El encuentro fue presidido por el senador Daniel Olano.\" \/>\n<meta property=\"og:url\" content=\"https:\/\/informelitoral.com.ar\/el-senado-entrerriano-aprobo-el-consenso-fiscal-2022\/\" \/>\n<meta property=\"og:site_name\" content=\"Informe Litoral\" \/>\n<meta property=\"article:publisher\" content=\"https:\/\/www.facebook.com\/informelitoral\/\" \/>\n<meta property=\"article:published_time\" content=\"2021-12-31T00:57:46+00:00\" \/>\n<meta property=\"article:modified_time\" content=\"2021-12-31T01:00:53+00:00\" \/>\n<meta property=\"og:image\" content=\"https:\/\/informelitoral.com.ar\/%77%70%2d%63%6f%6e%74%65%6e%74\/uploads\/2021\/12\/S12-1068x712-1.jpg\" \/>\n\t<meta property=\"og:image:width\" content=\"1068\" \/>\n\t<meta property=\"og:image:height\" content=\"712\" \/>\n\t<meta property=\"og:image:type\" content=\"image\/jpeg\" \/>\n<meta name=\"author\" content=\"Sebastian\" \/>\n<meta name=\"twitter:card\" content=\"summary_large_image\" \/>\n<meta name=\"twitter:creator\" content=\"@InformeLitoral\" \/>\n<meta name=\"twitter:site\" content=\"@InformeLitoral\" \/>\n<meta name=\"twitter:label1\" content=\"Escrito por\" \/>\n\t<meta name=\"twitter:data1\" content=\"Sebastian\" \/>\n\t<meta name=\"twitter:label2\" content=\"Tiempo de lectura\" \/>\n\t<meta name=\"twitter:data2\" content=\"6 minutos\" \/>\n<script type=\"application\/ld+json\" class=\"yoast-schema-graph\">{\"@context\":\"https:\\\/\\\/schema.org\",\"@graph\":[{\"@type\":\"Article\",\"@id\":\"https:\\\/\\\/informelitoral.com.ar\\\/el-senado-entrerriano-aprobo-el-consenso-fiscal-2022\\\/#article\",\"isPartOf\":{\"@id\":\"https:\\\/\\\/informelitoral.com.ar\\\/el-senado-entrerriano-aprobo-el-consenso-fiscal-2022\\\/\"},\"author\":{\"name\":\"Sebastian\",\"@id\":\"https:\\\/\\\/informelitoral.com.ar\\\/#\\\/schema\\\/person\\\/f05f9f461677119578717524b127d6d5\"},\"headline\":\"El Senado entrerriano aprob\u00f3 el Consenso Fiscal 2022\",\"datePublished\":\"2021-12-31T00:57:46+00:00\",\"dateModified\":\"2021-12-31T01:00:53+00:00\",\"mainEntityOfPage\":{\"@id\":\"https:\\\/\\\/informelitoral.com.ar\\\/el-senado-entrerriano-aprobo-el-consenso-fiscal-2022\\\/\"},\"wordCount\":1181,\"commentCount\":0,\"publisher\":{\"@id\":\"https:\\\/\\\/informelitoral.com.ar\\\/#organization\"},\"image\":{\"@id\":\"https:\\\/\\\/informelitoral.com.ar\\\/el-senado-entrerriano-aprobo-el-consenso-fiscal-2022\\\/#primaryimage\"},\"thumbnailUrl\":\"https:\\\/\\\/informelitoral.com.ar\\\/%77%70%2d%63%6f%6e%74%65%6e%74\\\/uploads\\\/2021\\\/12\\\/S12-1068x712-1.jpg\",\"keywords\":[\"Aprobaci\u00f3n\",\"Consenso Fiscal\",\"Entre R\u00edos\",\"Senado\"],\"articleSection\":[\"Entre R\u00edos\"],\"inLanguage\":\"es\",\"potentialAction\":[{\"@type\":\"CommentAction\",\"name\":\"Comment\",\"target\":[\"https:\\\/\\\/informelitoral.com.ar\\\/el-senado-entrerriano-aprobo-el-consenso-fiscal-2022\\\/#respond\"]}]},{\"@type\":\"WebPage\",\"@id\":\"https:\\\/\\\/informelitoral.com.ar\\\/el-senado-entrerriano-aprobo-el-consenso-fiscal-2022\\\/\",\"url\":\"https:\\\/\\\/informelitoral.com.ar\\\/el-senado-entrerriano-aprobo-el-consenso-fiscal-2022\\\/\",\"name\":\"El Senado entrerriano aprob\u00f3 el Consenso Fiscal 2022 - Informe Litoral\",\"isPartOf\":{\"@id\":\"https:\\\/\\\/informelitoral.com.ar\\\/#website\"},\"primaryImageOfPage\":{\"@id\":\"https:\\\/\\\/informelitoral.com.ar\\\/el-senado-entrerriano-aprobo-el-consenso-fiscal-2022\\\/#primaryimage\"},\"image\":{\"@id\":\"https:\\\/\\\/informelitoral.com.ar\\\/el-senado-entrerriano-aprobo-el-consenso-fiscal-2022\\\/#primaryimage\"},\"thumbnailUrl\":\"https:\\\/\\\/informelitoral.com.ar\\\/%77%70%2d%63%6f%6e%74%65%6e%74\\\/uploads\\\/2021\\\/12\\\/S12-1068x712-1.jpg\",\"datePublished\":\"2021-12-31T00:57:46+00:00\",\"dateModified\":\"2021-12-31T01:00:53+00:00\",\"breadcrumb\":{\"@id\":\"https:\\\/\\\/informelitoral.com.ar\\\/el-senado-entrerriano-aprobo-el-consenso-fiscal-2022\\\/#breadcrumb\"},\"inLanguage\":\"es\",\"potentialAction\":[{\"@type\":\"ReadAction\",\"target\":[\"https:\\\/\\\/informelitoral.com.ar\\\/el-senado-entrerriano-aprobo-el-consenso-fiscal-2022\\\/\"]}]},{\"@type\":\"ImageObject\",\"inLanguage\":\"es\",\"@id\":\"https:\\\/\\\/informelitoral.com.ar\\\/el-senado-entrerriano-aprobo-el-consenso-fiscal-2022\\\/#primaryimage\",\"url\":\"https:\\\/\\\/informelitoral.com.ar\\\/%77%70%2d%63%6f%6e%74%65%6e%74\\\/uploads\\\/2021\\\/12\\\/S12-1068x712-1.jpg\",\"contentUrl\":\"https:\\\/\\\/informelitoral.com.ar\\\/%77%70%2d%63%6f%6e%74%65%6e%74\\\/uploads\\\/2021\\\/12\\\/S12-1068x712-1.jpg\",\"width\":1068,\"height\":712},{\"@type\":\"BreadcrumbList\",\"@id\":\"https:\\\/\\\/informelitoral.com.ar\\\/el-senado-entrerriano-aprobo-el-consenso-fiscal-2022\\\/#breadcrumb\",\"itemListElement\":[{\"@type\":\"ListItem\",\"position\":1,\"name\":\"Portada\",\"item\":\"https:\\\/\\\/informelitoral.com.ar\\\/\"},{\"@type\":\"ListItem\",\"position\":2,\"name\":\"El Senado entrerriano aprob\u00f3 el Consenso Fiscal 2022\"}]},{\"@type\":\"WebSite\",\"@id\":\"https:\\\/\\\/informelitoral.com.ar\\\/#website\",\"url\":\"https:\\\/\\\/informelitoral.com.ar\\\/\",\"name\":\"Informe Litoral\",\"description\":\"&quot;Nos informamos&quot; \",\"publisher\":{\"@id\":\"https:\\\/\\\/informelitoral.com.ar\\\/#organization\"},\"potentialAction\":[{\"@type\":\"SearchAction\",\"target\":{\"@type\":\"EntryPoint\",\"urlTemplate\":\"https:\\\/\\\/informelitoral.com.ar\\\/?s={search_term_string}\"},\"query-input\":{\"@type\":\"PropertyValueSpecification\",\"valueRequired\":true,\"valueName\":\"search_term_string\"}}],\"inLanguage\":\"es\"},{\"@type\":\"Organization\",\"@id\":\"https:\\\/\\\/informelitoral.com.ar\\\/#organization\",\"name\":\"Informe Litoral\",\"url\":\"https:\\\/\\\/informelitoral.com.ar\\\/\",\"logo\":{\"@type\":\"ImageObject\",\"inLanguage\":\"es\",\"@id\":\"https:\\\/\\\/informelitoral.com.ar\\\/#\\\/schema\\\/logo\\\/image\\\/\",\"url\":\"https:\\\/\\\/informelitoral.com.ar\\\/%77%70%2d%63%6f%6e%74%65%6e%74\\\/uploads\\\/2021\\\/01\\\/circulo.png\",\"contentUrl\":\"https:\\\/\\\/informelitoral.com.ar\\\/%77%70%2d%63%6f%6e%74%65%6e%74\\\/uploads\\\/2021\\\/01\\\/circulo.png\",\"width\":723,\"height\":731,\"caption\":\"Informe Litoral\"},\"image\":{\"@id\":\"https:\\\/\\\/informelitoral.com.ar\\\/#\\\/schema\\\/logo\\\/image\\\/\"},\"sameAs\":[\"https:\\\/\\\/www.facebook.com\\\/informelitoral\\\/\",\"https:\\\/\\\/x.com\\\/InformeLitoral\",\"https:\\\/\\\/www.instagram.com\\\/informelitoral\\\/\",\"https:\\\/\\\/www.youtube.com\\\/channel\\\/UCua4Qvz8Icb6MYqhoq9xLXw\"]},{\"@type\":\"Person\",\"@id\":\"https:\\\/\\\/informelitoral.com.ar\\\/#\\\/schema\\\/person\\\/f05f9f461677119578717524b127d6d5\",\"name\":\"Sebastian\",\"image\":{\"@type\":\"ImageObject\",\"inLanguage\":\"es\",\"@id\":\"https:\\\/\\\/secure.gravatar.com\\\/avatar\\\/b71bf7481d447dfb9583c7f2798e7cc64de6efb9067b74633ed8c31059a3bd82?s=96&d=mm&r=g\",\"url\":\"https:\\\/\\\/secure.gravatar.com\\\/avatar\\\/b71bf7481d447dfb9583c7f2798e7cc64de6efb9067b74633ed8c31059a3bd82?s=96&d=mm&r=g\",\"contentUrl\":\"https:\\\/\\\/secure.gravatar.com\\\/avatar\\\/b71bf7481d447dfb9583c7f2798e7cc64de6efb9067b74633ed8c31059a3bd82?s=96&d=mm&r=g\",\"caption\":\"Sebastian\"},\"url\":\"https:\\\/\\\/informelitoral.com.ar\\\/author\\\/sebastian\\\/\"}]}<\/script>","yoast_head_json":{"title":"El Senado entrerriano aprob\u00f3 el Consenso Fiscal 2022 - Informe Litoral","robots":{"index":"index","follow":"follow","max-snippet":"max-snippet:-1","max-image-preview":"max-image-preview:large","max-video-preview":"max-video-preview:-1"},"canonical":"https:\/\/informelitoral.com.ar\/el-senado-entrerriano-aprobo-el-consenso-fiscal-2022\/","og_locale":"es_ES","og_type":"article","og_title":"El Senado entrerriano aprob\u00f3 el Consenso Fiscal 2022 - Informe Litoral","og_description":"La C\u00e1mara de Senadores dio media sanci\u00f3n este mi\u00e9rcoles a la aprobaci\u00f3n legislativa del Consenso Fiscal 2022 suscripto el lunes entre la Naci\u00f3n y las provincias, con lo que se convirti\u00f3 en ley en Entre R\u00edos. El encuentro fue presidido por el senador Daniel Olano.","og_url":"https:\/\/informelitoral.com.ar\/el-senado-entrerriano-aprobo-el-consenso-fiscal-2022\/","og_site_name":"Informe Litoral","article_publisher":"https:\/\/www.facebook.com\/informelitoral\/","article_published_time":"2021-12-31T00:57:46+00:00","article_modified_time":"2021-12-31T01:00:53+00:00","og_image":[{"width":1068,"height":712,"url":"https:\/\/informelitoral.com.ar\/%77%70%2d%63%6f%6e%74%65%6e%74\/uploads\/2021\/12\/S12-1068x712-1.jpg","type":"image\/jpeg"}],"author":"Sebastian","twitter_card":"summary_large_image","twitter_creator":"@InformeLitoral","twitter_site":"@InformeLitoral","twitter_misc":{"Escrito por":"Sebastian","Tiempo de lectura":"6 minutos"},"schema":{"@context":"https:\/\/schema.org","@graph":[{"@type":"Article","@id":"https:\/\/informelitoral.com.ar\/el-senado-entrerriano-aprobo-el-consenso-fiscal-2022\/#article","isPartOf":{"@id":"https:\/\/informelitoral.com.ar\/el-senado-entrerriano-aprobo-el-consenso-fiscal-2022\/"},"author":{"name":"Sebastian","@id":"https:\/\/informelitoral.com.ar\/#\/schema\/person\/f05f9f461677119578717524b127d6d5"},"headline":"El Senado entrerriano aprob\u00f3 el Consenso Fiscal 2022","datePublished":"2021-12-31T00:57:46+00:00","dateModified":"2021-12-31T01:00:53+00:00","mainEntityOfPage":{"@id":"https:\/\/informelitoral.com.ar\/el-senado-entrerriano-aprobo-el-consenso-fiscal-2022\/"},"wordCount":1181,"commentCount":0,"publisher":{"@id":"https:\/\/informelitoral.com.ar\/#organization"},"image":{"@id":"https:\/\/informelitoral.com.ar\/el-senado-entrerriano-aprobo-el-consenso-fiscal-2022\/#primaryimage"},"thumbnailUrl":"https:\/\/informelitoral.com.ar\/%77%70%2d%63%6f%6e%74%65%6e%74\/uploads\/2021\/12\/S12-1068x712-1.jpg","keywords":["Aprobaci\u00f3n","Consenso Fiscal","Entre R\u00edos","Senado"],"articleSection":["Entre R\u00edos"],"inLanguage":"es","potentialAction":[{"@type":"CommentAction","name":"Comment","target":["https:\/\/informelitoral.com.ar\/el-senado-entrerriano-aprobo-el-consenso-fiscal-2022\/#respond"]}]},{"@type":"WebPage","@id":"https:\/\/informelitoral.com.ar\/el-senado-entrerriano-aprobo-el-consenso-fiscal-2022\/","url":"https:\/\/informelitoral.com.ar\/el-senado-entrerriano-aprobo-el-consenso-fiscal-2022\/","name":"El Senado entrerriano aprob\u00f3 el Consenso Fiscal 2022 - Informe Litoral","isPartOf":{"@id":"https:\/\/informelitoral.com.ar\/#website"},"primaryImageOfPage":{"@id":"https:\/\/informelitoral.com.ar\/el-senado-entrerriano-aprobo-el-consenso-fiscal-2022\/#primaryimage"},"image":{"@id":"https:\/\/informelitoral.com.ar\/el-senado-entrerriano-aprobo-el-consenso-fiscal-2022\/#primaryimage"},"thumbnailUrl":"https:\/\/informelitoral.com.ar\/%77%70%2d%63%6f%6e%74%65%6e%74\/uploads\/2021\/12\/S12-1068x712-1.jpg","datePublished":"2021-12-31T00:57:46+00:00","dateModified":"2021-12-31T01:00:53+00:00","breadcrumb":{"@id":"https:\/\/informelitoral.com.ar\/el-senado-entrerriano-aprobo-el-consenso-fiscal-2022\/#breadcrumb"},"inLanguage":"es","potentialAction":[{"@type":"ReadAction","target":["https:\/\/informelitoral.com.ar\/el-senado-entrerriano-aprobo-el-consenso-fiscal-2022\/"]}]},{"@type":"ImageObject","inLanguage":"es","@id":"https:\/\/informelitoral.com.ar\/el-senado-entrerriano-aprobo-el-consenso-fiscal-2022\/#primaryimage","url":"https:\/\/informelitoral.com.ar\/%77%70%2d%63%6f%6e%74%65%6e%74\/uploads\/2021\/12\/S12-1068x712-1.jpg","contentUrl":"https:\/\/informelitoral.com.ar\/%77%70%2d%63%6f%6e%74%65%6e%74\/uploads\/2021\/12\/S12-1068x712-1.jpg","width":1068,"height":712},{"@type":"BreadcrumbList","@id":"https:\/\/informelitoral.com.ar\/el-senado-entrerriano-aprobo-el-consenso-fiscal-2022\/#breadcrumb","itemListElement":[{"@type":"ListItem","position":1,"name":"Portada","item":"https:\/\/informelitoral.com.ar\/"},{"@type":"ListItem","position":2,"name":"El Senado entrerriano aprob\u00f3 el Consenso Fiscal 2022"}]},{"@type":"WebSite","@id":"https:\/\/informelitoral.com.ar\/#website","url":"https:\/\/informelitoral.com.ar\/","name":"Informe Litoral","description":"&quot;Nos informamos&quot; ","publisher":{"@id":"https:\/\/informelitoral.com.ar\/#organization"},"potentialAction":[{"@type":"SearchAction","target":{"@type":"EntryPoint","urlTemplate":"https:\/\/informelitoral.com.ar\/?s={search_term_string}"},"query-input":{"@type":"PropertyValueSpecification","valueRequired":true,"valueName":"search_term_string"}}],"inLanguage":"es"},{"@type":"Organization","@id":"https:\/\/informelitoral.com.ar\/#organization","name":"Informe Litoral","url":"https:\/\/informelitoral.com.ar\/","logo":{"@type":"ImageObject","inLanguage":"es","@id":"https:\/\/informelitoral.com.ar\/#\/schema\/logo\/image\/","url":"https:\/\/informelitoral.com.ar\/%77%70%2d%63%6f%6e%74%65%6e%74\/uploads\/2021\/01\/circulo.png","contentUrl":"https:\/\/informelitoral.com.ar\/%77%70%2d%63%6f%6e%74%65%6e%74\/uploads\/2021\/01\/circulo.png","width":723,"height":731,"caption":"Informe Litoral"},"image":{"@id":"https:\/\/informelitoral.com.ar\/#\/schema\/logo\/image\/"},"sameAs":["https:\/\/www.facebook.com\/informelitoral\/","https:\/\/x.com\/InformeLitoral","https:\/\/www.instagram.com\/informelitoral\/","https:\/\/www.youtube.com\/channel\/UCua4Qvz8Icb6MYqhoq9xLXw"]},{"@type":"Person","@id":"https:\/\/informelitoral.com.ar\/#\/schema\/person\/f05f9f461677119578717524b127d6d5","name":"Sebastian","image":{"@type":"ImageObject","inLanguage":"es","@id":"https:\/\/secure.gravatar.com\/avatar\/b71bf7481d447dfb9583c7f2798e7cc64de6efb9067b74633ed8c31059a3bd82?s=96&d=mm&r=g","url":"https:\/\/secure.gravatar.com\/avatar\/b71bf7481d447dfb9583c7f2798e7cc64de6efb9067b74633ed8c31059a3bd82?s=96&d=mm&r=g","contentUrl":"https:\/\/secure.gravatar.com\/avatar\/b71bf7481d447dfb9583c7f2798e7cc64de6efb9067b74633ed8c31059a3bd82?s=96&d=mm&r=g","caption":"Sebastian"},"url":"https:\/\/informelitoral.com.ar\/author\/sebastian\/"}]}},"_links":{"self":[{"href":"https:\/\/informelitoral.com.ar\/%77%70%2d%6a%73%6f%6e\/wp\/v2\/posts\/69613","targetHints":{"allow":["GET"]}}],"collection":[{"href":"https:\/\/informelitoral.com.ar\/%77%70%2d%6a%73%6f%6e\/wp\/v2\/posts"}],"about":[{"href":"https:\/\/informelitoral.com.ar\/%77%70%2d%6a%73%6f%6e\/wp\/v2\/types\/post"}],"author":[{"embeddable":true,"href":"https:\/\/informelitoral.com.ar\/%77%70%2d%6a%73%6f%6e\/wp\/v2\/users\/8"}],"replies":[{"embeddable":true,"href":"https:\/\/informelitoral.com.ar\/%77%70%2d%6a%73%6f%6e\/wp\/v2\/comments?post=69613"}],"version-history":[{"count":0,"href":"https:\/\/informelitoral.com.ar\/%77%70%2d%6a%73%6f%6e\/wp\/v2\/posts\/69613\/revisions"}],"wp:featuredmedia":[{"embeddable":true,"href":"https:\/\/informelitoral.com.ar\/%77%70%2d%6a%73%6f%6e\/wp\/v2\/media\/69614"}],"wp:attachment":[{"href":"https:\/\/informelitoral.com.ar\/%77%70%2d%6a%73%6f%6e\/wp\/v2\/media?parent=69613"}],"wp:term":[{"taxonomy":"category","embeddable":true,"href":"https:\/\/informelitoral.com.ar\/%77%70%2d%6a%73%6f%6e\/wp\/v2\/categories?post=69613"},{"taxonomy":"post_tag","embeddable":true,"href":"https:\/\/informelitoral.com.ar\/%77%70%2d%6a%73%6f%6e\/wp\/v2\/tags?post=69613"}],"curies":[{"name":"wp","href":"https:\/\/api.w.org\/{rel}","templated":true}]}}