{"id":69610,"date":"2021-12-30T20:00:36","date_gmt":"2021-12-30T23:00:36","guid":{"rendered":"https:\/\/www.informelitoral.com.ar\/?p=69610"},"modified":"2021-12-30T20:00:36","modified_gmt":"2021-12-30T23:00:36","slug":"mas-de-35-brigadistas-combaten-por-aire-y-tierra-los-focos-de-incendio-en-islas-frente-a-rosario","status":"publish","type":"post","link":"https:\/\/informelitoral.com.ar\/mas-de-35-brigadistas-combaten-por-aire-y-tierra-los-focos-de-incendio-en-islas-frente-a-rosario\/","title":{"rendered":"M\u00e1s de 35 brigadistas combaten por aire y tierra los focos de incendio en islas frente a Rosario"},"content":{"rendered":"<p>Son m\u00e1s de 35 personas las que intervienen actualmente en los focos registrados en la isla Sabino Corsi, tambi\u00e9n conocida como banquito San Andr\u00e9s. El operativo est\u00e1 instalado en Puerto Alvear, provincia de Santa Fe.<\/p>\n<p>Intervienen la Brigada de Atenci\u00f3n y Prevenci\u00f3n a Emergencias (BAPE) y Protecci\u00f3n Civil de Santa Fe; bomberos voluntarios de Victoria; Defensa Civil, Plan de Manejo del Fuego y Polic\u00eda de Entre R\u00edos; y Parques Nacionales.<\/p>\n<p>Cuentan con dos helic\u00f3pteros de la Polic\u00eda entrerriana y del Sistema Nacional de Manejo del Fuego.<\/p>\n<p>Adem\u00e1s, desde Defensa Civil se coordinan acciones con Bomberos Voluntarios de toda la provincia, especialmente en los incendios de gran magnitud registrados en Calabacilla en Concordia y en la isla del Puerto en Concepci\u00f3n del Uruguay.<\/p>\n","protected":false},"excerpt":{"rendered":"<p>Bomberos, brigadistas y t\u00e9cnicos trabajan incansablemente, con medios a\u00e9reos y terrestres, en el combate de incendios en la isla Sabino Corsi, frente a Rosario. Las altas temperaturas y la falta de lluvias contribuyen a agravar la situaci\u00f3n que se vive en distintos puntos de la provincia.<\/p>\n","protected":false},"author":8,"featured_media":69611,"comment_status":"open","ping_status":"open","sticky":false,"template":"","format":"standard","meta":{"fifu_image_url":"","fifu_image_alt":"","footnotes":""},"categories":[9],"tags":[1871,509,1684,816],"class_list":{"0":"post-69610","1":"post","2":"type-post","3":"status-publish","4":"format-standard","5":"has-post-thumbnail","7":"category-sociedad","8":"tag-brigadistas","9":"tag-incendio","10":"tag-islas","11":"tag-rosario"},"yoast_head":"<title>M\u00e1s de 35 brigadistas combaten por aire y tierra los focos de incendio en islas frente a Rosario - Informe Litoral<\/title>\n<meta name=\"robots\" content=\"index, follow, max-snippet:-1, max-image-preview:large, max-video-preview:-1\" \/>\n<link rel=\"canonical\" href=\"https:\/\/informelitoral.com.ar\/mas-de-35-brigadistas-combaten-por-aire-y-tierra-los-focos-de-incendio-en-islas-frente-a-rosario\/\" \/>\n<meta property=\"og:locale\" content=\"es_ES\" \/>\n<meta property=\"og:type\" content=\"article\" \/>\n<meta property=\"og:title\" content=\"M\u00e1s de 35 brigadistas combaten por aire y tierra los focos de incendio en islas frente a Rosario - Informe Litoral\" \/>\n<meta property=\"og:description\" content=\"Bomberos, brigadistas y t\u00e9cnicos trabajan incansablemente, con medios a\u00e9reos y terrestres, en el combate de incendios en la isla Sabino Corsi, frente a Rosario. Las altas temperaturas y la falta de lluvias contribuyen a agravar la situaci\u00f3n que se vive en distintos puntos de la provincia.\" \/>\n<meta property=\"og:url\" content=\"https:\/\/informelitoral.com.ar\/mas-de-35-brigadistas-combaten-por-aire-y-tierra-los-focos-de-incendio-en-islas-frente-a-rosario\/\" \/>\n<meta property=\"og:site_name\" content=\"Informe Litoral\" \/>\n<meta property=\"article:publisher\" content=\"https:\/\/www.facebook.com\/informelitoral\/\" \/>\n<meta property=\"article:published_time\" content=\"2021-12-30T23:00:36+00:00\" \/>\n<meta property=\"og:image\" content=\"https:\/\/informelitoral.com.ar\/%77%70%2d%63%6f%6e%74%65%6e%74\/uploads\/2021\/12\/el-bolson-1.jpg\" \/>\n\t<meta property=\"og:image:width\" content=\"1140\" \/>\n\t<meta property=\"og:image:height\" content=\"640\" \/>\n\t<meta property=\"og:image:type\" content=\"image\/jpeg\" \/>\n<meta name=\"author\" content=\"Sebastian\" \/>\n<meta name=\"twitter:card\" content=\"summary_large_image\" \/>\n<meta name=\"twitter:creator\" content=\"@InformeLitoral\" \/>\n<meta name=\"twitter:site\" content=\"@InformeLitoral\" \/>\n<meta name=\"twitter:label1\" content=\"Escrito por\" \/>\n\t<meta name=\"twitter:data1\" content=\"Sebastian\" \/>\n\t<meta name=\"twitter:label2\" content=\"Tiempo de lectura\" \/>\n\t<meta name=\"twitter:data2\" content=\"1 minuto\" \/>\n<script type=\"application\/ld+json\" class=\"yoast-schema-graph\">{\"@context\":\"https:\\\/\\\/schema.org\",\"@graph\":[{\"@type\":\"Article\",\"@id\":\"https:\\\/\\\/informelitoral.com.ar\\\/mas-de-35-brigadistas-combaten-por-aire-y-tierra-los-focos-de-incendio-en-islas-frente-a-rosario\\\/#article\",\"isPartOf\":{\"@id\":\"https:\\\/\\\/informelitoral.com.ar\\\/mas-de-35-brigadistas-combaten-por-aire-y-tierra-los-focos-de-incendio-en-islas-frente-a-rosario\\\/\"},\"author\":{\"name\":\"Sebastian\",\"@id\":\"https:\\\/\\\/informelitoral.com.ar\\\/#\\\/schema\\\/person\\\/f05f9f461677119578717524b127d6d5\"},\"headline\":\"M\u00e1s de 35 brigadistas combaten por aire y tierra los focos de incendio en islas frente a Rosario\",\"datePublished\":\"2021-12-30T23:00:36+00:00\",\"mainEntityOfPage\":{\"@id\":\"https:\\\/\\\/informelitoral.com.ar\\\/mas-de-35-brigadistas-combaten-por-aire-y-tierra-los-focos-de-incendio-en-islas-frente-a-rosario\\\/\"},\"wordCount\":151,\"commentCount\":0,\"publisher\":{\"@id\":\"https:\\\/\\\/informelitoral.com.ar\\\/#organization\"},\"image\":{\"@id\":\"https:\\\/\\\/informelitoral.com.ar\\\/mas-de-35-brigadistas-combaten-por-aire-y-tierra-los-focos-de-incendio-en-islas-frente-a-rosario\\\/#primaryimage\"},\"thumbnailUrl\":\"https:\\\/\\\/informelitoral.com.ar\\\/%77%70%2d%63%6f%6e%74%65%6e%74\\\/uploads\\\/2021\\\/12\\\/el-bolson-1.jpg\",\"keywords\":[\"Brigadistas\",\"Incendio\",\"Islas\",\"Rosario\"],\"articleSection\":[\"Sociedad\"],\"inLanguage\":\"es\",\"potentialAction\":[{\"@type\":\"CommentAction\",\"name\":\"Comment\",\"target\":[\"https:\\\/\\\/informelitoral.com.ar\\\/mas-de-35-brigadistas-combaten-por-aire-y-tierra-los-focos-de-incendio-en-islas-frente-a-rosario\\\/#respond\"]}]},{\"@type\":\"WebPage\",\"@id\":\"https:\\\/\\\/informelitoral.com.ar\\\/mas-de-35-brigadistas-combaten-por-aire-y-tierra-los-focos-de-incendio-en-islas-frente-a-rosario\\\/\",\"url\":\"https:\\\/\\\/informelitoral.com.ar\\\/mas-de-35-brigadistas-combaten-por-aire-y-tierra-los-focos-de-incendio-en-islas-frente-a-rosario\\\/\",\"name\":\"M\u00e1s de 35 brigadistas combaten por aire y tierra los focos de incendio en islas frente a Rosario - Informe Litoral\",\"isPartOf\":{\"@id\":\"https:\\\/\\\/informelitoral.com.ar\\\/#website\"},\"primaryImageOfPage\":{\"@id\":\"https:\\\/\\\/informelitoral.com.ar\\\/mas-de-35-brigadistas-combaten-por-aire-y-tierra-los-focos-de-incendio-en-islas-frente-a-rosario\\\/#primaryimage\"},\"image\":{\"@id\":\"https:\\\/\\\/informelitoral.com.ar\\\/mas-de-35-brigadistas-combaten-por-aire-y-tierra-los-focos-de-incendio-en-islas-frente-a-rosario\\\/#primaryimage\"},\"thumbnailUrl\":\"https:\\\/\\\/informelitoral.com.ar\\\/%77%70%2d%63%6f%6e%74%65%6e%74\\\/uploads\\\/2021\\\/12\\\/el-bolson-1.jpg\",\"datePublished\":\"2021-12-30T23:00:36+00:00\",\"breadcrumb\":{\"@id\":\"https:\\\/\\\/informelitoral.com.ar\\\/mas-de-35-brigadistas-combaten-por-aire-y-tierra-los-focos-de-incendio-en-islas-frente-a-rosario\\\/#breadcrumb\"},\"inLanguage\":\"es\",\"potentialAction\":[{\"@type\":\"ReadAction\",\"target\":[\"https:\\\/\\\/informelitoral.com.ar\\\/mas-de-35-brigadistas-combaten-por-aire-y-tierra-los-focos-de-incendio-en-islas-frente-a-rosario\\\/\"]}]},{\"@type\":\"ImageObject\",\"inLanguage\":\"es\",\"@id\":\"https:\\\/\\\/informelitoral.com.ar\\\/mas-de-35-brigadistas-combaten-por-aire-y-tierra-los-focos-de-incendio-en-islas-frente-a-rosario\\\/#primaryimage\",\"url\":\"https:\\\/\\\/informelitoral.com.ar\\\/%77%70%2d%63%6f%6e%74%65%6e%74\\\/uploads\\\/2021\\\/12\\\/el-bolson-1.jpg\",\"contentUrl\":\"https:\\\/\\\/informelitoral.com.ar\\\/%77%70%2d%63%6f%6e%74%65%6e%74\\\/uploads\\\/2021\\\/12\\\/el-bolson-1.jpg\",\"width\":1140,\"height\":640},{\"@type\":\"BreadcrumbList\",\"@id\":\"https:\\\/\\\/informelitoral.com.ar\\\/mas-de-35-brigadistas-combaten-por-aire-y-tierra-los-focos-de-incendio-en-islas-frente-a-rosario\\\/#breadcrumb\",\"itemListElement\":[{\"@type\":\"ListItem\",\"position\":1,\"name\":\"Portada\",\"item\":\"https:\\\/\\\/informelitoral.com.ar\\\/\"},{\"@type\":\"ListItem\",\"position\":2,\"name\":\"M\u00e1s de 35 brigadistas combaten por aire y tierra los focos de incendio en islas frente a Rosario\"}]},{\"@type\":\"WebSite\",\"@id\":\"https:\\\/\\\/informelitoral.com.ar\\\/#website\",\"url\":\"https:\\\/\\\/informelitoral.com.ar\\\/\",\"name\":\"Informe Litoral\",\"description\":\"&quot;Nos informamos&quot; \",\"publisher\":{\"@id\":\"https:\\\/\\\/informelitoral.com.ar\\\/#organization\"},\"potentialAction\":[{\"@type\":\"SearchAction\",\"target\":{\"@type\":\"EntryPoint\",\"urlTemplate\":\"https:\\\/\\\/informelitoral.com.ar\\\/?s={search_term_string}\"},\"query-input\":{\"@type\":\"PropertyValueSpecification\",\"valueRequired\":true,\"valueName\":\"search_term_string\"}}],\"inLanguage\":\"es\"},{\"@type\":\"Organization\",\"@id\":\"https:\\\/\\\/informelitoral.com.ar\\\/#organization\",\"name\":\"Informe Litoral\",\"url\":\"https:\\\/\\\/informelitoral.com.ar\\\/\",\"logo\":{\"@type\":\"ImageObject\",\"inLanguage\":\"es\",\"@id\":\"https:\\\/\\\/informelitoral.com.ar\\\/#\\\/schema\\\/logo\\\/image\\\/\",\"url\":\"https:\\\/\\\/informelitoral.com.ar\\\/%77%70%2d%63%6f%6e%74%65%6e%74\\\/uploads\\\/2021\\\/01\\\/circulo.png\",\"contentUrl\":\"https:\\\/\\\/informelitoral.com.ar\\\/%77%70%2d%63%6f%6e%74%65%6e%74\\\/uploads\\\/2021\\\/01\\\/circulo.png\",\"width\":723,\"height\":731,\"caption\":\"Informe Litoral\"},\"image\":{\"@id\":\"https:\\\/\\\/informelitoral.com.ar\\\/#\\\/schema\\\/logo\\\/image\\\/\"},\"sameAs\":[\"https:\\\/\\\/www.facebook.com\\\/informelitoral\\\/\",\"https:\\\/\\\/x.com\\\/InformeLitoral\",\"https:\\\/\\\/www.instagram.com\\\/informelitoral\\\/\",\"https:\\\/\\\/www.youtube.com\\\/channel\\\/UCua4Qvz8Icb6MYqhoq9xLXw\"]},{\"@type\":\"Person\",\"@id\":\"https:\\\/\\\/informelitoral.com.ar\\\/#\\\/schema\\\/person\\\/f05f9f461677119578717524b127d6d5\",\"name\":\"Sebastian\",\"image\":{\"@type\":\"ImageObject\",\"inLanguage\":\"es\",\"@id\":\"https:\\\/\\\/secure.gravatar.com\\\/avatar\\\/b71bf7481d447dfb9583c7f2798e7cc64de6efb9067b74633ed8c31059a3bd82?s=96&d=mm&r=g\",\"url\":\"https:\\\/\\\/secure.gravatar.com\\\/avatar\\\/b71bf7481d447dfb9583c7f2798e7cc64de6efb9067b74633ed8c31059a3bd82?s=96&d=mm&r=g\",\"contentUrl\":\"https:\\\/\\\/secure.gravatar.com\\\/avatar\\\/b71bf7481d447dfb9583c7f2798e7cc64de6efb9067b74633ed8c31059a3bd82?s=96&d=mm&r=g\",\"caption\":\"Sebastian\"},\"url\":\"https:\\\/\\\/informelitoral.com.ar\\\/author\\\/sebastian\\\/\"}]}<\/script>","yoast_head_json":{"title":"M\u00e1s de 35 brigadistas combaten por aire y tierra los focos de incendio en islas frente a Rosario - Informe Litoral","robots":{"index":"index","follow":"follow","max-snippet":"max-snippet:-1","max-image-preview":"max-image-preview:large","max-video-preview":"max-video-preview:-1"},"canonical":"https:\/\/informelitoral.com.ar\/mas-de-35-brigadistas-combaten-por-aire-y-tierra-los-focos-de-incendio-en-islas-frente-a-rosario\/","og_locale":"es_ES","og_type":"article","og_title":"M\u00e1s de 35 brigadistas combaten por aire y tierra los focos de incendio en islas frente a Rosario - Informe Litoral","og_description":"Bomberos, brigadistas y t\u00e9cnicos trabajan incansablemente, con medios a\u00e9reos y terrestres, en el combate de incendios en la isla Sabino Corsi, frente a Rosario. Las altas temperaturas y la falta de lluvias contribuyen a agravar la situaci\u00f3n que se vive en distintos puntos de la provincia.","og_url":"https:\/\/informelitoral.com.ar\/mas-de-35-brigadistas-combaten-por-aire-y-tierra-los-focos-de-incendio-en-islas-frente-a-rosario\/","og_site_name":"Informe Litoral","article_publisher":"https:\/\/www.facebook.com\/informelitoral\/","article_published_time":"2021-12-30T23:00:36+00:00","og_image":[{"width":1140,"height":640,"url":"https:\/\/informelitoral.com.ar\/%77%70%2d%63%6f%6e%74%65%6e%74\/uploads\/2021\/12\/el-bolson-1.jpg","type":"image\/jpeg"}],"author":"Sebastian","twitter_card":"summary_large_image","twitter_creator":"@InformeLitoral","twitter_site":"@InformeLitoral","twitter_misc":{"Escrito por":"Sebastian","Tiempo de lectura":"1 minuto"},"schema":{"@context":"https:\/\/schema.org","@graph":[{"@type":"Article","@id":"https:\/\/informelitoral.com.ar\/mas-de-35-brigadistas-combaten-por-aire-y-tierra-los-focos-de-incendio-en-islas-frente-a-rosario\/#article","isPartOf":{"@id":"https:\/\/informelitoral.com.ar\/mas-de-35-brigadistas-combaten-por-aire-y-tierra-los-focos-de-incendio-en-islas-frente-a-rosario\/"},"author":{"name":"Sebastian","@id":"https:\/\/informelitoral.com.ar\/#\/schema\/person\/f05f9f461677119578717524b127d6d5"},"headline":"M\u00e1s de 35 brigadistas combaten por aire y tierra los focos de incendio en islas frente a Rosario","datePublished":"2021-12-30T23:00:36+00:00","mainEntityOfPage":{"@id":"https:\/\/informelitoral.com.ar\/mas-de-35-brigadistas-combaten-por-aire-y-tierra-los-focos-de-incendio-en-islas-frente-a-rosario\/"},"wordCount":151,"commentCount":0,"publisher":{"@id":"https:\/\/informelitoral.com.ar\/#organization"},"image":{"@id":"https:\/\/informelitoral.com.ar\/mas-de-35-brigadistas-combaten-por-aire-y-tierra-los-focos-de-incendio-en-islas-frente-a-rosario\/#primaryimage"},"thumbnailUrl":"https:\/\/informelitoral.com.ar\/%77%70%2d%63%6f%6e%74%65%6e%74\/uploads\/2021\/12\/el-bolson-1.jpg","keywords":["Brigadistas","Incendio","Islas","Rosario"],"articleSection":["Sociedad"],"inLanguage":"es","potentialAction":[{"@type":"CommentAction","name":"Comment","target":["https:\/\/informelitoral.com.ar\/mas-de-35-brigadistas-combaten-por-aire-y-tierra-los-focos-de-incendio-en-islas-frente-a-rosario\/#respond"]}]},{"@type":"WebPage","@id":"https:\/\/informelitoral.com.ar\/mas-de-35-brigadistas-combaten-por-aire-y-tierra-los-focos-de-incendio-en-islas-frente-a-rosario\/","url":"https:\/\/informelitoral.com.ar\/mas-de-35-brigadistas-combaten-por-aire-y-tierra-los-focos-de-incendio-en-islas-frente-a-rosario\/","name":"M\u00e1s de 35 brigadistas combaten por aire y tierra los focos de incendio en islas frente a Rosario - Informe Litoral","isPartOf":{"@id":"https:\/\/informelitoral.com.ar\/#website"},"primaryImageOfPage":{"@id":"https:\/\/informelitoral.com.ar\/mas-de-35-brigadistas-combaten-por-aire-y-tierra-los-focos-de-incendio-en-islas-frente-a-rosario\/#primaryimage"},"image":{"@id":"https:\/\/informelitoral.com.ar\/mas-de-35-brigadistas-combaten-por-aire-y-tierra-los-focos-de-incendio-en-islas-frente-a-rosario\/#primaryimage"},"thumbnailUrl":"https:\/\/informelitoral.com.ar\/%77%70%2d%63%6f%6e%74%65%6e%74\/uploads\/2021\/12\/el-bolson-1.jpg","datePublished":"2021-12-30T23:00:36+00:00","breadcrumb":{"@id":"https:\/\/informelitoral.com.ar\/mas-de-35-brigadistas-combaten-por-aire-y-tierra-los-focos-de-incendio-en-islas-frente-a-rosario\/#breadcrumb"},"inLanguage":"es","potentialAction":[{"@type":"ReadAction","target":["https:\/\/informelitoral.com.ar\/mas-de-35-brigadistas-combaten-por-aire-y-tierra-los-focos-de-incendio-en-islas-frente-a-rosario\/"]}]},{"@type":"ImageObject","inLanguage":"es","@id":"https:\/\/informelitoral.com.ar\/mas-de-35-brigadistas-combaten-por-aire-y-tierra-los-focos-de-incendio-en-islas-frente-a-rosario\/#primaryimage","url":"https:\/\/informelitoral.com.ar\/%77%70%2d%63%6f%6e%74%65%6e%74\/uploads\/2021\/12\/el-bolson-1.jpg","contentUrl":"https:\/\/informelitoral.com.ar\/%77%70%2d%63%6f%6e%74%65%6e%74\/uploads\/2021\/12\/el-bolson-1.jpg","width":1140,"height":640},{"@type":"BreadcrumbList","@id":"https:\/\/informelitoral.com.ar\/mas-de-35-brigadistas-combaten-por-aire-y-tierra-los-focos-de-incendio-en-islas-frente-a-rosario\/#breadcrumb","itemListElement":[{"@type":"ListItem","position":1,"name":"Portada","item":"https:\/\/informelitoral.com.ar\/"},{"@type":"ListItem","position":2,"name":"M\u00e1s de 35 brigadistas combaten por aire y tierra los focos de incendio en islas frente a Rosario"}]},{"@type":"WebSite","@id":"https:\/\/informelitoral.com.ar\/#website","url":"https:\/\/informelitoral.com.ar\/","name":"Informe Litoral","description":"&quot;Nos informamos&quot; ","publisher":{"@id":"https:\/\/informelitoral.com.ar\/#organization"},"potentialAction":[{"@type":"SearchAction","target":{"@type":"EntryPoint","urlTemplate":"https:\/\/informelitoral.com.ar\/?s={search_term_string}"},"query-input":{"@type":"PropertyValueSpecification","valueRequired":true,"valueName":"search_term_string"}}],"inLanguage":"es"},{"@type":"Organization","@id":"https:\/\/informelitoral.com.ar\/#organization","name":"Informe Litoral","url":"https:\/\/informelitoral.com.ar\/","logo":{"@type":"ImageObject","inLanguage":"es","@id":"https:\/\/informelitoral.com.ar\/#\/schema\/logo\/image\/","url":"https:\/\/informelitoral.com.ar\/%77%70%2d%63%6f%6e%74%65%6e%74\/uploads\/2021\/01\/circulo.png","contentUrl":"https:\/\/informelitoral.com.ar\/%77%70%2d%63%6f%6e%74%65%6e%74\/uploads\/2021\/01\/circulo.png","width":723,"height":731,"caption":"Informe Litoral"},"image":{"@id":"https:\/\/informelitoral.com.ar\/#\/schema\/logo\/image\/"},"sameAs":["https:\/\/www.facebook.com\/informelitoral\/","https:\/\/x.com\/InformeLitoral","https:\/\/www.instagram.com\/informelitoral\/","https:\/\/www.youtube.com\/channel\/UCua4Qvz8Icb6MYqhoq9xLXw"]},{"@type":"Person","@id":"https:\/\/informelitoral.com.ar\/#\/schema\/person\/f05f9f461677119578717524b127d6d5","name":"Sebastian","image":{"@type":"ImageObject","inLanguage":"es","@id":"https:\/\/secure.gravatar.com\/avatar\/b71bf7481d447dfb9583c7f2798e7cc64de6efb9067b74633ed8c31059a3bd82?s=96&d=mm&r=g","url":"https:\/\/secure.gravatar.com\/avatar\/b71bf7481d447dfb9583c7f2798e7cc64de6efb9067b74633ed8c31059a3bd82?s=96&d=mm&r=g","contentUrl":"https:\/\/secure.gravatar.com\/avatar\/b71bf7481d447dfb9583c7f2798e7cc64de6efb9067b74633ed8c31059a3bd82?s=96&d=mm&r=g","caption":"Sebastian"},"url":"https:\/\/informelitoral.com.ar\/author\/sebastian\/"}]}},"_links":{"self":[{"href":"https:\/\/informelitoral.com.ar\/%77%70%2d%6a%73%6f%6e\/wp\/v2\/posts\/69610","targetHints":{"allow":["GET"]}}],"collection":[{"href":"https:\/\/informelitoral.com.ar\/%77%70%2d%6a%73%6f%6e\/wp\/v2\/posts"}],"about":[{"href":"https:\/\/informelitoral.com.ar\/%77%70%2d%6a%73%6f%6e\/wp\/v2\/types\/post"}],"author":[{"embeddable":true,"href":"https:\/\/informelitoral.com.ar\/%77%70%2d%6a%73%6f%6e\/wp\/v2\/users\/8"}],"replies":[{"embeddable":true,"href":"https:\/\/informelitoral.com.ar\/%77%70%2d%6a%73%6f%6e\/wp\/v2\/comments?post=69610"}],"version-history":[{"count":0,"href":"https:\/\/informelitoral.com.ar\/%77%70%2d%6a%73%6f%6e\/wp\/v2\/posts\/69610\/revisions"}],"wp:featuredmedia":[{"embeddable":true,"href":"https:\/\/informelitoral.com.ar\/%77%70%2d%6a%73%6f%6e\/wp\/v2\/media\/69611"}],"wp:attachment":[{"href":"https:\/\/informelitoral.com.ar\/%77%70%2d%6a%73%6f%6e\/wp\/v2\/media?parent=69610"}],"wp:term":[{"taxonomy":"category","embeddable":true,"href":"https:\/\/informelitoral.com.ar\/%77%70%2d%6a%73%6f%6e\/wp\/v2\/categories?post=69610"},{"taxonomy":"post_tag","embeddable":true,"href":"https:\/\/informelitoral.com.ar\/%77%70%2d%6a%73%6f%6e\/wp\/v2\/tags?post=69610"}],"curies":[{"name":"wp","href":"https:\/\/api.w.org\/{rel}","templated":true}]}}