{"id":69454,"date":"2021-12-28T09:30:02","date_gmt":"2021-12-28T12:30:02","guid":{"rendered":"https:\/\/www.informelitoral.com.ar\/?p=69454"},"modified":"2021-12-28T12:50:57","modified_gmt":"2021-12-28T15:50:57","slug":"la-astuta-maniobra-de-una-familia-para-pasar-las-fiestas-con-un-positivo-de-covid-19","status":"publish","type":"post","link":"https:\/\/informelitoral.com.ar\/la-astuta-maniobra-de-una-familia-para-pasar-las-fiestas-con-un-positivo-de-covid-19\/","title":{"rendered":"La astuta maniobra de una familia para pasar las Fiestas con un positivo de Covid-19"},"content":{"rendered":"<p>Las fiestas navide\u00f1as no fueron igual para todos. Muchos tuvieron que olvidarse de las celebraciones al no poder estar cerca de su familia o por haberse contagiado de coronavirus. Es por ello que una familia de\u00a0Estados Unidos\u00a0tuvo una peculiar idea para que su hija, quien contrajo la enfermedad, no pase la Nochebuena sola en su habitaci\u00f3n.<\/p>\n<p>Sus padres y hermanos crearon\u00a0<strong>una \u00abburbuja\u00bb que le permit\u00eda sentarse con ellos en la mesa. Ella estaba completamente cubierta en una cabina de pl\u00e1stico.<\/strong>\u00a0All\u00ed dentro, le sirvieron la cena de\u00a0Navidad\u00a0mientras pod\u00eda conversar y disfrutar al lado de su familia sin tener que aislarse por completo.<\/p>\n<p>En las im\u00e1genes se puede ver c\u00f3mo los parientes disfrutan de este momento. Fue la hermana de esta joven quien comparti\u00f3 el video en sus redes sociales. Crista LaRock dijo:\u00a0<span id=\"saysCMSEmphasisult6zn4zmy\" class=\"saysCMSEmphasis\">\u201cTodos necesitamos relajarnos, todos vivimos juntos y todos estamos vacunados y hemos dado negativo<\/span>\u201d.<\/p>\n","protected":false},"excerpt":{"rendered":"<p>Pese a que la joven estaba enferma, sus padres y hermanos crearon una burbuja que le permit\u00eda acompa\u00f1arlos en la cena de Nochebuena.<\/p>\n","protected":false},"author":8,"featured_media":69455,"comment_status":"open","ping_status":"open","sticky":false,"template":"","format":"standard","meta":{"fifu_image_url":"","fifu_image_alt":"","footnotes":""},"categories":[9],"tags":[86,1266,1513],"class_list":{"0":"post-69454","1":"post","2":"type-post","3":"status-publish","4":"format-standard","5":"has-post-thumbnail","7":"category-sociedad","8":"tag-estados-unidos","9":"tag-navidad","10":"tag-viral"},"yoast_head":"<title>La astuta maniobra de una familia para pasar las Fiestas con un positivo de Covid-19 - Informe Litoral<\/title>\n<meta name=\"robots\" content=\"index, follow, max-snippet:-1, max-image-preview:large, max-video-preview:-1\" \/>\n<link rel=\"canonical\" href=\"https:\/\/informelitoral.com.ar\/la-astuta-maniobra-de-una-familia-para-pasar-las-fiestas-con-un-positivo-de-covid-19\/\" \/>\n<meta property=\"og:locale\" content=\"es_ES\" \/>\n<meta property=\"og:type\" content=\"article\" \/>\n<meta property=\"og:title\" content=\"La astuta maniobra de una familia para pasar las Fiestas con un positivo de Covid-19 - Informe Litoral\" \/>\n<meta property=\"og:description\" content=\"Pese a que la joven estaba enferma, sus padres y hermanos crearon una burbuja que le permit\u00eda acompa\u00f1arlos en la cena de Nochebuena.\" \/>\n<meta property=\"og:url\" content=\"https:\/\/informelitoral.com.ar\/la-astuta-maniobra-de-una-familia-para-pasar-las-fiestas-con-un-positivo-de-covid-19\/\" \/>\n<meta property=\"og:site_name\" content=\"Informe Litoral\" \/>\n<meta property=\"article:publisher\" content=\"https:\/\/www.facebook.com\/informelitoral\/\" \/>\n<meta property=\"article:published_time\" content=\"2021-12-28T12:30:02+00:00\" \/>\n<meta property=\"article:modified_time\" content=\"2021-12-28T15:50:57+00:00\" \/>\n<meta property=\"og:image\" content=\"https:\/\/informelitoral.com.ar\/%77%70%2d%63%6f%6e%74%65%6e%74\/uploads\/2021\/12\/festeja-navidad-covid.jpg\" \/>\n\t<meta property=\"og:image:width\" content=\"613\" \/>\n\t<meta property=\"og:image:height\" content=\"460\" \/>\n\t<meta property=\"og:image:type\" content=\"image\/jpeg\" \/>\n<meta name=\"author\" content=\"Sebastian\" \/>\n<meta name=\"twitter:card\" content=\"summary_large_image\" \/>\n<meta name=\"twitter:creator\" content=\"@InformeLitoral\" \/>\n<meta name=\"twitter:site\" content=\"@InformeLitoral\" \/>\n<meta name=\"twitter:label1\" content=\"Escrito por\" \/>\n\t<meta name=\"twitter:data1\" content=\"Sebastian\" \/>\n\t<meta name=\"twitter:label2\" content=\"Tiempo de lectura\" \/>\n\t<meta name=\"twitter:data2\" content=\"1 minuto\" \/>\n<script type=\"application\/ld+json\" class=\"yoast-schema-graph\">{\"@context\":\"https:\\\/\\\/schema.org\",\"@graph\":[{\"@type\":\"Article\",\"@id\":\"https:\\\/\\\/informelitoral.com.ar\\\/la-astuta-maniobra-de-una-familia-para-pasar-las-fiestas-con-un-positivo-de-covid-19\\\/#article\",\"isPartOf\":{\"@id\":\"https:\\\/\\\/informelitoral.com.ar\\\/la-astuta-maniobra-de-una-familia-para-pasar-las-fiestas-con-un-positivo-de-covid-19\\\/\"},\"author\":{\"name\":\"Sebastian\",\"@id\":\"https:\\\/\\\/informelitoral.com.ar\\\/#\\\/schema\\\/person\\\/f05f9f461677119578717524b127d6d5\"},\"headline\":\"La astuta maniobra de una familia para pasar las Fiestas con un positivo de Covid-19\",\"datePublished\":\"2021-12-28T12:30:02+00:00\",\"dateModified\":\"2021-12-28T15:50:57+00:00\",\"mainEntityOfPage\":{\"@id\":\"https:\\\/\\\/informelitoral.com.ar\\\/la-astuta-maniobra-de-una-familia-para-pasar-las-fiestas-con-un-positivo-de-covid-19\\\/\"},\"wordCount\":173,\"commentCount\":0,\"publisher\":{\"@id\":\"https:\\\/\\\/informelitoral.com.ar\\\/#organization\"},\"image\":{\"@id\":\"https:\\\/\\\/informelitoral.com.ar\\\/la-astuta-maniobra-de-una-familia-para-pasar-las-fiestas-con-un-positivo-de-covid-19\\\/#primaryimage\"},\"thumbnailUrl\":\"https:\\\/\\\/informelitoral.com.ar\\\/%77%70%2d%63%6f%6e%74%65%6e%74\\\/uploads\\\/2021\\\/12\\\/festeja-navidad-covid.jpg\",\"keywords\":[\"Estados Unidos\",\"Navidad\",\"Viral\"],\"articleSection\":[\"Sociedad\"],\"inLanguage\":\"es\",\"potentialAction\":[{\"@type\":\"CommentAction\",\"name\":\"Comment\",\"target\":[\"https:\\\/\\\/informelitoral.com.ar\\\/la-astuta-maniobra-de-una-familia-para-pasar-las-fiestas-con-un-positivo-de-covid-19\\\/#respond\"]}]},{\"@type\":\"WebPage\",\"@id\":\"https:\\\/\\\/informelitoral.com.ar\\\/la-astuta-maniobra-de-una-familia-para-pasar-las-fiestas-con-un-positivo-de-covid-19\\\/\",\"url\":\"https:\\\/\\\/informelitoral.com.ar\\\/la-astuta-maniobra-de-una-familia-para-pasar-las-fiestas-con-un-positivo-de-covid-19\\\/\",\"name\":\"La astuta maniobra de una familia para pasar las Fiestas con un positivo de Covid-19 - Informe Litoral\",\"isPartOf\":{\"@id\":\"https:\\\/\\\/informelitoral.com.ar\\\/#website\"},\"primaryImageOfPage\":{\"@id\":\"https:\\\/\\\/informelitoral.com.ar\\\/la-astuta-maniobra-de-una-familia-para-pasar-las-fiestas-con-un-positivo-de-covid-19\\\/#primaryimage\"},\"image\":{\"@id\":\"https:\\\/\\\/informelitoral.com.ar\\\/la-astuta-maniobra-de-una-familia-para-pasar-las-fiestas-con-un-positivo-de-covid-19\\\/#primaryimage\"},\"thumbnailUrl\":\"https:\\\/\\\/informelitoral.com.ar\\\/%77%70%2d%63%6f%6e%74%65%6e%74\\\/uploads\\\/2021\\\/12\\\/festeja-navidad-covid.jpg\",\"datePublished\":\"2021-12-28T12:30:02+00:00\",\"dateModified\":\"2021-12-28T15:50:57+00:00\",\"breadcrumb\":{\"@id\":\"https:\\\/\\\/informelitoral.com.ar\\\/la-astuta-maniobra-de-una-familia-para-pasar-las-fiestas-con-un-positivo-de-covid-19\\\/#breadcrumb\"},\"inLanguage\":\"es\",\"potentialAction\":[{\"@type\":\"ReadAction\",\"target\":[\"https:\\\/\\\/informelitoral.com.ar\\\/la-astuta-maniobra-de-una-familia-para-pasar-las-fiestas-con-un-positivo-de-covid-19\\\/\"]}]},{\"@type\":\"ImageObject\",\"inLanguage\":\"es\",\"@id\":\"https:\\\/\\\/informelitoral.com.ar\\\/la-astuta-maniobra-de-una-familia-para-pasar-las-fiestas-con-un-positivo-de-covid-19\\\/#primaryimage\",\"url\":\"https:\\\/\\\/informelitoral.com.ar\\\/%77%70%2d%63%6f%6e%74%65%6e%74\\\/uploads\\\/2021\\\/12\\\/festeja-navidad-covid.jpg\",\"contentUrl\":\"https:\\\/\\\/informelitoral.com.ar\\\/%77%70%2d%63%6f%6e%74%65%6e%74\\\/uploads\\\/2021\\\/12\\\/festeja-navidad-covid.jpg\",\"width\":613,\"height\":460},{\"@type\":\"BreadcrumbList\",\"@id\":\"https:\\\/\\\/informelitoral.com.ar\\\/la-astuta-maniobra-de-una-familia-para-pasar-las-fiestas-con-un-positivo-de-covid-19\\\/#breadcrumb\",\"itemListElement\":[{\"@type\":\"ListItem\",\"position\":1,\"name\":\"Portada\",\"item\":\"https:\\\/\\\/informelitoral.com.ar\\\/\"},{\"@type\":\"ListItem\",\"position\":2,\"name\":\"La astuta maniobra de una familia para pasar las Fiestas con un positivo de Covid-19\"}]},{\"@type\":\"WebSite\",\"@id\":\"https:\\\/\\\/informelitoral.com.ar\\\/#website\",\"url\":\"https:\\\/\\\/informelitoral.com.ar\\\/\",\"name\":\"Informe Litoral\",\"description\":\"&quot;Nos informamos&quot; \",\"publisher\":{\"@id\":\"https:\\\/\\\/informelitoral.com.ar\\\/#organization\"},\"potentialAction\":[{\"@type\":\"SearchAction\",\"target\":{\"@type\":\"EntryPoint\",\"urlTemplate\":\"https:\\\/\\\/informelitoral.com.ar\\\/?s={search_term_string}\"},\"query-input\":{\"@type\":\"PropertyValueSpecification\",\"valueRequired\":true,\"valueName\":\"search_term_string\"}}],\"inLanguage\":\"es\"},{\"@type\":\"Organization\",\"@id\":\"https:\\\/\\\/informelitoral.com.ar\\\/#organization\",\"name\":\"Informe Litoral\",\"url\":\"https:\\\/\\\/informelitoral.com.ar\\\/\",\"logo\":{\"@type\":\"ImageObject\",\"inLanguage\":\"es\",\"@id\":\"https:\\\/\\\/informelitoral.com.ar\\\/#\\\/schema\\\/logo\\\/image\\\/\",\"url\":\"https:\\\/\\\/informelitoral.com.ar\\\/%77%70%2d%63%6f%6e%74%65%6e%74\\\/uploads\\\/2021\\\/01\\\/circulo.png\",\"contentUrl\":\"https:\\\/\\\/informelitoral.com.ar\\\/%77%70%2d%63%6f%6e%74%65%6e%74\\\/uploads\\\/2021\\\/01\\\/circulo.png\",\"width\":723,\"height\":731,\"caption\":\"Informe Litoral\"},\"image\":{\"@id\":\"https:\\\/\\\/informelitoral.com.ar\\\/#\\\/schema\\\/logo\\\/image\\\/\"},\"sameAs\":[\"https:\\\/\\\/www.facebook.com\\\/informelitoral\\\/\",\"https:\\\/\\\/x.com\\\/InformeLitoral\",\"https:\\\/\\\/www.instagram.com\\\/informelitoral\\\/\",\"https:\\\/\\\/www.youtube.com\\\/channel\\\/UCua4Qvz8Icb6MYqhoq9xLXw\"]},{\"@type\":\"Person\",\"@id\":\"https:\\\/\\\/informelitoral.com.ar\\\/#\\\/schema\\\/person\\\/f05f9f461677119578717524b127d6d5\",\"name\":\"Sebastian\",\"image\":{\"@type\":\"ImageObject\",\"inLanguage\":\"es\",\"@id\":\"https:\\\/\\\/secure.gravatar.com\\\/avatar\\\/b71bf7481d447dfb9583c7f2798e7cc64de6efb9067b74633ed8c31059a3bd82?s=96&d=mm&r=g\",\"url\":\"https:\\\/\\\/secure.gravatar.com\\\/avatar\\\/b71bf7481d447dfb9583c7f2798e7cc64de6efb9067b74633ed8c31059a3bd82?s=96&d=mm&r=g\",\"contentUrl\":\"https:\\\/\\\/secure.gravatar.com\\\/avatar\\\/b71bf7481d447dfb9583c7f2798e7cc64de6efb9067b74633ed8c31059a3bd82?s=96&d=mm&r=g\",\"caption\":\"Sebastian\"},\"url\":\"https:\\\/\\\/informelitoral.com.ar\\\/author\\\/sebastian\\\/\"}]}<\/script>","yoast_head_json":{"title":"La astuta maniobra de una familia para pasar las Fiestas con un positivo de Covid-19 - Informe Litoral","robots":{"index":"index","follow":"follow","max-snippet":"max-snippet:-1","max-image-preview":"max-image-preview:large","max-video-preview":"max-video-preview:-1"},"canonical":"https:\/\/informelitoral.com.ar\/la-astuta-maniobra-de-una-familia-para-pasar-las-fiestas-con-un-positivo-de-covid-19\/","og_locale":"es_ES","og_type":"article","og_title":"La astuta maniobra de una familia para pasar las Fiestas con un positivo de Covid-19 - Informe Litoral","og_description":"Pese a que la joven estaba enferma, sus padres y hermanos crearon una burbuja que le permit\u00eda acompa\u00f1arlos en la cena de Nochebuena.","og_url":"https:\/\/informelitoral.com.ar\/la-astuta-maniobra-de-una-familia-para-pasar-las-fiestas-con-un-positivo-de-covid-19\/","og_site_name":"Informe Litoral","article_publisher":"https:\/\/www.facebook.com\/informelitoral\/","article_published_time":"2021-12-28T12:30:02+00:00","article_modified_time":"2021-12-28T15:50:57+00:00","og_image":[{"width":613,"height":460,"url":"https:\/\/informelitoral.com.ar\/%77%70%2d%63%6f%6e%74%65%6e%74\/uploads\/2021\/12\/festeja-navidad-covid.jpg","type":"image\/jpeg"}],"author":"Sebastian","twitter_card":"summary_large_image","twitter_creator":"@InformeLitoral","twitter_site":"@InformeLitoral","twitter_misc":{"Escrito por":"Sebastian","Tiempo de lectura":"1 minuto"},"schema":{"@context":"https:\/\/schema.org","@graph":[{"@type":"Article","@id":"https:\/\/informelitoral.com.ar\/la-astuta-maniobra-de-una-familia-para-pasar-las-fiestas-con-un-positivo-de-covid-19\/#article","isPartOf":{"@id":"https:\/\/informelitoral.com.ar\/la-astuta-maniobra-de-una-familia-para-pasar-las-fiestas-con-un-positivo-de-covid-19\/"},"author":{"name":"Sebastian","@id":"https:\/\/informelitoral.com.ar\/#\/schema\/person\/f05f9f461677119578717524b127d6d5"},"headline":"La astuta maniobra de una familia para pasar las Fiestas con un positivo de Covid-19","datePublished":"2021-12-28T12:30:02+00:00","dateModified":"2021-12-28T15:50:57+00:00","mainEntityOfPage":{"@id":"https:\/\/informelitoral.com.ar\/la-astuta-maniobra-de-una-familia-para-pasar-las-fiestas-con-un-positivo-de-covid-19\/"},"wordCount":173,"commentCount":0,"publisher":{"@id":"https:\/\/informelitoral.com.ar\/#organization"},"image":{"@id":"https:\/\/informelitoral.com.ar\/la-astuta-maniobra-de-una-familia-para-pasar-las-fiestas-con-un-positivo-de-covid-19\/#primaryimage"},"thumbnailUrl":"https:\/\/informelitoral.com.ar\/%77%70%2d%63%6f%6e%74%65%6e%74\/uploads\/2021\/12\/festeja-navidad-covid.jpg","keywords":["Estados Unidos","Navidad","Viral"],"articleSection":["Sociedad"],"inLanguage":"es","potentialAction":[{"@type":"CommentAction","name":"Comment","target":["https:\/\/informelitoral.com.ar\/la-astuta-maniobra-de-una-familia-para-pasar-las-fiestas-con-un-positivo-de-covid-19\/#respond"]}]},{"@type":"WebPage","@id":"https:\/\/informelitoral.com.ar\/la-astuta-maniobra-de-una-familia-para-pasar-las-fiestas-con-un-positivo-de-covid-19\/","url":"https:\/\/informelitoral.com.ar\/la-astuta-maniobra-de-una-familia-para-pasar-las-fiestas-con-un-positivo-de-covid-19\/","name":"La astuta maniobra de una familia para pasar las Fiestas con un positivo de Covid-19 - Informe Litoral","isPartOf":{"@id":"https:\/\/informelitoral.com.ar\/#website"},"primaryImageOfPage":{"@id":"https:\/\/informelitoral.com.ar\/la-astuta-maniobra-de-una-familia-para-pasar-las-fiestas-con-un-positivo-de-covid-19\/#primaryimage"},"image":{"@id":"https:\/\/informelitoral.com.ar\/la-astuta-maniobra-de-una-familia-para-pasar-las-fiestas-con-un-positivo-de-covid-19\/#primaryimage"},"thumbnailUrl":"https:\/\/informelitoral.com.ar\/%77%70%2d%63%6f%6e%74%65%6e%74\/uploads\/2021\/12\/festeja-navidad-covid.jpg","datePublished":"2021-12-28T12:30:02+00:00","dateModified":"2021-12-28T15:50:57+00:00","breadcrumb":{"@id":"https:\/\/informelitoral.com.ar\/la-astuta-maniobra-de-una-familia-para-pasar-las-fiestas-con-un-positivo-de-covid-19\/#breadcrumb"},"inLanguage":"es","potentialAction":[{"@type":"ReadAction","target":["https:\/\/informelitoral.com.ar\/la-astuta-maniobra-de-una-familia-para-pasar-las-fiestas-con-un-positivo-de-covid-19\/"]}]},{"@type":"ImageObject","inLanguage":"es","@id":"https:\/\/informelitoral.com.ar\/la-astuta-maniobra-de-una-familia-para-pasar-las-fiestas-con-un-positivo-de-covid-19\/#primaryimage","url":"https:\/\/informelitoral.com.ar\/%77%70%2d%63%6f%6e%74%65%6e%74\/uploads\/2021\/12\/festeja-navidad-covid.jpg","contentUrl":"https:\/\/informelitoral.com.ar\/%77%70%2d%63%6f%6e%74%65%6e%74\/uploads\/2021\/12\/festeja-navidad-covid.jpg","width":613,"height":460},{"@type":"BreadcrumbList","@id":"https:\/\/informelitoral.com.ar\/la-astuta-maniobra-de-una-familia-para-pasar-las-fiestas-con-un-positivo-de-covid-19\/#breadcrumb","itemListElement":[{"@type":"ListItem","position":1,"name":"Portada","item":"https:\/\/informelitoral.com.ar\/"},{"@type":"ListItem","position":2,"name":"La astuta maniobra de una familia para pasar las Fiestas con un positivo de Covid-19"}]},{"@type":"WebSite","@id":"https:\/\/informelitoral.com.ar\/#website","url":"https:\/\/informelitoral.com.ar\/","name":"Informe Litoral","description":"&quot;Nos informamos&quot; ","publisher":{"@id":"https:\/\/informelitoral.com.ar\/#organization"},"potentialAction":[{"@type":"SearchAction","target":{"@type":"EntryPoint","urlTemplate":"https:\/\/informelitoral.com.ar\/?s={search_term_string}"},"query-input":{"@type":"PropertyValueSpecification","valueRequired":true,"valueName":"search_term_string"}}],"inLanguage":"es"},{"@type":"Organization","@id":"https:\/\/informelitoral.com.ar\/#organization","name":"Informe Litoral","url":"https:\/\/informelitoral.com.ar\/","logo":{"@type":"ImageObject","inLanguage":"es","@id":"https:\/\/informelitoral.com.ar\/#\/schema\/logo\/image\/","url":"https:\/\/informelitoral.com.ar\/%77%70%2d%63%6f%6e%74%65%6e%74\/uploads\/2021\/01\/circulo.png","contentUrl":"https:\/\/informelitoral.com.ar\/%77%70%2d%63%6f%6e%74%65%6e%74\/uploads\/2021\/01\/circulo.png","width":723,"height":731,"caption":"Informe Litoral"},"image":{"@id":"https:\/\/informelitoral.com.ar\/#\/schema\/logo\/image\/"},"sameAs":["https:\/\/www.facebook.com\/informelitoral\/","https:\/\/x.com\/InformeLitoral","https:\/\/www.instagram.com\/informelitoral\/","https:\/\/www.youtube.com\/channel\/UCua4Qvz8Icb6MYqhoq9xLXw"]},{"@type":"Person","@id":"https:\/\/informelitoral.com.ar\/#\/schema\/person\/f05f9f461677119578717524b127d6d5","name":"Sebastian","image":{"@type":"ImageObject","inLanguage":"es","@id":"https:\/\/secure.gravatar.com\/avatar\/b71bf7481d447dfb9583c7f2798e7cc64de6efb9067b74633ed8c31059a3bd82?s=96&d=mm&r=g","url":"https:\/\/secure.gravatar.com\/avatar\/b71bf7481d447dfb9583c7f2798e7cc64de6efb9067b74633ed8c31059a3bd82?s=96&d=mm&r=g","contentUrl":"https:\/\/secure.gravatar.com\/avatar\/b71bf7481d447dfb9583c7f2798e7cc64de6efb9067b74633ed8c31059a3bd82?s=96&d=mm&r=g","caption":"Sebastian"},"url":"https:\/\/informelitoral.com.ar\/author\/sebastian\/"}]}},"_links":{"self":[{"href":"https:\/\/informelitoral.com.ar\/%77%70%2d%6a%73%6f%6e\/wp\/v2\/posts\/69454","targetHints":{"allow":["GET"]}}],"collection":[{"href":"https:\/\/informelitoral.com.ar\/%77%70%2d%6a%73%6f%6e\/wp\/v2\/posts"}],"about":[{"href":"https:\/\/informelitoral.com.ar\/%77%70%2d%6a%73%6f%6e\/wp\/v2\/types\/post"}],"author":[{"embeddable":true,"href":"https:\/\/informelitoral.com.ar\/%77%70%2d%6a%73%6f%6e\/wp\/v2\/users\/8"}],"replies":[{"embeddable":true,"href":"https:\/\/informelitoral.com.ar\/%77%70%2d%6a%73%6f%6e\/wp\/v2\/comments?post=69454"}],"version-history":[{"count":0,"href":"https:\/\/informelitoral.com.ar\/%77%70%2d%6a%73%6f%6e\/wp\/v2\/posts\/69454\/revisions"}],"wp:featuredmedia":[{"embeddable":true,"href":"https:\/\/informelitoral.com.ar\/%77%70%2d%6a%73%6f%6e\/wp\/v2\/media\/69455"}],"wp:attachment":[{"href":"https:\/\/informelitoral.com.ar\/%77%70%2d%6a%73%6f%6e\/wp\/v2\/media?parent=69454"}],"wp:term":[{"taxonomy":"category","embeddable":true,"href":"https:\/\/informelitoral.com.ar\/%77%70%2d%6a%73%6f%6e\/wp\/v2\/categories?post=69454"},{"taxonomy":"post_tag","embeddable":true,"href":"https:\/\/informelitoral.com.ar\/%77%70%2d%6a%73%6f%6e\/wp\/v2\/tags?post=69454"}],"curies":[{"name":"wp","href":"https:\/\/api.w.org\/{rel}","templated":true}]}}