{"id":6945,"date":"2014-05-26T23:03:57","date_gmt":"2014-05-27T02:03:57","guid":{"rendered":"http:\/\/www.isletasnoticias.com.ar\/?p=6945"},"modified":"2014-05-26T23:05:55","modified_gmt":"2014-05-27T02:05:55","slug":"primer-congreso-argentino-de-periodistas-del-agro","status":"publish","type":"post","link":"https:\/\/informelitoral.com.ar\/primer-congreso-argentino-de-periodistas-del-agro\/","title":{"rendered":"Primer Congreso Argentino de Periodistas Agropecuarios"},"content":{"rendered":"<div><strong>El\u00a0 potencial del campo argentino ser\u00e1 el eje central del primer Congreso Argentino de Periodistas Agropecuarios que se desarrollar\u00e1 el 1\u00b0 y 2 de septiembre pr\u00f3ximo. Este evento es organizado por la Asociaci\u00f3n Entrerriana de Periodistas Agropecuarios (AEPA), con el auspicio del Circulo Argentino de Periodistas Agrarios (CAPA).<a href=\"http:\/\/www.isletasnoticias.com.ar\/%77%70%2d%63%6f%6e%74%65%6e%74\/uploads\/2014\/05\/538349b832d20_g.jpg\"><img loading=\"lazy\" decoding=\"async\" class=\"aligncenter  wp-image-6946\" alt=\"538349b832d20_g\" src=\"http:\/\/www.isletasnoticias.com.ar\/%77%70%2d%63%6f%6e%74%65%6e%74\/uploads\/2014\/05\/538349b832d20_g-300x116.jpg\" width=\"500\" height=\"300\" \/><\/a><\/strong><\/div>\n<div>\u201cPor primera vez en la historia, Entre R\u00edos ser\u00e1 anfitri\u00f3n de este acontecimiento que tendr\u00e1 la oportunidad de reunir a periodistas de todo el pa\u00eds, una oportunidad \u00fanica para mostrar la industria, el comercio, la cultura y el campo entrerriano a trav\u00e9s de m\u00e1s de un centenar de periodistas agropecuarios, representantes de los principales medios de comunicaci\u00f3n, multiplicadores de mensajes, que asistir\u00e1n al evento\u201d se\u00f1al\u00f3 Miguel Ruberto, presidente de la Asociaci\u00f3n Entrerriana de Periodistas Agropecuarios (AEPA).<\/div>\n<div><\/div>\n<div>Durante dos d\u00edas se intentar\u00e1 profundizar los conocimientos de las cadenas agroalimentarias, sus pr\u00e1cticas profesionales, observar la cultura regional y a su gente, finalizando la primer jornada con el festejo del d\u00eda del periodista agropecuario. El encuentro sesionar\u00e1 en la ciudad de Paran\u00e1 y tambi\u00e9n se realizar\u00e1n tours productivos en la regi\u00f3n,\u00a0 para recorrer el polo av\u00edcola, porcino, l\u00e1cteo e industrias agroalimentarias de referencia en suelo entrerriano, tambi\u00e9n conocer la historia del cooperativismo agropecuario.<\/div>\n<div><\/div>\n<div><strong><span style=\"text-decoration: underline;\">Informes:<\/span><\/strong><\/div>\n<div>AEPA, oficina en sede de Bolsa de Cereales de Entre R\u00edos<\/div>\n<div>Tel\u00e9fono (0343) 4220292<\/div>\n<div>E-Mail:\u00a0<a href=\"mailto:info@aepa-donluis.com.ar\">info@aepa-donluis.com.ar<\/a><\/div>\n<div><a href=\"http:\/\/www.aepa-donluis.com.ar\/\" target=\"_blank\">www.aepa-donluis.com.ar<\/a><\/div>\n","protected":false},"excerpt":{"rendered":"<p>El&nbsp; potencial del campo argentino ser&aacute; el eje central del primer Congreso Argentino de Periodistas Agropecuarios que se desarrollar&aacute; el 1&deg; y 2 de septiembre pr&oacute;ximo. Este evento es organizado por la Asociaci&oacute;n Entrerriana de Periodistas Agropecuarios (AEPA), con el auspicio del Circulo Argentino de Periodistas Agrarios (CAPA). &ldquo;Por primera vez en la historia, Entre [&hellip;]<\/p>\n","protected":false},"author":2,"featured_media":0,"comment_status":"open","ping_status":"open","sticky":false,"template":"","format":"standard","meta":{"fifu_image_url":"","fifu_image_alt":"","footnotes":""},"categories":[10],"tags":[],"class_list":{"0":"post-6945","1":"post","2":"type-post","3":"status-publish","4":"format-standard","6":"category-campo"},"yoast_head":"<title>Primer Congreso Argentino de Periodistas Agropecuarios - Informe Litoral<\/title>\n<meta name=\"robots\" content=\"index, follow, max-snippet:-1, max-image-preview:large, max-video-preview:-1\" \/>\n<link rel=\"canonical\" href=\"https:\/\/informelitoral.com.ar\/primer-congreso-argentino-de-periodistas-del-agro\/\" \/>\n<meta property=\"og:locale\" content=\"es_ES\" \/>\n<meta property=\"og:type\" content=\"article\" \/>\n<meta property=\"og:title\" content=\"Primer Congreso Argentino de Periodistas Agropecuarios - Informe Litoral\" \/>\n<meta property=\"og:description\" content=\"El&nbsp; potencial del campo argentino ser&aacute; el eje central del primer Congreso Argentino de Periodistas Agropecuarios que se desarrollar&aacute; el 1&deg; y 2 de septiembre pr&oacute;ximo. Este evento es organizado por la Asociaci&oacute;n Entrerriana de Periodistas Agropecuarios (AEPA), con el auspicio del Circulo Argentino de Periodistas Agrarios (CAPA). &ldquo;Por primera vez en la historia, Entre [&hellip;]\" \/>\n<meta property=\"og:url\" content=\"https:\/\/informelitoral.com.ar\/primer-congreso-argentino-de-periodistas-del-agro\/\" \/>\n<meta property=\"og:site_name\" content=\"Informe Litoral\" \/>\n<meta property=\"article:publisher\" content=\"https:\/\/www.facebook.com\/informelitoral\/\" \/>\n<meta property=\"article:published_time\" content=\"2014-05-27T02:03:57+00:00\" \/>\n<meta property=\"article:modified_time\" content=\"2014-05-27T02:05:55+00:00\" \/>\n<meta property=\"og:image\" content=\"https:\/\/informelitoral.com.ar\/%77%70%2d%63%6f%6e%74%65%6e%74\/uploads\/2014\/05\/538349b832d20_g.jpg\" \/>\n\t<meta property=\"og:image:width\" content=\"620\" \/>\n\t<meta property=\"og:image:height\" content=\"240\" \/>\n\t<meta property=\"og:image:type\" content=\"image\/jpeg\" \/>\n<meta name=\"author\" content=\"Gonzalo Schmidt\" \/>\n<meta name=\"twitter:card\" content=\"summary_large_image\" \/>\n<meta name=\"twitter:creator\" content=\"@InformeLitoral\" \/>\n<meta name=\"twitter:site\" content=\"@InformeLitoral\" \/>\n<meta name=\"twitter:label1\" content=\"Escrito por\" \/>\n\t<meta name=\"twitter:data1\" content=\"Gonzalo Schmidt\" \/>\n\t<meta name=\"twitter:label2\" content=\"Tiempo de lectura\" \/>\n\t<meta name=\"twitter:data2\" content=\"1 minuto\" \/>\n<script type=\"application\/ld+json\" class=\"yoast-schema-graph\">{\"@context\":\"https:\\\/\\\/schema.org\",\"@graph\":[{\"@type\":\"Article\",\"@id\":\"https:\\\/\\\/informelitoral.com.ar\\\/primer-congreso-argentino-de-periodistas-del-agro\\\/#article\",\"isPartOf\":{\"@id\":\"https:\\\/\\\/informelitoral.com.ar\\\/primer-congreso-argentino-de-periodistas-del-agro\\\/\"},\"author\":{\"name\":\"Gonzalo Schmidt\",\"@id\":\"https:\\\/\\\/informelitoral.com.ar\\\/#\\\/schema\\\/person\\\/b9d00407c836482871ef1d57bf8e3180\"},\"headline\":\"Primer Congreso Argentino de Periodistas Agropecuarios\",\"datePublished\":\"2014-05-27T02:03:57+00:00\",\"dateModified\":\"2014-05-27T02:05:55+00:00\",\"mainEntityOfPage\":{\"@id\":\"https:\\\/\\\/informelitoral.com.ar\\\/primer-congreso-argentino-de-periodistas-del-agro\\\/\"},\"wordCount\":246,\"commentCount\":0,\"publisher\":{\"@id\":\"https:\\\/\\\/informelitoral.com.ar\\\/#organization\"},\"image\":{\"@id\":\"https:\\\/\\\/informelitoral.com.ar\\\/primer-congreso-argentino-de-periodistas-del-agro\\\/#primaryimage\"},\"thumbnailUrl\":\"http:\\\/\\\/www.isletasnoticias.com.ar\\\/%77%70%2d%63%6f%6e%74%65%6e%74\\\/uploads\\\/2014\\\/05\\\/538349b832d20_g-300x116.jpg\",\"articleSection\":[\"Campo\"],\"inLanguage\":\"es\",\"potentialAction\":[{\"@type\":\"CommentAction\",\"name\":\"Comment\",\"target\":[\"https:\\\/\\\/informelitoral.com.ar\\\/primer-congreso-argentino-de-periodistas-del-agro\\\/#respond\"]}]},{\"@type\":\"WebPage\",\"@id\":\"https:\\\/\\\/informelitoral.com.ar\\\/primer-congreso-argentino-de-periodistas-del-agro\\\/\",\"url\":\"https:\\\/\\\/informelitoral.com.ar\\\/primer-congreso-argentino-de-periodistas-del-agro\\\/\",\"name\":\"Primer Congreso Argentino de Periodistas Agropecuarios - Informe Litoral\",\"isPartOf\":{\"@id\":\"https:\\\/\\\/informelitoral.com.ar\\\/#website\"},\"primaryImageOfPage\":{\"@id\":\"https:\\\/\\\/informelitoral.com.ar\\\/primer-congreso-argentino-de-periodistas-del-agro\\\/#primaryimage\"},\"image\":{\"@id\":\"https:\\\/\\\/informelitoral.com.ar\\\/primer-congreso-argentino-de-periodistas-del-agro\\\/#primaryimage\"},\"thumbnailUrl\":\"http:\\\/\\\/www.isletasnoticias.com.ar\\\/%77%70%2d%63%6f%6e%74%65%6e%74\\\/uploads\\\/2014\\\/05\\\/538349b832d20_g-300x116.jpg\",\"datePublished\":\"2014-05-27T02:03:57+00:00\",\"dateModified\":\"2014-05-27T02:05:55+00:00\",\"breadcrumb\":{\"@id\":\"https:\\\/\\\/informelitoral.com.ar\\\/primer-congreso-argentino-de-periodistas-del-agro\\\/#breadcrumb\"},\"inLanguage\":\"es\",\"potentialAction\":[{\"@type\":\"ReadAction\",\"target\":[\"https:\\\/\\\/informelitoral.com.ar\\\/primer-congreso-argentino-de-periodistas-del-agro\\\/\"]}]},{\"@type\":\"ImageObject\",\"inLanguage\":\"es\",\"@id\":\"https:\\\/\\\/informelitoral.com.ar\\\/primer-congreso-argentino-de-periodistas-del-agro\\\/#primaryimage\",\"url\":\"http:\\\/\\\/www.isletasnoticias.com.ar\\\/%77%70%2d%63%6f%6e%74%65%6e%74\\\/uploads\\\/2014\\\/05\\\/538349b832d20_g-300x116.jpg\",\"contentUrl\":\"http:\\\/\\\/www.isletasnoticias.com.ar\\\/%77%70%2d%63%6f%6e%74%65%6e%74\\\/uploads\\\/2014\\\/05\\\/538349b832d20_g-300x116.jpg\"},{\"@type\":\"BreadcrumbList\",\"@id\":\"https:\\\/\\\/informelitoral.com.ar\\\/primer-congreso-argentino-de-periodistas-del-agro\\\/#breadcrumb\",\"itemListElement\":[{\"@type\":\"ListItem\",\"position\":1,\"name\":\"Portada\",\"item\":\"https:\\\/\\\/informelitoral.com.ar\\\/\"},{\"@type\":\"ListItem\",\"position\":2,\"name\":\"Primer Congreso Argentino de Periodistas Agropecuarios\"}]},{\"@type\":\"WebSite\",\"@id\":\"https:\\\/\\\/informelitoral.com.ar\\\/#website\",\"url\":\"https:\\\/\\\/informelitoral.com.ar\\\/\",\"name\":\"Informe Litoral\",\"description\":\"&quot;Nos informamos&quot; \",\"publisher\":{\"@id\":\"https:\\\/\\\/informelitoral.com.ar\\\/#organization\"},\"potentialAction\":[{\"@type\":\"SearchAction\",\"target\":{\"@type\":\"EntryPoint\",\"urlTemplate\":\"https:\\\/\\\/informelitoral.com.ar\\\/?s={search_term_string}\"},\"query-input\":{\"@type\":\"PropertyValueSpecification\",\"valueRequired\":true,\"valueName\":\"search_term_string\"}}],\"inLanguage\":\"es\"},{\"@type\":\"Organization\",\"@id\":\"https:\\\/\\\/informelitoral.com.ar\\\/#organization\",\"name\":\"Informe Litoral\",\"url\":\"https:\\\/\\\/informelitoral.com.ar\\\/\",\"logo\":{\"@type\":\"ImageObject\",\"inLanguage\":\"es\",\"@id\":\"https:\\\/\\\/informelitoral.com.ar\\\/#\\\/schema\\\/logo\\\/image\\\/\",\"url\":\"https:\\\/\\\/informelitoral.com.ar\\\/%77%70%2d%63%6f%6e%74%65%6e%74\\\/uploads\\\/2021\\\/01\\\/circulo.png\",\"contentUrl\":\"https:\\\/\\\/informelitoral.com.ar\\\/%77%70%2d%63%6f%6e%74%65%6e%74\\\/uploads\\\/2021\\\/01\\\/circulo.png\",\"width\":723,\"height\":731,\"caption\":\"Informe Litoral\"},\"image\":{\"@id\":\"https:\\\/\\\/informelitoral.com.ar\\\/#\\\/schema\\\/logo\\\/image\\\/\"},\"sameAs\":[\"https:\\\/\\\/www.facebook.com\\\/informelitoral\\\/\",\"https:\\\/\\\/x.com\\\/InformeLitoral\",\"https:\\\/\\\/www.instagram.com\\\/informelitoral\\\/\",\"https:\\\/\\\/www.youtube.com\\\/channel\\\/UCua4Qvz8Icb6MYqhoq9xLXw\"]},{\"@type\":\"Person\",\"@id\":\"https:\\\/\\\/informelitoral.com.ar\\\/#\\\/schema\\\/person\\\/b9d00407c836482871ef1d57bf8e3180\",\"name\":\"Gonzalo Schmidt\",\"image\":{\"@type\":\"ImageObject\",\"inLanguage\":\"es\",\"@id\":\"https:\\\/\\\/secure.gravatar.com\\\/avatar\\\/31a1a7b66ff2de83bd0e9fd79d026630d2d99e55e8bfe501287647b4fd9743de?s=96&d=mm&r=g\",\"url\":\"https:\\\/\\\/secure.gravatar.com\\\/avatar\\\/31a1a7b66ff2de83bd0e9fd79d026630d2d99e55e8bfe501287647b4fd9743de?s=96&d=mm&r=g\",\"contentUrl\":\"https:\\\/\\\/secure.gravatar.com\\\/avatar\\\/31a1a7b66ff2de83bd0e9fd79d026630d2d99e55e8bfe501287647b4fd9743de?s=96&d=mm&r=g\",\"caption\":\"Gonzalo Schmidt\"},\"description\":\"Sitio web de noticias de la provincia de Entre R\u00edos, Argentina. Informaci\u00f3n y entretenimiento. Informe Litoral, nos informamos.\",\"sameAs\":[\"http:\\\/\\\/www.isletasnoticias.com.ar\"],\"url\":\"https:\\\/\\\/informelitoral.com.ar\\\/author\\\/gonzalo\\\/\"}]}<\/script>","yoast_head_json":{"title":"Primer Congreso Argentino de Periodistas Agropecuarios - Informe Litoral","robots":{"index":"index","follow":"follow","max-snippet":"max-snippet:-1","max-image-preview":"max-image-preview:large","max-video-preview":"max-video-preview:-1"},"canonical":"https:\/\/informelitoral.com.ar\/primer-congreso-argentino-de-periodistas-del-agro\/","og_locale":"es_ES","og_type":"article","og_title":"Primer Congreso Argentino de Periodistas Agropecuarios - Informe Litoral","og_description":"El&nbsp; potencial del campo argentino ser&aacute; el eje central del primer Congreso Argentino de Periodistas Agropecuarios que se desarrollar&aacute; el 1&deg; y 2 de septiembre pr&oacute;ximo. Este evento es organizado por la Asociaci&oacute;n Entrerriana de Periodistas Agropecuarios (AEPA), con el auspicio del Circulo Argentino de Periodistas Agrarios (CAPA). &ldquo;Por primera vez en la historia, Entre [&hellip;]","og_url":"https:\/\/informelitoral.com.ar\/primer-congreso-argentino-de-periodistas-del-agro\/","og_site_name":"Informe Litoral","article_publisher":"https:\/\/www.facebook.com\/informelitoral\/","article_published_time":"2014-05-27T02:03:57+00:00","article_modified_time":"2014-05-27T02:05:55+00:00","og_image":[{"width":620,"height":240,"url":"https:\/\/informelitoral.com.ar\/%77%70%2d%63%6f%6e%74%65%6e%74\/uploads\/2014\/05\/538349b832d20_g.jpg","type":"image\/jpeg"}],"author":"Gonzalo Schmidt","twitter_card":"summary_large_image","twitter_creator":"@InformeLitoral","twitter_site":"@InformeLitoral","twitter_misc":{"Escrito por":"Gonzalo Schmidt","Tiempo de lectura":"1 minuto"},"schema":{"@context":"https:\/\/schema.org","@graph":[{"@type":"Article","@id":"https:\/\/informelitoral.com.ar\/primer-congreso-argentino-de-periodistas-del-agro\/#article","isPartOf":{"@id":"https:\/\/informelitoral.com.ar\/primer-congreso-argentino-de-periodistas-del-agro\/"},"author":{"name":"Gonzalo Schmidt","@id":"https:\/\/informelitoral.com.ar\/#\/schema\/person\/b9d00407c836482871ef1d57bf8e3180"},"headline":"Primer Congreso Argentino de Periodistas Agropecuarios","datePublished":"2014-05-27T02:03:57+00:00","dateModified":"2014-05-27T02:05:55+00:00","mainEntityOfPage":{"@id":"https:\/\/informelitoral.com.ar\/primer-congreso-argentino-de-periodistas-del-agro\/"},"wordCount":246,"commentCount":0,"publisher":{"@id":"https:\/\/informelitoral.com.ar\/#organization"},"image":{"@id":"https:\/\/informelitoral.com.ar\/primer-congreso-argentino-de-periodistas-del-agro\/#primaryimage"},"thumbnailUrl":"http:\/\/www.isletasnoticias.com.ar\/%77%70%2d%63%6f%6e%74%65%6e%74\/uploads\/2014\/05\/538349b832d20_g-300x116.jpg","articleSection":["Campo"],"inLanguage":"es","potentialAction":[{"@type":"CommentAction","name":"Comment","target":["https:\/\/informelitoral.com.ar\/primer-congreso-argentino-de-periodistas-del-agro\/#respond"]}]},{"@type":"WebPage","@id":"https:\/\/informelitoral.com.ar\/primer-congreso-argentino-de-periodistas-del-agro\/","url":"https:\/\/informelitoral.com.ar\/primer-congreso-argentino-de-periodistas-del-agro\/","name":"Primer Congreso Argentino de Periodistas Agropecuarios - Informe Litoral","isPartOf":{"@id":"https:\/\/informelitoral.com.ar\/#website"},"primaryImageOfPage":{"@id":"https:\/\/informelitoral.com.ar\/primer-congreso-argentino-de-periodistas-del-agro\/#primaryimage"},"image":{"@id":"https:\/\/informelitoral.com.ar\/primer-congreso-argentino-de-periodistas-del-agro\/#primaryimage"},"thumbnailUrl":"http:\/\/www.isletasnoticias.com.ar\/%77%70%2d%63%6f%6e%74%65%6e%74\/uploads\/2014\/05\/538349b832d20_g-300x116.jpg","datePublished":"2014-05-27T02:03:57+00:00","dateModified":"2014-05-27T02:05:55+00:00","breadcrumb":{"@id":"https:\/\/informelitoral.com.ar\/primer-congreso-argentino-de-periodistas-del-agro\/#breadcrumb"},"inLanguage":"es","potentialAction":[{"@type":"ReadAction","target":["https:\/\/informelitoral.com.ar\/primer-congreso-argentino-de-periodistas-del-agro\/"]}]},{"@type":"ImageObject","inLanguage":"es","@id":"https:\/\/informelitoral.com.ar\/primer-congreso-argentino-de-periodistas-del-agro\/#primaryimage","url":"http:\/\/www.isletasnoticias.com.ar\/%77%70%2d%63%6f%6e%74%65%6e%74\/uploads\/2014\/05\/538349b832d20_g-300x116.jpg","contentUrl":"http:\/\/www.isletasnoticias.com.ar\/%77%70%2d%63%6f%6e%74%65%6e%74\/uploads\/2014\/05\/538349b832d20_g-300x116.jpg"},{"@type":"BreadcrumbList","@id":"https:\/\/informelitoral.com.ar\/primer-congreso-argentino-de-periodistas-del-agro\/#breadcrumb","itemListElement":[{"@type":"ListItem","position":1,"name":"Portada","item":"https:\/\/informelitoral.com.ar\/"},{"@type":"ListItem","position":2,"name":"Primer Congreso Argentino de Periodistas Agropecuarios"}]},{"@type":"WebSite","@id":"https:\/\/informelitoral.com.ar\/#website","url":"https:\/\/informelitoral.com.ar\/","name":"Informe Litoral","description":"&quot;Nos informamos&quot; ","publisher":{"@id":"https:\/\/informelitoral.com.ar\/#organization"},"potentialAction":[{"@type":"SearchAction","target":{"@type":"EntryPoint","urlTemplate":"https:\/\/informelitoral.com.ar\/?s={search_term_string}"},"query-input":{"@type":"PropertyValueSpecification","valueRequired":true,"valueName":"search_term_string"}}],"inLanguage":"es"},{"@type":"Organization","@id":"https:\/\/informelitoral.com.ar\/#organization","name":"Informe Litoral","url":"https:\/\/informelitoral.com.ar\/","logo":{"@type":"ImageObject","inLanguage":"es","@id":"https:\/\/informelitoral.com.ar\/#\/schema\/logo\/image\/","url":"https:\/\/informelitoral.com.ar\/%77%70%2d%63%6f%6e%74%65%6e%74\/uploads\/2021\/01\/circulo.png","contentUrl":"https:\/\/informelitoral.com.ar\/%77%70%2d%63%6f%6e%74%65%6e%74\/uploads\/2021\/01\/circulo.png","width":723,"height":731,"caption":"Informe Litoral"},"image":{"@id":"https:\/\/informelitoral.com.ar\/#\/schema\/logo\/image\/"},"sameAs":["https:\/\/www.facebook.com\/informelitoral\/","https:\/\/x.com\/InformeLitoral","https:\/\/www.instagram.com\/informelitoral\/","https:\/\/www.youtube.com\/channel\/UCua4Qvz8Icb6MYqhoq9xLXw"]},{"@type":"Person","@id":"https:\/\/informelitoral.com.ar\/#\/schema\/person\/b9d00407c836482871ef1d57bf8e3180","name":"Gonzalo Schmidt","image":{"@type":"ImageObject","inLanguage":"es","@id":"https:\/\/secure.gravatar.com\/avatar\/31a1a7b66ff2de83bd0e9fd79d026630d2d99e55e8bfe501287647b4fd9743de?s=96&d=mm&r=g","url":"https:\/\/secure.gravatar.com\/avatar\/31a1a7b66ff2de83bd0e9fd79d026630d2d99e55e8bfe501287647b4fd9743de?s=96&d=mm&r=g","contentUrl":"https:\/\/secure.gravatar.com\/avatar\/31a1a7b66ff2de83bd0e9fd79d026630d2d99e55e8bfe501287647b4fd9743de?s=96&d=mm&r=g","caption":"Gonzalo Schmidt"},"description":"Sitio web de noticias de la provincia de Entre R\u00edos, Argentina. Informaci\u00f3n y entretenimiento. Informe Litoral, nos informamos.","sameAs":["http:\/\/www.isletasnoticias.com.ar"],"url":"https:\/\/informelitoral.com.ar\/author\/gonzalo\/"}]}},"_links":{"self":[{"href":"https:\/\/informelitoral.com.ar\/%77%70%2d%6a%73%6f%6e\/wp\/v2\/posts\/6945","targetHints":{"allow":["GET"]}}],"collection":[{"href":"https:\/\/informelitoral.com.ar\/%77%70%2d%6a%73%6f%6e\/wp\/v2\/posts"}],"about":[{"href":"https:\/\/informelitoral.com.ar\/%77%70%2d%6a%73%6f%6e\/wp\/v2\/types\/post"}],"author":[{"embeddable":true,"href":"https:\/\/informelitoral.com.ar\/%77%70%2d%6a%73%6f%6e\/wp\/v2\/users\/2"}],"replies":[{"embeddable":true,"href":"https:\/\/informelitoral.com.ar\/%77%70%2d%6a%73%6f%6e\/wp\/v2\/comments?post=6945"}],"version-history":[{"count":0,"href":"https:\/\/informelitoral.com.ar\/%77%70%2d%6a%73%6f%6e\/wp\/v2\/posts\/6945\/revisions"}],"wp:attachment":[{"href":"https:\/\/informelitoral.com.ar\/%77%70%2d%6a%73%6f%6e\/wp\/v2\/media?parent=6945"}],"wp:term":[{"taxonomy":"category","embeddable":true,"href":"https:\/\/informelitoral.com.ar\/%77%70%2d%6a%73%6f%6e\/wp\/v2\/categories?post=6945"},{"taxonomy":"post_tag","embeddable":true,"href":"https:\/\/informelitoral.com.ar\/%77%70%2d%6a%73%6f%6e\/wp\/v2\/tags?post=6945"}],"curies":[{"name":"wp","href":"https:\/\/api.w.org\/{rel}","templated":true}]}}