{"id":69449,"date":"2021-12-28T12:13:19","date_gmt":"2021-12-28T15:13:19","guid":{"rendered":"https:\/\/www.informelitoral.com.ar\/?p=69449"},"modified":"2021-12-28T12:13:19","modified_gmt":"2021-12-28T15:13:19","slug":"vacunacion-contra-el-covid-19-mas-paranaenses-reciben-sus-dosis-de-refuerzo","status":"publish","type":"post","link":"https:\/\/informelitoral.com.ar\/vacunacion-contra-el-covid-19-mas-paranaenses-reciben-sus-dosis-de-refuerzo\/","title":{"rendered":"Vacunaci\u00f3n contra el Covid-19: m\u00e1s paranaenses reciben sus dosis de refuerzo"},"content":{"rendered":"<p>Contin\u00faa la aplicaci\u00f3n de dosis de refuerzo en el marco del Plan Rector de Vacunaci\u00f3n contra el coronavirus en Paran\u00e1. Para este martes en el Complejo Escuela Hogar estaba prevista a aplicaci\u00f3n de los componentes de Astrazeneca a aquellas personas que recibieron su segunda dosis hace cinco meses; la inoculaci\u00f3n se hac\u00eda con turnos asignados.<\/p>\n<p>\u201cAl principio dudaba (de la dosis de refuerzo), por la reacci\u00f3n, pero hay que hacerlo\u201d, asegur\u00f3 un joven que, seg\u00fan coment\u00f3, hab\u00eda recibido dos dosis de Sinopharm. Un viaje proyectado fue lo que lo inst\u00f3 a completar su esquema de vacunaci\u00f3n contra la pand\u00e9mica enfermedad. \u201cTuve Covid-19 y los s\u00edntomas fueron fiebre y malestar durante un par de d\u00edas\u201d, record\u00f3 al dar cuenta de su \u201cangustia por familiares que la pasaron mal\u201d.<\/p>\n<p>\u201cEl refuerzo es lo correcto, lo que corresponde\u201d, destac\u00f3 un hombre que, junto a su esposa, ambos recibieron las dos dosis de Sputnik. \u201cNo tuvimos coronavirus, mis hijos s\u00ed y no nos contagiamos; ellos estuvieron almorzando en casa y no nos contagiamos\u201d, coment\u00f3 la pareja.<\/p>\n<p>\u201cA la pandemia la pasamos encerrados, fue muy feo, y la vacunaci\u00f3n es un alivio. Me parece perfecto que exijan el carnet de vacunaci\u00f3n as\u00ed todos se vacunan\u201d, remarc\u00f3 una mujer cuya vacunaci\u00f3n contra la pand\u00e9mica enfermedad hab\u00eda sido con dosis de Sinopharm.<\/p>\n<p>\u201cSi me mandan, vengo y me vacuno; no voy a estar en contra\u201d, recalc\u00f3 una mujer que, de acuerdo a lo que cont\u00f3, se cuid\u00f3 mucho durante la pandemia porque asiste en los cuidados a adultos mayores. \u201cQue se termine la pandemia y que podamos volver a la normalidad\u201d, fue el deseo de la trabajadora para el a\u00f1o que inicia.<\/p>\n<p>Para otro hombre, en tanto, la vacunaci\u00f3n contra el Covid-19, \u201ces muy importante para tener inmunidad y hacer frente a la pandemia que estamos pasando\u201d. \u201cNo tuve coronavirus\u201d, asegur\u00f3 y se mostr\u00f3 de acuerdo con la implementaci\u00f3n del pase sanitario \u201cpara incrementar la cantidad de gente vacunada\u201d.<\/p>\n","protected":false},"excerpt":{"rendered":"<p>Para este martes en el Complejo Escuela Hogar estaba prevista a aplicaci\u00f3n de los componentes de Astrazeneca a aquellas personas que recibieron su segunda dosis hace cinco meses. Seg\u00fan los testimonios. <\/p>\n","protected":false},"author":8,"featured_media":69450,"comment_status":"open","ping_status":"open","sticky":false,"template":"","format":"standard","meta":{"fifu_image_url":"","fifu_image_alt":"","footnotes":""},"categories":[6,1595],"tags":[1481,81,45,214],"class_list":{"0":"post-69449","1":"post","2":"type-post","3":"status-publish","4":"format-standard","5":"has-post-thumbnail","7":"category-entre-rios","8":"category-salud","9":"tag-covid-19","10":"tag-entre-rios","11":"tag-parana","12":"tag-vacunacion"},"yoast_head":"<title>Vacunaci\u00f3n contra el Covid-19: m\u00e1s paranaenses reciben sus dosis de refuerzo - Informe Litoral<\/title>\n<meta name=\"robots\" content=\"index, follow, max-snippet:-1, max-image-preview:large, max-video-preview:-1\" \/>\n<link rel=\"canonical\" href=\"https:\/\/informelitoral.com.ar\/vacunacion-contra-el-covid-19-mas-paranaenses-reciben-sus-dosis-de-refuerzo\/\" \/>\n<meta property=\"og:locale\" content=\"es_ES\" \/>\n<meta property=\"og:type\" content=\"article\" \/>\n<meta property=\"og:title\" content=\"Vacunaci\u00f3n contra el Covid-19: m\u00e1s paranaenses reciben sus dosis de refuerzo - Informe Litoral\" \/>\n<meta property=\"og:description\" content=\"Para este martes en el Complejo Escuela Hogar estaba prevista a aplicaci\u00f3n de los componentes de Astrazeneca a aquellas personas que recibieron su segunda dosis hace cinco meses. Seg\u00fan los testimonios.\" \/>\n<meta property=\"og:url\" content=\"https:\/\/informelitoral.com.ar\/vacunacion-contra-el-covid-19-mas-paranaenses-reciben-sus-dosis-de-refuerzo\/\" \/>\n<meta property=\"og:site_name\" content=\"Informe Litoral\" \/>\n<meta property=\"article:publisher\" content=\"https:\/\/www.facebook.com\/informelitoral\/\" \/>\n<meta property=\"article:published_time\" content=\"2021-12-28T15:13:19+00:00\" \/>\n<meta property=\"og:image\" content=\"https:\/\/informelitoral.com.ar\/%77%70%2d%63%6f%6e%74%65%6e%74\/uploads\/2021\/12\/1140-vaccine-line-esp.imgcache.rev_.web_.900.518.jpg\" \/>\n\t<meta property=\"og:image:width\" content=\"900\" \/>\n\t<meta property=\"og:image:height\" content=\"518\" \/>\n\t<meta property=\"og:image:type\" content=\"image\/jpeg\" \/>\n<meta name=\"author\" content=\"Sebastian\" \/>\n<meta name=\"twitter:card\" content=\"summary_large_image\" \/>\n<meta name=\"twitter:creator\" content=\"@InformeLitoral\" \/>\n<meta name=\"twitter:site\" content=\"@InformeLitoral\" \/>\n<meta name=\"twitter:label1\" content=\"Escrito por\" \/>\n\t<meta name=\"twitter:data1\" content=\"Sebastian\" \/>\n\t<meta name=\"twitter:label2\" content=\"Tiempo de lectura\" \/>\n\t<meta name=\"twitter:data2\" content=\"2 minutos\" \/>\n<script type=\"application\/ld+json\" class=\"yoast-schema-graph\">{\"@context\":\"https:\\\/\\\/schema.org\",\"@graph\":[{\"@type\":\"Article\",\"@id\":\"https:\\\/\\\/informelitoral.com.ar\\\/vacunacion-contra-el-covid-19-mas-paranaenses-reciben-sus-dosis-de-refuerzo\\\/#article\",\"isPartOf\":{\"@id\":\"https:\\\/\\\/informelitoral.com.ar\\\/vacunacion-contra-el-covid-19-mas-paranaenses-reciben-sus-dosis-de-refuerzo\\\/\"},\"author\":{\"name\":\"Sebastian\",\"@id\":\"https:\\\/\\\/informelitoral.com.ar\\\/#\\\/schema\\\/person\\\/f05f9f461677119578717524b127d6d5\"},\"headline\":\"Vacunaci\u00f3n contra el Covid-19: m\u00e1s paranaenses reciben sus dosis de refuerzo\",\"datePublished\":\"2021-12-28T15:13:19+00:00\",\"mainEntityOfPage\":{\"@id\":\"https:\\\/\\\/informelitoral.com.ar\\\/vacunacion-contra-el-covid-19-mas-paranaenses-reciben-sus-dosis-de-refuerzo\\\/\"},\"wordCount\":356,\"commentCount\":0,\"publisher\":{\"@id\":\"https:\\\/\\\/informelitoral.com.ar\\\/#organization\"},\"image\":{\"@id\":\"https:\\\/\\\/informelitoral.com.ar\\\/vacunacion-contra-el-covid-19-mas-paranaenses-reciben-sus-dosis-de-refuerzo\\\/#primaryimage\"},\"thumbnailUrl\":\"https:\\\/\\\/informelitoral.com.ar\\\/%77%70%2d%63%6f%6e%74%65%6e%74\\\/uploads\\\/2021\\\/12\\\/1140-vaccine-line-esp.imgcache.rev_.web_.900.518.jpg\",\"keywords\":[\"COVID-19\",\"Entre R\u00edos\",\"Paran\u00e1\",\"Vacunaci\u00f3n\"],\"articleSection\":[\"Entre R\u00edos\",\"Salud\"],\"inLanguage\":\"es\",\"potentialAction\":[{\"@type\":\"CommentAction\",\"name\":\"Comment\",\"target\":[\"https:\\\/\\\/informelitoral.com.ar\\\/vacunacion-contra-el-covid-19-mas-paranaenses-reciben-sus-dosis-de-refuerzo\\\/#respond\"]}]},{\"@type\":\"WebPage\",\"@id\":\"https:\\\/\\\/informelitoral.com.ar\\\/vacunacion-contra-el-covid-19-mas-paranaenses-reciben-sus-dosis-de-refuerzo\\\/\",\"url\":\"https:\\\/\\\/informelitoral.com.ar\\\/vacunacion-contra-el-covid-19-mas-paranaenses-reciben-sus-dosis-de-refuerzo\\\/\",\"name\":\"Vacunaci\u00f3n contra el Covid-19: m\u00e1s paranaenses reciben sus dosis de refuerzo - Informe Litoral\",\"isPartOf\":{\"@id\":\"https:\\\/\\\/informelitoral.com.ar\\\/#website\"},\"primaryImageOfPage\":{\"@id\":\"https:\\\/\\\/informelitoral.com.ar\\\/vacunacion-contra-el-covid-19-mas-paranaenses-reciben-sus-dosis-de-refuerzo\\\/#primaryimage\"},\"image\":{\"@id\":\"https:\\\/\\\/informelitoral.com.ar\\\/vacunacion-contra-el-covid-19-mas-paranaenses-reciben-sus-dosis-de-refuerzo\\\/#primaryimage\"},\"thumbnailUrl\":\"https:\\\/\\\/informelitoral.com.ar\\\/%77%70%2d%63%6f%6e%74%65%6e%74\\\/uploads\\\/2021\\\/12\\\/1140-vaccine-line-esp.imgcache.rev_.web_.900.518.jpg\",\"datePublished\":\"2021-12-28T15:13:19+00:00\",\"breadcrumb\":{\"@id\":\"https:\\\/\\\/informelitoral.com.ar\\\/vacunacion-contra-el-covid-19-mas-paranaenses-reciben-sus-dosis-de-refuerzo\\\/#breadcrumb\"},\"inLanguage\":\"es\",\"potentialAction\":[{\"@type\":\"ReadAction\",\"target\":[\"https:\\\/\\\/informelitoral.com.ar\\\/vacunacion-contra-el-covid-19-mas-paranaenses-reciben-sus-dosis-de-refuerzo\\\/\"]}]},{\"@type\":\"ImageObject\",\"inLanguage\":\"es\",\"@id\":\"https:\\\/\\\/informelitoral.com.ar\\\/vacunacion-contra-el-covid-19-mas-paranaenses-reciben-sus-dosis-de-refuerzo\\\/#primaryimage\",\"url\":\"https:\\\/\\\/informelitoral.com.ar\\\/%77%70%2d%63%6f%6e%74%65%6e%74\\\/uploads\\\/2021\\\/12\\\/1140-vaccine-line-esp.imgcache.rev_.web_.900.518.jpg\",\"contentUrl\":\"https:\\\/\\\/informelitoral.com.ar\\\/%77%70%2d%63%6f%6e%74%65%6e%74\\\/uploads\\\/2021\\\/12\\\/1140-vaccine-line-esp.imgcache.rev_.web_.900.518.jpg\",\"width\":900,\"height\":518},{\"@type\":\"BreadcrumbList\",\"@id\":\"https:\\\/\\\/informelitoral.com.ar\\\/vacunacion-contra-el-covid-19-mas-paranaenses-reciben-sus-dosis-de-refuerzo\\\/#breadcrumb\",\"itemListElement\":[{\"@type\":\"ListItem\",\"position\":1,\"name\":\"Portada\",\"item\":\"https:\\\/\\\/informelitoral.com.ar\\\/\"},{\"@type\":\"ListItem\",\"position\":2,\"name\":\"Vacunaci\u00f3n contra el Covid-19: m\u00e1s paranaenses reciben sus dosis de refuerzo\"}]},{\"@type\":\"WebSite\",\"@id\":\"https:\\\/\\\/informelitoral.com.ar\\\/#website\",\"url\":\"https:\\\/\\\/informelitoral.com.ar\\\/\",\"name\":\"Informe Litoral\",\"description\":\"&quot;Nos informamos&quot; \",\"publisher\":{\"@id\":\"https:\\\/\\\/informelitoral.com.ar\\\/#organization\"},\"potentialAction\":[{\"@type\":\"SearchAction\",\"target\":{\"@type\":\"EntryPoint\",\"urlTemplate\":\"https:\\\/\\\/informelitoral.com.ar\\\/?s={search_term_string}\"},\"query-input\":{\"@type\":\"PropertyValueSpecification\",\"valueRequired\":true,\"valueName\":\"search_term_string\"}}],\"inLanguage\":\"es\"},{\"@type\":\"Organization\",\"@id\":\"https:\\\/\\\/informelitoral.com.ar\\\/#organization\",\"name\":\"Informe Litoral\",\"url\":\"https:\\\/\\\/informelitoral.com.ar\\\/\",\"logo\":{\"@type\":\"ImageObject\",\"inLanguage\":\"es\",\"@id\":\"https:\\\/\\\/informelitoral.com.ar\\\/#\\\/schema\\\/logo\\\/image\\\/\",\"url\":\"https:\\\/\\\/informelitoral.com.ar\\\/%77%70%2d%63%6f%6e%74%65%6e%74\\\/uploads\\\/2021\\\/01\\\/circulo.png\",\"contentUrl\":\"https:\\\/\\\/informelitoral.com.ar\\\/%77%70%2d%63%6f%6e%74%65%6e%74\\\/uploads\\\/2021\\\/01\\\/circulo.png\",\"width\":723,\"height\":731,\"caption\":\"Informe Litoral\"},\"image\":{\"@id\":\"https:\\\/\\\/informelitoral.com.ar\\\/#\\\/schema\\\/logo\\\/image\\\/\"},\"sameAs\":[\"https:\\\/\\\/www.facebook.com\\\/informelitoral\\\/\",\"https:\\\/\\\/x.com\\\/InformeLitoral\",\"https:\\\/\\\/www.instagram.com\\\/informelitoral\\\/\",\"https:\\\/\\\/www.youtube.com\\\/channel\\\/UCua4Qvz8Icb6MYqhoq9xLXw\"]},{\"@type\":\"Person\",\"@id\":\"https:\\\/\\\/informelitoral.com.ar\\\/#\\\/schema\\\/person\\\/f05f9f461677119578717524b127d6d5\",\"name\":\"Sebastian\",\"image\":{\"@type\":\"ImageObject\",\"inLanguage\":\"es\",\"@id\":\"https:\\\/\\\/secure.gravatar.com\\\/avatar\\\/b71bf7481d447dfb9583c7f2798e7cc64de6efb9067b74633ed8c31059a3bd82?s=96&d=mm&r=g\",\"url\":\"https:\\\/\\\/secure.gravatar.com\\\/avatar\\\/b71bf7481d447dfb9583c7f2798e7cc64de6efb9067b74633ed8c31059a3bd82?s=96&d=mm&r=g\",\"contentUrl\":\"https:\\\/\\\/secure.gravatar.com\\\/avatar\\\/b71bf7481d447dfb9583c7f2798e7cc64de6efb9067b74633ed8c31059a3bd82?s=96&d=mm&r=g\",\"caption\":\"Sebastian\"},\"url\":\"https:\\\/\\\/informelitoral.com.ar\\\/author\\\/sebastian\\\/\"}]}<\/script>","yoast_head_json":{"title":"Vacunaci\u00f3n contra el Covid-19: m\u00e1s paranaenses reciben sus dosis de refuerzo - Informe Litoral","robots":{"index":"index","follow":"follow","max-snippet":"max-snippet:-1","max-image-preview":"max-image-preview:large","max-video-preview":"max-video-preview:-1"},"canonical":"https:\/\/informelitoral.com.ar\/vacunacion-contra-el-covid-19-mas-paranaenses-reciben-sus-dosis-de-refuerzo\/","og_locale":"es_ES","og_type":"article","og_title":"Vacunaci\u00f3n contra el Covid-19: m\u00e1s paranaenses reciben sus dosis de refuerzo - Informe Litoral","og_description":"Para este martes en el Complejo Escuela Hogar estaba prevista a aplicaci\u00f3n de los componentes de Astrazeneca a aquellas personas que recibieron su segunda dosis hace cinco meses. Seg\u00fan los testimonios.","og_url":"https:\/\/informelitoral.com.ar\/vacunacion-contra-el-covid-19-mas-paranaenses-reciben-sus-dosis-de-refuerzo\/","og_site_name":"Informe Litoral","article_publisher":"https:\/\/www.facebook.com\/informelitoral\/","article_published_time":"2021-12-28T15:13:19+00:00","og_image":[{"width":900,"height":518,"url":"https:\/\/informelitoral.com.ar\/%77%70%2d%63%6f%6e%74%65%6e%74\/uploads\/2021\/12\/1140-vaccine-line-esp.imgcache.rev_.web_.900.518.jpg","type":"image\/jpeg"}],"author":"Sebastian","twitter_card":"summary_large_image","twitter_creator":"@InformeLitoral","twitter_site":"@InformeLitoral","twitter_misc":{"Escrito por":"Sebastian","Tiempo de lectura":"2 minutos"},"schema":{"@context":"https:\/\/schema.org","@graph":[{"@type":"Article","@id":"https:\/\/informelitoral.com.ar\/vacunacion-contra-el-covid-19-mas-paranaenses-reciben-sus-dosis-de-refuerzo\/#article","isPartOf":{"@id":"https:\/\/informelitoral.com.ar\/vacunacion-contra-el-covid-19-mas-paranaenses-reciben-sus-dosis-de-refuerzo\/"},"author":{"name":"Sebastian","@id":"https:\/\/informelitoral.com.ar\/#\/schema\/person\/f05f9f461677119578717524b127d6d5"},"headline":"Vacunaci\u00f3n contra el Covid-19: m\u00e1s paranaenses reciben sus dosis de refuerzo","datePublished":"2021-12-28T15:13:19+00:00","mainEntityOfPage":{"@id":"https:\/\/informelitoral.com.ar\/vacunacion-contra-el-covid-19-mas-paranaenses-reciben-sus-dosis-de-refuerzo\/"},"wordCount":356,"commentCount":0,"publisher":{"@id":"https:\/\/informelitoral.com.ar\/#organization"},"image":{"@id":"https:\/\/informelitoral.com.ar\/vacunacion-contra-el-covid-19-mas-paranaenses-reciben-sus-dosis-de-refuerzo\/#primaryimage"},"thumbnailUrl":"https:\/\/informelitoral.com.ar\/%77%70%2d%63%6f%6e%74%65%6e%74\/uploads\/2021\/12\/1140-vaccine-line-esp.imgcache.rev_.web_.900.518.jpg","keywords":["COVID-19","Entre R\u00edos","Paran\u00e1","Vacunaci\u00f3n"],"articleSection":["Entre R\u00edos","Salud"],"inLanguage":"es","potentialAction":[{"@type":"CommentAction","name":"Comment","target":["https:\/\/informelitoral.com.ar\/vacunacion-contra-el-covid-19-mas-paranaenses-reciben-sus-dosis-de-refuerzo\/#respond"]}]},{"@type":"WebPage","@id":"https:\/\/informelitoral.com.ar\/vacunacion-contra-el-covid-19-mas-paranaenses-reciben-sus-dosis-de-refuerzo\/","url":"https:\/\/informelitoral.com.ar\/vacunacion-contra-el-covid-19-mas-paranaenses-reciben-sus-dosis-de-refuerzo\/","name":"Vacunaci\u00f3n contra el Covid-19: m\u00e1s paranaenses reciben sus dosis de refuerzo - Informe Litoral","isPartOf":{"@id":"https:\/\/informelitoral.com.ar\/#website"},"primaryImageOfPage":{"@id":"https:\/\/informelitoral.com.ar\/vacunacion-contra-el-covid-19-mas-paranaenses-reciben-sus-dosis-de-refuerzo\/#primaryimage"},"image":{"@id":"https:\/\/informelitoral.com.ar\/vacunacion-contra-el-covid-19-mas-paranaenses-reciben-sus-dosis-de-refuerzo\/#primaryimage"},"thumbnailUrl":"https:\/\/informelitoral.com.ar\/%77%70%2d%63%6f%6e%74%65%6e%74\/uploads\/2021\/12\/1140-vaccine-line-esp.imgcache.rev_.web_.900.518.jpg","datePublished":"2021-12-28T15:13:19+00:00","breadcrumb":{"@id":"https:\/\/informelitoral.com.ar\/vacunacion-contra-el-covid-19-mas-paranaenses-reciben-sus-dosis-de-refuerzo\/#breadcrumb"},"inLanguage":"es","potentialAction":[{"@type":"ReadAction","target":["https:\/\/informelitoral.com.ar\/vacunacion-contra-el-covid-19-mas-paranaenses-reciben-sus-dosis-de-refuerzo\/"]}]},{"@type":"ImageObject","inLanguage":"es","@id":"https:\/\/informelitoral.com.ar\/vacunacion-contra-el-covid-19-mas-paranaenses-reciben-sus-dosis-de-refuerzo\/#primaryimage","url":"https:\/\/informelitoral.com.ar\/%77%70%2d%63%6f%6e%74%65%6e%74\/uploads\/2021\/12\/1140-vaccine-line-esp.imgcache.rev_.web_.900.518.jpg","contentUrl":"https:\/\/informelitoral.com.ar\/%77%70%2d%63%6f%6e%74%65%6e%74\/uploads\/2021\/12\/1140-vaccine-line-esp.imgcache.rev_.web_.900.518.jpg","width":900,"height":518},{"@type":"BreadcrumbList","@id":"https:\/\/informelitoral.com.ar\/vacunacion-contra-el-covid-19-mas-paranaenses-reciben-sus-dosis-de-refuerzo\/#breadcrumb","itemListElement":[{"@type":"ListItem","position":1,"name":"Portada","item":"https:\/\/informelitoral.com.ar\/"},{"@type":"ListItem","position":2,"name":"Vacunaci\u00f3n contra el Covid-19: m\u00e1s paranaenses reciben sus dosis de refuerzo"}]},{"@type":"WebSite","@id":"https:\/\/informelitoral.com.ar\/#website","url":"https:\/\/informelitoral.com.ar\/","name":"Informe Litoral","description":"&quot;Nos informamos&quot; ","publisher":{"@id":"https:\/\/informelitoral.com.ar\/#organization"},"potentialAction":[{"@type":"SearchAction","target":{"@type":"EntryPoint","urlTemplate":"https:\/\/informelitoral.com.ar\/?s={search_term_string}"},"query-input":{"@type":"PropertyValueSpecification","valueRequired":true,"valueName":"search_term_string"}}],"inLanguage":"es"},{"@type":"Organization","@id":"https:\/\/informelitoral.com.ar\/#organization","name":"Informe Litoral","url":"https:\/\/informelitoral.com.ar\/","logo":{"@type":"ImageObject","inLanguage":"es","@id":"https:\/\/informelitoral.com.ar\/#\/schema\/logo\/image\/","url":"https:\/\/informelitoral.com.ar\/%77%70%2d%63%6f%6e%74%65%6e%74\/uploads\/2021\/01\/circulo.png","contentUrl":"https:\/\/informelitoral.com.ar\/%77%70%2d%63%6f%6e%74%65%6e%74\/uploads\/2021\/01\/circulo.png","width":723,"height":731,"caption":"Informe Litoral"},"image":{"@id":"https:\/\/informelitoral.com.ar\/#\/schema\/logo\/image\/"},"sameAs":["https:\/\/www.facebook.com\/informelitoral\/","https:\/\/x.com\/InformeLitoral","https:\/\/www.instagram.com\/informelitoral\/","https:\/\/www.youtube.com\/channel\/UCua4Qvz8Icb6MYqhoq9xLXw"]},{"@type":"Person","@id":"https:\/\/informelitoral.com.ar\/#\/schema\/person\/f05f9f461677119578717524b127d6d5","name":"Sebastian","image":{"@type":"ImageObject","inLanguage":"es","@id":"https:\/\/secure.gravatar.com\/avatar\/b71bf7481d447dfb9583c7f2798e7cc64de6efb9067b74633ed8c31059a3bd82?s=96&d=mm&r=g","url":"https:\/\/secure.gravatar.com\/avatar\/b71bf7481d447dfb9583c7f2798e7cc64de6efb9067b74633ed8c31059a3bd82?s=96&d=mm&r=g","contentUrl":"https:\/\/secure.gravatar.com\/avatar\/b71bf7481d447dfb9583c7f2798e7cc64de6efb9067b74633ed8c31059a3bd82?s=96&d=mm&r=g","caption":"Sebastian"},"url":"https:\/\/informelitoral.com.ar\/author\/sebastian\/"}]}},"_links":{"self":[{"href":"https:\/\/informelitoral.com.ar\/%77%70%2d%6a%73%6f%6e\/wp\/v2\/posts\/69449","targetHints":{"allow":["GET"]}}],"collection":[{"href":"https:\/\/informelitoral.com.ar\/%77%70%2d%6a%73%6f%6e\/wp\/v2\/posts"}],"about":[{"href":"https:\/\/informelitoral.com.ar\/%77%70%2d%6a%73%6f%6e\/wp\/v2\/types\/post"}],"author":[{"embeddable":true,"href":"https:\/\/informelitoral.com.ar\/%77%70%2d%6a%73%6f%6e\/wp\/v2\/users\/8"}],"replies":[{"embeddable":true,"href":"https:\/\/informelitoral.com.ar\/%77%70%2d%6a%73%6f%6e\/wp\/v2\/comments?post=69449"}],"version-history":[{"count":0,"href":"https:\/\/informelitoral.com.ar\/%77%70%2d%6a%73%6f%6e\/wp\/v2\/posts\/69449\/revisions"}],"wp:featuredmedia":[{"embeddable":true,"href":"https:\/\/informelitoral.com.ar\/%77%70%2d%6a%73%6f%6e\/wp\/v2\/media\/69450"}],"wp:attachment":[{"href":"https:\/\/informelitoral.com.ar\/%77%70%2d%6a%73%6f%6e\/wp\/v2\/media?parent=69449"}],"wp:term":[{"taxonomy":"category","embeddable":true,"href":"https:\/\/informelitoral.com.ar\/%77%70%2d%6a%73%6f%6e\/wp\/v2\/categories?post=69449"},{"taxonomy":"post_tag","embeddable":true,"href":"https:\/\/informelitoral.com.ar\/%77%70%2d%6a%73%6f%6e\/wp\/v2\/tags?post=69449"}],"curies":[{"name":"wp","href":"https:\/\/api.w.org\/{rel}","templated":true}]}}