{"id":69440,"date":"2021-12-28T08:40:29","date_gmt":"2021-12-28T11:40:29","guid":{"rendered":"https:\/\/www.informelitoral.com.ar\/?p=69440"},"modified":"2021-12-28T11:52:50","modified_gmt":"2021-12-28T14:52:50","slug":"por-el-acuerdo-que-firmo-con-alberto-suarez-suspendio-la-demanda-a-la-nacion-por-18-000-millones","status":"publish","type":"post","link":"https:\/\/informelitoral.com.ar\/por-el-acuerdo-que-firmo-con-alberto-suarez-suspendio-la-demanda-a-la-nacion-por-18-000-millones\/","title":{"rendered":"Por el acuerdo que firm\u00f3 con Alberto, Suarez suspendi\u00f3 la demanda a la Naci\u00f3n por $18.000 millones"},"content":{"rendered":"<p>El Ministerio de Hacienda\u00a0hab\u00eda anunciado en octubre una demanda judicial a la Naci\u00f3n\u00a0para pedir\u00a0<strong>resarcimiento por 18 mil millones de pesos.<\/strong>\u00a0Sin embargo,<strong>\u00a0tras el acuerdo fiscal que firm\u00f3 el gobernador\u00a0Rodolfo Suarez\u00a0este lunes, esa posibilidad qued\u00f3 totalmente descartada para el pr\u00f3ximo a\u00f1o.<\/strong><\/p>\n<article class=\"article-body\">\n<div class=\"article-content\">\n<div class=\"cuerpo\" data-twitter-link=\"\">\n<p>Lo confirm\u00f3<strong>\u00a0V\u00edctor Fayad<\/strong>, el titular de esa cartera, a Diario UNO. \u201cNo podemos iniciar ning\u00fan proceso,\u00a0<strong>pero mientras tanto, podemos preparar el reclamo y presentarlo por otras v\u00edas\u201d<\/strong>, explic\u00f3, ampar\u00e1ndose en una de las secciones que tiene el nuevo pacto.<\/p>\n<p>Esos caminos por los que podr\u00eda avanzar el pedido a\u00fan no toman forma en Casa de Gobierno, aunque aseguran que es uno de los puntos en los que se trabaja desde que asumi\u00f3 la nueva gesti\u00f3n, y que<strong>\u00a0la firma de Suarez no cambiar\u00e1 esa din\u00e1mica.<\/strong><\/p>\n<p>El reclamo tiene varias aristas, una de ellas es la actualizaci\u00f3n del monto.\u00a0<strong>Los 18 mil millones de pesos que exige la provincia podr\u00edan variar de aqu\u00ed a doce meses, dependiendo de qu\u00e9 criterios aplique Naci\u00f3n a la hora de transferir fondos discrecionales.\u00a0<\/strong>Hasta este momento,\u00a0<strong>Mendoza est\u00e1 en los \u00faltimos puestos del pa\u00eds<\/strong>, con la mitad de las percepciones que el promedio.<\/p>\n<p>Habr\u00e1 un a\u00f1o para analizar la forma y<strong>\u00a0si es que efectivamente se puede proseguir con el reclamo.<\/strong>\u00a0Lo que dice el texto es que ni las provincias ni la Ciudad de Buenos Aires pueden iniciar procesos judiciales por ese tiempo y que, adem\u00e1s,\u00a0<strong>deben suspender los ya iniciados.<\/strong><\/p>\n<p>Esto compete a todo proceso jur\u00eddico que tenga que ver con fondos y transferencias previos a la sanci\u00f3n del consenso, con lo cual\u00a0<strong>Mendoza queda absolutamente imposibilitad de avanzar en ese sentido, al menos, hasta el 1 de enero de 2023.<\/strong><\/p>\n<p>\u201cDe cualquier manera, son procesos muy largos los de este tipo de quejas,<strong>\u00a0esperar un a\u00f1o no era motivo suficiente para que la provincia no se sumara al pacto. Seguimos analizando la estrategia, no es un reclamo sencillo\u201d<\/strong>, explic\u00f3 el Fayad.<\/p>\n<h3>Mendoza percibe casi una d\u00e9cima parte que otras provincias<\/h3>\n<p>\u201cHoy nos instruy\u00f3 el Gobernador para buscar los antecedentes y seguir los pasos que correspondan para reclamar formalmente\u201d. Con esa frase, el ex Ministro de Hacienda<strong>\u00a0Lisandro Nieri anunciaba el inicio de la demanda hace exactamente dos meses, en previo per\u00edodo de elecciones.<\/strong><\/p>\n<p>Desde Mendoza aseguran que,\u00a0<strong>mientras La Rioja, por ejemplo, percibi\u00f3 66 mil pesos por habitante durante enero del 2020 y septiembre del 2021, en nuestra provincia la recepci\u00f3n fue de 8 mil pesos por persona. Un mendocino recibi\u00f3 el 12% de lo que mereci\u00f3 cada ciudadano riojano, seg\u00fan esa cuenta.<\/strong><\/p>\n<p>Sin embargo,\u00a0<strong>el criterio utilizado para la demanda fue el promedio general por habitante:<\/strong>\u00a017 mil millones de pesos. \u201cPerdimos $9 mil por cada mendocino. Como somos 2 millones,\u00a0<strong>el total es $18 mil millones s\u00f3lo por estos 20 meses<\/strong>\u201d, hab\u00eda especificado el Nieri, hoy en la C\u00e1mara de Diputados de la Naci\u00f3n.<\/p>\n<p>Ahora, ese reclamo deber\u00e1 esperar por m\u00e1s de un a\u00f1o y t<strong>ampoco es seguro que termine avanzando concretamente luego de esa fecha.<\/strong><\/p>\n<\/div>\n<\/div>\n<\/article>\n<div class=\"banner-libre\">\n<div id=\"www.diariouno.com.ar\/Notas\/Notas_728x90_contenido_A\" class=\"ad-slot\" data-adtype=\"firstInContent\" data-adzonerun=\"1\" data-google-query-id=\"COePyqbbhvUCFTUvuQYdZP4M-g\"><\/div>\n<\/div>\n","protected":false},"excerpt":{"rendered":"<p>La letra chica del Consenso Fiscal establece que las provincias firmantes no pueden iniciar ning\u00fan proceso judicial contra la Naci\u00f3n hasta 2023. Igualmente Mendoza analiza otra estrategia para no desistir del reclamo.<\/p>\n","protected":false},"author":8,"featured_media":69441,"comment_status":"open","ping_status":"open","sticky":false,"template":"","format":"standard","meta":{"fifu_image_url":"","fifu_image_alt":"","footnotes":""},"categories":[16],"tags":[1311,2727],"class_list":{"0":"post-69440","1":"post","2":"type-post","3":"status-publish","4":"format-standard","5":"has-post-thumbnail","7":"category-politi","8":"tag-alberto-fernandez","9":"tag-victor-fayad"},"yoast_head":"<title>Por el acuerdo que firm\u00f3 con Alberto, Suarez suspendi\u00f3 la demanda a la Naci\u00f3n por $18.000 millones - Informe Litoral<\/title>\n<meta name=\"robots\" content=\"index, follow, max-snippet:-1, max-image-preview:large, max-video-preview:-1\" \/>\n<link rel=\"canonical\" href=\"https:\/\/informelitoral.com.ar\/por-el-acuerdo-que-firmo-con-alberto-suarez-suspendio-la-demanda-a-la-nacion-por-18-000-millones\/\" \/>\n<meta property=\"og:locale\" content=\"es_ES\" \/>\n<meta property=\"og:type\" content=\"article\" \/>\n<meta property=\"og:title\" content=\"Por el acuerdo que firm\u00f3 con Alberto, Suarez suspendi\u00f3 la demanda a la Naci\u00f3n por $18.000 millones - Informe Litoral\" \/>\n<meta property=\"og:description\" content=\"La letra chica del Consenso Fiscal establece que las provincias firmantes no pueden iniciar ning\u00fan proceso judicial contra la Naci\u00f3n hasta 2023. Igualmente Mendoza analiza otra estrategia para no desistir del reclamo.\" \/>\n<meta property=\"og:url\" content=\"https:\/\/informelitoral.com.ar\/por-el-acuerdo-que-firmo-con-alberto-suarez-suspendio-la-demanda-a-la-nacion-por-18-000-millones\/\" \/>\n<meta property=\"og:site_name\" content=\"Informe Litoral\" \/>\n<meta property=\"article:publisher\" content=\"https:\/\/www.facebook.com\/informelitoral\/\" \/>\n<meta property=\"article:published_time\" content=\"2021-12-28T11:40:29+00:00\" \/>\n<meta property=\"article:modified_time\" content=\"2021-12-28T14:52:50+00:00\" \/>\n<meta property=\"og:image\" content=\"https:\/\/informelitoral.com.ar\/%77%70%2d%63%6f%6e%74%65%6e%74\/uploads\/2021\/12\/victor-fayad-el-pequejpg.jpg\" \/>\n\t<meta property=\"og:image:width\" content=\"1017\" \/>\n\t<meta property=\"og:image:height\" content=\"675\" \/>\n\t<meta property=\"og:image:type\" content=\"image\/jpeg\" \/>\n<meta name=\"author\" content=\"Sebastian\" \/>\n<meta name=\"twitter:card\" content=\"summary_large_image\" \/>\n<meta name=\"twitter:creator\" content=\"@InformeLitoral\" \/>\n<meta name=\"twitter:site\" content=\"@InformeLitoral\" \/>\n<meta name=\"twitter:label1\" content=\"Escrito por\" \/>\n\t<meta name=\"twitter:data1\" content=\"Sebastian\" \/>\n\t<meta name=\"twitter:label2\" content=\"Tiempo de lectura\" \/>\n\t<meta name=\"twitter:data2\" content=\"3 minutos\" \/>\n<script type=\"application\/ld+json\" class=\"yoast-schema-graph\">{\"@context\":\"https:\\\/\\\/schema.org\",\"@graph\":[{\"@type\":\"Article\",\"@id\":\"https:\\\/\\\/informelitoral.com.ar\\\/por-el-acuerdo-que-firmo-con-alberto-suarez-suspendio-la-demanda-a-la-nacion-por-18-000-millones\\\/#article\",\"isPartOf\":{\"@id\":\"https:\\\/\\\/informelitoral.com.ar\\\/por-el-acuerdo-que-firmo-con-alberto-suarez-suspendio-la-demanda-a-la-nacion-por-18-000-millones\\\/\"},\"author\":{\"name\":\"Sebastian\",\"@id\":\"https:\\\/\\\/informelitoral.com.ar\\\/#\\\/schema\\\/person\\\/f05f9f461677119578717524b127d6d5\"},\"headline\":\"Por el acuerdo que firm\u00f3 con Alberto, Suarez suspendi\u00f3 la demanda a la Naci\u00f3n por $18.000 millones\",\"datePublished\":\"2021-12-28T11:40:29+00:00\",\"dateModified\":\"2021-12-28T14:52:50+00:00\",\"mainEntityOfPage\":{\"@id\":\"https:\\\/\\\/informelitoral.com.ar\\\/por-el-acuerdo-que-firmo-con-alberto-suarez-suspendio-la-demanda-a-la-nacion-por-18-000-millones\\\/\"},\"wordCount\":538,\"commentCount\":0,\"publisher\":{\"@id\":\"https:\\\/\\\/informelitoral.com.ar\\\/#organization\"},\"image\":{\"@id\":\"https:\\\/\\\/informelitoral.com.ar\\\/por-el-acuerdo-que-firmo-con-alberto-suarez-suspendio-la-demanda-a-la-nacion-por-18-000-millones\\\/#primaryimage\"},\"thumbnailUrl\":\"https:\\\/\\\/informelitoral.com.ar\\\/%77%70%2d%63%6f%6e%74%65%6e%74\\\/uploads\\\/2021\\\/12\\\/victor-fayad-el-pequejpg.jpg\",\"keywords\":[\"Alberto Fern\u00e1ndez\",\"V\u00edctor Fayad\"],\"articleSection\":[\"Politica\"],\"inLanguage\":\"es\",\"potentialAction\":[{\"@type\":\"CommentAction\",\"name\":\"Comment\",\"target\":[\"https:\\\/\\\/informelitoral.com.ar\\\/por-el-acuerdo-que-firmo-con-alberto-suarez-suspendio-la-demanda-a-la-nacion-por-18-000-millones\\\/#respond\"]}]},{\"@type\":\"WebPage\",\"@id\":\"https:\\\/\\\/informelitoral.com.ar\\\/por-el-acuerdo-que-firmo-con-alberto-suarez-suspendio-la-demanda-a-la-nacion-por-18-000-millones\\\/\",\"url\":\"https:\\\/\\\/informelitoral.com.ar\\\/por-el-acuerdo-que-firmo-con-alberto-suarez-suspendio-la-demanda-a-la-nacion-por-18-000-millones\\\/\",\"name\":\"Por el acuerdo que firm\u00f3 con Alberto, Suarez suspendi\u00f3 la demanda a la Naci\u00f3n por $18.000 millones - Informe Litoral\",\"isPartOf\":{\"@id\":\"https:\\\/\\\/informelitoral.com.ar\\\/#website\"},\"primaryImageOfPage\":{\"@id\":\"https:\\\/\\\/informelitoral.com.ar\\\/por-el-acuerdo-que-firmo-con-alberto-suarez-suspendio-la-demanda-a-la-nacion-por-18-000-millones\\\/#primaryimage\"},\"image\":{\"@id\":\"https:\\\/\\\/informelitoral.com.ar\\\/por-el-acuerdo-que-firmo-con-alberto-suarez-suspendio-la-demanda-a-la-nacion-por-18-000-millones\\\/#primaryimage\"},\"thumbnailUrl\":\"https:\\\/\\\/informelitoral.com.ar\\\/%77%70%2d%63%6f%6e%74%65%6e%74\\\/uploads\\\/2021\\\/12\\\/victor-fayad-el-pequejpg.jpg\",\"datePublished\":\"2021-12-28T11:40:29+00:00\",\"dateModified\":\"2021-12-28T14:52:50+00:00\",\"breadcrumb\":{\"@id\":\"https:\\\/\\\/informelitoral.com.ar\\\/por-el-acuerdo-que-firmo-con-alberto-suarez-suspendio-la-demanda-a-la-nacion-por-18-000-millones\\\/#breadcrumb\"},\"inLanguage\":\"es\",\"potentialAction\":[{\"@type\":\"ReadAction\",\"target\":[\"https:\\\/\\\/informelitoral.com.ar\\\/por-el-acuerdo-que-firmo-con-alberto-suarez-suspendio-la-demanda-a-la-nacion-por-18-000-millones\\\/\"]}]},{\"@type\":\"ImageObject\",\"inLanguage\":\"es\",\"@id\":\"https:\\\/\\\/informelitoral.com.ar\\\/por-el-acuerdo-que-firmo-con-alberto-suarez-suspendio-la-demanda-a-la-nacion-por-18-000-millones\\\/#primaryimage\",\"url\":\"https:\\\/\\\/informelitoral.com.ar\\\/%77%70%2d%63%6f%6e%74%65%6e%74\\\/uploads\\\/2021\\\/12\\\/victor-fayad-el-pequejpg.jpg\",\"contentUrl\":\"https:\\\/\\\/informelitoral.com.ar\\\/%77%70%2d%63%6f%6e%74%65%6e%74\\\/uploads\\\/2021\\\/12\\\/victor-fayad-el-pequejpg.jpg\",\"width\":1017,\"height\":675},{\"@type\":\"BreadcrumbList\",\"@id\":\"https:\\\/\\\/informelitoral.com.ar\\\/por-el-acuerdo-que-firmo-con-alberto-suarez-suspendio-la-demanda-a-la-nacion-por-18-000-millones\\\/#breadcrumb\",\"itemListElement\":[{\"@type\":\"ListItem\",\"position\":1,\"name\":\"Portada\",\"item\":\"https:\\\/\\\/informelitoral.com.ar\\\/\"},{\"@type\":\"ListItem\",\"position\":2,\"name\":\"Por el acuerdo que firm\u00f3 con Alberto, Suarez suspendi\u00f3 la demanda a la Naci\u00f3n por $18.000 millones\"}]},{\"@type\":\"WebSite\",\"@id\":\"https:\\\/\\\/informelitoral.com.ar\\\/#website\",\"url\":\"https:\\\/\\\/informelitoral.com.ar\\\/\",\"name\":\"Informe Litoral\",\"description\":\"&quot;Nos informamos&quot; \",\"publisher\":{\"@id\":\"https:\\\/\\\/informelitoral.com.ar\\\/#organization\"},\"potentialAction\":[{\"@type\":\"SearchAction\",\"target\":{\"@type\":\"EntryPoint\",\"urlTemplate\":\"https:\\\/\\\/informelitoral.com.ar\\\/?s={search_term_string}\"},\"query-input\":{\"@type\":\"PropertyValueSpecification\",\"valueRequired\":true,\"valueName\":\"search_term_string\"}}],\"inLanguage\":\"es\"},{\"@type\":\"Organization\",\"@id\":\"https:\\\/\\\/informelitoral.com.ar\\\/#organization\",\"name\":\"Informe Litoral\",\"url\":\"https:\\\/\\\/informelitoral.com.ar\\\/\",\"logo\":{\"@type\":\"ImageObject\",\"inLanguage\":\"es\",\"@id\":\"https:\\\/\\\/informelitoral.com.ar\\\/#\\\/schema\\\/logo\\\/image\\\/\",\"url\":\"https:\\\/\\\/informelitoral.com.ar\\\/%77%70%2d%63%6f%6e%74%65%6e%74\\\/uploads\\\/2021\\\/01\\\/circulo.png\",\"contentUrl\":\"https:\\\/\\\/informelitoral.com.ar\\\/%77%70%2d%63%6f%6e%74%65%6e%74\\\/uploads\\\/2021\\\/01\\\/circulo.png\",\"width\":723,\"height\":731,\"caption\":\"Informe Litoral\"},\"image\":{\"@id\":\"https:\\\/\\\/informelitoral.com.ar\\\/#\\\/schema\\\/logo\\\/image\\\/\"},\"sameAs\":[\"https:\\\/\\\/www.facebook.com\\\/informelitoral\\\/\",\"https:\\\/\\\/x.com\\\/InformeLitoral\",\"https:\\\/\\\/www.instagram.com\\\/informelitoral\\\/\",\"https:\\\/\\\/www.youtube.com\\\/channel\\\/UCua4Qvz8Icb6MYqhoq9xLXw\"]},{\"@type\":\"Person\",\"@id\":\"https:\\\/\\\/informelitoral.com.ar\\\/#\\\/schema\\\/person\\\/f05f9f461677119578717524b127d6d5\",\"name\":\"Sebastian\",\"image\":{\"@type\":\"ImageObject\",\"inLanguage\":\"es\",\"@id\":\"https:\\\/\\\/secure.gravatar.com\\\/avatar\\\/b71bf7481d447dfb9583c7f2798e7cc64de6efb9067b74633ed8c31059a3bd82?s=96&d=mm&r=g\",\"url\":\"https:\\\/\\\/secure.gravatar.com\\\/avatar\\\/b71bf7481d447dfb9583c7f2798e7cc64de6efb9067b74633ed8c31059a3bd82?s=96&d=mm&r=g\",\"contentUrl\":\"https:\\\/\\\/secure.gravatar.com\\\/avatar\\\/b71bf7481d447dfb9583c7f2798e7cc64de6efb9067b74633ed8c31059a3bd82?s=96&d=mm&r=g\",\"caption\":\"Sebastian\"},\"url\":\"https:\\\/\\\/informelitoral.com.ar\\\/author\\\/sebastian\\\/\"}]}<\/script>","yoast_head_json":{"title":"Por el acuerdo que firm\u00f3 con Alberto, Suarez suspendi\u00f3 la demanda a la Naci\u00f3n por $18.000 millones - Informe Litoral","robots":{"index":"index","follow":"follow","max-snippet":"max-snippet:-1","max-image-preview":"max-image-preview:large","max-video-preview":"max-video-preview:-1"},"canonical":"https:\/\/informelitoral.com.ar\/por-el-acuerdo-que-firmo-con-alberto-suarez-suspendio-la-demanda-a-la-nacion-por-18-000-millones\/","og_locale":"es_ES","og_type":"article","og_title":"Por el acuerdo que firm\u00f3 con Alberto, Suarez suspendi\u00f3 la demanda a la Naci\u00f3n por $18.000 millones - Informe Litoral","og_description":"La letra chica del Consenso Fiscal establece que las provincias firmantes no pueden iniciar ning\u00fan proceso judicial contra la Naci\u00f3n hasta 2023. Igualmente Mendoza analiza otra estrategia para no desistir del reclamo.","og_url":"https:\/\/informelitoral.com.ar\/por-el-acuerdo-que-firmo-con-alberto-suarez-suspendio-la-demanda-a-la-nacion-por-18-000-millones\/","og_site_name":"Informe Litoral","article_publisher":"https:\/\/www.facebook.com\/informelitoral\/","article_published_time":"2021-12-28T11:40:29+00:00","article_modified_time":"2021-12-28T14:52:50+00:00","og_image":[{"width":1017,"height":675,"url":"https:\/\/informelitoral.com.ar\/%77%70%2d%63%6f%6e%74%65%6e%74\/uploads\/2021\/12\/victor-fayad-el-pequejpg.jpg","type":"image\/jpeg"}],"author":"Sebastian","twitter_card":"summary_large_image","twitter_creator":"@InformeLitoral","twitter_site":"@InformeLitoral","twitter_misc":{"Escrito por":"Sebastian","Tiempo de lectura":"3 minutos"},"schema":{"@context":"https:\/\/schema.org","@graph":[{"@type":"Article","@id":"https:\/\/informelitoral.com.ar\/por-el-acuerdo-que-firmo-con-alberto-suarez-suspendio-la-demanda-a-la-nacion-por-18-000-millones\/#article","isPartOf":{"@id":"https:\/\/informelitoral.com.ar\/por-el-acuerdo-que-firmo-con-alberto-suarez-suspendio-la-demanda-a-la-nacion-por-18-000-millones\/"},"author":{"name":"Sebastian","@id":"https:\/\/informelitoral.com.ar\/#\/schema\/person\/f05f9f461677119578717524b127d6d5"},"headline":"Por el acuerdo que firm\u00f3 con Alberto, Suarez suspendi\u00f3 la demanda a la Naci\u00f3n por $18.000 millones","datePublished":"2021-12-28T11:40:29+00:00","dateModified":"2021-12-28T14:52:50+00:00","mainEntityOfPage":{"@id":"https:\/\/informelitoral.com.ar\/por-el-acuerdo-que-firmo-con-alberto-suarez-suspendio-la-demanda-a-la-nacion-por-18-000-millones\/"},"wordCount":538,"commentCount":0,"publisher":{"@id":"https:\/\/informelitoral.com.ar\/#organization"},"image":{"@id":"https:\/\/informelitoral.com.ar\/por-el-acuerdo-que-firmo-con-alberto-suarez-suspendio-la-demanda-a-la-nacion-por-18-000-millones\/#primaryimage"},"thumbnailUrl":"https:\/\/informelitoral.com.ar\/%77%70%2d%63%6f%6e%74%65%6e%74\/uploads\/2021\/12\/victor-fayad-el-pequejpg.jpg","keywords":["Alberto Fern\u00e1ndez","V\u00edctor Fayad"],"articleSection":["Politica"],"inLanguage":"es","potentialAction":[{"@type":"CommentAction","name":"Comment","target":["https:\/\/informelitoral.com.ar\/por-el-acuerdo-que-firmo-con-alberto-suarez-suspendio-la-demanda-a-la-nacion-por-18-000-millones\/#respond"]}]},{"@type":"WebPage","@id":"https:\/\/informelitoral.com.ar\/por-el-acuerdo-que-firmo-con-alberto-suarez-suspendio-la-demanda-a-la-nacion-por-18-000-millones\/","url":"https:\/\/informelitoral.com.ar\/por-el-acuerdo-que-firmo-con-alberto-suarez-suspendio-la-demanda-a-la-nacion-por-18-000-millones\/","name":"Por el acuerdo que firm\u00f3 con Alberto, Suarez suspendi\u00f3 la demanda a la Naci\u00f3n por $18.000 millones - Informe Litoral","isPartOf":{"@id":"https:\/\/informelitoral.com.ar\/#website"},"primaryImageOfPage":{"@id":"https:\/\/informelitoral.com.ar\/por-el-acuerdo-que-firmo-con-alberto-suarez-suspendio-la-demanda-a-la-nacion-por-18-000-millones\/#primaryimage"},"image":{"@id":"https:\/\/informelitoral.com.ar\/por-el-acuerdo-que-firmo-con-alberto-suarez-suspendio-la-demanda-a-la-nacion-por-18-000-millones\/#primaryimage"},"thumbnailUrl":"https:\/\/informelitoral.com.ar\/%77%70%2d%63%6f%6e%74%65%6e%74\/uploads\/2021\/12\/victor-fayad-el-pequejpg.jpg","datePublished":"2021-12-28T11:40:29+00:00","dateModified":"2021-12-28T14:52:50+00:00","breadcrumb":{"@id":"https:\/\/informelitoral.com.ar\/por-el-acuerdo-que-firmo-con-alberto-suarez-suspendio-la-demanda-a-la-nacion-por-18-000-millones\/#breadcrumb"},"inLanguage":"es","potentialAction":[{"@type":"ReadAction","target":["https:\/\/informelitoral.com.ar\/por-el-acuerdo-que-firmo-con-alberto-suarez-suspendio-la-demanda-a-la-nacion-por-18-000-millones\/"]}]},{"@type":"ImageObject","inLanguage":"es","@id":"https:\/\/informelitoral.com.ar\/por-el-acuerdo-que-firmo-con-alberto-suarez-suspendio-la-demanda-a-la-nacion-por-18-000-millones\/#primaryimage","url":"https:\/\/informelitoral.com.ar\/%77%70%2d%63%6f%6e%74%65%6e%74\/uploads\/2021\/12\/victor-fayad-el-pequejpg.jpg","contentUrl":"https:\/\/informelitoral.com.ar\/%77%70%2d%63%6f%6e%74%65%6e%74\/uploads\/2021\/12\/victor-fayad-el-pequejpg.jpg","width":1017,"height":675},{"@type":"BreadcrumbList","@id":"https:\/\/informelitoral.com.ar\/por-el-acuerdo-que-firmo-con-alberto-suarez-suspendio-la-demanda-a-la-nacion-por-18-000-millones\/#breadcrumb","itemListElement":[{"@type":"ListItem","position":1,"name":"Portada","item":"https:\/\/informelitoral.com.ar\/"},{"@type":"ListItem","position":2,"name":"Por el acuerdo que firm\u00f3 con Alberto, Suarez suspendi\u00f3 la demanda a la Naci\u00f3n por $18.000 millones"}]},{"@type":"WebSite","@id":"https:\/\/informelitoral.com.ar\/#website","url":"https:\/\/informelitoral.com.ar\/","name":"Informe Litoral","description":"&quot;Nos informamos&quot; ","publisher":{"@id":"https:\/\/informelitoral.com.ar\/#organization"},"potentialAction":[{"@type":"SearchAction","target":{"@type":"EntryPoint","urlTemplate":"https:\/\/informelitoral.com.ar\/?s={search_term_string}"},"query-input":{"@type":"PropertyValueSpecification","valueRequired":true,"valueName":"search_term_string"}}],"inLanguage":"es"},{"@type":"Organization","@id":"https:\/\/informelitoral.com.ar\/#organization","name":"Informe Litoral","url":"https:\/\/informelitoral.com.ar\/","logo":{"@type":"ImageObject","inLanguage":"es","@id":"https:\/\/informelitoral.com.ar\/#\/schema\/logo\/image\/","url":"https:\/\/informelitoral.com.ar\/%77%70%2d%63%6f%6e%74%65%6e%74\/uploads\/2021\/01\/circulo.png","contentUrl":"https:\/\/informelitoral.com.ar\/%77%70%2d%63%6f%6e%74%65%6e%74\/uploads\/2021\/01\/circulo.png","width":723,"height":731,"caption":"Informe Litoral"},"image":{"@id":"https:\/\/informelitoral.com.ar\/#\/schema\/logo\/image\/"},"sameAs":["https:\/\/www.facebook.com\/informelitoral\/","https:\/\/x.com\/InformeLitoral","https:\/\/www.instagram.com\/informelitoral\/","https:\/\/www.youtube.com\/channel\/UCua4Qvz8Icb6MYqhoq9xLXw"]},{"@type":"Person","@id":"https:\/\/informelitoral.com.ar\/#\/schema\/person\/f05f9f461677119578717524b127d6d5","name":"Sebastian","image":{"@type":"ImageObject","inLanguage":"es","@id":"https:\/\/secure.gravatar.com\/avatar\/b71bf7481d447dfb9583c7f2798e7cc64de6efb9067b74633ed8c31059a3bd82?s=96&d=mm&r=g","url":"https:\/\/secure.gravatar.com\/avatar\/b71bf7481d447dfb9583c7f2798e7cc64de6efb9067b74633ed8c31059a3bd82?s=96&d=mm&r=g","contentUrl":"https:\/\/secure.gravatar.com\/avatar\/b71bf7481d447dfb9583c7f2798e7cc64de6efb9067b74633ed8c31059a3bd82?s=96&d=mm&r=g","caption":"Sebastian"},"url":"https:\/\/informelitoral.com.ar\/author\/sebastian\/"}]}},"_links":{"self":[{"href":"https:\/\/informelitoral.com.ar\/%77%70%2d%6a%73%6f%6e\/wp\/v2\/posts\/69440","targetHints":{"allow":["GET"]}}],"collection":[{"href":"https:\/\/informelitoral.com.ar\/%77%70%2d%6a%73%6f%6e\/wp\/v2\/posts"}],"about":[{"href":"https:\/\/informelitoral.com.ar\/%77%70%2d%6a%73%6f%6e\/wp\/v2\/types\/post"}],"author":[{"embeddable":true,"href":"https:\/\/informelitoral.com.ar\/%77%70%2d%6a%73%6f%6e\/wp\/v2\/users\/8"}],"replies":[{"embeddable":true,"href":"https:\/\/informelitoral.com.ar\/%77%70%2d%6a%73%6f%6e\/wp\/v2\/comments?post=69440"}],"version-history":[{"count":0,"href":"https:\/\/informelitoral.com.ar\/%77%70%2d%6a%73%6f%6e\/wp\/v2\/posts\/69440\/revisions"}],"wp:featuredmedia":[{"embeddable":true,"href":"https:\/\/informelitoral.com.ar\/%77%70%2d%6a%73%6f%6e\/wp\/v2\/media\/69441"}],"wp:attachment":[{"href":"https:\/\/informelitoral.com.ar\/%77%70%2d%6a%73%6f%6e\/wp\/v2\/media?parent=69440"}],"wp:term":[{"taxonomy":"category","embeddable":true,"href":"https:\/\/informelitoral.com.ar\/%77%70%2d%6a%73%6f%6e\/wp\/v2\/categories?post=69440"},{"taxonomy":"post_tag","embeddable":true,"href":"https:\/\/informelitoral.com.ar\/%77%70%2d%6a%73%6f%6e\/wp\/v2\/tags?post=69440"}],"curies":[{"name":"wp","href":"https:\/\/api.w.org\/{rel}","templated":true}]}}