{"id":69433,"date":"2021-12-28T10:20:30","date_gmt":"2021-12-28T13:20:30","guid":{"rendered":"https:\/\/www.informelitoral.com.ar\/?p=69433"},"modified":"2021-12-28T11:53:34","modified_gmt":"2021-12-28T14:53:34","slug":"el-clima-2021-9-de-los-12-meses-con-temperaturas-mas-elevadas-que-el-promedio","status":"publish","type":"post","link":"https:\/\/informelitoral.com.ar\/el-clima-2021-9-de-los-12-meses-con-temperaturas-mas-elevadas-que-el-promedio\/","title":{"rendered":"El clima 2021: 9 de los 12 meses, con temperaturas m\u00e1s elevadas que el promedio"},"content":{"rendered":"<p>El\u00a0Servicio Meteorol\u00f3gico Nacional, como lo hace cada diciembre, hizo un repaso de las condiciones que predominaron en Argentina los meses anteriores y analiz\u00f3 los datos preliminares.<\/p>\n<p>El primer dato sobresaliente es que, este a\u00f1o, aunque no fue de los m\u00e1s c\u00e1lidos, se ubica entre los primeros puestos. \u201cPuede que finalice en el 5\u00b0 o 6\u00b0 puesto de los a\u00f1os m\u00e1s calurosos (+0.5\u00b0C) en Argentina desde 1961, y mantiene la tendencia, por 11\u00b0 a\u00f1o consecutivo, de anomal\u00edas positivas de temperatura\u201d, dice la entidad.<\/p>\n","protected":false},"excerpt":{"rendered":"<p>A pesar de que no es de los a\u00f1os m\u00e1s c\u00e1lidos del registro hist\u00f3rico, estar\u00e1 entre los primeros puestos del ranking. La zona m\u00e1s golpeada por la falta de lluvias fue la Patagonia.<\/p>\n","protected":false},"author":8,"featured_media":23963,"comment_status":"open","ping_status":"open","sticky":false,"template":"","format":"standard","meta":{"fifu_image_url":"","fifu_image_alt":"","footnotes":""},"categories":[3],"tags":[2724],"class_list":{"0":"post-69433","1":"post","2":"type-post","3":"status-publish","4":"format-standard","5":"has-post-thumbnail","7":"category-noticias","8":"tag-temperaturas"},"yoast_head":"<title>El clima 2021: 9 de los 12 meses, con temperaturas m\u00e1s elevadas que el promedio - Informe Litoral<\/title>\n<meta name=\"robots\" content=\"index, follow, max-snippet:-1, max-image-preview:large, max-video-preview:-1\" \/>\n<link rel=\"canonical\" href=\"https:\/\/informelitoral.com.ar\/el-clima-2021-9-de-los-12-meses-con-temperaturas-mas-elevadas-que-el-promedio\/\" \/>\n<meta property=\"og:locale\" content=\"es_ES\" \/>\n<meta property=\"og:type\" content=\"article\" \/>\n<meta property=\"og:title\" content=\"El clima 2021: 9 de los 12 meses, con temperaturas m\u00e1s elevadas que el promedio - Informe Litoral\" \/>\n<meta property=\"og:description\" content=\"A pesar de que no es de los a\u00f1os m\u00e1s c\u00e1lidos del registro hist\u00f3rico, estar\u00e1 entre los primeros puestos del ranking. La zona m\u00e1s golpeada por la falta de lluvias fue la Patagonia.\" \/>\n<meta property=\"og:url\" content=\"https:\/\/informelitoral.com.ar\/el-clima-2021-9-de-los-12-meses-con-temperaturas-mas-elevadas-que-el-promedio\/\" \/>\n<meta property=\"og:site_name\" content=\"Informe Litoral\" \/>\n<meta property=\"article:publisher\" content=\"https:\/\/www.facebook.com\/informelitoral\/\" \/>\n<meta property=\"article:published_time\" content=\"2021-12-28T13:20:30+00:00\" \/>\n<meta property=\"article:modified_time\" content=\"2021-12-28T14:53:34+00:00\" \/>\n<meta property=\"og:image\" content=\"https:\/\/informelitoral.com.ar\/%77%70%2d%63%6f%6e%74%65%6e%74\/uploads\/2017\/12\/pocas-lluvias-calor.jpg\" \/>\n\t<meta property=\"og:image:width\" content=\"800\" \/>\n\t<meta property=\"og:image:height\" content=\"525\" \/>\n\t<meta property=\"og:image:type\" content=\"image\/jpeg\" \/>\n<meta name=\"author\" content=\"Sebastian\" \/>\n<meta name=\"twitter:card\" content=\"summary_large_image\" \/>\n<meta name=\"twitter:creator\" content=\"@InformeLitoral\" \/>\n<meta name=\"twitter:site\" content=\"@InformeLitoral\" \/>\n<meta name=\"twitter:label1\" content=\"Escrito por\" \/>\n\t<meta name=\"twitter:data1\" content=\"Sebastian\" \/>\n<script type=\"application\/ld+json\" class=\"yoast-schema-graph\">{\"@context\":\"https:\\\/\\\/schema.org\",\"@graph\":[{\"@type\":\"Article\",\"@id\":\"https:\\\/\\\/informelitoral.com.ar\\\/el-clima-2021-9-de-los-12-meses-con-temperaturas-mas-elevadas-que-el-promedio\\\/#article\",\"isPartOf\":{\"@id\":\"https:\\\/\\\/informelitoral.com.ar\\\/el-clima-2021-9-de-los-12-meses-con-temperaturas-mas-elevadas-que-el-promedio\\\/\"},\"author\":{\"name\":\"Sebastian\",\"@id\":\"https:\\\/\\\/informelitoral.com.ar\\\/#\\\/schema\\\/person\\\/f05f9f461677119578717524b127d6d5\"},\"headline\":\"El clima 2021: 9 de los 12 meses, con temperaturas m\u00e1s elevadas que el promedio\",\"datePublished\":\"2021-12-28T13:20:30+00:00\",\"dateModified\":\"2021-12-28T14:53:34+00:00\",\"mainEntityOfPage\":{\"@id\":\"https:\\\/\\\/informelitoral.com.ar\\\/el-clima-2021-9-de-los-12-meses-con-temperaturas-mas-elevadas-que-el-promedio\\\/\"},\"wordCount\":100,\"commentCount\":0,\"publisher\":{\"@id\":\"https:\\\/\\\/informelitoral.com.ar\\\/#organization\"},\"image\":{\"@id\":\"https:\\\/\\\/informelitoral.com.ar\\\/el-clima-2021-9-de-los-12-meses-con-temperaturas-mas-elevadas-que-el-promedio\\\/#primaryimage\"},\"thumbnailUrl\":\"https:\\\/\\\/informelitoral.com.ar\\\/%77%70%2d%63%6f%6e%74%65%6e%74\\\/uploads\\\/2017\\\/12\\\/pocas-lluvias-calor.jpg\",\"keywords\":[\"Temperaturas\"],\"articleSection\":[\"Noticias\"],\"inLanguage\":\"es\",\"potentialAction\":[{\"@type\":\"CommentAction\",\"name\":\"Comment\",\"target\":[\"https:\\\/\\\/informelitoral.com.ar\\\/el-clima-2021-9-de-los-12-meses-con-temperaturas-mas-elevadas-que-el-promedio\\\/#respond\"]}]},{\"@type\":\"WebPage\",\"@id\":\"https:\\\/\\\/informelitoral.com.ar\\\/el-clima-2021-9-de-los-12-meses-con-temperaturas-mas-elevadas-que-el-promedio\\\/\",\"url\":\"https:\\\/\\\/informelitoral.com.ar\\\/el-clima-2021-9-de-los-12-meses-con-temperaturas-mas-elevadas-que-el-promedio\\\/\",\"name\":\"El clima 2021: 9 de los 12 meses, con temperaturas m\u00e1s elevadas que el promedio - Informe Litoral\",\"isPartOf\":{\"@id\":\"https:\\\/\\\/informelitoral.com.ar\\\/#website\"},\"primaryImageOfPage\":{\"@id\":\"https:\\\/\\\/informelitoral.com.ar\\\/el-clima-2021-9-de-los-12-meses-con-temperaturas-mas-elevadas-que-el-promedio\\\/#primaryimage\"},\"image\":{\"@id\":\"https:\\\/\\\/informelitoral.com.ar\\\/el-clima-2021-9-de-los-12-meses-con-temperaturas-mas-elevadas-que-el-promedio\\\/#primaryimage\"},\"thumbnailUrl\":\"https:\\\/\\\/informelitoral.com.ar\\\/%77%70%2d%63%6f%6e%74%65%6e%74\\\/uploads\\\/2017\\\/12\\\/pocas-lluvias-calor.jpg\",\"datePublished\":\"2021-12-28T13:20:30+00:00\",\"dateModified\":\"2021-12-28T14:53:34+00:00\",\"breadcrumb\":{\"@id\":\"https:\\\/\\\/informelitoral.com.ar\\\/el-clima-2021-9-de-los-12-meses-con-temperaturas-mas-elevadas-que-el-promedio\\\/#breadcrumb\"},\"inLanguage\":\"es\",\"potentialAction\":[{\"@type\":\"ReadAction\",\"target\":[\"https:\\\/\\\/informelitoral.com.ar\\\/el-clima-2021-9-de-los-12-meses-con-temperaturas-mas-elevadas-que-el-promedio\\\/\"]}]},{\"@type\":\"ImageObject\",\"inLanguage\":\"es\",\"@id\":\"https:\\\/\\\/informelitoral.com.ar\\\/el-clima-2021-9-de-los-12-meses-con-temperaturas-mas-elevadas-que-el-promedio\\\/#primaryimage\",\"url\":\"https:\\\/\\\/informelitoral.com.ar\\\/%77%70%2d%63%6f%6e%74%65%6e%74\\\/uploads\\\/2017\\\/12\\\/pocas-lluvias-calor.jpg\",\"contentUrl\":\"https:\\\/\\\/informelitoral.com.ar\\\/%77%70%2d%63%6f%6e%74%65%6e%74\\\/uploads\\\/2017\\\/12\\\/pocas-lluvias-calor.jpg\",\"width\":800,\"height\":525},{\"@type\":\"BreadcrumbList\",\"@id\":\"https:\\\/\\\/informelitoral.com.ar\\\/el-clima-2021-9-de-los-12-meses-con-temperaturas-mas-elevadas-que-el-promedio\\\/#breadcrumb\",\"itemListElement\":[{\"@type\":\"ListItem\",\"position\":1,\"name\":\"Portada\",\"item\":\"https:\\\/\\\/informelitoral.com.ar\\\/\"},{\"@type\":\"ListItem\",\"position\":2,\"name\":\"El clima 2021: 9 de los 12 meses, con temperaturas m\u00e1s elevadas que el promedio\"}]},{\"@type\":\"WebSite\",\"@id\":\"https:\\\/\\\/informelitoral.com.ar\\\/#website\",\"url\":\"https:\\\/\\\/informelitoral.com.ar\\\/\",\"name\":\"Informe Litoral\",\"description\":\"&quot;Nos informamos&quot; \",\"publisher\":{\"@id\":\"https:\\\/\\\/informelitoral.com.ar\\\/#organization\"},\"potentialAction\":[{\"@type\":\"SearchAction\",\"target\":{\"@type\":\"EntryPoint\",\"urlTemplate\":\"https:\\\/\\\/informelitoral.com.ar\\\/?s={search_term_string}\"},\"query-input\":{\"@type\":\"PropertyValueSpecification\",\"valueRequired\":true,\"valueName\":\"search_term_string\"}}],\"inLanguage\":\"es\"},{\"@type\":\"Organization\",\"@id\":\"https:\\\/\\\/informelitoral.com.ar\\\/#organization\",\"name\":\"Informe Litoral\",\"url\":\"https:\\\/\\\/informelitoral.com.ar\\\/\",\"logo\":{\"@type\":\"ImageObject\",\"inLanguage\":\"es\",\"@id\":\"https:\\\/\\\/informelitoral.com.ar\\\/#\\\/schema\\\/logo\\\/image\\\/\",\"url\":\"https:\\\/\\\/informelitoral.com.ar\\\/%77%70%2d%63%6f%6e%74%65%6e%74\\\/uploads\\\/2021\\\/01\\\/circulo.png\",\"contentUrl\":\"https:\\\/\\\/informelitoral.com.ar\\\/%77%70%2d%63%6f%6e%74%65%6e%74\\\/uploads\\\/2021\\\/01\\\/circulo.png\",\"width\":723,\"height\":731,\"caption\":\"Informe Litoral\"},\"image\":{\"@id\":\"https:\\\/\\\/informelitoral.com.ar\\\/#\\\/schema\\\/logo\\\/image\\\/\"},\"sameAs\":[\"https:\\\/\\\/www.facebook.com\\\/informelitoral\\\/\",\"https:\\\/\\\/x.com\\\/InformeLitoral\",\"https:\\\/\\\/www.instagram.com\\\/informelitoral\\\/\",\"https:\\\/\\\/www.youtube.com\\\/channel\\\/UCua4Qvz8Icb6MYqhoq9xLXw\"]},{\"@type\":\"Person\",\"@id\":\"https:\\\/\\\/informelitoral.com.ar\\\/#\\\/schema\\\/person\\\/f05f9f461677119578717524b127d6d5\",\"name\":\"Sebastian\",\"image\":{\"@type\":\"ImageObject\",\"inLanguage\":\"es\",\"@id\":\"https:\\\/\\\/secure.gravatar.com\\\/avatar\\\/b71bf7481d447dfb9583c7f2798e7cc64de6efb9067b74633ed8c31059a3bd82?s=96&d=mm&r=g\",\"url\":\"https:\\\/\\\/secure.gravatar.com\\\/avatar\\\/b71bf7481d447dfb9583c7f2798e7cc64de6efb9067b74633ed8c31059a3bd82?s=96&d=mm&r=g\",\"contentUrl\":\"https:\\\/\\\/secure.gravatar.com\\\/avatar\\\/b71bf7481d447dfb9583c7f2798e7cc64de6efb9067b74633ed8c31059a3bd82?s=96&d=mm&r=g\",\"caption\":\"Sebastian\"},\"url\":\"https:\\\/\\\/informelitoral.com.ar\\\/author\\\/sebastian\\\/\"}]}<\/script>","yoast_head_json":{"title":"El clima 2021: 9 de los 12 meses, con temperaturas m\u00e1s elevadas que el promedio - Informe Litoral","robots":{"index":"index","follow":"follow","max-snippet":"max-snippet:-1","max-image-preview":"max-image-preview:large","max-video-preview":"max-video-preview:-1"},"canonical":"https:\/\/informelitoral.com.ar\/el-clima-2021-9-de-los-12-meses-con-temperaturas-mas-elevadas-que-el-promedio\/","og_locale":"es_ES","og_type":"article","og_title":"El clima 2021: 9 de los 12 meses, con temperaturas m\u00e1s elevadas que el promedio - Informe Litoral","og_description":"A pesar de que no es de los a\u00f1os m\u00e1s c\u00e1lidos del registro hist\u00f3rico, estar\u00e1 entre los primeros puestos del ranking. La zona m\u00e1s golpeada por la falta de lluvias fue la Patagonia.","og_url":"https:\/\/informelitoral.com.ar\/el-clima-2021-9-de-los-12-meses-con-temperaturas-mas-elevadas-que-el-promedio\/","og_site_name":"Informe Litoral","article_publisher":"https:\/\/www.facebook.com\/informelitoral\/","article_published_time":"2021-12-28T13:20:30+00:00","article_modified_time":"2021-12-28T14:53:34+00:00","og_image":[{"width":800,"height":525,"url":"https:\/\/informelitoral.com.ar\/%77%70%2d%63%6f%6e%74%65%6e%74\/uploads\/2017\/12\/pocas-lluvias-calor.jpg","type":"image\/jpeg"}],"author":"Sebastian","twitter_card":"summary_large_image","twitter_creator":"@InformeLitoral","twitter_site":"@InformeLitoral","twitter_misc":{"Escrito por":"Sebastian"},"schema":{"@context":"https:\/\/schema.org","@graph":[{"@type":"Article","@id":"https:\/\/informelitoral.com.ar\/el-clima-2021-9-de-los-12-meses-con-temperaturas-mas-elevadas-que-el-promedio\/#article","isPartOf":{"@id":"https:\/\/informelitoral.com.ar\/el-clima-2021-9-de-los-12-meses-con-temperaturas-mas-elevadas-que-el-promedio\/"},"author":{"name":"Sebastian","@id":"https:\/\/informelitoral.com.ar\/#\/schema\/person\/f05f9f461677119578717524b127d6d5"},"headline":"El clima 2021: 9 de los 12 meses, con temperaturas m\u00e1s elevadas que el promedio","datePublished":"2021-12-28T13:20:30+00:00","dateModified":"2021-12-28T14:53:34+00:00","mainEntityOfPage":{"@id":"https:\/\/informelitoral.com.ar\/el-clima-2021-9-de-los-12-meses-con-temperaturas-mas-elevadas-que-el-promedio\/"},"wordCount":100,"commentCount":0,"publisher":{"@id":"https:\/\/informelitoral.com.ar\/#organization"},"image":{"@id":"https:\/\/informelitoral.com.ar\/el-clima-2021-9-de-los-12-meses-con-temperaturas-mas-elevadas-que-el-promedio\/#primaryimage"},"thumbnailUrl":"https:\/\/informelitoral.com.ar\/%77%70%2d%63%6f%6e%74%65%6e%74\/uploads\/2017\/12\/pocas-lluvias-calor.jpg","keywords":["Temperaturas"],"articleSection":["Noticias"],"inLanguage":"es","potentialAction":[{"@type":"CommentAction","name":"Comment","target":["https:\/\/informelitoral.com.ar\/el-clima-2021-9-de-los-12-meses-con-temperaturas-mas-elevadas-que-el-promedio\/#respond"]}]},{"@type":"WebPage","@id":"https:\/\/informelitoral.com.ar\/el-clima-2021-9-de-los-12-meses-con-temperaturas-mas-elevadas-que-el-promedio\/","url":"https:\/\/informelitoral.com.ar\/el-clima-2021-9-de-los-12-meses-con-temperaturas-mas-elevadas-que-el-promedio\/","name":"El clima 2021: 9 de los 12 meses, con temperaturas m\u00e1s elevadas que el promedio - Informe Litoral","isPartOf":{"@id":"https:\/\/informelitoral.com.ar\/#website"},"primaryImageOfPage":{"@id":"https:\/\/informelitoral.com.ar\/el-clima-2021-9-de-los-12-meses-con-temperaturas-mas-elevadas-que-el-promedio\/#primaryimage"},"image":{"@id":"https:\/\/informelitoral.com.ar\/el-clima-2021-9-de-los-12-meses-con-temperaturas-mas-elevadas-que-el-promedio\/#primaryimage"},"thumbnailUrl":"https:\/\/informelitoral.com.ar\/%77%70%2d%63%6f%6e%74%65%6e%74\/uploads\/2017\/12\/pocas-lluvias-calor.jpg","datePublished":"2021-12-28T13:20:30+00:00","dateModified":"2021-12-28T14:53:34+00:00","breadcrumb":{"@id":"https:\/\/informelitoral.com.ar\/el-clima-2021-9-de-los-12-meses-con-temperaturas-mas-elevadas-que-el-promedio\/#breadcrumb"},"inLanguage":"es","potentialAction":[{"@type":"ReadAction","target":["https:\/\/informelitoral.com.ar\/el-clima-2021-9-de-los-12-meses-con-temperaturas-mas-elevadas-que-el-promedio\/"]}]},{"@type":"ImageObject","inLanguage":"es","@id":"https:\/\/informelitoral.com.ar\/el-clima-2021-9-de-los-12-meses-con-temperaturas-mas-elevadas-que-el-promedio\/#primaryimage","url":"https:\/\/informelitoral.com.ar\/%77%70%2d%63%6f%6e%74%65%6e%74\/uploads\/2017\/12\/pocas-lluvias-calor.jpg","contentUrl":"https:\/\/informelitoral.com.ar\/%77%70%2d%63%6f%6e%74%65%6e%74\/uploads\/2017\/12\/pocas-lluvias-calor.jpg","width":800,"height":525},{"@type":"BreadcrumbList","@id":"https:\/\/informelitoral.com.ar\/el-clima-2021-9-de-los-12-meses-con-temperaturas-mas-elevadas-que-el-promedio\/#breadcrumb","itemListElement":[{"@type":"ListItem","position":1,"name":"Portada","item":"https:\/\/informelitoral.com.ar\/"},{"@type":"ListItem","position":2,"name":"El clima 2021: 9 de los 12 meses, con temperaturas m\u00e1s elevadas que el promedio"}]},{"@type":"WebSite","@id":"https:\/\/informelitoral.com.ar\/#website","url":"https:\/\/informelitoral.com.ar\/","name":"Informe Litoral","description":"&quot;Nos informamos&quot; ","publisher":{"@id":"https:\/\/informelitoral.com.ar\/#organization"},"potentialAction":[{"@type":"SearchAction","target":{"@type":"EntryPoint","urlTemplate":"https:\/\/informelitoral.com.ar\/?s={search_term_string}"},"query-input":{"@type":"PropertyValueSpecification","valueRequired":true,"valueName":"search_term_string"}}],"inLanguage":"es"},{"@type":"Organization","@id":"https:\/\/informelitoral.com.ar\/#organization","name":"Informe Litoral","url":"https:\/\/informelitoral.com.ar\/","logo":{"@type":"ImageObject","inLanguage":"es","@id":"https:\/\/informelitoral.com.ar\/#\/schema\/logo\/image\/","url":"https:\/\/informelitoral.com.ar\/%77%70%2d%63%6f%6e%74%65%6e%74\/uploads\/2021\/01\/circulo.png","contentUrl":"https:\/\/informelitoral.com.ar\/%77%70%2d%63%6f%6e%74%65%6e%74\/uploads\/2021\/01\/circulo.png","width":723,"height":731,"caption":"Informe Litoral"},"image":{"@id":"https:\/\/informelitoral.com.ar\/#\/schema\/logo\/image\/"},"sameAs":["https:\/\/www.facebook.com\/informelitoral\/","https:\/\/x.com\/InformeLitoral","https:\/\/www.instagram.com\/informelitoral\/","https:\/\/www.youtube.com\/channel\/UCua4Qvz8Icb6MYqhoq9xLXw"]},{"@type":"Person","@id":"https:\/\/informelitoral.com.ar\/#\/schema\/person\/f05f9f461677119578717524b127d6d5","name":"Sebastian","image":{"@type":"ImageObject","inLanguage":"es","@id":"https:\/\/secure.gravatar.com\/avatar\/b71bf7481d447dfb9583c7f2798e7cc64de6efb9067b74633ed8c31059a3bd82?s=96&d=mm&r=g","url":"https:\/\/secure.gravatar.com\/avatar\/b71bf7481d447dfb9583c7f2798e7cc64de6efb9067b74633ed8c31059a3bd82?s=96&d=mm&r=g","contentUrl":"https:\/\/secure.gravatar.com\/avatar\/b71bf7481d447dfb9583c7f2798e7cc64de6efb9067b74633ed8c31059a3bd82?s=96&d=mm&r=g","caption":"Sebastian"},"url":"https:\/\/informelitoral.com.ar\/author\/sebastian\/"}]}},"_links":{"self":[{"href":"https:\/\/informelitoral.com.ar\/%77%70%2d%6a%73%6f%6e\/wp\/v2\/posts\/69433","targetHints":{"allow":["GET"]}}],"collection":[{"href":"https:\/\/informelitoral.com.ar\/%77%70%2d%6a%73%6f%6e\/wp\/v2\/posts"}],"about":[{"href":"https:\/\/informelitoral.com.ar\/%77%70%2d%6a%73%6f%6e\/wp\/v2\/types\/post"}],"author":[{"embeddable":true,"href":"https:\/\/informelitoral.com.ar\/%77%70%2d%6a%73%6f%6e\/wp\/v2\/users\/8"}],"replies":[{"embeddable":true,"href":"https:\/\/informelitoral.com.ar\/%77%70%2d%6a%73%6f%6e\/wp\/v2\/comments?post=69433"}],"version-history":[{"count":0,"href":"https:\/\/informelitoral.com.ar\/%77%70%2d%6a%73%6f%6e\/wp\/v2\/posts\/69433\/revisions"}],"wp:featuredmedia":[{"embeddable":true,"href":"https:\/\/informelitoral.com.ar\/%77%70%2d%6a%73%6f%6e\/wp\/v2\/media\/23963"}],"wp:attachment":[{"href":"https:\/\/informelitoral.com.ar\/%77%70%2d%6a%73%6f%6e\/wp\/v2\/media?parent=69433"}],"wp:term":[{"taxonomy":"category","embeddable":true,"href":"https:\/\/informelitoral.com.ar\/%77%70%2d%6a%73%6f%6e\/wp\/v2\/categories?post=69433"},{"taxonomy":"post_tag","embeddable":true,"href":"https:\/\/informelitoral.com.ar\/%77%70%2d%6a%73%6f%6e\/wp\/v2\/tags?post=69433"}],"curies":[{"name":"wp","href":"https:\/\/api.w.org\/{rel}","templated":true}]}}