{"id":69426,"date":"2021-12-28T10:19:09","date_gmt":"2021-12-28T13:19:09","guid":{"rendered":"https:\/\/www.informelitoral.com.ar\/?p=69426"},"modified":"2021-12-28T10:19:09","modified_gmt":"2021-12-28T13:19:09","slug":"el-festival-de-chamame-en-federal-exigira-el-pase-sanitario","status":"publish","type":"post","link":"https:\/\/informelitoral.com.ar\/el-festival-de-chamame-en-federal-exigira-el-pase-sanitario\/","title":{"rendered":"El Festival de Chamam\u00e9 en Federal exigir\u00e1 el pase sanitario"},"content":{"rendered":"<p>A partir del\u00a0<strong>primer d\u00eda h\u00e1bil del 2022<\/strong>\u00a0entrar\u00e1 en vigencia el\u00a0<strong>pase sanitario<\/strong>\u00a0que regular\u00e1 la circulaci\u00f3n dentro de eventos masivos en Entre R\u00edos. Es por este motivo que se ver\u00e1n afectados los principales espect\u00e1culos que se dar\u00e1n en la provincia desde esa fecha. Un ejemplo es el\u00a0<strong>Festival de Chamam\u00e9 de Federal<\/strong>, que exigir\u00e1 el pase sanitario.<\/p>\n<p>En declaraciones period\u00edsticas, la\u00a0<strong>Secretaria Municipal de Desarrollo Social<\/strong>\u00a0de esa localidad,\u00a0<strong>Soledad Romero<\/strong>, explic\u00f3 las \u00faltimas novedades. Fue luego de la \u00faltima reuni\u00f3n de la comisi\u00f3n organizadora del evento en donde se habl\u00f3 sobre el tema.<\/p>\n<p>\u201cComo todos sabemos, ya a partir del 3 de enero va a empezar a regir la obligatoriedad para el pase sanitario para los eventos masivos y para todos los lugares donde lo requieran\u201d, dijo. Luego a\u00f1adi\u00f3 que en la \u00faltima reuni\u00f3n acerca del festival hablaron sobre\u00a0<strong>c\u00f3mo har\u00e1n la aplicaci\u00f3n<\/strong>\u00a0del pase sanitario. Midieron las posibilidades de hacerlo en la compra de entradas, en la compra del bono para residentes -otros temas que tocaron- y sentenci\u00f3: \u201cNosotros seguramente\u00a0<strong>vamos a estar pidiendo tambi\u00e9n el pase sanitario<\/strong>\u201d.<\/p>\n<p>En declaraciones a\u00a0<em>Radio Integraci\u00f3n<\/em>, Romero agreg\u00f3: \u201cEn todos los lugares donde los accesos sean controlados, va a ser obligatorio el pase sanitario\u201d.<\/p>\n<p>Para el\u00a0<strong>Festival de Chamam\u00e9 de Federal<\/strong>\u00a0a\u00fan queda tiempo, ya que se desarrollar\u00e1\u00a0<strong>entre el 5 y el 13 de febrero<\/strong>. As\u00ed lo comunic\u00f3 la\u00a0p\u00e1gina oficial en Facebook\u00a0de esta tradicional celebraci\u00f3n federaense, que llegar\u00e1 a su\u00a0<strong>47\u00b0 edici\u00f3n<\/strong>.<\/p>\n<p>Esta decisi\u00f3n adem\u00e1s marca el camino para muchos otros eventos que tendr\u00e1n lugar en la provincia, de nutrida agenda cultural para estas vacaciones de verano. La confirmaci\u00f3n del Festival de Chamam\u00e9 es el primer paso para que m\u00e1s eventos confirmen que pedir\u00e1n el pase sanitario.<\/p>\n<p>&nbsp;<\/p>\n","protected":false},"excerpt":{"rendered":"<p>Desde el 3 de enero regir\u00e1 el control de eventos masivos. Es por eso que en Federal pedir\u00e1n el pase sanitario durante el Festival de Chamam\u00e9.<\/p>\n","protected":false},"author":8,"featured_media":69427,"comment_status":"open","ping_status":"open","sticky":false,"template":"","format":"standard","meta":{"fifu_image_url":"","fifu_image_alt":"","footnotes":""},"categories":[9],"tags":[1632,81,1088],"class_list":{"0":"post-69426","1":"post","2":"type-post","3":"status-publish","4":"format-standard","5":"has-post-thumbnail","7":"category-sociedad","8":"tag-chamame","9":"tag-entre-rios","10":"tag-festival"},"yoast_head":"<title>El Festival de Chamam\u00e9 en Federal exigir\u00e1 el pase sanitario - Informe Litoral<\/title>\n<meta name=\"robots\" content=\"index, follow, max-snippet:-1, max-image-preview:large, max-video-preview:-1\" \/>\n<link rel=\"canonical\" href=\"https:\/\/informelitoral.com.ar\/el-festival-de-chamame-en-federal-exigira-el-pase-sanitario\/\" \/>\n<meta property=\"og:locale\" content=\"es_ES\" \/>\n<meta property=\"og:type\" content=\"article\" \/>\n<meta property=\"og:title\" content=\"El Festival de Chamam\u00e9 en Federal exigir\u00e1 el pase sanitario - Informe Litoral\" \/>\n<meta property=\"og:description\" content=\"Desde el 3 de enero regir\u00e1 el control de eventos masivos. Es por eso que en Federal pedir\u00e1n el pase sanitario durante el Festival de Chamam\u00e9.\" \/>\n<meta property=\"og:url\" content=\"https:\/\/informelitoral.com.ar\/el-festival-de-chamame-en-federal-exigira-el-pase-sanitario\/\" \/>\n<meta property=\"og:site_name\" content=\"Informe Litoral\" \/>\n<meta property=\"article:publisher\" content=\"https:\/\/www.facebook.com\/informelitoral\/\" \/>\n<meta property=\"article:published_time\" content=\"2021-12-28T13:19:09+00:00\" \/>\n<meta property=\"og:image\" content=\"https:\/\/informelitoral.com.ar\/%77%70%2d%63%6f%6e%74%65%6e%74\/uploads\/2021\/12\/Fiesta-Nacional-del-Chamame-700x420-1.jpg\" \/>\n\t<meta property=\"og:image:width\" content=\"700\" \/>\n\t<meta property=\"og:image:height\" content=\"420\" \/>\n\t<meta property=\"og:image:type\" content=\"image\/jpeg\" \/>\n<meta name=\"author\" content=\"Sebastian\" \/>\n<meta name=\"twitter:card\" content=\"summary_large_image\" \/>\n<meta name=\"twitter:creator\" content=\"@InformeLitoral\" \/>\n<meta name=\"twitter:site\" content=\"@InformeLitoral\" \/>\n<meta name=\"twitter:label1\" content=\"Escrito por\" \/>\n\t<meta name=\"twitter:data1\" content=\"Sebastian\" \/>\n\t<meta name=\"twitter:label2\" content=\"Tiempo de lectura\" \/>\n\t<meta name=\"twitter:data2\" content=\"2 minutos\" \/>\n<script type=\"application\/ld+json\" class=\"yoast-schema-graph\">{\"@context\":\"https:\\\/\\\/schema.org\",\"@graph\":[{\"@type\":\"Article\",\"@id\":\"https:\\\/\\\/informelitoral.com.ar\\\/el-festival-de-chamame-en-federal-exigira-el-pase-sanitario\\\/#article\",\"isPartOf\":{\"@id\":\"https:\\\/\\\/informelitoral.com.ar\\\/el-festival-de-chamame-en-federal-exigira-el-pase-sanitario\\\/\"},\"author\":{\"name\":\"Sebastian\",\"@id\":\"https:\\\/\\\/informelitoral.com.ar\\\/#\\\/schema\\\/person\\\/f05f9f461677119578717524b127d6d5\"},\"headline\":\"El Festival de Chamam\u00e9 en Federal exigir\u00e1 el pase sanitario\",\"datePublished\":\"2021-12-28T13:19:09+00:00\",\"mainEntityOfPage\":{\"@id\":\"https:\\\/\\\/informelitoral.com.ar\\\/el-festival-de-chamame-en-federal-exigira-el-pase-sanitario\\\/\"},\"wordCount\":324,\"commentCount\":0,\"publisher\":{\"@id\":\"https:\\\/\\\/informelitoral.com.ar\\\/#organization\"},\"image\":{\"@id\":\"https:\\\/\\\/informelitoral.com.ar\\\/el-festival-de-chamame-en-federal-exigira-el-pase-sanitario\\\/#primaryimage\"},\"thumbnailUrl\":\"https:\\\/\\\/informelitoral.com.ar\\\/%77%70%2d%63%6f%6e%74%65%6e%74\\\/uploads\\\/2021\\\/12\\\/Fiesta-Nacional-del-Chamame-700x420-1.jpg\",\"keywords\":[\"Chamam\u00e9\",\"Entre R\u00edos\",\"Festival\"],\"articleSection\":[\"Sociedad\"],\"inLanguage\":\"es\",\"potentialAction\":[{\"@type\":\"CommentAction\",\"name\":\"Comment\",\"target\":[\"https:\\\/\\\/informelitoral.com.ar\\\/el-festival-de-chamame-en-federal-exigira-el-pase-sanitario\\\/#respond\"]}]},{\"@type\":\"WebPage\",\"@id\":\"https:\\\/\\\/informelitoral.com.ar\\\/el-festival-de-chamame-en-federal-exigira-el-pase-sanitario\\\/\",\"url\":\"https:\\\/\\\/informelitoral.com.ar\\\/el-festival-de-chamame-en-federal-exigira-el-pase-sanitario\\\/\",\"name\":\"El Festival de Chamam\u00e9 en Federal exigir\u00e1 el pase sanitario - Informe Litoral\",\"isPartOf\":{\"@id\":\"https:\\\/\\\/informelitoral.com.ar\\\/#website\"},\"primaryImageOfPage\":{\"@id\":\"https:\\\/\\\/informelitoral.com.ar\\\/el-festival-de-chamame-en-federal-exigira-el-pase-sanitario\\\/#primaryimage\"},\"image\":{\"@id\":\"https:\\\/\\\/informelitoral.com.ar\\\/el-festival-de-chamame-en-federal-exigira-el-pase-sanitario\\\/#primaryimage\"},\"thumbnailUrl\":\"https:\\\/\\\/informelitoral.com.ar\\\/%77%70%2d%63%6f%6e%74%65%6e%74\\\/uploads\\\/2021\\\/12\\\/Fiesta-Nacional-del-Chamame-700x420-1.jpg\",\"datePublished\":\"2021-12-28T13:19:09+00:00\",\"breadcrumb\":{\"@id\":\"https:\\\/\\\/informelitoral.com.ar\\\/el-festival-de-chamame-en-federal-exigira-el-pase-sanitario\\\/#breadcrumb\"},\"inLanguage\":\"es\",\"potentialAction\":[{\"@type\":\"ReadAction\",\"target\":[\"https:\\\/\\\/informelitoral.com.ar\\\/el-festival-de-chamame-en-federal-exigira-el-pase-sanitario\\\/\"]}]},{\"@type\":\"ImageObject\",\"inLanguage\":\"es\",\"@id\":\"https:\\\/\\\/informelitoral.com.ar\\\/el-festival-de-chamame-en-federal-exigira-el-pase-sanitario\\\/#primaryimage\",\"url\":\"https:\\\/\\\/informelitoral.com.ar\\\/%77%70%2d%63%6f%6e%74%65%6e%74\\\/uploads\\\/2021\\\/12\\\/Fiesta-Nacional-del-Chamame-700x420-1.jpg\",\"contentUrl\":\"https:\\\/\\\/informelitoral.com.ar\\\/%77%70%2d%63%6f%6e%74%65%6e%74\\\/uploads\\\/2021\\\/12\\\/Fiesta-Nacional-del-Chamame-700x420-1.jpg\",\"width\":700,\"height\":420},{\"@type\":\"BreadcrumbList\",\"@id\":\"https:\\\/\\\/informelitoral.com.ar\\\/el-festival-de-chamame-en-federal-exigira-el-pase-sanitario\\\/#breadcrumb\",\"itemListElement\":[{\"@type\":\"ListItem\",\"position\":1,\"name\":\"Portada\",\"item\":\"https:\\\/\\\/informelitoral.com.ar\\\/\"},{\"@type\":\"ListItem\",\"position\":2,\"name\":\"El Festival de Chamam\u00e9 en Federal exigir\u00e1 el pase sanitario\"}]},{\"@type\":\"WebSite\",\"@id\":\"https:\\\/\\\/informelitoral.com.ar\\\/#website\",\"url\":\"https:\\\/\\\/informelitoral.com.ar\\\/\",\"name\":\"Informe Litoral\",\"description\":\"&quot;Nos informamos&quot; \",\"publisher\":{\"@id\":\"https:\\\/\\\/informelitoral.com.ar\\\/#organization\"},\"potentialAction\":[{\"@type\":\"SearchAction\",\"target\":{\"@type\":\"EntryPoint\",\"urlTemplate\":\"https:\\\/\\\/informelitoral.com.ar\\\/?s={search_term_string}\"},\"query-input\":{\"@type\":\"PropertyValueSpecification\",\"valueRequired\":true,\"valueName\":\"search_term_string\"}}],\"inLanguage\":\"es\"},{\"@type\":\"Organization\",\"@id\":\"https:\\\/\\\/informelitoral.com.ar\\\/#organization\",\"name\":\"Informe Litoral\",\"url\":\"https:\\\/\\\/informelitoral.com.ar\\\/\",\"logo\":{\"@type\":\"ImageObject\",\"inLanguage\":\"es\",\"@id\":\"https:\\\/\\\/informelitoral.com.ar\\\/#\\\/schema\\\/logo\\\/image\\\/\",\"url\":\"https:\\\/\\\/informelitoral.com.ar\\\/%77%70%2d%63%6f%6e%74%65%6e%74\\\/uploads\\\/2021\\\/01\\\/circulo.png\",\"contentUrl\":\"https:\\\/\\\/informelitoral.com.ar\\\/%77%70%2d%63%6f%6e%74%65%6e%74\\\/uploads\\\/2021\\\/01\\\/circulo.png\",\"width\":723,\"height\":731,\"caption\":\"Informe Litoral\"},\"image\":{\"@id\":\"https:\\\/\\\/informelitoral.com.ar\\\/#\\\/schema\\\/logo\\\/image\\\/\"},\"sameAs\":[\"https:\\\/\\\/www.facebook.com\\\/informelitoral\\\/\",\"https:\\\/\\\/x.com\\\/InformeLitoral\",\"https:\\\/\\\/www.instagram.com\\\/informelitoral\\\/\",\"https:\\\/\\\/www.youtube.com\\\/channel\\\/UCua4Qvz8Icb6MYqhoq9xLXw\"]},{\"@type\":\"Person\",\"@id\":\"https:\\\/\\\/informelitoral.com.ar\\\/#\\\/schema\\\/person\\\/f05f9f461677119578717524b127d6d5\",\"name\":\"Sebastian\",\"image\":{\"@type\":\"ImageObject\",\"inLanguage\":\"es\",\"@id\":\"https:\\\/\\\/secure.gravatar.com\\\/avatar\\\/b71bf7481d447dfb9583c7f2798e7cc64de6efb9067b74633ed8c31059a3bd82?s=96&d=mm&r=g\",\"url\":\"https:\\\/\\\/secure.gravatar.com\\\/avatar\\\/b71bf7481d447dfb9583c7f2798e7cc64de6efb9067b74633ed8c31059a3bd82?s=96&d=mm&r=g\",\"contentUrl\":\"https:\\\/\\\/secure.gravatar.com\\\/avatar\\\/b71bf7481d447dfb9583c7f2798e7cc64de6efb9067b74633ed8c31059a3bd82?s=96&d=mm&r=g\",\"caption\":\"Sebastian\"},\"url\":\"https:\\\/\\\/informelitoral.com.ar\\\/author\\\/sebastian\\\/\"}]}<\/script>","yoast_head_json":{"title":"El Festival de Chamam\u00e9 en Federal exigir\u00e1 el pase sanitario - Informe Litoral","robots":{"index":"index","follow":"follow","max-snippet":"max-snippet:-1","max-image-preview":"max-image-preview:large","max-video-preview":"max-video-preview:-1"},"canonical":"https:\/\/informelitoral.com.ar\/el-festival-de-chamame-en-federal-exigira-el-pase-sanitario\/","og_locale":"es_ES","og_type":"article","og_title":"El Festival de Chamam\u00e9 en Federal exigir\u00e1 el pase sanitario - Informe Litoral","og_description":"Desde el 3 de enero regir\u00e1 el control de eventos masivos. Es por eso que en Federal pedir\u00e1n el pase sanitario durante el Festival de Chamam\u00e9.","og_url":"https:\/\/informelitoral.com.ar\/el-festival-de-chamame-en-federal-exigira-el-pase-sanitario\/","og_site_name":"Informe Litoral","article_publisher":"https:\/\/www.facebook.com\/informelitoral\/","article_published_time":"2021-12-28T13:19:09+00:00","og_image":[{"width":700,"height":420,"url":"https:\/\/informelitoral.com.ar\/%77%70%2d%63%6f%6e%74%65%6e%74\/uploads\/2021\/12\/Fiesta-Nacional-del-Chamame-700x420-1.jpg","type":"image\/jpeg"}],"author":"Sebastian","twitter_card":"summary_large_image","twitter_creator":"@InformeLitoral","twitter_site":"@InformeLitoral","twitter_misc":{"Escrito por":"Sebastian","Tiempo de lectura":"2 minutos"},"schema":{"@context":"https:\/\/schema.org","@graph":[{"@type":"Article","@id":"https:\/\/informelitoral.com.ar\/el-festival-de-chamame-en-federal-exigira-el-pase-sanitario\/#article","isPartOf":{"@id":"https:\/\/informelitoral.com.ar\/el-festival-de-chamame-en-federal-exigira-el-pase-sanitario\/"},"author":{"name":"Sebastian","@id":"https:\/\/informelitoral.com.ar\/#\/schema\/person\/f05f9f461677119578717524b127d6d5"},"headline":"El Festival de Chamam\u00e9 en Federal exigir\u00e1 el pase sanitario","datePublished":"2021-12-28T13:19:09+00:00","mainEntityOfPage":{"@id":"https:\/\/informelitoral.com.ar\/el-festival-de-chamame-en-federal-exigira-el-pase-sanitario\/"},"wordCount":324,"commentCount":0,"publisher":{"@id":"https:\/\/informelitoral.com.ar\/#organization"},"image":{"@id":"https:\/\/informelitoral.com.ar\/el-festival-de-chamame-en-federal-exigira-el-pase-sanitario\/#primaryimage"},"thumbnailUrl":"https:\/\/informelitoral.com.ar\/%77%70%2d%63%6f%6e%74%65%6e%74\/uploads\/2021\/12\/Fiesta-Nacional-del-Chamame-700x420-1.jpg","keywords":["Chamam\u00e9","Entre R\u00edos","Festival"],"articleSection":["Sociedad"],"inLanguage":"es","potentialAction":[{"@type":"CommentAction","name":"Comment","target":["https:\/\/informelitoral.com.ar\/el-festival-de-chamame-en-federal-exigira-el-pase-sanitario\/#respond"]}]},{"@type":"WebPage","@id":"https:\/\/informelitoral.com.ar\/el-festival-de-chamame-en-federal-exigira-el-pase-sanitario\/","url":"https:\/\/informelitoral.com.ar\/el-festival-de-chamame-en-federal-exigira-el-pase-sanitario\/","name":"El Festival de Chamam\u00e9 en Federal exigir\u00e1 el pase sanitario - Informe Litoral","isPartOf":{"@id":"https:\/\/informelitoral.com.ar\/#website"},"primaryImageOfPage":{"@id":"https:\/\/informelitoral.com.ar\/el-festival-de-chamame-en-federal-exigira-el-pase-sanitario\/#primaryimage"},"image":{"@id":"https:\/\/informelitoral.com.ar\/el-festival-de-chamame-en-federal-exigira-el-pase-sanitario\/#primaryimage"},"thumbnailUrl":"https:\/\/informelitoral.com.ar\/%77%70%2d%63%6f%6e%74%65%6e%74\/uploads\/2021\/12\/Fiesta-Nacional-del-Chamame-700x420-1.jpg","datePublished":"2021-12-28T13:19:09+00:00","breadcrumb":{"@id":"https:\/\/informelitoral.com.ar\/el-festival-de-chamame-en-federal-exigira-el-pase-sanitario\/#breadcrumb"},"inLanguage":"es","potentialAction":[{"@type":"ReadAction","target":["https:\/\/informelitoral.com.ar\/el-festival-de-chamame-en-federal-exigira-el-pase-sanitario\/"]}]},{"@type":"ImageObject","inLanguage":"es","@id":"https:\/\/informelitoral.com.ar\/el-festival-de-chamame-en-federal-exigira-el-pase-sanitario\/#primaryimage","url":"https:\/\/informelitoral.com.ar\/%77%70%2d%63%6f%6e%74%65%6e%74\/uploads\/2021\/12\/Fiesta-Nacional-del-Chamame-700x420-1.jpg","contentUrl":"https:\/\/informelitoral.com.ar\/%77%70%2d%63%6f%6e%74%65%6e%74\/uploads\/2021\/12\/Fiesta-Nacional-del-Chamame-700x420-1.jpg","width":700,"height":420},{"@type":"BreadcrumbList","@id":"https:\/\/informelitoral.com.ar\/el-festival-de-chamame-en-federal-exigira-el-pase-sanitario\/#breadcrumb","itemListElement":[{"@type":"ListItem","position":1,"name":"Portada","item":"https:\/\/informelitoral.com.ar\/"},{"@type":"ListItem","position":2,"name":"El Festival de Chamam\u00e9 en Federal exigir\u00e1 el pase sanitario"}]},{"@type":"WebSite","@id":"https:\/\/informelitoral.com.ar\/#website","url":"https:\/\/informelitoral.com.ar\/","name":"Informe Litoral","description":"&quot;Nos informamos&quot; ","publisher":{"@id":"https:\/\/informelitoral.com.ar\/#organization"},"potentialAction":[{"@type":"SearchAction","target":{"@type":"EntryPoint","urlTemplate":"https:\/\/informelitoral.com.ar\/?s={search_term_string}"},"query-input":{"@type":"PropertyValueSpecification","valueRequired":true,"valueName":"search_term_string"}}],"inLanguage":"es"},{"@type":"Organization","@id":"https:\/\/informelitoral.com.ar\/#organization","name":"Informe Litoral","url":"https:\/\/informelitoral.com.ar\/","logo":{"@type":"ImageObject","inLanguage":"es","@id":"https:\/\/informelitoral.com.ar\/#\/schema\/logo\/image\/","url":"https:\/\/informelitoral.com.ar\/%77%70%2d%63%6f%6e%74%65%6e%74\/uploads\/2021\/01\/circulo.png","contentUrl":"https:\/\/informelitoral.com.ar\/%77%70%2d%63%6f%6e%74%65%6e%74\/uploads\/2021\/01\/circulo.png","width":723,"height":731,"caption":"Informe Litoral"},"image":{"@id":"https:\/\/informelitoral.com.ar\/#\/schema\/logo\/image\/"},"sameAs":["https:\/\/www.facebook.com\/informelitoral\/","https:\/\/x.com\/InformeLitoral","https:\/\/www.instagram.com\/informelitoral\/","https:\/\/www.youtube.com\/channel\/UCua4Qvz8Icb6MYqhoq9xLXw"]},{"@type":"Person","@id":"https:\/\/informelitoral.com.ar\/#\/schema\/person\/f05f9f461677119578717524b127d6d5","name":"Sebastian","image":{"@type":"ImageObject","inLanguage":"es","@id":"https:\/\/secure.gravatar.com\/avatar\/b71bf7481d447dfb9583c7f2798e7cc64de6efb9067b74633ed8c31059a3bd82?s=96&d=mm&r=g","url":"https:\/\/secure.gravatar.com\/avatar\/b71bf7481d447dfb9583c7f2798e7cc64de6efb9067b74633ed8c31059a3bd82?s=96&d=mm&r=g","contentUrl":"https:\/\/secure.gravatar.com\/avatar\/b71bf7481d447dfb9583c7f2798e7cc64de6efb9067b74633ed8c31059a3bd82?s=96&d=mm&r=g","caption":"Sebastian"},"url":"https:\/\/informelitoral.com.ar\/author\/sebastian\/"}]}},"_links":{"self":[{"href":"https:\/\/informelitoral.com.ar\/%77%70%2d%6a%73%6f%6e\/wp\/v2\/posts\/69426","targetHints":{"allow":["GET"]}}],"collection":[{"href":"https:\/\/informelitoral.com.ar\/%77%70%2d%6a%73%6f%6e\/wp\/v2\/posts"}],"about":[{"href":"https:\/\/informelitoral.com.ar\/%77%70%2d%6a%73%6f%6e\/wp\/v2\/types\/post"}],"author":[{"embeddable":true,"href":"https:\/\/informelitoral.com.ar\/%77%70%2d%6a%73%6f%6e\/wp\/v2\/users\/8"}],"replies":[{"embeddable":true,"href":"https:\/\/informelitoral.com.ar\/%77%70%2d%6a%73%6f%6e\/wp\/v2\/comments?post=69426"}],"version-history":[{"count":0,"href":"https:\/\/informelitoral.com.ar\/%77%70%2d%6a%73%6f%6e\/wp\/v2\/posts\/69426\/revisions"}],"wp:featuredmedia":[{"embeddable":true,"href":"https:\/\/informelitoral.com.ar\/%77%70%2d%6a%73%6f%6e\/wp\/v2\/media\/69427"}],"wp:attachment":[{"href":"https:\/\/informelitoral.com.ar\/%77%70%2d%6a%73%6f%6e\/wp\/v2\/media?parent=69426"}],"wp:term":[{"taxonomy":"category","embeddable":true,"href":"https:\/\/informelitoral.com.ar\/%77%70%2d%6a%73%6f%6e\/wp\/v2\/categories?post=69426"},{"taxonomy":"post_tag","embeddable":true,"href":"https:\/\/informelitoral.com.ar\/%77%70%2d%6a%73%6f%6e\/wp\/v2\/tags?post=69426"}],"curies":[{"name":"wp","href":"https:\/\/api.w.org\/{rel}","templated":true}]}}