{"id":69403,"date":"2021-12-27T10:18:55","date_gmt":"2021-12-27T13:18:55","guid":{"rendered":"https:\/\/www.informelitoral.com.ar\/?p=69403"},"modified":"2021-12-27T12:26:26","modified_gmt":"2021-12-27T15:26:26","slug":"rigen-nuevas-restricciones-en-cordoba-por-brote-de-omicron","status":"publish","type":"post","link":"https:\/\/informelitoral.com.ar\/rigen-nuevas-restricciones-en-cordoba-por-brote-de-omicron\/","title":{"rendered":"Rigen nuevas restricciones en C\u00f3rdoba por la cepa \u00d3micron"},"content":{"rendered":"<article id=\"article-post\" class=\"first\">\n<div class=\"cuerpo\" data-twitter-link=\"https:\/\/twitter.com\/intent\/tweet?url=https:\/\/ahora.com.ar\/c4253919&amp;via=PlataformaAhora&amp;related=Ahora&amp;text=\">\n<p>El Gobierno de la provincia de\u00a0<strong>C\u00f3rdoba<\/strong>\u00a0inform\u00f3 que desde este lunes, y durante los pr\u00f3ximos 10 d\u00edas,\u00a0<strong>quedar\u00e1n suspendidas las actividades masivas y se reducir\u00e1n los aforos en los salones de fiesta<\/strong>, ante la escalada de contagios de\u00a0coronavirus, principalmente con la cepa\u00a0<strong>\u00d3micron<\/strong>.<\/p>\n<\/div>\n<\/article>\n<article id=\"article-post\">\n<div class=\"cuerpo\" data-twitter-link=\"https:\/\/twitter.com\/intent\/tweet?url=https:\/\/ahora.com.ar\/c4253919&amp;via=PlataformaAhora&amp;related=Ahora&amp;text=\">\n<p><strong>La suba de casos no cesa en C\u00f3rdoba<\/strong>, donde los primeros d\u00edas del mes en curso los contagios diarios de Covid-19 oscilaban entre 100 y 150, en una meseta que se manten\u00eda con tendencia a la baja desde agosto, y que en la \u00faltima semana\u00a0<strong>alcanz\u00f3 cifras superiores a los 5.000 en una jornada<\/strong>.<\/p>\n<p>La situaci\u00f3n, que se ve reflejada con las\u00a0<strong>largas filas de ciudadanos intentando realizarse testeos para determinar si est\u00e1n o no contagiados<\/strong>, llev\u00f3 a las autoridades a tomar medidas, que hace unos 10 d\u00edas no pensaban.<\/p>\n<p>Desde el martes pasado,<strong>\u00a0en C\u00f3rdoba rige el pase sanitario<\/strong>, que se pide para todos los asistentes a eventos de m\u00e1s de 1.000 personas, y para aquellos que realicen viajes grupales.<\/p>\n<p>Sin embargo, la provincia dispuso que directamente desde este lunes se cancelen todo tipo de eventos masivos, y los salones de fiesta tendr\u00e1n un aforo m\u00e1ximo de 300 personas, seg\u00fan un comunicado oficial.<\/p>\n<p>Asimismo,\u00a0<strong>se adelant\u00f3 el plazo para que los vecinos de m\u00e1s de 60 a\u00f1os puedan vacunarse con la dosis de refuerzo.<\/strong>\u00a0Desde este lunes todas las personas de ese rango etario recibir\u00e1n la tercera dosis habiendo pasado al menos cuatro meses de la segunda, mientras que hasta ahora el periodo de ventana alcanzaba los cinco meses. Esa posibilidad de recibir la dosis de refuerzo al cuatro mes desde la segunda, se extiende tambi\u00e9n para personal de salud.<\/p>\n<\/div>\n<\/article>\n","protected":false},"excerpt":{"rendered":"<p>La provincia de C\u00f3rdoba dispuso que desde este lunes se cancelen todo tipo de eventos masivos, y los salones de fiesta reduzcan su aforo.<\/p>\n","protected":false},"author":8,"featured_media":69404,"comment_status":"open","ping_status":"open","sticky":false,"template":"","format":"standard","meta":{"fifu_image_url":"","fifu_image_alt":"","footnotes":""},"categories":[9],"tags":[324,2722,2621],"class_list":{"0":"post-69403","1":"post","2":"type-post","3":"status-publish","4":"format-standard","5":"has-post-thumbnail","7":"category-sociedad","8":"tag-cordoba","9":"tag-nuevas-restricciones","10":"tag-omicron"},"yoast_head":"<title>Rigen nuevas restricciones en C\u00f3rdoba por la cepa \u00d3micron - Informe Litoral<\/title>\n<meta name=\"robots\" content=\"index, follow, max-snippet:-1, max-image-preview:large, max-video-preview:-1\" \/>\n<link rel=\"canonical\" href=\"https:\/\/informelitoral.com.ar\/rigen-nuevas-restricciones-en-cordoba-por-brote-de-omicron\/\" \/>\n<meta property=\"og:locale\" content=\"es_ES\" \/>\n<meta property=\"og:type\" content=\"article\" \/>\n<meta property=\"og:title\" content=\"Rigen nuevas restricciones en C\u00f3rdoba por la cepa \u00d3micron - Informe Litoral\" \/>\n<meta property=\"og:description\" content=\"La provincia de C\u00f3rdoba dispuso que desde este lunes se cancelen todo tipo de eventos masivos, y los salones de fiesta reduzcan su aforo.\" \/>\n<meta property=\"og:url\" content=\"https:\/\/informelitoral.com.ar\/rigen-nuevas-restricciones-en-cordoba-por-brote-de-omicron\/\" \/>\n<meta property=\"og:site_name\" content=\"Informe Litoral\" \/>\n<meta property=\"article:publisher\" content=\"https:\/\/www.facebook.com\/informelitoral\/\" \/>\n<meta property=\"article:published_time\" content=\"2021-12-27T13:18:55+00:00\" \/>\n<meta property=\"article:modified_time\" content=\"2021-12-27T15:26:26+00:00\" \/>\n<meta property=\"og:image\" content=\"https:\/\/informelitoral.com.ar\/%77%70%2d%63%6f%6e%74%65%6e%74\/uploads\/2021\/12\/barbijos-20.jpg\" \/>\n\t<meta property=\"og:image:width\" content=\"685\" \/>\n\t<meta property=\"og:image:height\" content=\"386\" \/>\n\t<meta property=\"og:image:type\" content=\"image\/jpeg\" \/>\n<meta name=\"author\" content=\"Sebastian\" \/>\n<meta name=\"twitter:card\" content=\"summary_large_image\" \/>\n<meta name=\"twitter:creator\" content=\"@InformeLitoral\" \/>\n<meta name=\"twitter:site\" content=\"@InformeLitoral\" \/>\n<meta name=\"twitter:label1\" content=\"Escrito por\" \/>\n\t<meta name=\"twitter:data1\" content=\"Sebastian\" \/>\n\t<meta name=\"twitter:label2\" content=\"Tiempo de lectura\" \/>\n\t<meta name=\"twitter:data2\" content=\"1 minuto\" \/>\n<script type=\"application\/ld+json\" class=\"yoast-schema-graph\">{\"@context\":\"https:\\\/\\\/schema.org\",\"@graph\":[{\"@type\":\"Article\",\"@id\":\"https:\\\/\\\/informelitoral.com.ar\\\/rigen-nuevas-restricciones-en-cordoba-por-brote-de-omicron\\\/#article\",\"isPartOf\":{\"@id\":\"https:\\\/\\\/informelitoral.com.ar\\\/rigen-nuevas-restricciones-en-cordoba-por-brote-de-omicron\\\/\"},\"author\":{\"name\":\"Sebastian\",\"@id\":\"https:\\\/\\\/informelitoral.com.ar\\\/#\\\/schema\\\/person\\\/f05f9f461677119578717524b127d6d5\"},\"headline\":\"Rigen nuevas restricciones en C\u00f3rdoba por la cepa \u00d3micron\",\"datePublished\":\"2021-12-27T13:18:55+00:00\",\"dateModified\":\"2021-12-27T15:26:26+00:00\",\"mainEntityOfPage\":{\"@id\":\"https:\\\/\\\/informelitoral.com.ar\\\/rigen-nuevas-restricciones-en-cordoba-por-brote-de-omicron\\\/\"},\"wordCount\":298,\"commentCount\":0,\"publisher\":{\"@id\":\"https:\\\/\\\/informelitoral.com.ar\\\/#organization\"},\"image\":{\"@id\":\"https:\\\/\\\/informelitoral.com.ar\\\/rigen-nuevas-restricciones-en-cordoba-por-brote-de-omicron\\\/#primaryimage\"},\"thumbnailUrl\":\"https:\\\/\\\/informelitoral.com.ar\\\/%77%70%2d%63%6f%6e%74%65%6e%74\\\/uploads\\\/2021\\\/12\\\/barbijos-20.jpg\",\"keywords\":[\"C\u00f3rdoba\",\"Nuevas Restricciones\",\"\u00d3micron\"],\"articleSection\":[\"Sociedad\"],\"inLanguage\":\"es\",\"potentialAction\":[{\"@type\":\"CommentAction\",\"name\":\"Comment\",\"target\":[\"https:\\\/\\\/informelitoral.com.ar\\\/rigen-nuevas-restricciones-en-cordoba-por-brote-de-omicron\\\/#respond\"]}]},{\"@type\":\"WebPage\",\"@id\":\"https:\\\/\\\/informelitoral.com.ar\\\/rigen-nuevas-restricciones-en-cordoba-por-brote-de-omicron\\\/\",\"url\":\"https:\\\/\\\/informelitoral.com.ar\\\/rigen-nuevas-restricciones-en-cordoba-por-brote-de-omicron\\\/\",\"name\":\"Rigen nuevas restricciones en C\u00f3rdoba por la cepa \u00d3micron - Informe Litoral\",\"isPartOf\":{\"@id\":\"https:\\\/\\\/informelitoral.com.ar\\\/#website\"},\"primaryImageOfPage\":{\"@id\":\"https:\\\/\\\/informelitoral.com.ar\\\/rigen-nuevas-restricciones-en-cordoba-por-brote-de-omicron\\\/#primaryimage\"},\"image\":{\"@id\":\"https:\\\/\\\/informelitoral.com.ar\\\/rigen-nuevas-restricciones-en-cordoba-por-brote-de-omicron\\\/#primaryimage\"},\"thumbnailUrl\":\"https:\\\/\\\/informelitoral.com.ar\\\/%77%70%2d%63%6f%6e%74%65%6e%74\\\/uploads\\\/2021\\\/12\\\/barbijos-20.jpg\",\"datePublished\":\"2021-12-27T13:18:55+00:00\",\"dateModified\":\"2021-12-27T15:26:26+00:00\",\"breadcrumb\":{\"@id\":\"https:\\\/\\\/informelitoral.com.ar\\\/rigen-nuevas-restricciones-en-cordoba-por-brote-de-omicron\\\/#breadcrumb\"},\"inLanguage\":\"es\",\"potentialAction\":[{\"@type\":\"ReadAction\",\"target\":[\"https:\\\/\\\/informelitoral.com.ar\\\/rigen-nuevas-restricciones-en-cordoba-por-brote-de-omicron\\\/\"]}]},{\"@type\":\"ImageObject\",\"inLanguage\":\"es\",\"@id\":\"https:\\\/\\\/informelitoral.com.ar\\\/rigen-nuevas-restricciones-en-cordoba-por-brote-de-omicron\\\/#primaryimage\",\"url\":\"https:\\\/\\\/informelitoral.com.ar\\\/%77%70%2d%63%6f%6e%74%65%6e%74\\\/uploads\\\/2021\\\/12\\\/barbijos-20.jpg\",\"contentUrl\":\"https:\\\/\\\/informelitoral.com.ar\\\/%77%70%2d%63%6f%6e%74%65%6e%74\\\/uploads\\\/2021\\\/12\\\/barbijos-20.jpg\",\"width\":685,\"height\":386},{\"@type\":\"BreadcrumbList\",\"@id\":\"https:\\\/\\\/informelitoral.com.ar\\\/rigen-nuevas-restricciones-en-cordoba-por-brote-de-omicron\\\/#breadcrumb\",\"itemListElement\":[{\"@type\":\"ListItem\",\"position\":1,\"name\":\"Portada\",\"item\":\"https:\\\/\\\/informelitoral.com.ar\\\/\"},{\"@type\":\"ListItem\",\"position\":2,\"name\":\"Rigen nuevas restricciones en C\u00f3rdoba por la cepa \u00d3micron\"}]},{\"@type\":\"WebSite\",\"@id\":\"https:\\\/\\\/informelitoral.com.ar\\\/#website\",\"url\":\"https:\\\/\\\/informelitoral.com.ar\\\/\",\"name\":\"Informe Litoral\",\"description\":\"&quot;Nos informamos&quot; \",\"publisher\":{\"@id\":\"https:\\\/\\\/informelitoral.com.ar\\\/#organization\"},\"potentialAction\":[{\"@type\":\"SearchAction\",\"target\":{\"@type\":\"EntryPoint\",\"urlTemplate\":\"https:\\\/\\\/informelitoral.com.ar\\\/?s={search_term_string}\"},\"query-input\":{\"@type\":\"PropertyValueSpecification\",\"valueRequired\":true,\"valueName\":\"search_term_string\"}}],\"inLanguage\":\"es\"},{\"@type\":\"Organization\",\"@id\":\"https:\\\/\\\/informelitoral.com.ar\\\/#organization\",\"name\":\"Informe Litoral\",\"url\":\"https:\\\/\\\/informelitoral.com.ar\\\/\",\"logo\":{\"@type\":\"ImageObject\",\"inLanguage\":\"es\",\"@id\":\"https:\\\/\\\/informelitoral.com.ar\\\/#\\\/schema\\\/logo\\\/image\\\/\",\"url\":\"https:\\\/\\\/informelitoral.com.ar\\\/%77%70%2d%63%6f%6e%74%65%6e%74\\\/uploads\\\/2021\\\/01\\\/circulo.png\",\"contentUrl\":\"https:\\\/\\\/informelitoral.com.ar\\\/%77%70%2d%63%6f%6e%74%65%6e%74\\\/uploads\\\/2021\\\/01\\\/circulo.png\",\"width\":723,\"height\":731,\"caption\":\"Informe Litoral\"},\"image\":{\"@id\":\"https:\\\/\\\/informelitoral.com.ar\\\/#\\\/schema\\\/logo\\\/image\\\/\"},\"sameAs\":[\"https:\\\/\\\/www.facebook.com\\\/informelitoral\\\/\",\"https:\\\/\\\/x.com\\\/InformeLitoral\",\"https:\\\/\\\/www.instagram.com\\\/informelitoral\\\/\",\"https:\\\/\\\/www.youtube.com\\\/channel\\\/UCua4Qvz8Icb6MYqhoq9xLXw\"]},{\"@type\":\"Person\",\"@id\":\"https:\\\/\\\/informelitoral.com.ar\\\/#\\\/schema\\\/person\\\/f05f9f461677119578717524b127d6d5\",\"name\":\"Sebastian\",\"image\":{\"@type\":\"ImageObject\",\"inLanguage\":\"es\",\"@id\":\"https:\\\/\\\/secure.gravatar.com\\\/avatar\\\/b71bf7481d447dfb9583c7f2798e7cc64de6efb9067b74633ed8c31059a3bd82?s=96&d=mm&r=g\",\"url\":\"https:\\\/\\\/secure.gravatar.com\\\/avatar\\\/b71bf7481d447dfb9583c7f2798e7cc64de6efb9067b74633ed8c31059a3bd82?s=96&d=mm&r=g\",\"contentUrl\":\"https:\\\/\\\/secure.gravatar.com\\\/avatar\\\/b71bf7481d447dfb9583c7f2798e7cc64de6efb9067b74633ed8c31059a3bd82?s=96&d=mm&r=g\",\"caption\":\"Sebastian\"},\"url\":\"https:\\\/\\\/informelitoral.com.ar\\\/author\\\/sebastian\\\/\"}]}<\/script>","yoast_head_json":{"title":"Rigen nuevas restricciones en C\u00f3rdoba por la cepa \u00d3micron - Informe Litoral","robots":{"index":"index","follow":"follow","max-snippet":"max-snippet:-1","max-image-preview":"max-image-preview:large","max-video-preview":"max-video-preview:-1"},"canonical":"https:\/\/informelitoral.com.ar\/rigen-nuevas-restricciones-en-cordoba-por-brote-de-omicron\/","og_locale":"es_ES","og_type":"article","og_title":"Rigen nuevas restricciones en C\u00f3rdoba por la cepa \u00d3micron - Informe Litoral","og_description":"La provincia de C\u00f3rdoba dispuso que desde este lunes se cancelen todo tipo de eventos masivos, y los salones de fiesta reduzcan su aforo.","og_url":"https:\/\/informelitoral.com.ar\/rigen-nuevas-restricciones-en-cordoba-por-brote-de-omicron\/","og_site_name":"Informe Litoral","article_publisher":"https:\/\/www.facebook.com\/informelitoral\/","article_published_time":"2021-12-27T13:18:55+00:00","article_modified_time":"2021-12-27T15:26:26+00:00","og_image":[{"width":685,"height":386,"url":"https:\/\/informelitoral.com.ar\/%77%70%2d%63%6f%6e%74%65%6e%74\/uploads\/2021\/12\/barbijos-20.jpg","type":"image\/jpeg"}],"author":"Sebastian","twitter_card":"summary_large_image","twitter_creator":"@InformeLitoral","twitter_site":"@InformeLitoral","twitter_misc":{"Escrito por":"Sebastian","Tiempo de lectura":"1 minuto"},"schema":{"@context":"https:\/\/schema.org","@graph":[{"@type":"Article","@id":"https:\/\/informelitoral.com.ar\/rigen-nuevas-restricciones-en-cordoba-por-brote-de-omicron\/#article","isPartOf":{"@id":"https:\/\/informelitoral.com.ar\/rigen-nuevas-restricciones-en-cordoba-por-brote-de-omicron\/"},"author":{"name":"Sebastian","@id":"https:\/\/informelitoral.com.ar\/#\/schema\/person\/f05f9f461677119578717524b127d6d5"},"headline":"Rigen nuevas restricciones en C\u00f3rdoba por la cepa \u00d3micron","datePublished":"2021-12-27T13:18:55+00:00","dateModified":"2021-12-27T15:26:26+00:00","mainEntityOfPage":{"@id":"https:\/\/informelitoral.com.ar\/rigen-nuevas-restricciones-en-cordoba-por-brote-de-omicron\/"},"wordCount":298,"commentCount":0,"publisher":{"@id":"https:\/\/informelitoral.com.ar\/#organization"},"image":{"@id":"https:\/\/informelitoral.com.ar\/rigen-nuevas-restricciones-en-cordoba-por-brote-de-omicron\/#primaryimage"},"thumbnailUrl":"https:\/\/informelitoral.com.ar\/%77%70%2d%63%6f%6e%74%65%6e%74\/uploads\/2021\/12\/barbijos-20.jpg","keywords":["C\u00f3rdoba","Nuevas Restricciones","\u00d3micron"],"articleSection":["Sociedad"],"inLanguage":"es","potentialAction":[{"@type":"CommentAction","name":"Comment","target":["https:\/\/informelitoral.com.ar\/rigen-nuevas-restricciones-en-cordoba-por-brote-de-omicron\/#respond"]}]},{"@type":"WebPage","@id":"https:\/\/informelitoral.com.ar\/rigen-nuevas-restricciones-en-cordoba-por-brote-de-omicron\/","url":"https:\/\/informelitoral.com.ar\/rigen-nuevas-restricciones-en-cordoba-por-brote-de-omicron\/","name":"Rigen nuevas restricciones en C\u00f3rdoba por la cepa \u00d3micron - Informe Litoral","isPartOf":{"@id":"https:\/\/informelitoral.com.ar\/#website"},"primaryImageOfPage":{"@id":"https:\/\/informelitoral.com.ar\/rigen-nuevas-restricciones-en-cordoba-por-brote-de-omicron\/#primaryimage"},"image":{"@id":"https:\/\/informelitoral.com.ar\/rigen-nuevas-restricciones-en-cordoba-por-brote-de-omicron\/#primaryimage"},"thumbnailUrl":"https:\/\/informelitoral.com.ar\/%77%70%2d%63%6f%6e%74%65%6e%74\/uploads\/2021\/12\/barbijos-20.jpg","datePublished":"2021-12-27T13:18:55+00:00","dateModified":"2021-12-27T15:26:26+00:00","breadcrumb":{"@id":"https:\/\/informelitoral.com.ar\/rigen-nuevas-restricciones-en-cordoba-por-brote-de-omicron\/#breadcrumb"},"inLanguage":"es","potentialAction":[{"@type":"ReadAction","target":["https:\/\/informelitoral.com.ar\/rigen-nuevas-restricciones-en-cordoba-por-brote-de-omicron\/"]}]},{"@type":"ImageObject","inLanguage":"es","@id":"https:\/\/informelitoral.com.ar\/rigen-nuevas-restricciones-en-cordoba-por-brote-de-omicron\/#primaryimage","url":"https:\/\/informelitoral.com.ar\/%77%70%2d%63%6f%6e%74%65%6e%74\/uploads\/2021\/12\/barbijos-20.jpg","contentUrl":"https:\/\/informelitoral.com.ar\/%77%70%2d%63%6f%6e%74%65%6e%74\/uploads\/2021\/12\/barbijos-20.jpg","width":685,"height":386},{"@type":"BreadcrumbList","@id":"https:\/\/informelitoral.com.ar\/rigen-nuevas-restricciones-en-cordoba-por-brote-de-omicron\/#breadcrumb","itemListElement":[{"@type":"ListItem","position":1,"name":"Portada","item":"https:\/\/informelitoral.com.ar\/"},{"@type":"ListItem","position":2,"name":"Rigen nuevas restricciones en C\u00f3rdoba por la cepa \u00d3micron"}]},{"@type":"WebSite","@id":"https:\/\/informelitoral.com.ar\/#website","url":"https:\/\/informelitoral.com.ar\/","name":"Informe Litoral","description":"&quot;Nos informamos&quot; ","publisher":{"@id":"https:\/\/informelitoral.com.ar\/#organization"},"potentialAction":[{"@type":"SearchAction","target":{"@type":"EntryPoint","urlTemplate":"https:\/\/informelitoral.com.ar\/?s={search_term_string}"},"query-input":{"@type":"PropertyValueSpecification","valueRequired":true,"valueName":"search_term_string"}}],"inLanguage":"es"},{"@type":"Organization","@id":"https:\/\/informelitoral.com.ar\/#organization","name":"Informe Litoral","url":"https:\/\/informelitoral.com.ar\/","logo":{"@type":"ImageObject","inLanguage":"es","@id":"https:\/\/informelitoral.com.ar\/#\/schema\/logo\/image\/","url":"https:\/\/informelitoral.com.ar\/%77%70%2d%63%6f%6e%74%65%6e%74\/uploads\/2021\/01\/circulo.png","contentUrl":"https:\/\/informelitoral.com.ar\/%77%70%2d%63%6f%6e%74%65%6e%74\/uploads\/2021\/01\/circulo.png","width":723,"height":731,"caption":"Informe Litoral"},"image":{"@id":"https:\/\/informelitoral.com.ar\/#\/schema\/logo\/image\/"},"sameAs":["https:\/\/www.facebook.com\/informelitoral\/","https:\/\/x.com\/InformeLitoral","https:\/\/www.instagram.com\/informelitoral\/","https:\/\/www.youtube.com\/channel\/UCua4Qvz8Icb6MYqhoq9xLXw"]},{"@type":"Person","@id":"https:\/\/informelitoral.com.ar\/#\/schema\/person\/f05f9f461677119578717524b127d6d5","name":"Sebastian","image":{"@type":"ImageObject","inLanguage":"es","@id":"https:\/\/secure.gravatar.com\/avatar\/b71bf7481d447dfb9583c7f2798e7cc64de6efb9067b74633ed8c31059a3bd82?s=96&d=mm&r=g","url":"https:\/\/secure.gravatar.com\/avatar\/b71bf7481d447dfb9583c7f2798e7cc64de6efb9067b74633ed8c31059a3bd82?s=96&d=mm&r=g","contentUrl":"https:\/\/secure.gravatar.com\/avatar\/b71bf7481d447dfb9583c7f2798e7cc64de6efb9067b74633ed8c31059a3bd82?s=96&d=mm&r=g","caption":"Sebastian"},"url":"https:\/\/informelitoral.com.ar\/author\/sebastian\/"}]}},"_links":{"self":[{"href":"https:\/\/informelitoral.com.ar\/%77%70%2d%6a%73%6f%6e\/wp\/v2\/posts\/69403","targetHints":{"allow":["GET"]}}],"collection":[{"href":"https:\/\/informelitoral.com.ar\/%77%70%2d%6a%73%6f%6e\/wp\/v2\/posts"}],"about":[{"href":"https:\/\/informelitoral.com.ar\/%77%70%2d%6a%73%6f%6e\/wp\/v2\/types\/post"}],"author":[{"embeddable":true,"href":"https:\/\/informelitoral.com.ar\/%77%70%2d%6a%73%6f%6e\/wp\/v2\/users\/8"}],"replies":[{"embeddable":true,"href":"https:\/\/informelitoral.com.ar\/%77%70%2d%6a%73%6f%6e\/wp\/v2\/comments?post=69403"}],"version-history":[{"count":0,"href":"https:\/\/informelitoral.com.ar\/%77%70%2d%6a%73%6f%6e\/wp\/v2\/posts\/69403\/revisions"}],"wp:featuredmedia":[{"embeddable":true,"href":"https:\/\/informelitoral.com.ar\/%77%70%2d%6a%73%6f%6e\/wp\/v2\/media\/69404"}],"wp:attachment":[{"href":"https:\/\/informelitoral.com.ar\/%77%70%2d%6a%73%6f%6e\/wp\/v2\/media?parent=69403"}],"wp:term":[{"taxonomy":"category","embeddable":true,"href":"https:\/\/informelitoral.com.ar\/%77%70%2d%6a%73%6f%6e\/wp\/v2\/categories?post=69403"},{"taxonomy":"post_tag","embeddable":true,"href":"https:\/\/informelitoral.com.ar\/%77%70%2d%6a%73%6f%6e\/wp\/v2\/tags?post=69403"}],"curies":[{"name":"wp","href":"https:\/\/api.w.org\/{rel}","templated":true}]}}