{"id":69391,"date":"2021-12-27T10:33:07","date_gmt":"2021-12-27T13:33:07","guid":{"rendered":"https:\/\/www.informelitoral.com.ar\/?p=69391"},"modified":"2021-12-27T10:33:07","modified_gmt":"2021-12-27T13:33:07","slug":"lionel-messi-realizo-una-fiesta-exclusiva-con-los-palmeras-en-rosario","status":"publish","type":"post","link":"https:\/\/informelitoral.com.ar\/lionel-messi-realizo-una-fiesta-exclusiva-con-los-palmeras-en-rosario\/","title":{"rendered":"Lionel Messi realiz\u00f3 una fiesta exclusiva con Los Palmeras en Rosario"},"content":{"rendered":"<p>Los festejos por la Navidad continuaron este domingo para Lionel Messi y sus \u00edntimos, quienes organizaron una fiesta exclusiva y festejaron a pura cumbia santafesina con Los Palmeras en Rosario. Un cierre de 2021 a puro lujo despu\u00e9s de su hist\u00f3rico pase a PSG, conquistar la Copa Am\u00e9rica en Brasil y la obtenci\u00f3n de su s\u00e9ptimo Bal\u00f3n de Oro.<\/p>\n<p>La Pulga cant\u00f3 el famoso \u00abAeea yo soy Sabalero\u00bb, ese que revent\u00f3 Asunci\u00f3n, Paraguay, con la final de la Copa Sudamericana 2019 entre Col\u00f3n e Independiente del Valle, y luego se subi\u00f3 al escenario para bailar con Antonela Roccuzzo, su esposa.<\/p>\n<p>Si bien es la primera vez que se encuentran cara a cara, la historia de Messi y Los Palmeras data de hace muchos a\u00f1os. El 24 de junio pasado, cuando el 10 cumpli\u00f3 34 a\u00f1os, los m\u00fasicos readaptaron su cl\u00e1sico tema \u00abSoy Sabalero\u00bb para cambiarle la letra y gritar: \u00abAeeeea, feliz cumple Leo\u00bb.<\/p>\n<h5>La alegr\u00eda de Los Palmeras por compartir la noche con Messi<\/h5>\n<p>\u201cSomos orgullosos argentinos por vos\u201d, se\u00f1al\u00f3 Marcos Caminos, uno de los integrantes del grupo musical, en medio del show, mientras que al terminar el espect\u00e1culo junto con Cacho Deicas, el cantante de la banda, le regalaron un mate personalizado. \u201cEsta posibilidad que tenemos de poder conocerte, es una bendici\u00f3n para nosotros\u201d, se\u00f1al\u00f3 Caminos en otro de los v\u00eddeos que se viraliz\u00f3.<\/p>\n<p>Por su parte, Messi les dijo a ambos integrantes de Los Palmeras: \u201cPara nosotros es un placer y un agradecimiento que est\u00e9n ac\u00e1. La verdad es una alegr\u00eda y es un placer conocerlos\u201d.<\/p>\n<p>\u201cDespedimos el a\u00f1o de una manera \u00fanica. Gracias a Leo Messi y a toda su familia por dejarnos compartir estos momentos\u201d, public\u00f3 la banda de cumbia en su Instagram.<\/p>\n<p>Un poco m\u00e1s atr\u00e1s en el tiempo, en noviembre de 2019, Antonela grab\u00f3 al entonces jugador del Barcelona tarareando el tema \u00abAsesina\u00bb mientras manejaba por las calles de la ciudad catalana al ritmo de Los Palmeras.<br \/>\nY por \u00faltimo, en junio de 2017, cuando Lionel y Antonela se casaron y luego festejaron al ritmo de la cumbia santafesina.<\/p>\n","protected":false},"excerpt":{"rendered":"<p>Los festejos por la Navidad continuaron este domingo para Lionel Messi y sus \u00edntimos, quienes organizaron un evento exclusiva y celebraron a pura cumbia santafesina con Los Palmeras en Rosario.<\/p>\n","protected":false},"author":8,"featured_media":69392,"comment_status":"open","ping_status":"open","sticky":false,"template":"","format":"standard","meta":{"fifu_image_url":"","fifu_image_alt":"","footnotes":""},"categories":[12],"tags":[621,1255,816],"class_list":{"0":"post-69391","1":"post","2":"type-post","3":"status-publish","4":"format-standard","5":"has-post-thumbnail","7":"category-espectaculos","8":"tag-fiesta","9":"tag-lionel-messi","10":"tag-rosario"},"yoast_head":"<title>Lionel Messi realiz\u00f3 una fiesta exclusiva con Los Palmeras en Rosario - Informe Litoral<\/title>\n<meta name=\"robots\" content=\"index, follow, max-snippet:-1, max-image-preview:large, max-video-preview:-1\" \/>\n<link rel=\"canonical\" href=\"https:\/\/informelitoral.com.ar\/lionel-messi-realizo-una-fiesta-exclusiva-con-los-palmeras-en-rosario\/\" \/>\n<meta property=\"og:locale\" content=\"es_ES\" \/>\n<meta property=\"og:type\" content=\"article\" \/>\n<meta property=\"og:title\" content=\"Lionel Messi realiz\u00f3 una fiesta exclusiva con Los Palmeras en Rosario - Informe Litoral\" \/>\n<meta property=\"og:description\" content=\"Los festejos por la Navidad continuaron este domingo para Lionel Messi y sus \u00edntimos, quienes organizaron un evento exclusiva y celebraron a pura cumbia santafesina con Los Palmeras en Rosario.\" \/>\n<meta property=\"og:url\" content=\"https:\/\/informelitoral.com.ar\/lionel-messi-realizo-una-fiesta-exclusiva-con-los-palmeras-en-rosario\/\" \/>\n<meta property=\"og:site_name\" content=\"Informe Litoral\" \/>\n<meta property=\"article:publisher\" content=\"https:\/\/www.facebook.com\/informelitoral\/\" \/>\n<meta property=\"article:published_time\" content=\"2021-12-27T13:33:07+00:00\" \/>\n<meta property=\"og:image\" content=\"https:\/\/informelitoral.com.ar\/%77%70%2d%63%6f%6e%74%65%6e%74\/uploads\/2021\/12\/o_1640607505.jpg\" \/>\n\t<meta property=\"og:image:width\" content=\"800\" \/>\n\t<meta property=\"og:image:height\" content=\"450\" \/>\n\t<meta property=\"og:image:type\" content=\"image\/jpeg\" \/>\n<meta name=\"author\" content=\"Sebastian\" \/>\n<meta name=\"twitter:card\" content=\"summary_large_image\" \/>\n<meta name=\"twitter:creator\" content=\"@InformeLitoral\" \/>\n<meta name=\"twitter:site\" content=\"@InformeLitoral\" \/>\n<meta name=\"twitter:label1\" content=\"Escrito por\" \/>\n\t<meta name=\"twitter:data1\" content=\"Sebastian\" \/>\n\t<meta name=\"twitter:label2\" content=\"Tiempo de lectura\" \/>\n\t<meta name=\"twitter:data2\" content=\"2 minutos\" \/>\n<script type=\"application\/ld+json\" class=\"yoast-schema-graph\">{\"@context\":\"https:\\\/\\\/schema.org\",\"@graph\":[{\"@type\":\"Article\",\"@id\":\"https:\\\/\\\/informelitoral.com.ar\\\/lionel-messi-realizo-una-fiesta-exclusiva-con-los-palmeras-en-rosario\\\/#article\",\"isPartOf\":{\"@id\":\"https:\\\/\\\/informelitoral.com.ar\\\/lionel-messi-realizo-una-fiesta-exclusiva-con-los-palmeras-en-rosario\\\/\"},\"author\":{\"name\":\"Sebastian\",\"@id\":\"https:\\\/\\\/informelitoral.com.ar\\\/#\\\/schema\\\/person\\\/f05f9f461677119578717524b127d6d5\"},\"headline\":\"Lionel Messi realiz\u00f3 una fiesta exclusiva con Los Palmeras en Rosario\",\"datePublished\":\"2021-12-27T13:33:07+00:00\",\"mainEntityOfPage\":{\"@id\":\"https:\\\/\\\/informelitoral.com.ar\\\/lionel-messi-realizo-una-fiesta-exclusiva-con-los-palmeras-en-rosario\\\/\"},\"wordCount\":372,\"commentCount\":0,\"publisher\":{\"@id\":\"https:\\\/\\\/informelitoral.com.ar\\\/#organization\"},\"image\":{\"@id\":\"https:\\\/\\\/informelitoral.com.ar\\\/lionel-messi-realizo-una-fiesta-exclusiva-con-los-palmeras-en-rosario\\\/#primaryimage\"},\"thumbnailUrl\":\"https:\\\/\\\/informelitoral.com.ar\\\/%77%70%2d%63%6f%6e%74%65%6e%74\\\/uploads\\\/2021\\\/12\\\/o_1640607505.jpg\",\"keywords\":[\"Fiesta\",\"Lionel Messi\",\"Rosario\"],\"articleSection\":[\"Espect\u00e1culos\"],\"inLanguage\":\"es\",\"potentialAction\":[{\"@type\":\"CommentAction\",\"name\":\"Comment\",\"target\":[\"https:\\\/\\\/informelitoral.com.ar\\\/lionel-messi-realizo-una-fiesta-exclusiva-con-los-palmeras-en-rosario\\\/#respond\"]}]},{\"@type\":\"WebPage\",\"@id\":\"https:\\\/\\\/informelitoral.com.ar\\\/lionel-messi-realizo-una-fiesta-exclusiva-con-los-palmeras-en-rosario\\\/\",\"url\":\"https:\\\/\\\/informelitoral.com.ar\\\/lionel-messi-realizo-una-fiesta-exclusiva-con-los-palmeras-en-rosario\\\/\",\"name\":\"Lionel Messi realiz\u00f3 una fiesta exclusiva con Los Palmeras en Rosario - Informe Litoral\",\"isPartOf\":{\"@id\":\"https:\\\/\\\/informelitoral.com.ar\\\/#website\"},\"primaryImageOfPage\":{\"@id\":\"https:\\\/\\\/informelitoral.com.ar\\\/lionel-messi-realizo-una-fiesta-exclusiva-con-los-palmeras-en-rosario\\\/#primaryimage\"},\"image\":{\"@id\":\"https:\\\/\\\/informelitoral.com.ar\\\/lionel-messi-realizo-una-fiesta-exclusiva-con-los-palmeras-en-rosario\\\/#primaryimage\"},\"thumbnailUrl\":\"https:\\\/\\\/informelitoral.com.ar\\\/%77%70%2d%63%6f%6e%74%65%6e%74\\\/uploads\\\/2021\\\/12\\\/o_1640607505.jpg\",\"datePublished\":\"2021-12-27T13:33:07+00:00\",\"breadcrumb\":{\"@id\":\"https:\\\/\\\/informelitoral.com.ar\\\/lionel-messi-realizo-una-fiesta-exclusiva-con-los-palmeras-en-rosario\\\/#breadcrumb\"},\"inLanguage\":\"es\",\"potentialAction\":[{\"@type\":\"ReadAction\",\"target\":[\"https:\\\/\\\/informelitoral.com.ar\\\/lionel-messi-realizo-una-fiesta-exclusiva-con-los-palmeras-en-rosario\\\/\"]}]},{\"@type\":\"ImageObject\",\"inLanguage\":\"es\",\"@id\":\"https:\\\/\\\/informelitoral.com.ar\\\/lionel-messi-realizo-una-fiesta-exclusiva-con-los-palmeras-en-rosario\\\/#primaryimage\",\"url\":\"https:\\\/\\\/informelitoral.com.ar\\\/%77%70%2d%63%6f%6e%74%65%6e%74\\\/uploads\\\/2021\\\/12\\\/o_1640607505.jpg\",\"contentUrl\":\"https:\\\/\\\/informelitoral.com.ar\\\/%77%70%2d%63%6f%6e%74%65%6e%74\\\/uploads\\\/2021\\\/12\\\/o_1640607505.jpg\",\"width\":800,\"height\":450},{\"@type\":\"BreadcrumbList\",\"@id\":\"https:\\\/\\\/informelitoral.com.ar\\\/lionel-messi-realizo-una-fiesta-exclusiva-con-los-palmeras-en-rosario\\\/#breadcrumb\",\"itemListElement\":[{\"@type\":\"ListItem\",\"position\":1,\"name\":\"Portada\",\"item\":\"https:\\\/\\\/informelitoral.com.ar\\\/\"},{\"@type\":\"ListItem\",\"position\":2,\"name\":\"Lionel Messi realiz\u00f3 una fiesta exclusiva con Los Palmeras en Rosario\"}]},{\"@type\":\"WebSite\",\"@id\":\"https:\\\/\\\/informelitoral.com.ar\\\/#website\",\"url\":\"https:\\\/\\\/informelitoral.com.ar\\\/\",\"name\":\"Informe Litoral\",\"description\":\"&quot;Nos informamos&quot; \",\"publisher\":{\"@id\":\"https:\\\/\\\/informelitoral.com.ar\\\/#organization\"},\"potentialAction\":[{\"@type\":\"SearchAction\",\"target\":{\"@type\":\"EntryPoint\",\"urlTemplate\":\"https:\\\/\\\/informelitoral.com.ar\\\/?s={search_term_string}\"},\"query-input\":{\"@type\":\"PropertyValueSpecification\",\"valueRequired\":true,\"valueName\":\"search_term_string\"}}],\"inLanguage\":\"es\"},{\"@type\":\"Organization\",\"@id\":\"https:\\\/\\\/informelitoral.com.ar\\\/#organization\",\"name\":\"Informe Litoral\",\"url\":\"https:\\\/\\\/informelitoral.com.ar\\\/\",\"logo\":{\"@type\":\"ImageObject\",\"inLanguage\":\"es\",\"@id\":\"https:\\\/\\\/informelitoral.com.ar\\\/#\\\/schema\\\/logo\\\/image\\\/\",\"url\":\"https:\\\/\\\/informelitoral.com.ar\\\/%77%70%2d%63%6f%6e%74%65%6e%74\\\/uploads\\\/2021\\\/01\\\/circulo.png\",\"contentUrl\":\"https:\\\/\\\/informelitoral.com.ar\\\/%77%70%2d%63%6f%6e%74%65%6e%74\\\/uploads\\\/2021\\\/01\\\/circulo.png\",\"width\":723,\"height\":731,\"caption\":\"Informe Litoral\"},\"image\":{\"@id\":\"https:\\\/\\\/informelitoral.com.ar\\\/#\\\/schema\\\/logo\\\/image\\\/\"},\"sameAs\":[\"https:\\\/\\\/www.facebook.com\\\/informelitoral\\\/\",\"https:\\\/\\\/x.com\\\/InformeLitoral\",\"https:\\\/\\\/www.instagram.com\\\/informelitoral\\\/\",\"https:\\\/\\\/www.youtube.com\\\/channel\\\/UCua4Qvz8Icb6MYqhoq9xLXw\"]},{\"@type\":\"Person\",\"@id\":\"https:\\\/\\\/informelitoral.com.ar\\\/#\\\/schema\\\/person\\\/f05f9f461677119578717524b127d6d5\",\"name\":\"Sebastian\",\"image\":{\"@type\":\"ImageObject\",\"inLanguage\":\"es\",\"@id\":\"https:\\\/\\\/secure.gravatar.com\\\/avatar\\\/b71bf7481d447dfb9583c7f2798e7cc64de6efb9067b74633ed8c31059a3bd82?s=96&d=mm&r=g\",\"url\":\"https:\\\/\\\/secure.gravatar.com\\\/avatar\\\/b71bf7481d447dfb9583c7f2798e7cc64de6efb9067b74633ed8c31059a3bd82?s=96&d=mm&r=g\",\"contentUrl\":\"https:\\\/\\\/secure.gravatar.com\\\/avatar\\\/b71bf7481d447dfb9583c7f2798e7cc64de6efb9067b74633ed8c31059a3bd82?s=96&d=mm&r=g\",\"caption\":\"Sebastian\"},\"url\":\"https:\\\/\\\/informelitoral.com.ar\\\/author\\\/sebastian\\\/\"}]}<\/script>","yoast_head_json":{"title":"Lionel Messi realiz\u00f3 una fiesta exclusiva con Los Palmeras en Rosario - Informe Litoral","robots":{"index":"index","follow":"follow","max-snippet":"max-snippet:-1","max-image-preview":"max-image-preview:large","max-video-preview":"max-video-preview:-1"},"canonical":"https:\/\/informelitoral.com.ar\/lionel-messi-realizo-una-fiesta-exclusiva-con-los-palmeras-en-rosario\/","og_locale":"es_ES","og_type":"article","og_title":"Lionel Messi realiz\u00f3 una fiesta exclusiva con Los Palmeras en Rosario - Informe Litoral","og_description":"Los festejos por la Navidad continuaron este domingo para Lionel Messi y sus \u00edntimos, quienes organizaron un evento exclusiva y celebraron a pura cumbia santafesina con Los Palmeras en Rosario.","og_url":"https:\/\/informelitoral.com.ar\/lionel-messi-realizo-una-fiesta-exclusiva-con-los-palmeras-en-rosario\/","og_site_name":"Informe Litoral","article_publisher":"https:\/\/www.facebook.com\/informelitoral\/","article_published_time":"2021-12-27T13:33:07+00:00","og_image":[{"width":800,"height":450,"url":"https:\/\/informelitoral.com.ar\/%77%70%2d%63%6f%6e%74%65%6e%74\/uploads\/2021\/12\/o_1640607505.jpg","type":"image\/jpeg"}],"author":"Sebastian","twitter_card":"summary_large_image","twitter_creator":"@InformeLitoral","twitter_site":"@InformeLitoral","twitter_misc":{"Escrito por":"Sebastian","Tiempo de lectura":"2 minutos"},"schema":{"@context":"https:\/\/schema.org","@graph":[{"@type":"Article","@id":"https:\/\/informelitoral.com.ar\/lionel-messi-realizo-una-fiesta-exclusiva-con-los-palmeras-en-rosario\/#article","isPartOf":{"@id":"https:\/\/informelitoral.com.ar\/lionel-messi-realizo-una-fiesta-exclusiva-con-los-palmeras-en-rosario\/"},"author":{"name":"Sebastian","@id":"https:\/\/informelitoral.com.ar\/#\/schema\/person\/f05f9f461677119578717524b127d6d5"},"headline":"Lionel Messi realiz\u00f3 una fiesta exclusiva con Los Palmeras en Rosario","datePublished":"2021-12-27T13:33:07+00:00","mainEntityOfPage":{"@id":"https:\/\/informelitoral.com.ar\/lionel-messi-realizo-una-fiesta-exclusiva-con-los-palmeras-en-rosario\/"},"wordCount":372,"commentCount":0,"publisher":{"@id":"https:\/\/informelitoral.com.ar\/#organization"},"image":{"@id":"https:\/\/informelitoral.com.ar\/lionel-messi-realizo-una-fiesta-exclusiva-con-los-palmeras-en-rosario\/#primaryimage"},"thumbnailUrl":"https:\/\/informelitoral.com.ar\/%77%70%2d%63%6f%6e%74%65%6e%74\/uploads\/2021\/12\/o_1640607505.jpg","keywords":["Fiesta","Lionel Messi","Rosario"],"articleSection":["Espect\u00e1culos"],"inLanguage":"es","potentialAction":[{"@type":"CommentAction","name":"Comment","target":["https:\/\/informelitoral.com.ar\/lionel-messi-realizo-una-fiesta-exclusiva-con-los-palmeras-en-rosario\/#respond"]}]},{"@type":"WebPage","@id":"https:\/\/informelitoral.com.ar\/lionel-messi-realizo-una-fiesta-exclusiva-con-los-palmeras-en-rosario\/","url":"https:\/\/informelitoral.com.ar\/lionel-messi-realizo-una-fiesta-exclusiva-con-los-palmeras-en-rosario\/","name":"Lionel Messi realiz\u00f3 una fiesta exclusiva con Los Palmeras en Rosario - Informe Litoral","isPartOf":{"@id":"https:\/\/informelitoral.com.ar\/#website"},"primaryImageOfPage":{"@id":"https:\/\/informelitoral.com.ar\/lionel-messi-realizo-una-fiesta-exclusiva-con-los-palmeras-en-rosario\/#primaryimage"},"image":{"@id":"https:\/\/informelitoral.com.ar\/lionel-messi-realizo-una-fiesta-exclusiva-con-los-palmeras-en-rosario\/#primaryimage"},"thumbnailUrl":"https:\/\/informelitoral.com.ar\/%77%70%2d%63%6f%6e%74%65%6e%74\/uploads\/2021\/12\/o_1640607505.jpg","datePublished":"2021-12-27T13:33:07+00:00","breadcrumb":{"@id":"https:\/\/informelitoral.com.ar\/lionel-messi-realizo-una-fiesta-exclusiva-con-los-palmeras-en-rosario\/#breadcrumb"},"inLanguage":"es","potentialAction":[{"@type":"ReadAction","target":["https:\/\/informelitoral.com.ar\/lionel-messi-realizo-una-fiesta-exclusiva-con-los-palmeras-en-rosario\/"]}]},{"@type":"ImageObject","inLanguage":"es","@id":"https:\/\/informelitoral.com.ar\/lionel-messi-realizo-una-fiesta-exclusiva-con-los-palmeras-en-rosario\/#primaryimage","url":"https:\/\/informelitoral.com.ar\/%77%70%2d%63%6f%6e%74%65%6e%74\/uploads\/2021\/12\/o_1640607505.jpg","contentUrl":"https:\/\/informelitoral.com.ar\/%77%70%2d%63%6f%6e%74%65%6e%74\/uploads\/2021\/12\/o_1640607505.jpg","width":800,"height":450},{"@type":"BreadcrumbList","@id":"https:\/\/informelitoral.com.ar\/lionel-messi-realizo-una-fiesta-exclusiva-con-los-palmeras-en-rosario\/#breadcrumb","itemListElement":[{"@type":"ListItem","position":1,"name":"Portada","item":"https:\/\/informelitoral.com.ar\/"},{"@type":"ListItem","position":2,"name":"Lionel Messi realiz\u00f3 una fiesta exclusiva con Los Palmeras en Rosario"}]},{"@type":"WebSite","@id":"https:\/\/informelitoral.com.ar\/#website","url":"https:\/\/informelitoral.com.ar\/","name":"Informe Litoral","description":"&quot;Nos informamos&quot; ","publisher":{"@id":"https:\/\/informelitoral.com.ar\/#organization"},"potentialAction":[{"@type":"SearchAction","target":{"@type":"EntryPoint","urlTemplate":"https:\/\/informelitoral.com.ar\/?s={search_term_string}"},"query-input":{"@type":"PropertyValueSpecification","valueRequired":true,"valueName":"search_term_string"}}],"inLanguage":"es"},{"@type":"Organization","@id":"https:\/\/informelitoral.com.ar\/#organization","name":"Informe Litoral","url":"https:\/\/informelitoral.com.ar\/","logo":{"@type":"ImageObject","inLanguage":"es","@id":"https:\/\/informelitoral.com.ar\/#\/schema\/logo\/image\/","url":"https:\/\/informelitoral.com.ar\/%77%70%2d%63%6f%6e%74%65%6e%74\/uploads\/2021\/01\/circulo.png","contentUrl":"https:\/\/informelitoral.com.ar\/%77%70%2d%63%6f%6e%74%65%6e%74\/uploads\/2021\/01\/circulo.png","width":723,"height":731,"caption":"Informe Litoral"},"image":{"@id":"https:\/\/informelitoral.com.ar\/#\/schema\/logo\/image\/"},"sameAs":["https:\/\/www.facebook.com\/informelitoral\/","https:\/\/x.com\/InformeLitoral","https:\/\/www.instagram.com\/informelitoral\/","https:\/\/www.youtube.com\/channel\/UCua4Qvz8Icb6MYqhoq9xLXw"]},{"@type":"Person","@id":"https:\/\/informelitoral.com.ar\/#\/schema\/person\/f05f9f461677119578717524b127d6d5","name":"Sebastian","image":{"@type":"ImageObject","inLanguage":"es","@id":"https:\/\/secure.gravatar.com\/avatar\/b71bf7481d447dfb9583c7f2798e7cc64de6efb9067b74633ed8c31059a3bd82?s=96&d=mm&r=g","url":"https:\/\/secure.gravatar.com\/avatar\/b71bf7481d447dfb9583c7f2798e7cc64de6efb9067b74633ed8c31059a3bd82?s=96&d=mm&r=g","contentUrl":"https:\/\/secure.gravatar.com\/avatar\/b71bf7481d447dfb9583c7f2798e7cc64de6efb9067b74633ed8c31059a3bd82?s=96&d=mm&r=g","caption":"Sebastian"},"url":"https:\/\/informelitoral.com.ar\/author\/sebastian\/"}]}},"_links":{"self":[{"href":"https:\/\/informelitoral.com.ar\/%77%70%2d%6a%73%6f%6e\/wp\/v2\/posts\/69391","targetHints":{"allow":["GET"]}}],"collection":[{"href":"https:\/\/informelitoral.com.ar\/%77%70%2d%6a%73%6f%6e\/wp\/v2\/posts"}],"about":[{"href":"https:\/\/informelitoral.com.ar\/%77%70%2d%6a%73%6f%6e\/wp\/v2\/types\/post"}],"author":[{"embeddable":true,"href":"https:\/\/informelitoral.com.ar\/%77%70%2d%6a%73%6f%6e\/wp\/v2\/users\/8"}],"replies":[{"embeddable":true,"href":"https:\/\/informelitoral.com.ar\/%77%70%2d%6a%73%6f%6e\/wp\/v2\/comments?post=69391"}],"version-history":[{"count":0,"href":"https:\/\/informelitoral.com.ar\/%77%70%2d%6a%73%6f%6e\/wp\/v2\/posts\/69391\/revisions"}],"wp:featuredmedia":[{"embeddable":true,"href":"https:\/\/informelitoral.com.ar\/%77%70%2d%6a%73%6f%6e\/wp\/v2\/media\/69392"}],"wp:attachment":[{"href":"https:\/\/informelitoral.com.ar\/%77%70%2d%6a%73%6f%6e\/wp\/v2\/media?parent=69391"}],"wp:term":[{"taxonomy":"category","embeddable":true,"href":"https:\/\/informelitoral.com.ar\/%77%70%2d%6a%73%6f%6e\/wp\/v2\/categories?post=69391"},{"taxonomy":"post_tag","embeddable":true,"href":"https:\/\/informelitoral.com.ar\/%77%70%2d%6a%73%6f%6e\/wp\/v2\/tags?post=69391"}],"curies":[{"name":"wp","href":"https:\/\/api.w.org\/{rel}","templated":true}]}}