{"id":693,"date":"2013-04-01T19:21:40","date_gmt":"2013-04-01T22:21:40","guid":{"rendered":"http:\/\/www.isletasnoticias.com.ar\/?p=693"},"modified":"2013-04-01T19:26:11","modified_gmt":"2013-04-01T22:26:11","slug":"el-turismo-de-semana-santa-dejaria-30-millones-mas-que-el-ano-pasado","status":"publish","type":"post","link":"https:\/\/informelitoral.com.ar\/el-turismo-de-semana-santa-dejaria-30-millones-mas-que-el-ano-pasado\/","title":{"rendered":"El turismo de Semana Santa dejar\u00eda 30 millones m\u00e1s que el a\u00f1o pasado"},"content":{"rendered":"<p><strong>Desde el jueves Entre R\u00edos se consolid\u00f3 entre las provincias m\u00e1s elegidas del pa\u00eds por los turistas, con 320.000 pernoctes entre las cin<strong>co noches.<\/strong><\/strong><\/p>\n<p><a style=\"text-align: center;\" href=\"http:\/\/www.isletasnoticias.com.ar\/%77%70%2d%63%6f%6e%74%65%6e%74\/uploads\/2013\/04\/turismo3_jpg_2069621814.jpg\"><img loading=\"lazy\" decoding=\"async\" class=\"size-medium wp-image-695 aligncenter\" alt=\"turismo3_jpg_2069621814\" src=\"http:\/\/www.isletasnoticias.com.ar\/%77%70%2d%63%6f%6e%74%65%6e%74\/uploads\/2013\/04\/turismo3_jpg_2069621814-300x195.jpg\" width=\"300\" height=\"195\" srcset=\"https:\/\/informelitoral.com.ar\/%77%70%2d%63%6f%6e%74%65%6e%74\/uploads\/2013\/04\/turismo3_jpg_2069621814-300x195.jpg 300w, https:\/\/informelitoral.com.ar\/%77%70%2d%63%6f%6e%74%65%6e%74\/uploads\/2013\/04\/turismo3_jpg_2069621814.jpg 365w\" sizes=\"auto, (max-width: 300px) 100vw, 300px\" \/><\/a><\/p>\n<p>El ingreso econ\u00f3mico a la provincia por el turismo de este fin de semana extra largo podr\u00eda superar los 120 millones de pesos. La cifra supera en 30 millones al movimiento registrado el a\u00f1o pasado.<\/p>\n<p>El flujo de fondos que dejaron los turistas provenientes fundamentalmente de las provincias de Buenos Aires, C\u00f3rdoba y Santa Fe, adem\u00e1s de los mismo entrerrianos, impacta en la econom\u00eda regional con un alto grado de influencia en la comunidad, se inform\u00f3 desde el gobierno.<\/p>\n<p><em><strong>\u00a0<\/strong>\u201cLa definitiva instalaci\u00f3n de Entre R\u00edos como destino privilegiado para el turismo habla con claridad de todo lo que se puede hacer cuando el sector p\u00fablico y el sector privado trabajan juntos\u201d,<\/em> dijo el gobernador<strong> Sergio Urribarri.<\/strong><\/p>\n<p><em> \u201cEn cada familia que nos est\u00e1 visitando hay generaci\u00f3n de empleos en los diferentes sectores que conforman el turismo: gastronom\u00eda, hoteler\u00eda, servicios, conformando un c\u00edrculo virtuoso que hay que seguir fortaleciendo\u201d,<\/em> asegur\u00f3.<\/p>\n<p>De acuerdo con los datos reunidos, ya se movilizaron 120 millones de pesos en estos d\u00edas de Semana Santa.<em> \u201cSon 30 millones m\u00e1s que el a\u00f1o pasado, una clara muestra del crecimiento sostenido en la calidad del servicio que se ofrece y en las bellezas naturales de Entre R\u00edos\u201d,<\/em> concluy\u00f3 Urribarri.<\/p>\n<p>Desde el jueves Entre R\u00edos se consolid\u00f3 entre las provincias m\u00e1s elegidas del pa\u00eds por los turistas, con 320.000 pernoctes entre las cinco noches. En comparaci\u00f3n con la Semana Santa del a\u00f1o anterior, en los \u00faltimos meses se inauguraron nuevas plazas de alojamientos, que se vieron colmados, y se habilitaron m\u00e1s lugares de esparcimiento, como consecuencia del crecimiento tur\u00edstico que viene teniendo la provincia.<\/p>\n<p>Por ejemplo, en Paran\u00e1 se inaugur\u00f3 el nuevo hotel Biociti, en una construcci\u00f3n de 1890. En Villa Elisa, el nuevo hotel resort y spa Quinto Elemento. Adem\u00e1s, los parques acu\u00e1ticos de Termas Concepci\u00f3n y Termas del Ayu\u00ed, y el de Col\u00f3n; y la inauguraci\u00f3n del nuevo complejo termal de Basavilbaso.<\/p>\n<p>Estas son algunas de las nuevas iniciativas privadas que se incorporaron recientemente al servicio de turismo, brindando nuevas alternativas y aumentando la capacidad de alojamiento de nuestra provincia. En el Parque Nacional El Palmar, s\u00f3lo el d\u00eda s\u00e1bado se registraron un r\u00e9cord de 3.416 visitantes, superando un total de 13.000 personas en lo que va del fin de semana. En tanto, en el museo hist\u00f3rico del Palacio San Jos\u00e9 se cont\u00f3 con m\u00e1s de 5500 visitas.<\/p>\n<p><strong>Las termas con m\u00e1xima afluencia<\/strong><\/p>\n<p>Los parques acu\u00e1ticos y complejos termales estuvieron a pleno y convocaron a miles de turistas durante todos los d\u00edas de este feriado, posicion\u00e1ndose como una de las atracciones elegidas de nuestra provincia, ya que superaron las 40.000 entradas vendidas. Por ello, los diferentes complejos incluyeron en sus atracciones, aquagym, shows en vivo, deportes y desfiles.<\/p>\n<p><strong>Deportes, pesca, shows y ferias<\/strong><\/p>\n<p><strong><\/strong>En la provincia se realizaron diversas actividades deportivas n\u00e1uticas, regatas, maratones, traves\u00eda de canotaje, convocando a la participaci\u00f3n de los turistas.<\/p>\n<p>En la mayor\u00eda de las ciudades, las carpas de artesanos y ferias desplegadas en las plazas, mostraron el arte nuestro y de la regi\u00f3n adem\u00e1s de productos de degustaci\u00f3n.<\/p>\n<p>Tambi\u00e9n hubo artistas que se presentaron en los escenarios provinciales, entregando un motivo m\u00e1s de recreaci\u00f3n a los visitantes.<\/p>\n<p>La pesca fue otro atractivo muy buscado en las costas del Paran\u00e1 y del Uruguay, con muchas lanchas en diversos recorridos, gu\u00edas de pesca que ayudaron a los visitantes; e incluso se realizaron torneos de pesca, incluyendo uno para chicos, llamado campeonato de pesca de mojarrita para menores, en la ciudad de Col\u00f3n.<\/p>\n<p><strong>Operativo Verano Seguro<\/strong><\/p>\n<p>Este fue el \u00faltimo fin de semana de los puestos de informes tur\u00edsticos, comprendidos en el operativo Verano Seguro, que estuvieron presentes a la vera de la ruta, en los ingresos de las ciudades. Durante las 24 horas, el personal all\u00ed apostado entreg\u00f3 material impreso de los atractivos de su regi\u00f3n y la publicaci\u00f3n semanal con la gu\u00eda de actividades de la semana.<\/p>\n<p>En las encuestas a los turistas, las palabras m\u00e1s usadas fueron tranquilidad, naturaleza, playas y termas, al preguntarle con qu\u00e9 asociaba a la provincia. Tambi\u00e9n se registr\u00f3 que la mayor\u00eda ya conoc\u00edan Entre R\u00edos y que vienen asiduamente; y el resto se enter\u00f3 de los atractivos por medio de internet o del \u201cboca a boca\u201d.<\/p>\n<p>Los visitantes son mayormente familias con un\u00a0hijo y parejas, que se movilizan en auto, y se alojan en hoteles, caba\u00f1as, bungalows y carpas, en ese orden.<\/p>\n<p>Con m\u00e1s de 100 personas en las rutas, casillas de informes, gacebos, folleter\u00eda, centro digitales de datos y veh\u00edculos de soporte, se realiz\u00f3 por primera vez una atenci\u00f3n de 24 horas a miles de turistas en todos los ingresos a Entre R\u00edos, lo cual no tiene precedentes y marcar\u00e1 el camino de las pr\u00f3ximas temporadas.<\/p>\n<p style=\"text-align: left;\">Fuente: UNO.<\/p>\n","protected":false},"excerpt":{"rendered":"<p>Desde el jueves Entre R&iacute;os se consolid&oacute; entre las provincias m&aacute;s elegidas del pa&iacute;s por los turistas, con 320.000 pernoctes entre las cinco noches. El ingreso econ&oacute;mico a la provincia por el turismo de este fin de semana extra largo podr&iacute;a superar los 120 millones de pesos. La cifra supera en 30 millones al movimiento [&hellip;]<\/p>\n","protected":false},"author":2,"featured_media":0,"comment_status":"open","ping_status":"open","sticky":false,"template":"","format":"standard","meta":{"fifu_image_url":"","fifu_image_alt":"","footnotes":""},"categories":[6],"tags":[],"class_list":{"0":"post-693","1":"post","2":"type-post","3":"status-publish","4":"format-standard","6":"category-entre-rios"},"yoast_head":"<title>El turismo de Semana Santa dejar\u00eda 30 millones m\u00e1s que el a\u00f1o pasado - Informe Litoral<\/title>\n<meta name=\"robots\" content=\"index, follow, max-snippet:-1, max-image-preview:large, max-video-preview:-1\" \/>\n<link rel=\"canonical\" href=\"https:\/\/informelitoral.com.ar\/el-turismo-de-semana-santa-dejaria-30-millones-mas-que-el-ano-pasado\/\" \/>\n<meta property=\"og:locale\" content=\"es_ES\" \/>\n<meta property=\"og:type\" content=\"article\" \/>\n<meta property=\"og:title\" content=\"El turismo de Semana Santa dejar\u00eda 30 millones m\u00e1s que el a\u00f1o pasado - Informe Litoral\" \/>\n<meta property=\"og:description\" content=\"Desde el jueves Entre R&iacute;os se consolid&oacute; entre las provincias m&aacute;s elegidas del pa&iacute;s por los turistas, con 320.000 pernoctes entre las cinco noches. El ingreso econ&oacute;mico a la provincia por el turismo de este fin de semana extra largo podr&iacute;a superar los 120 millones de pesos. La cifra supera en 30 millones al movimiento [&hellip;]\" \/>\n<meta property=\"og:url\" content=\"https:\/\/informelitoral.com.ar\/el-turismo-de-semana-santa-dejaria-30-millones-mas-que-el-ano-pasado\/\" \/>\n<meta property=\"og:site_name\" content=\"Informe Litoral\" \/>\n<meta property=\"article:publisher\" content=\"https:\/\/www.facebook.com\/informelitoral\/\" \/>\n<meta property=\"article:published_time\" content=\"2013-04-01T22:21:40+00:00\" \/>\n<meta property=\"article:modified_time\" content=\"2013-04-01T22:26:11+00:00\" \/>\n<meta property=\"og:image\" content=\"https:\/\/informelitoral.com.ar\/%77%70%2d%63%6f%6e%74%65%6e%74\/uploads\/2013\/04\/turismo3_jpg_2069621814.jpg\" \/>\n\t<meta property=\"og:image:width\" content=\"365\" \/>\n\t<meta property=\"og:image:height\" content=\"238\" \/>\n\t<meta property=\"og:image:type\" content=\"image\/jpeg\" \/>\n<meta name=\"author\" content=\"Gonzalo Schmidt\" \/>\n<meta name=\"twitter:card\" content=\"summary_large_image\" \/>\n<meta name=\"twitter:creator\" content=\"@InformeLitoral\" \/>\n<meta name=\"twitter:site\" content=\"@InformeLitoral\" \/>\n<meta name=\"twitter:label1\" content=\"Escrito por\" \/>\n\t<meta name=\"twitter:data1\" content=\"Gonzalo Schmidt\" \/>\n\t<meta name=\"twitter:label2\" content=\"Tiempo de lectura\" \/>\n\t<meta name=\"twitter:data2\" content=\"4 minutos\" \/>\n<script type=\"application\/ld+json\" class=\"yoast-schema-graph\">{\"@context\":\"https:\\\/\\\/schema.org\",\"@graph\":[{\"@type\":\"Article\",\"@id\":\"https:\\\/\\\/informelitoral.com.ar\\\/el-turismo-de-semana-santa-dejaria-30-millones-mas-que-el-ano-pasado\\\/#article\",\"isPartOf\":{\"@id\":\"https:\\\/\\\/informelitoral.com.ar\\\/el-turismo-de-semana-santa-dejaria-30-millones-mas-que-el-ano-pasado\\\/\"},\"author\":{\"name\":\"Gonzalo Schmidt\",\"@id\":\"https:\\\/\\\/informelitoral.com.ar\\\/#\\\/schema\\\/person\\\/b9d00407c836482871ef1d57bf8e3180\"},\"headline\":\"El turismo de Semana Santa dejar\u00eda 30 millones m\u00e1s que el a\u00f1o pasado\",\"datePublished\":\"2013-04-01T22:21:40+00:00\",\"dateModified\":\"2013-04-01T22:26:11+00:00\",\"mainEntityOfPage\":{\"@id\":\"https:\\\/\\\/informelitoral.com.ar\\\/el-turismo-de-semana-santa-dejaria-30-millones-mas-que-el-ano-pasado\\\/\"},\"wordCount\":877,\"commentCount\":0,\"publisher\":{\"@id\":\"https:\\\/\\\/informelitoral.com.ar\\\/#organization\"},\"image\":{\"@id\":\"https:\\\/\\\/informelitoral.com.ar\\\/el-turismo-de-semana-santa-dejaria-30-millones-mas-que-el-ano-pasado\\\/#primaryimage\"},\"thumbnailUrl\":\"http:\\\/\\\/www.isletasnoticias.com.ar\\\/%77%70%2d%63%6f%6e%74%65%6e%74\\\/uploads\\\/2013\\\/04\\\/turismo3_jpg_2069621814-300x195.jpg\",\"articleSection\":[\"Entre R\u00edos\"],\"inLanguage\":\"es\",\"potentialAction\":[{\"@type\":\"CommentAction\",\"name\":\"Comment\",\"target\":[\"https:\\\/\\\/informelitoral.com.ar\\\/el-turismo-de-semana-santa-dejaria-30-millones-mas-que-el-ano-pasado\\\/#respond\"]}]},{\"@type\":\"WebPage\",\"@id\":\"https:\\\/\\\/informelitoral.com.ar\\\/el-turismo-de-semana-santa-dejaria-30-millones-mas-que-el-ano-pasado\\\/\",\"url\":\"https:\\\/\\\/informelitoral.com.ar\\\/el-turismo-de-semana-santa-dejaria-30-millones-mas-que-el-ano-pasado\\\/\",\"name\":\"El turismo de Semana Santa dejar\u00eda 30 millones m\u00e1s que el a\u00f1o pasado - Informe Litoral\",\"isPartOf\":{\"@id\":\"https:\\\/\\\/informelitoral.com.ar\\\/#website\"},\"primaryImageOfPage\":{\"@id\":\"https:\\\/\\\/informelitoral.com.ar\\\/el-turismo-de-semana-santa-dejaria-30-millones-mas-que-el-ano-pasado\\\/#primaryimage\"},\"image\":{\"@id\":\"https:\\\/\\\/informelitoral.com.ar\\\/el-turismo-de-semana-santa-dejaria-30-millones-mas-que-el-ano-pasado\\\/#primaryimage\"},\"thumbnailUrl\":\"http:\\\/\\\/www.isletasnoticias.com.ar\\\/%77%70%2d%63%6f%6e%74%65%6e%74\\\/uploads\\\/2013\\\/04\\\/turismo3_jpg_2069621814-300x195.jpg\",\"datePublished\":\"2013-04-01T22:21:40+00:00\",\"dateModified\":\"2013-04-01T22:26:11+00:00\",\"breadcrumb\":{\"@id\":\"https:\\\/\\\/informelitoral.com.ar\\\/el-turismo-de-semana-santa-dejaria-30-millones-mas-que-el-ano-pasado\\\/#breadcrumb\"},\"inLanguage\":\"es\",\"potentialAction\":[{\"@type\":\"ReadAction\",\"target\":[\"https:\\\/\\\/informelitoral.com.ar\\\/el-turismo-de-semana-santa-dejaria-30-millones-mas-que-el-ano-pasado\\\/\"]}]},{\"@type\":\"ImageObject\",\"inLanguage\":\"es\",\"@id\":\"https:\\\/\\\/informelitoral.com.ar\\\/el-turismo-de-semana-santa-dejaria-30-millones-mas-que-el-ano-pasado\\\/#primaryimage\",\"url\":\"http:\\\/\\\/www.isletasnoticias.com.ar\\\/%77%70%2d%63%6f%6e%74%65%6e%74\\\/uploads\\\/2013\\\/04\\\/turismo3_jpg_2069621814-300x195.jpg\",\"contentUrl\":\"http:\\\/\\\/www.isletasnoticias.com.ar\\\/%77%70%2d%63%6f%6e%74%65%6e%74\\\/uploads\\\/2013\\\/04\\\/turismo3_jpg_2069621814-300x195.jpg\"},{\"@type\":\"BreadcrumbList\",\"@id\":\"https:\\\/\\\/informelitoral.com.ar\\\/el-turismo-de-semana-santa-dejaria-30-millones-mas-que-el-ano-pasado\\\/#breadcrumb\",\"itemListElement\":[{\"@type\":\"ListItem\",\"position\":1,\"name\":\"Portada\",\"item\":\"https:\\\/\\\/informelitoral.com.ar\\\/\"},{\"@type\":\"ListItem\",\"position\":2,\"name\":\"El turismo de Semana Santa dejar\u00eda 30 millones m\u00e1s que el a\u00f1o pasado\"}]},{\"@type\":\"WebSite\",\"@id\":\"https:\\\/\\\/informelitoral.com.ar\\\/#website\",\"url\":\"https:\\\/\\\/informelitoral.com.ar\\\/\",\"name\":\"Informe Litoral\",\"description\":\"&quot;Nos informamos&quot; \",\"publisher\":{\"@id\":\"https:\\\/\\\/informelitoral.com.ar\\\/#organization\"},\"potentialAction\":[{\"@type\":\"SearchAction\",\"target\":{\"@type\":\"EntryPoint\",\"urlTemplate\":\"https:\\\/\\\/informelitoral.com.ar\\\/?s={search_term_string}\"},\"query-input\":{\"@type\":\"PropertyValueSpecification\",\"valueRequired\":true,\"valueName\":\"search_term_string\"}}],\"inLanguage\":\"es\"},{\"@type\":\"Organization\",\"@id\":\"https:\\\/\\\/informelitoral.com.ar\\\/#organization\",\"name\":\"Informe Litoral\",\"url\":\"https:\\\/\\\/informelitoral.com.ar\\\/\",\"logo\":{\"@type\":\"ImageObject\",\"inLanguage\":\"es\",\"@id\":\"https:\\\/\\\/informelitoral.com.ar\\\/#\\\/schema\\\/logo\\\/image\\\/\",\"url\":\"https:\\\/\\\/informelitoral.com.ar\\\/%77%70%2d%63%6f%6e%74%65%6e%74\\\/uploads\\\/2021\\\/01\\\/circulo.png\",\"contentUrl\":\"https:\\\/\\\/informelitoral.com.ar\\\/%77%70%2d%63%6f%6e%74%65%6e%74\\\/uploads\\\/2021\\\/01\\\/circulo.png\",\"width\":723,\"height\":731,\"caption\":\"Informe Litoral\"},\"image\":{\"@id\":\"https:\\\/\\\/informelitoral.com.ar\\\/#\\\/schema\\\/logo\\\/image\\\/\"},\"sameAs\":[\"https:\\\/\\\/www.facebook.com\\\/informelitoral\\\/\",\"https:\\\/\\\/x.com\\\/InformeLitoral\",\"https:\\\/\\\/www.instagram.com\\\/informelitoral\\\/\",\"https:\\\/\\\/www.youtube.com\\\/channel\\\/UCua4Qvz8Icb6MYqhoq9xLXw\"]},{\"@type\":\"Person\",\"@id\":\"https:\\\/\\\/informelitoral.com.ar\\\/#\\\/schema\\\/person\\\/b9d00407c836482871ef1d57bf8e3180\",\"name\":\"Gonzalo Schmidt\",\"image\":{\"@type\":\"ImageObject\",\"inLanguage\":\"es\",\"@id\":\"https:\\\/\\\/secure.gravatar.com\\\/avatar\\\/31a1a7b66ff2de83bd0e9fd79d026630d2d99e55e8bfe501287647b4fd9743de?s=96&d=mm&r=g\",\"url\":\"https:\\\/\\\/secure.gravatar.com\\\/avatar\\\/31a1a7b66ff2de83bd0e9fd79d026630d2d99e55e8bfe501287647b4fd9743de?s=96&d=mm&r=g\",\"contentUrl\":\"https:\\\/\\\/secure.gravatar.com\\\/avatar\\\/31a1a7b66ff2de83bd0e9fd79d026630d2d99e55e8bfe501287647b4fd9743de?s=96&d=mm&r=g\",\"caption\":\"Gonzalo Schmidt\"},\"description\":\"Sitio web de noticias de la provincia de Entre R\u00edos, Argentina. Informaci\u00f3n y entretenimiento. Informe Litoral, nos informamos.\",\"sameAs\":[\"http:\\\/\\\/www.isletasnoticias.com.ar\"],\"url\":\"https:\\\/\\\/informelitoral.com.ar\\\/author\\\/gonzalo\\\/\"}]}<\/script>","yoast_head_json":{"title":"El turismo de Semana Santa dejar\u00eda 30 millones m\u00e1s que el a\u00f1o pasado - Informe Litoral","robots":{"index":"index","follow":"follow","max-snippet":"max-snippet:-1","max-image-preview":"max-image-preview:large","max-video-preview":"max-video-preview:-1"},"canonical":"https:\/\/informelitoral.com.ar\/el-turismo-de-semana-santa-dejaria-30-millones-mas-que-el-ano-pasado\/","og_locale":"es_ES","og_type":"article","og_title":"El turismo de Semana Santa dejar\u00eda 30 millones m\u00e1s que el a\u00f1o pasado - Informe Litoral","og_description":"Desde el jueves Entre R&iacute;os se consolid&oacute; entre las provincias m&aacute;s elegidas del pa&iacute;s por los turistas, con 320.000 pernoctes entre las cinco noches. El ingreso econ&oacute;mico a la provincia por el turismo de este fin de semana extra largo podr&iacute;a superar los 120 millones de pesos. La cifra supera en 30 millones al movimiento [&hellip;]","og_url":"https:\/\/informelitoral.com.ar\/el-turismo-de-semana-santa-dejaria-30-millones-mas-que-el-ano-pasado\/","og_site_name":"Informe Litoral","article_publisher":"https:\/\/www.facebook.com\/informelitoral\/","article_published_time":"2013-04-01T22:21:40+00:00","article_modified_time":"2013-04-01T22:26:11+00:00","og_image":[{"width":365,"height":238,"url":"https:\/\/informelitoral.com.ar\/%77%70%2d%63%6f%6e%74%65%6e%74\/uploads\/2013\/04\/turismo3_jpg_2069621814.jpg","type":"image\/jpeg"}],"author":"Gonzalo Schmidt","twitter_card":"summary_large_image","twitter_creator":"@InformeLitoral","twitter_site":"@InformeLitoral","twitter_misc":{"Escrito por":"Gonzalo Schmidt","Tiempo de lectura":"4 minutos"},"schema":{"@context":"https:\/\/schema.org","@graph":[{"@type":"Article","@id":"https:\/\/informelitoral.com.ar\/el-turismo-de-semana-santa-dejaria-30-millones-mas-que-el-ano-pasado\/#article","isPartOf":{"@id":"https:\/\/informelitoral.com.ar\/el-turismo-de-semana-santa-dejaria-30-millones-mas-que-el-ano-pasado\/"},"author":{"name":"Gonzalo Schmidt","@id":"https:\/\/informelitoral.com.ar\/#\/schema\/person\/b9d00407c836482871ef1d57bf8e3180"},"headline":"El turismo de Semana Santa dejar\u00eda 30 millones m\u00e1s que el a\u00f1o pasado","datePublished":"2013-04-01T22:21:40+00:00","dateModified":"2013-04-01T22:26:11+00:00","mainEntityOfPage":{"@id":"https:\/\/informelitoral.com.ar\/el-turismo-de-semana-santa-dejaria-30-millones-mas-que-el-ano-pasado\/"},"wordCount":877,"commentCount":0,"publisher":{"@id":"https:\/\/informelitoral.com.ar\/#organization"},"image":{"@id":"https:\/\/informelitoral.com.ar\/el-turismo-de-semana-santa-dejaria-30-millones-mas-que-el-ano-pasado\/#primaryimage"},"thumbnailUrl":"http:\/\/www.isletasnoticias.com.ar\/%77%70%2d%63%6f%6e%74%65%6e%74\/uploads\/2013\/04\/turismo3_jpg_2069621814-300x195.jpg","articleSection":["Entre R\u00edos"],"inLanguage":"es","potentialAction":[{"@type":"CommentAction","name":"Comment","target":["https:\/\/informelitoral.com.ar\/el-turismo-de-semana-santa-dejaria-30-millones-mas-que-el-ano-pasado\/#respond"]}]},{"@type":"WebPage","@id":"https:\/\/informelitoral.com.ar\/el-turismo-de-semana-santa-dejaria-30-millones-mas-que-el-ano-pasado\/","url":"https:\/\/informelitoral.com.ar\/el-turismo-de-semana-santa-dejaria-30-millones-mas-que-el-ano-pasado\/","name":"El turismo de Semana Santa dejar\u00eda 30 millones m\u00e1s que el a\u00f1o pasado - Informe Litoral","isPartOf":{"@id":"https:\/\/informelitoral.com.ar\/#website"},"primaryImageOfPage":{"@id":"https:\/\/informelitoral.com.ar\/el-turismo-de-semana-santa-dejaria-30-millones-mas-que-el-ano-pasado\/#primaryimage"},"image":{"@id":"https:\/\/informelitoral.com.ar\/el-turismo-de-semana-santa-dejaria-30-millones-mas-que-el-ano-pasado\/#primaryimage"},"thumbnailUrl":"http:\/\/www.isletasnoticias.com.ar\/%77%70%2d%63%6f%6e%74%65%6e%74\/uploads\/2013\/04\/turismo3_jpg_2069621814-300x195.jpg","datePublished":"2013-04-01T22:21:40+00:00","dateModified":"2013-04-01T22:26:11+00:00","breadcrumb":{"@id":"https:\/\/informelitoral.com.ar\/el-turismo-de-semana-santa-dejaria-30-millones-mas-que-el-ano-pasado\/#breadcrumb"},"inLanguage":"es","potentialAction":[{"@type":"ReadAction","target":["https:\/\/informelitoral.com.ar\/el-turismo-de-semana-santa-dejaria-30-millones-mas-que-el-ano-pasado\/"]}]},{"@type":"ImageObject","inLanguage":"es","@id":"https:\/\/informelitoral.com.ar\/el-turismo-de-semana-santa-dejaria-30-millones-mas-que-el-ano-pasado\/#primaryimage","url":"http:\/\/www.isletasnoticias.com.ar\/%77%70%2d%63%6f%6e%74%65%6e%74\/uploads\/2013\/04\/turismo3_jpg_2069621814-300x195.jpg","contentUrl":"http:\/\/www.isletasnoticias.com.ar\/%77%70%2d%63%6f%6e%74%65%6e%74\/uploads\/2013\/04\/turismo3_jpg_2069621814-300x195.jpg"},{"@type":"BreadcrumbList","@id":"https:\/\/informelitoral.com.ar\/el-turismo-de-semana-santa-dejaria-30-millones-mas-que-el-ano-pasado\/#breadcrumb","itemListElement":[{"@type":"ListItem","position":1,"name":"Portada","item":"https:\/\/informelitoral.com.ar\/"},{"@type":"ListItem","position":2,"name":"El turismo de Semana Santa dejar\u00eda 30 millones m\u00e1s que el a\u00f1o pasado"}]},{"@type":"WebSite","@id":"https:\/\/informelitoral.com.ar\/#website","url":"https:\/\/informelitoral.com.ar\/","name":"Informe Litoral","description":"&quot;Nos informamos&quot; ","publisher":{"@id":"https:\/\/informelitoral.com.ar\/#organization"},"potentialAction":[{"@type":"SearchAction","target":{"@type":"EntryPoint","urlTemplate":"https:\/\/informelitoral.com.ar\/?s={search_term_string}"},"query-input":{"@type":"PropertyValueSpecification","valueRequired":true,"valueName":"search_term_string"}}],"inLanguage":"es"},{"@type":"Organization","@id":"https:\/\/informelitoral.com.ar\/#organization","name":"Informe Litoral","url":"https:\/\/informelitoral.com.ar\/","logo":{"@type":"ImageObject","inLanguage":"es","@id":"https:\/\/informelitoral.com.ar\/#\/schema\/logo\/image\/","url":"https:\/\/informelitoral.com.ar\/%77%70%2d%63%6f%6e%74%65%6e%74\/uploads\/2021\/01\/circulo.png","contentUrl":"https:\/\/informelitoral.com.ar\/%77%70%2d%63%6f%6e%74%65%6e%74\/uploads\/2021\/01\/circulo.png","width":723,"height":731,"caption":"Informe Litoral"},"image":{"@id":"https:\/\/informelitoral.com.ar\/#\/schema\/logo\/image\/"},"sameAs":["https:\/\/www.facebook.com\/informelitoral\/","https:\/\/x.com\/InformeLitoral","https:\/\/www.instagram.com\/informelitoral\/","https:\/\/www.youtube.com\/channel\/UCua4Qvz8Icb6MYqhoq9xLXw"]},{"@type":"Person","@id":"https:\/\/informelitoral.com.ar\/#\/schema\/person\/b9d00407c836482871ef1d57bf8e3180","name":"Gonzalo Schmidt","image":{"@type":"ImageObject","inLanguage":"es","@id":"https:\/\/secure.gravatar.com\/avatar\/31a1a7b66ff2de83bd0e9fd79d026630d2d99e55e8bfe501287647b4fd9743de?s=96&d=mm&r=g","url":"https:\/\/secure.gravatar.com\/avatar\/31a1a7b66ff2de83bd0e9fd79d026630d2d99e55e8bfe501287647b4fd9743de?s=96&d=mm&r=g","contentUrl":"https:\/\/secure.gravatar.com\/avatar\/31a1a7b66ff2de83bd0e9fd79d026630d2d99e55e8bfe501287647b4fd9743de?s=96&d=mm&r=g","caption":"Gonzalo Schmidt"},"description":"Sitio web de noticias de la provincia de Entre R\u00edos, Argentina. Informaci\u00f3n y entretenimiento. Informe Litoral, nos informamos.","sameAs":["http:\/\/www.isletasnoticias.com.ar"],"url":"https:\/\/informelitoral.com.ar\/author\/gonzalo\/"}]}},"_links":{"self":[{"href":"https:\/\/informelitoral.com.ar\/%77%70%2d%6a%73%6f%6e\/wp\/v2\/posts\/693","targetHints":{"allow":["GET"]}}],"collection":[{"href":"https:\/\/informelitoral.com.ar\/%77%70%2d%6a%73%6f%6e\/wp\/v2\/posts"}],"about":[{"href":"https:\/\/informelitoral.com.ar\/%77%70%2d%6a%73%6f%6e\/wp\/v2\/types\/post"}],"author":[{"embeddable":true,"href":"https:\/\/informelitoral.com.ar\/%77%70%2d%6a%73%6f%6e\/wp\/v2\/users\/2"}],"replies":[{"embeddable":true,"href":"https:\/\/informelitoral.com.ar\/%77%70%2d%6a%73%6f%6e\/wp\/v2\/comments?post=693"}],"version-history":[{"count":0,"href":"https:\/\/informelitoral.com.ar\/%77%70%2d%6a%73%6f%6e\/wp\/v2\/posts\/693\/revisions"}],"wp:attachment":[{"href":"https:\/\/informelitoral.com.ar\/%77%70%2d%6a%73%6f%6e\/wp\/v2\/media?parent=693"}],"wp:term":[{"taxonomy":"category","embeddable":true,"href":"https:\/\/informelitoral.com.ar\/%77%70%2d%6a%73%6f%6e\/wp\/v2\/categories?post=693"},{"taxonomy":"post_tag","embeddable":true,"href":"https:\/\/informelitoral.com.ar\/%77%70%2d%6a%73%6f%6e\/wp\/v2\/tags?post=693"}],"curies":[{"name":"wp","href":"https:\/\/api.w.org\/{rel}","templated":true}]}}