{"id":69187,"date":"2021-12-22T09:07:25","date_gmt":"2021-12-22T12:07:25","guid":{"rendered":"https:\/\/www.informelitoral.com.ar\/?p=69187"},"modified":"2021-12-22T09:09:13","modified_gmt":"2021-12-22T12:09:13","slug":"plan-ganar-la-provincia-adhirio-a-la-financiacion-bonificada-para-productores-ganaderos-y-la-industria-de-la-carne","status":"publish","type":"post","link":"https:\/\/informelitoral.com.ar\/plan-ganar-la-provincia-adhirio-a-la-financiacion-bonificada-para-productores-ganaderos-y-la-industria-de-la-carne\/","title":{"rendered":"Plan GanAr: La provincia adhiri\u00f3 a la financiaci\u00f3n bonificada para productores ganaderos y la industria de la carne"},"content":{"rendered":"<p>El lanzamiento estuvo a cargo del ministro de Agricultura, Ganader\u00eda y Pesca de la Naci\u00f3n, Juli\u00e1n Dom\u00ednguez, desde la casa central del Banco Naci\u00f3n, junto al titular de la cartera de Desarrollo Productivo, Mat\u00edas Kulfas.<\/p>\n<p>Esta l\u00ednea especial de financiamiento estar\u00e1 vigente para los productores ganaderos y la industria de la carne a partir de febrero de 2022. Tendr\u00e1 una bonificaci\u00f3n de 7 puntos porcentuales sobre la tasa que las entidades bancarias otorgan actualmente a los productores.<\/p>\n<p>Durante el acto, los ministros nacionales firmaron el acta de puesta en marcha para la implementaci\u00f3n de l\u00edneas de financiamiento del Ministerio de Agricultura, Ganader\u00eda y Pesca, a trav\u00e9s del Fondagro; y del Ministerio de Desarrollo Productivo, a trav\u00e9s del Fondep y el Fogar.<\/p>\n<p>El acta tambi\u00e9n fue suscripta por el titular del Banco de la Naci\u00f3n, Eduardo Hecker; el presidente del Banco de la Provincia de Buenos Aires, Juan Miguel Cuattromo; y el presidente del Banco de Inversi\u00f3n y Comercio Exterior (BICE), Jos\u00e9 Ignacio De Mendiguren.<\/p>\n<p>Estuvieron presentes los gobernadores de La Pampa, Santa Fe, Santiago del Estero, Formosa y Corrientes y en el acto adhirieron las provincias de Buenos Aires, Entre R\u00edos y Misiones. A su vez, suscribieron el titular de la Federaci\u00f3n gremial de la industria c\u00e1rnica, Jos\u00e9 Fantini; y representantes de la industria c\u00e1rnica.<\/p>\n<p>Bahillo destac\u00f3 que \u201cel objetivo es financiar el aumento de la producci\u00f3n, fomentar las exportaciones y la capacidad y adecuaci\u00f3n industrial en carnes, leches y sus subproductos\u00bb, tal cual se destaca en el acta firmada por los presentes.<\/p>\n<p>\u201cArgentina tienen grandes posibilidades de aumentar la producci\u00f3n anual de carne y de esa forma abastecer sin problemas la demanda interna y crecer en los mercados internacionales\u201d, sostuvo el titular de la cartera productiva provincial. Adem\u00e1s, agreg\u00f3 Bahillo, \u201ceste acuerdo, que entrar\u00e1 en vigencia en febrero pr\u00f3ximo, mejora las condiciones de acceso al cr\u00e9dito, en un marco federal e inclusivo, y permitir\u00e1 la participaci\u00f3n de las entidades representativas de los sectores involucrados, para asesorar y evaluar la factibilidad y propuesta de adjudicaci\u00f3n\u00bb, afirm\u00f3 el ministro de Producci\u00f3n.<\/p>\n<p>El financiamiento estar\u00e1 orientado a los siguientes rubros:<br \/>\n1) Sanidad y biotecnolog\u00edas reproductivas; 2) Instalaciones para el manejo de hacienda y bienestar animal; 3) Infraestructura predial; 4) Implantaci\u00f3n de pasturas, verdeos, forrajes conservados y alimentaci\u00f3n estrat\u00e9gica; 5) Incorporaci\u00f3n de gen\u00e9tica en pie con fines reproductivos; 6) Las que realicen cooperativas agropecuarias y sus asociaciones y para generar apoyo a sus asociados y avalar su respaldo destinado a generar mayor agregado de valor en la cadena c\u00e1rnica; 7) Incorporaci\u00f3n de tecnolog\u00eda ganadera y conectividad; 8) Adecuaciones en frigor\u00edficos de tr\u00e1nsito federal, provincial y municipal para la incorporaci\u00f3n del troceo.<\/p>\n","protected":false},"excerpt":{"rendered":"<p>En representaci\u00f3n del gobernador Gustavo Bordet, el ministro de Producci\u00f3n, Juan Jos\u00e9 Bahillo, particip\u00f3 del lanzamiento la l\u00ednea de financiamiento por 100 mil millones de pesos a tasa bonificada del Plan GanAr, Ganader\u00eda Argentina 2022-2023.<\/p>\n","protected":false},"author":8,"featured_media":69189,"comment_status":"open","ping_status":"open","sticky":false,"template":"","format":"standard","meta":{"fifu_image_url":"","fifu_image_alt":"","footnotes":""},"categories":[10],"tags":[191,162,2697],"class_list":{"0":"post-69187","1":"post","2":"type-post","3":"status-publish","4":"format-standard","5":"has-post-thumbnail","7":"category-campo","8":"tag-agricultura","9":"tag-ganaderia","10":"tag-pesca-de-la-nacion"},"yoast_head":"<title>Plan GanAr: La provincia adhiri\u00f3 a la financiaci\u00f3n bonificada para productores ganaderos y la industria de la carne - Informe Litoral<\/title>\n<meta name=\"robots\" content=\"index, follow, max-snippet:-1, max-image-preview:large, max-video-preview:-1\" \/>\n<link rel=\"canonical\" href=\"https:\/\/informelitoral.com.ar\/plan-ganar-la-provincia-adhirio-a-la-financiacion-bonificada-para-productores-ganaderos-y-la-industria-de-la-carne\/\" \/>\n<meta property=\"og:locale\" content=\"es_ES\" \/>\n<meta property=\"og:type\" content=\"article\" \/>\n<meta property=\"og:title\" content=\"Plan GanAr: La provincia adhiri\u00f3 a la financiaci\u00f3n bonificada para productores ganaderos y la industria de la carne - Informe Litoral\" \/>\n<meta property=\"og:description\" content=\"En representaci\u00f3n del gobernador Gustavo Bordet, el ministro de Producci\u00f3n, Juan Jos\u00e9 Bahillo, particip\u00f3 del lanzamiento la l\u00ednea de financiamiento por 100 mil millones de pesos a tasa bonificada del Plan GanAr, Ganader\u00eda Argentina 2022-2023.\" \/>\n<meta property=\"og:url\" content=\"https:\/\/informelitoral.com.ar\/plan-ganar-la-provincia-adhirio-a-la-financiacion-bonificada-para-productores-ganaderos-y-la-industria-de-la-carne\/\" \/>\n<meta property=\"og:site_name\" content=\"Informe Litoral\" \/>\n<meta property=\"article:publisher\" content=\"https:\/\/www.facebook.com\/informelitoral\/\" \/>\n<meta property=\"article:published_time\" content=\"2021-12-22T12:07:25+00:00\" \/>\n<meta property=\"article:modified_time\" content=\"2021-12-22T12:09:13+00:00\" \/>\n<meta property=\"og:image\" content=\"https:\/\/informelitoral.com.ar\/%77%70%2d%63%6f%6e%74%65%6e%74\/uploads\/2021\/12\/p_1640172267.jpeg\" \/>\n\t<meta property=\"og:image:width\" content=\"1920\" \/>\n\t<meta property=\"og:image:height\" content=\"800\" \/>\n\t<meta property=\"og:image:type\" content=\"image\/jpeg\" \/>\n<meta name=\"author\" content=\"Sebastian\" \/>\n<meta name=\"twitter:card\" content=\"summary_large_image\" \/>\n<meta name=\"twitter:creator\" content=\"@InformeLitoral\" \/>\n<meta name=\"twitter:site\" content=\"@InformeLitoral\" \/>\n<meta name=\"twitter:label1\" content=\"Escrito por\" \/>\n\t<meta name=\"twitter:data1\" content=\"Sebastian\" \/>\n\t<meta name=\"twitter:label2\" content=\"Tiempo de lectura\" \/>\n\t<meta name=\"twitter:data2\" content=\"2 minutos\" \/>\n<script type=\"application\/ld+json\" class=\"yoast-schema-graph\">{\"@context\":\"https:\\\/\\\/schema.org\",\"@graph\":[{\"@type\":\"Article\",\"@id\":\"https:\\\/\\\/informelitoral.com.ar\\\/plan-ganar-la-provincia-adhirio-a-la-financiacion-bonificada-para-productores-ganaderos-y-la-industria-de-la-carne\\\/#article\",\"isPartOf\":{\"@id\":\"https:\\\/\\\/informelitoral.com.ar\\\/plan-ganar-la-provincia-adhirio-a-la-financiacion-bonificada-para-productores-ganaderos-y-la-industria-de-la-carne\\\/\"},\"author\":{\"name\":\"Sebastian\",\"@id\":\"https:\\\/\\\/informelitoral.com.ar\\\/#\\\/schema\\\/person\\\/f05f9f461677119578717524b127d6d5\"},\"headline\":\"Plan GanAr: La provincia adhiri\u00f3 a la financiaci\u00f3n bonificada para productores ganaderos y la industria de la carne\",\"datePublished\":\"2021-12-22T12:07:25+00:00\",\"dateModified\":\"2021-12-22T12:09:13+00:00\",\"mainEntityOfPage\":{\"@id\":\"https:\\\/\\\/informelitoral.com.ar\\\/plan-ganar-la-provincia-adhirio-a-la-financiacion-bonificada-para-productores-ganaderos-y-la-industria-de-la-carne\\\/\"},\"wordCount\":488,\"commentCount\":0,\"publisher\":{\"@id\":\"https:\\\/\\\/informelitoral.com.ar\\\/#organization\"},\"image\":{\"@id\":\"https:\\\/\\\/informelitoral.com.ar\\\/plan-ganar-la-provincia-adhirio-a-la-financiacion-bonificada-para-productores-ganaderos-y-la-industria-de-la-carne\\\/#primaryimage\"},\"thumbnailUrl\":\"https:\\\/\\\/informelitoral.com.ar\\\/%77%70%2d%63%6f%6e%74%65%6e%74\\\/uploads\\\/2021\\\/12\\\/p_1640172267.jpeg\",\"keywords\":[\"Agricultura\",\"Ganader\u00eda\",\"Pesca de la Naci\u00f3n\"],\"articleSection\":[\"Campo\"],\"inLanguage\":\"es\",\"potentialAction\":[{\"@type\":\"CommentAction\",\"name\":\"Comment\",\"target\":[\"https:\\\/\\\/informelitoral.com.ar\\\/plan-ganar-la-provincia-adhirio-a-la-financiacion-bonificada-para-productores-ganaderos-y-la-industria-de-la-carne\\\/#respond\"]}]},{\"@type\":\"WebPage\",\"@id\":\"https:\\\/\\\/informelitoral.com.ar\\\/plan-ganar-la-provincia-adhirio-a-la-financiacion-bonificada-para-productores-ganaderos-y-la-industria-de-la-carne\\\/\",\"url\":\"https:\\\/\\\/informelitoral.com.ar\\\/plan-ganar-la-provincia-adhirio-a-la-financiacion-bonificada-para-productores-ganaderos-y-la-industria-de-la-carne\\\/\",\"name\":\"Plan GanAr: La provincia adhiri\u00f3 a la financiaci\u00f3n bonificada para productores ganaderos y la industria de la carne - Informe Litoral\",\"isPartOf\":{\"@id\":\"https:\\\/\\\/informelitoral.com.ar\\\/#website\"},\"primaryImageOfPage\":{\"@id\":\"https:\\\/\\\/informelitoral.com.ar\\\/plan-ganar-la-provincia-adhirio-a-la-financiacion-bonificada-para-productores-ganaderos-y-la-industria-de-la-carne\\\/#primaryimage\"},\"image\":{\"@id\":\"https:\\\/\\\/informelitoral.com.ar\\\/plan-ganar-la-provincia-adhirio-a-la-financiacion-bonificada-para-productores-ganaderos-y-la-industria-de-la-carne\\\/#primaryimage\"},\"thumbnailUrl\":\"https:\\\/\\\/informelitoral.com.ar\\\/%77%70%2d%63%6f%6e%74%65%6e%74\\\/uploads\\\/2021\\\/12\\\/p_1640172267.jpeg\",\"datePublished\":\"2021-12-22T12:07:25+00:00\",\"dateModified\":\"2021-12-22T12:09:13+00:00\",\"breadcrumb\":{\"@id\":\"https:\\\/\\\/informelitoral.com.ar\\\/plan-ganar-la-provincia-adhirio-a-la-financiacion-bonificada-para-productores-ganaderos-y-la-industria-de-la-carne\\\/#breadcrumb\"},\"inLanguage\":\"es\",\"potentialAction\":[{\"@type\":\"ReadAction\",\"target\":[\"https:\\\/\\\/informelitoral.com.ar\\\/plan-ganar-la-provincia-adhirio-a-la-financiacion-bonificada-para-productores-ganaderos-y-la-industria-de-la-carne\\\/\"]}]},{\"@type\":\"ImageObject\",\"inLanguage\":\"es\",\"@id\":\"https:\\\/\\\/informelitoral.com.ar\\\/plan-ganar-la-provincia-adhirio-a-la-financiacion-bonificada-para-productores-ganaderos-y-la-industria-de-la-carne\\\/#primaryimage\",\"url\":\"https:\\\/\\\/informelitoral.com.ar\\\/%77%70%2d%63%6f%6e%74%65%6e%74\\\/uploads\\\/2021\\\/12\\\/p_1640172267.jpeg\",\"contentUrl\":\"https:\\\/\\\/informelitoral.com.ar\\\/%77%70%2d%63%6f%6e%74%65%6e%74\\\/uploads\\\/2021\\\/12\\\/p_1640172267.jpeg\",\"width\":1920,\"height\":800},{\"@type\":\"BreadcrumbList\",\"@id\":\"https:\\\/\\\/informelitoral.com.ar\\\/plan-ganar-la-provincia-adhirio-a-la-financiacion-bonificada-para-productores-ganaderos-y-la-industria-de-la-carne\\\/#breadcrumb\",\"itemListElement\":[{\"@type\":\"ListItem\",\"position\":1,\"name\":\"Portada\",\"item\":\"https:\\\/\\\/informelitoral.com.ar\\\/\"},{\"@type\":\"ListItem\",\"position\":2,\"name\":\"Plan GanAr: La provincia adhiri\u00f3 a la financiaci\u00f3n bonificada para productores ganaderos y la industria de la carne\"}]},{\"@type\":\"WebSite\",\"@id\":\"https:\\\/\\\/informelitoral.com.ar\\\/#website\",\"url\":\"https:\\\/\\\/informelitoral.com.ar\\\/\",\"name\":\"Informe Litoral\",\"description\":\"&quot;Nos informamos&quot; \",\"publisher\":{\"@id\":\"https:\\\/\\\/informelitoral.com.ar\\\/#organization\"},\"potentialAction\":[{\"@type\":\"SearchAction\",\"target\":{\"@type\":\"EntryPoint\",\"urlTemplate\":\"https:\\\/\\\/informelitoral.com.ar\\\/?s={search_term_string}\"},\"query-input\":{\"@type\":\"PropertyValueSpecification\",\"valueRequired\":true,\"valueName\":\"search_term_string\"}}],\"inLanguage\":\"es\"},{\"@type\":\"Organization\",\"@id\":\"https:\\\/\\\/informelitoral.com.ar\\\/#organization\",\"name\":\"Informe Litoral\",\"url\":\"https:\\\/\\\/informelitoral.com.ar\\\/\",\"logo\":{\"@type\":\"ImageObject\",\"inLanguage\":\"es\",\"@id\":\"https:\\\/\\\/informelitoral.com.ar\\\/#\\\/schema\\\/logo\\\/image\\\/\",\"url\":\"https:\\\/\\\/informelitoral.com.ar\\\/%77%70%2d%63%6f%6e%74%65%6e%74\\\/uploads\\\/2021\\\/01\\\/circulo.png\",\"contentUrl\":\"https:\\\/\\\/informelitoral.com.ar\\\/%77%70%2d%63%6f%6e%74%65%6e%74\\\/uploads\\\/2021\\\/01\\\/circulo.png\",\"width\":723,\"height\":731,\"caption\":\"Informe Litoral\"},\"image\":{\"@id\":\"https:\\\/\\\/informelitoral.com.ar\\\/#\\\/schema\\\/logo\\\/image\\\/\"},\"sameAs\":[\"https:\\\/\\\/www.facebook.com\\\/informelitoral\\\/\",\"https:\\\/\\\/x.com\\\/InformeLitoral\",\"https:\\\/\\\/www.instagram.com\\\/informelitoral\\\/\",\"https:\\\/\\\/www.youtube.com\\\/channel\\\/UCua4Qvz8Icb6MYqhoq9xLXw\"]},{\"@type\":\"Person\",\"@id\":\"https:\\\/\\\/informelitoral.com.ar\\\/#\\\/schema\\\/person\\\/f05f9f461677119578717524b127d6d5\",\"name\":\"Sebastian\",\"image\":{\"@type\":\"ImageObject\",\"inLanguage\":\"es\",\"@id\":\"https:\\\/\\\/secure.gravatar.com\\\/avatar\\\/b71bf7481d447dfb9583c7f2798e7cc64de6efb9067b74633ed8c31059a3bd82?s=96&d=mm&r=g\",\"url\":\"https:\\\/\\\/secure.gravatar.com\\\/avatar\\\/b71bf7481d447dfb9583c7f2798e7cc64de6efb9067b74633ed8c31059a3bd82?s=96&d=mm&r=g\",\"contentUrl\":\"https:\\\/\\\/secure.gravatar.com\\\/avatar\\\/b71bf7481d447dfb9583c7f2798e7cc64de6efb9067b74633ed8c31059a3bd82?s=96&d=mm&r=g\",\"caption\":\"Sebastian\"},\"url\":\"https:\\\/\\\/informelitoral.com.ar\\\/author\\\/sebastian\\\/\"}]}<\/script>","yoast_head_json":{"title":"Plan GanAr: La provincia adhiri\u00f3 a la financiaci\u00f3n bonificada para productores ganaderos y la industria de la carne - Informe Litoral","robots":{"index":"index","follow":"follow","max-snippet":"max-snippet:-1","max-image-preview":"max-image-preview:large","max-video-preview":"max-video-preview:-1"},"canonical":"https:\/\/informelitoral.com.ar\/plan-ganar-la-provincia-adhirio-a-la-financiacion-bonificada-para-productores-ganaderos-y-la-industria-de-la-carne\/","og_locale":"es_ES","og_type":"article","og_title":"Plan GanAr: La provincia adhiri\u00f3 a la financiaci\u00f3n bonificada para productores ganaderos y la industria de la carne - Informe Litoral","og_description":"En representaci\u00f3n del gobernador Gustavo Bordet, el ministro de Producci\u00f3n, Juan Jos\u00e9 Bahillo, particip\u00f3 del lanzamiento la l\u00ednea de financiamiento por 100 mil millones de pesos a tasa bonificada del Plan GanAr, Ganader\u00eda Argentina 2022-2023.","og_url":"https:\/\/informelitoral.com.ar\/plan-ganar-la-provincia-adhirio-a-la-financiacion-bonificada-para-productores-ganaderos-y-la-industria-de-la-carne\/","og_site_name":"Informe Litoral","article_publisher":"https:\/\/www.facebook.com\/informelitoral\/","article_published_time":"2021-12-22T12:07:25+00:00","article_modified_time":"2021-12-22T12:09:13+00:00","og_image":[{"width":1920,"height":800,"url":"https:\/\/informelitoral.com.ar\/%77%70%2d%63%6f%6e%74%65%6e%74\/uploads\/2021\/12\/p_1640172267.jpeg","type":"image\/jpeg"}],"author":"Sebastian","twitter_card":"summary_large_image","twitter_creator":"@InformeLitoral","twitter_site":"@InformeLitoral","twitter_misc":{"Escrito por":"Sebastian","Tiempo de lectura":"2 minutos"},"schema":{"@context":"https:\/\/schema.org","@graph":[{"@type":"Article","@id":"https:\/\/informelitoral.com.ar\/plan-ganar-la-provincia-adhirio-a-la-financiacion-bonificada-para-productores-ganaderos-y-la-industria-de-la-carne\/#article","isPartOf":{"@id":"https:\/\/informelitoral.com.ar\/plan-ganar-la-provincia-adhirio-a-la-financiacion-bonificada-para-productores-ganaderos-y-la-industria-de-la-carne\/"},"author":{"name":"Sebastian","@id":"https:\/\/informelitoral.com.ar\/#\/schema\/person\/f05f9f461677119578717524b127d6d5"},"headline":"Plan GanAr: La provincia adhiri\u00f3 a la financiaci\u00f3n bonificada para productores ganaderos y la industria de la carne","datePublished":"2021-12-22T12:07:25+00:00","dateModified":"2021-12-22T12:09:13+00:00","mainEntityOfPage":{"@id":"https:\/\/informelitoral.com.ar\/plan-ganar-la-provincia-adhirio-a-la-financiacion-bonificada-para-productores-ganaderos-y-la-industria-de-la-carne\/"},"wordCount":488,"commentCount":0,"publisher":{"@id":"https:\/\/informelitoral.com.ar\/#organization"},"image":{"@id":"https:\/\/informelitoral.com.ar\/plan-ganar-la-provincia-adhirio-a-la-financiacion-bonificada-para-productores-ganaderos-y-la-industria-de-la-carne\/#primaryimage"},"thumbnailUrl":"https:\/\/informelitoral.com.ar\/%77%70%2d%63%6f%6e%74%65%6e%74\/uploads\/2021\/12\/p_1640172267.jpeg","keywords":["Agricultura","Ganader\u00eda","Pesca de la Naci\u00f3n"],"articleSection":["Campo"],"inLanguage":"es","potentialAction":[{"@type":"CommentAction","name":"Comment","target":["https:\/\/informelitoral.com.ar\/plan-ganar-la-provincia-adhirio-a-la-financiacion-bonificada-para-productores-ganaderos-y-la-industria-de-la-carne\/#respond"]}]},{"@type":"WebPage","@id":"https:\/\/informelitoral.com.ar\/plan-ganar-la-provincia-adhirio-a-la-financiacion-bonificada-para-productores-ganaderos-y-la-industria-de-la-carne\/","url":"https:\/\/informelitoral.com.ar\/plan-ganar-la-provincia-adhirio-a-la-financiacion-bonificada-para-productores-ganaderos-y-la-industria-de-la-carne\/","name":"Plan GanAr: La provincia adhiri\u00f3 a la financiaci\u00f3n bonificada para productores ganaderos y la industria de la carne - Informe Litoral","isPartOf":{"@id":"https:\/\/informelitoral.com.ar\/#website"},"primaryImageOfPage":{"@id":"https:\/\/informelitoral.com.ar\/plan-ganar-la-provincia-adhirio-a-la-financiacion-bonificada-para-productores-ganaderos-y-la-industria-de-la-carne\/#primaryimage"},"image":{"@id":"https:\/\/informelitoral.com.ar\/plan-ganar-la-provincia-adhirio-a-la-financiacion-bonificada-para-productores-ganaderos-y-la-industria-de-la-carne\/#primaryimage"},"thumbnailUrl":"https:\/\/informelitoral.com.ar\/%77%70%2d%63%6f%6e%74%65%6e%74\/uploads\/2021\/12\/p_1640172267.jpeg","datePublished":"2021-12-22T12:07:25+00:00","dateModified":"2021-12-22T12:09:13+00:00","breadcrumb":{"@id":"https:\/\/informelitoral.com.ar\/plan-ganar-la-provincia-adhirio-a-la-financiacion-bonificada-para-productores-ganaderos-y-la-industria-de-la-carne\/#breadcrumb"},"inLanguage":"es","potentialAction":[{"@type":"ReadAction","target":["https:\/\/informelitoral.com.ar\/plan-ganar-la-provincia-adhirio-a-la-financiacion-bonificada-para-productores-ganaderos-y-la-industria-de-la-carne\/"]}]},{"@type":"ImageObject","inLanguage":"es","@id":"https:\/\/informelitoral.com.ar\/plan-ganar-la-provincia-adhirio-a-la-financiacion-bonificada-para-productores-ganaderos-y-la-industria-de-la-carne\/#primaryimage","url":"https:\/\/informelitoral.com.ar\/%77%70%2d%63%6f%6e%74%65%6e%74\/uploads\/2021\/12\/p_1640172267.jpeg","contentUrl":"https:\/\/informelitoral.com.ar\/%77%70%2d%63%6f%6e%74%65%6e%74\/uploads\/2021\/12\/p_1640172267.jpeg","width":1920,"height":800},{"@type":"BreadcrumbList","@id":"https:\/\/informelitoral.com.ar\/plan-ganar-la-provincia-adhirio-a-la-financiacion-bonificada-para-productores-ganaderos-y-la-industria-de-la-carne\/#breadcrumb","itemListElement":[{"@type":"ListItem","position":1,"name":"Portada","item":"https:\/\/informelitoral.com.ar\/"},{"@type":"ListItem","position":2,"name":"Plan GanAr: La provincia adhiri\u00f3 a la financiaci\u00f3n bonificada para productores ganaderos y la industria de la carne"}]},{"@type":"WebSite","@id":"https:\/\/informelitoral.com.ar\/#website","url":"https:\/\/informelitoral.com.ar\/","name":"Informe Litoral","description":"&quot;Nos informamos&quot; ","publisher":{"@id":"https:\/\/informelitoral.com.ar\/#organization"},"potentialAction":[{"@type":"SearchAction","target":{"@type":"EntryPoint","urlTemplate":"https:\/\/informelitoral.com.ar\/?s={search_term_string}"},"query-input":{"@type":"PropertyValueSpecification","valueRequired":true,"valueName":"search_term_string"}}],"inLanguage":"es"},{"@type":"Organization","@id":"https:\/\/informelitoral.com.ar\/#organization","name":"Informe Litoral","url":"https:\/\/informelitoral.com.ar\/","logo":{"@type":"ImageObject","inLanguage":"es","@id":"https:\/\/informelitoral.com.ar\/#\/schema\/logo\/image\/","url":"https:\/\/informelitoral.com.ar\/%77%70%2d%63%6f%6e%74%65%6e%74\/uploads\/2021\/01\/circulo.png","contentUrl":"https:\/\/informelitoral.com.ar\/%77%70%2d%63%6f%6e%74%65%6e%74\/uploads\/2021\/01\/circulo.png","width":723,"height":731,"caption":"Informe Litoral"},"image":{"@id":"https:\/\/informelitoral.com.ar\/#\/schema\/logo\/image\/"},"sameAs":["https:\/\/www.facebook.com\/informelitoral\/","https:\/\/x.com\/InformeLitoral","https:\/\/www.instagram.com\/informelitoral\/","https:\/\/www.youtube.com\/channel\/UCua4Qvz8Icb6MYqhoq9xLXw"]},{"@type":"Person","@id":"https:\/\/informelitoral.com.ar\/#\/schema\/person\/f05f9f461677119578717524b127d6d5","name":"Sebastian","image":{"@type":"ImageObject","inLanguage":"es","@id":"https:\/\/secure.gravatar.com\/avatar\/b71bf7481d447dfb9583c7f2798e7cc64de6efb9067b74633ed8c31059a3bd82?s=96&d=mm&r=g","url":"https:\/\/secure.gravatar.com\/avatar\/b71bf7481d447dfb9583c7f2798e7cc64de6efb9067b74633ed8c31059a3bd82?s=96&d=mm&r=g","contentUrl":"https:\/\/secure.gravatar.com\/avatar\/b71bf7481d447dfb9583c7f2798e7cc64de6efb9067b74633ed8c31059a3bd82?s=96&d=mm&r=g","caption":"Sebastian"},"url":"https:\/\/informelitoral.com.ar\/author\/sebastian\/"}]}},"_links":{"self":[{"href":"https:\/\/informelitoral.com.ar\/%77%70%2d%6a%73%6f%6e\/wp\/v2\/posts\/69187","targetHints":{"allow":["GET"]}}],"collection":[{"href":"https:\/\/informelitoral.com.ar\/%77%70%2d%6a%73%6f%6e\/wp\/v2\/posts"}],"about":[{"href":"https:\/\/informelitoral.com.ar\/%77%70%2d%6a%73%6f%6e\/wp\/v2\/types\/post"}],"author":[{"embeddable":true,"href":"https:\/\/informelitoral.com.ar\/%77%70%2d%6a%73%6f%6e\/wp\/v2\/users\/8"}],"replies":[{"embeddable":true,"href":"https:\/\/informelitoral.com.ar\/%77%70%2d%6a%73%6f%6e\/wp\/v2\/comments?post=69187"}],"version-history":[{"count":0,"href":"https:\/\/informelitoral.com.ar\/%77%70%2d%6a%73%6f%6e\/wp\/v2\/posts\/69187\/revisions"}],"wp:featuredmedia":[{"embeddable":true,"href":"https:\/\/informelitoral.com.ar\/%77%70%2d%6a%73%6f%6e\/wp\/v2\/media\/69189"}],"wp:attachment":[{"href":"https:\/\/informelitoral.com.ar\/%77%70%2d%6a%73%6f%6e\/wp\/v2\/media?parent=69187"}],"wp:term":[{"taxonomy":"category","embeddable":true,"href":"https:\/\/informelitoral.com.ar\/%77%70%2d%6a%73%6f%6e\/wp\/v2\/categories?post=69187"},{"taxonomy":"post_tag","embeddable":true,"href":"https:\/\/informelitoral.com.ar\/%77%70%2d%6a%73%6f%6e\/wp\/v2\/tags?post=69187"}],"curies":[{"name":"wp","href":"https:\/\/api.w.org\/{rel}","templated":true}]}}