{"id":69184,"date":"2021-12-22T08:35:33","date_gmt":"2021-12-22T11:35:33","guid":{"rendered":"https:\/\/www.informelitoral.com.ar\/?p=69184"},"modified":"2021-12-22T08:35:33","modified_gmt":"2021-12-22T11:35:33","slug":"amenazas-a-policias-federales-pistas-y-peligroso-trasfondo","status":"publish","type":"post","link":"https:\/\/informelitoral.com.ar\/amenazas-a-policias-federales-pistas-y-peligroso-trasfondo\/","title":{"rendered":"Amenazas a polic\u00edas federales: pistas y peligroso trasfondo"},"content":{"rendered":"<div class=\"news-body-main\">\n<div id=\"note-body\" data-twitter-link=\"https:\/\/twitter.com\/intent\/tweet?url=https:\/\/www.unoentrerios.com.ar\/c2704562&amp;via=&amp;related=Uno Entre Rios&amp;text=\">\n<p><strong>Los\u00a0polic\u00edas\u00a0federales que estuvieron al frente de las causas por narcotr\u00e1fico m\u00e1s importantes de los \u00faltimos a\u00f1os en Entre R\u00edos, vienen sufriendo\u00a0amenazas\u00a0en panfletos an\u00f3nimos donde adem\u00e1s los acusan de ser c\u00f3mplices de narcos. Se trata del personal de la Delegaci\u00f3n\u00a0Paran\u00e1\u00a0de la fuerza que ha investigado a los peces gordos del mercado de drogas de la regi\u00f3n, y a quienes los desconocidos pretenden que desplacen de sus cargos. El caso colm\u00f3 la paciencia de muchos ayer cuando dejaron en la v\u00eda p\u00fablica una falsa bomba con una nota con amenaza de muerte. El hecho es investigado por la Fiscal\u00eda local y los nombrados en la nota est\u00e1n indignados y esperan que se haga justicia, seg\u00fan se inform\u00f3 a UNO.<\/strong><\/p>\n<\/div>\n<\/div>\n<div class=\"news-body-main\">\n<div id=\"note-body\" data-twitter-link=\"https:\/\/twitter.com\/intent\/tweet?url=https:\/\/www.unoentrerios.com.ar\/c2704562&amp;via=&amp;related=Uno Entre Rios&amp;text=\">\n<p>Fue al mediod\u00eda de este martes, cuando un hombre iba junto a un chico caminando por calle Echag\u00fce de Paran\u00e1 cuando observaron un elemento extra\u00f1o en la vereda. Se acerc\u00f3, lo manipul\u00f3 y vio una nota impresa. Era evidente que se trataba de una especie de bomba de juguete, pero por las palabras amenazantes del texto se dio cuenta que no era una broma. Se dirigi\u00f3 hacia el kiosco de la esquina, le avis\u00f3 a quien atend\u00eda y el kiosquero llam\u00f3 al 911. De inmediato se hizo presente en el lugar el personal de la comisar\u00eda Segunda, quien tambi\u00e9n advirti\u00f3 que no hab\u00eda peligro alguno con el artefacto, pero de todos modos, cuando dieron intervenci\u00f3n a los Bomberos Zapadores, se mont\u00f3 un operativo protocolar de resguardo de la zona. Eran unos tubo pl\u00e1sticos pintados de robo, envueltos en cinta aisladora negra, con unos cables espilarados en los extremos y un reloj roto pegado al medio.<\/p>\n<p>El papel ten\u00eda impreso en imprenta may\u00fascula acusaciones de \u00abdelincuentes\u00bb y \u00abnarcos\u00bb a jefes e integrantes de la Polic\u00eda Federal Argentina, tanto al jefe regional como a efectivos de la Delegaci\u00f3n Paran\u00e1. Los se\u00f1alaban de \u00abarmar causas con gente inocente\u00bb entre otras calificaciones, y una macabra advertencia: \u00abEsta vez no pasa nada, la pr\u00f3xima vuelan en pedazos. No vamos a tocar gente inocente\u00bb.<\/p>\n<p>Pistas e hip\u00f3tesis<br \/>\nNo es la primera amenaza o acci\u00f3n agraviante de este tipo que se realiza en Paran\u00e1 contra la Polic\u00eda Federal. Desde inicio de este a\u00f1o hubo varios episodios, como panfleteadas en la zona del centro de la ciudad se\u00f1alando a comisarios, oficiales y suboficiales. Incluso, en el primer volante que arrojaron en la v\u00eda p\u00fablica tambi\u00e9n involucraban al juez federal, pero se ve que luego se arrepintieron y lo sacaron de las amenazas. Uno de los panfletos tirados en una plaza dec\u00eda \u201cpor la salud de nuestros hijos\u201d y \u201cfuera corruptos\u201d.<\/p>\n<p>En otro de los papeles arrojados, se hicieron pasar por el narco Elvio Gonzalo Caudana, ya que estaba firmado con las iniciales E.C. y dec\u00eda: \u201cA poco de volver a las calles, los tengo cercados, domicilios, veh\u00edculos\u201d. Lo m\u00e1s grave es que ten\u00edan el domicilio al lado del hombre de cada uno de los polic\u00edas mencionados.<\/p>\n<p>Lo cierto es que todo apunta a que no se trata ni de padres afectados por la venta de droga en sus barrios ni del viejo narco que todav\u00eda tiene muchos a\u00f1os por delate en prisi\u00f3n. Algunos de estos sucesos fueron investigados y las pistas condujeron a personas que podr\u00edan tener relaci\u00f3n con otros integrantes que revisten en la Polic\u00eda Federal, que estuvieron vinculados a los esc\u00e1ndalos que a\u00f1os atr\u00e1s se vivieron en la Delegaci\u00f3n Santa Fe, e incluso han recibido sanciones.<\/p>\n<p>Es de p\u00fablico conocimiento el compromiso con el narcotr\u00e1fico que, hace m\u00e1s de tres a\u00f1os, tuvieron algunos agentes de la Delegaci\u00f3n de la vecina capital de la Polic\u00eda Federal. Incluso esto qued\u00f3 de manifiesto en declaraciones p\u00fablicas de un fiscal federal de Santa Fe quej\u00e1ndose de tal situaci\u00f3n, y tambi\u00e9n hubo causas judiciales con condenados.<\/p>\n<p>Cabe recordar que a mediados de 2019, fue allanada la Delegaci\u00f3n Santa Fe de la Polic\u00eda Federal, donde detuvieron al jefe de la misma y a otros integrantes. El de mayor jerarqu\u00eda, excomisario Marcelo Lepwalts, ya sum\u00f3 dos condenas, de ocho a\u00f1os y nueve meses de prisi\u00f3n en total, por proteger a narcotraficantes, quedarse con droga, inventar causas con fines extorsivos y cobrar coimas a puestos callejeros. Por aquellos d\u00edas, otros integrantes fueron trasladados a otros destinos en distintos lugares del pa\u00eds, y uno manten\u00eda v\u00ednculo familiar directo con personal que estaba en Paran\u00e1.<\/p>\n<p>En este marco, una hip\u00f3tesis en torno a las amenazas y la bomba de juguete es que se tratar\u00eda de efectivos que querr\u00edan tener intervenci\u00f3n, jurisdicci\u00f3n e injerencia en investigaciones por narcotr\u00e1fico en Paran\u00e1, para sacar su tajada con el trato ilegal con delincuentes, como lo hac\u00edan en Santa Fe.<\/p>\n<p>Por eso tambi\u00e9n en las amenazas instan a que desplacen a los polic\u00edas mencionados en los panfletos, quienes justamente han estado en las investigaciones m\u00e1s importantes de los \u00faltimos a\u00f1os, como las causas Narcoavioneta y Narcomunicipio, la de Caudana, entre otras que lograron desbaratar organizaciones narcocriminales de relevancia provincial y regional. En sus testimonios en los juicios en el Tribunal Oral Federal expusieron la forma y el compromiso con el que trabajaron. Adem\u00e1s que actualmente trabajan con la Fiscal\u00eda local en causas por narcomenudeo.<\/p>\n<p>Sab\u00edan lo que hac\u00edan<br \/>\nSi bien el artefacto hallado ayer al mediod\u00eda en calle Echag\u00fce no revest\u00eda ning\u00fan peligro, fuentes policiales se\u00f1alaron a UNO que el mismo reun\u00eda caracter\u00edsticas similares a una bomba, es decir, que quien lo arm\u00f3 tiene conocimientos de c\u00f3mo se fabrica un explosivo casero.<\/p>\n<p>Adem\u00e1s, se denot\u00f3 un trabajo de inteligencia previo ya que ese sitio es una especie de punto ciego para c\u00e1maras de seguridad. Aunque se sospecha que desde una camioneta se bajaron y dejaron all\u00ed el elemento, no habr\u00eda muchas m\u00e1s certezas al respecto. El caso est\u00e1 en manos del fiscal Santiago Alfieri, quien tom\u00f3 las medidas correspondientes, en principio de oficio ya que no se hab\u00eda presentado ninguna denuncia formal.<\/p>\n<p>Se hab\u00eda especulado con que el lugar donde dejaron la falsa bomba con la amenaza era una sede de una dependencia de la Polic\u00eda Federal, pero ese domicilio no tiene nada que ver, ya que como han hecho en otras instancias, dejaron la amenaza en un lugar indiferente, pero c\u00e9ntrico, la v\u00eda p\u00fablica.<\/p>\n<p>&nbsp;<\/p>\n<\/div>\n<\/div>\n","protected":false},"excerpt":{"rendered":"<p>Los polic\u00edas federales que investigaron a grandes bandas narco de la provincia vienen sufriendo amenazas. Hay hip\u00f3tesis sobre quienes buscan desplazarlos.<\/p>\n","protected":false},"author":8,"featured_media":69158,"comment_status":"open","ping_status":"open","sticky":false,"template":"","format":"standard","meta":{"fifu_image_url":"","fifu_image_alt":"","footnotes":""},"categories":[14],"tags":[2696,45,2692],"class_list":{"0":"post-69184","1":"post","2":"type-post","3":"status-publish","4":"format-standard","5":"has-post-thumbnail","7":"category-policiales","8":"tag-amenazas","9":"tag-parana","10":"tag-policia-federal"},"yoast_head":"<title>Amenazas a polic\u00edas federales: pistas y peligroso trasfondo - Informe Litoral<\/title>\n<meta name=\"robots\" content=\"index, follow, max-snippet:-1, max-image-preview:large, max-video-preview:-1\" \/>\n<link rel=\"canonical\" href=\"https:\/\/informelitoral.com.ar\/amenazas-a-policias-federales-pistas-y-peligroso-trasfondo\/\" \/>\n<meta property=\"og:locale\" content=\"es_ES\" \/>\n<meta property=\"og:type\" content=\"article\" \/>\n<meta property=\"og:title\" content=\"Amenazas a polic\u00edas federales: pistas y peligroso trasfondo - Informe Litoral\" \/>\n<meta property=\"og:description\" content=\"Los polic\u00edas federales que investigaron a grandes bandas narco de la provincia vienen sufriendo amenazas. Hay hip\u00f3tesis sobre quienes buscan desplazarlos.\" \/>\n<meta property=\"og:url\" content=\"https:\/\/informelitoral.com.ar\/amenazas-a-policias-federales-pistas-y-peligroso-trasfondo\/\" \/>\n<meta property=\"og:site_name\" content=\"Informe Litoral\" \/>\n<meta property=\"article:publisher\" content=\"https:\/\/www.facebook.com\/informelitoral\/\" \/>\n<meta property=\"article:published_time\" content=\"2021-12-22T11:35:33+00:00\" \/>\n<meta property=\"og:image\" content=\"https:\/\/informelitoral.com.ar\/%77%70%2d%63%6f%6e%74%65%6e%74\/uploads\/2021\/12\/epplosivo-1jpg.jpg\" \/>\n\t<meta property=\"og:image:width\" content=\"642\" \/>\n\t<meta property=\"og:image:height\" content=\"361\" \/>\n\t<meta property=\"og:image:type\" content=\"image\/jpeg\" \/>\n<meta name=\"author\" content=\"Sebastian\" \/>\n<meta name=\"twitter:card\" content=\"summary_large_image\" \/>\n<meta name=\"twitter:creator\" content=\"@InformeLitoral\" \/>\n<meta name=\"twitter:site\" content=\"@InformeLitoral\" \/>\n<meta name=\"twitter:label1\" content=\"Escrito por\" \/>\n\t<meta name=\"twitter:data1\" content=\"Sebastian\" \/>\n\t<meta name=\"twitter:label2\" content=\"Tiempo de lectura\" \/>\n\t<meta name=\"twitter:data2\" content=\"6 minutos\" \/>\n<script type=\"application\/ld+json\" class=\"yoast-schema-graph\">{\"@context\":\"https:\\\/\\\/schema.org\",\"@graph\":[{\"@type\":\"Article\",\"@id\":\"https:\\\/\\\/informelitoral.com.ar\\\/amenazas-a-policias-federales-pistas-y-peligroso-trasfondo\\\/#article\",\"isPartOf\":{\"@id\":\"https:\\\/\\\/informelitoral.com.ar\\\/amenazas-a-policias-federales-pistas-y-peligroso-trasfondo\\\/\"},\"author\":{\"name\":\"Sebastian\",\"@id\":\"https:\\\/\\\/informelitoral.com.ar\\\/#\\\/schema\\\/person\\\/f05f9f461677119578717524b127d6d5\"},\"headline\":\"Amenazas a polic\u00edas federales: pistas y peligroso trasfondo\",\"datePublished\":\"2021-12-22T11:35:33+00:00\",\"mainEntityOfPage\":{\"@id\":\"https:\\\/\\\/informelitoral.com.ar\\\/amenazas-a-policias-federales-pistas-y-peligroso-trasfondo\\\/\"},\"wordCount\":1142,\"commentCount\":0,\"publisher\":{\"@id\":\"https:\\\/\\\/informelitoral.com.ar\\\/#organization\"},\"image\":{\"@id\":\"https:\\\/\\\/informelitoral.com.ar\\\/amenazas-a-policias-federales-pistas-y-peligroso-trasfondo\\\/#primaryimage\"},\"thumbnailUrl\":\"https:\\\/\\\/informelitoral.com.ar\\\/%77%70%2d%63%6f%6e%74%65%6e%74\\\/uploads\\\/2021\\\/12\\\/epplosivo-1jpg.jpg\",\"keywords\":[\"Amenazas\",\"Paran\u00e1\",\"Polic\u00eda federal\"],\"articleSection\":[\"Policiales\"],\"inLanguage\":\"es\",\"potentialAction\":[{\"@type\":\"CommentAction\",\"name\":\"Comment\",\"target\":[\"https:\\\/\\\/informelitoral.com.ar\\\/amenazas-a-policias-federales-pistas-y-peligroso-trasfondo\\\/#respond\"]}]},{\"@type\":\"WebPage\",\"@id\":\"https:\\\/\\\/informelitoral.com.ar\\\/amenazas-a-policias-federales-pistas-y-peligroso-trasfondo\\\/\",\"url\":\"https:\\\/\\\/informelitoral.com.ar\\\/amenazas-a-policias-federales-pistas-y-peligroso-trasfondo\\\/\",\"name\":\"Amenazas a polic\u00edas federales: pistas y peligroso trasfondo - Informe Litoral\",\"isPartOf\":{\"@id\":\"https:\\\/\\\/informelitoral.com.ar\\\/#website\"},\"primaryImageOfPage\":{\"@id\":\"https:\\\/\\\/informelitoral.com.ar\\\/amenazas-a-policias-federales-pistas-y-peligroso-trasfondo\\\/#primaryimage\"},\"image\":{\"@id\":\"https:\\\/\\\/informelitoral.com.ar\\\/amenazas-a-policias-federales-pistas-y-peligroso-trasfondo\\\/#primaryimage\"},\"thumbnailUrl\":\"https:\\\/\\\/informelitoral.com.ar\\\/%77%70%2d%63%6f%6e%74%65%6e%74\\\/uploads\\\/2021\\\/12\\\/epplosivo-1jpg.jpg\",\"datePublished\":\"2021-12-22T11:35:33+00:00\",\"breadcrumb\":{\"@id\":\"https:\\\/\\\/informelitoral.com.ar\\\/amenazas-a-policias-federales-pistas-y-peligroso-trasfondo\\\/#breadcrumb\"},\"inLanguage\":\"es\",\"potentialAction\":[{\"@type\":\"ReadAction\",\"target\":[\"https:\\\/\\\/informelitoral.com.ar\\\/amenazas-a-policias-federales-pistas-y-peligroso-trasfondo\\\/\"]}]},{\"@type\":\"ImageObject\",\"inLanguage\":\"es\",\"@id\":\"https:\\\/\\\/informelitoral.com.ar\\\/amenazas-a-policias-federales-pistas-y-peligroso-trasfondo\\\/#primaryimage\",\"url\":\"https:\\\/\\\/informelitoral.com.ar\\\/%77%70%2d%63%6f%6e%74%65%6e%74\\\/uploads\\\/2021\\\/12\\\/epplosivo-1jpg.jpg\",\"contentUrl\":\"https:\\\/\\\/informelitoral.com.ar\\\/%77%70%2d%63%6f%6e%74%65%6e%74\\\/uploads\\\/2021\\\/12\\\/epplosivo-1jpg.jpg\",\"width\":642,\"height\":361},{\"@type\":\"BreadcrumbList\",\"@id\":\"https:\\\/\\\/informelitoral.com.ar\\\/amenazas-a-policias-federales-pistas-y-peligroso-trasfondo\\\/#breadcrumb\",\"itemListElement\":[{\"@type\":\"ListItem\",\"position\":1,\"name\":\"Portada\",\"item\":\"https:\\\/\\\/informelitoral.com.ar\\\/\"},{\"@type\":\"ListItem\",\"position\":2,\"name\":\"Amenazas a polic\u00edas federales: pistas y peligroso trasfondo\"}]},{\"@type\":\"WebSite\",\"@id\":\"https:\\\/\\\/informelitoral.com.ar\\\/#website\",\"url\":\"https:\\\/\\\/informelitoral.com.ar\\\/\",\"name\":\"Informe Litoral\",\"description\":\"&quot;Nos informamos&quot; \",\"publisher\":{\"@id\":\"https:\\\/\\\/informelitoral.com.ar\\\/#organization\"},\"potentialAction\":[{\"@type\":\"SearchAction\",\"target\":{\"@type\":\"EntryPoint\",\"urlTemplate\":\"https:\\\/\\\/informelitoral.com.ar\\\/?s={search_term_string}\"},\"query-input\":{\"@type\":\"PropertyValueSpecification\",\"valueRequired\":true,\"valueName\":\"search_term_string\"}}],\"inLanguage\":\"es\"},{\"@type\":\"Organization\",\"@id\":\"https:\\\/\\\/informelitoral.com.ar\\\/#organization\",\"name\":\"Informe Litoral\",\"url\":\"https:\\\/\\\/informelitoral.com.ar\\\/\",\"logo\":{\"@type\":\"ImageObject\",\"inLanguage\":\"es\",\"@id\":\"https:\\\/\\\/informelitoral.com.ar\\\/#\\\/schema\\\/logo\\\/image\\\/\",\"url\":\"https:\\\/\\\/informelitoral.com.ar\\\/%77%70%2d%63%6f%6e%74%65%6e%74\\\/uploads\\\/2021\\\/01\\\/circulo.png\",\"contentUrl\":\"https:\\\/\\\/informelitoral.com.ar\\\/%77%70%2d%63%6f%6e%74%65%6e%74\\\/uploads\\\/2021\\\/01\\\/circulo.png\",\"width\":723,\"height\":731,\"caption\":\"Informe Litoral\"},\"image\":{\"@id\":\"https:\\\/\\\/informelitoral.com.ar\\\/#\\\/schema\\\/logo\\\/image\\\/\"},\"sameAs\":[\"https:\\\/\\\/www.facebook.com\\\/informelitoral\\\/\",\"https:\\\/\\\/x.com\\\/InformeLitoral\",\"https:\\\/\\\/www.instagram.com\\\/informelitoral\\\/\",\"https:\\\/\\\/www.youtube.com\\\/channel\\\/UCua4Qvz8Icb6MYqhoq9xLXw\"]},{\"@type\":\"Person\",\"@id\":\"https:\\\/\\\/informelitoral.com.ar\\\/#\\\/schema\\\/person\\\/f05f9f461677119578717524b127d6d5\",\"name\":\"Sebastian\",\"image\":{\"@type\":\"ImageObject\",\"inLanguage\":\"es\",\"@id\":\"https:\\\/\\\/secure.gravatar.com\\\/avatar\\\/b71bf7481d447dfb9583c7f2798e7cc64de6efb9067b74633ed8c31059a3bd82?s=96&d=mm&r=g\",\"url\":\"https:\\\/\\\/secure.gravatar.com\\\/avatar\\\/b71bf7481d447dfb9583c7f2798e7cc64de6efb9067b74633ed8c31059a3bd82?s=96&d=mm&r=g\",\"contentUrl\":\"https:\\\/\\\/secure.gravatar.com\\\/avatar\\\/b71bf7481d447dfb9583c7f2798e7cc64de6efb9067b74633ed8c31059a3bd82?s=96&d=mm&r=g\",\"caption\":\"Sebastian\"},\"url\":\"https:\\\/\\\/informelitoral.com.ar\\\/author\\\/sebastian\\\/\"}]}<\/script>","yoast_head_json":{"title":"Amenazas a polic\u00edas federales: pistas y peligroso trasfondo - Informe Litoral","robots":{"index":"index","follow":"follow","max-snippet":"max-snippet:-1","max-image-preview":"max-image-preview:large","max-video-preview":"max-video-preview:-1"},"canonical":"https:\/\/informelitoral.com.ar\/amenazas-a-policias-federales-pistas-y-peligroso-trasfondo\/","og_locale":"es_ES","og_type":"article","og_title":"Amenazas a polic\u00edas federales: pistas y peligroso trasfondo - Informe Litoral","og_description":"Los polic\u00edas federales que investigaron a grandes bandas narco de la provincia vienen sufriendo amenazas. Hay hip\u00f3tesis sobre quienes buscan desplazarlos.","og_url":"https:\/\/informelitoral.com.ar\/amenazas-a-policias-federales-pistas-y-peligroso-trasfondo\/","og_site_name":"Informe Litoral","article_publisher":"https:\/\/www.facebook.com\/informelitoral\/","article_published_time":"2021-12-22T11:35:33+00:00","og_image":[{"width":642,"height":361,"url":"https:\/\/informelitoral.com.ar\/%77%70%2d%63%6f%6e%74%65%6e%74\/uploads\/2021\/12\/epplosivo-1jpg.jpg","type":"image\/jpeg"}],"author":"Sebastian","twitter_card":"summary_large_image","twitter_creator":"@InformeLitoral","twitter_site":"@InformeLitoral","twitter_misc":{"Escrito por":"Sebastian","Tiempo de lectura":"6 minutos"},"schema":{"@context":"https:\/\/schema.org","@graph":[{"@type":"Article","@id":"https:\/\/informelitoral.com.ar\/amenazas-a-policias-federales-pistas-y-peligroso-trasfondo\/#article","isPartOf":{"@id":"https:\/\/informelitoral.com.ar\/amenazas-a-policias-federales-pistas-y-peligroso-trasfondo\/"},"author":{"name":"Sebastian","@id":"https:\/\/informelitoral.com.ar\/#\/schema\/person\/f05f9f461677119578717524b127d6d5"},"headline":"Amenazas a polic\u00edas federales: pistas y peligroso trasfondo","datePublished":"2021-12-22T11:35:33+00:00","mainEntityOfPage":{"@id":"https:\/\/informelitoral.com.ar\/amenazas-a-policias-federales-pistas-y-peligroso-trasfondo\/"},"wordCount":1142,"commentCount":0,"publisher":{"@id":"https:\/\/informelitoral.com.ar\/#organization"},"image":{"@id":"https:\/\/informelitoral.com.ar\/amenazas-a-policias-federales-pistas-y-peligroso-trasfondo\/#primaryimage"},"thumbnailUrl":"https:\/\/informelitoral.com.ar\/%77%70%2d%63%6f%6e%74%65%6e%74\/uploads\/2021\/12\/epplosivo-1jpg.jpg","keywords":["Amenazas","Paran\u00e1","Polic\u00eda federal"],"articleSection":["Policiales"],"inLanguage":"es","potentialAction":[{"@type":"CommentAction","name":"Comment","target":["https:\/\/informelitoral.com.ar\/amenazas-a-policias-federales-pistas-y-peligroso-trasfondo\/#respond"]}]},{"@type":"WebPage","@id":"https:\/\/informelitoral.com.ar\/amenazas-a-policias-federales-pistas-y-peligroso-trasfondo\/","url":"https:\/\/informelitoral.com.ar\/amenazas-a-policias-federales-pistas-y-peligroso-trasfondo\/","name":"Amenazas a polic\u00edas federales: pistas y peligroso trasfondo - Informe Litoral","isPartOf":{"@id":"https:\/\/informelitoral.com.ar\/#website"},"primaryImageOfPage":{"@id":"https:\/\/informelitoral.com.ar\/amenazas-a-policias-federales-pistas-y-peligroso-trasfondo\/#primaryimage"},"image":{"@id":"https:\/\/informelitoral.com.ar\/amenazas-a-policias-federales-pistas-y-peligroso-trasfondo\/#primaryimage"},"thumbnailUrl":"https:\/\/informelitoral.com.ar\/%77%70%2d%63%6f%6e%74%65%6e%74\/uploads\/2021\/12\/epplosivo-1jpg.jpg","datePublished":"2021-12-22T11:35:33+00:00","breadcrumb":{"@id":"https:\/\/informelitoral.com.ar\/amenazas-a-policias-federales-pistas-y-peligroso-trasfondo\/#breadcrumb"},"inLanguage":"es","potentialAction":[{"@type":"ReadAction","target":["https:\/\/informelitoral.com.ar\/amenazas-a-policias-federales-pistas-y-peligroso-trasfondo\/"]}]},{"@type":"ImageObject","inLanguage":"es","@id":"https:\/\/informelitoral.com.ar\/amenazas-a-policias-federales-pistas-y-peligroso-trasfondo\/#primaryimage","url":"https:\/\/informelitoral.com.ar\/%77%70%2d%63%6f%6e%74%65%6e%74\/uploads\/2021\/12\/epplosivo-1jpg.jpg","contentUrl":"https:\/\/informelitoral.com.ar\/%77%70%2d%63%6f%6e%74%65%6e%74\/uploads\/2021\/12\/epplosivo-1jpg.jpg","width":642,"height":361},{"@type":"BreadcrumbList","@id":"https:\/\/informelitoral.com.ar\/amenazas-a-policias-federales-pistas-y-peligroso-trasfondo\/#breadcrumb","itemListElement":[{"@type":"ListItem","position":1,"name":"Portada","item":"https:\/\/informelitoral.com.ar\/"},{"@type":"ListItem","position":2,"name":"Amenazas a polic\u00edas federales: pistas y peligroso trasfondo"}]},{"@type":"WebSite","@id":"https:\/\/informelitoral.com.ar\/#website","url":"https:\/\/informelitoral.com.ar\/","name":"Informe Litoral","description":"&quot;Nos informamos&quot; ","publisher":{"@id":"https:\/\/informelitoral.com.ar\/#organization"},"potentialAction":[{"@type":"SearchAction","target":{"@type":"EntryPoint","urlTemplate":"https:\/\/informelitoral.com.ar\/?s={search_term_string}"},"query-input":{"@type":"PropertyValueSpecification","valueRequired":true,"valueName":"search_term_string"}}],"inLanguage":"es"},{"@type":"Organization","@id":"https:\/\/informelitoral.com.ar\/#organization","name":"Informe Litoral","url":"https:\/\/informelitoral.com.ar\/","logo":{"@type":"ImageObject","inLanguage":"es","@id":"https:\/\/informelitoral.com.ar\/#\/schema\/logo\/image\/","url":"https:\/\/informelitoral.com.ar\/%77%70%2d%63%6f%6e%74%65%6e%74\/uploads\/2021\/01\/circulo.png","contentUrl":"https:\/\/informelitoral.com.ar\/%77%70%2d%63%6f%6e%74%65%6e%74\/uploads\/2021\/01\/circulo.png","width":723,"height":731,"caption":"Informe Litoral"},"image":{"@id":"https:\/\/informelitoral.com.ar\/#\/schema\/logo\/image\/"},"sameAs":["https:\/\/www.facebook.com\/informelitoral\/","https:\/\/x.com\/InformeLitoral","https:\/\/www.instagram.com\/informelitoral\/","https:\/\/www.youtube.com\/channel\/UCua4Qvz8Icb6MYqhoq9xLXw"]},{"@type":"Person","@id":"https:\/\/informelitoral.com.ar\/#\/schema\/person\/f05f9f461677119578717524b127d6d5","name":"Sebastian","image":{"@type":"ImageObject","inLanguage":"es","@id":"https:\/\/secure.gravatar.com\/avatar\/b71bf7481d447dfb9583c7f2798e7cc64de6efb9067b74633ed8c31059a3bd82?s=96&d=mm&r=g","url":"https:\/\/secure.gravatar.com\/avatar\/b71bf7481d447dfb9583c7f2798e7cc64de6efb9067b74633ed8c31059a3bd82?s=96&d=mm&r=g","contentUrl":"https:\/\/secure.gravatar.com\/avatar\/b71bf7481d447dfb9583c7f2798e7cc64de6efb9067b74633ed8c31059a3bd82?s=96&d=mm&r=g","caption":"Sebastian"},"url":"https:\/\/informelitoral.com.ar\/author\/sebastian\/"}]}},"_links":{"self":[{"href":"https:\/\/informelitoral.com.ar\/%77%70%2d%6a%73%6f%6e\/wp\/v2\/posts\/69184","targetHints":{"allow":["GET"]}}],"collection":[{"href":"https:\/\/informelitoral.com.ar\/%77%70%2d%6a%73%6f%6e\/wp\/v2\/posts"}],"about":[{"href":"https:\/\/informelitoral.com.ar\/%77%70%2d%6a%73%6f%6e\/wp\/v2\/types\/post"}],"author":[{"embeddable":true,"href":"https:\/\/informelitoral.com.ar\/%77%70%2d%6a%73%6f%6e\/wp\/v2\/users\/8"}],"replies":[{"embeddable":true,"href":"https:\/\/informelitoral.com.ar\/%77%70%2d%6a%73%6f%6e\/wp\/v2\/comments?post=69184"}],"version-history":[{"count":0,"href":"https:\/\/informelitoral.com.ar\/%77%70%2d%6a%73%6f%6e\/wp\/v2\/posts\/69184\/revisions"}],"wp:featuredmedia":[{"embeddable":true,"href":"https:\/\/informelitoral.com.ar\/%77%70%2d%6a%73%6f%6e\/wp\/v2\/media\/69158"}],"wp:attachment":[{"href":"https:\/\/informelitoral.com.ar\/%77%70%2d%6a%73%6f%6e\/wp\/v2\/media?parent=69184"}],"wp:term":[{"taxonomy":"category","embeddable":true,"href":"https:\/\/informelitoral.com.ar\/%77%70%2d%6a%73%6f%6e\/wp\/v2\/categories?post=69184"},{"taxonomy":"post_tag","embeddable":true,"href":"https:\/\/informelitoral.com.ar\/%77%70%2d%6a%73%6f%6e\/wp\/v2\/tags?post=69184"}],"curies":[{"name":"wp","href":"https:\/\/api.w.org\/{rel}","templated":true}]}}