{"id":69072,"date":"2021-12-20T09:49:41","date_gmt":"2021-12-20T12:49:41","guid":{"rendered":"https:\/\/www.informelitoral.com.ar\/?p=69072"},"modified":"2021-12-20T13:48:30","modified_gmt":"2021-12-20T16:48:30","slug":"femicidio-mataron-a-una-mujer-de-31-anos-en-parana","status":"publish","type":"post","link":"https:\/\/informelitoral.com.ar\/femicidio-mataron-a-una-mujer-de-31-anos-en-parana\/","title":{"rendered":"Femicidio: mataron a una mujer de 31 a\u00f1os en Paran\u00e1"},"content":{"rendered":"<div class=\"news-body-main\">\n<div id=\"note-body\" data-twitter-link=\"https:\/\/twitter.com\/intent\/tweet?url=https:\/\/www.unoentrerios.com.ar\/c2704324&amp;via=&amp;related=Uno Entre Rios&amp;text=\">\n<p><strong>Un nuevo\u00a0<\/strong>femicidio<strong>\u00a0se registr\u00f3\u00a0<\/strong><strong>este lunes a la madrugada en Paran\u00e1, en calle D\u00edaz V\u00e9lez al 1.300, en inmediaciones de Almirante Brown. Fuentes policiales precisaron que la\u00a0<\/strong>v\u00edctima<strong>\u00a0tendr\u00eda aproximadamente 31 a\u00f1os y fue asesinada por su pareja, de alrededor de 48 a\u00f1os, que luego de matarla intent\u00f3 quitarse la vida. En el lugar trabajan con pericias la divisi\u00f3n Criminal\u00edstica y m\u00e9dicos forenses.<\/strong><\/p>\n<\/div>\n<\/div>\n<div class=\"news-body-main\">\n<div id=\"note-body\" data-twitter-link=\"https:\/\/twitter.com\/intent\/tweet?url=https:\/\/www.unoentrerios.com.ar\/c2704324&amp;via=&amp;related=Uno Entre Rios&amp;text=\">\n<p>Seg\u00fan personal policial,\u00a0la\u00a0mujer\u00a0llam\u00f3 cerca de las 3.30 de la madrugada al 911 pidiendo auxilio en medio de una situaci\u00f3n de violencia de g\u00e9nero ejercida por su pareja. La central policial pidi\u00f3 colaboraci\u00f3n a personal de la comisar\u00eda Cuarta, ubicada en calle Soler, pero cuando llegaron al domicilio encontraron a la v\u00edctima gravemente herida tras haber recibido varias pu\u00f1aladas.<\/p>\n<p>La mujer fue trasladada al hospital San Mart\u00edn, donde ingres\u00f3 inconsciente y sin signos vitales. Falleci\u00f3 producto de dos heridas de arma blanca en el lado izquierdo del t\u00f3rax, a la altura del coraz\u00f3n, y en el abdomen.<strong>\u00a0Fue identificada como Stella Maris Casta\u00f1o.<\/strong><\/p>\n<p>El presunto femicida fue se\u00f1alado a la Polic\u00eda por un familiar de la mujer y ser\u00eda su pareja de varios a\u00f1os. El hombre habr\u00eda intentado quitarse la vida luego de haberla asesinado. Habr\u00eda procurado ahorcarse pero no hab\u00eda llegado a matarse cuando fue hallado y demorado por los uniformados. El violento, de unos 48 a\u00f1os, habr\u00eda sido trasladado al hospital San Mart\u00edn producto de las heridas que se infligi\u00f3.<\/p>\n<p>M\u00e9dicos y peritos de la Polic\u00eda se encuentran en el domicilio del hecho recogiendo pruebas y estudiando la escena del crimen para esclarecer detalles del femicidio, mientras que en el hecho ya intervino a su vez la Unidad Fiscal de Respuestas R\u00e1pidas. <em>(UNO)<\/em><\/p>\n<\/div>\n<\/div>\n","protected":false},"excerpt":{"rendered":"<p>Un nuevo femicidio ocurri\u00f3 en la capital entrerriana este lunes por la madrugada. Una mujer de 31 a\u00f1os fue asesinada en calle D\u00edaz V\u00e9lez. Demoran a su pareja.<\/p>\n","protected":false},"author":8,"featured_media":69073,"comment_status":"open","ping_status":"open","sticky":false,"template":"","format":"standard","meta":{"fifu_image_url":"","fifu_image_alt":"","footnotes":""},"categories":[14],"tags":[81,514,2681,45],"class_list":{"0":"post-69072","1":"post","2":"type-post","3":"status-publish","4":"format-standard","5":"has-post-thumbnail","7":"category-policiales","8":"tag-entre-rios","9":"tag-femicidio","10":"tag-mujer","11":"tag-parana"},"yoast_head":"<title>Femicidio: mataron a una mujer de 31 a\u00f1os en Paran\u00e1 - Informe Litoral<\/title>\n<meta name=\"robots\" content=\"index, follow, max-snippet:-1, max-image-preview:large, max-video-preview:-1\" \/>\n<link rel=\"canonical\" href=\"https:\/\/informelitoral.com.ar\/femicidio-mataron-a-una-mujer-de-31-anos-en-parana\/\" \/>\n<meta property=\"og:locale\" content=\"es_ES\" \/>\n<meta property=\"og:type\" content=\"article\" \/>\n<meta property=\"og:title\" content=\"Femicidio: mataron a una mujer de 31 a\u00f1os en Paran\u00e1 - Informe Litoral\" \/>\n<meta property=\"og:description\" content=\"Un nuevo femicidio ocurri\u00f3 en la capital entrerriana este lunes por la madrugada. Una mujer de 31 a\u00f1os fue asesinada en calle D\u00edaz V\u00e9lez. Demoran a su pareja.\" \/>\n<meta property=\"og:url\" content=\"https:\/\/informelitoral.com.ar\/femicidio-mataron-a-una-mujer-de-31-anos-en-parana\/\" \/>\n<meta property=\"og:site_name\" content=\"Informe Litoral\" \/>\n<meta property=\"article:publisher\" content=\"https:\/\/www.facebook.com\/informelitoral\/\" \/>\n<meta property=\"article:published_time\" content=\"2021-12-20T12:49:41+00:00\" \/>\n<meta property=\"article:modified_time\" content=\"2021-12-20T16:48:30+00:00\" \/>\n<meta property=\"og:image\" content=\"https:\/\/informelitoral.com.ar\/%77%70%2d%63%6f%6e%74%65%6e%74\/uploads\/2021\/12\/18-28.jpg\" \/>\n\t<meta property=\"og:image:width\" content=\"1200\" \/>\n\t<meta property=\"og:image:height\" content=\"675\" \/>\n\t<meta property=\"og:image:type\" content=\"image\/jpeg\" \/>\n<meta name=\"author\" content=\"Sebastian\" \/>\n<meta name=\"twitter:card\" content=\"summary_large_image\" \/>\n<meta name=\"twitter:creator\" content=\"@InformeLitoral\" \/>\n<meta name=\"twitter:site\" content=\"@InformeLitoral\" \/>\n<meta name=\"twitter:label1\" content=\"Escrito por\" \/>\n\t<meta name=\"twitter:data1\" content=\"Sebastian\" \/>\n\t<meta name=\"twitter:label2\" content=\"Tiempo de lectura\" \/>\n\t<meta name=\"twitter:data2\" content=\"2 minutos\" \/>\n<script type=\"application\/ld+json\" class=\"yoast-schema-graph\">{\"@context\":\"https:\\\/\\\/schema.org\",\"@graph\":[{\"@type\":\"Article\",\"@id\":\"https:\\\/\\\/informelitoral.com.ar\\\/femicidio-mataron-a-una-mujer-de-31-anos-en-parana\\\/#article\",\"isPartOf\":{\"@id\":\"https:\\\/\\\/informelitoral.com.ar\\\/femicidio-mataron-a-una-mujer-de-31-anos-en-parana\\\/\"},\"author\":{\"name\":\"Sebastian\",\"@id\":\"https:\\\/\\\/informelitoral.com.ar\\\/#\\\/schema\\\/person\\\/f05f9f461677119578717524b127d6d5\"},\"headline\":\"Femicidio: mataron a una mujer de 31 a\u00f1os en Paran\u00e1\",\"datePublished\":\"2021-12-20T12:49:41+00:00\",\"dateModified\":\"2021-12-20T16:48:30+00:00\",\"mainEntityOfPage\":{\"@id\":\"https:\\\/\\\/informelitoral.com.ar\\\/femicidio-mataron-a-una-mujer-de-31-anos-en-parana\\\/\"},\"wordCount\":318,\"commentCount\":0,\"publisher\":{\"@id\":\"https:\\\/\\\/informelitoral.com.ar\\\/#organization\"},\"image\":{\"@id\":\"https:\\\/\\\/informelitoral.com.ar\\\/femicidio-mataron-a-una-mujer-de-31-anos-en-parana\\\/#primaryimage\"},\"thumbnailUrl\":\"https:\\\/\\\/informelitoral.com.ar\\\/%77%70%2d%63%6f%6e%74%65%6e%74\\\/uploads\\\/2021\\\/12\\\/18-28.jpg\",\"keywords\":[\"Entre R\u00edos\",\"Femicidio\",\"Mujer\",\"Paran\u00e1\"],\"articleSection\":[\"Policiales\"],\"inLanguage\":\"es\",\"potentialAction\":[{\"@type\":\"CommentAction\",\"name\":\"Comment\",\"target\":[\"https:\\\/\\\/informelitoral.com.ar\\\/femicidio-mataron-a-una-mujer-de-31-anos-en-parana\\\/#respond\"]}]},{\"@type\":\"WebPage\",\"@id\":\"https:\\\/\\\/informelitoral.com.ar\\\/femicidio-mataron-a-una-mujer-de-31-anos-en-parana\\\/\",\"url\":\"https:\\\/\\\/informelitoral.com.ar\\\/femicidio-mataron-a-una-mujer-de-31-anos-en-parana\\\/\",\"name\":\"Femicidio: mataron a una mujer de 31 a\u00f1os en Paran\u00e1 - Informe Litoral\",\"isPartOf\":{\"@id\":\"https:\\\/\\\/informelitoral.com.ar\\\/#website\"},\"primaryImageOfPage\":{\"@id\":\"https:\\\/\\\/informelitoral.com.ar\\\/femicidio-mataron-a-una-mujer-de-31-anos-en-parana\\\/#primaryimage\"},\"image\":{\"@id\":\"https:\\\/\\\/informelitoral.com.ar\\\/femicidio-mataron-a-una-mujer-de-31-anos-en-parana\\\/#primaryimage\"},\"thumbnailUrl\":\"https:\\\/\\\/informelitoral.com.ar\\\/%77%70%2d%63%6f%6e%74%65%6e%74\\\/uploads\\\/2021\\\/12\\\/18-28.jpg\",\"datePublished\":\"2021-12-20T12:49:41+00:00\",\"dateModified\":\"2021-12-20T16:48:30+00:00\",\"breadcrumb\":{\"@id\":\"https:\\\/\\\/informelitoral.com.ar\\\/femicidio-mataron-a-una-mujer-de-31-anos-en-parana\\\/#breadcrumb\"},\"inLanguage\":\"es\",\"potentialAction\":[{\"@type\":\"ReadAction\",\"target\":[\"https:\\\/\\\/informelitoral.com.ar\\\/femicidio-mataron-a-una-mujer-de-31-anos-en-parana\\\/\"]}]},{\"@type\":\"ImageObject\",\"inLanguage\":\"es\",\"@id\":\"https:\\\/\\\/informelitoral.com.ar\\\/femicidio-mataron-a-una-mujer-de-31-anos-en-parana\\\/#primaryimage\",\"url\":\"https:\\\/\\\/informelitoral.com.ar\\\/%77%70%2d%63%6f%6e%74%65%6e%74\\\/uploads\\\/2021\\\/12\\\/18-28.jpg\",\"contentUrl\":\"https:\\\/\\\/informelitoral.com.ar\\\/%77%70%2d%63%6f%6e%74%65%6e%74\\\/uploads\\\/2021\\\/12\\\/18-28.jpg\",\"width\":1200,\"height\":675},{\"@type\":\"BreadcrumbList\",\"@id\":\"https:\\\/\\\/informelitoral.com.ar\\\/femicidio-mataron-a-una-mujer-de-31-anos-en-parana\\\/#breadcrumb\",\"itemListElement\":[{\"@type\":\"ListItem\",\"position\":1,\"name\":\"Portada\",\"item\":\"https:\\\/\\\/informelitoral.com.ar\\\/\"},{\"@type\":\"ListItem\",\"position\":2,\"name\":\"Femicidio: mataron a una mujer de 31 a\u00f1os en Paran\u00e1\"}]},{\"@type\":\"WebSite\",\"@id\":\"https:\\\/\\\/informelitoral.com.ar\\\/#website\",\"url\":\"https:\\\/\\\/informelitoral.com.ar\\\/\",\"name\":\"Informe Litoral\",\"description\":\"&quot;Nos informamos&quot; \",\"publisher\":{\"@id\":\"https:\\\/\\\/informelitoral.com.ar\\\/#organization\"},\"potentialAction\":[{\"@type\":\"SearchAction\",\"target\":{\"@type\":\"EntryPoint\",\"urlTemplate\":\"https:\\\/\\\/informelitoral.com.ar\\\/?s={search_term_string}\"},\"query-input\":{\"@type\":\"PropertyValueSpecification\",\"valueRequired\":true,\"valueName\":\"search_term_string\"}}],\"inLanguage\":\"es\"},{\"@type\":\"Organization\",\"@id\":\"https:\\\/\\\/informelitoral.com.ar\\\/#organization\",\"name\":\"Informe Litoral\",\"url\":\"https:\\\/\\\/informelitoral.com.ar\\\/\",\"logo\":{\"@type\":\"ImageObject\",\"inLanguage\":\"es\",\"@id\":\"https:\\\/\\\/informelitoral.com.ar\\\/#\\\/schema\\\/logo\\\/image\\\/\",\"url\":\"https:\\\/\\\/informelitoral.com.ar\\\/%77%70%2d%63%6f%6e%74%65%6e%74\\\/uploads\\\/2021\\\/01\\\/circulo.png\",\"contentUrl\":\"https:\\\/\\\/informelitoral.com.ar\\\/%77%70%2d%63%6f%6e%74%65%6e%74\\\/uploads\\\/2021\\\/01\\\/circulo.png\",\"width\":723,\"height\":731,\"caption\":\"Informe Litoral\"},\"image\":{\"@id\":\"https:\\\/\\\/informelitoral.com.ar\\\/#\\\/schema\\\/logo\\\/image\\\/\"},\"sameAs\":[\"https:\\\/\\\/www.facebook.com\\\/informelitoral\\\/\",\"https:\\\/\\\/x.com\\\/InformeLitoral\",\"https:\\\/\\\/www.instagram.com\\\/informelitoral\\\/\",\"https:\\\/\\\/www.youtube.com\\\/channel\\\/UCua4Qvz8Icb6MYqhoq9xLXw\"]},{\"@type\":\"Person\",\"@id\":\"https:\\\/\\\/informelitoral.com.ar\\\/#\\\/schema\\\/person\\\/f05f9f461677119578717524b127d6d5\",\"name\":\"Sebastian\",\"image\":{\"@type\":\"ImageObject\",\"inLanguage\":\"es\",\"@id\":\"https:\\\/\\\/secure.gravatar.com\\\/avatar\\\/b71bf7481d447dfb9583c7f2798e7cc64de6efb9067b74633ed8c31059a3bd82?s=96&d=mm&r=g\",\"url\":\"https:\\\/\\\/secure.gravatar.com\\\/avatar\\\/b71bf7481d447dfb9583c7f2798e7cc64de6efb9067b74633ed8c31059a3bd82?s=96&d=mm&r=g\",\"contentUrl\":\"https:\\\/\\\/secure.gravatar.com\\\/avatar\\\/b71bf7481d447dfb9583c7f2798e7cc64de6efb9067b74633ed8c31059a3bd82?s=96&d=mm&r=g\",\"caption\":\"Sebastian\"},\"url\":\"https:\\\/\\\/informelitoral.com.ar\\\/author\\\/sebastian\\\/\"}]}<\/script>","yoast_head_json":{"title":"Femicidio: mataron a una mujer de 31 a\u00f1os en Paran\u00e1 - Informe Litoral","robots":{"index":"index","follow":"follow","max-snippet":"max-snippet:-1","max-image-preview":"max-image-preview:large","max-video-preview":"max-video-preview:-1"},"canonical":"https:\/\/informelitoral.com.ar\/femicidio-mataron-a-una-mujer-de-31-anos-en-parana\/","og_locale":"es_ES","og_type":"article","og_title":"Femicidio: mataron a una mujer de 31 a\u00f1os en Paran\u00e1 - Informe Litoral","og_description":"Un nuevo femicidio ocurri\u00f3 en la capital entrerriana este lunes por la madrugada. Una mujer de 31 a\u00f1os fue asesinada en calle D\u00edaz V\u00e9lez. Demoran a su pareja.","og_url":"https:\/\/informelitoral.com.ar\/femicidio-mataron-a-una-mujer-de-31-anos-en-parana\/","og_site_name":"Informe Litoral","article_publisher":"https:\/\/www.facebook.com\/informelitoral\/","article_published_time":"2021-12-20T12:49:41+00:00","article_modified_time":"2021-12-20T16:48:30+00:00","og_image":[{"width":1200,"height":675,"url":"https:\/\/informelitoral.com.ar\/%77%70%2d%63%6f%6e%74%65%6e%74\/uploads\/2021\/12\/18-28.jpg","type":"image\/jpeg"}],"author":"Sebastian","twitter_card":"summary_large_image","twitter_creator":"@InformeLitoral","twitter_site":"@InformeLitoral","twitter_misc":{"Escrito por":"Sebastian","Tiempo de lectura":"2 minutos"},"schema":{"@context":"https:\/\/schema.org","@graph":[{"@type":"Article","@id":"https:\/\/informelitoral.com.ar\/femicidio-mataron-a-una-mujer-de-31-anos-en-parana\/#article","isPartOf":{"@id":"https:\/\/informelitoral.com.ar\/femicidio-mataron-a-una-mujer-de-31-anos-en-parana\/"},"author":{"name":"Sebastian","@id":"https:\/\/informelitoral.com.ar\/#\/schema\/person\/f05f9f461677119578717524b127d6d5"},"headline":"Femicidio: mataron a una mujer de 31 a\u00f1os en Paran\u00e1","datePublished":"2021-12-20T12:49:41+00:00","dateModified":"2021-12-20T16:48:30+00:00","mainEntityOfPage":{"@id":"https:\/\/informelitoral.com.ar\/femicidio-mataron-a-una-mujer-de-31-anos-en-parana\/"},"wordCount":318,"commentCount":0,"publisher":{"@id":"https:\/\/informelitoral.com.ar\/#organization"},"image":{"@id":"https:\/\/informelitoral.com.ar\/femicidio-mataron-a-una-mujer-de-31-anos-en-parana\/#primaryimage"},"thumbnailUrl":"https:\/\/informelitoral.com.ar\/%77%70%2d%63%6f%6e%74%65%6e%74\/uploads\/2021\/12\/18-28.jpg","keywords":["Entre R\u00edos","Femicidio","Mujer","Paran\u00e1"],"articleSection":["Policiales"],"inLanguage":"es","potentialAction":[{"@type":"CommentAction","name":"Comment","target":["https:\/\/informelitoral.com.ar\/femicidio-mataron-a-una-mujer-de-31-anos-en-parana\/#respond"]}]},{"@type":"WebPage","@id":"https:\/\/informelitoral.com.ar\/femicidio-mataron-a-una-mujer-de-31-anos-en-parana\/","url":"https:\/\/informelitoral.com.ar\/femicidio-mataron-a-una-mujer-de-31-anos-en-parana\/","name":"Femicidio: mataron a una mujer de 31 a\u00f1os en Paran\u00e1 - Informe Litoral","isPartOf":{"@id":"https:\/\/informelitoral.com.ar\/#website"},"primaryImageOfPage":{"@id":"https:\/\/informelitoral.com.ar\/femicidio-mataron-a-una-mujer-de-31-anos-en-parana\/#primaryimage"},"image":{"@id":"https:\/\/informelitoral.com.ar\/femicidio-mataron-a-una-mujer-de-31-anos-en-parana\/#primaryimage"},"thumbnailUrl":"https:\/\/informelitoral.com.ar\/%77%70%2d%63%6f%6e%74%65%6e%74\/uploads\/2021\/12\/18-28.jpg","datePublished":"2021-12-20T12:49:41+00:00","dateModified":"2021-12-20T16:48:30+00:00","breadcrumb":{"@id":"https:\/\/informelitoral.com.ar\/femicidio-mataron-a-una-mujer-de-31-anos-en-parana\/#breadcrumb"},"inLanguage":"es","potentialAction":[{"@type":"ReadAction","target":["https:\/\/informelitoral.com.ar\/femicidio-mataron-a-una-mujer-de-31-anos-en-parana\/"]}]},{"@type":"ImageObject","inLanguage":"es","@id":"https:\/\/informelitoral.com.ar\/femicidio-mataron-a-una-mujer-de-31-anos-en-parana\/#primaryimage","url":"https:\/\/informelitoral.com.ar\/%77%70%2d%63%6f%6e%74%65%6e%74\/uploads\/2021\/12\/18-28.jpg","contentUrl":"https:\/\/informelitoral.com.ar\/%77%70%2d%63%6f%6e%74%65%6e%74\/uploads\/2021\/12\/18-28.jpg","width":1200,"height":675},{"@type":"BreadcrumbList","@id":"https:\/\/informelitoral.com.ar\/femicidio-mataron-a-una-mujer-de-31-anos-en-parana\/#breadcrumb","itemListElement":[{"@type":"ListItem","position":1,"name":"Portada","item":"https:\/\/informelitoral.com.ar\/"},{"@type":"ListItem","position":2,"name":"Femicidio: mataron a una mujer de 31 a\u00f1os en Paran\u00e1"}]},{"@type":"WebSite","@id":"https:\/\/informelitoral.com.ar\/#website","url":"https:\/\/informelitoral.com.ar\/","name":"Informe Litoral","description":"&quot;Nos informamos&quot; ","publisher":{"@id":"https:\/\/informelitoral.com.ar\/#organization"},"potentialAction":[{"@type":"SearchAction","target":{"@type":"EntryPoint","urlTemplate":"https:\/\/informelitoral.com.ar\/?s={search_term_string}"},"query-input":{"@type":"PropertyValueSpecification","valueRequired":true,"valueName":"search_term_string"}}],"inLanguage":"es"},{"@type":"Organization","@id":"https:\/\/informelitoral.com.ar\/#organization","name":"Informe Litoral","url":"https:\/\/informelitoral.com.ar\/","logo":{"@type":"ImageObject","inLanguage":"es","@id":"https:\/\/informelitoral.com.ar\/#\/schema\/logo\/image\/","url":"https:\/\/informelitoral.com.ar\/%77%70%2d%63%6f%6e%74%65%6e%74\/uploads\/2021\/01\/circulo.png","contentUrl":"https:\/\/informelitoral.com.ar\/%77%70%2d%63%6f%6e%74%65%6e%74\/uploads\/2021\/01\/circulo.png","width":723,"height":731,"caption":"Informe Litoral"},"image":{"@id":"https:\/\/informelitoral.com.ar\/#\/schema\/logo\/image\/"},"sameAs":["https:\/\/www.facebook.com\/informelitoral\/","https:\/\/x.com\/InformeLitoral","https:\/\/www.instagram.com\/informelitoral\/","https:\/\/www.youtube.com\/channel\/UCua4Qvz8Icb6MYqhoq9xLXw"]},{"@type":"Person","@id":"https:\/\/informelitoral.com.ar\/#\/schema\/person\/f05f9f461677119578717524b127d6d5","name":"Sebastian","image":{"@type":"ImageObject","inLanguage":"es","@id":"https:\/\/secure.gravatar.com\/avatar\/b71bf7481d447dfb9583c7f2798e7cc64de6efb9067b74633ed8c31059a3bd82?s=96&d=mm&r=g","url":"https:\/\/secure.gravatar.com\/avatar\/b71bf7481d447dfb9583c7f2798e7cc64de6efb9067b74633ed8c31059a3bd82?s=96&d=mm&r=g","contentUrl":"https:\/\/secure.gravatar.com\/avatar\/b71bf7481d447dfb9583c7f2798e7cc64de6efb9067b74633ed8c31059a3bd82?s=96&d=mm&r=g","caption":"Sebastian"},"url":"https:\/\/informelitoral.com.ar\/author\/sebastian\/"}]}},"_links":{"self":[{"href":"https:\/\/informelitoral.com.ar\/%77%70%2d%6a%73%6f%6e\/wp\/v2\/posts\/69072","targetHints":{"allow":["GET"]}}],"collection":[{"href":"https:\/\/informelitoral.com.ar\/%77%70%2d%6a%73%6f%6e\/wp\/v2\/posts"}],"about":[{"href":"https:\/\/informelitoral.com.ar\/%77%70%2d%6a%73%6f%6e\/wp\/v2\/types\/post"}],"author":[{"embeddable":true,"href":"https:\/\/informelitoral.com.ar\/%77%70%2d%6a%73%6f%6e\/wp\/v2\/users\/8"}],"replies":[{"embeddable":true,"href":"https:\/\/informelitoral.com.ar\/%77%70%2d%6a%73%6f%6e\/wp\/v2\/comments?post=69072"}],"version-history":[{"count":0,"href":"https:\/\/informelitoral.com.ar\/%77%70%2d%6a%73%6f%6e\/wp\/v2\/posts\/69072\/revisions"}],"wp:featuredmedia":[{"embeddable":true,"href":"https:\/\/informelitoral.com.ar\/%77%70%2d%6a%73%6f%6e\/wp\/v2\/media\/69073"}],"wp:attachment":[{"href":"https:\/\/informelitoral.com.ar\/%77%70%2d%6a%73%6f%6e\/wp\/v2\/media?parent=69072"}],"wp:term":[{"taxonomy":"category","embeddable":true,"href":"https:\/\/informelitoral.com.ar\/%77%70%2d%6a%73%6f%6e\/wp\/v2\/categories?post=69072"},{"taxonomy":"post_tag","embeddable":true,"href":"https:\/\/informelitoral.com.ar\/%77%70%2d%6a%73%6f%6e\/wp\/v2\/tags?post=69072"}],"curies":[{"name":"wp","href":"https:\/\/api.w.org\/{rel}","templated":true}]}}