{"id":69067,"date":"2021-12-20T09:25:48","date_gmt":"2021-12-20T12:25:48","guid":{"rendered":"https:\/\/www.informelitoral.com.ar\/?p=69067"},"modified":"2021-12-20T09:29:06","modified_gmt":"2021-12-20T12:29:06","slug":"haran-homenaje-de-las-victimas-de-la-represion-en-2001","status":"publish","type":"post","link":"https:\/\/informelitoral.com.ar\/haran-homenaje-de-las-victimas-de-la-represion-en-2001\/","title":{"rendered":"Har\u00e1n homenaje de las v\u00edctimas de la represi\u00f3n en 2001"},"content":{"rendered":"<div class=\"news-body-main\">\n<div id=\"note-body\" data-twitter-link=\"https:\/\/twitter.com\/intent\/tweet?url=https:\/\/www.unoentrerios.com.ar\/c2704340&amp;via=&amp;related=Uno Entre Rios&amp;text=\">\n<p><strong>Desde la Multisectorial por el 19 y 20 de Diciembre convocan este lunes en Paran\u00e1, a partir de las 18 en la Plaza 20 de Diciembre, atr\u00e1s del hipermercado ubicado en el ingreso al Parque Humberto Varisco, a un acto homenaje \u00aben conmemoraci\u00f3n de la hist\u00f3rica pueblada que los argentinos y argentinas llevamos a cabo desafiando al Estado de sitio durante diciembre de\u00a02001\u00bb.<\/strong><\/p>\n<\/div>\n<\/div>\n<div class=\"news-body-main\">\n<div id=\"note-body\" data-twitter-link=\"https:\/\/twitter.com\/intent\/tweet?url=https:\/\/www.unoentrerios.com.ar\/c2704340&amp;via=&amp;related=Uno Entre Rios&amp;text=\">\n<p>En la convocatoria la Multisectorial conformada por trabajadores estatales, docentes, desocupados, profesionales y organizaciiones estudiantiles y feministas afirman que \u00abla deuda es con el pueblo\u00bb, en medio de las negociaciones del gobierno nacional con el Fondo Monetario Internacional, as\u00ed como \u00abcon los familiares de las v\u00edctimas de la\u00a0represi\u00f3n\u00a0de (el ex presidente Fernando) De La R\u00faa, (el ex gobernador Sergio) Montiel, (el ex jefe de la Polic\u00eda de Entre R\u00edos, Victoriano) Ojeda y (el ex ministro de Gobierno, Enrique) Carb\u00f3\u00bb.<\/p>\n<p>Las dos ni\u00f1as y el joven fueron las v\u00edctimas de la represi\u00f3n que la polic\u00eda entrerriana desat\u00f3 en Paran\u00e1 las jornadas de 19 y 20 de diciembre de 2001 en el marco de las reclamos de comida y los intentos de saqueos en varios supermercados de la ciudad, en el medio de la crisis terminal del gobierno nacional de la alianza y a horas de la renuncia de De la R\u00faa.<\/p>\n<p>Elo\u00edsa Paniagua fue asesinada por la espalda por un polic\u00eda de la comisar\u00eda Octava cuando la ni\u00f1a hu\u00eda de regreso al barrio Maccarone dentro de un grupo de mujeres y ni\u00f1os que hab\u00edan intentado obtener comida en el supermercado Abud de calle San Juan entre Victoria y Salta. Por el homicidio fue condenado en 2003 el cabo Silvio Mart\u00ednez, que sali\u00f3 en libertad condicional en 2009.<\/p>\n<p>Romina Iturain fue asesinada por el disparo una bala policial de plomo cuyo autor nunca fue identificado en medio de la represi\u00f3n al intento de saqueo del Walmart de calle Larramendi. La ni\u00f1a se encontraba en el patio delantero de la casa de una prima en cercan\u00edas del supermercado cuando la atraves\u00f3 el proyectil. Nunca se encontr\u00f3 el arma ni el tirador y la causa qued\u00f3 abierta a la espera de que aparezca alguna prueba o testimonio que permita retomar la investigaci\u00f3n.<\/p>\n<p>El caso de Jos\u00e9 Daniel Rodr\u00edguez tiene ribetes macabros. El joven militante de la Corriente Clasista y Combativa particip\u00f3 del intento de saqueo al Walmart y enfrent\u00f3 la represi\u00f3n policial. Fue perdido de vista por sus conocidos en medio de las corridas y los balazos y nunca m\u00e1s lo vieron. El 31 de diciembre un trabajador que pasaba por el entonces Parque Nuevo lo encontr\u00f3 muerto, tapado por unas cubiertas. La investigaci\u00f3n judicial tambi\u00e9n fue frenada y el crimen qued\u00f3 en la impunidad.<\/p>\n<\/div>\n<\/div>\n","protected":false},"excerpt":{"rendered":"<p>La Multisectorial realizar\u00e1 este lunes a las 18 en el Parque Varisco de Paran\u00e1 un acto homenaje a Elo\u00edsa Paniagua, Romina Iturain y Jos\u00e9 Daniel Rodr\u00edguez.<\/p>\n","protected":false},"author":8,"featured_media":69070,"comment_status":"open","ping_status":"open","sticky":false,"template":"","format":"standard","meta":{"fifu_image_url":"","fifu_image_alt":"","footnotes":""},"categories":[1597],"tags":[2680,81,1620,45,2679],"class_list":{"0":"post-69067","1":"post","2":"type-post","3":"status-publish","4":"format-standard","5":"has-post-thumbnail","7":"category-parana","8":"tag-2680","9":"tag-entre-rios","10":"tag-homenaje","11":"tag-parana","12":"tag-represion"},"yoast_head":"<title>Har\u00e1n homenaje de las v\u00edctimas de la represi\u00f3n en 2001 - Informe Litoral<\/title>\n<meta name=\"robots\" content=\"index, follow, max-snippet:-1, max-image-preview:large, max-video-preview:-1\" \/>\n<link rel=\"canonical\" href=\"https:\/\/informelitoral.com.ar\/haran-homenaje-de-las-victimas-de-la-represion-en-2001\/\" \/>\n<meta property=\"og:locale\" content=\"es_ES\" \/>\n<meta property=\"og:type\" content=\"article\" \/>\n<meta property=\"og:title\" content=\"Har\u00e1n homenaje de las v\u00edctimas de la represi\u00f3n en 2001 - Informe Litoral\" \/>\n<meta property=\"og:description\" content=\"La Multisectorial realizar\u00e1 este lunes a las 18 en el Parque Varisco de Paran\u00e1 un acto homenaje a Elo\u00edsa Paniagua, Romina Iturain y Jos\u00e9 Daniel Rodr\u00edguez.\" \/>\n<meta property=\"og:url\" content=\"https:\/\/informelitoral.com.ar\/haran-homenaje-de-las-victimas-de-la-represion-en-2001\/\" \/>\n<meta property=\"og:site_name\" content=\"Informe Litoral\" \/>\n<meta property=\"article:publisher\" content=\"https:\/\/www.facebook.com\/informelitoral\/\" \/>\n<meta property=\"article:published_time\" content=\"2021-12-20T12:25:48+00:00\" \/>\n<meta property=\"article:modified_time\" content=\"2021-12-20T12:29:06+00:00\" \/>\n<meta property=\"og:image\" content=\"https:\/\/informelitoral.com.ar\/%77%70%2d%63%6f%6e%74%65%6e%74\/uploads\/2021\/12\/108399511_gettyimages-1161842045.jpg-2.webp\" \/>\n\t<meta property=\"og:image:width\" content=\"800\" \/>\n\t<meta property=\"og:image:height\" content=\"450\" \/>\n\t<meta property=\"og:image:type\" content=\"image\/webp\" \/>\n<meta name=\"author\" content=\"Sebastian\" \/>\n<meta name=\"twitter:card\" content=\"summary_large_image\" \/>\n<meta name=\"twitter:creator\" content=\"@InformeLitoral\" \/>\n<meta name=\"twitter:site\" content=\"@InformeLitoral\" \/>\n<meta name=\"twitter:label1\" content=\"Escrito por\" \/>\n\t<meta name=\"twitter:data1\" content=\"Sebastian\" \/>\n\t<meta name=\"twitter:label2\" content=\"Tiempo de lectura\" \/>\n\t<meta name=\"twitter:data2\" content=\"2 minutos\" \/>\n<script type=\"application\/ld+json\" class=\"yoast-schema-graph\">{\"@context\":\"https:\\\/\\\/schema.org\",\"@graph\":[{\"@type\":\"Article\",\"@id\":\"https:\\\/\\\/informelitoral.com.ar\\\/haran-homenaje-de-las-victimas-de-la-represion-en-2001\\\/#article\",\"isPartOf\":{\"@id\":\"https:\\\/\\\/informelitoral.com.ar\\\/haran-homenaje-de-las-victimas-de-la-represion-en-2001\\\/\"},\"author\":{\"name\":\"Sebastian\",\"@id\":\"https:\\\/\\\/informelitoral.com.ar\\\/#\\\/schema\\\/person\\\/f05f9f461677119578717524b127d6d5\"},\"headline\":\"Har\u00e1n homenaje de las v\u00edctimas de la represi\u00f3n en 2001\",\"datePublished\":\"2021-12-20T12:25:48+00:00\",\"dateModified\":\"2021-12-20T12:29:06+00:00\",\"mainEntityOfPage\":{\"@id\":\"https:\\\/\\\/informelitoral.com.ar\\\/haran-homenaje-de-las-victimas-de-la-represion-en-2001\\\/\"},\"wordCount\":478,\"commentCount\":0,\"publisher\":{\"@id\":\"https:\\\/\\\/informelitoral.com.ar\\\/#organization\"},\"image\":{\"@id\":\"https:\\\/\\\/informelitoral.com.ar\\\/haran-homenaje-de-las-victimas-de-la-represion-en-2001\\\/#primaryimage\"},\"thumbnailUrl\":\"https:\\\/\\\/informelitoral.com.ar\\\/%77%70%2d%63%6f%6e%74%65%6e%74\\\/uploads\\\/2021\\\/12\\\/108399511_gettyimages-1161842045.jpg-2.webp\",\"keywords\":[\"2001\",\"Entre R\u00edos\",\"homenaje\",\"Paran\u00e1\",\"Represi\u00f3n\"],\"articleSection\":[\"Paran\u00e1\"],\"inLanguage\":\"es\",\"potentialAction\":[{\"@type\":\"CommentAction\",\"name\":\"Comment\",\"target\":[\"https:\\\/\\\/informelitoral.com.ar\\\/haran-homenaje-de-las-victimas-de-la-represion-en-2001\\\/#respond\"]}]},{\"@type\":\"WebPage\",\"@id\":\"https:\\\/\\\/informelitoral.com.ar\\\/haran-homenaje-de-las-victimas-de-la-represion-en-2001\\\/\",\"url\":\"https:\\\/\\\/informelitoral.com.ar\\\/haran-homenaje-de-las-victimas-de-la-represion-en-2001\\\/\",\"name\":\"Har\u00e1n homenaje de las v\u00edctimas de la represi\u00f3n en 2001 - Informe Litoral\",\"isPartOf\":{\"@id\":\"https:\\\/\\\/informelitoral.com.ar\\\/#website\"},\"primaryImageOfPage\":{\"@id\":\"https:\\\/\\\/informelitoral.com.ar\\\/haran-homenaje-de-las-victimas-de-la-represion-en-2001\\\/#primaryimage\"},\"image\":{\"@id\":\"https:\\\/\\\/informelitoral.com.ar\\\/haran-homenaje-de-las-victimas-de-la-represion-en-2001\\\/#primaryimage\"},\"thumbnailUrl\":\"https:\\\/\\\/informelitoral.com.ar\\\/%77%70%2d%63%6f%6e%74%65%6e%74\\\/uploads\\\/2021\\\/12\\\/108399511_gettyimages-1161842045.jpg-2.webp\",\"datePublished\":\"2021-12-20T12:25:48+00:00\",\"dateModified\":\"2021-12-20T12:29:06+00:00\",\"breadcrumb\":{\"@id\":\"https:\\\/\\\/informelitoral.com.ar\\\/haran-homenaje-de-las-victimas-de-la-represion-en-2001\\\/#breadcrumb\"},\"inLanguage\":\"es\",\"potentialAction\":[{\"@type\":\"ReadAction\",\"target\":[\"https:\\\/\\\/informelitoral.com.ar\\\/haran-homenaje-de-las-victimas-de-la-represion-en-2001\\\/\"]}]},{\"@type\":\"ImageObject\",\"inLanguage\":\"es\",\"@id\":\"https:\\\/\\\/informelitoral.com.ar\\\/haran-homenaje-de-las-victimas-de-la-represion-en-2001\\\/#primaryimage\",\"url\":\"https:\\\/\\\/informelitoral.com.ar\\\/%77%70%2d%63%6f%6e%74%65%6e%74\\\/uploads\\\/2021\\\/12\\\/108399511_gettyimages-1161842045.jpg-2.webp\",\"contentUrl\":\"https:\\\/\\\/informelitoral.com.ar\\\/%77%70%2d%63%6f%6e%74%65%6e%74\\\/uploads\\\/2021\\\/12\\\/108399511_gettyimages-1161842045.jpg-2.webp\",\"width\":800,\"height\":450},{\"@type\":\"BreadcrumbList\",\"@id\":\"https:\\\/\\\/informelitoral.com.ar\\\/haran-homenaje-de-las-victimas-de-la-represion-en-2001\\\/#breadcrumb\",\"itemListElement\":[{\"@type\":\"ListItem\",\"position\":1,\"name\":\"Portada\",\"item\":\"https:\\\/\\\/informelitoral.com.ar\\\/\"},{\"@type\":\"ListItem\",\"position\":2,\"name\":\"Har\u00e1n homenaje de las v\u00edctimas de la represi\u00f3n en 2001\"}]},{\"@type\":\"WebSite\",\"@id\":\"https:\\\/\\\/informelitoral.com.ar\\\/#website\",\"url\":\"https:\\\/\\\/informelitoral.com.ar\\\/\",\"name\":\"Informe Litoral\",\"description\":\"&quot;Nos informamos&quot; \",\"publisher\":{\"@id\":\"https:\\\/\\\/informelitoral.com.ar\\\/#organization\"},\"potentialAction\":[{\"@type\":\"SearchAction\",\"target\":{\"@type\":\"EntryPoint\",\"urlTemplate\":\"https:\\\/\\\/informelitoral.com.ar\\\/?s={search_term_string}\"},\"query-input\":{\"@type\":\"PropertyValueSpecification\",\"valueRequired\":true,\"valueName\":\"search_term_string\"}}],\"inLanguage\":\"es\"},{\"@type\":\"Organization\",\"@id\":\"https:\\\/\\\/informelitoral.com.ar\\\/#organization\",\"name\":\"Informe Litoral\",\"url\":\"https:\\\/\\\/informelitoral.com.ar\\\/\",\"logo\":{\"@type\":\"ImageObject\",\"inLanguage\":\"es\",\"@id\":\"https:\\\/\\\/informelitoral.com.ar\\\/#\\\/schema\\\/logo\\\/image\\\/\",\"url\":\"https:\\\/\\\/informelitoral.com.ar\\\/%77%70%2d%63%6f%6e%74%65%6e%74\\\/uploads\\\/2021\\\/01\\\/circulo.png\",\"contentUrl\":\"https:\\\/\\\/informelitoral.com.ar\\\/%77%70%2d%63%6f%6e%74%65%6e%74\\\/uploads\\\/2021\\\/01\\\/circulo.png\",\"width\":723,\"height\":731,\"caption\":\"Informe Litoral\"},\"image\":{\"@id\":\"https:\\\/\\\/informelitoral.com.ar\\\/#\\\/schema\\\/logo\\\/image\\\/\"},\"sameAs\":[\"https:\\\/\\\/www.facebook.com\\\/informelitoral\\\/\",\"https:\\\/\\\/x.com\\\/InformeLitoral\",\"https:\\\/\\\/www.instagram.com\\\/informelitoral\\\/\",\"https:\\\/\\\/www.youtube.com\\\/channel\\\/UCua4Qvz8Icb6MYqhoq9xLXw\"]},{\"@type\":\"Person\",\"@id\":\"https:\\\/\\\/informelitoral.com.ar\\\/#\\\/schema\\\/person\\\/f05f9f461677119578717524b127d6d5\",\"name\":\"Sebastian\",\"image\":{\"@type\":\"ImageObject\",\"inLanguage\":\"es\",\"@id\":\"https:\\\/\\\/secure.gravatar.com\\\/avatar\\\/b71bf7481d447dfb9583c7f2798e7cc64de6efb9067b74633ed8c31059a3bd82?s=96&d=mm&r=g\",\"url\":\"https:\\\/\\\/secure.gravatar.com\\\/avatar\\\/b71bf7481d447dfb9583c7f2798e7cc64de6efb9067b74633ed8c31059a3bd82?s=96&d=mm&r=g\",\"contentUrl\":\"https:\\\/\\\/secure.gravatar.com\\\/avatar\\\/b71bf7481d447dfb9583c7f2798e7cc64de6efb9067b74633ed8c31059a3bd82?s=96&d=mm&r=g\",\"caption\":\"Sebastian\"},\"url\":\"https:\\\/\\\/informelitoral.com.ar\\\/author\\\/sebastian\\\/\"}]}<\/script>","yoast_head_json":{"title":"Har\u00e1n homenaje de las v\u00edctimas de la represi\u00f3n en 2001 - Informe Litoral","robots":{"index":"index","follow":"follow","max-snippet":"max-snippet:-1","max-image-preview":"max-image-preview:large","max-video-preview":"max-video-preview:-1"},"canonical":"https:\/\/informelitoral.com.ar\/haran-homenaje-de-las-victimas-de-la-represion-en-2001\/","og_locale":"es_ES","og_type":"article","og_title":"Har\u00e1n homenaje de las v\u00edctimas de la represi\u00f3n en 2001 - Informe Litoral","og_description":"La Multisectorial realizar\u00e1 este lunes a las 18 en el Parque Varisco de Paran\u00e1 un acto homenaje a Elo\u00edsa Paniagua, Romina Iturain y Jos\u00e9 Daniel Rodr\u00edguez.","og_url":"https:\/\/informelitoral.com.ar\/haran-homenaje-de-las-victimas-de-la-represion-en-2001\/","og_site_name":"Informe Litoral","article_publisher":"https:\/\/www.facebook.com\/informelitoral\/","article_published_time":"2021-12-20T12:25:48+00:00","article_modified_time":"2021-12-20T12:29:06+00:00","og_image":[{"width":800,"height":450,"url":"https:\/\/informelitoral.com.ar\/%77%70%2d%63%6f%6e%74%65%6e%74\/uploads\/2021\/12\/108399511_gettyimages-1161842045.jpg-2.webp","type":"image\/webp"}],"author":"Sebastian","twitter_card":"summary_large_image","twitter_creator":"@InformeLitoral","twitter_site":"@InformeLitoral","twitter_misc":{"Escrito por":"Sebastian","Tiempo de lectura":"2 minutos"},"schema":{"@context":"https:\/\/schema.org","@graph":[{"@type":"Article","@id":"https:\/\/informelitoral.com.ar\/haran-homenaje-de-las-victimas-de-la-represion-en-2001\/#article","isPartOf":{"@id":"https:\/\/informelitoral.com.ar\/haran-homenaje-de-las-victimas-de-la-represion-en-2001\/"},"author":{"name":"Sebastian","@id":"https:\/\/informelitoral.com.ar\/#\/schema\/person\/f05f9f461677119578717524b127d6d5"},"headline":"Har\u00e1n homenaje de las v\u00edctimas de la represi\u00f3n en 2001","datePublished":"2021-12-20T12:25:48+00:00","dateModified":"2021-12-20T12:29:06+00:00","mainEntityOfPage":{"@id":"https:\/\/informelitoral.com.ar\/haran-homenaje-de-las-victimas-de-la-represion-en-2001\/"},"wordCount":478,"commentCount":0,"publisher":{"@id":"https:\/\/informelitoral.com.ar\/#organization"},"image":{"@id":"https:\/\/informelitoral.com.ar\/haran-homenaje-de-las-victimas-de-la-represion-en-2001\/#primaryimage"},"thumbnailUrl":"https:\/\/informelitoral.com.ar\/%77%70%2d%63%6f%6e%74%65%6e%74\/uploads\/2021\/12\/108399511_gettyimages-1161842045.jpg-2.webp","keywords":["2001","Entre R\u00edos","homenaje","Paran\u00e1","Represi\u00f3n"],"articleSection":["Paran\u00e1"],"inLanguage":"es","potentialAction":[{"@type":"CommentAction","name":"Comment","target":["https:\/\/informelitoral.com.ar\/haran-homenaje-de-las-victimas-de-la-represion-en-2001\/#respond"]}]},{"@type":"WebPage","@id":"https:\/\/informelitoral.com.ar\/haran-homenaje-de-las-victimas-de-la-represion-en-2001\/","url":"https:\/\/informelitoral.com.ar\/haran-homenaje-de-las-victimas-de-la-represion-en-2001\/","name":"Har\u00e1n homenaje de las v\u00edctimas de la represi\u00f3n en 2001 - Informe Litoral","isPartOf":{"@id":"https:\/\/informelitoral.com.ar\/#website"},"primaryImageOfPage":{"@id":"https:\/\/informelitoral.com.ar\/haran-homenaje-de-las-victimas-de-la-represion-en-2001\/#primaryimage"},"image":{"@id":"https:\/\/informelitoral.com.ar\/haran-homenaje-de-las-victimas-de-la-represion-en-2001\/#primaryimage"},"thumbnailUrl":"https:\/\/informelitoral.com.ar\/%77%70%2d%63%6f%6e%74%65%6e%74\/uploads\/2021\/12\/108399511_gettyimages-1161842045.jpg-2.webp","datePublished":"2021-12-20T12:25:48+00:00","dateModified":"2021-12-20T12:29:06+00:00","breadcrumb":{"@id":"https:\/\/informelitoral.com.ar\/haran-homenaje-de-las-victimas-de-la-represion-en-2001\/#breadcrumb"},"inLanguage":"es","potentialAction":[{"@type":"ReadAction","target":["https:\/\/informelitoral.com.ar\/haran-homenaje-de-las-victimas-de-la-represion-en-2001\/"]}]},{"@type":"ImageObject","inLanguage":"es","@id":"https:\/\/informelitoral.com.ar\/haran-homenaje-de-las-victimas-de-la-represion-en-2001\/#primaryimage","url":"https:\/\/informelitoral.com.ar\/%77%70%2d%63%6f%6e%74%65%6e%74\/uploads\/2021\/12\/108399511_gettyimages-1161842045.jpg-2.webp","contentUrl":"https:\/\/informelitoral.com.ar\/%77%70%2d%63%6f%6e%74%65%6e%74\/uploads\/2021\/12\/108399511_gettyimages-1161842045.jpg-2.webp","width":800,"height":450},{"@type":"BreadcrumbList","@id":"https:\/\/informelitoral.com.ar\/haran-homenaje-de-las-victimas-de-la-represion-en-2001\/#breadcrumb","itemListElement":[{"@type":"ListItem","position":1,"name":"Portada","item":"https:\/\/informelitoral.com.ar\/"},{"@type":"ListItem","position":2,"name":"Har\u00e1n homenaje de las v\u00edctimas de la represi\u00f3n en 2001"}]},{"@type":"WebSite","@id":"https:\/\/informelitoral.com.ar\/#website","url":"https:\/\/informelitoral.com.ar\/","name":"Informe Litoral","description":"&quot;Nos informamos&quot; ","publisher":{"@id":"https:\/\/informelitoral.com.ar\/#organization"},"potentialAction":[{"@type":"SearchAction","target":{"@type":"EntryPoint","urlTemplate":"https:\/\/informelitoral.com.ar\/?s={search_term_string}"},"query-input":{"@type":"PropertyValueSpecification","valueRequired":true,"valueName":"search_term_string"}}],"inLanguage":"es"},{"@type":"Organization","@id":"https:\/\/informelitoral.com.ar\/#organization","name":"Informe Litoral","url":"https:\/\/informelitoral.com.ar\/","logo":{"@type":"ImageObject","inLanguage":"es","@id":"https:\/\/informelitoral.com.ar\/#\/schema\/logo\/image\/","url":"https:\/\/informelitoral.com.ar\/%77%70%2d%63%6f%6e%74%65%6e%74\/uploads\/2021\/01\/circulo.png","contentUrl":"https:\/\/informelitoral.com.ar\/%77%70%2d%63%6f%6e%74%65%6e%74\/uploads\/2021\/01\/circulo.png","width":723,"height":731,"caption":"Informe Litoral"},"image":{"@id":"https:\/\/informelitoral.com.ar\/#\/schema\/logo\/image\/"},"sameAs":["https:\/\/www.facebook.com\/informelitoral\/","https:\/\/x.com\/InformeLitoral","https:\/\/www.instagram.com\/informelitoral\/","https:\/\/www.youtube.com\/channel\/UCua4Qvz8Icb6MYqhoq9xLXw"]},{"@type":"Person","@id":"https:\/\/informelitoral.com.ar\/#\/schema\/person\/f05f9f461677119578717524b127d6d5","name":"Sebastian","image":{"@type":"ImageObject","inLanguage":"es","@id":"https:\/\/secure.gravatar.com\/avatar\/b71bf7481d447dfb9583c7f2798e7cc64de6efb9067b74633ed8c31059a3bd82?s=96&d=mm&r=g","url":"https:\/\/secure.gravatar.com\/avatar\/b71bf7481d447dfb9583c7f2798e7cc64de6efb9067b74633ed8c31059a3bd82?s=96&d=mm&r=g","contentUrl":"https:\/\/secure.gravatar.com\/avatar\/b71bf7481d447dfb9583c7f2798e7cc64de6efb9067b74633ed8c31059a3bd82?s=96&d=mm&r=g","caption":"Sebastian"},"url":"https:\/\/informelitoral.com.ar\/author\/sebastian\/"}]}},"_links":{"self":[{"href":"https:\/\/informelitoral.com.ar\/%77%70%2d%6a%73%6f%6e\/wp\/v2\/posts\/69067","targetHints":{"allow":["GET"]}}],"collection":[{"href":"https:\/\/informelitoral.com.ar\/%77%70%2d%6a%73%6f%6e\/wp\/v2\/posts"}],"about":[{"href":"https:\/\/informelitoral.com.ar\/%77%70%2d%6a%73%6f%6e\/wp\/v2\/types\/post"}],"author":[{"embeddable":true,"href":"https:\/\/informelitoral.com.ar\/%77%70%2d%6a%73%6f%6e\/wp\/v2\/users\/8"}],"replies":[{"embeddable":true,"href":"https:\/\/informelitoral.com.ar\/%77%70%2d%6a%73%6f%6e\/wp\/v2\/comments?post=69067"}],"version-history":[{"count":0,"href":"https:\/\/informelitoral.com.ar\/%77%70%2d%6a%73%6f%6e\/wp\/v2\/posts\/69067\/revisions"}],"wp:featuredmedia":[{"embeddable":true,"href":"https:\/\/informelitoral.com.ar\/%77%70%2d%6a%73%6f%6e\/wp\/v2\/media\/69070"}],"wp:attachment":[{"href":"https:\/\/informelitoral.com.ar\/%77%70%2d%6a%73%6f%6e\/wp\/v2\/media?parent=69067"}],"wp:term":[{"taxonomy":"category","embeddable":true,"href":"https:\/\/informelitoral.com.ar\/%77%70%2d%6a%73%6f%6e\/wp\/v2\/categories?post=69067"},{"taxonomy":"post_tag","embeddable":true,"href":"https:\/\/informelitoral.com.ar\/%77%70%2d%6a%73%6f%6e\/wp\/v2\/tags?post=69067"}],"curies":[{"name":"wp","href":"https:\/\/api.w.org\/{rel}","templated":true}]}}