{"id":690,"date":"2013-04-01T19:15:25","date_gmt":"2013-04-01T22:15:25","guid":{"rendered":"http:\/\/www.isletasnoticias.com.ar\/?p=690"},"modified":"2013-04-01T19:15:25","modified_gmt":"2013-04-01T22:15:25","slug":"la-maldicion-de-bin-laden","status":"publish","type":"post","link":"https:\/\/informelitoral.com.ar\/la-maldicion-de-bin-laden\/","title":{"rendered":"\u00bfLa maldici\u00f3n de Bin Laden?"},"content":{"rendered":"<p><strong>De aquellos 25 Navy Sails que participaron de la operaci\u00f3n norteamericana para matar al l\u00edder del Al Qaeda, hoy s\u00f3lo quedan vivos dos, tras la muerte del marine <em>Brett\u00a0<strong><em>D. Shadle.<\/em><\/strong><\/em><\/strong><\/p>\n<p><img loading=\"lazy\" decoding=\"async\" class=\"size-full wp-image-691 alignright\" alt=\"binladen\" src=\"http:\/\/www.isletasnoticias.com.ar\/%77%70%2d%63%6f%6e%74%65%6e%74\/uploads\/2013\/04\/binladen.jpg\" width=\"261\" height=\"193\" \/><\/p>\n<p>Un total de 25 fueron los miembros de los Navy Seals que\u00a0acabaron con la vida\u00a0del mayor enemigo de EEUU hasta entonces,<strong>\u00a0Osama bin Laden,<\/strong> aquel 2 de mayo de hace ahora dos a\u00f1os. De aquellos 25 hombres, hoy s\u00f3lo quedan vivos dos, tras la muerte el pasado jueves del marine Brett D. Shadle en\u00a0un choque fortuito con su paraca\u00eddas, seg\u00fan publica el diario italiano \u00abcorriere della Sera\u00bb.<a href=\"http:\/\/www.corriere.it\/\" target=\"_blank\"><br \/>\n<\/a><\/p>\n<p>Shadle ha sido el \u00faltimo en sumarse en una lista que se podr\u00eda calificar de maldici\u00f3n y que comenz\u00f3 tan s\u00f3lo tres meses despu\u00e9s de la\u00a0&#8216;operaci\u00f3n Ger\u00f3nimo&#8217;\u00a0que acab\u00f3 con Osama.<\/p>\n<p>En agosto de 2011 durante una operaci\u00f3n en Afganist\u00e1n\u00a0un helic\u00f3ptero de la OTAN se estrella\u00a0provocando la muerte de 38 soldados. 22 de ellos formaban parte del equipo que entr\u00f3 en la casa de Bin Laden en Abbottabad y acab\u00f3 con su vida.<\/p>\n<div>\u00a0Seg\u00fan inform\u00f3 el presidente afgano,<strong> Hamid Karzai,<\/strong> los talib\u00e1n aseguraron haber disparado contra el helic\u00f3ptero derrib\u00e1ndolo. En \u00e9l viajaban 31 soldados estadounidenses y siete soldados afganos.\u00a0El Gobierno estadounidense nunca confirm\u00f3 ni desminti\u00f3\u00a0que en el accidente estuviera casi al completo el equipo que acab\u00f3 con Bin Laden.<\/div>\n<div><\/div>\n<div>El pasado mes, adem\u00e1s, se conoc\u00eda, que el hombre que dio el tiro de gracia al terrorista afgano, que dej\u00f3 el Ej\u00e9rcito en septiembre,\u00a0no tiene ni seguro m\u00e9dico p\u00fablico y no sabe qui\u00e9n le p<\/div>\n<div>agar\u00e1 la pensi\u00f3n.<\/div>\n<div><\/div>\n<div>Despu\u00e9s de 16 a\u00f1os en el ej\u00e9rcito, el hombre que mat\u00f3 a Bin Laden no sabe en qu\u00e9 trabajar. Y es que el Gobierno s\u00f3lo ofrece un seguro m\u00e9dico durante 180 d\u00edas para quien deja el Pent\u00e1gono y s\u00f3lo si acepta mantenerse como reservista,<\/div>\n<div><\/div>\n<div>\u00a0Dos a\u00f1os despu\u00e9s de la muerte de Bin Laden\u00a0su muerte sigue llena de inc\u00f3gnitas y suposiciones. La &#8216;operaci\u00f3n Ger\u00f3nimo&#8217; comenz\u00f3 la noche del 2 de mayo. Aquellos 25 SEAL se abrieron paso con explosivos de mano y rifles hasta llegar al escondite de Bin Laden.<\/div>\n<div><\/div>\n<div>Los hombres de seguridad del l\u00edder de Al Qaeda poco pudieron hacer contra la avalancha de fuego de los\u00a0SEALS, que no s\u00f3lo mataron a Bin Laden, sino tambi\u00e9n a uno los hijos del terrorista saud\u00ed, a otros dos hombres y a una mujer que lleg\u00f3 a ser usada como escudo humano.<\/div>\n<div><\/div>\n<div>Los soldados de elite le dieron a Bin Laden la oportunidad de rendirse antes de dispararle un tiro en la cabeza, concretamente, en su ojo izquierdo. Sin embargo, Bin Laden ya hab\u00eda declarado en cierta ocasi\u00f3n que EEUU nunca le capturar\u00eda vivo.<\/div>\n<div><\/div>\n<div>Fuente: La Capital.<\/div>\n","protected":false},"excerpt":{"rendered":"<p>De aquellos 25 Navy Sails que participaron de la operaci&oacute;n norteamericana para matar al l&iacute;der del Al Qaeda, hoy s&oacute;lo quedan vivos dos, tras la muerte del marine Brett&nbsp;D. Shadle. Un total de 25 fueron los miembros de los Navy Seals que&nbsp;acabaron con la vida&nbsp;del mayor enemigo de EEUU hasta entonces,&nbsp;Osama bin Laden, aquel 2 [&hellip;]<\/p>\n","protected":false},"author":2,"featured_media":0,"comment_status":"open","ping_status":"open","sticky":false,"template":"","format":"standard","meta":{"fifu_image_url":"","fifu_image_alt":"","footnotes":""},"categories":[8],"tags":[],"class_list":{"0":"post-690","1":"post","2":"type-post","3":"status-publish","4":"format-standard","6":"category-internacionales"},"yoast_head":"<title>\u00bfLa maldici\u00f3n de Bin Laden? - Informe Litoral<\/title>\n<meta name=\"robots\" content=\"index, follow, max-snippet:-1, max-image-preview:large, max-video-preview:-1\" \/>\n<link rel=\"canonical\" href=\"https:\/\/informelitoral.com.ar\/la-maldicion-de-bin-laden\/\" \/>\n<meta property=\"og:locale\" content=\"es_ES\" \/>\n<meta property=\"og:type\" content=\"article\" \/>\n<meta property=\"og:title\" content=\"\u00bfLa maldici\u00f3n de Bin Laden? - Informe Litoral\" \/>\n<meta property=\"og:description\" content=\"De aquellos 25 Navy Sails que participaron de la operaci&oacute;n norteamericana para matar al l&iacute;der del Al Qaeda, hoy s&oacute;lo quedan vivos dos, tras la muerte del marine Brett&nbsp;D. Shadle. Un total de 25 fueron los miembros de los Navy Seals que&nbsp;acabaron con la vida&nbsp;del mayor enemigo de EEUU hasta entonces,&nbsp;Osama bin Laden, aquel 2 [&hellip;]\" \/>\n<meta property=\"og:url\" content=\"https:\/\/informelitoral.com.ar\/la-maldicion-de-bin-laden\/\" \/>\n<meta property=\"og:site_name\" content=\"Informe Litoral\" \/>\n<meta property=\"article:publisher\" content=\"https:\/\/www.facebook.com\/informelitoral\/\" \/>\n<meta property=\"article:published_time\" content=\"2013-04-01T22:15:25+00:00\" \/>\n<meta property=\"og:image\" content=\"https:\/\/informelitoral.com.ar\/%77%70%2d%63%6f%6e%74%65%6e%74\/uploads\/2013\/04\/binladen.jpg\" \/>\n\t<meta property=\"og:image:width\" content=\"261\" \/>\n\t<meta property=\"og:image:height\" content=\"193\" \/>\n\t<meta property=\"og:image:type\" content=\"image\/jpeg\" \/>\n<meta name=\"author\" content=\"Gonzalo Schmidt\" \/>\n<meta name=\"twitter:card\" content=\"summary_large_image\" \/>\n<meta name=\"twitter:creator\" content=\"@InformeLitoral\" \/>\n<meta name=\"twitter:site\" content=\"@InformeLitoral\" \/>\n<meta name=\"twitter:label1\" content=\"Escrito por\" \/>\n\t<meta name=\"twitter:data1\" content=\"Gonzalo Schmidt\" \/>\n\t<meta name=\"twitter:label2\" content=\"Tiempo de lectura\" \/>\n\t<meta name=\"twitter:data2\" content=\"2 minutos\" \/>\n<script type=\"application\/ld+json\" class=\"yoast-schema-graph\">{\"@context\":\"https:\\\/\\\/schema.org\",\"@graph\":[{\"@type\":\"Article\",\"@id\":\"https:\\\/\\\/informelitoral.com.ar\\\/la-maldicion-de-bin-laden\\\/#article\",\"isPartOf\":{\"@id\":\"https:\\\/\\\/informelitoral.com.ar\\\/la-maldicion-de-bin-laden\\\/\"},\"author\":{\"name\":\"Gonzalo Schmidt\",\"@id\":\"https:\\\/\\\/informelitoral.com.ar\\\/#\\\/schema\\\/person\\\/b9d00407c836482871ef1d57bf8e3180\"},\"headline\":\"\u00bfLa maldici\u00f3n de Bin Laden?\",\"datePublished\":\"2013-04-01T22:15:25+00:00\",\"mainEntityOfPage\":{\"@id\":\"https:\\\/\\\/informelitoral.com.ar\\\/la-maldicion-de-bin-laden\\\/\"},\"wordCount\":491,\"commentCount\":0,\"publisher\":{\"@id\":\"https:\\\/\\\/informelitoral.com.ar\\\/#organization\"},\"image\":{\"@id\":\"https:\\\/\\\/informelitoral.com.ar\\\/la-maldicion-de-bin-laden\\\/#primaryimage\"},\"thumbnailUrl\":\"http:\\\/\\\/www.isletasnoticias.com.ar\\\/%77%70%2d%63%6f%6e%74%65%6e%74\\\/uploads\\\/2013\\\/04\\\/binladen.jpg\",\"articleSection\":[\"Internacionales\"],\"inLanguage\":\"es\",\"potentialAction\":[{\"@type\":\"CommentAction\",\"name\":\"Comment\",\"target\":[\"https:\\\/\\\/informelitoral.com.ar\\\/la-maldicion-de-bin-laden\\\/#respond\"]}]},{\"@type\":\"WebPage\",\"@id\":\"https:\\\/\\\/informelitoral.com.ar\\\/la-maldicion-de-bin-laden\\\/\",\"url\":\"https:\\\/\\\/informelitoral.com.ar\\\/la-maldicion-de-bin-laden\\\/\",\"name\":\"\u00bfLa maldici\u00f3n de Bin Laden? - Informe Litoral\",\"isPartOf\":{\"@id\":\"https:\\\/\\\/informelitoral.com.ar\\\/#website\"},\"primaryImageOfPage\":{\"@id\":\"https:\\\/\\\/informelitoral.com.ar\\\/la-maldicion-de-bin-laden\\\/#primaryimage\"},\"image\":{\"@id\":\"https:\\\/\\\/informelitoral.com.ar\\\/la-maldicion-de-bin-laden\\\/#primaryimage\"},\"thumbnailUrl\":\"http:\\\/\\\/www.isletasnoticias.com.ar\\\/%77%70%2d%63%6f%6e%74%65%6e%74\\\/uploads\\\/2013\\\/04\\\/binladen.jpg\",\"datePublished\":\"2013-04-01T22:15:25+00:00\",\"breadcrumb\":{\"@id\":\"https:\\\/\\\/informelitoral.com.ar\\\/la-maldicion-de-bin-laden\\\/#breadcrumb\"},\"inLanguage\":\"es\",\"potentialAction\":[{\"@type\":\"ReadAction\",\"target\":[\"https:\\\/\\\/informelitoral.com.ar\\\/la-maldicion-de-bin-laden\\\/\"]}]},{\"@type\":\"ImageObject\",\"inLanguage\":\"es\",\"@id\":\"https:\\\/\\\/informelitoral.com.ar\\\/la-maldicion-de-bin-laden\\\/#primaryimage\",\"url\":\"http:\\\/\\\/www.isletasnoticias.com.ar\\\/%77%70%2d%63%6f%6e%74%65%6e%74\\\/uploads\\\/2013\\\/04\\\/binladen.jpg\",\"contentUrl\":\"http:\\\/\\\/www.isletasnoticias.com.ar\\\/%77%70%2d%63%6f%6e%74%65%6e%74\\\/uploads\\\/2013\\\/04\\\/binladen.jpg\"},{\"@type\":\"BreadcrumbList\",\"@id\":\"https:\\\/\\\/informelitoral.com.ar\\\/la-maldicion-de-bin-laden\\\/#breadcrumb\",\"itemListElement\":[{\"@type\":\"ListItem\",\"position\":1,\"name\":\"Portada\",\"item\":\"https:\\\/\\\/informelitoral.com.ar\\\/\"},{\"@type\":\"ListItem\",\"position\":2,\"name\":\"\u00bfLa maldici\u00f3n de Bin Laden?\"}]},{\"@type\":\"WebSite\",\"@id\":\"https:\\\/\\\/informelitoral.com.ar\\\/#website\",\"url\":\"https:\\\/\\\/informelitoral.com.ar\\\/\",\"name\":\"Informe Litoral\",\"description\":\"&quot;Nos informamos&quot; \",\"publisher\":{\"@id\":\"https:\\\/\\\/informelitoral.com.ar\\\/#organization\"},\"potentialAction\":[{\"@type\":\"SearchAction\",\"target\":{\"@type\":\"EntryPoint\",\"urlTemplate\":\"https:\\\/\\\/informelitoral.com.ar\\\/?s={search_term_string}\"},\"query-input\":{\"@type\":\"PropertyValueSpecification\",\"valueRequired\":true,\"valueName\":\"search_term_string\"}}],\"inLanguage\":\"es\"},{\"@type\":\"Organization\",\"@id\":\"https:\\\/\\\/informelitoral.com.ar\\\/#organization\",\"name\":\"Informe Litoral\",\"url\":\"https:\\\/\\\/informelitoral.com.ar\\\/\",\"logo\":{\"@type\":\"ImageObject\",\"inLanguage\":\"es\",\"@id\":\"https:\\\/\\\/informelitoral.com.ar\\\/#\\\/schema\\\/logo\\\/image\\\/\",\"url\":\"https:\\\/\\\/informelitoral.com.ar\\\/%77%70%2d%63%6f%6e%74%65%6e%74\\\/uploads\\\/2021\\\/01\\\/circulo.png\",\"contentUrl\":\"https:\\\/\\\/informelitoral.com.ar\\\/%77%70%2d%63%6f%6e%74%65%6e%74\\\/uploads\\\/2021\\\/01\\\/circulo.png\",\"width\":723,\"height\":731,\"caption\":\"Informe Litoral\"},\"image\":{\"@id\":\"https:\\\/\\\/informelitoral.com.ar\\\/#\\\/schema\\\/logo\\\/image\\\/\"},\"sameAs\":[\"https:\\\/\\\/www.facebook.com\\\/informelitoral\\\/\",\"https:\\\/\\\/x.com\\\/InformeLitoral\",\"https:\\\/\\\/www.instagram.com\\\/informelitoral\\\/\",\"https:\\\/\\\/www.youtube.com\\\/channel\\\/UCua4Qvz8Icb6MYqhoq9xLXw\"]},{\"@type\":\"Person\",\"@id\":\"https:\\\/\\\/informelitoral.com.ar\\\/#\\\/schema\\\/person\\\/b9d00407c836482871ef1d57bf8e3180\",\"name\":\"Gonzalo Schmidt\",\"image\":{\"@type\":\"ImageObject\",\"inLanguage\":\"es\",\"@id\":\"https:\\\/\\\/secure.gravatar.com\\\/avatar\\\/31a1a7b66ff2de83bd0e9fd79d026630d2d99e55e8bfe501287647b4fd9743de?s=96&d=mm&r=g\",\"url\":\"https:\\\/\\\/secure.gravatar.com\\\/avatar\\\/31a1a7b66ff2de83bd0e9fd79d026630d2d99e55e8bfe501287647b4fd9743de?s=96&d=mm&r=g\",\"contentUrl\":\"https:\\\/\\\/secure.gravatar.com\\\/avatar\\\/31a1a7b66ff2de83bd0e9fd79d026630d2d99e55e8bfe501287647b4fd9743de?s=96&d=mm&r=g\",\"caption\":\"Gonzalo Schmidt\"},\"description\":\"Sitio web de noticias de la provincia de Entre R\u00edos, Argentina. Informaci\u00f3n y entretenimiento. Informe Litoral, nos informamos.\",\"sameAs\":[\"http:\\\/\\\/www.isletasnoticias.com.ar\"],\"url\":\"https:\\\/\\\/informelitoral.com.ar\\\/author\\\/gonzalo\\\/\"}]}<\/script>","yoast_head_json":{"title":"\u00bfLa maldici\u00f3n de Bin Laden? - Informe Litoral","robots":{"index":"index","follow":"follow","max-snippet":"max-snippet:-1","max-image-preview":"max-image-preview:large","max-video-preview":"max-video-preview:-1"},"canonical":"https:\/\/informelitoral.com.ar\/la-maldicion-de-bin-laden\/","og_locale":"es_ES","og_type":"article","og_title":"\u00bfLa maldici\u00f3n de Bin Laden? - Informe Litoral","og_description":"De aquellos 25 Navy Sails que participaron de la operaci&oacute;n norteamericana para matar al l&iacute;der del Al Qaeda, hoy s&oacute;lo quedan vivos dos, tras la muerte del marine Brett&nbsp;D. Shadle. Un total de 25 fueron los miembros de los Navy Seals que&nbsp;acabaron con la vida&nbsp;del mayor enemigo de EEUU hasta entonces,&nbsp;Osama bin Laden, aquel 2 [&hellip;]","og_url":"https:\/\/informelitoral.com.ar\/la-maldicion-de-bin-laden\/","og_site_name":"Informe Litoral","article_publisher":"https:\/\/www.facebook.com\/informelitoral\/","article_published_time":"2013-04-01T22:15:25+00:00","og_image":[{"width":261,"height":193,"url":"https:\/\/informelitoral.com.ar\/%77%70%2d%63%6f%6e%74%65%6e%74\/uploads\/2013\/04\/binladen.jpg","type":"image\/jpeg"}],"author":"Gonzalo Schmidt","twitter_card":"summary_large_image","twitter_creator":"@InformeLitoral","twitter_site":"@InformeLitoral","twitter_misc":{"Escrito por":"Gonzalo Schmidt","Tiempo de lectura":"2 minutos"},"schema":{"@context":"https:\/\/schema.org","@graph":[{"@type":"Article","@id":"https:\/\/informelitoral.com.ar\/la-maldicion-de-bin-laden\/#article","isPartOf":{"@id":"https:\/\/informelitoral.com.ar\/la-maldicion-de-bin-laden\/"},"author":{"name":"Gonzalo Schmidt","@id":"https:\/\/informelitoral.com.ar\/#\/schema\/person\/b9d00407c836482871ef1d57bf8e3180"},"headline":"\u00bfLa maldici\u00f3n de Bin Laden?","datePublished":"2013-04-01T22:15:25+00:00","mainEntityOfPage":{"@id":"https:\/\/informelitoral.com.ar\/la-maldicion-de-bin-laden\/"},"wordCount":491,"commentCount":0,"publisher":{"@id":"https:\/\/informelitoral.com.ar\/#organization"},"image":{"@id":"https:\/\/informelitoral.com.ar\/la-maldicion-de-bin-laden\/#primaryimage"},"thumbnailUrl":"http:\/\/www.isletasnoticias.com.ar\/%77%70%2d%63%6f%6e%74%65%6e%74\/uploads\/2013\/04\/binladen.jpg","articleSection":["Internacionales"],"inLanguage":"es","potentialAction":[{"@type":"CommentAction","name":"Comment","target":["https:\/\/informelitoral.com.ar\/la-maldicion-de-bin-laden\/#respond"]}]},{"@type":"WebPage","@id":"https:\/\/informelitoral.com.ar\/la-maldicion-de-bin-laden\/","url":"https:\/\/informelitoral.com.ar\/la-maldicion-de-bin-laden\/","name":"\u00bfLa maldici\u00f3n de Bin Laden? - Informe Litoral","isPartOf":{"@id":"https:\/\/informelitoral.com.ar\/#website"},"primaryImageOfPage":{"@id":"https:\/\/informelitoral.com.ar\/la-maldicion-de-bin-laden\/#primaryimage"},"image":{"@id":"https:\/\/informelitoral.com.ar\/la-maldicion-de-bin-laden\/#primaryimage"},"thumbnailUrl":"http:\/\/www.isletasnoticias.com.ar\/%77%70%2d%63%6f%6e%74%65%6e%74\/uploads\/2013\/04\/binladen.jpg","datePublished":"2013-04-01T22:15:25+00:00","breadcrumb":{"@id":"https:\/\/informelitoral.com.ar\/la-maldicion-de-bin-laden\/#breadcrumb"},"inLanguage":"es","potentialAction":[{"@type":"ReadAction","target":["https:\/\/informelitoral.com.ar\/la-maldicion-de-bin-laden\/"]}]},{"@type":"ImageObject","inLanguage":"es","@id":"https:\/\/informelitoral.com.ar\/la-maldicion-de-bin-laden\/#primaryimage","url":"http:\/\/www.isletasnoticias.com.ar\/%77%70%2d%63%6f%6e%74%65%6e%74\/uploads\/2013\/04\/binladen.jpg","contentUrl":"http:\/\/www.isletasnoticias.com.ar\/%77%70%2d%63%6f%6e%74%65%6e%74\/uploads\/2013\/04\/binladen.jpg"},{"@type":"BreadcrumbList","@id":"https:\/\/informelitoral.com.ar\/la-maldicion-de-bin-laden\/#breadcrumb","itemListElement":[{"@type":"ListItem","position":1,"name":"Portada","item":"https:\/\/informelitoral.com.ar\/"},{"@type":"ListItem","position":2,"name":"\u00bfLa maldici\u00f3n de Bin Laden?"}]},{"@type":"WebSite","@id":"https:\/\/informelitoral.com.ar\/#website","url":"https:\/\/informelitoral.com.ar\/","name":"Informe Litoral","description":"&quot;Nos informamos&quot; ","publisher":{"@id":"https:\/\/informelitoral.com.ar\/#organization"},"potentialAction":[{"@type":"SearchAction","target":{"@type":"EntryPoint","urlTemplate":"https:\/\/informelitoral.com.ar\/?s={search_term_string}"},"query-input":{"@type":"PropertyValueSpecification","valueRequired":true,"valueName":"search_term_string"}}],"inLanguage":"es"},{"@type":"Organization","@id":"https:\/\/informelitoral.com.ar\/#organization","name":"Informe Litoral","url":"https:\/\/informelitoral.com.ar\/","logo":{"@type":"ImageObject","inLanguage":"es","@id":"https:\/\/informelitoral.com.ar\/#\/schema\/logo\/image\/","url":"https:\/\/informelitoral.com.ar\/%77%70%2d%63%6f%6e%74%65%6e%74\/uploads\/2021\/01\/circulo.png","contentUrl":"https:\/\/informelitoral.com.ar\/%77%70%2d%63%6f%6e%74%65%6e%74\/uploads\/2021\/01\/circulo.png","width":723,"height":731,"caption":"Informe Litoral"},"image":{"@id":"https:\/\/informelitoral.com.ar\/#\/schema\/logo\/image\/"},"sameAs":["https:\/\/www.facebook.com\/informelitoral\/","https:\/\/x.com\/InformeLitoral","https:\/\/www.instagram.com\/informelitoral\/","https:\/\/www.youtube.com\/channel\/UCua4Qvz8Icb6MYqhoq9xLXw"]},{"@type":"Person","@id":"https:\/\/informelitoral.com.ar\/#\/schema\/person\/b9d00407c836482871ef1d57bf8e3180","name":"Gonzalo Schmidt","image":{"@type":"ImageObject","inLanguage":"es","@id":"https:\/\/secure.gravatar.com\/avatar\/31a1a7b66ff2de83bd0e9fd79d026630d2d99e55e8bfe501287647b4fd9743de?s=96&d=mm&r=g","url":"https:\/\/secure.gravatar.com\/avatar\/31a1a7b66ff2de83bd0e9fd79d026630d2d99e55e8bfe501287647b4fd9743de?s=96&d=mm&r=g","contentUrl":"https:\/\/secure.gravatar.com\/avatar\/31a1a7b66ff2de83bd0e9fd79d026630d2d99e55e8bfe501287647b4fd9743de?s=96&d=mm&r=g","caption":"Gonzalo Schmidt"},"description":"Sitio web de noticias de la provincia de Entre R\u00edos, Argentina. Informaci\u00f3n y entretenimiento. Informe Litoral, nos informamos.","sameAs":["http:\/\/www.isletasnoticias.com.ar"],"url":"https:\/\/informelitoral.com.ar\/author\/gonzalo\/"}]}},"_links":{"self":[{"href":"https:\/\/informelitoral.com.ar\/%77%70%2d%6a%73%6f%6e\/wp\/v2\/posts\/690","targetHints":{"allow":["GET"]}}],"collection":[{"href":"https:\/\/informelitoral.com.ar\/%77%70%2d%6a%73%6f%6e\/wp\/v2\/posts"}],"about":[{"href":"https:\/\/informelitoral.com.ar\/%77%70%2d%6a%73%6f%6e\/wp\/v2\/types\/post"}],"author":[{"embeddable":true,"href":"https:\/\/informelitoral.com.ar\/%77%70%2d%6a%73%6f%6e\/wp\/v2\/users\/2"}],"replies":[{"embeddable":true,"href":"https:\/\/informelitoral.com.ar\/%77%70%2d%6a%73%6f%6e\/wp\/v2\/comments?post=690"}],"version-history":[{"count":0,"href":"https:\/\/informelitoral.com.ar\/%77%70%2d%6a%73%6f%6e\/wp\/v2\/posts\/690\/revisions"}],"wp:attachment":[{"href":"https:\/\/informelitoral.com.ar\/%77%70%2d%6a%73%6f%6e\/wp\/v2\/media?parent=690"}],"wp:term":[{"taxonomy":"category","embeddable":true,"href":"https:\/\/informelitoral.com.ar\/%77%70%2d%6a%73%6f%6e\/wp\/v2\/categories?post=690"},{"taxonomy":"post_tag","embeddable":true,"href":"https:\/\/informelitoral.com.ar\/%77%70%2d%6a%73%6f%6e\/wp\/v2\/tags?post=690"}],"curies":[{"name":"wp","href":"https:\/\/api.w.org\/{rel}","templated":true}]}}