{"id":68993,"date":"2021-12-17T11:13:05","date_gmt":"2021-12-17T14:13:05","guid":{"rendered":"https:\/\/www.informelitoral.com.ar\/?p=68993"},"modified":"2021-12-17T13:05:03","modified_gmt":"2021-12-17T16:05:03","slug":"la-oposicion-deja-sin-presupuesto-al-pais","status":"publish","type":"post","link":"https:\/\/informelitoral.com.ar\/la-oposicion-deja-sin-presupuesto-al-pais\/","title":{"rendered":"El nuevo Congreso rechaza el presupuesto enviado por el Gobierno"},"content":{"rendered":"<section class=\"detail-body first-paragraph container\">\n<section id=\"note-body\" class=\"body-content note-body content-protected-false\" data-twitter-link=\"https:\/\/twitter.com\/intent\/tweet?url=https:\/\/www.minutouno.com\/c5336244&amp;v\u00eda=Ambitocom&amp;related=MinutoUno&amp;text=\">La C\u00e1mara de Diputados rechaz\u00f3 hoy el proyecto de Presupuesto 2022 por 132 votos de la oposici\u00f3n contra 121 del oficialismo y sus aliados, y una abstenci\u00f3n en una sesi\u00f3n de m\u00e1xima tensi\u00f3n y que dur\u00f3 m\u00e1s de 20 horas en Diputados, con fuertes cruces y chicanas.<\/p>\n<\/section>\n<\/section>\n<section class=\"detail-body second-paragraph container\">\n<section class=\"body-content note-body content-protected-false\">Ahora habr\u00e1 que esperar los pr\u00f3ximos pasos de Alberto Fern\u00e1ndez y Mart\u00edn Guzm\u00e1n,\u00a0<span id=\"saysCMSEmphasisj8f7hnuyko\" class=\"saysCMSEmphasis\">si es que deciden prorrogar el Presupuesto de este a\u00f1o y reacondicionar los gastos v\u00eda DNU y decisiones administrativas.<\/span><\/p>\n<p>El oficialismo busc\u00f3 durante la marat\u00f3nica sesi\u00f3n los votos que nunca consigui\u00f3. Pero ofreci\u00f3 devolver el Presupuesto 2022 a comisi\u00f3n para continuar el debate de las partidas para el a\u00f1o que viene, y parec\u00eda que ese camino iba a acompa\u00f1arlo la oposici\u00f3n.<\/p>\n<p>Antes de la votaci\u00f3n tom\u00f3 la palabra el presidente del bloque de diputados del Frente de Todos,\u00a0<strong>M\u00e1ximo Kirchner<\/strong>\u00a0para expresar cr\u00edticas a Juntos por el Cambio por su resistencia a votar el Presupuesto y cuestion\u00f3 que no hayan sido ellos cuando eran gobierno quienes enviaran al Congreso el acuerdo que firm\u00f3 Mauricio Macri con el FMI.<\/p>\n<p>La C\u00e1mara de Diputados hab\u00eda rechazado, por ajustada mayor\u00eda, un planteo de postergar hasta el martes pr\u00f3ximo el debate el Presupuesto 2022. La moci\u00f3n planteada por el diputado de Juntos Somos R\u00edo Negro, Luis Di Gi\u00e1como, logr\u00f3 122 afirmativos contra 128, correspondientes al interbloque de Juntos por el Cambio, que anticip\u00f3 su rechazo a ese planteo, tras un fuerte cruce en el recinto con el Frente de Todos<\/p>\n<p>El planteo de pasar a un cuarto intermedio en las bancas fue realizado por el jefe de diputados del PRO,\u00a0<strong>Cristian Ritondo.\u00a0<\/strong><span id=\"saysCMSEmphasiss936kfnjijd\" class=\"saysCMSEmphasis\">\u00abLo que estamos haciendo es tener una respuesta en com\u00fan. Les pido que nos respeten, no queremos salir para dejar sin qu\u00f3rum y lo estamos debatiendo ac\u00e1\u00bb,<\/span>\u00a0a\u00f1adi\u00f3 Ritondo, en torno de la posibilidad de pasar a un cuarto intermedio hasta el pr\u00f3ximo martes, impulsado por el oficialismo.<\/p>\n<p>La propuesta de pasar a un cuarto intermedio y analizar la posibilidad de retomar el martes la discusi\u00f3n, fue avalada por el presidente del bloque de diputados del Frente de Todos,\u00a0<strong>M\u00e1ximo Kirchner.<\/strong><\/p>\n<p>Entrada la madrugada,\u00a0<span id=\"saysCMSEmphasiswyl39hrsm28\" class=\"saysCMSEmphasis\">el oficialismo ten\u00eda confirmados entre 122 y 124 votos, mientras la oposici\u00f3n al dictamen se atribu\u00eda 130.<\/span><\/p>\n<p>El\u00a0Frente de Todos\u00a0consigui\u00f3 dictamen de mayor\u00eda sobre el proyecto de\u00a0Presupuesto\u00a02022, al reunir 25 de las 49 firmas de legisladores que integran la comisi\u00f3n de Presupuesto y Hacienda, por lo que este jueves al mediod\u00eda comenz\u00f3 la marat\u00f3nica sesi\u00f3n.<\/p>\n<p><span id=\"saysCMSEmphasis76jke9gmul\"><span class=\"saysCMSEmphasis\">Mientras continuaban las exposiciones en el marco de la comisi\u00f3n que preside el oficialista Carlos Heller, se firm\u00f3 el dictamen de mayor\u00eda que aglutin\u00f3 la aceptaci\u00f3n de los 24 integrantes del Frente de Todos y del representante del Frente de la Concordia misionero, lo que permiti\u00f3 que este jueves a partir de las 12 se pueda tratar en el recinto, con una sesi\u00f3n que se estima durar\u00e1 m\u00e1s de 20 horas por la cantidad de oradores.<\/span><\/span><\/p>\n<p>Por la oposici\u00f3n, los dos\u00a0diputados\u00a0de Evoluci\u00f3n Radical que integran la comisi\u00f3n firmaron un dictamen de rechazo; en tanto que los otros 21 integrantes del principal conglomerado opositor expresar\u00e1n el rechazo en el recinto, aunque a\u00fan no firmaron dictamen en ese sentido.<\/p>\n<p>Adem\u00e1s, el interbloque Federal, por intermedio del representante de C\u00f3rdoba Federal, Ignacio Garc\u00eda Aresca, firm\u00f3 un dictamen de minor\u00eda con sello propio.<\/p>\n<p><span id=\"saysCMSEmphasisedy2j9lxnw\" class=\"saysCMSEmphasis\">M\u00e1s all\u00e1 de haber conseguido el n\u00famero para alzarse con el dictamen de mayor\u00eda, el oficialismo a\u00fan no tiene asegurada la cantidad de diputados para imponerse en el recinto, por lo que durante toda la jornada del mi\u00e9rcoles se sucedieron diferentes reuniones en busca de obtener consensos con algunos bloques opositores.<\/span><\/p>\n<p><strong>Marat\u00f3nica sesi\u00f3n<\/strong>A la una de la madrugada del viernes,\u00a0<span id=\"saysCMSEmphasispob86joidh\" class=\"saysCMSEmphasis\">unos 40 diputados sobre un total de 120 oradores anotados hab\u00edan expuesto sus posturas en torno al proyecto de Presupuesto 2022<\/span>, iniciativa que ser\u00e1 puesta a votaci\u00f3n durante la ma\u00f1ana.<\/p>\n<p>La sesi\u00f3n especial en la c\u00e1mara baja comenz\u00f3 poco despu\u00e9s de las 13 del jueves, pero el tratamiento del dictamen de la ley de gastos y recursos reci\u00e9n se inici\u00f3 a las 18.30 con el informe del presidente de la comisi\u00f3n de Presupuesto,\u00a0<strong>Carlos Heller<\/strong>, del Frente de Todos.<\/p>\n<p>En el debate, el sindicalista y diputado del FDT\u00a0<strong>Hugo Yasky<\/strong>\u00a0.afirm\u00f3 que le gustar\u00eda que Juntos por el Cambio \u00abcon honestidad intelectual, me diga c\u00f3mo se har\u00eda para pagar en 2022 unos 19 mil millones de d\u00f3lares, gobernaran ustedes o gobern\u00e1ramos nosotros\u00bb.<\/p>\n<p>\u00abPor eso no figura en el presupuesto la deuda con el FMI, ya que hicimos el c\u00e1lculo y tendr\u00edamos que haber eliminado todo el presupuesto educativo, todo el presupuesto de salud, todo el de ciencia y t\u00e9cnica, toda la asistencia a las provincias\u00bb, expres\u00f3 y agreg\u00f3 que \u00abpor eso pido honestidad intelectual, porque no somos los due\u00f1os de la verdad absoluta, pero tampoco somos incapaces de darnos cuenta de que, si la cosa no se distribuye un poco m\u00e1s justa, que si el Estado no le asigna un poco m\u00e1s a educaci\u00f3n como est\u00e1 haciendo, a salud, a ciencia y tecnolog\u00eda, no le tira un salvavidas a las pymes, a las provincias, si no segmentamos las tarifas, si no hacemos esas cosas, le vamos a tirar la carga a los que menos tienen\u00bb.<\/p>\n<p>Desde la oposici\u00f3n, la diputada porte\u00f1a de Juntos por el Cambio\u00a0<strong>Mar\u00eda Eugenia Vidal<\/strong>\u00a0dijo que \u00abdesde el regreso de la democracia logramos un consenso que es la estabilidad democr\u00e1tica, pero lamentablemente no logramos la estabilidad macroecon\u00f3mica para que los argentinos sepan que pueden progresar en base a su esfuerzo\u00bb.<\/p>\n<p>Se\u00f1al\u00f3 que \u00abla pobreza no se resuelve ni con discurso de Twitter ni con chicanas ni buscando culpables ni viendo c\u00f3mo van a titular los diarios ma\u00f1ana. Tampoco tratando de forma expr\u00e9s un presupuesto que el oficialismo no quiso tratar antes. Ni tapando los problemas ni presentando un presupuesto sobre premisas voluntaristas y dif\u00edciles de defender\u00bb.<\/p>\n<p>Por su parte, el diputado porte\u00f1o\u00a0<strong>Leandro Santoro<\/strong>\u00a0dijo que el que est\u00e1 en discusi\u00f3n es \u00abun Presupuesto equilibrado y posible en el marco de un contexto sumamente complejo\u00bb.<\/p>\n<p>\u00abEstamos enfrentando 4 crisis simult\u00e1neas: la del Covid, de la inflaci\u00f3n, de la recesi\u00f3n econ\u00f3mica y del endeudamiento irresponsable con el FMI\u00bb, complet\u00f3.<\/p>\n<p><strong>El proyecto de Presupuesto 2022<\/strong><span id=\"saysCMSEmphasisq61jem82l4b\">El Presupuesto 2022 girado por el Gobierno nacional preve\u00eda un crecimiento del 4% del Producto Bruto Interno (PBI), una inflaci\u00f3n del 33% y un d\u00f3lar a $131,1, y contempla un incremento real del gasto social y una reducci\u00f3n de los subsidios energ\u00e9ticos.<\/span><\/p>\n<\/section>\n<\/section>\n","protected":false},"excerpt":{"rendered":"<p>La sesi\u00f3n se inici\u00f3 este jueves al mediod\u00eda y tras m\u00e1s de 20 horas de debate los legisladores rechazaron el Presupuesto 2022.<\/p>\n","protected":false},"author":8,"featured_media":68994,"comment_status":"open","ping_status":"open","sticky":false,"template":"","format":"standard","meta":{"fifu_image_url":"","fifu_image_alt":"","footnotes":""},"categories":[16],"tags":[196,2062,721],"class_list":{"0":"post-68993","1":"post","2":"type-post","3":"status-publish","4":"format-standard","5":"has-post-thumbnail","7":"category-politi","8":"tag-diputados","9":"tag-frente-de-todos","10":"tag-presupuesto"},"yoast_head":"<title>El nuevo Congreso rechaza el presupuesto enviado por el Gobierno - Informe Litoral<\/title>\n<meta name=\"robots\" content=\"index, follow, max-snippet:-1, max-image-preview:large, max-video-preview:-1\" \/>\n<link rel=\"canonical\" href=\"https:\/\/informelitoral.com.ar\/la-oposicion-deja-sin-presupuesto-al-pais\/\" \/>\n<meta property=\"og:locale\" content=\"es_ES\" \/>\n<meta property=\"og:type\" content=\"article\" \/>\n<meta property=\"og:title\" content=\"El nuevo Congreso rechaza el presupuesto enviado por el Gobierno - Informe Litoral\" \/>\n<meta property=\"og:description\" content=\"La sesi\u00f3n se inici\u00f3 este jueves al mediod\u00eda y tras m\u00e1s de 20 horas de debate los legisladores rechazaron el Presupuesto 2022.\" \/>\n<meta property=\"og:url\" content=\"https:\/\/informelitoral.com.ar\/la-oposicion-deja-sin-presupuesto-al-pais\/\" \/>\n<meta property=\"og:site_name\" content=\"Informe Litoral\" \/>\n<meta property=\"article:publisher\" content=\"https:\/\/www.facebook.com\/informelitoral\/\" \/>\n<meta property=\"article:published_time\" content=\"2021-12-17T14:13:05+00:00\" \/>\n<meta property=\"article:modified_time\" content=\"2021-12-17T16:05:03+00:00\" \/>\n<meta property=\"og:image\" content=\"https:\/\/informelitoral.com.ar\/%77%70%2d%63%6f%6e%74%65%6e%74\/uploads\/2021\/12\/diputados-presupuesto-2022.jpg\" \/>\n\t<meta property=\"og:image:width\" content=\"540\" \/>\n\t<meta property=\"og:image:height\" content=\"405\" \/>\n\t<meta property=\"og:image:type\" content=\"image\/jpeg\" \/>\n<meta name=\"author\" content=\"Sebastian\" \/>\n<meta name=\"twitter:card\" content=\"summary_large_image\" \/>\n<meta name=\"twitter:creator\" content=\"@InformeLitoral\" \/>\n<meta name=\"twitter:site\" content=\"@InformeLitoral\" \/>\n<meta name=\"twitter:label1\" content=\"Escrito por\" \/>\n\t<meta name=\"twitter:data1\" content=\"Sebastian\" \/>\n\t<meta name=\"twitter:label2\" content=\"Tiempo de lectura\" \/>\n\t<meta name=\"twitter:data2\" content=\"6 minutos\" \/>\n<script type=\"application\/ld+json\" class=\"yoast-schema-graph\">{\"@context\":\"https:\\\/\\\/schema.org\",\"@graph\":[{\"@type\":\"Article\",\"@id\":\"https:\\\/\\\/informelitoral.com.ar\\\/la-oposicion-deja-sin-presupuesto-al-pais\\\/#article\",\"isPartOf\":{\"@id\":\"https:\\\/\\\/informelitoral.com.ar\\\/la-oposicion-deja-sin-presupuesto-al-pais\\\/\"},\"author\":{\"name\":\"Sebastian\",\"@id\":\"https:\\\/\\\/informelitoral.com.ar\\\/#\\\/schema\\\/person\\\/f05f9f461677119578717524b127d6d5\"},\"headline\":\"El nuevo Congreso rechaza el presupuesto enviado por el Gobierno\",\"datePublished\":\"2021-12-17T14:13:05+00:00\",\"dateModified\":\"2021-12-17T16:05:03+00:00\",\"mainEntityOfPage\":{\"@id\":\"https:\\\/\\\/informelitoral.com.ar\\\/la-oposicion-deja-sin-presupuesto-al-pais\\\/\"},\"wordCount\":1158,\"commentCount\":0,\"publisher\":{\"@id\":\"https:\\\/\\\/informelitoral.com.ar\\\/#organization\"},\"image\":{\"@id\":\"https:\\\/\\\/informelitoral.com.ar\\\/la-oposicion-deja-sin-presupuesto-al-pais\\\/#primaryimage\"},\"thumbnailUrl\":\"https:\\\/\\\/informelitoral.com.ar\\\/%77%70%2d%63%6f%6e%74%65%6e%74\\\/uploads\\\/2021\\\/12\\\/diputados-presupuesto-2022.jpg\",\"keywords\":[\"Diputados\",\"Frente De Todos\",\"Presupuesto\"],\"articleSection\":[\"Politica\"],\"inLanguage\":\"es\",\"potentialAction\":[{\"@type\":\"CommentAction\",\"name\":\"Comment\",\"target\":[\"https:\\\/\\\/informelitoral.com.ar\\\/la-oposicion-deja-sin-presupuesto-al-pais\\\/#respond\"]}]},{\"@type\":\"WebPage\",\"@id\":\"https:\\\/\\\/informelitoral.com.ar\\\/la-oposicion-deja-sin-presupuesto-al-pais\\\/\",\"url\":\"https:\\\/\\\/informelitoral.com.ar\\\/la-oposicion-deja-sin-presupuesto-al-pais\\\/\",\"name\":\"El nuevo Congreso rechaza el presupuesto enviado por el Gobierno - Informe Litoral\",\"isPartOf\":{\"@id\":\"https:\\\/\\\/informelitoral.com.ar\\\/#website\"},\"primaryImageOfPage\":{\"@id\":\"https:\\\/\\\/informelitoral.com.ar\\\/la-oposicion-deja-sin-presupuesto-al-pais\\\/#primaryimage\"},\"image\":{\"@id\":\"https:\\\/\\\/informelitoral.com.ar\\\/la-oposicion-deja-sin-presupuesto-al-pais\\\/#primaryimage\"},\"thumbnailUrl\":\"https:\\\/\\\/informelitoral.com.ar\\\/%77%70%2d%63%6f%6e%74%65%6e%74\\\/uploads\\\/2021\\\/12\\\/diputados-presupuesto-2022.jpg\",\"datePublished\":\"2021-12-17T14:13:05+00:00\",\"dateModified\":\"2021-12-17T16:05:03+00:00\",\"breadcrumb\":{\"@id\":\"https:\\\/\\\/informelitoral.com.ar\\\/la-oposicion-deja-sin-presupuesto-al-pais\\\/#breadcrumb\"},\"inLanguage\":\"es\",\"potentialAction\":[{\"@type\":\"ReadAction\",\"target\":[\"https:\\\/\\\/informelitoral.com.ar\\\/la-oposicion-deja-sin-presupuesto-al-pais\\\/\"]}]},{\"@type\":\"ImageObject\",\"inLanguage\":\"es\",\"@id\":\"https:\\\/\\\/informelitoral.com.ar\\\/la-oposicion-deja-sin-presupuesto-al-pais\\\/#primaryimage\",\"url\":\"https:\\\/\\\/informelitoral.com.ar\\\/%77%70%2d%63%6f%6e%74%65%6e%74\\\/uploads\\\/2021\\\/12\\\/diputados-presupuesto-2022.jpg\",\"contentUrl\":\"https:\\\/\\\/informelitoral.com.ar\\\/%77%70%2d%63%6f%6e%74%65%6e%74\\\/uploads\\\/2021\\\/12\\\/diputados-presupuesto-2022.jpg\",\"width\":540,\"height\":405},{\"@type\":\"BreadcrumbList\",\"@id\":\"https:\\\/\\\/informelitoral.com.ar\\\/la-oposicion-deja-sin-presupuesto-al-pais\\\/#breadcrumb\",\"itemListElement\":[{\"@type\":\"ListItem\",\"position\":1,\"name\":\"Portada\",\"item\":\"https:\\\/\\\/informelitoral.com.ar\\\/\"},{\"@type\":\"ListItem\",\"position\":2,\"name\":\"El nuevo Congreso rechaza el presupuesto enviado por el Gobierno\"}]},{\"@type\":\"WebSite\",\"@id\":\"https:\\\/\\\/informelitoral.com.ar\\\/#website\",\"url\":\"https:\\\/\\\/informelitoral.com.ar\\\/\",\"name\":\"Informe Litoral\",\"description\":\"&quot;Nos informamos&quot; \",\"publisher\":{\"@id\":\"https:\\\/\\\/informelitoral.com.ar\\\/#organization\"},\"potentialAction\":[{\"@type\":\"SearchAction\",\"target\":{\"@type\":\"EntryPoint\",\"urlTemplate\":\"https:\\\/\\\/informelitoral.com.ar\\\/?s={search_term_string}\"},\"query-input\":{\"@type\":\"PropertyValueSpecification\",\"valueRequired\":true,\"valueName\":\"search_term_string\"}}],\"inLanguage\":\"es\"},{\"@type\":\"Organization\",\"@id\":\"https:\\\/\\\/informelitoral.com.ar\\\/#organization\",\"name\":\"Informe Litoral\",\"url\":\"https:\\\/\\\/informelitoral.com.ar\\\/\",\"logo\":{\"@type\":\"ImageObject\",\"inLanguage\":\"es\",\"@id\":\"https:\\\/\\\/informelitoral.com.ar\\\/#\\\/schema\\\/logo\\\/image\\\/\",\"url\":\"https:\\\/\\\/informelitoral.com.ar\\\/%77%70%2d%63%6f%6e%74%65%6e%74\\\/uploads\\\/2021\\\/01\\\/circulo.png\",\"contentUrl\":\"https:\\\/\\\/informelitoral.com.ar\\\/%77%70%2d%63%6f%6e%74%65%6e%74\\\/uploads\\\/2021\\\/01\\\/circulo.png\",\"width\":723,\"height\":731,\"caption\":\"Informe Litoral\"},\"image\":{\"@id\":\"https:\\\/\\\/informelitoral.com.ar\\\/#\\\/schema\\\/logo\\\/image\\\/\"},\"sameAs\":[\"https:\\\/\\\/www.facebook.com\\\/informelitoral\\\/\",\"https:\\\/\\\/x.com\\\/InformeLitoral\",\"https:\\\/\\\/www.instagram.com\\\/informelitoral\\\/\",\"https:\\\/\\\/www.youtube.com\\\/channel\\\/UCua4Qvz8Icb6MYqhoq9xLXw\"]},{\"@type\":\"Person\",\"@id\":\"https:\\\/\\\/informelitoral.com.ar\\\/#\\\/schema\\\/person\\\/f05f9f461677119578717524b127d6d5\",\"name\":\"Sebastian\",\"image\":{\"@type\":\"ImageObject\",\"inLanguage\":\"es\",\"@id\":\"https:\\\/\\\/secure.gravatar.com\\\/avatar\\\/b71bf7481d447dfb9583c7f2798e7cc64de6efb9067b74633ed8c31059a3bd82?s=96&d=mm&r=g\",\"url\":\"https:\\\/\\\/secure.gravatar.com\\\/avatar\\\/b71bf7481d447dfb9583c7f2798e7cc64de6efb9067b74633ed8c31059a3bd82?s=96&d=mm&r=g\",\"contentUrl\":\"https:\\\/\\\/secure.gravatar.com\\\/avatar\\\/b71bf7481d447dfb9583c7f2798e7cc64de6efb9067b74633ed8c31059a3bd82?s=96&d=mm&r=g\",\"caption\":\"Sebastian\"},\"url\":\"https:\\\/\\\/informelitoral.com.ar\\\/author\\\/sebastian\\\/\"}]}<\/script>","yoast_head_json":{"title":"El nuevo Congreso rechaza el presupuesto enviado por el Gobierno - Informe Litoral","robots":{"index":"index","follow":"follow","max-snippet":"max-snippet:-1","max-image-preview":"max-image-preview:large","max-video-preview":"max-video-preview:-1"},"canonical":"https:\/\/informelitoral.com.ar\/la-oposicion-deja-sin-presupuesto-al-pais\/","og_locale":"es_ES","og_type":"article","og_title":"El nuevo Congreso rechaza el presupuesto enviado por el Gobierno - Informe Litoral","og_description":"La sesi\u00f3n se inici\u00f3 este jueves al mediod\u00eda y tras m\u00e1s de 20 horas de debate los legisladores rechazaron el Presupuesto 2022.","og_url":"https:\/\/informelitoral.com.ar\/la-oposicion-deja-sin-presupuesto-al-pais\/","og_site_name":"Informe Litoral","article_publisher":"https:\/\/www.facebook.com\/informelitoral\/","article_published_time":"2021-12-17T14:13:05+00:00","article_modified_time":"2021-12-17T16:05:03+00:00","og_image":[{"width":540,"height":405,"url":"https:\/\/informelitoral.com.ar\/%77%70%2d%63%6f%6e%74%65%6e%74\/uploads\/2021\/12\/diputados-presupuesto-2022.jpg","type":"image\/jpeg"}],"author":"Sebastian","twitter_card":"summary_large_image","twitter_creator":"@InformeLitoral","twitter_site":"@InformeLitoral","twitter_misc":{"Escrito por":"Sebastian","Tiempo de lectura":"6 minutos"},"schema":{"@context":"https:\/\/schema.org","@graph":[{"@type":"Article","@id":"https:\/\/informelitoral.com.ar\/la-oposicion-deja-sin-presupuesto-al-pais\/#article","isPartOf":{"@id":"https:\/\/informelitoral.com.ar\/la-oposicion-deja-sin-presupuesto-al-pais\/"},"author":{"name":"Sebastian","@id":"https:\/\/informelitoral.com.ar\/#\/schema\/person\/f05f9f461677119578717524b127d6d5"},"headline":"El nuevo Congreso rechaza el presupuesto enviado por el Gobierno","datePublished":"2021-12-17T14:13:05+00:00","dateModified":"2021-12-17T16:05:03+00:00","mainEntityOfPage":{"@id":"https:\/\/informelitoral.com.ar\/la-oposicion-deja-sin-presupuesto-al-pais\/"},"wordCount":1158,"commentCount":0,"publisher":{"@id":"https:\/\/informelitoral.com.ar\/#organization"},"image":{"@id":"https:\/\/informelitoral.com.ar\/la-oposicion-deja-sin-presupuesto-al-pais\/#primaryimage"},"thumbnailUrl":"https:\/\/informelitoral.com.ar\/%77%70%2d%63%6f%6e%74%65%6e%74\/uploads\/2021\/12\/diputados-presupuesto-2022.jpg","keywords":["Diputados","Frente De Todos","Presupuesto"],"articleSection":["Politica"],"inLanguage":"es","potentialAction":[{"@type":"CommentAction","name":"Comment","target":["https:\/\/informelitoral.com.ar\/la-oposicion-deja-sin-presupuesto-al-pais\/#respond"]}]},{"@type":"WebPage","@id":"https:\/\/informelitoral.com.ar\/la-oposicion-deja-sin-presupuesto-al-pais\/","url":"https:\/\/informelitoral.com.ar\/la-oposicion-deja-sin-presupuesto-al-pais\/","name":"El nuevo Congreso rechaza el presupuesto enviado por el Gobierno - Informe Litoral","isPartOf":{"@id":"https:\/\/informelitoral.com.ar\/#website"},"primaryImageOfPage":{"@id":"https:\/\/informelitoral.com.ar\/la-oposicion-deja-sin-presupuesto-al-pais\/#primaryimage"},"image":{"@id":"https:\/\/informelitoral.com.ar\/la-oposicion-deja-sin-presupuesto-al-pais\/#primaryimage"},"thumbnailUrl":"https:\/\/informelitoral.com.ar\/%77%70%2d%63%6f%6e%74%65%6e%74\/uploads\/2021\/12\/diputados-presupuesto-2022.jpg","datePublished":"2021-12-17T14:13:05+00:00","dateModified":"2021-12-17T16:05:03+00:00","breadcrumb":{"@id":"https:\/\/informelitoral.com.ar\/la-oposicion-deja-sin-presupuesto-al-pais\/#breadcrumb"},"inLanguage":"es","potentialAction":[{"@type":"ReadAction","target":["https:\/\/informelitoral.com.ar\/la-oposicion-deja-sin-presupuesto-al-pais\/"]}]},{"@type":"ImageObject","inLanguage":"es","@id":"https:\/\/informelitoral.com.ar\/la-oposicion-deja-sin-presupuesto-al-pais\/#primaryimage","url":"https:\/\/informelitoral.com.ar\/%77%70%2d%63%6f%6e%74%65%6e%74\/uploads\/2021\/12\/diputados-presupuesto-2022.jpg","contentUrl":"https:\/\/informelitoral.com.ar\/%77%70%2d%63%6f%6e%74%65%6e%74\/uploads\/2021\/12\/diputados-presupuesto-2022.jpg","width":540,"height":405},{"@type":"BreadcrumbList","@id":"https:\/\/informelitoral.com.ar\/la-oposicion-deja-sin-presupuesto-al-pais\/#breadcrumb","itemListElement":[{"@type":"ListItem","position":1,"name":"Portada","item":"https:\/\/informelitoral.com.ar\/"},{"@type":"ListItem","position":2,"name":"El nuevo Congreso rechaza el presupuesto enviado por el Gobierno"}]},{"@type":"WebSite","@id":"https:\/\/informelitoral.com.ar\/#website","url":"https:\/\/informelitoral.com.ar\/","name":"Informe Litoral","description":"&quot;Nos informamos&quot; ","publisher":{"@id":"https:\/\/informelitoral.com.ar\/#organization"},"potentialAction":[{"@type":"SearchAction","target":{"@type":"EntryPoint","urlTemplate":"https:\/\/informelitoral.com.ar\/?s={search_term_string}"},"query-input":{"@type":"PropertyValueSpecification","valueRequired":true,"valueName":"search_term_string"}}],"inLanguage":"es"},{"@type":"Organization","@id":"https:\/\/informelitoral.com.ar\/#organization","name":"Informe Litoral","url":"https:\/\/informelitoral.com.ar\/","logo":{"@type":"ImageObject","inLanguage":"es","@id":"https:\/\/informelitoral.com.ar\/#\/schema\/logo\/image\/","url":"https:\/\/informelitoral.com.ar\/%77%70%2d%63%6f%6e%74%65%6e%74\/uploads\/2021\/01\/circulo.png","contentUrl":"https:\/\/informelitoral.com.ar\/%77%70%2d%63%6f%6e%74%65%6e%74\/uploads\/2021\/01\/circulo.png","width":723,"height":731,"caption":"Informe Litoral"},"image":{"@id":"https:\/\/informelitoral.com.ar\/#\/schema\/logo\/image\/"},"sameAs":["https:\/\/www.facebook.com\/informelitoral\/","https:\/\/x.com\/InformeLitoral","https:\/\/www.instagram.com\/informelitoral\/","https:\/\/www.youtube.com\/channel\/UCua4Qvz8Icb6MYqhoq9xLXw"]},{"@type":"Person","@id":"https:\/\/informelitoral.com.ar\/#\/schema\/person\/f05f9f461677119578717524b127d6d5","name":"Sebastian","image":{"@type":"ImageObject","inLanguage":"es","@id":"https:\/\/secure.gravatar.com\/avatar\/b71bf7481d447dfb9583c7f2798e7cc64de6efb9067b74633ed8c31059a3bd82?s=96&d=mm&r=g","url":"https:\/\/secure.gravatar.com\/avatar\/b71bf7481d447dfb9583c7f2798e7cc64de6efb9067b74633ed8c31059a3bd82?s=96&d=mm&r=g","contentUrl":"https:\/\/secure.gravatar.com\/avatar\/b71bf7481d447dfb9583c7f2798e7cc64de6efb9067b74633ed8c31059a3bd82?s=96&d=mm&r=g","caption":"Sebastian"},"url":"https:\/\/informelitoral.com.ar\/author\/sebastian\/"}]}},"_links":{"self":[{"href":"https:\/\/informelitoral.com.ar\/%77%70%2d%6a%73%6f%6e\/wp\/v2\/posts\/68993","targetHints":{"allow":["GET"]}}],"collection":[{"href":"https:\/\/informelitoral.com.ar\/%77%70%2d%6a%73%6f%6e\/wp\/v2\/posts"}],"about":[{"href":"https:\/\/informelitoral.com.ar\/%77%70%2d%6a%73%6f%6e\/wp\/v2\/types\/post"}],"author":[{"embeddable":true,"href":"https:\/\/informelitoral.com.ar\/%77%70%2d%6a%73%6f%6e\/wp\/v2\/users\/8"}],"replies":[{"embeddable":true,"href":"https:\/\/informelitoral.com.ar\/%77%70%2d%6a%73%6f%6e\/wp\/v2\/comments?post=68993"}],"version-history":[{"count":0,"href":"https:\/\/informelitoral.com.ar\/%77%70%2d%6a%73%6f%6e\/wp\/v2\/posts\/68993\/revisions"}],"wp:featuredmedia":[{"embeddable":true,"href":"https:\/\/informelitoral.com.ar\/%77%70%2d%6a%73%6f%6e\/wp\/v2\/media\/68994"}],"wp:attachment":[{"href":"https:\/\/informelitoral.com.ar\/%77%70%2d%6a%73%6f%6e\/wp\/v2\/media?parent=68993"}],"wp:term":[{"taxonomy":"category","embeddable":true,"href":"https:\/\/informelitoral.com.ar\/%77%70%2d%6a%73%6f%6e\/wp\/v2\/categories?post=68993"},{"taxonomy":"post_tag","embeddable":true,"href":"https:\/\/informelitoral.com.ar\/%77%70%2d%6a%73%6f%6e\/wp\/v2\/tags?post=68993"}],"curies":[{"name":"wp","href":"https:\/\/api.w.org\/{rel}","templated":true}]}}