{"id":68990,"date":"2021-12-17T11:00:28","date_gmt":"2021-12-17T14:00:28","guid":{"rendered":"https:\/\/www.informelitoral.com.ar\/?p=68990"},"modified":"2021-12-17T11:00:28","modified_gmt":"2021-12-17T14:00:28","slug":"congelan-precio-de-la-harina-hasta-el-31-de-diciembre","status":"publish","type":"post","link":"https:\/\/informelitoral.com.ar\/congelan-precio-de-la-harina-hasta-el-31-de-diciembre\/","title":{"rendered":"Congelan precio de la harina hasta el 31 de diciembre"},"content":{"rendered":"<section class=\"news-body-wrapper\">\n<div class=\"news-body-main\">\n<div id=\"note-body\" data-twitter-link=\"https:\/\/twitter.com\/intent\/tweet?url=https:\/\/www.unoentrerios.com.ar\/c2703984&amp;via=&amp;related=Uno Entre Rios&amp;text=\">\n<p><strong>La Secretar\u00eda de Comercio Interior acord\u00f3 con el sector molinero y panaderil mantener estable el\u00a0precio\u00a0del\u00a0pan\u00a0hasta el 31 de diciembre para asegurarle a la ciudadan\u00eda poder \u00abacceder a una oferta amplia y a precios previsibles de cara a las fiestas de fin de a\u00f1o\u00bb.<\/strong><\/p>\n<\/div>\n<\/div>\n<\/section>\n<section class=\"news-body-wrapper\">\n<div class=\"news-body-main\">\n<div id=\"note-body\" data-twitter-link=\"https:\/\/twitter.com\/intent\/tweet?url=https:\/\/www.unoentrerios.com.ar\/c2703984&amp;via=&amp;related=Uno Entre Rios&amp;text=\">\n<p>El acuerdo se alcanz\u00f3 tras el encuentro que mantuvo este jueves el secretario de Comercio Interior, Roberto Feletti, junto al subsecretario de Pol\u00edticas para el Mercado Interno, Antonio Mezmezian, con representantes de la industria molinera y la Federaci\u00f3n Industrial Panaderil de la provincia de Buenos Aires.<\/p>\n<p>All\u00ed, las partes asumieron el compromiso de mantener estable el precio del pan y de la bolsa de\u00a0harina\u00a0de 25 kilos, que es el principal insumo utilizado por las panader\u00eda, hasta el 31 de diciembre.<\/p>\n<p>El presidente de la Federaci\u00f3n Argentina de la Industria Molinera (FAIM), Diego Cifarelli, explic\u00f3 que la industria \u00abhar\u00e1 el esfuerzo de mantener la estabilidad de los precios de la harina\u00bb, la cual se ubicar\u00eda en 1.000 pesos la bolsa, m\u00e1s impuestos, para las panader\u00edas.<\/p>\n<p>Cifarelli remarc\u00f3 este compromiso, \u00abm\u00e1s a\u00fan teniendo en cuenta que el precio de la harina actual corresponde a un trigo de $22.600 la tonelada y no de un trigo de $26.000 como est\u00e1 actualmente\u00bb.<\/p>\n<\/div>\n<\/div>\n<\/section>\n","protected":false},"excerpt":{"rendered":"<p>Gobierno y c\u00e1maras empresarias harineras acordaron no subir el precio del insumo hasta fin de a\u00f1o, en busca de mantener a raya el valor de venta en panader\u00edas.<\/p>\n","protected":false},"author":8,"featured_media":68991,"comment_status":"open","ping_status":"open","sticky":false,"template":"","format":"standard","meta":{"fifu_image_url":"","fifu_image_alt":"","footnotes":""},"categories":[1594],"tags":[2673,2674],"class_list":{"0":"post-68990","1":"post","2":"type-post","3":"status-publish","4":"format-standard","5":"has-post-thumbnail","7":"category-economia","8":"tag-congelan-precios","9":"tag-harinas"},"yoast_head":"<title>Congelan precio de la harina hasta el 31 de diciembre - Informe Litoral<\/title>\n<meta name=\"robots\" content=\"index, follow, max-snippet:-1, max-image-preview:large, max-video-preview:-1\" \/>\n<link rel=\"canonical\" href=\"https:\/\/informelitoral.com.ar\/congelan-precio-de-la-harina-hasta-el-31-de-diciembre\/\" \/>\n<meta property=\"og:locale\" content=\"es_ES\" \/>\n<meta property=\"og:type\" content=\"article\" \/>\n<meta property=\"og:title\" content=\"Congelan precio de la harina hasta el 31 de diciembre - Informe Litoral\" \/>\n<meta property=\"og:description\" content=\"Gobierno y c\u00e1maras empresarias harineras acordaron no subir el precio del insumo hasta fin de a\u00f1o, en busca de mantener a raya el valor de venta en panader\u00edas.\" \/>\n<meta property=\"og:url\" content=\"https:\/\/informelitoral.com.ar\/congelan-precio-de-la-harina-hasta-el-31-de-diciembre\/\" \/>\n<meta property=\"og:site_name\" content=\"Informe Litoral\" \/>\n<meta property=\"article:publisher\" content=\"https:\/\/www.facebook.com\/informelitoral\/\" \/>\n<meta property=\"article:published_time\" content=\"2021-12-17T14:00:28+00:00\" \/>\n<meta property=\"og:image\" content=\"https:\/\/informelitoral.com.ar\/%77%70%2d%63%6f%6e%74%65%6e%74\/uploads\/2021\/12\/istockphoto-995038782-612x612-1.jpg\" \/>\n\t<meta property=\"og:image:width\" content=\"612\" \/>\n\t<meta property=\"og:image:height\" content=\"408\" \/>\n\t<meta property=\"og:image:type\" content=\"image\/jpeg\" \/>\n<meta name=\"author\" content=\"Sebastian\" \/>\n<meta name=\"twitter:card\" content=\"summary_large_image\" \/>\n<meta name=\"twitter:creator\" content=\"@InformeLitoral\" \/>\n<meta name=\"twitter:site\" content=\"@InformeLitoral\" \/>\n<meta name=\"twitter:label1\" content=\"Escrito por\" \/>\n\t<meta name=\"twitter:data1\" content=\"Sebastian\" \/>\n\t<meta name=\"twitter:label2\" content=\"Tiempo de lectura\" \/>\n\t<meta name=\"twitter:data2\" content=\"1 minuto\" \/>\n<script type=\"application\/ld+json\" class=\"yoast-schema-graph\">{\"@context\":\"https:\\\/\\\/schema.org\",\"@graph\":[{\"@type\":\"Article\",\"@id\":\"https:\\\/\\\/informelitoral.com.ar\\\/congelan-precio-de-la-harina-hasta-el-31-de-diciembre\\\/#article\",\"isPartOf\":{\"@id\":\"https:\\\/\\\/informelitoral.com.ar\\\/congelan-precio-de-la-harina-hasta-el-31-de-diciembre\\\/\"},\"author\":{\"name\":\"Sebastian\",\"@id\":\"https:\\\/\\\/informelitoral.com.ar\\\/#\\\/schema\\\/person\\\/f05f9f461677119578717524b127d6d5\"},\"headline\":\"Congelan precio de la harina hasta el 31 de diciembre\",\"datePublished\":\"2021-12-17T14:00:28+00:00\",\"mainEntityOfPage\":{\"@id\":\"https:\\\/\\\/informelitoral.com.ar\\\/congelan-precio-de-la-harina-hasta-el-31-de-diciembre\\\/\"},\"wordCount\":222,\"commentCount\":0,\"publisher\":{\"@id\":\"https:\\\/\\\/informelitoral.com.ar\\\/#organization\"},\"image\":{\"@id\":\"https:\\\/\\\/informelitoral.com.ar\\\/congelan-precio-de-la-harina-hasta-el-31-de-diciembre\\\/#primaryimage\"},\"thumbnailUrl\":\"https:\\\/\\\/informelitoral.com.ar\\\/%77%70%2d%63%6f%6e%74%65%6e%74\\\/uploads\\\/2021\\\/12\\\/istockphoto-995038782-612x612-1.jpg\",\"keywords\":[\"Congelan precios\",\"Harinas\"],\"articleSection\":[\"Econom\u00eda\"],\"inLanguage\":\"es\",\"potentialAction\":[{\"@type\":\"CommentAction\",\"name\":\"Comment\",\"target\":[\"https:\\\/\\\/informelitoral.com.ar\\\/congelan-precio-de-la-harina-hasta-el-31-de-diciembre\\\/#respond\"]}]},{\"@type\":\"WebPage\",\"@id\":\"https:\\\/\\\/informelitoral.com.ar\\\/congelan-precio-de-la-harina-hasta-el-31-de-diciembre\\\/\",\"url\":\"https:\\\/\\\/informelitoral.com.ar\\\/congelan-precio-de-la-harina-hasta-el-31-de-diciembre\\\/\",\"name\":\"Congelan precio de la harina hasta el 31 de diciembre - Informe Litoral\",\"isPartOf\":{\"@id\":\"https:\\\/\\\/informelitoral.com.ar\\\/#website\"},\"primaryImageOfPage\":{\"@id\":\"https:\\\/\\\/informelitoral.com.ar\\\/congelan-precio-de-la-harina-hasta-el-31-de-diciembre\\\/#primaryimage\"},\"image\":{\"@id\":\"https:\\\/\\\/informelitoral.com.ar\\\/congelan-precio-de-la-harina-hasta-el-31-de-diciembre\\\/#primaryimage\"},\"thumbnailUrl\":\"https:\\\/\\\/informelitoral.com.ar\\\/%77%70%2d%63%6f%6e%74%65%6e%74\\\/uploads\\\/2021\\\/12\\\/istockphoto-995038782-612x612-1.jpg\",\"datePublished\":\"2021-12-17T14:00:28+00:00\",\"breadcrumb\":{\"@id\":\"https:\\\/\\\/informelitoral.com.ar\\\/congelan-precio-de-la-harina-hasta-el-31-de-diciembre\\\/#breadcrumb\"},\"inLanguage\":\"es\",\"potentialAction\":[{\"@type\":\"ReadAction\",\"target\":[\"https:\\\/\\\/informelitoral.com.ar\\\/congelan-precio-de-la-harina-hasta-el-31-de-diciembre\\\/\"]}]},{\"@type\":\"ImageObject\",\"inLanguage\":\"es\",\"@id\":\"https:\\\/\\\/informelitoral.com.ar\\\/congelan-precio-de-la-harina-hasta-el-31-de-diciembre\\\/#primaryimage\",\"url\":\"https:\\\/\\\/informelitoral.com.ar\\\/%77%70%2d%63%6f%6e%74%65%6e%74\\\/uploads\\\/2021\\\/12\\\/istockphoto-995038782-612x612-1.jpg\",\"contentUrl\":\"https:\\\/\\\/informelitoral.com.ar\\\/%77%70%2d%63%6f%6e%74%65%6e%74\\\/uploads\\\/2021\\\/12\\\/istockphoto-995038782-612x612-1.jpg\",\"width\":612,\"height\":408,\"caption\":\"heap of various bread on wooden background\"},{\"@type\":\"BreadcrumbList\",\"@id\":\"https:\\\/\\\/informelitoral.com.ar\\\/congelan-precio-de-la-harina-hasta-el-31-de-diciembre\\\/#breadcrumb\",\"itemListElement\":[{\"@type\":\"ListItem\",\"position\":1,\"name\":\"Portada\",\"item\":\"https:\\\/\\\/informelitoral.com.ar\\\/\"},{\"@type\":\"ListItem\",\"position\":2,\"name\":\"Congelan precio de la harina hasta el 31 de diciembre\"}]},{\"@type\":\"WebSite\",\"@id\":\"https:\\\/\\\/informelitoral.com.ar\\\/#website\",\"url\":\"https:\\\/\\\/informelitoral.com.ar\\\/\",\"name\":\"Informe Litoral\",\"description\":\"&quot;Nos informamos&quot; \",\"publisher\":{\"@id\":\"https:\\\/\\\/informelitoral.com.ar\\\/#organization\"},\"potentialAction\":[{\"@type\":\"SearchAction\",\"target\":{\"@type\":\"EntryPoint\",\"urlTemplate\":\"https:\\\/\\\/informelitoral.com.ar\\\/?s={search_term_string}\"},\"query-input\":{\"@type\":\"PropertyValueSpecification\",\"valueRequired\":true,\"valueName\":\"search_term_string\"}}],\"inLanguage\":\"es\"},{\"@type\":\"Organization\",\"@id\":\"https:\\\/\\\/informelitoral.com.ar\\\/#organization\",\"name\":\"Informe Litoral\",\"url\":\"https:\\\/\\\/informelitoral.com.ar\\\/\",\"logo\":{\"@type\":\"ImageObject\",\"inLanguage\":\"es\",\"@id\":\"https:\\\/\\\/informelitoral.com.ar\\\/#\\\/schema\\\/logo\\\/image\\\/\",\"url\":\"https:\\\/\\\/informelitoral.com.ar\\\/%77%70%2d%63%6f%6e%74%65%6e%74\\\/uploads\\\/2021\\\/01\\\/circulo.png\",\"contentUrl\":\"https:\\\/\\\/informelitoral.com.ar\\\/%77%70%2d%63%6f%6e%74%65%6e%74\\\/uploads\\\/2021\\\/01\\\/circulo.png\",\"width\":723,\"height\":731,\"caption\":\"Informe Litoral\"},\"image\":{\"@id\":\"https:\\\/\\\/informelitoral.com.ar\\\/#\\\/schema\\\/logo\\\/image\\\/\"},\"sameAs\":[\"https:\\\/\\\/www.facebook.com\\\/informelitoral\\\/\",\"https:\\\/\\\/x.com\\\/InformeLitoral\",\"https:\\\/\\\/www.instagram.com\\\/informelitoral\\\/\",\"https:\\\/\\\/www.youtube.com\\\/channel\\\/UCua4Qvz8Icb6MYqhoq9xLXw\"]},{\"@type\":\"Person\",\"@id\":\"https:\\\/\\\/informelitoral.com.ar\\\/#\\\/schema\\\/person\\\/f05f9f461677119578717524b127d6d5\",\"name\":\"Sebastian\",\"image\":{\"@type\":\"ImageObject\",\"inLanguage\":\"es\",\"@id\":\"https:\\\/\\\/secure.gravatar.com\\\/avatar\\\/b71bf7481d447dfb9583c7f2798e7cc64de6efb9067b74633ed8c31059a3bd82?s=96&d=mm&r=g\",\"url\":\"https:\\\/\\\/secure.gravatar.com\\\/avatar\\\/b71bf7481d447dfb9583c7f2798e7cc64de6efb9067b74633ed8c31059a3bd82?s=96&d=mm&r=g\",\"contentUrl\":\"https:\\\/\\\/secure.gravatar.com\\\/avatar\\\/b71bf7481d447dfb9583c7f2798e7cc64de6efb9067b74633ed8c31059a3bd82?s=96&d=mm&r=g\",\"caption\":\"Sebastian\"},\"url\":\"https:\\\/\\\/informelitoral.com.ar\\\/author\\\/sebastian\\\/\"}]}<\/script>","yoast_head_json":{"title":"Congelan precio de la harina hasta el 31 de diciembre - Informe Litoral","robots":{"index":"index","follow":"follow","max-snippet":"max-snippet:-1","max-image-preview":"max-image-preview:large","max-video-preview":"max-video-preview:-1"},"canonical":"https:\/\/informelitoral.com.ar\/congelan-precio-de-la-harina-hasta-el-31-de-diciembre\/","og_locale":"es_ES","og_type":"article","og_title":"Congelan precio de la harina hasta el 31 de diciembre - Informe Litoral","og_description":"Gobierno y c\u00e1maras empresarias harineras acordaron no subir el precio del insumo hasta fin de a\u00f1o, en busca de mantener a raya el valor de venta en panader\u00edas.","og_url":"https:\/\/informelitoral.com.ar\/congelan-precio-de-la-harina-hasta-el-31-de-diciembre\/","og_site_name":"Informe Litoral","article_publisher":"https:\/\/www.facebook.com\/informelitoral\/","article_published_time":"2021-12-17T14:00:28+00:00","og_image":[{"width":612,"height":408,"url":"https:\/\/informelitoral.com.ar\/%77%70%2d%63%6f%6e%74%65%6e%74\/uploads\/2021\/12\/istockphoto-995038782-612x612-1.jpg","type":"image\/jpeg"}],"author":"Sebastian","twitter_card":"summary_large_image","twitter_creator":"@InformeLitoral","twitter_site":"@InformeLitoral","twitter_misc":{"Escrito por":"Sebastian","Tiempo de lectura":"1 minuto"},"schema":{"@context":"https:\/\/schema.org","@graph":[{"@type":"Article","@id":"https:\/\/informelitoral.com.ar\/congelan-precio-de-la-harina-hasta-el-31-de-diciembre\/#article","isPartOf":{"@id":"https:\/\/informelitoral.com.ar\/congelan-precio-de-la-harina-hasta-el-31-de-diciembre\/"},"author":{"name":"Sebastian","@id":"https:\/\/informelitoral.com.ar\/#\/schema\/person\/f05f9f461677119578717524b127d6d5"},"headline":"Congelan precio de la harina hasta el 31 de diciembre","datePublished":"2021-12-17T14:00:28+00:00","mainEntityOfPage":{"@id":"https:\/\/informelitoral.com.ar\/congelan-precio-de-la-harina-hasta-el-31-de-diciembre\/"},"wordCount":222,"commentCount":0,"publisher":{"@id":"https:\/\/informelitoral.com.ar\/#organization"},"image":{"@id":"https:\/\/informelitoral.com.ar\/congelan-precio-de-la-harina-hasta-el-31-de-diciembre\/#primaryimage"},"thumbnailUrl":"https:\/\/informelitoral.com.ar\/%77%70%2d%63%6f%6e%74%65%6e%74\/uploads\/2021\/12\/istockphoto-995038782-612x612-1.jpg","keywords":["Congelan precios","Harinas"],"articleSection":["Econom\u00eda"],"inLanguage":"es","potentialAction":[{"@type":"CommentAction","name":"Comment","target":["https:\/\/informelitoral.com.ar\/congelan-precio-de-la-harina-hasta-el-31-de-diciembre\/#respond"]}]},{"@type":"WebPage","@id":"https:\/\/informelitoral.com.ar\/congelan-precio-de-la-harina-hasta-el-31-de-diciembre\/","url":"https:\/\/informelitoral.com.ar\/congelan-precio-de-la-harina-hasta-el-31-de-diciembre\/","name":"Congelan precio de la harina hasta el 31 de diciembre - Informe Litoral","isPartOf":{"@id":"https:\/\/informelitoral.com.ar\/#website"},"primaryImageOfPage":{"@id":"https:\/\/informelitoral.com.ar\/congelan-precio-de-la-harina-hasta-el-31-de-diciembre\/#primaryimage"},"image":{"@id":"https:\/\/informelitoral.com.ar\/congelan-precio-de-la-harina-hasta-el-31-de-diciembre\/#primaryimage"},"thumbnailUrl":"https:\/\/informelitoral.com.ar\/%77%70%2d%63%6f%6e%74%65%6e%74\/uploads\/2021\/12\/istockphoto-995038782-612x612-1.jpg","datePublished":"2021-12-17T14:00:28+00:00","breadcrumb":{"@id":"https:\/\/informelitoral.com.ar\/congelan-precio-de-la-harina-hasta-el-31-de-diciembre\/#breadcrumb"},"inLanguage":"es","potentialAction":[{"@type":"ReadAction","target":["https:\/\/informelitoral.com.ar\/congelan-precio-de-la-harina-hasta-el-31-de-diciembre\/"]}]},{"@type":"ImageObject","inLanguage":"es","@id":"https:\/\/informelitoral.com.ar\/congelan-precio-de-la-harina-hasta-el-31-de-diciembre\/#primaryimage","url":"https:\/\/informelitoral.com.ar\/%77%70%2d%63%6f%6e%74%65%6e%74\/uploads\/2021\/12\/istockphoto-995038782-612x612-1.jpg","contentUrl":"https:\/\/informelitoral.com.ar\/%77%70%2d%63%6f%6e%74%65%6e%74\/uploads\/2021\/12\/istockphoto-995038782-612x612-1.jpg","width":612,"height":408,"caption":"heap of various bread on wooden background"},{"@type":"BreadcrumbList","@id":"https:\/\/informelitoral.com.ar\/congelan-precio-de-la-harina-hasta-el-31-de-diciembre\/#breadcrumb","itemListElement":[{"@type":"ListItem","position":1,"name":"Portada","item":"https:\/\/informelitoral.com.ar\/"},{"@type":"ListItem","position":2,"name":"Congelan precio de la harina hasta el 31 de diciembre"}]},{"@type":"WebSite","@id":"https:\/\/informelitoral.com.ar\/#website","url":"https:\/\/informelitoral.com.ar\/","name":"Informe Litoral","description":"&quot;Nos informamos&quot; ","publisher":{"@id":"https:\/\/informelitoral.com.ar\/#organization"},"potentialAction":[{"@type":"SearchAction","target":{"@type":"EntryPoint","urlTemplate":"https:\/\/informelitoral.com.ar\/?s={search_term_string}"},"query-input":{"@type":"PropertyValueSpecification","valueRequired":true,"valueName":"search_term_string"}}],"inLanguage":"es"},{"@type":"Organization","@id":"https:\/\/informelitoral.com.ar\/#organization","name":"Informe Litoral","url":"https:\/\/informelitoral.com.ar\/","logo":{"@type":"ImageObject","inLanguage":"es","@id":"https:\/\/informelitoral.com.ar\/#\/schema\/logo\/image\/","url":"https:\/\/informelitoral.com.ar\/%77%70%2d%63%6f%6e%74%65%6e%74\/uploads\/2021\/01\/circulo.png","contentUrl":"https:\/\/informelitoral.com.ar\/%77%70%2d%63%6f%6e%74%65%6e%74\/uploads\/2021\/01\/circulo.png","width":723,"height":731,"caption":"Informe Litoral"},"image":{"@id":"https:\/\/informelitoral.com.ar\/#\/schema\/logo\/image\/"},"sameAs":["https:\/\/www.facebook.com\/informelitoral\/","https:\/\/x.com\/InformeLitoral","https:\/\/www.instagram.com\/informelitoral\/","https:\/\/www.youtube.com\/channel\/UCua4Qvz8Icb6MYqhoq9xLXw"]},{"@type":"Person","@id":"https:\/\/informelitoral.com.ar\/#\/schema\/person\/f05f9f461677119578717524b127d6d5","name":"Sebastian","image":{"@type":"ImageObject","inLanguage":"es","@id":"https:\/\/secure.gravatar.com\/avatar\/b71bf7481d447dfb9583c7f2798e7cc64de6efb9067b74633ed8c31059a3bd82?s=96&d=mm&r=g","url":"https:\/\/secure.gravatar.com\/avatar\/b71bf7481d447dfb9583c7f2798e7cc64de6efb9067b74633ed8c31059a3bd82?s=96&d=mm&r=g","contentUrl":"https:\/\/secure.gravatar.com\/avatar\/b71bf7481d447dfb9583c7f2798e7cc64de6efb9067b74633ed8c31059a3bd82?s=96&d=mm&r=g","caption":"Sebastian"},"url":"https:\/\/informelitoral.com.ar\/author\/sebastian\/"}]}},"_links":{"self":[{"href":"https:\/\/informelitoral.com.ar\/%77%70%2d%6a%73%6f%6e\/wp\/v2\/posts\/68990","targetHints":{"allow":["GET"]}}],"collection":[{"href":"https:\/\/informelitoral.com.ar\/%77%70%2d%6a%73%6f%6e\/wp\/v2\/posts"}],"about":[{"href":"https:\/\/informelitoral.com.ar\/%77%70%2d%6a%73%6f%6e\/wp\/v2\/types\/post"}],"author":[{"embeddable":true,"href":"https:\/\/informelitoral.com.ar\/%77%70%2d%6a%73%6f%6e\/wp\/v2\/users\/8"}],"replies":[{"embeddable":true,"href":"https:\/\/informelitoral.com.ar\/%77%70%2d%6a%73%6f%6e\/wp\/v2\/comments?post=68990"}],"version-history":[{"count":0,"href":"https:\/\/informelitoral.com.ar\/%77%70%2d%6a%73%6f%6e\/wp\/v2\/posts\/68990\/revisions"}],"wp:featuredmedia":[{"embeddable":true,"href":"https:\/\/informelitoral.com.ar\/%77%70%2d%6a%73%6f%6e\/wp\/v2\/media\/68991"}],"wp:attachment":[{"href":"https:\/\/informelitoral.com.ar\/%77%70%2d%6a%73%6f%6e\/wp\/v2\/media?parent=68990"}],"wp:term":[{"taxonomy":"category","embeddable":true,"href":"https:\/\/informelitoral.com.ar\/%77%70%2d%6a%73%6f%6e\/wp\/v2\/categories?post=68990"},{"taxonomy":"post_tag","embeddable":true,"href":"https:\/\/informelitoral.com.ar\/%77%70%2d%6a%73%6f%6e\/wp\/v2\/tags?post=68990"}],"curies":[{"name":"wp","href":"https:\/\/api.w.org\/{rel}","templated":true}]}}