{"id":68981,"date":"2021-12-17T10:11:17","date_gmt":"2021-12-17T13:11:17","guid":{"rendered":"https:\/\/www.informelitoral.com.ar\/?p=68981"},"modified":"2021-12-17T10:11:17","modified_gmt":"2021-12-17T13:11:17","slug":"cada-vez-mas-contagios-en-la-ciudad-quiros-anuncio-nuevos-centros-de-testeos-por-aumento-de-casos","status":"publish","type":"post","link":"https:\/\/informelitoral.com.ar\/cada-vez-mas-contagios-en-la-ciudad-quiros-anuncio-nuevos-centros-de-testeos-por-aumento-de-casos\/","title":{"rendered":"Cada vez m\u00e1s contagios en la Ciudad: Quir\u00f3s anunci\u00f3 nuevos centros de testeos por aumento de casos"},"content":{"rendered":"<section class=\"detail-body first-paragraph container\">\n<section id=\"note-body\" class=\"body-content note-body content-protected-false\" data-twitter-link=\"https:\/\/twitter.com\/intent\/tweet?url=https:\/\/www.minutouno.com\/c5337045&amp;v\u00eda=Ambitocom&amp;related=MinutoUno&amp;text=\">El ministro de salud porte\u00f1o,\u00a0<strong>Fern\u00e1n Quir\u00f3s<\/strong>, anunci\u00f3 este viernes la creaci\u00f3n de dos nuevos\u00a0<strong>Centros de testeo\u00a0<\/strong>ante<strong>\u00a0el aumento de casos de\u00a0Covid-19<\/strong>\u00a0en la\u00a0<strong>Ciudad de Buenos Aires<\/strong>\u00a0y<strong>\u00a0la alta demanda de\u00a0PCR\u00a0para viajes.<br \/>\n<\/strong><\/p>\n<\/section>\n<\/section>\n<section class=\"detail-body second-paragraph container\">\n<section class=\"body-content note-body content-protected-false\">Al mostrar los gr\u00e1ficos con los contagios confirmados seg\u00fan fecha de hisopado, explic\u00f3 que \u201c<strong>se puede ver con mucha claridad que en los \u00faltimos diez d\u00edas tenemos un aumento bastante sistem\u00e1tico de los casos<\/strong>, no en una franja num\u00e9rica pero s\u00ed es claro y evidente la pendiente de aumento\u201d.<\/p>\n<ol>\n<li>Quir\u00f3s indic\u00f3 que\u00a0<strong>el promedio diario de nuevos casos de Covid-19 es de 450<\/strong>, \u201ces un n\u00famero bastante y claramente m\u00e1s alto de lo que ten\u00edamos en los \u00faltimos d\u00edas\u201d.<\/li>\n<\/ol>\n<h3><strong>Nuevos Centros de testeo en la Ciudad<\/strong><\/h3>\n<p>\u201cDado el aumento de n\u00famero de casos, las personas que deben testearse, y en un mes donde mucha gente requiere permisos de viajes o para ingresos en pa\u00edses deben realizarse un PCR, vamos a aumentar la capacidad en los Centros de testeo\u201d, anunci\u00f3 Fern\u00e1n Quir\u00f3s.<\/p>\n<p>Por eso, a partir del lunes 20 de diciembre en la Ciudad funcionar\u00e1n dos nuevos centros de testeo Covid-19:<\/p>\n<p>Esto permitir\u00e1 la realizaci\u00f3n de\u00a0<span id=\"saysCMSEmphasisgkqfhzap9b\" class=\"saysCMSEmphasis\">15.000 nuevos test por d\u00eda.<\/span><\/p>\n<p>\u201c<span id=\"saysCMSEmphasisqrog0os0ye\" class=\"saysCMSEmphasis\">Los cinco Centros de testeo requieren sacar un turno previo<\/span>\u201d, record\u00f3 el ministro de Salud.<\/p>\n<p>Pidi\u00f3, adem\u00e1s, la colaboraci\u00f3n de aquellas personas que deben realizarse un\u00a0<span id=\"saysCMSEmphasistiq22czotb\" class=\"saysCMSEmphasis\">test PCR para viajar<\/span>\u00a0y no por razones m\u00e9dicas: \u201cNecesitamos que hagan el esfuerzo por hacerse el PCR que son administrativos\u00a0<strong>con tiempo suficiente, en sus propias jurisdicciones o con su propia cobertura m\u00e9dica<\/strong>\u201d.<\/p>\n<p>Y fue consistente al aclarar: \u201c<span id=\"saysCMSEmphasis7bg75ay3h2x\" class=\"saysCMSEmphasis\">Tenemos y vamos a priorizar los testeos para contactos estrechos, personas con s\u00edntomas o riesgo de tener Covid-19<\/span>\u201d.<\/p>\n<p>En cuanto a los testeos, la tasa de positividad tambi\u00e9n se encuentra en aumento con un 6.8%: \u201cSeguimos recomendando, sobre todo para las reuniones, que se realicen en espacios abiertos o espacios cerrados ventilados\u201d, resalt\u00f3 el subsecretario de Atenci\u00f3n Primaria, Gabriel Battistella.<\/p>\n<p>\u201cRecomendamos acercarse a las\u00a0<span id=\"saysCMSEmphasismq1d407mjw\" class=\"saysCMSEmphasis\">Unidades febriles de urgencia a las personas que tienen s\u00edntomas<\/span>\u201d, mencion\u00f3 y diferenci\u00f3 que para los\u00a0<strong>Dispositivos Detectar y Centros de testeo\u00a0<\/strong>se debe\u00a0<strong>ingresar al sitio buenosaires.gob.ar\/test y solicitar un turno.<\/strong><\/p>\n<p>Hasta el d\u00eda de la fecha, la Ciudad tiene 523.759 casos confirmados, 488.890 recuperados y 11.872 fallecidos, con una tasa de letalidad del 2.8%.<\/p>\n<\/section>\n<\/section>\n","protected":false},"excerpt":{"rendered":"<p>Lo hizo durante su habitual conferencia de prensa de los viernes, en la que da detalles de la situaci\u00f3n epidemiol\u00f3gica en Buenos Aires.<\/p>\n","protected":false},"author":8,"featured_media":68982,"comment_status":"open","ping_status":"open","sticky":false,"template":"","format":"standard","meta":{"fifu_image_url":"","fifu_image_alt":"","footnotes":""},"categories":[1595],"tags":[1749,1481,2672],"class_list":{"0":"post-68981","1":"post","2":"type-post","3":"status-publish","4":"format-standard","5":"has-post-thumbnail","7":"category-salud","8":"tag-ciudad","9":"tag-covid-19","10":"tag-pcr"},"yoast_head":"<title>Cada vez m\u00e1s contagios en la Ciudad: Quir\u00f3s anunci\u00f3 nuevos centros de testeos por aumento de casos - Informe Litoral<\/title>\n<meta name=\"robots\" content=\"index, follow, max-snippet:-1, max-image-preview:large, max-video-preview:-1\" \/>\n<link rel=\"canonical\" href=\"https:\/\/informelitoral.com.ar\/cada-vez-mas-contagios-en-la-ciudad-quiros-anuncio-nuevos-centros-de-testeos-por-aumento-de-casos\/\" \/>\n<meta property=\"og:locale\" content=\"es_ES\" \/>\n<meta property=\"og:type\" content=\"article\" \/>\n<meta property=\"og:title\" content=\"Cada vez m\u00e1s contagios en la Ciudad: Quir\u00f3s anunci\u00f3 nuevos centros de testeos por aumento de casos - Informe Litoral\" \/>\n<meta property=\"og:description\" content=\"Lo hizo durante su habitual conferencia de prensa de los viernes, en la que da detalles de la situaci\u00f3n epidemiol\u00f3gica en Buenos Aires.\" \/>\n<meta property=\"og:url\" content=\"https:\/\/informelitoral.com.ar\/cada-vez-mas-contagios-en-la-ciudad-quiros-anuncio-nuevos-centros-de-testeos-por-aumento-de-casos\/\" \/>\n<meta property=\"og:site_name\" content=\"Informe Litoral\" \/>\n<meta property=\"article:publisher\" content=\"https:\/\/www.facebook.com\/informelitoral\/\" \/>\n<meta property=\"article:published_time\" content=\"2021-12-17T13:11:17+00:00\" \/>\n<meta property=\"og:image\" content=\"https:\/\/informelitoral.com.ar\/%77%70%2d%63%6f%6e%74%65%6e%74\/uploads\/2021\/12\/quiros.jpg\" \/>\n\t<meta property=\"og:image:width\" content=\"540\" \/>\n\t<meta property=\"og:image:height\" content=\"405\" \/>\n\t<meta property=\"og:image:type\" content=\"image\/jpeg\" \/>\n<meta name=\"author\" content=\"Sebastian\" \/>\n<meta name=\"twitter:card\" content=\"summary_large_image\" \/>\n<meta name=\"twitter:creator\" content=\"@InformeLitoral\" \/>\n<meta name=\"twitter:site\" content=\"@InformeLitoral\" \/>\n<meta name=\"twitter:label1\" content=\"Escrito por\" \/>\n\t<meta name=\"twitter:data1\" content=\"Sebastian\" \/>\n\t<meta name=\"twitter:label2\" content=\"Tiempo de lectura\" \/>\n\t<meta name=\"twitter:data2\" content=\"2 minutos\" \/>\n<script type=\"application\/ld+json\" class=\"yoast-schema-graph\">{\"@context\":\"https:\\\/\\\/schema.org\",\"@graph\":[{\"@type\":\"Article\",\"@id\":\"https:\\\/\\\/informelitoral.com.ar\\\/cada-vez-mas-contagios-en-la-ciudad-quiros-anuncio-nuevos-centros-de-testeos-por-aumento-de-casos\\\/#article\",\"isPartOf\":{\"@id\":\"https:\\\/\\\/informelitoral.com.ar\\\/cada-vez-mas-contagios-en-la-ciudad-quiros-anuncio-nuevos-centros-de-testeos-por-aumento-de-casos\\\/\"},\"author\":{\"name\":\"Sebastian\",\"@id\":\"https:\\\/\\\/informelitoral.com.ar\\\/#\\\/schema\\\/person\\\/f05f9f461677119578717524b127d6d5\"},\"headline\":\"Cada vez m\u00e1s contagios en la Ciudad: Quir\u00f3s anunci\u00f3 nuevos centros de testeos por aumento de casos\",\"datePublished\":\"2021-12-17T13:11:17+00:00\",\"mainEntityOfPage\":{\"@id\":\"https:\\\/\\\/informelitoral.com.ar\\\/cada-vez-mas-contagios-en-la-ciudad-quiros-anuncio-nuevos-centros-de-testeos-por-aumento-de-casos\\\/\"},\"wordCount\":428,\"commentCount\":0,\"publisher\":{\"@id\":\"https:\\\/\\\/informelitoral.com.ar\\\/#organization\"},\"image\":{\"@id\":\"https:\\\/\\\/informelitoral.com.ar\\\/cada-vez-mas-contagios-en-la-ciudad-quiros-anuncio-nuevos-centros-de-testeos-por-aumento-de-casos\\\/#primaryimage\"},\"thumbnailUrl\":\"https:\\\/\\\/informelitoral.com.ar\\\/%77%70%2d%63%6f%6e%74%65%6e%74\\\/uploads\\\/2021\\\/12\\\/quiros.jpg\",\"keywords\":[\"Ciudad\",\"COVID-19\",\"PCR\"],\"articleSection\":[\"Salud\"],\"inLanguage\":\"es\",\"potentialAction\":[{\"@type\":\"CommentAction\",\"name\":\"Comment\",\"target\":[\"https:\\\/\\\/informelitoral.com.ar\\\/cada-vez-mas-contagios-en-la-ciudad-quiros-anuncio-nuevos-centros-de-testeos-por-aumento-de-casos\\\/#respond\"]}]},{\"@type\":\"WebPage\",\"@id\":\"https:\\\/\\\/informelitoral.com.ar\\\/cada-vez-mas-contagios-en-la-ciudad-quiros-anuncio-nuevos-centros-de-testeos-por-aumento-de-casos\\\/\",\"url\":\"https:\\\/\\\/informelitoral.com.ar\\\/cada-vez-mas-contagios-en-la-ciudad-quiros-anuncio-nuevos-centros-de-testeos-por-aumento-de-casos\\\/\",\"name\":\"Cada vez m\u00e1s contagios en la Ciudad: Quir\u00f3s anunci\u00f3 nuevos centros de testeos por aumento de casos - Informe Litoral\",\"isPartOf\":{\"@id\":\"https:\\\/\\\/informelitoral.com.ar\\\/#website\"},\"primaryImageOfPage\":{\"@id\":\"https:\\\/\\\/informelitoral.com.ar\\\/cada-vez-mas-contagios-en-la-ciudad-quiros-anuncio-nuevos-centros-de-testeos-por-aumento-de-casos\\\/#primaryimage\"},\"image\":{\"@id\":\"https:\\\/\\\/informelitoral.com.ar\\\/cada-vez-mas-contagios-en-la-ciudad-quiros-anuncio-nuevos-centros-de-testeos-por-aumento-de-casos\\\/#primaryimage\"},\"thumbnailUrl\":\"https:\\\/\\\/informelitoral.com.ar\\\/%77%70%2d%63%6f%6e%74%65%6e%74\\\/uploads\\\/2021\\\/12\\\/quiros.jpg\",\"datePublished\":\"2021-12-17T13:11:17+00:00\",\"breadcrumb\":{\"@id\":\"https:\\\/\\\/informelitoral.com.ar\\\/cada-vez-mas-contagios-en-la-ciudad-quiros-anuncio-nuevos-centros-de-testeos-por-aumento-de-casos\\\/#breadcrumb\"},\"inLanguage\":\"es\",\"potentialAction\":[{\"@type\":\"ReadAction\",\"target\":[\"https:\\\/\\\/informelitoral.com.ar\\\/cada-vez-mas-contagios-en-la-ciudad-quiros-anuncio-nuevos-centros-de-testeos-por-aumento-de-casos\\\/\"]}]},{\"@type\":\"ImageObject\",\"inLanguage\":\"es\",\"@id\":\"https:\\\/\\\/informelitoral.com.ar\\\/cada-vez-mas-contagios-en-la-ciudad-quiros-anuncio-nuevos-centros-de-testeos-por-aumento-de-casos\\\/#primaryimage\",\"url\":\"https:\\\/\\\/informelitoral.com.ar\\\/%77%70%2d%63%6f%6e%74%65%6e%74\\\/uploads\\\/2021\\\/12\\\/quiros.jpg\",\"contentUrl\":\"https:\\\/\\\/informelitoral.com.ar\\\/%77%70%2d%63%6f%6e%74%65%6e%74\\\/uploads\\\/2021\\\/12\\\/quiros.jpg\",\"width\":540,\"height\":405},{\"@type\":\"BreadcrumbList\",\"@id\":\"https:\\\/\\\/informelitoral.com.ar\\\/cada-vez-mas-contagios-en-la-ciudad-quiros-anuncio-nuevos-centros-de-testeos-por-aumento-de-casos\\\/#breadcrumb\",\"itemListElement\":[{\"@type\":\"ListItem\",\"position\":1,\"name\":\"Portada\",\"item\":\"https:\\\/\\\/informelitoral.com.ar\\\/\"},{\"@type\":\"ListItem\",\"position\":2,\"name\":\"Cada vez m\u00e1s contagios en la Ciudad: Quir\u00f3s anunci\u00f3 nuevos centros de testeos por aumento de casos\"}]},{\"@type\":\"WebSite\",\"@id\":\"https:\\\/\\\/informelitoral.com.ar\\\/#website\",\"url\":\"https:\\\/\\\/informelitoral.com.ar\\\/\",\"name\":\"Informe Litoral\",\"description\":\"&quot;Nos informamos&quot; \",\"publisher\":{\"@id\":\"https:\\\/\\\/informelitoral.com.ar\\\/#organization\"},\"potentialAction\":[{\"@type\":\"SearchAction\",\"target\":{\"@type\":\"EntryPoint\",\"urlTemplate\":\"https:\\\/\\\/informelitoral.com.ar\\\/?s={search_term_string}\"},\"query-input\":{\"@type\":\"PropertyValueSpecification\",\"valueRequired\":true,\"valueName\":\"search_term_string\"}}],\"inLanguage\":\"es\"},{\"@type\":\"Organization\",\"@id\":\"https:\\\/\\\/informelitoral.com.ar\\\/#organization\",\"name\":\"Informe Litoral\",\"url\":\"https:\\\/\\\/informelitoral.com.ar\\\/\",\"logo\":{\"@type\":\"ImageObject\",\"inLanguage\":\"es\",\"@id\":\"https:\\\/\\\/informelitoral.com.ar\\\/#\\\/schema\\\/logo\\\/image\\\/\",\"url\":\"https:\\\/\\\/informelitoral.com.ar\\\/%77%70%2d%63%6f%6e%74%65%6e%74\\\/uploads\\\/2021\\\/01\\\/circulo.png\",\"contentUrl\":\"https:\\\/\\\/informelitoral.com.ar\\\/%77%70%2d%63%6f%6e%74%65%6e%74\\\/uploads\\\/2021\\\/01\\\/circulo.png\",\"width\":723,\"height\":731,\"caption\":\"Informe Litoral\"},\"image\":{\"@id\":\"https:\\\/\\\/informelitoral.com.ar\\\/#\\\/schema\\\/logo\\\/image\\\/\"},\"sameAs\":[\"https:\\\/\\\/www.facebook.com\\\/informelitoral\\\/\",\"https:\\\/\\\/x.com\\\/InformeLitoral\",\"https:\\\/\\\/www.instagram.com\\\/informelitoral\\\/\",\"https:\\\/\\\/www.youtube.com\\\/channel\\\/UCua4Qvz8Icb6MYqhoq9xLXw\"]},{\"@type\":\"Person\",\"@id\":\"https:\\\/\\\/informelitoral.com.ar\\\/#\\\/schema\\\/person\\\/f05f9f461677119578717524b127d6d5\",\"name\":\"Sebastian\",\"image\":{\"@type\":\"ImageObject\",\"inLanguage\":\"es\",\"@id\":\"https:\\\/\\\/secure.gravatar.com\\\/avatar\\\/b71bf7481d447dfb9583c7f2798e7cc64de6efb9067b74633ed8c31059a3bd82?s=96&d=mm&r=g\",\"url\":\"https:\\\/\\\/secure.gravatar.com\\\/avatar\\\/b71bf7481d447dfb9583c7f2798e7cc64de6efb9067b74633ed8c31059a3bd82?s=96&d=mm&r=g\",\"contentUrl\":\"https:\\\/\\\/secure.gravatar.com\\\/avatar\\\/b71bf7481d447dfb9583c7f2798e7cc64de6efb9067b74633ed8c31059a3bd82?s=96&d=mm&r=g\",\"caption\":\"Sebastian\"},\"url\":\"https:\\\/\\\/informelitoral.com.ar\\\/author\\\/sebastian\\\/\"}]}<\/script>","yoast_head_json":{"title":"Cada vez m\u00e1s contagios en la Ciudad: Quir\u00f3s anunci\u00f3 nuevos centros de testeos por aumento de casos - Informe Litoral","robots":{"index":"index","follow":"follow","max-snippet":"max-snippet:-1","max-image-preview":"max-image-preview:large","max-video-preview":"max-video-preview:-1"},"canonical":"https:\/\/informelitoral.com.ar\/cada-vez-mas-contagios-en-la-ciudad-quiros-anuncio-nuevos-centros-de-testeos-por-aumento-de-casos\/","og_locale":"es_ES","og_type":"article","og_title":"Cada vez m\u00e1s contagios en la Ciudad: Quir\u00f3s anunci\u00f3 nuevos centros de testeos por aumento de casos - Informe Litoral","og_description":"Lo hizo durante su habitual conferencia de prensa de los viernes, en la que da detalles de la situaci\u00f3n epidemiol\u00f3gica en Buenos Aires.","og_url":"https:\/\/informelitoral.com.ar\/cada-vez-mas-contagios-en-la-ciudad-quiros-anuncio-nuevos-centros-de-testeos-por-aumento-de-casos\/","og_site_name":"Informe Litoral","article_publisher":"https:\/\/www.facebook.com\/informelitoral\/","article_published_time":"2021-12-17T13:11:17+00:00","og_image":[{"width":540,"height":405,"url":"https:\/\/informelitoral.com.ar\/%77%70%2d%63%6f%6e%74%65%6e%74\/uploads\/2021\/12\/quiros.jpg","type":"image\/jpeg"}],"author":"Sebastian","twitter_card":"summary_large_image","twitter_creator":"@InformeLitoral","twitter_site":"@InformeLitoral","twitter_misc":{"Escrito por":"Sebastian","Tiempo de lectura":"2 minutos"},"schema":{"@context":"https:\/\/schema.org","@graph":[{"@type":"Article","@id":"https:\/\/informelitoral.com.ar\/cada-vez-mas-contagios-en-la-ciudad-quiros-anuncio-nuevos-centros-de-testeos-por-aumento-de-casos\/#article","isPartOf":{"@id":"https:\/\/informelitoral.com.ar\/cada-vez-mas-contagios-en-la-ciudad-quiros-anuncio-nuevos-centros-de-testeos-por-aumento-de-casos\/"},"author":{"name":"Sebastian","@id":"https:\/\/informelitoral.com.ar\/#\/schema\/person\/f05f9f461677119578717524b127d6d5"},"headline":"Cada vez m\u00e1s contagios en la Ciudad: Quir\u00f3s anunci\u00f3 nuevos centros de testeos por aumento de casos","datePublished":"2021-12-17T13:11:17+00:00","mainEntityOfPage":{"@id":"https:\/\/informelitoral.com.ar\/cada-vez-mas-contagios-en-la-ciudad-quiros-anuncio-nuevos-centros-de-testeos-por-aumento-de-casos\/"},"wordCount":428,"commentCount":0,"publisher":{"@id":"https:\/\/informelitoral.com.ar\/#organization"},"image":{"@id":"https:\/\/informelitoral.com.ar\/cada-vez-mas-contagios-en-la-ciudad-quiros-anuncio-nuevos-centros-de-testeos-por-aumento-de-casos\/#primaryimage"},"thumbnailUrl":"https:\/\/informelitoral.com.ar\/%77%70%2d%63%6f%6e%74%65%6e%74\/uploads\/2021\/12\/quiros.jpg","keywords":["Ciudad","COVID-19","PCR"],"articleSection":["Salud"],"inLanguage":"es","potentialAction":[{"@type":"CommentAction","name":"Comment","target":["https:\/\/informelitoral.com.ar\/cada-vez-mas-contagios-en-la-ciudad-quiros-anuncio-nuevos-centros-de-testeos-por-aumento-de-casos\/#respond"]}]},{"@type":"WebPage","@id":"https:\/\/informelitoral.com.ar\/cada-vez-mas-contagios-en-la-ciudad-quiros-anuncio-nuevos-centros-de-testeos-por-aumento-de-casos\/","url":"https:\/\/informelitoral.com.ar\/cada-vez-mas-contagios-en-la-ciudad-quiros-anuncio-nuevos-centros-de-testeos-por-aumento-de-casos\/","name":"Cada vez m\u00e1s contagios en la Ciudad: Quir\u00f3s anunci\u00f3 nuevos centros de testeos por aumento de casos - Informe Litoral","isPartOf":{"@id":"https:\/\/informelitoral.com.ar\/#website"},"primaryImageOfPage":{"@id":"https:\/\/informelitoral.com.ar\/cada-vez-mas-contagios-en-la-ciudad-quiros-anuncio-nuevos-centros-de-testeos-por-aumento-de-casos\/#primaryimage"},"image":{"@id":"https:\/\/informelitoral.com.ar\/cada-vez-mas-contagios-en-la-ciudad-quiros-anuncio-nuevos-centros-de-testeos-por-aumento-de-casos\/#primaryimage"},"thumbnailUrl":"https:\/\/informelitoral.com.ar\/%77%70%2d%63%6f%6e%74%65%6e%74\/uploads\/2021\/12\/quiros.jpg","datePublished":"2021-12-17T13:11:17+00:00","breadcrumb":{"@id":"https:\/\/informelitoral.com.ar\/cada-vez-mas-contagios-en-la-ciudad-quiros-anuncio-nuevos-centros-de-testeos-por-aumento-de-casos\/#breadcrumb"},"inLanguage":"es","potentialAction":[{"@type":"ReadAction","target":["https:\/\/informelitoral.com.ar\/cada-vez-mas-contagios-en-la-ciudad-quiros-anuncio-nuevos-centros-de-testeos-por-aumento-de-casos\/"]}]},{"@type":"ImageObject","inLanguage":"es","@id":"https:\/\/informelitoral.com.ar\/cada-vez-mas-contagios-en-la-ciudad-quiros-anuncio-nuevos-centros-de-testeos-por-aumento-de-casos\/#primaryimage","url":"https:\/\/informelitoral.com.ar\/%77%70%2d%63%6f%6e%74%65%6e%74\/uploads\/2021\/12\/quiros.jpg","contentUrl":"https:\/\/informelitoral.com.ar\/%77%70%2d%63%6f%6e%74%65%6e%74\/uploads\/2021\/12\/quiros.jpg","width":540,"height":405},{"@type":"BreadcrumbList","@id":"https:\/\/informelitoral.com.ar\/cada-vez-mas-contagios-en-la-ciudad-quiros-anuncio-nuevos-centros-de-testeos-por-aumento-de-casos\/#breadcrumb","itemListElement":[{"@type":"ListItem","position":1,"name":"Portada","item":"https:\/\/informelitoral.com.ar\/"},{"@type":"ListItem","position":2,"name":"Cada vez m\u00e1s contagios en la Ciudad: Quir\u00f3s anunci\u00f3 nuevos centros de testeos por aumento de casos"}]},{"@type":"WebSite","@id":"https:\/\/informelitoral.com.ar\/#website","url":"https:\/\/informelitoral.com.ar\/","name":"Informe Litoral","description":"&quot;Nos informamos&quot; ","publisher":{"@id":"https:\/\/informelitoral.com.ar\/#organization"},"potentialAction":[{"@type":"SearchAction","target":{"@type":"EntryPoint","urlTemplate":"https:\/\/informelitoral.com.ar\/?s={search_term_string}"},"query-input":{"@type":"PropertyValueSpecification","valueRequired":true,"valueName":"search_term_string"}}],"inLanguage":"es"},{"@type":"Organization","@id":"https:\/\/informelitoral.com.ar\/#organization","name":"Informe Litoral","url":"https:\/\/informelitoral.com.ar\/","logo":{"@type":"ImageObject","inLanguage":"es","@id":"https:\/\/informelitoral.com.ar\/#\/schema\/logo\/image\/","url":"https:\/\/informelitoral.com.ar\/%77%70%2d%63%6f%6e%74%65%6e%74\/uploads\/2021\/01\/circulo.png","contentUrl":"https:\/\/informelitoral.com.ar\/%77%70%2d%63%6f%6e%74%65%6e%74\/uploads\/2021\/01\/circulo.png","width":723,"height":731,"caption":"Informe Litoral"},"image":{"@id":"https:\/\/informelitoral.com.ar\/#\/schema\/logo\/image\/"},"sameAs":["https:\/\/www.facebook.com\/informelitoral\/","https:\/\/x.com\/InformeLitoral","https:\/\/www.instagram.com\/informelitoral\/","https:\/\/www.youtube.com\/channel\/UCua4Qvz8Icb6MYqhoq9xLXw"]},{"@type":"Person","@id":"https:\/\/informelitoral.com.ar\/#\/schema\/person\/f05f9f461677119578717524b127d6d5","name":"Sebastian","image":{"@type":"ImageObject","inLanguage":"es","@id":"https:\/\/secure.gravatar.com\/avatar\/b71bf7481d447dfb9583c7f2798e7cc64de6efb9067b74633ed8c31059a3bd82?s=96&d=mm&r=g","url":"https:\/\/secure.gravatar.com\/avatar\/b71bf7481d447dfb9583c7f2798e7cc64de6efb9067b74633ed8c31059a3bd82?s=96&d=mm&r=g","contentUrl":"https:\/\/secure.gravatar.com\/avatar\/b71bf7481d447dfb9583c7f2798e7cc64de6efb9067b74633ed8c31059a3bd82?s=96&d=mm&r=g","caption":"Sebastian"},"url":"https:\/\/informelitoral.com.ar\/author\/sebastian\/"}]}},"_links":{"self":[{"href":"https:\/\/informelitoral.com.ar\/%77%70%2d%6a%73%6f%6e\/wp\/v2\/posts\/68981","targetHints":{"allow":["GET"]}}],"collection":[{"href":"https:\/\/informelitoral.com.ar\/%77%70%2d%6a%73%6f%6e\/wp\/v2\/posts"}],"about":[{"href":"https:\/\/informelitoral.com.ar\/%77%70%2d%6a%73%6f%6e\/wp\/v2\/types\/post"}],"author":[{"embeddable":true,"href":"https:\/\/informelitoral.com.ar\/%77%70%2d%6a%73%6f%6e\/wp\/v2\/users\/8"}],"replies":[{"embeddable":true,"href":"https:\/\/informelitoral.com.ar\/%77%70%2d%6a%73%6f%6e\/wp\/v2\/comments?post=68981"}],"version-history":[{"count":0,"href":"https:\/\/informelitoral.com.ar\/%77%70%2d%6a%73%6f%6e\/wp\/v2\/posts\/68981\/revisions"}],"wp:featuredmedia":[{"embeddable":true,"href":"https:\/\/informelitoral.com.ar\/%77%70%2d%6a%73%6f%6e\/wp\/v2\/media\/68982"}],"wp:attachment":[{"href":"https:\/\/informelitoral.com.ar\/%77%70%2d%6a%73%6f%6e\/wp\/v2\/media?parent=68981"}],"wp:term":[{"taxonomy":"category","embeddable":true,"href":"https:\/\/informelitoral.com.ar\/%77%70%2d%6a%73%6f%6e\/wp\/v2\/categories?post=68981"},{"taxonomy":"post_tag","embeddable":true,"href":"https:\/\/informelitoral.com.ar\/%77%70%2d%6a%73%6f%6e\/wp\/v2\/tags?post=68981"}],"curies":[{"name":"wp","href":"https:\/\/api.w.org\/{rel}","templated":true}]}}