{"id":6887,"date":"2014-05-18T18:28:40","date_gmt":"2014-05-18T21:28:40","guid":{"rendered":"http:\/\/www.isletasnoticias.com.ar\/?p=6887"},"modified":"2014-05-18T18:36:43","modified_gmt":"2014-05-18T21:36:43","slug":"interna-del-fpv-2015-segun-una-encuesta-urribarri-esta-cuarto-en-intencion-de-votos","status":"publish","type":"post","link":"https:\/\/informelitoral.com.ar\/interna-del-fpv-2015-segun-una-encuesta-urribarri-esta-cuarto-en-intencion-de-votos\/","title":{"rendered":"Interna del FPV 2015: seg\u00fan una encuesta, Urribarri est\u00e1 cuarto en intenci\u00f3n de votos"},"content":{"rendered":"<p><strong>El gobernador bonaerense <em>Daniel Scioli<\/em> es quien lidera la intenci\u00f3n de voto en el Frente para la Victoria con\u00a039,1 por ciento. Lo sigue de cerca el ministro\u00a0<em>Florencio Randazzo<\/em>, con menos de dos puntos de diferencia. Muy por detr\u00e1s,<em> An\u00edbal Fern\u00e1ndez<\/em>, <em>Sergio Urribarri<\/em> y <em>Agust\u00edn Rossi.<\/em><\/strong><\/p>\n<p style=\"text-align: center;\"><a href=\"http:\/\/www.isletasnoticias.com.ar\/%77%70%2d%63%6f%6e%74%65%6e%74\/uploads\/2014\/05\/scioli-urribarri_0.jpg\"><img loading=\"lazy\" decoding=\"async\" class=\"aligncenter  wp-image-6888\" alt=\"scioli-urribarri_0\" src=\"http:\/\/www.isletasnoticias.com.ar\/%77%70%2d%63%6f%6e%74%65%6e%74\/uploads\/2014\/05\/scioli-urribarri_0-300x168.jpg\" width=\"500\" height=\"300\" \/><\/a><\/p>\n<p>\u00a0Un a\u00f1o y un mes faltan para las elecciones Primarias, Abiertas, Simult\u00e1neas y Obligatorias (PASO), pero ya todos los candidatos analizan con atenci\u00f3n las encuestas. Hasta tanto se definan las f\u00f3rmulas del Frente Amplio Unen, la interna del Frente para la Victoria se perfila como la m\u00e1s poblada: al menos siete dirigentes manifestaron sus intenciones de competir para suceder a\u00a0<b>Cristina Kirchner\u00a0<\/b>en la Presidencia.<\/p>\n<p>De acuerdo con el sondeo que realiz\u00f3 la consultora Gonz\u00e1lez\/Valladares, el gobernador de Buenos Aires,\u00a0<b>Daniel Scioli<\/b>\u00a0se mantiene primero con una intenci\u00f3n de voto de\u00a0<b>39,1%<\/b>\u00a0dentro de las PASO del oficialismo. Con un sorprendente crecimiento se sit\u00faa apenas por detr\u00e1s\u00a0<b>Florencio Randazzo<\/b>. El ministro de Interior y Transporte de la Naci\u00f3n obtuvo un\u00a0<b>37,2%<\/b>\u00a0en el estudio realizado a nivel nacional con una muestra de 1.200 casos.<\/p>\n<p>Completa el podio el senador\u00a0<b>An\u00edbal Fern\u00e1ndez<\/b>\u00a0con menos de un sexto de los votos de los dos primeros. El ex jefe de Gabinete cosech\u00f3 el\u00a0<b>6,2%<\/b>\u00a0de los respaldos. El sondeo, publicado este domingo por el diario\u00a0<i>Perfil <\/i>y reproducido por<i> Infobae<\/i>, tiene un\u00a0<b>margen de error de +\/-2,89%<\/b>\u00a0y fue realizado entre el viernes 16 y el s\u00e1bado 17.<\/p>\n<div>Aunque para muchos kirchneristas de \u00abpaladar negro\u00bb es el mejor candidato para mantener los logros del oficialismo,\u00a0<b>Sergio Urribarri<\/b>\u00a0no consigue convencer al electorado. A\u00fan con un alto porcentaje de desconocimiento entre el p\u00fablico en general, el gobernador de Entre R\u00edos logr\u00f3 apenas\u00a0<b>4,8 por ciento<\/b>.<\/div>\n<div><\/div>\n<div>Luego, lo siguen el ministro de Defensa de la Naci\u00f3n,<b>\u00a0Agust\u00edn Rossi<\/b>, con\u00a0<b>4,1 por ciento<\/b>, y el gobernador de Salta,\u00a0<b>Juan Manuel Urtubey<\/b>, con\u00a0<b>1,8 por ciento<\/b>. \u00daltimo termin\u00f3 el presidente de la C\u00e1mara de Diputados de la Naci\u00f3n,\u00a0<b>Juli\u00e1n Dom\u00ednguez<\/b>, con apenas\u00a0<b>0,7%<\/b>\u00a0de intenci\u00f3n de voto. El\u00a0<b>6,1%<\/b>\u00a0reconoci\u00f3 que a\u00fan no sabe a qui\u00e9n votar\u00e1 en las PASO del Frente para la Victoria.<\/div>\n","protected":false},"excerpt":{"rendered":"<p>El gobernador bonaerense Daniel Scioli es quien lidera la intenci&oacute;n de voto en el Frente para la Victoria con&nbsp;39,1 por ciento. Lo sigue de cerca el ministro&nbsp;Florencio Randazzo, con menos de dos puntos de diferencia. Muy por detr&aacute;s, An&iacute;bal Fern&aacute;ndez, Sergio Urribarri y Agust&iacute;n Rossi. &nbsp;Un a&ntilde;o y un mes faltan para las elecciones Primarias, [&hellip;]<\/p>\n","protected":false},"author":2,"featured_media":0,"comment_status":"open","ping_status":"open","sticky":false,"template":"","format":"standard","meta":{"fifu_image_url":"","fifu_image_alt":"","footnotes":""},"categories":[16],"tags":[],"class_list":{"0":"post-6887","1":"post","2":"type-post","3":"status-publish","4":"format-standard","6":"category-politi"},"yoast_head":"<title>Interna del FPV 2015: seg\u00fan una encuesta, Urribarri est\u00e1 cuarto en intenci\u00f3n de votos - Informe Litoral<\/title>\n<meta name=\"robots\" content=\"index, follow, max-snippet:-1, max-image-preview:large, max-video-preview:-1\" \/>\n<link rel=\"canonical\" href=\"https:\/\/informelitoral.com.ar\/interna-del-fpv-2015-segun-una-encuesta-urribarri-esta-cuarto-en-intencion-de-votos\/\" \/>\n<meta property=\"og:locale\" content=\"es_ES\" \/>\n<meta property=\"og:type\" content=\"article\" \/>\n<meta property=\"og:title\" content=\"Interna del FPV 2015: seg\u00fan una encuesta, Urribarri est\u00e1 cuarto en intenci\u00f3n de votos - Informe Litoral\" \/>\n<meta property=\"og:description\" content=\"El gobernador bonaerense Daniel Scioli es quien lidera la intenci&oacute;n de voto en el Frente para la Victoria con&nbsp;39,1 por ciento. Lo sigue de cerca el ministro&nbsp;Florencio Randazzo, con menos de dos puntos de diferencia. Muy por detr&aacute;s, An&iacute;bal Fern&aacute;ndez, Sergio Urribarri y Agust&iacute;n Rossi. &nbsp;Un a&ntilde;o y un mes faltan para las elecciones Primarias, [&hellip;]\" \/>\n<meta property=\"og:url\" content=\"https:\/\/informelitoral.com.ar\/interna-del-fpv-2015-segun-una-encuesta-urribarri-esta-cuarto-en-intencion-de-votos\/\" \/>\n<meta property=\"og:site_name\" content=\"Informe Litoral\" \/>\n<meta property=\"article:publisher\" content=\"https:\/\/www.facebook.com\/informelitoral\/\" \/>\n<meta property=\"article:published_time\" content=\"2014-05-18T21:28:40+00:00\" \/>\n<meta property=\"article:modified_time\" content=\"2014-05-18T21:36:43+00:00\" \/>\n<meta property=\"og:image\" content=\"https:\/\/informelitoral.com.ar\/%77%70%2d%63%6f%6e%74%65%6e%74\/uploads\/2014\/05\/scioli-urribarri_0.jpg\" \/>\n\t<meta property=\"og:image:width\" content=\"599\" \/>\n\t<meta property=\"og:image:height\" content=\"337\" \/>\n\t<meta property=\"og:image:type\" content=\"image\/jpeg\" \/>\n<meta name=\"author\" content=\"Gonzalo Schmidt\" \/>\n<meta name=\"twitter:card\" content=\"summary_large_image\" \/>\n<meta name=\"twitter:creator\" content=\"@InformeLitoral\" \/>\n<meta name=\"twitter:site\" content=\"@InformeLitoral\" \/>\n<meta name=\"twitter:label1\" content=\"Escrito por\" \/>\n\t<meta name=\"twitter:data1\" content=\"Gonzalo Schmidt\" \/>\n\t<meta name=\"twitter:label2\" content=\"Tiempo de lectura\" \/>\n\t<meta name=\"twitter:data2\" content=\"2 minutos\" \/>\n<script type=\"application\/ld+json\" class=\"yoast-schema-graph\">{\"@context\":\"https:\\\/\\\/schema.org\",\"@graph\":[{\"@type\":\"Article\",\"@id\":\"https:\\\/\\\/informelitoral.com.ar\\\/interna-del-fpv-2015-segun-una-encuesta-urribarri-esta-cuarto-en-intencion-de-votos\\\/#article\",\"isPartOf\":{\"@id\":\"https:\\\/\\\/informelitoral.com.ar\\\/interna-del-fpv-2015-segun-una-encuesta-urribarri-esta-cuarto-en-intencion-de-votos\\\/\"},\"author\":{\"name\":\"Gonzalo Schmidt\",\"@id\":\"https:\\\/\\\/informelitoral.com.ar\\\/#\\\/schema\\\/person\\\/b9d00407c836482871ef1d57bf8e3180\"},\"headline\":\"Interna del FPV 2015: seg\u00fan una encuesta, Urribarri est\u00e1 cuarto en intenci\u00f3n de votos\",\"datePublished\":\"2014-05-18T21:28:40+00:00\",\"dateModified\":\"2014-05-18T21:36:43+00:00\",\"mainEntityOfPage\":{\"@id\":\"https:\\\/\\\/informelitoral.com.ar\\\/interna-del-fpv-2015-segun-una-encuesta-urribarri-esta-cuarto-en-intencion-de-votos\\\/\"},\"wordCount\":389,\"commentCount\":1,\"publisher\":{\"@id\":\"https:\\\/\\\/informelitoral.com.ar\\\/#organization\"},\"image\":{\"@id\":\"https:\\\/\\\/informelitoral.com.ar\\\/interna-del-fpv-2015-segun-una-encuesta-urribarri-esta-cuarto-en-intencion-de-votos\\\/#primaryimage\"},\"thumbnailUrl\":\"http:\\\/\\\/www.isletasnoticias.com.ar\\\/%77%70%2d%63%6f%6e%74%65%6e%74\\\/uploads\\\/2014\\\/05\\\/scioli-urribarri_0-300x168.jpg\",\"articleSection\":[\"Politica\"],\"inLanguage\":\"es\",\"potentialAction\":[{\"@type\":\"CommentAction\",\"name\":\"Comment\",\"target\":[\"https:\\\/\\\/informelitoral.com.ar\\\/interna-del-fpv-2015-segun-una-encuesta-urribarri-esta-cuarto-en-intencion-de-votos\\\/#respond\"]}]},{\"@type\":\"WebPage\",\"@id\":\"https:\\\/\\\/informelitoral.com.ar\\\/interna-del-fpv-2015-segun-una-encuesta-urribarri-esta-cuarto-en-intencion-de-votos\\\/\",\"url\":\"https:\\\/\\\/informelitoral.com.ar\\\/interna-del-fpv-2015-segun-una-encuesta-urribarri-esta-cuarto-en-intencion-de-votos\\\/\",\"name\":\"Interna del FPV 2015: seg\u00fan una encuesta, Urribarri est\u00e1 cuarto en intenci\u00f3n de votos - Informe Litoral\",\"isPartOf\":{\"@id\":\"https:\\\/\\\/informelitoral.com.ar\\\/#website\"},\"primaryImageOfPage\":{\"@id\":\"https:\\\/\\\/informelitoral.com.ar\\\/interna-del-fpv-2015-segun-una-encuesta-urribarri-esta-cuarto-en-intencion-de-votos\\\/#primaryimage\"},\"image\":{\"@id\":\"https:\\\/\\\/informelitoral.com.ar\\\/interna-del-fpv-2015-segun-una-encuesta-urribarri-esta-cuarto-en-intencion-de-votos\\\/#primaryimage\"},\"thumbnailUrl\":\"http:\\\/\\\/www.isletasnoticias.com.ar\\\/%77%70%2d%63%6f%6e%74%65%6e%74\\\/uploads\\\/2014\\\/05\\\/scioli-urribarri_0-300x168.jpg\",\"datePublished\":\"2014-05-18T21:28:40+00:00\",\"dateModified\":\"2014-05-18T21:36:43+00:00\",\"breadcrumb\":{\"@id\":\"https:\\\/\\\/informelitoral.com.ar\\\/interna-del-fpv-2015-segun-una-encuesta-urribarri-esta-cuarto-en-intencion-de-votos\\\/#breadcrumb\"},\"inLanguage\":\"es\",\"potentialAction\":[{\"@type\":\"ReadAction\",\"target\":[\"https:\\\/\\\/informelitoral.com.ar\\\/interna-del-fpv-2015-segun-una-encuesta-urribarri-esta-cuarto-en-intencion-de-votos\\\/\"]}]},{\"@type\":\"ImageObject\",\"inLanguage\":\"es\",\"@id\":\"https:\\\/\\\/informelitoral.com.ar\\\/interna-del-fpv-2015-segun-una-encuesta-urribarri-esta-cuarto-en-intencion-de-votos\\\/#primaryimage\",\"url\":\"http:\\\/\\\/www.isletasnoticias.com.ar\\\/%77%70%2d%63%6f%6e%74%65%6e%74\\\/uploads\\\/2014\\\/05\\\/scioli-urribarri_0-300x168.jpg\",\"contentUrl\":\"http:\\\/\\\/www.isletasnoticias.com.ar\\\/%77%70%2d%63%6f%6e%74%65%6e%74\\\/uploads\\\/2014\\\/05\\\/scioli-urribarri_0-300x168.jpg\"},{\"@type\":\"BreadcrumbList\",\"@id\":\"https:\\\/\\\/informelitoral.com.ar\\\/interna-del-fpv-2015-segun-una-encuesta-urribarri-esta-cuarto-en-intencion-de-votos\\\/#breadcrumb\",\"itemListElement\":[{\"@type\":\"ListItem\",\"position\":1,\"name\":\"Portada\",\"item\":\"https:\\\/\\\/informelitoral.com.ar\\\/\"},{\"@type\":\"ListItem\",\"position\":2,\"name\":\"Interna del FPV 2015: seg\u00fan una encuesta, Urribarri est\u00e1 cuarto en intenci\u00f3n de votos\"}]},{\"@type\":\"WebSite\",\"@id\":\"https:\\\/\\\/informelitoral.com.ar\\\/#website\",\"url\":\"https:\\\/\\\/informelitoral.com.ar\\\/\",\"name\":\"Informe Litoral\",\"description\":\"&quot;Nos informamos&quot; \",\"publisher\":{\"@id\":\"https:\\\/\\\/informelitoral.com.ar\\\/#organization\"},\"potentialAction\":[{\"@type\":\"SearchAction\",\"target\":{\"@type\":\"EntryPoint\",\"urlTemplate\":\"https:\\\/\\\/informelitoral.com.ar\\\/?s={search_term_string}\"},\"query-input\":{\"@type\":\"PropertyValueSpecification\",\"valueRequired\":true,\"valueName\":\"search_term_string\"}}],\"inLanguage\":\"es\"},{\"@type\":\"Organization\",\"@id\":\"https:\\\/\\\/informelitoral.com.ar\\\/#organization\",\"name\":\"Informe Litoral\",\"url\":\"https:\\\/\\\/informelitoral.com.ar\\\/\",\"logo\":{\"@type\":\"ImageObject\",\"inLanguage\":\"es\",\"@id\":\"https:\\\/\\\/informelitoral.com.ar\\\/#\\\/schema\\\/logo\\\/image\\\/\",\"url\":\"https:\\\/\\\/informelitoral.com.ar\\\/%77%70%2d%63%6f%6e%74%65%6e%74\\\/uploads\\\/2021\\\/01\\\/circulo.png\",\"contentUrl\":\"https:\\\/\\\/informelitoral.com.ar\\\/%77%70%2d%63%6f%6e%74%65%6e%74\\\/uploads\\\/2021\\\/01\\\/circulo.png\",\"width\":723,\"height\":731,\"caption\":\"Informe Litoral\"},\"image\":{\"@id\":\"https:\\\/\\\/informelitoral.com.ar\\\/#\\\/schema\\\/logo\\\/image\\\/\"},\"sameAs\":[\"https:\\\/\\\/www.facebook.com\\\/informelitoral\\\/\",\"https:\\\/\\\/x.com\\\/InformeLitoral\",\"https:\\\/\\\/www.instagram.com\\\/informelitoral\\\/\",\"https:\\\/\\\/www.youtube.com\\\/channel\\\/UCua4Qvz8Icb6MYqhoq9xLXw\"]},{\"@type\":\"Person\",\"@id\":\"https:\\\/\\\/informelitoral.com.ar\\\/#\\\/schema\\\/person\\\/b9d00407c836482871ef1d57bf8e3180\",\"name\":\"Gonzalo Schmidt\",\"image\":{\"@type\":\"ImageObject\",\"inLanguage\":\"es\",\"@id\":\"https:\\\/\\\/secure.gravatar.com\\\/avatar\\\/31a1a7b66ff2de83bd0e9fd79d026630d2d99e55e8bfe501287647b4fd9743de?s=96&d=mm&r=g\",\"url\":\"https:\\\/\\\/secure.gravatar.com\\\/avatar\\\/31a1a7b66ff2de83bd0e9fd79d026630d2d99e55e8bfe501287647b4fd9743de?s=96&d=mm&r=g\",\"contentUrl\":\"https:\\\/\\\/secure.gravatar.com\\\/avatar\\\/31a1a7b66ff2de83bd0e9fd79d026630d2d99e55e8bfe501287647b4fd9743de?s=96&d=mm&r=g\",\"caption\":\"Gonzalo Schmidt\"},\"description\":\"Sitio web de noticias de la provincia de Entre R\u00edos, Argentina. Informaci\u00f3n y entretenimiento. Informe Litoral, nos informamos.\",\"sameAs\":[\"http:\\\/\\\/www.isletasnoticias.com.ar\"],\"url\":\"https:\\\/\\\/informelitoral.com.ar\\\/author\\\/gonzalo\\\/\"}]}<\/script>","yoast_head_json":{"title":"Interna del FPV 2015: seg\u00fan una encuesta, Urribarri est\u00e1 cuarto en intenci\u00f3n de votos - Informe Litoral","robots":{"index":"index","follow":"follow","max-snippet":"max-snippet:-1","max-image-preview":"max-image-preview:large","max-video-preview":"max-video-preview:-1"},"canonical":"https:\/\/informelitoral.com.ar\/interna-del-fpv-2015-segun-una-encuesta-urribarri-esta-cuarto-en-intencion-de-votos\/","og_locale":"es_ES","og_type":"article","og_title":"Interna del FPV 2015: seg\u00fan una encuesta, Urribarri est\u00e1 cuarto en intenci\u00f3n de votos - Informe Litoral","og_description":"El gobernador bonaerense Daniel Scioli es quien lidera la intenci&oacute;n de voto en el Frente para la Victoria con&nbsp;39,1 por ciento. Lo sigue de cerca el ministro&nbsp;Florencio Randazzo, con menos de dos puntos de diferencia. Muy por detr&aacute;s, An&iacute;bal Fern&aacute;ndez, Sergio Urribarri y Agust&iacute;n Rossi. &nbsp;Un a&ntilde;o y un mes faltan para las elecciones Primarias, [&hellip;]","og_url":"https:\/\/informelitoral.com.ar\/interna-del-fpv-2015-segun-una-encuesta-urribarri-esta-cuarto-en-intencion-de-votos\/","og_site_name":"Informe Litoral","article_publisher":"https:\/\/www.facebook.com\/informelitoral\/","article_published_time":"2014-05-18T21:28:40+00:00","article_modified_time":"2014-05-18T21:36:43+00:00","og_image":[{"width":599,"height":337,"url":"https:\/\/informelitoral.com.ar\/%77%70%2d%63%6f%6e%74%65%6e%74\/uploads\/2014\/05\/scioli-urribarri_0.jpg","type":"image\/jpeg"}],"author":"Gonzalo Schmidt","twitter_card":"summary_large_image","twitter_creator":"@InformeLitoral","twitter_site":"@InformeLitoral","twitter_misc":{"Escrito por":"Gonzalo Schmidt","Tiempo de lectura":"2 minutos"},"schema":{"@context":"https:\/\/schema.org","@graph":[{"@type":"Article","@id":"https:\/\/informelitoral.com.ar\/interna-del-fpv-2015-segun-una-encuesta-urribarri-esta-cuarto-en-intencion-de-votos\/#article","isPartOf":{"@id":"https:\/\/informelitoral.com.ar\/interna-del-fpv-2015-segun-una-encuesta-urribarri-esta-cuarto-en-intencion-de-votos\/"},"author":{"name":"Gonzalo Schmidt","@id":"https:\/\/informelitoral.com.ar\/#\/schema\/person\/b9d00407c836482871ef1d57bf8e3180"},"headline":"Interna del FPV 2015: seg\u00fan una encuesta, Urribarri est\u00e1 cuarto en intenci\u00f3n de votos","datePublished":"2014-05-18T21:28:40+00:00","dateModified":"2014-05-18T21:36:43+00:00","mainEntityOfPage":{"@id":"https:\/\/informelitoral.com.ar\/interna-del-fpv-2015-segun-una-encuesta-urribarri-esta-cuarto-en-intencion-de-votos\/"},"wordCount":389,"commentCount":1,"publisher":{"@id":"https:\/\/informelitoral.com.ar\/#organization"},"image":{"@id":"https:\/\/informelitoral.com.ar\/interna-del-fpv-2015-segun-una-encuesta-urribarri-esta-cuarto-en-intencion-de-votos\/#primaryimage"},"thumbnailUrl":"http:\/\/www.isletasnoticias.com.ar\/%77%70%2d%63%6f%6e%74%65%6e%74\/uploads\/2014\/05\/scioli-urribarri_0-300x168.jpg","articleSection":["Politica"],"inLanguage":"es","potentialAction":[{"@type":"CommentAction","name":"Comment","target":["https:\/\/informelitoral.com.ar\/interna-del-fpv-2015-segun-una-encuesta-urribarri-esta-cuarto-en-intencion-de-votos\/#respond"]}]},{"@type":"WebPage","@id":"https:\/\/informelitoral.com.ar\/interna-del-fpv-2015-segun-una-encuesta-urribarri-esta-cuarto-en-intencion-de-votos\/","url":"https:\/\/informelitoral.com.ar\/interna-del-fpv-2015-segun-una-encuesta-urribarri-esta-cuarto-en-intencion-de-votos\/","name":"Interna del FPV 2015: seg\u00fan una encuesta, Urribarri est\u00e1 cuarto en intenci\u00f3n de votos - Informe Litoral","isPartOf":{"@id":"https:\/\/informelitoral.com.ar\/#website"},"primaryImageOfPage":{"@id":"https:\/\/informelitoral.com.ar\/interna-del-fpv-2015-segun-una-encuesta-urribarri-esta-cuarto-en-intencion-de-votos\/#primaryimage"},"image":{"@id":"https:\/\/informelitoral.com.ar\/interna-del-fpv-2015-segun-una-encuesta-urribarri-esta-cuarto-en-intencion-de-votos\/#primaryimage"},"thumbnailUrl":"http:\/\/www.isletasnoticias.com.ar\/%77%70%2d%63%6f%6e%74%65%6e%74\/uploads\/2014\/05\/scioli-urribarri_0-300x168.jpg","datePublished":"2014-05-18T21:28:40+00:00","dateModified":"2014-05-18T21:36:43+00:00","breadcrumb":{"@id":"https:\/\/informelitoral.com.ar\/interna-del-fpv-2015-segun-una-encuesta-urribarri-esta-cuarto-en-intencion-de-votos\/#breadcrumb"},"inLanguage":"es","potentialAction":[{"@type":"ReadAction","target":["https:\/\/informelitoral.com.ar\/interna-del-fpv-2015-segun-una-encuesta-urribarri-esta-cuarto-en-intencion-de-votos\/"]}]},{"@type":"ImageObject","inLanguage":"es","@id":"https:\/\/informelitoral.com.ar\/interna-del-fpv-2015-segun-una-encuesta-urribarri-esta-cuarto-en-intencion-de-votos\/#primaryimage","url":"http:\/\/www.isletasnoticias.com.ar\/%77%70%2d%63%6f%6e%74%65%6e%74\/uploads\/2014\/05\/scioli-urribarri_0-300x168.jpg","contentUrl":"http:\/\/www.isletasnoticias.com.ar\/%77%70%2d%63%6f%6e%74%65%6e%74\/uploads\/2014\/05\/scioli-urribarri_0-300x168.jpg"},{"@type":"BreadcrumbList","@id":"https:\/\/informelitoral.com.ar\/interna-del-fpv-2015-segun-una-encuesta-urribarri-esta-cuarto-en-intencion-de-votos\/#breadcrumb","itemListElement":[{"@type":"ListItem","position":1,"name":"Portada","item":"https:\/\/informelitoral.com.ar\/"},{"@type":"ListItem","position":2,"name":"Interna del FPV 2015: seg\u00fan una encuesta, Urribarri est\u00e1 cuarto en intenci\u00f3n de votos"}]},{"@type":"WebSite","@id":"https:\/\/informelitoral.com.ar\/#website","url":"https:\/\/informelitoral.com.ar\/","name":"Informe Litoral","description":"&quot;Nos informamos&quot; ","publisher":{"@id":"https:\/\/informelitoral.com.ar\/#organization"},"potentialAction":[{"@type":"SearchAction","target":{"@type":"EntryPoint","urlTemplate":"https:\/\/informelitoral.com.ar\/?s={search_term_string}"},"query-input":{"@type":"PropertyValueSpecification","valueRequired":true,"valueName":"search_term_string"}}],"inLanguage":"es"},{"@type":"Organization","@id":"https:\/\/informelitoral.com.ar\/#organization","name":"Informe Litoral","url":"https:\/\/informelitoral.com.ar\/","logo":{"@type":"ImageObject","inLanguage":"es","@id":"https:\/\/informelitoral.com.ar\/#\/schema\/logo\/image\/","url":"https:\/\/informelitoral.com.ar\/%77%70%2d%63%6f%6e%74%65%6e%74\/uploads\/2021\/01\/circulo.png","contentUrl":"https:\/\/informelitoral.com.ar\/%77%70%2d%63%6f%6e%74%65%6e%74\/uploads\/2021\/01\/circulo.png","width":723,"height":731,"caption":"Informe Litoral"},"image":{"@id":"https:\/\/informelitoral.com.ar\/#\/schema\/logo\/image\/"},"sameAs":["https:\/\/www.facebook.com\/informelitoral\/","https:\/\/x.com\/InformeLitoral","https:\/\/www.instagram.com\/informelitoral\/","https:\/\/www.youtube.com\/channel\/UCua4Qvz8Icb6MYqhoq9xLXw"]},{"@type":"Person","@id":"https:\/\/informelitoral.com.ar\/#\/schema\/person\/b9d00407c836482871ef1d57bf8e3180","name":"Gonzalo Schmidt","image":{"@type":"ImageObject","inLanguage":"es","@id":"https:\/\/secure.gravatar.com\/avatar\/31a1a7b66ff2de83bd0e9fd79d026630d2d99e55e8bfe501287647b4fd9743de?s=96&d=mm&r=g","url":"https:\/\/secure.gravatar.com\/avatar\/31a1a7b66ff2de83bd0e9fd79d026630d2d99e55e8bfe501287647b4fd9743de?s=96&d=mm&r=g","contentUrl":"https:\/\/secure.gravatar.com\/avatar\/31a1a7b66ff2de83bd0e9fd79d026630d2d99e55e8bfe501287647b4fd9743de?s=96&d=mm&r=g","caption":"Gonzalo Schmidt"},"description":"Sitio web de noticias de la provincia de Entre R\u00edos, Argentina. Informaci\u00f3n y entretenimiento. Informe Litoral, nos informamos.","sameAs":["http:\/\/www.isletasnoticias.com.ar"],"url":"https:\/\/informelitoral.com.ar\/author\/gonzalo\/"}]}},"_links":{"self":[{"href":"https:\/\/informelitoral.com.ar\/%77%70%2d%6a%73%6f%6e\/wp\/v2\/posts\/6887","targetHints":{"allow":["GET"]}}],"collection":[{"href":"https:\/\/informelitoral.com.ar\/%77%70%2d%6a%73%6f%6e\/wp\/v2\/posts"}],"about":[{"href":"https:\/\/informelitoral.com.ar\/%77%70%2d%6a%73%6f%6e\/wp\/v2\/types\/post"}],"author":[{"embeddable":true,"href":"https:\/\/informelitoral.com.ar\/%77%70%2d%6a%73%6f%6e\/wp\/v2\/users\/2"}],"replies":[{"embeddable":true,"href":"https:\/\/informelitoral.com.ar\/%77%70%2d%6a%73%6f%6e\/wp\/v2\/comments?post=6887"}],"version-history":[{"count":0,"href":"https:\/\/informelitoral.com.ar\/%77%70%2d%6a%73%6f%6e\/wp\/v2\/posts\/6887\/revisions"}],"wp:attachment":[{"href":"https:\/\/informelitoral.com.ar\/%77%70%2d%6a%73%6f%6e\/wp\/v2\/media?parent=6887"}],"wp:term":[{"taxonomy":"category","embeddable":true,"href":"https:\/\/informelitoral.com.ar\/%77%70%2d%6a%73%6f%6e\/wp\/v2\/categories?post=6887"},{"taxonomy":"post_tag","embeddable":true,"href":"https:\/\/informelitoral.com.ar\/%77%70%2d%6a%73%6f%6e\/wp\/v2\/tags?post=6887"}],"curies":[{"name":"wp","href":"https:\/\/api.w.org\/{rel}","templated":true}]}}