{"id":6884,"date":"2014-05-18T18:16:52","date_gmt":"2014-05-18T21:16:52","guid":{"rendered":"http:\/\/www.isletasnoticias.com.ar\/?p=6884"},"modified":"2014-05-18T18:16:52","modified_gmt":"2014-05-18T21:16:52","slug":"una-empresa-multinacional-se-instalara-en-crespo","status":"publish","type":"post","link":"https:\/\/informelitoral.com.ar\/una-empresa-multinacional-se-instalara-en-crespo\/","title":{"rendered":"Una empresa multinacional se instalar\u00e1 en Crespo"},"content":{"rendered":"<p style=\"text-align: left;\"><strong>Se trata de la empresa \u201c3D Internacional LLC\u201d, ubicada en Santa Clarita, California (EE.UU), quienes har\u00e1n una importante inversi\u00f3n en el \u00c1rea Industrial de Crespo. La firma extranjera proyecta sustituir importaciones y fabricar en Entre R\u00edos los productos que actualmente est\u00e1n importando.<a href=\"http:\/\/www.isletasnoticias.com.ar\/%77%70%2d%63%6f%6e%74%65%6e%74\/uploads\/2014\/05\/PARQUE-INDUSTRIAL.jpg\"><img loading=\"lazy\" decoding=\"async\" class=\"aligncenter  wp-image-6885\" alt=\"PARQUE-INDUSTRIAL\" src=\"http:\/\/www.isletasnoticias.com.ar\/%77%70%2d%63%6f%6e%74%65%6e%74\/uploads\/2014\/05\/PARQUE-INDUSTRIAL-300x201.jpg\" width=\"500\" height=\"300\" \/><\/a><\/strong><\/p>\n<p>El titular de <em>3D Argentina<\/em>, <strong>Gonzalo Paul<\/strong>, y el de <em>3D Internacional LLC<\/em>, <strong>Javier Boxler<\/strong>, explicaron que \u201cel proyecto consiste en instalar en Crespo una f\u00e1brica de productos de alta calidad para la limpieza y mantenimiento de veh\u00edculos, maquinas industriales, embarcaciones y aeronaves. Los productos son biodegradables y amigables con el medioambiente, manteniendo los mismos est\u00e1ndares de calidad que caracterizan a los fabricados en EE.UU\u201d.<\/p>\n<p>En referencia a la inversi\u00f3n, Paul explic\u00f3 que se realizar\u00e1 en un predio de casi 6000 mts2 ubicado en el nuevo sector del \u00e1rea industrial. \u201cLa construcci\u00f3n de la planta comenzar\u00e1 en menos de 12 meses y en principio crear\u00e1 unos 20 puestos de trabajo, los que se ir\u00e1n ampliando a medida que crezca el proyecto\u201d, destacaron los integrantes de esta empresa que ya exporta a 20 pa\u00edses del mundo\u201d.<\/p>\n<p>\u201cLa idea era sustituir importaciones, tener nuestros productos, nuestra l\u00edneas de hogar y tener la distribuci\u00f3n del Mercosur. Fue por ello que en un principio hicimos nuestras consultas como inversores al titular y al t\u00e9cnico de la Secretar\u00eda de Industria y Comercio, Pablo Z\u00e1rate y Ricardo Armocida, respectivamente, quienes nos asesoraron y nos brindaron las herramientas como para que podamos continuar con nuestro proyecto de inversi\u00f3n. De todos modos nosotros ya hab\u00edamos comenzado a trabajar, abriendo locales y haciendo clientes lo que lleva un trabajo exhaustivo pero gratificante al ver que los productos son de alta aceptaci\u00f3n\u201d coment\u00f3 Paul.<\/p>\n<p>Consultado por la elecci\u00f3n del lugar f\u00edsico el empresario destac\u00f3: \u201cElegimos Crespo porque conocemos de su pujanza y adem\u00e1s porque desde el municipio nos allanaron el camino para que este emprendimiento pueda concretarse. Nos recomendaron la localidad para que realicemos la inversi\u00f3n. Adem\u00e1s tienen un Parque Industrial que es modelo en toda la regi\u00f3n\u201d.<\/p>\n<p>Cabe mencionar que el boleto de compra venta de los terrenos para la instalaci\u00f3n de la empresa se firm\u00f3 el lunes 5 de mayo cuando las autoridades de la empresa internacional, como as\u00ed tambi\u00e9n los representantes de 3D Argentina, visitaron la ciudad y fueron recibidos por el intendente Ariel Robles; el secretario de Gobierno, Jorge Waigel; y el responsable de la oficina de Producci\u00f3n, Desarrollo y Turismo, Javier Fontana.<\/p>\n","protected":false},"excerpt":{"rendered":"<p>Se trata de la empresa &ldquo;3D Internacional LLC&rdquo;, ubicada en Santa Clarita, California (EE.UU), quienes har&aacute;n una importante inversi&oacute;n en el &Aacute;rea Industrial de Crespo. La firma extranjera proyecta sustituir importaciones y fabricar en Entre R&iacute;os los productos que actualmente est&aacute;n importando. El titular de 3D Argentina, Gonzalo Paul, y el de 3D Internacional LLC, [&hellip;]<\/p>\n","protected":false},"author":2,"featured_media":0,"comment_status":"open","ping_status":"open","sticky":false,"template":"","format":"standard","meta":{"fifu_image_url":"","fifu_image_alt":"","footnotes":""},"categories":[6],"tags":[],"class_list":{"0":"post-6884","1":"post","2":"type-post","3":"status-publish","4":"format-standard","6":"category-entre-rios"},"yoast_head":"<title>Una empresa multinacional se instalar\u00e1 en Crespo - Informe Litoral<\/title>\n<meta name=\"robots\" content=\"index, follow, max-snippet:-1, max-image-preview:large, max-video-preview:-1\" \/>\n<link rel=\"canonical\" href=\"https:\/\/informelitoral.com.ar\/una-empresa-multinacional-se-instalara-en-crespo\/\" \/>\n<meta property=\"og:locale\" content=\"es_ES\" \/>\n<meta property=\"og:type\" content=\"article\" \/>\n<meta property=\"og:title\" content=\"Una empresa multinacional se instalar\u00e1 en Crespo - Informe Litoral\" \/>\n<meta property=\"og:description\" content=\"Se trata de la empresa &ldquo;3D Internacional LLC&rdquo;, ubicada en Santa Clarita, California (EE.UU), quienes har&aacute;n una importante inversi&oacute;n en el &Aacute;rea Industrial de Crespo. La firma extranjera proyecta sustituir importaciones y fabricar en Entre R&iacute;os los productos que actualmente est&aacute;n importando. El titular de 3D Argentina, Gonzalo Paul, y el de 3D Internacional LLC, [&hellip;]\" \/>\n<meta property=\"og:url\" content=\"https:\/\/informelitoral.com.ar\/una-empresa-multinacional-se-instalara-en-crespo\/\" \/>\n<meta property=\"og:site_name\" content=\"Informe Litoral\" \/>\n<meta property=\"article:publisher\" content=\"https:\/\/www.facebook.com\/informelitoral\/\" \/>\n<meta property=\"article:published_time\" content=\"2014-05-18T21:16:52+00:00\" \/>\n<meta property=\"og:image\" content=\"https:\/\/informelitoral.com.ar\/%77%70%2d%63%6f%6e%74%65%6e%74\/uploads\/2014\/05\/PARQUE-INDUSTRIAL.jpg\" \/>\n\t<meta property=\"og:image:width\" content=\"1024\" \/>\n\t<meta property=\"og:image:height\" content=\"687\" \/>\n\t<meta property=\"og:image:type\" content=\"image\/jpeg\" \/>\n<meta name=\"author\" content=\"Gonzalo Schmidt\" \/>\n<meta name=\"twitter:card\" content=\"summary_large_image\" \/>\n<meta name=\"twitter:creator\" content=\"@InformeLitoral\" \/>\n<meta name=\"twitter:site\" content=\"@InformeLitoral\" \/>\n<meta name=\"twitter:label1\" content=\"Escrito por\" \/>\n\t<meta name=\"twitter:data1\" content=\"Gonzalo Schmidt\" \/>\n\t<meta name=\"twitter:label2\" content=\"Tiempo de lectura\" \/>\n\t<meta name=\"twitter:data2\" content=\"2 minutos\" \/>\n<script type=\"application\/ld+json\" class=\"yoast-schema-graph\">{\"@context\":\"https:\\\/\\\/schema.org\",\"@graph\":[{\"@type\":\"Article\",\"@id\":\"https:\\\/\\\/informelitoral.com.ar\\\/una-empresa-multinacional-se-instalara-en-crespo\\\/#article\",\"isPartOf\":{\"@id\":\"https:\\\/\\\/informelitoral.com.ar\\\/una-empresa-multinacional-se-instalara-en-crespo\\\/\"},\"author\":{\"name\":\"Gonzalo Schmidt\",\"@id\":\"https:\\\/\\\/informelitoral.com.ar\\\/#\\\/schema\\\/person\\\/b9d00407c836482871ef1d57bf8e3180\"},\"headline\":\"Una empresa multinacional se instalar\u00e1 en Crespo\",\"datePublished\":\"2014-05-18T21:16:52+00:00\",\"mainEntityOfPage\":{\"@id\":\"https:\\\/\\\/informelitoral.com.ar\\\/una-empresa-multinacional-se-instalara-en-crespo\\\/\"},\"wordCount\":431,\"commentCount\":0,\"publisher\":{\"@id\":\"https:\\\/\\\/informelitoral.com.ar\\\/#organization\"},\"image\":{\"@id\":\"https:\\\/\\\/informelitoral.com.ar\\\/una-empresa-multinacional-se-instalara-en-crespo\\\/#primaryimage\"},\"thumbnailUrl\":\"http:\\\/\\\/www.isletasnoticias.com.ar\\\/%77%70%2d%63%6f%6e%74%65%6e%74\\\/uploads\\\/2014\\\/05\\\/PARQUE-INDUSTRIAL-300x201.jpg\",\"articleSection\":[\"Entre R\u00edos\"],\"inLanguage\":\"es\",\"potentialAction\":[{\"@type\":\"CommentAction\",\"name\":\"Comment\",\"target\":[\"https:\\\/\\\/informelitoral.com.ar\\\/una-empresa-multinacional-se-instalara-en-crespo\\\/#respond\"]}]},{\"@type\":\"WebPage\",\"@id\":\"https:\\\/\\\/informelitoral.com.ar\\\/una-empresa-multinacional-se-instalara-en-crespo\\\/\",\"url\":\"https:\\\/\\\/informelitoral.com.ar\\\/una-empresa-multinacional-se-instalara-en-crespo\\\/\",\"name\":\"Una empresa multinacional se instalar\u00e1 en Crespo - Informe Litoral\",\"isPartOf\":{\"@id\":\"https:\\\/\\\/informelitoral.com.ar\\\/#website\"},\"primaryImageOfPage\":{\"@id\":\"https:\\\/\\\/informelitoral.com.ar\\\/una-empresa-multinacional-se-instalara-en-crespo\\\/#primaryimage\"},\"image\":{\"@id\":\"https:\\\/\\\/informelitoral.com.ar\\\/una-empresa-multinacional-se-instalara-en-crespo\\\/#primaryimage\"},\"thumbnailUrl\":\"http:\\\/\\\/www.isletasnoticias.com.ar\\\/%77%70%2d%63%6f%6e%74%65%6e%74\\\/uploads\\\/2014\\\/05\\\/PARQUE-INDUSTRIAL-300x201.jpg\",\"datePublished\":\"2014-05-18T21:16:52+00:00\",\"breadcrumb\":{\"@id\":\"https:\\\/\\\/informelitoral.com.ar\\\/una-empresa-multinacional-se-instalara-en-crespo\\\/#breadcrumb\"},\"inLanguage\":\"es\",\"potentialAction\":[{\"@type\":\"ReadAction\",\"target\":[\"https:\\\/\\\/informelitoral.com.ar\\\/una-empresa-multinacional-se-instalara-en-crespo\\\/\"]}]},{\"@type\":\"ImageObject\",\"inLanguage\":\"es\",\"@id\":\"https:\\\/\\\/informelitoral.com.ar\\\/una-empresa-multinacional-se-instalara-en-crespo\\\/#primaryimage\",\"url\":\"http:\\\/\\\/www.isletasnoticias.com.ar\\\/%77%70%2d%63%6f%6e%74%65%6e%74\\\/uploads\\\/2014\\\/05\\\/PARQUE-INDUSTRIAL-300x201.jpg\",\"contentUrl\":\"http:\\\/\\\/www.isletasnoticias.com.ar\\\/%77%70%2d%63%6f%6e%74%65%6e%74\\\/uploads\\\/2014\\\/05\\\/PARQUE-INDUSTRIAL-300x201.jpg\"},{\"@type\":\"BreadcrumbList\",\"@id\":\"https:\\\/\\\/informelitoral.com.ar\\\/una-empresa-multinacional-se-instalara-en-crespo\\\/#breadcrumb\",\"itemListElement\":[{\"@type\":\"ListItem\",\"position\":1,\"name\":\"Portada\",\"item\":\"https:\\\/\\\/informelitoral.com.ar\\\/\"},{\"@type\":\"ListItem\",\"position\":2,\"name\":\"Una empresa multinacional se instalar\u00e1 en Crespo\"}]},{\"@type\":\"WebSite\",\"@id\":\"https:\\\/\\\/informelitoral.com.ar\\\/#website\",\"url\":\"https:\\\/\\\/informelitoral.com.ar\\\/\",\"name\":\"Informe Litoral\",\"description\":\"&quot;Nos informamos&quot; \",\"publisher\":{\"@id\":\"https:\\\/\\\/informelitoral.com.ar\\\/#organization\"},\"potentialAction\":[{\"@type\":\"SearchAction\",\"target\":{\"@type\":\"EntryPoint\",\"urlTemplate\":\"https:\\\/\\\/informelitoral.com.ar\\\/?s={search_term_string}\"},\"query-input\":{\"@type\":\"PropertyValueSpecification\",\"valueRequired\":true,\"valueName\":\"search_term_string\"}}],\"inLanguage\":\"es\"},{\"@type\":\"Organization\",\"@id\":\"https:\\\/\\\/informelitoral.com.ar\\\/#organization\",\"name\":\"Informe Litoral\",\"url\":\"https:\\\/\\\/informelitoral.com.ar\\\/\",\"logo\":{\"@type\":\"ImageObject\",\"inLanguage\":\"es\",\"@id\":\"https:\\\/\\\/informelitoral.com.ar\\\/#\\\/schema\\\/logo\\\/image\\\/\",\"url\":\"https:\\\/\\\/informelitoral.com.ar\\\/%77%70%2d%63%6f%6e%74%65%6e%74\\\/uploads\\\/2021\\\/01\\\/circulo.png\",\"contentUrl\":\"https:\\\/\\\/informelitoral.com.ar\\\/%77%70%2d%63%6f%6e%74%65%6e%74\\\/uploads\\\/2021\\\/01\\\/circulo.png\",\"width\":723,\"height\":731,\"caption\":\"Informe Litoral\"},\"image\":{\"@id\":\"https:\\\/\\\/informelitoral.com.ar\\\/#\\\/schema\\\/logo\\\/image\\\/\"},\"sameAs\":[\"https:\\\/\\\/www.facebook.com\\\/informelitoral\\\/\",\"https:\\\/\\\/x.com\\\/InformeLitoral\",\"https:\\\/\\\/www.instagram.com\\\/informelitoral\\\/\",\"https:\\\/\\\/www.youtube.com\\\/channel\\\/UCua4Qvz8Icb6MYqhoq9xLXw\"]},{\"@type\":\"Person\",\"@id\":\"https:\\\/\\\/informelitoral.com.ar\\\/#\\\/schema\\\/person\\\/b9d00407c836482871ef1d57bf8e3180\",\"name\":\"Gonzalo Schmidt\",\"image\":{\"@type\":\"ImageObject\",\"inLanguage\":\"es\",\"@id\":\"https:\\\/\\\/secure.gravatar.com\\\/avatar\\\/31a1a7b66ff2de83bd0e9fd79d026630d2d99e55e8bfe501287647b4fd9743de?s=96&d=mm&r=g\",\"url\":\"https:\\\/\\\/secure.gravatar.com\\\/avatar\\\/31a1a7b66ff2de83bd0e9fd79d026630d2d99e55e8bfe501287647b4fd9743de?s=96&d=mm&r=g\",\"contentUrl\":\"https:\\\/\\\/secure.gravatar.com\\\/avatar\\\/31a1a7b66ff2de83bd0e9fd79d026630d2d99e55e8bfe501287647b4fd9743de?s=96&d=mm&r=g\",\"caption\":\"Gonzalo Schmidt\"},\"description\":\"Sitio web de noticias de la provincia de Entre R\u00edos, Argentina. Informaci\u00f3n y entretenimiento. Informe Litoral, nos informamos.\",\"sameAs\":[\"http:\\\/\\\/www.isletasnoticias.com.ar\"],\"url\":\"https:\\\/\\\/informelitoral.com.ar\\\/author\\\/gonzalo\\\/\"}]}<\/script>","yoast_head_json":{"title":"Una empresa multinacional se instalar\u00e1 en Crespo - Informe Litoral","robots":{"index":"index","follow":"follow","max-snippet":"max-snippet:-1","max-image-preview":"max-image-preview:large","max-video-preview":"max-video-preview:-1"},"canonical":"https:\/\/informelitoral.com.ar\/una-empresa-multinacional-se-instalara-en-crespo\/","og_locale":"es_ES","og_type":"article","og_title":"Una empresa multinacional se instalar\u00e1 en Crespo - Informe Litoral","og_description":"Se trata de la empresa &ldquo;3D Internacional LLC&rdquo;, ubicada en Santa Clarita, California (EE.UU), quienes har&aacute;n una importante inversi&oacute;n en el &Aacute;rea Industrial de Crespo. La firma extranjera proyecta sustituir importaciones y fabricar en Entre R&iacute;os los productos que actualmente est&aacute;n importando. El titular de 3D Argentina, Gonzalo Paul, y el de 3D Internacional LLC, [&hellip;]","og_url":"https:\/\/informelitoral.com.ar\/una-empresa-multinacional-se-instalara-en-crespo\/","og_site_name":"Informe Litoral","article_publisher":"https:\/\/www.facebook.com\/informelitoral\/","article_published_time":"2014-05-18T21:16:52+00:00","og_image":[{"width":1024,"height":687,"url":"https:\/\/informelitoral.com.ar\/%77%70%2d%63%6f%6e%74%65%6e%74\/uploads\/2014\/05\/PARQUE-INDUSTRIAL.jpg","type":"image\/jpeg"}],"author":"Gonzalo Schmidt","twitter_card":"summary_large_image","twitter_creator":"@InformeLitoral","twitter_site":"@InformeLitoral","twitter_misc":{"Escrito por":"Gonzalo Schmidt","Tiempo de lectura":"2 minutos"},"schema":{"@context":"https:\/\/schema.org","@graph":[{"@type":"Article","@id":"https:\/\/informelitoral.com.ar\/una-empresa-multinacional-se-instalara-en-crespo\/#article","isPartOf":{"@id":"https:\/\/informelitoral.com.ar\/una-empresa-multinacional-se-instalara-en-crespo\/"},"author":{"name":"Gonzalo Schmidt","@id":"https:\/\/informelitoral.com.ar\/#\/schema\/person\/b9d00407c836482871ef1d57bf8e3180"},"headline":"Una empresa multinacional se instalar\u00e1 en Crespo","datePublished":"2014-05-18T21:16:52+00:00","mainEntityOfPage":{"@id":"https:\/\/informelitoral.com.ar\/una-empresa-multinacional-se-instalara-en-crespo\/"},"wordCount":431,"commentCount":0,"publisher":{"@id":"https:\/\/informelitoral.com.ar\/#organization"},"image":{"@id":"https:\/\/informelitoral.com.ar\/una-empresa-multinacional-se-instalara-en-crespo\/#primaryimage"},"thumbnailUrl":"http:\/\/www.isletasnoticias.com.ar\/%77%70%2d%63%6f%6e%74%65%6e%74\/uploads\/2014\/05\/PARQUE-INDUSTRIAL-300x201.jpg","articleSection":["Entre R\u00edos"],"inLanguage":"es","potentialAction":[{"@type":"CommentAction","name":"Comment","target":["https:\/\/informelitoral.com.ar\/una-empresa-multinacional-se-instalara-en-crespo\/#respond"]}]},{"@type":"WebPage","@id":"https:\/\/informelitoral.com.ar\/una-empresa-multinacional-se-instalara-en-crespo\/","url":"https:\/\/informelitoral.com.ar\/una-empresa-multinacional-se-instalara-en-crespo\/","name":"Una empresa multinacional se instalar\u00e1 en Crespo - Informe Litoral","isPartOf":{"@id":"https:\/\/informelitoral.com.ar\/#website"},"primaryImageOfPage":{"@id":"https:\/\/informelitoral.com.ar\/una-empresa-multinacional-se-instalara-en-crespo\/#primaryimage"},"image":{"@id":"https:\/\/informelitoral.com.ar\/una-empresa-multinacional-se-instalara-en-crespo\/#primaryimage"},"thumbnailUrl":"http:\/\/www.isletasnoticias.com.ar\/%77%70%2d%63%6f%6e%74%65%6e%74\/uploads\/2014\/05\/PARQUE-INDUSTRIAL-300x201.jpg","datePublished":"2014-05-18T21:16:52+00:00","breadcrumb":{"@id":"https:\/\/informelitoral.com.ar\/una-empresa-multinacional-se-instalara-en-crespo\/#breadcrumb"},"inLanguage":"es","potentialAction":[{"@type":"ReadAction","target":["https:\/\/informelitoral.com.ar\/una-empresa-multinacional-se-instalara-en-crespo\/"]}]},{"@type":"ImageObject","inLanguage":"es","@id":"https:\/\/informelitoral.com.ar\/una-empresa-multinacional-se-instalara-en-crespo\/#primaryimage","url":"http:\/\/www.isletasnoticias.com.ar\/%77%70%2d%63%6f%6e%74%65%6e%74\/uploads\/2014\/05\/PARQUE-INDUSTRIAL-300x201.jpg","contentUrl":"http:\/\/www.isletasnoticias.com.ar\/%77%70%2d%63%6f%6e%74%65%6e%74\/uploads\/2014\/05\/PARQUE-INDUSTRIAL-300x201.jpg"},{"@type":"BreadcrumbList","@id":"https:\/\/informelitoral.com.ar\/una-empresa-multinacional-se-instalara-en-crespo\/#breadcrumb","itemListElement":[{"@type":"ListItem","position":1,"name":"Portada","item":"https:\/\/informelitoral.com.ar\/"},{"@type":"ListItem","position":2,"name":"Una empresa multinacional se instalar\u00e1 en Crespo"}]},{"@type":"WebSite","@id":"https:\/\/informelitoral.com.ar\/#website","url":"https:\/\/informelitoral.com.ar\/","name":"Informe Litoral","description":"&quot;Nos informamos&quot; ","publisher":{"@id":"https:\/\/informelitoral.com.ar\/#organization"},"potentialAction":[{"@type":"SearchAction","target":{"@type":"EntryPoint","urlTemplate":"https:\/\/informelitoral.com.ar\/?s={search_term_string}"},"query-input":{"@type":"PropertyValueSpecification","valueRequired":true,"valueName":"search_term_string"}}],"inLanguage":"es"},{"@type":"Organization","@id":"https:\/\/informelitoral.com.ar\/#organization","name":"Informe Litoral","url":"https:\/\/informelitoral.com.ar\/","logo":{"@type":"ImageObject","inLanguage":"es","@id":"https:\/\/informelitoral.com.ar\/#\/schema\/logo\/image\/","url":"https:\/\/informelitoral.com.ar\/%77%70%2d%63%6f%6e%74%65%6e%74\/uploads\/2021\/01\/circulo.png","contentUrl":"https:\/\/informelitoral.com.ar\/%77%70%2d%63%6f%6e%74%65%6e%74\/uploads\/2021\/01\/circulo.png","width":723,"height":731,"caption":"Informe Litoral"},"image":{"@id":"https:\/\/informelitoral.com.ar\/#\/schema\/logo\/image\/"},"sameAs":["https:\/\/www.facebook.com\/informelitoral\/","https:\/\/x.com\/InformeLitoral","https:\/\/www.instagram.com\/informelitoral\/","https:\/\/www.youtube.com\/channel\/UCua4Qvz8Icb6MYqhoq9xLXw"]},{"@type":"Person","@id":"https:\/\/informelitoral.com.ar\/#\/schema\/person\/b9d00407c836482871ef1d57bf8e3180","name":"Gonzalo Schmidt","image":{"@type":"ImageObject","inLanguage":"es","@id":"https:\/\/secure.gravatar.com\/avatar\/31a1a7b66ff2de83bd0e9fd79d026630d2d99e55e8bfe501287647b4fd9743de?s=96&d=mm&r=g","url":"https:\/\/secure.gravatar.com\/avatar\/31a1a7b66ff2de83bd0e9fd79d026630d2d99e55e8bfe501287647b4fd9743de?s=96&d=mm&r=g","contentUrl":"https:\/\/secure.gravatar.com\/avatar\/31a1a7b66ff2de83bd0e9fd79d026630d2d99e55e8bfe501287647b4fd9743de?s=96&d=mm&r=g","caption":"Gonzalo Schmidt"},"description":"Sitio web de noticias de la provincia de Entre R\u00edos, Argentina. Informaci\u00f3n y entretenimiento. Informe Litoral, nos informamos.","sameAs":["http:\/\/www.isletasnoticias.com.ar"],"url":"https:\/\/informelitoral.com.ar\/author\/gonzalo\/"}]}},"_links":{"self":[{"href":"https:\/\/informelitoral.com.ar\/%77%70%2d%6a%73%6f%6e\/wp\/v2\/posts\/6884","targetHints":{"allow":["GET"]}}],"collection":[{"href":"https:\/\/informelitoral.com.ar\/%77%70%2d%6a%73%6f%6e\/wp\/v2\/posts"}],"about":[{"href":"https:\/\/informelitoral.com.ar\/%77%70%2d%6a%73%6f%6e\/wp\/v2\/types\/post"}],"author":[{"embeddable":true,"href":"https:\/\/informelitoral.com.ar\/%77%70%2d%6a%73%6f%6e\/wp\/v2\/users\/2"}],"replies":[{"embeddable":true,"href":"https:\/\/informelitoral.com.ar\/%77%70%2d%6a%73%6f%6e\/wp\/v2\/comments?post=6884"}],"version-history":[{"count":0,"href":"https:\/\/informelitoral.com.ar\/%77%70%2d%6a%73%6f%6e\/wp\/v2\/posts\/6884\/revisions"}],"wp:attachment":[{"href":"https:\/\/informelitoral.com.ar\/%77%70%2d%6a%73%6f%6e\/wp\/v2\/media?parent=6884"}],"wp:term":[{"taxonomy":"category","embeddable":true,"href":"https:\/\/informelitoral.com.ar\/%77%70%2d%6a%73%6f%6e\/wp\/v2\/categories?post=6884"},{"taxonomy":"post_tag","embeddable":true,"href":"https:\/\/informelitoral.com.ar\/%77%70%2d%6a%73%6f%6e\/wp\/v2\/tags?post=6884"}],"curies":[{"name":"wp","href":"https:\/\/api.w.org\/{rel}","templated":true}]}}