{"id":6877,"date":"2014-05-17T23:48:10","date_gmt":"2014-05-18T02:48:10","guid":{"rendered":"http:\/\/www.isletasnoticias.com.ar\/?p=6877"},"modified":"2014-05-17T23:49:43","modified_gmt":"2014-05-18T02:49:43","slug":"la-prensa-espanola-se-rinde-a-los-pies-del-cholo-simeone","status":"publish","type":"post","link":"https:\/\/informelitoral.com.ar\/la-prensa-espanola-se-rinde-a-los-pies-del-cholo-simeone\/","title":{"rendered":"La prensa espa\u00f1ola se rinde a los pies del \u00abCholo\u00bb Simeone"},"content":{"rendered":"<p style=\"text-align: left;\"><strong>Los medios ib\u00e9ricos destacaron el trabajo del entrenador argentino como el\u00a0factor m\u00e1s importante\u00a0en la\u00a0consagraci\u00f3n del Atl\u00e9tico Madrid.<a href=\"http:\/\/www.isletasnoticias.com.ar\/%77%70%2d%63%6f%6e%74%65%6e%74\/uploads\/2014\/05\/0011024843.jpg\"><img loading=\"lazy\" decoding=\"async\" class=\"aligncenter  wp-image-6878\" alt=\"0011024843\" src=\"http:\/\/www.isletasnoticias.com.ar\/%77%70%2d%63%6f%6e%74%65%6e%74\/uploads\/2014\/05\/0011024843-300x168.jpg\" width=\"500\" height=\"300\" \/><\/a><\/strong><\/p>\n<p>Pocas veces ocurre que la figura de un campe\u00f3n no est\u00e1 dentro de la cancha. M\u00e1s all\u00e1 de los puntos altos que tuvo el Atl\u00e9tico Madrid entre los jugadores que integran el plantel que consigui\u00f3 el t\u00edtulo de la Liga espa\u00f1ola, todas las miradas se posaron sobre el DT:\u00a0<strong>Diego Simeone.<\/strong><\/p>\n<div>El argentino fue el\u00a0gran protagonista\u00a0de una tarde plagada de emociones para los \u00abColchoneros\u00bb y los medios espa\u00f1oles as\u00ed lo reflejaron en los portales de noticias.<\/div>\n<div><\/div>\n<div>Tanto los medios de Madrid como los de Barcelona destacaron la importancia que tuvo el \u00abCholo\u00bb en esta consagraci\u00f3n. \u00abLa relevancia de los deberes bien hechos\u00bb, titul\u00f3\u00a0<i>Mundo Deportivo<\/i>\u00a0para referirse a la tarea del argentino.<\/div>\n<div><\/div>\n<div>Portales como\u00a0<i>Marca<\/i>\u00a0tambi\u00e9n reflejaron la\u00a0uni\u00f3n de Simeone con el grupo\u00a0compuesto por jugadores y colaboradores. Las im\u00e1genes de todo el plantel, lanzando por los aires al DT destacaron esta apreciaci\u00f3n.<\/div>\n<div><\/div>\n<div>\u00abSeguramente Luis (Aragon\u00e9s) defendi\u00f3 con nosotros desde arriba\u00bb, fue la frase del t\u00e9cnico que eligieron medios como<i>\u00a0Sport<\/i>\u00a0y<i>\u00a0La Vanguardia<\/i>\u00a0para resaltar el recuerdo que el \u00abCholo\u00bb hizo de uno de los m\u00e1ximos referentes de la instituci\u00f3n.<\/div>\n<div><\/div>\n<div><i>As,<\/i>\u00a0en tanto, destac\u00f3 la\u00a0presencia ganadora del argentino: \u00abEl Atl\u00e9tico del Cholo Simeone, cuatro t\u00edtulos en dos a\u00f1os\u00bb.<\/div>\n<div><\/div>\n<div>De esta manera, la figura del ex entrenador de Racing, River y Estudiantes tom\u00f3 gran relevancia en la prensa ib\u00e9rica. El argentino\u00a0tendr\u00e1 una chance de aumentar esa imagen positiva\u00a0el pr\u00f3ximo s\u00e1bado, cuando su equipo dispute la final de la Champions League ante el Real Madrid, indic\u00f3 <em>PlayF\u00fatbol.\u00a0<\/em><\/div>\n","protected":false},"excerpt":{"rendered":"<p>Los medios ib&eacute;ricos destacaron el trabajo del entrenador argentino como el&nbsp;factor m&aacute;s importante&nbsp;en la&nbsp;consagraci&oacute;n del Atl&eacute;tico Madrid. Pocas veces ocurre que la figura de un campe&oacute;n no est&aacute; dentro de la cancha. M&aacute;s all&aacute; de los puntos altos que tuvo el Atl&eacute;tico Madrid entre los jugadores que integran el plantel que consigui&oacute; el t&iacute;tulo de [&hellip;]<\/p>\n","protected":false},"author":2,"featured_media":0,"comment_status":"open","ping_status":"open","sticky":false,"template":"","format":"standard","meta":{"fifu_image_url":"","fifu_image_alt":"","footnotes":""},"categories":[13],"tags":[],"class_list":{"0":"post-6877","1":"post","2":"type-post","3":"status-publish","4":"format-standard","6":"category-deportes"},"yoast_head":"<title>La prensa espa\u00f1ola se rinde a los pies del &quot;Cholo&quot; Simeone - Informe Litoral<\/title>\n<meta name=\"robots\" content=\"index, follow, max-snippet:-1, max-image-preview:large, max-video-preview:-1\" \/>\n<link rel=\"canonical\" href=\"https:\/\/informelitoral.com.ar\/la-prensa-espanola-se-rinde-a-los-pies-del-cholo-simeone\/\" \/>\n<meta property=\"og:locale\" content=\"es_ES\" \/>\n<meta property=\"og:type\" content=\"article\" \/>\n<meta property=\"og:title\" content=\"La prensa espa\u00f1ola se rinde a los pies del &quot;Cholo&quot; Simeone - Informe Litoral\" \/>\n<meta property=\"og:description\" content=\"Los medios ib&eacute;ricos destacaron el trabajo del entrenador argentino como el&nbsp;factor m&aacute;s importante&nbsp;en la&nbsp;consagraci&oacute;n del Atl&eacute;tico Madrid. Pocas veces ocurre que la figura de un campe&oacute;n no est&aacute; dentro de la cancha. M&aacute;s all&aacute; de los puntos altos que tuvo el Atl&eacute;tico Madrid entre los jugadores que integran el plantel que consigui&oacute; el t&iacute;tulo de [&hellip;]\" \/>\n<meta property=\"og:url\" content=\"https:\/\/informelitoral.com.ar\/la-prensa-espanola-se-rinde-a-los-pies-del-cholo-simeone\/\" \/>\n<meta property=\"og:site_name\" content=\"Informe Litoral\" \/>\n<meta property=\"article:publisher\" content=\"https:\/\/www.facebook.com\/informelitoral\/\" \/>\n<meta property=\"article:published_time\" content=\"2014-05-18T02:48:10+00:00\" \/>\n<meta property=\"article:modified_time\" content=\"2014-05-18T02:49:43+00:00\" \/>\n<meta property=\"og:image\" content=\"https:\/\/informelitoral.com.ar\/%77%70%2d%63%6f%6e%74%65%6e%74\/uploads\/2014\/05\/0011024843.jpg\" \/>\n\t<meta property=\"og:image:width\" content=\"770\" \/>\n\t<meta property=\"og:image:height\" content=\"433\" \/>\n\t<meta property=\"og:image:type\" content=\"image\/jpeg\" \/>\n<meta name=\"author\" content=\"Gonzalo Schmidt\" \/>\n<meta name=\"twitter:card\" content=\"summary_large_image\" \/>\n<meta name=\"twitter:creator\" content=\"@InformeLitoral\" \/>\n<meta name=\"twitter:site\" content=\"@InformeLitoral\" \/>\n<meta name=\"twitter:label1\" content=\"Escrito por\" \/>\n\t<meta name=\"twitter:data1\" content=\"Gonzalo Schmidt\" \/>\n\t<meta name=\"twitter:label2\" content=\"Tiempo de lectura\" \/>\n\t<meta name=\"twitter:data2\" content=\"1 minuto\" \/>\n<script type=\"application\/ld+json\" class=\"yoast-schema-graph\">{\"@context\":\"https:\\\/\\\/schema.org\",\"@graph\":[{\"@type\":\"Article\",\"@id\":\"https:\\\/\\\/informelitoral.com.ar\\\/la-prensa-espanola-se-rinde-a-los-pies-del-cholo-simeone\\\/#article\",\"isPartOf\":{\"@id\":\"https:\\\/\\\/informelitoral.com.ar\\\/la-prensa-espanola-se-rinde-a-los-pies-del-cholo-simeone\\\/\"},\"author\":{\"name\":\"Gonzalo Schmidt\",\"@id\":\"https:\\\/\\\/informelitoral.com.ar\\\/#\\\/schema\\\/person\\\/b9d00407c836482871ef1d57bf8e3180\"},\"headline\":\"La prensa espa\u00f1ola se rinde a los pies del \u00abCholo\u00bb Simeone\",\"datePublished\":\"2014-05-18T02:48:10+00:00\",\"dateModified\":\"2014-05-18T02:49:43+00:00\",\"mainEntityOfPage\":{\"@id\":\"https:\\\/\\\/informelitoral.com.ar\\\/la-prensa-espanola-se-rinde-a-los-pies-del-cholo-simeone\\\/\"},\"wordCount\":310,\"commentCount\":0,\"publisher\":{\"@id\":\"https:\\\/\\\/informelitoral.com.ar\\\/#organization\"},\"image\":{\"@id\":\"https:\\\/\\\/informelitoral.com.ar\\\/la-prensa-espanola-se-rinde-a-los-pies-del-cholo-simeone\\\/#primaryimage\"},\"thumbnailUrl\":\"http:\\\/\\\/www.isletasnoticias.com.ar\\\/%77%70%2d%63%6f%6e%74%65%6e%74\\\/uploads\\\/2014\\\/05\\\/0011024843-300x168.jpg\",\"articleSection\":[\"Deportes\"],\"inLanguage\":\"es\",\"potentialAction\":[{\"@type\":\"CommentAction\",\"name\":\"Comment\",\"target\":[\"https:\\\/\\\/informelitoral.com.ar\\\/la-prensa-espanola-se-rinde-a-los-pies-del-cholo-simeone\\\/#respond\"]}]},{\"@type\":\"WebPage\",\"@id\":\"https:\\\/\\\/informelitoral.com.ar\\\/la-prensa-espanola-se-rinde-a-los-pies-del-cholo-simeone\\\/\",\"url\":\"https:\\\/\\\/informelitoral.com.ar\\\/la-prensa-espanola-se-rinde-a-los-pies-del-cholo-simeone\\\/\",\"name\":\"La prensa espa\u00f1ola se rinde a los pies del \\\"Cholo\\\" Simeone - Informe Litoral\",\"isPartOf\":{\"@id\":\"https:\\\/\\\/informelitoral.com.ar\\\/#website\"},\"primaryImageOfPage\":{\"@id\":\"https:\\\/\\\/informelitoral.com.ar\\\/la-prensa-espanola-se-rinde-a-los-pies-del-cholo-simeone\\\/#primaryimage\"},\"image\":{\"@id\":\"https:\\\/\\\/informelitoral.com.ar\\\/la-prensa-espanola-se-rinde-a-los-pies-del-cholo-simeone\\\/#primaryimage\"},\"thumbnailUrl\":\"http:\\\/\\\/www.isletasnoticias.com.ar\\\/%77%70%2d%63%6f%6e%74%65%6e%74\\\/uploads\\\/2014\\\/05\\\/0011024843-300x168.jpg\",\"datePublished\":\"2014-05-18T02:48:10+00:00\",\"dateModified\":\"2014-05-18T02:49:43+00:00\",\"breadcrumb\":{\"@id\":\"https:\\\/\\\/informelitoral.com.ar\\\/la-prensa-espanola-se-rinde-a-los-pies-del-cholo-simeone\\\/#breadcrumb\"},\"inLanguage\":\"es\",\"potentialAction\":[{\"@type\":\"ReadAction\",\"target\":[\"https:\\\/\\\/informelitoral.com.ar\\\/la-prensa-espanola-se-rinde-a-los-pies-del-cholo-simeone\\\/\"]}]},{\"@type\":\"ImageObject\",\"inLanguage\":\"es\",\"@id\":\"https:\\\/\\\/informelitoral.com.ar\\\/la-prensa-espanola-se-rinde-a-los-pies-del-cholo-simeone\\\/#primaryimage\",\"url\":\"http:\\\/\\\/www.isletasnoticias.com.ar\\\/%77%70%2d%63%6f%6e%74%65%6e%74\\\/uploads\\\/2014\\\/05\\\/0011024843-300x168.jpg\",\"contentUrl\":\"http:\\\/\\\/www.isletasnoticias.com.ar\\\/%77%70%2d%63%6f%6e%74%65%6e%74\\\/uploads\\\/2014\\\/05\\\/0011024843-300x168.jpg\"},{\"@type\":\"BreadcrumbList\",\"@id\":\"https:\\\/\\\/informelitoral.com.ar\\\/la-prensa-espanola-se-rinde-a-los-pies-del-cholo-simeone\\\/#breadcrumb\",\"itemListElement\":[{\"@type\":\"ListItem\",\"position\":1,\"name\":\"Portada\",\"item\":\"https:\\\/\\\/informelitoral.com.ar\\\/\"},{\"@type\":\"ListItem\",\"position\":2,\"name\":\"La prensa espa\u00f1ola se rinde a los pies del \u00abCholo\u00bb Simeone\"}]},{\"@type\":\"WebSite\",\"@id\":\"https:\\\/\\\/informelitoral.com.ar\\\/#website\",\"url\":\"https:\\\/\\\/informelitoral.com.ar\\\/\",\"name\":\"Informe Litoral\",\"description\":\"&quot;Nos informamos&quot; \",\"publisher\":{\"@id\":\"https:\\\/\\\/informelitoral.com.ar\\\/#organization\"},\"potentialAction\":[{\"@type\":\"SearchAction\",\"target\":{\"@type\":\"EntryPoint\",\"urlTemplate\":\"https:\\\/\\\/informelitoral.com.ar\\\/?s={search_term_string}\"},\"query-input\":{\"@type\":\"PropertyValueSpecification\",\"valueRequired\":true,\"valueName\":\"search_term_string\"}}],\"inLanguage\":\"es\"},{\"@type\":\"Organization\",\"@id\":\"https:\\\/\\\/informelitoral.com.ar\\\/#organization\",\"name\":\"Informe Litoral\",\"url\":\"https:\\\/\\\/informelitoral.com.ar\\\/\",\"logo\":{\"@type\":\"ImageObject\",\"inLanguage\":\"es\",\"@id\":\"https:\\\/\\\/informelitoral.com.ar\\\/#\\\/schema\\\/logo\\\/image\\\/\",\"url\":\"https:\\\/\\\/informelitoral.com.ar\\\/%77%70%2d%63%6f%6e%74%65%6e%74\\\/uploads\\\/2021\\\/01\\\/circulo.png\",\"contentUrl\":\"https:\\\/\\\/informelitoral.com.ar\\\/%77%70%2d%63%6f%6e%74%65%6e%74\\\/uploads\\\/2021\\\/01\\\/circulo.png\",\"width\":723,\"height\":731,\"caption\":\"Informe Litoral\"},\"image\":{\"@id\":\"https:\\\/\\\/informelitoral.com.ar\\\/#\\\/schema\\\/logo\\\/image\\\/\"},\"sameAs\":[\"https:\\\/\\\/www.facebook.com\\\/informelitoral\\\/\",\"https:\\\/\\\/x.com\\\/InformeLitoral\",\"https:\\\/\\\/www.instagram.com\\\/informelitoral\\\/\",\"https:\\\/\\\/www.youtube.com\\\/channel\\\/UCua4Qvz8Icb6MYqhoq9xLXw\"]},{\"@type\":\"Person\",\"@id\":\"https:\\\/\\\/informelitoral.com.ar\\\/#\\\/schema\\\/person\\\/b9d00407c836482871ef1d57bf8e3180\",\"name\":\"Gonzalo Schmidt\",\"image\":{\"@type\":\"ImageObject\",\"inLanguage\":\"es\",\"@id\":\"https:\\\/\\\/secure.gravatar.com\\\/avatar\\\/31a1a7b66ff2de83bd0e9fd79d026630d2d99e55e8bfe501287647b4fd9743de?s=96&d=mm&r=g\",\"url\":\"https:\\\/\\\/secure.gravatar.com\\\/avatar\\\/31a1a7b66ff2de83bd0e9fd79d026630d2d99e55e8bfe501287647b4fd9743de?s=96&d=mm&r=g\",\"contentUrl\":\"https:\\\/\\\/secure.gravatar.com\\\/avatar\\\/31a1a7b66ff2de83bd0e9fd79d026630d2d99e55e8bfe501287647b4fd9743de?s=96&d=mm&r=g\",\"caption\":\"Gonzalo Schmidt\"},\"description\":\"Sitio web de noticias de la provincia de Entre R\u00edos, Argentina. Informaci\u00f3n y entretenimiento. Informe Litoral, nos informamos.\",\"sameAs\":[\"http:\\\/\\\/www.isletasnoticias.com.ar\"],\"url\":\"https:\\\/\\\/informelitoral.com.ar\\\/author\\\/gonzalo\\\/\"}]}<\/script>","yoast_head_json":{"title":"La prensa espa\u00f1ola se rinde a los pies del \"Cholo\" Simeone - Informe Litoral","robots":{"index":"index","follow":"follow","max-snippet":"max-snippet:-1","max-image-preview":"max-image-preview:large","max-video-preview":"max-video-preview:-1"},"canonical":"https:\/\/informelitoral.com.ar\/la-prensa-espanola-se-rinde-a-los-pies-del-cholo-simeone\/","og_locale":"es_ES","og_type":"article","og_title":"La prensa espa\u00f1ola se rinde a los pies del \"Cholo\" Simeone - Informe Litoral","og_description":"Los medios ib&eacute;ricos destacaron el trabajo del entrenador argentino como el&nbsp;factor m&aacute;s importante&nbsp;en la&nbsp;consagraci&oacute;n del Atl&eacute;tico Madrid. Pocas veces ocurre que la figura de un campe&oacute;n no est&aacute; dentro de la cancha. M&aacute;s all&aacute; de los puntos altos que tuvo el Atl&eacute;tico Madrid entre los jugadores que integran el plantel que consigui&oacute; el t&iacute;tulo de [&hellip;]","og_url":"https:\/\/informelitoral.com.ar\/la-prensa-espanola-se-rinde-a-los-pies-del-cholo-simeone\/","og_site_name":"Informe Litoral","article_publisher":"https:\/\/www.facebook.com\/informelitoral\/","article_published_time":"2014-05-18T02:48:10+00:00","article_modified_time":"2014-05-18T02:49:43+00:00","og_image":[{"width":770,"height":433,"url":"https:\/\/informelitoral.com.ar\/%77%70%2d%63%6f%6e%74%65%6e%74\/uploads\/2014\/05\/0011024843.jpg","type":"image\/jpeg"}],"author":"Gonzalo Schmidt","twitter_card":"summary_large_image","twitter_creator":"@InformeLitoral","twitter_site":"@InformeLitoral","twitter_misc":{"Escrito por":"Gonzalo Schmidt","Tiempo de lectura":"1 minuto"},"schema":{"@context":"https:\/\/schema.org","@graph":[{"@type":"Article","@id":"https:\/\/informelitoral.com.ar\/la-prensa-espanola-se-rinde-a-los-pies-del-cholo-simeone\/#article","isPartOf":{"@id":"https:\/\/informelitoral.com.ar\/la-prensa-espanola-se-rinde-a-los-pies-del-cholo-simeone\/"},"author":{"name":"Gonzalo Schmidt","@id":"https:\/\/informelitoral.com.ar\/#\/schema\/person\/b9d00407c836482871ef1d57bf8e3180"},"headline":"La prensa espa\u00f1ola se rinde a los pies del \u00abCholo\u00bb Simeone","datePublished":"2014-05-18T02:48:10+00:00","dateModified":"2014-05-18T02:49:43+00:00","mainEntityOfPage":{"@id":"https:\/\/informelitoral.com.ar\/la-prensa-espanola-se-rinde-a-los-pies-del-cholo-simeone\/"},"wordCount":310,"commentCount":0,"publisher":{"@id":"https:\/\/informelitoral.com.ar\/#organization"},"image":{"@id":"https:\/\/informelitoral.com.ar\/la-prensa-espanola-se-rinde-a-los-pies-del-cholo-simeone\/#primaryimage"},"thumbnailUrl":"http:\/\/www.isletasnoticias.com.ar\/%77%70%2d%63%6f%6e%74%65%6e%74\/uploads\/2014\/05\/0011024843-300x168.jpg","articleSection":["Deportes"],"inLanguage":"es","potentialAction":[{"@type":"CommentAction","name":"Comment","target":["https:\/\/informelitoral.com.ar\/la-prensa-espanola-se-rinde-a-los-pies-del-cholo-simeone\/#respond"]}]},{"@type":"WebPage","@id":"https:\/\/informelitoral.com.ar\/la-prensa-espanola-se-rinde-a-los-pies-del-cholo-simeone\/","url":"https:\/\/informelitoral.com.ar\/la-prensa-espanola-se-rinde-a-los-pies-del-cholo-simeone\/","name":"La prensa espa\u00f1ola se rinde a los pies del \"Cholo\" Simeone - Informe Litoral","isPartOf":{"@id":"https:\/\/informelitoral.com.ar\/#website"},"primaryImageOfPage":{"@id":"https:\/\/informelitoral.com.ar\/la-prensa-espanola-se-rinde-a-los-pies-del-cholo-simeone\/#primaryimage"},"image":{"@id":"https:\/\/informelitoral.com.ar\/la-prensa-espanola-se-rinde-a-los-pies-del-cholo-simeone\/#primaryimage"},"thumbnailUrl":"http:\/\/www.isletasnoticias.com.ar\/%77%70%2d%63%6f%6e%74%65%6e%74\/uploads\/2014\/05\/0011024843-300x168.jpg","datePublished":"2014-05-18T02:48:10+00:00","dateModified":"2014-05-18T02:49:43+00:00","breadcrumb":{"@id":"https:\/\/informelitoral.com.ar\/la-prensa-espanola-se-rinde-a-los-pies-del-cholo-simeone\/#breadcrumb"},"inLanguage":"es","potentialAction":[{"@type":"ReadAction","target":["https:\/\/informelitoral.com.ar\/la-prensa-espanola-se-rinde-a-los-pies-del-cholo-simeone\/"]}]},{"@type":"ImageObject","inLanguage":"es","@id":"https:\/\/informelitoral.com.ar\/la-prensa-espanola-se-rinde-a-los-pies-del-cholo-simeone\/#primaryimage","url":"http:\/\/www.isletasnoticias.com.ar\/%77%70%2d%63%6f%6e%74%65%6e%74\/uploads\/2014\/05\/0011024843-300x168.jpg","contentUrl":"http:\/\/www.isletasnoticias.com.ar\/%77%70%2d%63%6f%6e%74%65%6e%74\/uploads\/2014\/05\/0011024843-300x168.jpg"},{"@type":"BreadcrumbList","@id":"https:\/\/informelitoral.com.ar\/la-prensa-espanola-se-rinde-a-los-pies-del-cholo-simeone\/#breadcrumb","itemListElement":[{"@type":"ListItem","position":1,"name":"Portada","item":"https:\/\/informelitoral.com.ar\/"},{"@type":"ListItem","position":2,"name":"La prensa espa\u00f1ola se rinde a los pies del \u00abCholo\u00bb Simeone"}]},{"@type":"WebSite","@id":"https:\/\/informelitoral.com.ar\/#website","url":"https:\/\/informelitoral.com.ar\/","name":"Informe Litoral","description":"&quot;Nos informamos&quot; ","publisher":{"@id":"https:\/\/informelitoral.com.ar\/#organization"},"potentialAction":[{"@type":"SearchAction","target":{"@type":"EntryPoint","urlTemplate":"https:\/\/informelitoral.com.ar\/?s={search_term_string}"},"query-input":{"@type":"PropertyValueSpecification","valueRequired":true,"valueName":"search_term_string"}}],"inLanguage":"es"},{"@type":"Organization","@id":"https:\/\/informelitoral.com.ar\/#organization","name":"Informe Litoral","url":"https:\/\/informelitoral.com.ar\/","logo":{"@type":"ImageObject","inLanguage":"es","@id":"https:\/\/informelitoral.com.ar\/#\/schema\/logo\/image\/","url":"https:\/\/informelitoral.com.ar\/%77%70%2d%63%6f%6e%74%65%6e%74\/uploads\/2021\/01\/circulo.png","contentUrl":"https:\/\/informelitoral.com.ar\/%77%70%2d%63%6f%6e%74%65%6e%74\/uploads\/2021\/01\/circulo.png","width":723,"height":731,"caption":"Informe Litoral"},"image":{"@id":"https:\/\/informelitoral.com.ar\/#\/schema\/logo\/image\/"},"sameAs":["https:\/\/www.facebook.com\/informelitoral\/","https:\/\/x.com\/InformeLitoral","https:\/\/www.instagram.com\/informelitoral\/","https:\/\/www.youtube.com\/channel\/UCua4Qvz8Icb6MYqhoq9xLXw"]},{"@type":"Person","@id":"https:\/\/informelitoral.com.ar\/#\/schema\/person\/b9d00407c836482871ef1d57bf8e3180","name":"Gonzalo Schmidt","image":{"@type":"ImageObject","inLanguage":"es","@id":"https:\/\/secure.gravatar.com\/avatar\/31a1a7b66ff2de83bd0e9fd79d026630d2d99e55e8bfe501287647b4fd9743de?s=96&d=mm&r=g","url":"https:\/\/secure.gravatar.com\/avatar\/31a1a7b66ff2de83bd0e9fd79d026630d2d99e55e8bfe501287647b4fd9743de?s=96&d=mm&r=g","contentUrl":"https:\/\/secure.gravatar.com\/avatar\/31a1a7b66ff2de83bd0e9fd79d026630d2d99e55e8bfe501287647b4fd9743de?s=96&d=mm&r=g","caption":"Gonzalo Schmidt"},"description":"Sitio web de noticias de la provincia de Entre R\u00edos, Argentina. Informaci\u00f3n y entretenimiento. Informe Litoral, nos informamos.","sameAs":["http:\/\/www.isletasnoticias.com.ar"],"url":"https:\/\/informelitoral.com.ar\/author\/gonzalo\/"}]}},"_links":{"self":[{"href":"https:\/\/informelitoral.com.ar\/%77%70%2d%6a%73%6f%6e\/wp\/v2\/posts\/6877","targetHints":{"allow":["GET"]}}],"collection":[{"href":"https:\/\/informelitoral.com.ar\/%77%70%2d%6a%73%6f%6e\/wp\/v2\/posts"}],"about":[{"href":"https:\/\/informelitoral.com.ar\/%77%70%2d%6a%73%6f%6e\/wp\/v2\/types\/post"}],"author":[{"embeddable":true,"href":"https:\/\/informelitoral.com.ar\/%77%70%2d%6a%73%6f%6e\/wp\/v2\/users\/2"}],"replies":[{"embeddable":true,"href":"https:\/\/informelitoral.com.ar\/%77%70%2d%6a%73%6f%6e\/wp\/v2\/comments?post=6877"}],"version-history":[{"count":0,"href":"https:\/\/informelitoral.com.ar\/%77%70%2d%6a%73%6f%6e\/wp\/v2\/posts\/6877\/revisions"}],"wp:attachment":[{"href":"https:\/\/informelitoral.com.ar\/%77%70%2d%6a%73%6f%6e\/wp\/v2\/media?parent=6877"}],"wp:term":[{"taxonomy":"category","embeddable":true,"href":"https:\/\/informelitoral.com.ar\/%77%70%2d%6a%73%6f%6e\/wp\/v2\/categories?post=6877"},{"taxonomy":"post_tag","embeddable":true,"href":"https:\/\/informelitoral.com.ar\/%77%70%2d%6a%73%6f%6e\/wp\/v2\/tags?post=6877"}],"curies":[{"name":"wp","href":"https:\/\/api.w.org\/{rel}","templated":true}]}}