{"id":68748,"date":"2021-12-11T16:29:44","date_gmt":"2021-12-11T19:29:44","guid":{"rendered":"https:\/\/www.informelitoral.com.ar\/?p=68748"},"modified":"2021-12-11T18:33:06","modified_gmt":"2021-12-11T21:33:06","slug":"cuatro-comisiones-del-senado-se-reuniran-el-martes","status":"publish","type":"post","link":"https:\/\/informelitoral.com.ar\/cuatro-comisiones-del-senado-se-reuniran-el-martes\/","title":{"rendered":"Cuatro comisiones del Senado se reunir\u00e1n el martes"},"content":{"rendered":"<p>En primer lugar lo har\u00e1 <strong><em>Legislaci\u00f3n General<\/em><\/strong>, la comisi\u00f3n que preside la senadora <strong>Claudia Gieco,<\/strong> que se convocar\u00e1 desde las 8.30 para tratar tres temas: el proyecto de ley registrado bajo expediente N\u00b0 22.709, denominado <strong><em>\u201cDe protecci\u00f3n integral animal\u201d<\/em> <\/strong>y que tiene objeto \u201cproteger a los animales dom\u00e9sticos o domesticados\u201d. Otro de los temas es el que establece el <strong><em>R\u00e9gimen de Fiscalizaci\u00f3n y Registro de las Personas Jur\u00eddicas de la Provincia de Entre R\u00edos<\/em><\/strong>, que deroga el r\u00e9gimen establecido por la ley N\u00ba6963, expediente N\u00b0 14.168 y en tercer lugar el expediente N\u00ba 13.699 por el cual se establece en el territorio de la provincia la <strong><em>obligatoriedad del cobro por parte de los establecimientos asistenciales dependientes del Ministerio de Salud de Entre R\u00edos &#8211; Efectores &#8211; de los servicios brindados a beneficiarios de otros subsistemas de salud,<\/em><\/strong> tales como obras sociales, mutuales, empresas de medicina prepagas, seguros de accidentes, Administradoras de Riesgos de Trabajo u otras similares &#8211; Entidades &#8211; dentro del l\u00edmite de su cobertura y de la normativa vigente.<\/p>\n<h3><strong>Salud P\u00fablica, Medio Ambiente Humano y Drogadicci\u00f3n<\/strong><\/h3>\n<p>A las 10 ser\u00e1 el turno de <em><strong>Salud P\u00fablica, Medio Ambiente Humano y Drogadicci\u00f3n.<\/strong><\/em> El cuerpo que titulariza la senadora <strong>Nancy Miranda<\/strong> tiene previsto tratar la iniciativa que establece<strong><em> fomentar la forestaci\u00f3n de la zona de camino de las rutas provinciales<\/em><\/strong> en sus m\u00e1rgenes y adyacencias de manera de promover el impacto positivo de la vegetaci\u00f3n nativa como elemento de adaptaci\u00f3n y mitigaci\u00f3n de los efectos del cambio clim\u00e1tico (Expediente N\u00b0 24.501).<\/p>\n<p>Conforma el temario de esta comisi\u00f3n tambi\u00e9n el expediente N\u00b0 24.309 por el que se fomenta la<strong><em> capacitaci\u00f3n y concientizaci\u00f3n en materia de ambiente y desarrollo sostenible para personas que integren los tres poderes del estado provincial.<\/em><\/strong><br \/>\nPara abordar estas tem\u00e1ticas estar\u00e1n invitados a la comisi\u00f3n <strong>Mar\u00eda Daniela Garc\u00eda,<\/strong> secretaria de Ambiente de la provincia, y el director de \u00c1reas Naturales Protegidas, <strong>Alfredo Berduc.<\/strong><\/p>\n<h3><strong>Presupuesto y Hacienda<\/strong><\/h3>\n<p>A las 11 har\u00e1 lo propio la comisi\u00f3n de<em><strong> Presupuesto y Hacienda<\/strong> <\/em>que encabeza el senador <strong>Am\u00edlcar Genre Bert<\/strong>, con el tratamiento del proyecto de P<em><strong>resupuesto General de la Administraci\u00f3n<\/strong><\/em> para el ejercicio 2022 como \u00fanico tema en agenda.<\/p>\n<h3><strong>Asuntos Constitucionales y Acuerdos<\/strong><\/h3>\n<p>En tanto a las 12 se convocar\u00e1 la comisi\u00f3n que preside el senador<strong> Horacio Amavet<\/strong> para avanzar con el tratamiento del expediente N\u00b0 14.125 por el que se modifica el art\u00edculo 45\u00ba del Reglamento de la C\u00e1mara de Senadores -de las Comisiones permanentes-y se incorpora el art\u00edculo 52 bis -por el que se crea la <strong><em>Comisi\u00f3n de Ambiente y Desarrollo Sustentable.<\/em><\/strong><\/p>\n","protected":false},"excerpt":{"rendered":"<p>Legislaci\u00f3n General; Salud P\u00fablica, Medio Ambiente Humano y Drogadicci\u00f3n, Presupuesto y Hacienda; y Asuntos Constitucionales y Acuerdos continuar\u00e1n el martes el trabajo en comisiones.<\/p>\n","protected":false},"author":2,"featured_media":68749,"comment_status":"open","ping_status":"open","sticky":false,"template":"","format":"standard","meta":{"fifu_image_url":"","fifu_image_alt":"","footnotes":""},"categories":[16],"tags":[847,287,464],"class_list":{"0":"post-68748","1":"post","2":"type-post","3":"status-publish","4":"format-standard","5":"has-post-thumbnail","7":"category-politi","8":"tag-legisladores","9":"tag-legislativas","10":"tag-senado"},"yoast_head":"<title>Cuatro comisiones del Senado se reunir\u00e1n el martes - Informe Litoral<\/title>\n<meta name=\"robots\" content=\"index, follow, max-snippet:-1, max-image-preview:large, max-video-preview:-1\" \/>\n<link rel=\"canonical\" href=\"https:\/\/informelitoral.com.ar\/cuatro-comisiones-del-senado-se-reuniran-el-martes\/\" \/>\n<meta property=\"og:locale\" content=\"es_ES\" \/>\n<meta property=\"og:type\" content=\"article\" \/>\n<meta property=\"og:title\" content=\"Cuatro comisiones del Senado se reunir\u00e1n el martes - Informe Litoral\" \/>\n<meta property=\"og:description\" content=\"Legislaci\u00f3n General; Salud P\u00fablica, Medio Ambiente Humano y Drogadicci\u00f3n, Presupuesto y Hacienda; y Asuntos Constitucionales y Acuerdos continuar\u00e1n el martes el trabajo en comisiones.\" \/>\n<meta property=\"og:url\" content=\"https:\/\/informelitoral.com.ar\/cuatro-comisiones-del-senado-se-reuniran-el-martes\/\" \/>\n<meta property=\"og:site_name\" content=\"Informe Litoral\" \/>\n<meta property=\"article:publisher\" content=\"https:\/\/www.facebook.com\/informelitoral\/\" \/>\n<meta property=\"article:published_time\" content=\"2021-12-11T19:29:44+00:00\" \/>\n<meta property=\"article:modified_time\" content=\"2021-12-11T21:33:06+00:00\" \/>\n<meta property=\"og:image\" content=\"https:\/\/informelitoral.com.ar\/%77%70%2d%63%6f%6e%74%65%6e%74\/uploads\/2021\/12\/461ea1ad-b908-491b-bdcd-8580bd5d15a8.jpg\" \/>\n\t<meta property=\"og:image:width\" content=\"1280\" \/>\n\t<meta property=\"og:image:height\" content=\"853\" \/>\n\t<meta property=\"og:image:type\" content=\"image\/jpeg\" \/>\n<meta name=\"author\" content=\"Gonzalo Schmidt\" \/>\n<meta name=\"twitter:card\" content=\"summary_large_image\" \/>\n<meta name=\"twitter:creator\" content=\"@InformeLitoral\" \/>\n<meta name=\"twitter:site\" content=\"@InformeLitoral\" \/>\n<meta name=\"twitter:label1\" content=\"Escrito por\" \/>\n\t<meta name=\"twitter:data1\" content=\"Gonzalo Schmidt\" \/>\n\t<meta name=\"twitter:label2\" content=\"Tiempo de lectura\" \/>\n\t<meta name=\"twitter:data2\" content=\"2 minutos\" \/>\n<script type=\"application\/ld+json\" class=\"yoast-schema-graph\">{\"@context\":\"https:\\\/\\\/schema.org\",\"@graph\":[{\"@type\":\"Article\",\"@id\":\"https:\\\/\\\/informelitoral.com.ar\\\/cuatro-comisiones-del-senado-se-reuniran-el-martes\\\/#article\",\"isPartOf\":{\"@id\":\"https:\\\/\\\/informelitoral.com.ar\\\/cuatro-comisiones-del-senado-se-reuniran-el-martes\\\/\"},\"author\":{\"name\":\"Gonzalo Schmidt\",\"@id\":\"https:\\\/\\\/informelitoral.com.ar\\\/#\\\/schema\\\/person\\\/b9d00407c836482871ef1d57bf8e3180\"},\"headline\":\"Cuatro comisiones del Senado se reunir\u00e1n el martes\",\"datePublished\":\"2021-12-11T19:29:44+00:00\",\"dateModified\":\"2021-12-11T21:33:06+00:00\",\"mainEntityOfPage\":{\"@id\":\"https:\\\/\\\/informelitoral.com.ar\\\/cuatro-comisiones-del-senado-se-reuniran-el-martes\\\/\"},\"wordCount\":456,\"commentCount\":0,\"publisher\":{\"@id\":\"https:\\\/\\\/informelitoral.com.ar\\\/#organization\"},\"image\":{\"@id\":\"https:\\\/\\\/informelitoral.com.ar\\\/cuatro-comisiones-del-senado-se-reuniran-el-martes\\\/#primaryimage\"},\"thumbnailUrl\":\"https:\\\/\\\/informelitoral.com.ar\\\/%77%70%2d%63%6f%6e%74%65%6e%74\\\/uploads\\\/2021\\\/12\\\/461ea1ad-b908-491b-bdcd-8580bd5d15a8.jpg\",\"keywords\":[\"Legisladores\",\"Legislativas\",\"Senado\"],\"articleSection\":[\"Politica\"],\"inLanguage\":\"es\",\"potentialAction\":[{\"@type\":\"CommentAction\",\"name\":\"Comment\",\"target\":[\"https:\\\/\\\/informelitoral.com.ar\\\/cuatro-comisiones-del-senado-se-reuniran-el-martes\\\/#respond\"]}]},{\"@type\":\"WebPage\",\"@id\":\"https:\\\/\\\/informelitoral.com.ar\\\/cuatro-comisiones-del-senado-se-reuniran-el-martes\\\/\",\"url\":\"https:\\\/\\\/informelitoral.com.ar\\\/cuatro-comisiones-del-senado-se-reuniran-el-martes\\\/\",\"name\":\"Cuatro comisiones del Senado se reunir\u00e1n el martes - Informe Litoral\",\"isPartOf\":{\"@id\":\"https:\\\/\\\/informelitoral.com.ar\\\/#website\"},\"primaryImageOfPage\":{\"@id\":\"https:\\\/\\\/informelitoral.com.ar\\\/cuatro-comisiones-del-senado-se-reuniran-el-martes\\\/#primaryimage\"},\"image\":{\"@id\":\"https:\\\/\\\/informelitoral.com.ar\\\/cuatro-comisiones-del-senado-se-reuniran-el-martes\\\/#primaryimage\"},\"thumbnailUrl\":\"https:\\\/\\\/informelitoral.com.ar\\\/%77%70%2d%63%6f%6e%74%65%6e%74\\\/uploads\\\/2021\\\/12\\\/461ea1ad-b908-491b-bdcd-8580bd5d15a8.jpg\",\"datePublished\":\"2021-12-11T19:29:44+00:00\",\"dateModified\":\"2021-12-11T21:33:06+00:00\",\"breadcrumb\":{\"@id\":\"https:\\\/\\\/informelitoral.com.ar\\\/cuatro-comisiones-del-senado-se-reuniran-el-martes\\\/#breadcrumb\"},\"inLanguage\":\"es\",\"potentialAction\":[{\"@type\":\"ReadAction\",\"target\":[\"https:\\\/\\\/informelitoral.com.ar\\\/cuatro-comisiones-del-senado-se-reuniran-el-martes\\\/\"]}]},{\"@type\":\"ImageObject\",\"inLanguage\":\"es\",\"@id\":\"https:\\\/\\\/informelitoral.com.ar\\\/cuatro-comisiones-del-senado-se-reuniran-el-martes\\\/#primaryimage\",\"url\":\"https:\\\/\\\/informelitoral.com.ar\\\/%77%70%2d%63%6f%6e%74%65%6e%74\\\/uploads\\\/2021\\\/12\\\/461ea1ad-b908-491b-bdcd-8580bd5d15a8.jpg\",\"contentUrl\":\"https:\\\/\\\/informelitoral.com.ar\\\/%77%70%2d%63%6f%6e%74%65%6e%74\\\/uploads\\\/2021\\\/12\\\/461ea1ad-b908-491b-bdcd-8580bd5d15a8.jpg\",\"width\":1280,\"height\":853},{\"@type\":\"BreadcrumbList\",\"@id\":\"https:\\\/\\\/informelitoral.com.ar\\\/cuatro-comisiones-del-senado-se-reuniran-el-martes\\\/#breadcrumb\",\"itemListElement\":[{\"@type\":\"ListItem\",\"position\":1,\"name\":\"Portada\",\"item\":\"https:\\\/\\\/informelitoral.com.ar\\\/\"},{\"@type\":\"ListItem\",\"position\":2,\"name\":\"Cuatro comisiones del Senado se reunir\u00e1n el martes\"}]},{\"@type\":\"WebSite\",\"@id\":\"https:\\\/\\\/informelitoral.com.ar\\\/#website\",\"url\":\"https:\\\/\\\/informelitoral.com.ar\\\/\",\"name\":\"Informe Litoral\",\"description\":\"&quot;Nos informamos&quot; \",\"publisher\":{\"@id\":\"https:\\\/\\\/informelitoral.com.ar\\\/#organization\"},\"potentialAction\":[{\"@type\":\"SearchAction\",\"target\":{\"@type\":\"EntryPoint\",\"urlTemplate\":\"https:\\\/\\\/informelitoral.com.ar\\\/?s={search_term_string}\"},\"query-input\":{\"@type\":\"PropertyValueSpecification\",\"valueRequired\":true,\"valueName\":\"search_term_string\"}}],\"inLanguage\":\"es\"},{\"@type\":\"Organization\",\"@id\":\"https:\\\/\\\/informelitoral.com.ar\\\/#organization\",\"name\":\"Informe Litoral\",\"url\":\"https:\\\/\\\/informelitoral.com.ar\\\/\",\"logo\":{\"@type\":\"ImageObject\",\"inLanguage\":\"es\",\"@id\":\"https:\\\/\\\/informelitoral.com.ar\\\/#\\\/schema\\\/logo\\\/image\\\/\",\"url\":\"https:\\\/\\\/informelitoral.com.ar\\\/%77%70%2d%63%6f%6e%74%65%6e%74\\\/uploads\\\/2021\\\/01\\\/circulo.png\",\"contentUrl\":\"https:\\\/\\\/informelitoral.com.ar\\\/%77%70%2d%63%6f%6e%74%65%6e%74\\\/uploads\\\/2021\\\/01\\\/circulo.png\",\"width\":723,\"height\":731,\"caption\":\"Informe Litoral\"},\"image\":{\"@id\":\"https:\\\/\\\/informelitoral.com.ar\\\/#\\\/schema\\\/logo\\\/image\\\/\"},\"sameAs\":[\"https:\\\/\\\/www.facebook.com\\\/informelitoral\\\/\",\"https:\\\/\\\/x.com\\\/InformeLitoral\",\"https:\\\/\\\/www.instagram.com\\\/informelitoral\\\/\",\"https:\\\/\\\/www.youtube.com\\\/channel\\\/UCua4Qvz8Icb6MYqhoq9xLXw\"]},{\"@type\":\"Person\",\"@id\":\"https:\\\/\\\/informelitoral.com.ar\\\/#\\\/schema\\\/person\\\/b9d00407c836482871ef1d57bf8e3180\",\"name\":\"Gonzalo Schmidt\",\"image\":{\"@type\":\"ImageObject\",\"inLanguage\":\"es\",\"@id\":\"https:\\\/\\\/secure.gravatar.com\\\/avatar\\\/31a1a7b66ff2de83bd0e9fd79d026630d2d99e55e8bfe501287647b4fd9743de?s=96&d=mm&r=g\",\"url\":\"https:\\\/\\\/secure.gravatar.com\\\/avatar\\\/31a1a7b66ff2de83bd0e9fd79d026630d2d99e55e8bfe501287647b4fd9743de?s=96&d=mm&r=g\",\"contentUrl\":\"https:\\\/\\\/secure.gravatar.com\\\/avatar\\\/31a1a7b66ff2de83bd0e9fd79d026630d2d99e55e8bfe501287647b4fd9743de?s=96&d=mm&r=g\",\"caption\":\"Gonzalo Schmidt\"},\"description\":\"Sitio web de noticias de la provincia de Entre R\u00edos, Argentina. Informaci\u00f3n y entretenimiento. Informe Litoral, nos informamos.\",\"sameAs\":[\"http:\\\/\\\/www.isletasnoticias.com.ar\"],\"url\":\"https:\\\/\\\/informelitoral.com.ar\\\/author\\\/gonzalo\\\/\"}]}<\/script>","yoast_head_json":{"title":"Cuatro comisiones del Senado se reunir\u00e1n el martes - Informe Litoral","robots":{"index":"index","follow":"follow","max-snippet":"max-snippet:-1","max-image-preview":"max-image-preview:large","max-video-preview":"max-video-preview:-1"},"canonical":"https:\/\/informelitoral.com.ar\/cuatro-comisiones-del-senado-se-reuniran-el-martes\/","og_locale":"es_ES","og_type":"article","og_title":"Cuatro comisiones del Senado se reunir\u00e1n el martes - Informe Litoral","og_description":"Legislaci\u00f3n General; Salud P\u00fablica, Medio Ambiente Humano y Drogadicci\u00f3n, Presupuesto y Hacienda; y Asuntos Constitucionales y Acuerdos continuar\u00e1n el martes el trabajo en comisiones.","og_url":"https:\/\/informelitoral.com.ar\/cuatro-comisiones-del-senado-se-reuniran-el-martes\/","og_site_name":"Informe Litoral","article_publisher":"https:\/\/www.facebook.com\/informelitoral\/","article_published_time":"2021-12-11T19:29:44+00:00","article_modified_time":"2021-12-11T21:33:06+00:00","og_image":[{"width":1280,"height":853,"url":"https:\/\/informelitoral.com.ar\/%77%70%2d%63%6f%6e%74%65%6e%74\/uploads\/2021\/12\/461ea1ad-b908-491b-bdcd-8580bd5d15a8.jpg","type":"image\/jpeg"}],"author":"Gonzalo Schmidt","twitter_card":"summary_large_image","twitter_creator":"@InformeLitoral","twitter_site":"@InformeLitoral","twitter_misc":{"Escrito por":"Gonzalo Schmidt","Tiempo de lectura":"2 minutos"},"schema":{"@context":"https:\/\/schema.org","@graph":[{"@type":"Article","@id":"https:\/\/informelitoral.com.ar\/cuatro-comisiones-del-senado-se-reuniran-el-martes\/#article","isPartOf":{"@id":"https:\/\/informelitoral.com.ar\/cuatro-comisiones-del-senado-se-reuniran-el-martes\/"},"author":{"name":"Gonzalo Schmidt","@id":"https:\/\/informelitoral.com.ar\/#\/schema\/person\/b9d00407c836482871ef1d57bf8e3180"},"headline":"Cuatro comisiones del Senado se reunir\u00e1n el martes","datePublished":"2021-12-11T19:29:44+00:00","dateModified":"2021-12-11T21:33:06+00:00","mainEntityOfPage":{"@id":"https:\/\/informelitoral.com.ar\/cuatro-comisiones-del-senado-se-reuniran-el-martes\/"},"wordCount":456,"commentCount":0,"publisher":{"@id":"https:\/\/informelitoral.com.ar\/#organization"},"image":{"@id":"https:\/\/informelitoral.com.ar\/cuatro-comisiones-del-senado-se-reuniran-el-martes\/#primaryimage"},"thumbnailUrl":"https:\/\/informelitoral.com.ar\/%77%70%2d%63%6f%6e%74%65%6e%74\/uploads\/2021\/12\/461ea1ad-b908-491b-bdcd-8580bd5d15a8.jpg","keywords":["Legisladores","Legislativas","Senado"],"articleSection":["Politica"],"inLanguage":"es","potentialAction":[{"@type":"CommentAction","name":"Comment","target":["https:\/\/informelitoral.com.ar\/cuatro-comisiones-del-senado-se-reuniran-el-martes\/#respond"]}]},{"@type":"WebPage","@id":"https:\/\/informelitoral.com.ar\/cuatro-comisiones-del-senado-se-reuniran-el-martes\/","url":"https:\/\/informelitoral.com.ar\/cuatro-comisiones-del-senado-se-reuniran-el-martes\/","name":"Cuatro comisiones del Senado se reunir\u00e1n el martes - Informe Litoral","isPartOf":{"@id":"https:\/\/informelitoral.com.ar\/#website"},"primaryImageOfPage":{"@id":"https:\/\/informelitoral.com.ar\/cuatro-comisiones-del-senado-se-reuniran-el-martes\/#primaryimage"},"image":{"@id":"https:\/\/informelitoral.com.ar\/cuatro-comisiones-del-senado-se-reuniran-el-martes\/#primaryimage"},"thumbnailUrl":"https:\/\/informelitoral.com.ar\/%77%70%2d%63%6f%6e%74%65%6e%74\/uploads\/2021\/12\/461ea1ad-b908-491b-bdcd-8580bd5d15a8.jpg","datePublished":"2021-12-11T19:29:44+00:00","dateModified":"2021-12-11T21:33:06+00:00","breadcrumb":{"@id":"https:\/\/informelitoral.com.ar\/cuatro-comisiones-del-senado-se-reuniran-el-martes\/#breadcrumb"},"inLanguage":"es","potentialAction":[{"@type":"ReadAction","target":["https:\/\/informelitoral.com.ar\/cuatro-comisiones-del-senado-se-reuniran-el-martes\/"]}]},{"@type":"ImageObject","inLanguage":"es","@id":"https:\/\/informelitoral.com.ar\/cuatro-comisiones-del-senado-se-reuniran-el-martes\/#primaryimage","url":"https:\/\/informelitoral.com.ar\/%77%70%2d%63%6f%6e%74%65%6e%74\/uploads\/2021\/12\/461ea1ad-b908-491b-bdcd-8580bd5d15a8.jpg","contentUrl":"https:\/\/informelitoral.com.ar\/%77%70%2d%63%6f%6e%74%65%6e%74\/uploads\/2021\/12\/461ea1ad-b908-491b-bdcd-8580bd5d15a8.jpg","width":1280,"height":853},{"@type":"BreadcrumbList","@id":"https:\/\/informelitoral.com.ar\/cuatro-comisiones-del-senado-se-reuniran-el-martes\/#breadcrumb","itemListElement":[{"@type":"ListItem","position":1,"name":"Portada","item":"https:\/\/informelitoral.com.ar\/"},{"@type":"ListItem","position":2,"name":"Cuatro comisiones del Senado se reunir\u00e1n el martes"}]},{"@type":"WebSite","@id":"https:\/\/informelitoral.com.ar\/#website","url":"https:\/\/informelitoral.com.ar\/","name":"Informe Litoral","description":"&quot;Nos informamos&quot; ","publisher":{"@id":"https:\/\/informelitoral.com.ar\/#organization"},"potentialAction":[{"@type":"SearchAction","target":{"@type":"EntryPoint","urlTemplate":"https:\/\/informelitoral.com.ar\/?s={search_term_string}"},"query-input":{"@type":"PropertyValueSpecification","valueRequired":true,"valueName":"search_term_string"}}],"inLanguage":"es"},{"@type":"Organization","@id":"https:\/\/informelitoral.com.ar\/#organization","name":"Informe Litoral","url":"https:\/\/informelitoral.com.ar\/","logo":{"@type":"ImageObject","inLanguage":"es","@id":"https:\/\/informelitoral.com.ar\/#\/schema\/logo\/image\/","url":"https:\/\/informelitoral.com.ar\/%77%70%2d%63%6f%6e%74%65%6e%74\/uploads\/2021\/01\/circulo.png","contentUrl":"https:\/\/informelitoral.com.ar\/%77%70%2d%63%6f%6e%74%65%6e%74\/uploads\/2021\/01\/circulo.png","width":723,"height":731,"caption":"Informe Litoral"},"image":{"@id":"https:\/\/informelitoral.com.ar\/#\/schema\/logo\/image\/"},"sameAs":["https:\/\/www.facebook.com\/informelitoral\/","https:\/\/x.com\/InformeLitoral","https:\/\/www.instagram.com\/informelitoral\/","https:\/\/www.youtube.com\/channel\/UCua4Qvz8Icb6MYqhoq9xLXw"]},{"@type":"Person","@id":"https:\/\/informelitoral.com.ar\/#\/schema\/person\/b9d00407c836482871ef1d57bf8e3180","name":"Gonzalo Schmidt","image":{"@type":"ImageObject","inLanguage":"es","@id":"https:\/\/secure.gravatar.com\/avatar\/31a1a7b66ff2de83bd0e9fd79d026630d2d99e55e8bfe501287647b4fd9743de?s=96&d=mm&r=g","url":"https:\/\/secure.gravatar.com\/avatar\/31a1a7b66ff2de83bd0e9fd79d026630d2d99e55e8bfe501287647b4fd9743de?s=96&d=mm&r=g","contentUrl":"https:\/\/secure.gravatar.com\/avatar\/31a1a7b66ff2de83bd0e9fd79d026630d2d99e55e8bfe501287647b4fd9743de?s=96&d=mm&r=g","caption":"Gonzalo Schmidt"},"description":"Sitio web de noticias de la provincia de Entre R\u00edos, Argentina. Informaci\u00f3n y entretenimiento. Informe Litoral, nos informamos.","sameAs":["http:\/\/www.isletasnoticias.com.ar"],"url":"https:\/\/informelitoral.com.ar\/author\/gonzalo\/"}]}},"_links":{"self":[{"href":"https:\/\/informelitoral.com.ar\/%77%70%2d%6a%73%6f%6e\/wp\/v2\/posts\/68748","targetHints":{"allow":["GET"]}}],"collection":[{"href":"https:\/\/informelitoral.com.ar\/%77%70%2d%6a%73%6f%6e\/wp\/v2\/posts"}],"about":[{"href":"https:\/\/informelitoral.com.ar\/%77%70%2d%6a%73%6f%6e\/wp\/v2\/types\/post"}],"author":[{"embeddable":true,"href":"https:\/\/informelitoral.com.ar\/%77%70%2d%6a%73%6f%6e\/wp\/v2\/users\/2"}],"replies":[{"embeddable":true,"href":"https:\/\/informelitoral.com.ar\/%77%70%2d%6a%73%6f%6e\/wp\/v2\/comments?post=68748"}],"version-history":[{"count":0,"href":"https:\/\/informelitoral.com.ar\/%77%70%2d%6a%73%6f%6e\/wp\/v2\/posts\/68748\/revisions"}],"wp:featuredmedia":[{"embeddable":true,"href":"https:\/\/informelitoral.com.ar\/%77%70%2d%6a%73%6f%6e\/wp\/v2\/media\/68749"}],"wp:attachment":[{"href":"https:\/\/informelitoral.com.ar\/%77%70%2d%6a%73%6f%6e\/wp\/v2\/media?parent=68748"}],"wp:term":[{"taxonomy":"category","embeddable":true,"href":"https:\/\/informelitoral.com.ar\/%77%70%2d%6a%73%6f%6e\/wp\/v2\/categories?post=68748"},{"taxonomy":"post_tag","embeddable":true,"href":"https:\/\/informelitoral.com.ar\/%77%70%2d%6a%73%6f%6e\/wp\/v2\/tags?post=68748"}],"curies":[{"name":"wp","href":"https:\/\/api.w.org\/{rel}","templated":true}]}}