{"id":6874,"date":"2014-05-17T23:39:08","date_gmt":"2014-05-18T02:39:08","guid":{"rendered":"http:\/\/www.isletasnoticias.com.ar\/?p=6874"},"modified":"2014-05-17T23:39:08","modified_gmt":"2014-05-18T02:39:08","slug":"parana-asamblea-permanente-por-la-dramatica-situacion-en-el-san-roque","status":"publish","type":"post","link":"https:\/\/informelitoral.com.ar\/parana-asamblea-permanente-por-la-dramatica-situacion-en-el-san-roque\/","title":{"rendered":"Paran\u00e1: asamblea permanente por la dram\u00e1tica situaci\u00f3n en el San Roque"},"content":{"rendered":"<p style=\"text-align: left;\"><strong>S\u00f3lo se atienden guardias m\u00ednimas y las cirug\u00edas programadas no se har\u00e1n. \u201cLo lamentamos por la gente pero la \u00fanica manera de hacernos o\u00edr es parando el hospital\u201d dijo la dirigente de UPCN, <em>Jorgelina Berta<\/em>. Silencio de la autoridades.<a href=\"http:\/\/www.isletasnoticias.com.ar\/%77%70%2d%63%6f%6e%74%65%6e%74\/uploads\/2014\/05\/o_1347976046.jpg\"><img loading=\"lazy\" decoding=\"async\" class=\"aligncenter  wp-image-6875\" alt=\"o_1347976046\" src=\"http:\/\/www.isletasnoticias.com.ar\/%77%70%2d%63%6f%6e%74%65%6e%74\/uploads\/2014\/05\/o_1347976046-300x168.jpg\" width=\"500\" height=\"300\" \/><\/a><\/strong><\/p>\n<p>Trabajadores del hospital de materno infantil San Roque de Paran\u00e1 realizaron una asamblea con representaci\u00f3n de todos los servicios en la que determinaron iniciar una nueva medida de fuerza. Se mantienen bajo el estado de asamblea permanente y s\u00f3lo se atienden las guardias m\u00ednimas, las cirug\u00edas programadas no se har\u00e1n y la atenci\u00f3n en consultorio quedar\u00e1 a criterio del profesional m\u00e9dico si lo quiere realizar o no, consign\u00f3 <em>InformeDigital.<\/em><\/p>\n<p>Al respecto, <strong>Jorgelina Berta<\/strong> de la comisi\u00f3n directiva de UPCN, indic\u00f3: \u201clo lamentamos por la gente pero la \u00fanica manera de hacer o\u00edr nuestro reclamo es parando el hospital\u201d. \u201cLa asamblea fue multitudinaria con representaci\u00f3n de todos los servicios y fue por mejores condiciones de trabajo\u201d, agreg\u00f3.<\/p>\n<p>En detalle, la gremialista denunci\u00f3: \u201cEl archivo de estad\u00edsticas est\u00e1 atestado de ratas que circulan tambi\u00e9n por la cocina; esas historias cl\u00ednicas llegan a los pacientes de terapia, de onco, los enfermeros manipulan excremento de rata. Los empleados est\u00e1n en riesgo latente, la sala de Neo todav\u00eda est\u00e1 cerrada, hay dos salas fusionadas, enfermeros electrocutados, la situaci\u00f3n del hospital es ca\u00f3tica, cada vez est\u00e1 m\u00e1s sucio\u201d.<\/p>\n<p>\u201cEl hospital ha crecido y la parte nueva habilitada de la maternidad est\u00e1 sin gas y con la misma cantidad de mucamas y enfermeros. Los reclamos son vieja data y hemos tenido cero respuesta por parte del director\u201d, sum\u00f3 Berta, seg\u00fan consign\u00f3 El Once. En cuanto a respuestas por parte de directivos del nosocomio o responsables de Salud de la provincia, la dirigente se\u00f1al\u00f3: \u201cal director se le reclama a diario pero no tenemos ninguna respuesta; es triste y peligrosa la situaci\u00f3n que se vive\u201d.<\/p>\n<p>Los trabajadores del materno infantil llevan realizadas numerosas medidas de fuerza en lo que va del a\u00f1o, al igual que sus pares del hospital San Mart\u00edn y de varios centros de salud de la zona. Son muchas ya las movilizaciones a Casa de Gobierno, cortes de calle, asambleas con retenci\u00f3n de servicios, repartici\u00f3n de volantes a la ciudadan\u00eda, y pedidos de audiencias y reuniones con las autoridades de salud del gobierno provincial que se han realizado desde estos sectores de trabajadores. La crisis de la salud p\u00fablica provincial y la falta de soluciones desde el ministerio de Hugo Cettour van de la mano por el momento.<\/p>\n","protected":false},"excerpt":{"rendered":"<p>S&oacute;lo se atienden guardias m&iacute;nimas y las cirug&iacute;as programadas no se har&aacute;n. &ldquo;Lo lamentamos por la gente pero la &uacute;nica manera de hacernos o&iacute;r es parando el hospital&rdquo; dijo la dirigente de UPCN, Jorgelina Berta. Silencio de la autoridades. Trabajadores del hospital de materno infantil San Roque de Paran&aacute; realizaron una asamblea con representaci&oacute;n de [&hellip;]<\/p>\n","protected":false},"author":2,"featured_media":0,"comment_status":"open","ping_status":"open","sticky":false,"template":"","format":"standard","meta":{"fifu_image_url":"","fifu_image_alt":"","footnotes":""},"categories":[6],"tags":[],"class_list":{"0":"post-6874","1":"post","2":"type-post","3":"status-publish","4":"format-standard","6":"category-entre-rios"},"yoast_head":"<title>Paran\u00e1: asamblea permanente por la dram\u00e1tica situaci\u00f3n en el San Roque - Informe Litoral<\/title>\n<meta name=\"robots\" content=\"index, follow, max-snippet:-1, max-image-preview:large, max-video-preview:-1\" \/>\n<link rel=\"canonical\" href=\"https:\/\/informelitoral.com.ar\/parana-asamblea-permanente-por-la-dramatica-situacion-en-el-san-roque\/\" \/>\n<meta property=\"og:locale\" content=\"es_ES\" \/>\n<meta property=\"og:type\" content=\"article\" \/>\n<meta property=\"og:title\" content=\"Paran\u00e1: asamblea permanente por la dram\u00e1tica situaci\u00f3n en el San Roque - Informe Litoral\" \/>\n<meta property=\"og:description\" content=\"S&oacute;lo se atienden guardias m&iacute;nimas y las cirug&iacute;as programadas no se har&aacute;n. &ldquo;Lo lamentamos por la gente pero la &uacute;nica manera de hacernos o&iacute;r es parando el hospital&rdquo; dijo la dirigente de UPCN, Jorgelina Berta. Silencio de la autoridades. Trabajadores del hospital de materno infantil San Roque de Paran&aacute; realizaron una asamblea con representaci&oacute;n de [&hellip;]\" \/>\n<meta property=\"og:url\" content=\"https:\/\/informelitoral.com.ar\/parana-asamblea-permanente-por-la-dramatica-situacion-en-el-san-roque\/\" \/>\n<meta property=\"og:site_name\" content=\"Informe Litoral\" \/>\n<meta property=\"article:publisher\" content=\"https:\/\/www.facebook.com\/informelitoral\/\" \/>\n<meta property=\"article:published_time\" content=\"2014-05-18T02:39:08+00:00\" \/>\n<meta property=\"og:image\" content=\"https:\/\/informelitoral.com.ar\/%77%70%2d%63%6f%6e%74%65%6e%74\/uploads\/2014\/05\/o_1347976046.jpg\" \/>\n\t<meta property=\"og:image:width\" content=\"640\" \/>\n\t<meta property=\"og:image:height\" content=\"360\" \/>\n\t<meta property=\"og:image:type\" content=\"image\/jpeg\" \/>\n<meta name=\"author\" content=\"Gonzalo Schmidt\" \/>\n<meta name=\"twitter:card\" content=\"summary_large_image\" \/>\n<meta name=\"twitter:creator\" content=\"@InformeLitoral\" \/>\n<meta name=\"twitter:site\" content=\"@InformeLitoral\" \/>\n<meta name=\"twitter:label1\" content=\"Escrito por\" \/>\n\t<meta name=\"twitter:data1\" content=\"Gonzalo Schmidt\" \/>\n\t<meta name=\"twitter:label2\" content=\"Tiempo de lectura\" \/>\n\t<meta name=\"twitter:data2\" content=\"2 minutos\" \/>\n<script type=\"application\/ld+json\" class=\"yoast-schema-graph\">{\"@context\":\"https:\\\/\\\/schema.org\",\"@graph\":[{\"@type\":\"Article\",\"@id\":\"https:\\\/\\\/informelitoral.com.ar\\\/parana-asamblea-permanente-por-la-dramatica-situacion-en-el-san-roque\\\/#article\",\"isPartOf\":{\"@id\":\"https:\\\/\\\/informelitoral.com.ar\\\/parana-asamblea-permanente-por-la-dramatica-situacion-en-el-san-roque\\\/\"},\"author\":{\"name\":\"Gonzalo Schmidt\",\"@id\":\"https:\\\/\\\/informelitoral.com.ar\\\/#\\\/schema\\\/person\\\/b9d00407c836482871ef1d57bf8e3180\"},\"headline\":\"Paran\u00e1: asamblea permanente por la dram\u00e1tica situaci\u00f3n en el San Roque\",\"datePublished\":\"2014-05-18T02:39:08+00:00\",\"mainEntityOfPage\":{\"@id\":\"https:\\\/\\\/informelitoral.com.ar\\\/parana-asamblea-permanente-por-la-dramatica-situacion-en-el-san-roque\\\/\"},\"wordCount\":457,\"commentCount\":0,\"publisher\":{\"@id\":\"https:\\\/\\\/informelitoral.com.ar\\\/#organization\"},\"image\":{\"@id\":\"https:\\\/\\\/informelitoral.com.ar\\\/parana-asamblea-permanente-por-la-dramatica-situacion-en-el-san-roque\\\/#primaryimage\"},\"thumbnailUrl\":\"http:\\\/\\\/www.isletasnoticias.com.ar\\\/%77%70%2d%63%6f%6e%74%65%6e%74\\\/uploads\\\/2014\\\/05\\\/o_1347976046-300x168.jpg\",\"articleSection\":[\"Entre R\u00edos\"],\"inLanguage\":\"es\",\"potentialAction\":[{\"@type\":\"CommentAction\",\"name\":\"Comment\",\"target\":[\"https:\\\/\\\/informelitoral.com.ar\\\/parana-asamblea-permanente-por-la-dramatica-situacion-en-el-san-roque\\\/#respond\"]}]},{\"@type\":\"WebPage\",\"@id\":\"https:\\\/\\\/informelitoral.com.ar\\\/parana-asamblea-permanente-por-la-dramatica-situacion-en-el-san-roque\\\/\",\"url\":\"https:\\\/\\\/informelitoral.com.ar\\\/parana-asamblea-permanente-por-la-dramatica-situacion-en-el-san-roque\\\/\",\"name\":\"Paran\u00e1: asamblea permanente por la dram\u00e1tica situaci\u00f3n en el San Roque - Informe Litoral\",\"isPartOf\":{\"@id\":\"https:\\\/\\\/informelitoral.com.ar\\\/#website\"},\"primaryImageOfPage\":{\"@id\":\"https:\\\/\\\/informelitoral.com.ar\\\/parana-asamblea-permanente-por-la-dramatica-situacion-en-el-san-roque\\\/#primaryimage\"},\"image\":{\"@id\":\"https:\\\/\\\/informelitoral.com.ar\\\/parana-asamblea-permanente-por-la-dramatica-situacion-en-el-san-roque\\\/#primaryimage\"},\"thumbnailUrl\":\"http:\\\/\\\/www.isletasnoticias.com.ar\\\/%77%70%2d%63%6f%6e%74%65%6e%74\\\/uploads\\\/2014\\\/05\\\/o_1347976046-300x168.jpg\",\"datePublished\":\"2014-05-18T02:39:08+00:00\",\"breadcrumb\":{\"@id\":\"https:\\\/\\\/informelitoral.com.ar\\\/parana-asamblea-permanente-por-la-dramatica-situacion-en-el-san-roque\\\/#breadcrumb\"},\"inLanguage\":\"es\",\"potentialAction\":[{\"@type\":\"ReadAction\",\"target\":[\"https:\\\/\\\/informelitoral.com.ar\\\/parana-asamblea-permanente-por-la-dramatica-situacion-en-el-san-roque\\\/\"]}]},{\"@type\":\"ImageObject\",\"inLanguage\":\"es\",\"@id\":\"https:\\\/\\\/informelitoral.com.ar\\\/parana-asamblea-permanente-por-la-dramatica-situacion-en-el-san-roque\\\/#primaryimage\",\"url\":\"http:\\\/\\\/www.isletasnoticias.com.ar\\\/%77%70%2d%63%6f%6e%74%65%6e%74\\\/uploads\\\/2014\\\/05\\\/o_1347976046-300x168.jpg\",\"contentUrl\":\"http:\\\/\\\/www.isletasnoticias.com.ar\\\/%77%70%2d%63%6f%6e%74%65%6e%74\\\/uploads\\\/2014\\\/05\\\/o_1347976046-300x168.jpg\"},{\"@type\":\"BreadcrumbList\",\"@id\":\"https:\\\/\\\/informelitoral.com.ar\\\/parana-asamblea-permanente-por-la-dramatica-situacion-en-el-san-roque\\\/#breadcrumb\",\"itemListElement\":[{\"@type\":\"ListItem\",\"position\":1,\"name\":\"Portada\",\"item\":\"https:\\\/\\\/informelitoral.com.ar\\\/\"},{\"@type\":\"ListItem\",\"position\":2,\"name\":\"Paran\u00e1: asamblea permanente por la dram\u00e1tica situaci\u00f3n en el San Roque\"}]},{\"@type\":\"WebSite\",\"@id\":\"https:\\\/\\\/informelitoral.com.ar\\\/#website\",\"url\":\"https:\\\/\\\/informelitoral.com.ar\\\/\",\"name\":\"Informe Litoral\",\"description\":\"&quot;Nos informamos&quot; \",\"publisher\":{\"@id\":\"https:\\\/\\\/informelitoral.com.ar\\\/#organization\"},\"potentialAction\":[{\"@type\":\"SearchAction\",\"target\":{\"@type\":\"EntryPoint\",\"urlTemplate\":\"https:\\\/\\\/informelitoral.com.ar\\\/?s={search_term_string}\"},\"query-input\":{\"@type\":\"PropertyValueSpecification\",\"valueRequired\":true,\"valueName\":\"search_term_string\"}}],\"inLanguage\":\"es\"},{\"@type\":\"Organization\",\"@id\":\"https:\\\/\\\/informelitoral.com.ar\\\/#organization\",\"name\":\"Informe Litoral\",\"url\":\"https:\\\/\\\/informelitoral.com.ar\\\/\",\"logo\":{\"@type\":\"ImageObject\",\"inLanguage\":\"es\",\"@id\":\"https:\\\/\\\/informelitoral.com.ar\\\/#\\\/schema\\\/logo\\\/image\\\/\",\"url\":\"https:\\\/\\\/informelitoral.com.ar\\\/%77%70%2d%63%6f%6e%74%65%6e%74\\\/uploads\\\/2021\\\/01\\\/circulo.png\",\"contentUrl\":\"https:\\\/\\\/informelitoral.com.ar\\\/%77%70%2d%63%6f%6e%74%65%6e%74\\\/uploads\\\/2021\\\/01\\\/circulo.png\",\"width\":723,\"height\":731,\"caption\":\"Informe Litoral\"},\"image\":{\"@id\":\"https:\\\/\\\/informelitoral.com.ar\\\/#\\\/schema\\\/logo\\\/image\\\/\"},\"sameAs\":[\"https:\\\/\\\/www.facebook.com\\\/informelitoral\\\/\",\"https:\\\/\\\/x.com\\\/InformeLitoral\",\"https:\\\/\\\/www.instagram.com\\\/informelitoral\\\/\",\"https:\\\/\\\/www.youtube.com\\\/channel\\\/UCua4Qvz8Icb6MYqhoq9xLXw\"]},{\"@type\":\"Person\",\"@id\":\"https:\\\/\\\/informelitoral.com.ar\\\/#\\\/schema\\\/person\\\/b9d00407c836482871ef1d57bf8e3180\",\"name\":\"Gonzalo Schmidt\",\"image\":{\"@type\":\"ImageObject\",\"inLanguage\":\"es\",\"@id\":\"https:\\\/\\\/secure.gravatar.com\\\/avatar\\\/31a1a7b66ff2de83bd0e9fd79d026630d2d99e55e8bfe501287647b4fd9743de?s=96&d=mm&r=g\",\"url\":\"https:\\\/\\\/secure.gravatar.com\\\/avatar\\\/31a1a7b66ff2de83bd0e9fd79d026630d2d99e55e8bfe501287647b4fd9743de?s=96&d=mm&r=g\",\"contentUrl\":\"https:\\\/\\\/secure.gravatar.com\\\/avatar\\\/31a1a7b66ff2de83bd0e9fd79d026630d2d99e55e8bfe501287647b4fd9743de?s=96&d=mm&r=g\",\"caption\":\"Gonzalo Schmidt\"},\"description\":\"Sitio web de noticias de la provincia de Entre R\u00edos, Argentina. Informaci\u00f3n y entretenimiento. Informe Litoral, nos informamos.\",\"sameAs\":[\"http:\\\/\\\/www.isletasnoticias.com.ar\"],\"url\":\"https:\\\/\\\/informelitoral.com.ar\\\/author\\\/gonzalo\\\/\"}]}<\/script>","yoast_head_json":{"title":"Paran\u00e1: asamblea permanente por la dram\u00e1tica situaci\u00f3n en el San Roque - Informe Litoral","robots":{"index":"index","follow":"follow","max-snippet":"max-snippet:-1","max-image-preview":"max-image-preview:large","max-video-preview":"max-video-preview:-1"},"canonical":"https:\/\/informelitoral.com.ar\/parana-asamblea-permanente-por-la-dramatica-situacion-en-el-san-roque\/","og_locale":"es_ES","og_type":"article","og_title":"Paran\u00e1: asamblea permanente por la dram\u00e1tica situaci\u00f3n en el San Roque - Informe Litoral","og_description":"S&oacute;lo se atienden guardias m&iacute;nimas y las cirug&iacute;as programadas no se har&aacute;n. &ldquo;Lo lamentamos por la gente pero la &uacute;nica manera de hacernos o&iacute;r es parando el hospital&rdquo; dijo la dirigente de UPCN, Jorgelina Berta. Silencio de la autoridades. Trabajadores del hospital de materno infantil San Roque de Paran&aacute; realizaron una asamblea con representaci&oacute;n de [&hellip;]","og_url":"https:\/\/informelitoral.com.ar\/parana-asamblea-permanente-por-la-dramatica-situacion-en-el-san-roque\/","og_site_name":"Informe Litoral","article_publisher":"https:\/\/www.facebook.com\/informelitoral\/","article_published_time":"2014-05-18T02:39:08+00:00","og_image":[{"width":640,"height":360,"url":"https:\/\/informelitoral.com.ar\/%77%70%2d%63%6f%6e%74%65%6e%74\/uploads\/2014\/05\/o_1347976046.jpg","type":"image\/jpeg"}],"author":"Gonzalo Schmidt","twitter_card":"summary_large_image","twitter_creator":"@InformeLitoral","twitter_site":"@InformeLitoral","twitter_misc":{"Escrito por":"Gonzalo Schmidt","Tiempo de lectura":"2 minutos"},"schema":{"@context":"https:\/\/schema.org","@graph":[{"@type":"Article","@id":"https:\/\/informelitoral.com.ar\/parana-asamblea-permanente-por-la-dramatica-situacion-en-el-san-roque\/#article","isPartOf":{"@id":"https:\/\/informelitoral.com.ar\/parana-asamblea-permanente-por-la-dramatica-situacion-en-el-san-roque\/"},"author":{"name":"Gonzalo Schmidt","@id":"https:\/\/informelitoral.com.ar\/#\/schema\/person\/b9d00407c836482871ef1d57bf8e3180"},"headline":"Paran\u00e1: asamblea permanente por la dram\u00e1tica situaci\u00f3n en el San Roque","datePublished":"2014-05-18T02:39:08+00:00","mainEntityOfPage":{"@id":"https:\/\/informelitoral.com.ar\/parana-asamblea-permanente-por-la-dramatica-situacion-en-el-san-roque\/"},"wordCount":457,"commentCount":0,"publisher":{"@id":"https:\/\/informelitoral.com.ar\/#organization"},"image":{"@id":"https:\/\/informelitoral.com.ar\/parana-asamblea-permanente-por-la-dramatica-situacion-en-el-san-roque\/#primaryimage"},"thumbnailUrl":"http:\/\/www.isletasnoticias.com.ar\/%77%70%2d%63%6f%6e%74%65%6e%74\/uploads\/2014\/05\/o_1347976046-300x168.jpg","articleSection":["Entre R\u00edos"],"inLanguage":"es","potentialAction":[{"@type":"CommentAction","name":"Comment","target":["https:\/\/informelitoral.com.ar\/parana-asamblea-permanente-por-la-dramatica-situacion-en-el-san-roque\/#respond"]}]},{"@type":"WebPage","@id":"https:\/\/informelitoral.com.ar\/parana-asamblea-permanente-por-la-dramatica-situacion-en-el-san-roque\/","url":"https:\/\/informelitoral.com.ar\/parana-asamblea-permanente-por-la-dramatica-situacion-en-el-san-roque\/","name":"Paran\u00e1: asamblea permanente por la dram\u00e1tica situaci\u00f3n en el San Roque - Informe Litoral","isPartOf":{"@id":"https:\/\/informelitoral.com.ar\/#website"},"primaryImageOfPage":{"@id":"https:\/\/informelitoral.com.ar\/parana-asamblea-permanente-por-la-dramatica-situacion-en-el-san-roque\/#primaryimage"},"image":{"@id":"https:\/\/informelitoral.com.ar\/parana-asamblea-permanente-por-la-dramatica-situacion-en-el-san-roque\/#primaryimage"},"thumbnailUrl":"http:\/\/www.isletasnoticias.com.ar\/%77%70%2d%63%6f%6e%74%65%6e%74\/uploads\/2014\/05\/o_1347976046-300x168.jpg","datePublished":"2014-05-18T02:39:08+00:00","breadcrumb":{"@id":"https:\/\/informelitoral.com.ar\/parana-asamblea-permanente-por-la-dramatica-situacion-en-el-san-roque\/#breadcrumb"},"inLanguage":"es","potentialAction":[{"@type":"ReadAction","target":["https:\/\/informelitoral.com.ar\/parana-asamblea-permanente-por-la-dramatica-situacion-en-el-san-roque\/"]}]},{"@type":"ImageObject","inLanguage":"es","@id":"https:\/\/informelitoral.com.ar\/parana-asamblea-permanente-por-la-dramatica-situacion-en-el-san-roque\/#primaryimage","url":"http:\/\/www.isletasnoticias.com.ar\/%77%70%2d%63%6f%6e%74%65%6e%74\/uploads\/2014\/05\/o_1347976046-300x168.jpg","contentUrl":"http:\/\/www.isletasnoticias.com.ar\/%77%70%2d%63%6f%6e%74%65%6e%74\/uploads\/2014\/05\/o_1347976046-300x168.jpg"},{"@type":"BreadcrumbList","@id":"https:\/\/informelitoral.com.ar\/parana-asamblea-permanente-por-la-dramatica-situacion-en-el-san-roque\/#breadcrumb","itemListElement":[{"@type":"ListItem","position":1,"name":"Portada","item":"https:\/\/informelitoral.com.ar\/"},{"@type":"ListItem","position":2,"name":"Paran\u00e1: asamblea permanente por la dram\u00e1tica situaci\u00f3n en el San Roque"}]},{"@type":"WebSite","@id":"https:\/\/informelitoral.com.ar\/#website","url":"https:\/\/informelitoral.com.ar\/","name":"Informe Litoral","description":"&quot;Nos informamos&quot; ","publisher":{"@id":"https:\/\/informelitoral.com.ar\/#organization"},"potentialAction":[{"@type":"SearchAction","target":{"@type":"EntryPoint","urlTemplate":"https:\/\/informelitoral.com.ar\/?s={search_term_string}"},"query-input":{"@type":"PropertyValueSpecification","valueRequired":true,"valueName":"search_term_string"}}],"inLanguage":"es"},{"@type":"Organization","@id":"https:\/\/informelitoral.com.ar\/#organization","name":"Informe Litoral","url":"https:\/\/informelitoral.com.ar\/","logo":{"@type":"ImageObject","inLanguage":"es","@id":"https:\/\/informelitoral.com.ar\/#\/schema\/logo\/image\/","url":"https:\/\/informelitoral.com.ar\/%77%70%2d%63%6f%6e%74%65%6e%74\/uploads\/2021\/01\/circulo.png","contentUrl":"https:\/\/informelitoral.com.ar\/%77%70%2d%63%6f%6e%74%65%6e%74\/uploads\/2021\/01\/circulo.png","width":723,"height":731,"caption":"Informe Litoral"},"image":{"@id":"https:\/\/informelitoral.com.ar\/#\/schema\/logo\/image\/"},"sameAs":["https:\/\/www.facebook.com\/informelitoral\/","https:\/\/x.com\/InformeLitoral","https:\/\/www.instagram.com\/informelitoral\/","https:\/\/www.youtube.com\/channel\/UCua4Qvz8Icb6MYqhoq9xLXw"]},{"@type":"Person","@id":"https:\/\/informelitoral.com.ar\/#\/schema\/person\/b9d00407c836482871ef1d57bf8e3180","name":"Gonzalo Schmidt","image":{"@type":"ImageObject","inLanguage":"es","@id":"https:\/\/secure.gravatar.com\/avatar\/31a1a7b66ff2de83bd0e9fd79d026630d2d99e55e8bfe501287647b4fd9743de?s=96&d=mm&r=g","url":"https:\/\/secure.gravatar.com\/avatar\/31a1a7b66ff2de83bd0e9fd79d026630d2d99e55e8bfe501287647b4fd9743de?s=96&d=mm&r=g","contentUrl":"https:\/\/secure.gravatar.com\/avatar\/31a1a7b66ff2de83bd0e9fd79d026630d2d99e55e8bfe501287647b4fd9743de?s=96&d=mm&r=g","caption":"Gonzalo Schmidt"},"description":"Sitio web de noticias de la provincia de Entre R\u00edos, Argentina. Informaci\u00f3n y entretenimiento. Informe Litoral, nos informamos.","sameAs":["http:\/\/www.isletasnoticias.com.ar"],"url":"https:\/\/informelitoral.com.ar\/author\/gonzalo\/"}]}},"_links":{"self":[{"href":"https:\/\/informelitoral.com.ar\/%77%70%2d%6a%73%6f%6e\/wp\/v2\/posts\/6874","targetHints":{"allow":["GET"]}}],"collection":[{"href":"https:\/\/informelitoral.com.ar\/%77%70%2d%6a%73%6f%6e\/wp\/v2\/posts"}],"about":[{"href":"https:\/\/informelitoral.com.ar\/%77%70%2d%6a%73%6f%6e\/wp\/v2\/types\/post"}],"author":[{"embeddable":true,"href":"https:\/\/informelitoral.com.ar\/%77%70%2d%6a%73%6f%6e\/wp\/v2\/users\/2"}],"replies":[{"embeddable":true,"href":"https:\/\/informelitoral.com.ar\/%77%70%2d%6a%73%6f%6e\/wp\/v2\/comments?post=6874"}],"version-history":[{"count":0,"href":"https:\/\/informelitoral.com.ar\/%77%70%2d%6a%73%6f%6e\/wp\/v2\/posts\/6874\/revisions"}],"wp:attachment":[{"href":"https:\/\/informelitoral.com.ar\/%77%70%2d%6a%73%6f%6e\/wp\/v2\/media?parent=6874"}],"wp:term":[{"taxonomy":"category","embeddable":true,"href":"https:\/\/informelitoral.com.ar\/%77%70%2d%6a%73%6f%6e\/wp\/v2\/categories?post=6874"},{"taxonomy":"post_tag","embeddable":true,"href":"https:\/\/informelitoral.com.ar\/%77%70%2d%6a%73%6f%6e\/wp\/v2\/tags?post=6874"}],"curies":[{"name":"wp","href":"https:\/\/api.w.org\/{rel}","templated":true}]}}