{"id":68735,"date":"2021-12-11T18:20:25","date_gmt":"2021-12-11T21:20:25","guid":{"rendered":"https:\/\/www.informelitoral.com.ar\/?p=68735"},"modified":"2021-12-11T18:24:41","modified_gmt":"2021-12-11T21:24:41","slug":"coopar-colaborara-con-la-difusion-de-carreras-del-instituto-tecnologico-universitario-crespo","status":"publish","type":"post","link":"https:\/\/informelitoral.com.ar\/coopar-colaborara-con-la-difusion-de-carreras-del-instituto-tecnologico-universitario-crespo\/","title":{"rendered":"Coopar colaborar\u00e1 con la difusi\u00f3n de carreras del Instituto Tecnol\u00f3gico Universitario Crespo"},"content":{"rendered":"<p>Representantes de la Cooperativa Agr\u00edcola Ganadera y de Servicios Aranguren Limitada &#8211;<strong>Coopar<\/strong>&#8211; mantuvieron una reuni\u00f3n con autoridades del Instituto Tecnol\u00f3gico Universitario &#8211;<strong>ITU<\/strong>&#8211; de Crespo, que depende de la Universidad Aut\u00f3noma de Entre R\u00edos -UADER-.<\/p>\n<p><span style=\"background-color: #ffff00;\">El motivo del encuentro fue informarse sobre los planes de estudio con los que cuenta la instituci\u00f3n educativa para el sector porcino, a los fines de colaborar en la difusi\u00f3n de los mismos.<\/span><\/p>\n<p><a href=\"https:\/\/www.informelitoral.com.ar\/%77%70%2d%63%6f%6e%74%65%6e%74\/uploads\/2021\/12\/264556682_3208722599393704_7044111339703953658_n.jpg\"><img loading=\"lazy\" decoding=\"async\" class=\"aligncenter wp-image-68738 size-large\" src=\"https:\/\/www.informelitoral.com.ar\/%77%70%2d%63%6f%6e%74%65%6e%74\/uploads\/2021\/12\/264556682_3208722599393704_7044111339703953658_n-1024x768.jpg\" alt=\"\" width=\"696\" height=\"522\" srcset=\"https:\/\/informelitoral.com.ar\/%77%70%2d%63%6f%6e%74%65%6e%74\/uploads\/2021\/12\/264556682_3208722599393704_7044111339703953658_n-1024x768.jpg 1024w, https:\/\/informelitoral.com.ar\/%77%70%2d%63%6f%6e%74%65%6e%74\/uploads\/2021\/12\/264556682_3208722599393704_7044111339703953658_n-300x225.jpg 300w, https:\/\/informelitoral.com.ar\/%77%70%2d%63%6f%6e%74%65%6e%74\/uploads\/2021\/12\/264556682_3208722599393704_7044111339703953658_n-768x576.jpg 768w, https:\/\/informelitoral.com.ar\/%77%70%2d%63%6f%6e%74%65%6e%74\/uploads\/2021\/12\/264556682_3208722599393704_7044111339703953658_n-1536x1152.jpg 1536w, https:\/\/informelitoral.com.ar\/%77%70%2d%63%6f%6e%74%65%6e%74\/uploads\/2021\/12\/264556682_3208722599393704_7044111339703953658_n-696x522.jpg 696w, https:\/\/informelitoral.com.ar\/%77%70%2d%63%6f%6e%74%65%6e%74\/uploads\/2021\/12\/264556682_3208722599393704_7044111339703953658_n-1068x801.jpg 1068w, https:\/\/informelitoral.com.ar\/%77%70%2d%63%6f%6e%74%65%6e%74\/uploads\/2021\/12\/264556682_3208722599393704_7044111339703953658_n-560x420.jpg 560w, https:\/\/informelitoral.com.ar\/%77%70%2d%63%6f%6e%74%65%6e%74\/uploads\/2021\/12\/264556682_3208722599393704_7044111339703953658_n-80x60.jpg 80w, https:\/\/informelitoral.com.ar\/%77%70%2d%63%6f%6e%74%65%6e%74\/uploads\/2021\/12\/264556682_3208722599393704_7044111339703953658_n-265x198.jpg 265w, https:\/\/informelitoral.com.ar\/%77%70%2d%63%6f%6e%74%65%6e%74\/uploads\/2021\/12\/264556682_3208722599393704_7044111339703953658_n.jpg 1600w\" sizes=\"auto, (max-width: 696px) 100vw, 696px\" \/><\/a><\/p>\n<p>Durante la reuni\u00f3n el contador, <strong>Fabi\u00e1n Garc\u00eda<\/strong>, director de la casa de estudios, les explic\u00f3 a <strong>Nelson R\u00e9ula<\/strong> integrante del Consejo de Administraci\u00f3n de la cooperativa y <strong>Joan Fern\u00e1ndez<\/strong> de Reynafe divisi\u00f3n porcina, que la <span style=\"background-color: #ffff00;\"><strong>Tecnicatura de Producci\u00f3n Porcina<\/strong><\/span>, se est\u00e1 llevando adelante desde algunos a\u00f1os en la instituci\u00f3n y responde muy bien a las exigencias que hoy por hoy tiene que tener quien se desempe\u00f1a como fuerza laboral del sector.<\/p>\n<p><strong><em>\u00abQuienes egresan, r\u00e1pidamente obtienen trabajo en las distintas tareas que demandan las empresas del sector y quienes cursan la carrera cuenta con la posibilidad de acceder a becas\u00bb<\/em><\/strong>, destacaron.<\/p>\n<h4><strong>Diplomatura en Producci\u00f3n de Cerdos<\/strong><\/h4>\n<p>Otro de los puntos abordados en la reuni\u00f3n fue el anuncio, por parte de Garc\u00eda, de la <span style=\"background-color: #ffff00;\"><strong>Diplomatura en Producci\u00f3n de Cerdos<\/strong><\/span> que se pondr\u00eda en marcha a mediados de 2022. La misma permitir\u00e1, <strong><em>en pocos meses y con cursado en forma on line, capacitar a la mano de obra actual y ser una puerta de ingreso a un estudio superior que representa la Tecnicatura en Producci\u00f3n Porcina que es de manera presencial y con una duraci\u00f3n de tres a\u00f1os.<\/em><\/strong><a href=\"https:\/\/www.informelitoral.com.ar\/%77%70%2d%63%6f%6e%74%65%6e%74\/uploads\/2021\/12\/264337168_3208722339393730_8837176077328649614_n.jpg\"><img loading=\"lazy\" decoding=\"async\" class=\"aligncenter wp-image-68736 size-full\" src=\"https:\/\/www.informelitoral.com.ar\/%77%70%2d%63%6f%6e%74%65%6e%74\/uploads\/2021\/12\/264337168_3208722339393730_8837176077328649614_n.jpg\" alt=\"\" width=\"600\" height=\"450\" srcset=\"https:\/\/informelitoral.com.ar\/%77%70%2d%63%6f%6e%74%65%6e%74\/uploads\/2021\/12\/264337168_3208722339393730_8837176077328649614_n.jpg 600w, https:\/\/informelitoral.com.ar\/%77%70%2d%63%6f%6e%74%65%6e%74\/uploads\/2021\/12\/264337168_3208722339393730_8837176077328649614_n-300x225.jpg 300w, https:\/\/informelitoral.com.ar\/%77%70%2d%63%6f%6e%74%65%6e%74\/uploads\/2021\/12\/264337168_3208722339393730_8837176077328649614_n-560x420.jpg 560w, https:\/\/informelitoral.com.ar\/%77%70%2d%63%6f%6e%74%65%6e%74\/uploads\/2021\/12\/264337168_3208722339393730_8837176077328649614_n-80x60.jpg 80w, https:\/\/informelitoral.com.ar\/%77%70%2d%63%6f%6e%74%65%6e%74\/uploads\/2021\/12\/264337168_3208722339393730_8837176077328649614_n-265x198.jpg 265w\" sizes=\"auto, (max-width: 600px) 100vw, 600px\" \/><\/a><\/p>\n<h3><strong>Campa\u00f1a de difusi\u00f3n<\/strong><\/h3>\n<p>Tambi\u00e9n particip\u00f3 de la reuni\u00f3n<strong> Omar Dar\u00edo Stricker,<\/strong> quien desarrolla la comunicaci\u00f3n institucional de Coopar. <strong>El objetivo es poner poner en marcha una campa\u00f1a publicitaria que abarca radio, tv, prensa escrita y redes sociales<\/strong>. M\u00e1s adelante tambi\u00e9n se sumar\u00e1 a la campa\u00f1a de difusi\u00f3n la C\u00e1mara de Productores Porcinos de Entre R\u00edos -CAPPER-.<\/p>\n","protected":false},"excerpt":{"rendered":"<p>Se trata de procesos de formaci\u00f3n relacionados al sector porcino, que es una de las divisiones de la Cooperativa de Aranguren. El instituto crespense depende de la Universidad Aut\u00f3noma de Entre R\u00edos.<\/p>\n","protected":false},"author":2,"featured_media":68737,"comment_status":"open","ping_status":"open","sticky":false,"template":"","format":"standard","meta":{"fifu_image_url":"","fifu_image_alt":"","footnotes":""},"categories":[10],"tags":[143,1980,1611,208],"class_list":{"0":"post-68735","1":"post","2":"type-post","3":"status-publish","4":"format-standard","5":"has-post-thumbnail","7":"category-campo","8":"tag-aranguren","9":"tag-carreras","10":"tag-coopar","11":"tag-crespo"},"yoast_head":"<title>Coopar colaborar\u00e1 con la difusi\u00f3n de carreras del Instituto Tecnol\u00f3gico Universitario Crespo - Informe Litoral<\/title>\n<meta name=\"robots\" content=\"index, follow, max-snippet:-1, max-image-preview:large, max-video-preview:-1\" \/>\n<link rel=\"canonical\" href=\"https:\/\/informelitoral.com.ar\/coopar-colaborara-con-la-difusion-de-carreras-del-instituto-tecnologico-universitario-crespo\/\" \/>\n<meta property=\"og:locale\" content=\"es_ES\" \/>\n<meta property=\"og:type\" content=\"article\" \/>\n<meta property=\"og:title\" content=\"Coopar colaborar\u00e1 con la difusi\u00f3n de carreras del Instituto Tecnol\u00f3gico Universitario Crespo - Informe Litoral\" \/>\n<meta property=\"og:description\" content=\"Se trata de procesos de formaci\u00f3n relacionados al sector porcino, que es una de las divisiones de la Cooperativa de Aranguren. El instituto crespense depende de la Universidad Aut\u00f3noma de Entre R\u00edos.\" \/>\n<meta property=\"og:url\" content=\"https:\/\/informelitoral.com.ar\/coopar-colaborara-con-la-difusion-de-carreras-del-instituto-tecnologico-universitario-crespo\/\" \/>\n<meta property=\"og:site_name\" content=\"Informe Litoral\" \/>\n<meta property=\"article:publisher\" content=\"https:\/\/www.facebook.com\/informelitoral\/\" \/>\n<meta property=\"article:published_time\" content=\"2021-12-11T21:20:25+00:00\" \/>\n<meta property=\"article:modified_time\" content=\"2021-12-11T21:24:41+00:00\" \/>\n<meta property=\"og:image\" content=\"https:\/\/informelitoral.com.ar\/%77%70%2d%63%6f%6e%74%65%6e%74\/uploads\/2021\/12\/264537147_3208722996060331_5356819374323990661_n.jpg\" \/>\n\t<meta property=\"og:image:width\" content=\"1600\" \/>\n\t<meta property=\"og:image:height\" content=\"1200\" \/>\n\t<meta property=\"og:image:type\" content=\"image\/jpeg\" \/>\n<meta name=\"author\" content=\"Gonzalo Schmidt\" \/>\n<meta name=\"twitter:card\" content=\"summary_large_image\" \/>\n<meta name=\"twitter:creator\" content=\"@InformeLitoral\" \/>\n<meta name=\"twitter:site\" content=\"@InformeLitoral\" \/>\n<meta name=\"twitter:label1\" content=\"Escrito por\" \/>\n\t<meta name=\"twitter:data1\" content=\"Gonzalo Schmidt\" \/>\n\t<meta name=\"twitter:label2\" content=\"Tiempo de lectura\" \/>\n\t<meta name=\"twitter:data2\" content=\"2 minutos\" \/>\n<script type=\"application\/ld+json\" class=\"yoast-schema-graph\">{\"@context\":\"https:\\\/\\\/schema.org\",\"@graph\":[{\"@type\":\"Article\",\"@id\":\"https:\\\/\\\/informelitoral.com.ar\\\/coopar-colaborara-con-la-difusion-de-carreras-del-instituto-tecnologico-universitario-crespo\\\/#article\",\"isPartOf\":{\"@id\":\"https:\\\/\\\/informelitoral.com.ar\\\/coopar-colaborara-con-la-difusion-de-carreras-del-instituto-tecnologico-universitario-crespo\\\/\"},\"author\":{\"name\":\"Gonzalo Schmidt\",\"@id\":\"https:\\\/\\\/informelitoral.com.ar\\\/#\\\/schema\\\/person\\\/b9d00407c836482871ef1d57bf8e3180\"},\"headline\":\"Coopar colaborar\u00e1 con la difusi\u00f3n de carreras del Instituto Tecnol\u00f3gico Universitario Crespo\",\"datePublished\":\"2021-12-11T21:20:25+00:00\",\"dateModified\":\"2021-12-11T21:24:41+00:00\",\"mainEntityOfPage\":{\"@id\":\"https:\\\/\\\/informelitoral.com.ar\\\/coopar-colaborara-con-la-difusion-de-carreras-del-instituto-tecnologico-universitario-crespo\\\/\"},\"wordCount\":361,\"commentCount\":0,\"publisher\":{\"@id\":\"https:\\\/\\\/informelitoral.com.ar\\\/#organization\"},\"image\":{\"@id\":\"https:\\\/\\\/informelitoral.com.ar\\\/coopar-colaborara-con-la-difusion-de-carreras-del-instituto-tecnologico-universitario-crespo\\\/#primaryimage\"},\"thumbnailUrl\":\"https:\\\/\\\/informelitoral.com.ar\\\/%77%70%2d%63%6f%6e%74%65%6e%74\\\/uploads\\\/2021\\\/12\\\/264537147_3208722996060331_5356819374323990661_n.jpg\",\"keywords\":[\"Aranguren\",\"Carreras\",\"Coopar\",\"Crespo\"],\"articleSection\":[\"Campo\"],\"inLanguage\":\"es\",\"potentialAction\":[{\"@type\":\"CommentAction\",\"name\":\"Comment\",\"target\":[\"https:\\\/\\\/informelitoral.com.ar\\\/coopar-colaborara-con-la-difusion-de-carreras-del-instituto-tecnologico-universitario-crespo\\\/#respond\"]}]},{\"@type\":\"WebPage\",\"@id\":\"https:\\\/\\\/informelitoral.com.ar\\\/coopar-colaborara-con-la-difusion-de-carreras-del-instituto-tecnologico-universitario-crespo\\\/\",\"url\":\"https:\\\/\\\/informelitoral.com.ar\\\/coopar-colaborara-con-la-difusion-de-carreras-del-instituto-tecnologico-universitario-crespo\\\/\",\"name\":\"Coopar colaborar\u00e1 con la difusi\u00f3n de carreras del Instituto Tecnol\u00f3gico Universitario Crespo - Informe Litoral\",\"isPartOf\":{\"@id\":\"https:\\\/\\\/informelitoral.com.ar\\\/#website\"},\"primaryImageOfPage\":{\"@id\":\"https:\\\/\\\/informelitoral.com.ar\\\/coopar-colaborara-con-la-difusion-de-carreras-del-instituto-tecnologico-universitario-crespo\\\/#primaryimage\"},\"image\":{\"@id\":\"https:\\\/\\\/informelitoral.com.ar\\\/coopar-colaborara-con-la-difusion-de-carreras-del-instituto-tecnologico-universitario-crespo\\\/#primaryimage\"},\"thumbnailUrl\":\"https:\\\/\\\/informelitoral.com.ar\\\/%77%70%2d%63%6f%6e%74%65%6e%74\\\/uploads\\\/2021\\\/12\\\/264537147_3208722996060331_5356819374323990661_n.jpg\",\"datePublished\":\"2021-12-11T21:20:25+00:00\",\"dateModified\":\"2021-12-11T21:24:41+00:00\",\"breadcrumb\":{\"@id\":\"https:\\\/\\\/informelitoral.com.ar\\\/coopar-colaborara-con-la-difusion-de-carreras-del-instituto-tecnologico-universitario-crespo\\\/#breadcrumb\"},\"inLanguage\":\"es\",\"potentialAction\":[{\"@type\":\"ReadAction\",\"target\":[\"https:\\\/\\\/informelitoral.com.ar\\\/coopar-colaborara-con-la-difusion-de-carreras-del-instituto-tecnologico-universitario-crespo\\\/\"]}]},{\"@type\":\"ImageObject\",\"inLanguage\":\"es\",\"@id\":\"https:\\\/\\\/informelitoral.com.ar\\\/coopar-colaborara-con-la-difusion-de-carreras-del-instituto-tecnologico-universitario-crespo\\\/#primaryimage\",\"url\":\"https:\\\/\\\/informelitoral.com.ar\\\/%77%70%2d%63%6f%6e%74%65%6e%74\\\/uploads\\\/2021\\\/12\\\/264537147_3208722996060331_5356819374323990661_n.jpg\",\"contentUrl\":\"https:\\\/\\\/informelitoral.com.ar\\\/%77%70%2d%63%6f%6e%74%65%6e%74\\\/uploads\\\/2021\\\/12\\\/264537147_3208722996060331_5356819374323990661_n.jpg\",\"width\":1600,\"height\":1200},{\"@type\":\"BreadcrumbList\",\"@id\":\"https:\\\/\\\/informelitoral.com.ar\\\/coopar-colaborara-con-la-difusion-de-carreras-del-instituto-tecnologico-universitario-crespo\\\/#breadcrumb\",\"itemListElement\":[{\"@type\":\"ListItem\",\"position\":1,\"name\":\"Portada\",\"item\":\"https:\\\/\\\/informelitoral.com.ar\\\/\"},{\"@type\":\"ListItem\",\"position\":2,\"name\":\"Coopar colaborar\u00e1 con la difusi\u00f3n de carreras del Instituto Tecnol\u00f3gico Universitario Crespo\"}]},{\"@type\":\"WebSite\",\"@id\":\"https:\\\/\\\/informelitoral.com.ar\\\/#website\",\"url\":\"https:\\\/\\\/informelitoral.com.ar\\\/\",\"name\":\"Informe Litoral\",\"description\":\"&quot;Nos informamos&quot; \",\"publisher\":{\"@id\":\"https:\\\/\\\/informelitoral.com.ar\\\/#organization\"},\"potentialAction\":[{\"@type\":\"SearchAction\",\"target\":{\"@type\":\"EntryPoint\",\"urlTemplate\":\"https:\\\/\\\/informelitoral.com.ar\\\/?s={search_term_string}\"},\"query-input\":{\"@type\":\"PropertyValueSpecification\",\"valueRequired\":true,\"valueName\":\"search_term_string\"}}],\"inLanguage\":\"es\"},{\"@type\":\"Organization\",\"@id\":\"https:\\\/\\\/informelitoral.com.ar\\\/#organization\",\"name\":\"Informe Litoral\",\"url\":\"https:\\\/\\\/informelitoral.com.ar\\\/\",\"logo\":{\"@type\":\"ImageObject\",\"inLanguage\":\"es\",\"@id\":\"https:\\\/\\\/informelitoral.com.ar\\\/#\\\/schema\\\/logo\\\/image\\\/\",\"url\":\"https:\\\/\\\/informelitoral.com.ar\\\/%77%70%2d%63%6f%6e%74%65%6e%74\\\/uploads\\\/2021\\\/01\\\/circulo.png\",\"contentUrl\":\"https:\\\/\\\/informelitoral.com.ar\\\/%77%70%2d%63%6f%6e%74%65%6e%74\\\/uploads\\\/2021\\\/01\\\/circulo.png\",\"width\":723,\"height\":731,\"caption\":\"Informe Litoral\"},\"image\":{\"@id\":\"https:\\\/\\\/informelitoral.com.ar\\\/#\\\/schema\\\/logo\\\/image\\\/\"},\"sameAs\":[\"https:\\\/\\\/www.facebook.com\\\/informelitoral\\\/\",\"https:\\\/\\\/x.com\\\/InformeLitoral\",\"https:\\\/\\\/www.instagram.com\\\/informelitoral\\\/\",\"https:\\\/\\\/www.youtube.com\\\/channel\\\/UCua4Qvz8Icb6MYqhoq9xLXw\"]},{\"@type\":\"Person\",\"@id\":\"https:\\\/\\\/informelitoral.com.ar\\\/#\\\/schema\\\/person\\\/b9d00407c836482871ef1d57bf8e3180\",\"name\":\"Gonzalo Schmidt\",\"image\":{\"@type\":\"ImageObject\",\"inLanguage\":\"es\",\"@id\":\"https:\\\/\\\/secure.gravatar.com\\\/avatar\\\/31a1a7b66ff2de83bd0e9fd79d026630d2d99e55e8bfe501287647b4fd9743de?s=96&d=mm&r=g\",\"url\":\"https:\\\/\\\/secure.gravatar.com\\\/avatar\\\/31a1a7b66ff2de83bd0e9fd79d026630d2d99e55e8bfe501287647b4fd9743de?s=96&d=mm&r=g\",\"contentUrl\":\"https:\\\/\\\/secure.gravatar.com\\\/avatar\\\/31a1a7b66ff2de83bd0e9fd79d026630d2d99e55e8bfe501287647b4fd9743de?s=96&d=mm&r=g\",\"caption\":\"Gonzalo Schmidt\"},\"description\":\"Sitio web de noticias de la provincia de Entre R\u00edos, Argentina. Informaci\u00f3n y entretenimiento. Informe Litoral, nos informamos.\",\"sameAs\":[\"http:\\\/\\\/www.isletasnoticias.com.ar\"],\"url\":\"https:\\\/\\\/informelitoral.com.ar\\\/author\\\/gonzalo\\\/\"}]}<\/script>","yoast_head_json":{"title":"Coopar colaborar\u00e1 con la difusi\u00f3n de carreras del Instituto Tecnol\u00f3gico Universitario Crespo - Informe Litoral","robots":{"index":"index","follow":"follow","max-snippet":"max-snippet:-1","max-image-preview":"max-image-preview:large","max-video-preview":"max-video-preview:-1"},"canonical":"https:\/\/informelitoral.com.ar\/coopar-colaborara-con-la-difusion-de-carreras-del-instituto-tecnologico-universitario-crespo\/","og_locale":"es_ES","og_type":"article","og_title":"Coopar colaborar\u00e1 con la difusi\u00f3n de carreras del Instituto Tecnol\u00f3gico Universitario Crespo - Informe Litoral","og_description":"Se trata de procesos de formaci\u00f3n relacionados al sector porcino, que es una de las divisiones de la Cooperativa de Aranguren. El instituto crespense depende de la Universidad Aut\u00f3noma de Entre R\u00edos.","og_url":"https:\/\/informelitoral.com.ar\/coopar-colaborara-con-la-difusion-de-carreras-del-instituto-tecnologico-universitario-crespo\/","og_site_name":"Informe Litoral","article_publisher":"https:\/\/www.facebook.com\/informelitoral\/","article_published_time":"2021-12-11T21:20:25+00:00","article_modified_time":"2021-12-11T21:24:41+00:00","og_image":[{"width":1600,"height":1200,"url":"https:\/\/informelitoral.com.ar\/%77%70%2d%63%6f%6e%74%65%6e%74\/uploads\/2021\/12\/264537147_3208722996060331_5356819374323990661_n.jpg","type":"image\/jpeg"}],"author":"Gonzalo Schmidt","twitter_card":"summary_large_image","twitter_creator":"@InformeLitoral","twitter_site":"@InformeLitoral","twitter_misc":{"Escrito por":"Gonzalo Schmidt","Tiempo de lectura":"2 minutos"},"schema":{"@context":"https:\/\/schema.org","@graph":[{"@type":"Article","@id":"https:\/\/informelitoral.com.ar\/coopar-colaborara-con-la-difusion-de-carreras-del-instituto-tecnologico-universitario-crespo\/#article","isPartOf":{"@id":"https:\/\/informelitoral.com.ar\/coopar-colaborara-con-la-difusion-de-carreras-del-instituto-tecnologico-universitario-crespo\/"},"author":{"name":"Gonzalo Schmidt","@id":"https:\/\/informelitoral.com.ar\/#\/schema\/person\/b9d00407c836482871ef1d57bf8e3180"},"headline":"Coopar colaborar\u00e1 con la difusi\u00f3n de carreras del Instituto Tecnol\u00f3gico Universitario Crespo","datePublished":"2021-12-11T21:20:25+00:00","dateModified":"2021-12-11T21:24:41+00:00","mainEntityOfPage":{"@id":"https:\/\/informelitoral.com.ar\/coopar-colaborara-con-la-difusion-de-carreras-del-instituto-tecnologico-universitario-crespo\/"},"wordCount":361,"commentCount":0,"publisher":{"@id":"https:\/\/informelitoral.com.ar\/#organization"},"image":{"@id":"https:\/\/informelitoral.com.ar\/coopar-colaborara-con-la-difusion-de-carreras-del-instituto-tecnologico-universitario-crespo\/#primaryimage"},"thumbnailUrl":"https:\/\/informelitoral.com.ar\/%77%70%2d%63%6f%6e%74%65%6e%74\/uploads\/2021\/12\/264537147_3208722996060331_5356819374323990661_n.jpg","keywords":["Aranguren","Carreras","Coopar","Crespo"],"articleSection":["Campo"],"inLanguage":"es","potentialAction":[{"@type":"CommentAction","name":"Comment","target":["https:\/\/informelitoral.com.ar\/coopar-colaborara-con-la-difusion-de-carreras-del-instituto-tecnologico-universitario-crespo\/#respond"]}]},{"@type":"WebPage","@id":"https:\/\/informelitoral.com.ar\/coopar-colaborara-con-la-difusion-de-carreras-del-instituto-tecnologico-universitario-crespo\/","url":"https:\/\/informelitoral.com.ar\/coopar-colaborara-con-la-difusion-de-carreras-del-instituto-tecnologico-universitario-crespo\/","name":"Coopar colaborar\u00e1 con la difusi\u00f3n de carreras del Instituto Tecnol\u00f3gico Universitario Crespo - Informe Litoral","isPartOf":{"@id":"https:\/\/informelitoral.com.ar\/#website"},"primaryImageOfPage":{"@id":"https:\/\/informelitoral.com.ar\/coopar-colaborara-con-la-difusion-de-carreras-del-instituto-tecnologico-universitario-crespo\/#primaryimage"},"image":{"@id":"https:\/\/informelitoral.com.ar\/coopar-colaborara-con-la-difusion-de-carreras-del-instituto-tecnologico-universitario-crespo\/#primaryimage"},"thumbnailUrl":"https:\/\/informelitoral.com.ar\/%77%70%2d%63%6f%6e%74%65%6e%74\/uploads\/2021\/12\/264537147_3208722996060331_5356819374323990661_n.jpg","datePublished":"2021-12-11T21:20:25+00:00","dateModified":"2021-12-11T21:24:41+00:00","breadcrumb":{"@id":"https:\/\/informelitoral.com.ar\/coopar-colaborara-con-la-difusion-de-carreras-del-instituto-tecnologico-universitario-crespo\/#breadcrumb"},"inLanguage":"es","potentialAction":[{"@type":"ReadAction","target":["https:\/\/informelitoral.com.ar\/coopar-colaborara-con-la-difusion-de-carreras-del-instituto-tecnologico-universitario-crespo\/"]}]},{"@type":"ImageObject","inLanguage":"es","@id":"https:\/\/informelitoral.com.ar\/coopar-colaborara-con-la-difusion-de-carreras-del-instituto-tecnologico-universitario-crespo\/#primaryimage","url":"https:\/\/informelitoral.com.ar\/%77%70%2d%63%6f%6e%74%65%6e%74\/uploads\/2021\/12\/264537147_3208722996060331_5356819374323990661_n.jpg","contentUrl":"https:\/\/informelitoral.com.ar\/%77%70%2d%63%6f%6e%74%65%6e%74\/uploads\/2021\/12\/264537147_3208722996060331_5356819374323990661_n.jpg","width":1600,"height":1200},{"@type":"BreadcrumbList","@id":"https:\/\/informelitoral.com.ar\/coopar-colaborara-con-la-difusion-de-carreras-del-instituto-tecnologico-universitario-crespo\/#breadcrumb","itemListElement":[{"@type":"ListItem","position":1,"name":"Portada","item":"https:\/\/informelitoral.com.ar\/"},{"@type":"ListItem","position":2,"name":"Coopar colaborar\u00e1 con la difusi\u00f3n de carreras del Instituto Tecnol\u00f3gico Universitario Crespo"}]},{"@type":"WebSite","@id":"https:\/\/informelitoral.com.ar\/#website","url":"https:\/\/informelitoral.com.ar\/","name":"Informe Litoral","description":"&quot;Nos informamos&quot; ","publisher":{"@id":"https:\/\/informelitoral.com.ar\/#organization"},"potentialAction":[{"@type":"SearchAction","target":{"@type":"EntryPoint","urlTemplate":"https:\/\/informelitoral.com.ar\/?s={search_term_string}"},"query-input":{"@type":"PropertyValueSpecification","valueRequired":true,"valueName":"search_term_string"}}],"inLanguage":"es"},{"@type":"Organization","@id":"https:\/\/informelitoral.com.ar\/#organization","name":"Informe Litoral","url":"https:\/\/informelitoral.com.ar\/","logo":{"@type":"ImageObject","inLanguage":"es","@id":"https:\/\/informelitoral.com.ar\/#\/schema\/logo\/image\/","url":"https:\/\/informelitoral.com.ar\/%77%70%2d%63%6f%6e%74%65%6e%74\/uploads\/2021\/01\/circulo.png","contentUrl":"https:\/\/informelitoral.com.ar\/%77%70%2d%63%6f%6e%74%65%6e%74\/uploads\/2021\/01\/circulo.png","width":723,"height":731,"caption":"Informe Litoral"},"image":{"@id":"https:\/\/informelitoral.com.ar\/#\/schema\/logo\/image\/"},"sameAs":["https:\/\/www.facebook.com\/informelitoral\/","https:\/\/x.com\/InformeLitoral","https:\/\/www.instagram.com\/informelitoral\/","https:\/\/www.youtube.com\/channel\/UCua4Qvz8Icb6MYqhoq9xLXw"]},{"@type":"Person","@id":"https:\/\/informelitoral.com.ar\/#\/schema\/person\/b9d00407c836482871ef1d57bf8e3180","name":"Gonzalo Schmidt","image":{"@type":"ImageObject","inLanguage":"es","@id":"https:\/\/secure.gravatar.com\/avatar\/31a1a7b66ff2de83bd0e9fd79d026630d2d99e55e8bfe501287647b4fd9743de?s=96&d=mm&r=g","url":"https:\/\/secure.gravatar.com\/avatar\/31a1a7b66ff2de83bd0e9fd79d026630d2d99e55e8bfe501287647b4fd9743de?s=96&d=mm&r=g","contentUrl":"https:\/\/secure.gravatar.com\/avatar\/31a1a7b66ff2de83bd0e9fd79d026630d2d99e55e8bfe501287647b4fd9743de?s=96&d=mm&r=g","caption":"Gonzalo Schmidt"},"description":"Sitio web de noticias de la provincia de Entre R\u00edos, Argentina. Informaci\u00f3n y entretenimiento. Informe Litoral, nos informamos.","sameAs":["http:\/\/www.isletasnoticias.com.ar"],"url":"https:\/\/informelitoral.com.ar\/author\/gonzalo\/"}]}},"_links":{"self":[{"href":"https:\/\/informelitoral.com.ar\/%77%70%2d%6a%73%6f%6e\/wp\/v2\/posts\/68735","targetHints":{"allow":["GET"]}}],"collection":[{"href":"https:\/\/informelitoral.com.ar\/%77%70%2d%6a%73%6f%6e\/wp\/v2\/posts"}],"about":[{"href":"https:\/\/informelitoral.com.ar\/%77%70%2d%6a%73%6f%6e\/wp\/v2\/types\/post"}],"author":[{"embeddable":true,"href":"https:\/\/informelitoral.com.ar\/%77%70%2d%6a%73%6f%6e\/wp\/v2\/users\/2"}],"replies":[{"embeddable":true,"href":"https:\/\/informelitoral.com.ar\/%77%70%2d%6a%73%6f%6e\/wp\/v2\/comments?post=68735"}],"version-history":[{"count":0,"href":"https:\/\/informelitoral.com.ar\/%77%70%2d%6a%73%6f%6e\/wp\/v2\/posts\/68735\/revisions"}],"wp:featuredmedia":[{"embeddable":true,"href":"https:\/\/informelitoral.com.ar\/%77%70%2d%6a%73%6f%6e\/wp\/v2\/media\/68737"}],"wp:attachment":[{"href":"https:\/\/informelitoral.com.ar\/%77%70%2d%6a%73%6f%6e\/wp\/v2\/media?parent=68735"}],"wp:term":[{"taxonomy":"category","embeddable":true,"href":"https:\/\/informelitoral.com.ar\/%77%70%2d%6a%73%6f%6e\/wp\/v2\/categories?post=68735"},{"taxonomy":"post_tag","embeddable":true,"href":"https:\/\/informelitoral.com.ar\/%77%70%2d%6a%73%6f%6e\/wp\/v2\/tags?post=68735"}],"curies":[{"name":"wp","href":"https:\/\/api.w.org\/{rel}","templated":true}]}}