{"id":68727,"date":"2021-12-11T09:57:08","date_gmt":"2021-12-11T12:57:08","guid":{"rendered":"https:\/\/www.informelitoral.com.ar\/?p=68727"},"modified":"2021-12-11T10:01:01","modified_gmt":"2021-12-11T13:01:01","slug":"lanzaron-la-temporada-turistica-en-entre-rios","status":"publish","type":"post","link":"https:\/\/informelitoral.com.ar\/lanzaron-la-temporada-turistica-en-entre-rios\/","title":{"rendered":"Lanzaron la temporada tur\u00edstica en Entre R\u00edos"},"content":{"rendered":"<p>\u201cNos aprestamos a tener una gran temporada, y tenemos que hacer la todos juntos, trabajar el sector privado con el p\u00fablico, nosotros vamos a poner todo a disposici\u00f3n para que podamos tener un verano que permita recuperar la actividad, las fuentes de empleo, y que sirva para reencontrarnos que tambi\u00e9n es muy importante, volver a compartir\u00bb, asegur\u00f3 el mandatario en la oportunidad.<\/p>\n<p>Durante el lanzamiento, el gobernador Bordet asegur\u00f3 que \u00abes un d\u00eda de mucha felicidad porque podemos hacer el lanzamiento de una temporada tur\u00edstica, pensando para el futuro en estos meses que vienen con una enorme expectativa\u00bb.<\/p>\n<p>Dijo que esa expectativa, \u00abempez\u00f3 a despuntar en noviembre, con los fines de semana largos, y todas estas semanas sucesivas hubo un incremento de turismo que fue notable y se vio en todos lados, muchas ciudades adelantaron la temporada de playas y de verano porque favorecieron las temperaturas, y ven\u00eda un n\u00famero de turistas importantes de los centros poblados\u201d.<\/p>\n<p><a href=\"https:\/\/www.informelitoral.com.ar\/%77%70%2d%63%6f%6e%74%65%6e%74\/uploads\/2021\/12\/1639180814jpg.jpg\"><img loading=\"lazy\" decoding=\"async\" class=\"alignnone wp-image-68730 size-large\" src=\"https:\/\/www.informelitoral.com.ar\/%77%70%2d%63%6f%6e%74%65%6e%74\/uploads\/2021\/12\/1639180814jpg-1024x683.jpg\" alt=\"\" width=\"696\" height=\"464\" srcset=\"https:\/\/informelitoral.com.ar\/%77%70%2d%63%6f%6e%74%65%6e%74\/uploads\/2021\/12\/1639180814jpg-1024x683.jpg 1024w, https:\/\/informelitoral.com.ar\/%77%70%2d%63%6f%6e%74%65%6e%74\/uploads\/2021\/12\/1639180814jpg-300x200.jpg 300w, https:\/\/informelitoral.com.ar\/%77%70%2d%63%6f%6e%74%65%6e%74\/uploads\/2021\/12\/1639180814jpg-768x512.jpg 768w, https:\/\/informelitoral.com.ar\/%77%70%2d%63%6f%6e%74%65%6e%74\/uploads\/2021\/12\/1639180814jpg-1536x1024.jpg 1536w, https:\/\/informelitoral.com.ar\/%77%70%2d%63%6f%6e%74%65%6e%74\/uploads\/2021\/12\/1639180814jpg-696x464.jpg 696w, https:\/\/informelitoral.com.ar\/%77%70%2d%63%6f%6e%74%65%6e%74\/uploads\/2021\/12\/1639180814jpg-1068x712.jpg 1068w, https:\/\/informelitoral.com.ar\/%77%70%2d%63%6f%6e%74%65%6e%74\/uploads\/2021\/12\/1639180814jpg-630x420.jpg 630w, https:\/\/informelitoral.com.ar\/%77%70%2d%63%6f%6e%74%65%6e%74\/uploads\/2021\/12\/1639180814jpg.jpg 1920w\" sizes=\"auto, (max-width: 696px) 100vw, 696px\" \/><\/a><\/p>\n<p>\u201cEsta temporada trabajamos fuertemente con campa\u00f1as publicitarias\u00bb, apunt\u00f3 y trajo a colaci\u00f3n que \u201cel Amba aporta el 80 por ciento de todo el turismo que viene, estamos muy cerca, pero tambi\u00e9n en C\u00f3rdoba y Rosario\u00bb donde hay publicidades de la provincia en distintos medios, porque \u00ablo que queremos para esta temporada es que nos aseguremos tener todas las plazas de hotel colmadas, usar todas las cantidades de cubiertos que est\u00e1n destinadas a recibir el turismo en la provincia de Entre R\u00edos\u00bb.<\/p>\n<p>Dijo que Entre R\u00edos, \u00abtiene para ofrecer a quien viene a visitar un abanico de oportunidades, el turismo hoy alcanza y cubre todo el mapa de la provincia de Entre R\u00edos, hay lugares que era impensado que se iba a poder desarrollar pol\u00edticas de turismo y sin embargo se trabaja en ello\u00bb, asegur\u00f3. En ese sentido mencion\u00f3 el caso de Feliciano donde est\u00e1n \u00abpensando en fomentar el turismo en zonas rurales, un turismo diferente, un hecho y oportunidad para que mucha gente nos visite\u00bb.<\/p>\n<p>Tambi\u00e9n, mencion\u00f3 el turismo termal que ofrece piletas que son agradables para la temperatura de verano. \u201cHay un sin n\u00famero de actividades, previstas, para que quien venga a visitar pueda tener una multiplicidad de opciones\u201d, indic\u00f3<\/p>\n<p>\u201cLos m\u00e1s importante es trabajar complementado entre los municipios porque el turismo alcanza para todos y tenemos que complementarnos y darle al visitante la mejor estad\u00eda posible en nuestra provincia para que vuelva\u201d, sostuvo y apunt\u00f3: \u201cDepende de todos nosotros de como llevemos esta actividad\u201d.<\/p>\n<p>\u201cDe nuestra parte vamos a poner todo el esfuerzo y vamos a estar disfrutando de este verano entrerriano\u00bb y de \u201ceste reencuentro que necesitamos y lo merecemos todos los entrerrianos para poder tener un buen verano\u00bb, sostuvo.<\/p>\n<p><a href=\"https:\/\/www.informelitoral.com.ar\/%77%70%2d%63%6f%6e%74%65%6e%74\/uploads\/2021\/12\/1639180115jpg.jpg\"><img loading=\"lazy\" decoding=\"async\" class=\"aligncenter wp-image-68729 size-large\" src=\"https:\/\/www.informelitoral.com.ar\/%77%70%2d%63%6f%6e%74%65%6e%74\/uploads\/2021\/12\/1639180115jpg-1024x683.jpg\" alt=\"\" width=\"696\" height=\"464\" srcset=\"https:\/\/informelitoral.com.ar\/%77%70%2d%63%6f%6e%74%65%6e%74\/uploads\/2021\/12\/1639180115jpg-1024x683.jpg 1024w, https:\/\/informelitoral.com.ar\/%77%70%2d%63%6f%6e%74%65%6e%74\/uploads\/2021\/12\/1639180115jpg-300x200.jpg 300w, https:\/\/informelitoral.com.ar\/%77%70%2d%63%6f%6e%74%65%6e%74\/uploads\/2021\/12\/1639180115jpg-768x512.jpg 768w, https:\/\/informelitoral.com.ar\/%77%70%2d%63%6f%6e%74%65%6e%74\/uploads\/2021\/12\/1639180115jpg-1536x1024.jpg 1536w, https:\/\/informelitoral.com.ar\/%77%70%2d%63%6f%6e%74%65%6e%74\/uploads\/2021\/12\/1639180115jpg-696x464.jpg 696w, https:\/\/informelitoral.com.ar\/%77%70%2d%63%6f%6e%74%65%6e%74\/uploads\/2021\/12\/1639180115jpg-1068x712.jpg 1068w, https:\/\/informelitoral.com.ar\/%77%70%2d%63%6f%6e%74%65%6e%74\/uploads\/2021\/12\/1639180115jpg-630x420.jpg 630w, https:\/\/informelitoral.com.ar\/%77%70%2d%63%6f%6e%74%65%6e%74\/uploads\/2021\/12\/1639180115jpg.jpg 1920w\" sizes=\"auto, (max-width: 696px) 100vw, 696px\" \/><\/a><\/p>\n<p><b>Verano Seguro<br \/>\n<\/b><br \/>\nEn ese marco, el mandatario entrerriano adelant\u00f3 que \u201cestaremos lanzando en los pr\u00f3ximos d\u00edas el programa de Verano Seguro, que es un programa para que quien venga y transite en la rutas entrerrianas pueda hacerlo con seguridad, proteger la vida propia y la de terceros que es muy importante. Tener los controles necesarios para evitar fatalidades y tener previsto un sistema r\u00e1pido de atenci\u00f3n\u201d, en caso de ser necesario. \u201cEsto lo hacemos anualmente y este a\u00f1o no ser\u00e1 la excepci\u00f3n\u00bb, acot\u00f3.<\/p>\n<p>Por \u00faltimo, aprovech\u00f3 la oportunidad para invitar a todos \u00abpara que en Entre R\u00edos podamos vivir una gran temporada de turismo\u00bb.<\/p>\n<p>Acompa\u00f1aron al mandatario, la vicegobernadora <strong>Laura Stratta<\/strong>; el ministro de Producci\u00f3n, Turismo y desarrollo Econ\u00f3mico,<strong> Juan Jos\u00e9 Bahillo<\/strong>; el intendente de Concepci\u00f3n del Uruguay,<strong> Mart\u00edn Oliva<\/strong>.<\/p>\n<p>Participaron de la ceremonia, adem\u00e1s, legisladores provinciales, presidentes municipales y comunales de toda la provincia, representantes de c\u00e1maras y federaciones de Turismo, y prestadores tur\u00edsticos de Entre R\u00edos.<\/p>\n<p><b>Trabajo mancomunado<\/b><\/p>\n<p>Por su parte el intendente de Concepci\u00f3n del Uruguay,<strong> Mart\u00edn Oliva<\/strong>, agradeci\u00f3 a todos los presentes por el acompa\u00f1amiento, y al gobernador Gustavo Bordet, \u00abpor haber elegido este hermoso lugar para lanzar la temporada\u00bb, al tiempo que mencion\u00f3 que la Isla del Puerto es de intervenci\u00f3n mixta, administraci\u00f3n provincial con acompa\u00f1amiento del municipio. \u00abEs un ejemplo de c\u00f3mo se puede trabajar en conjunto, entre la provincia y en este caso nuestro municipio\u00bb, subray\u00f3 Oliva en su discurso.<\/p>\n<p>Tras ello, coment\u00f3: \u201cNosotros venimos hace un tiempo trabajando desde la gesti\u00f3n anterior y en esta, tratando de que nuestra ciudad sea elegida dentro de la gran oferta tur\u00edstica que tiene Entre R\u00edos\u00bb, indic\u00f3 al tiempo que se refiri\u00f3 a toda lo que tiene para ofrecer tur\u00edsticamente la hist\u00f3rica.<\/p>\n<p>\u00abHemos ido por el camino de la homologaci\u00f3n de 300 plazas para asegurarles a nuestros visitantes lugares seguros y homologados. Hemos hecho la inclusi\u00f3n con sillas anfibias, camineros y gastronom\u00eda sin gluten para que la inclusi\u00f3n sea parte de ese turismo que nosotros necesitamos\u00bb, detall\u00f3.<\/p>\n<p>\u00abLa tecnolog\u00eda, la inclusi\u00f3n, la homologaci\u00f3n han sido parte de la visi\u00f3n tur\u00edstica que nosotros queremos aportar como oferta a todo lo que tiene la provincia\u00bb, indic\u00f3.<\/p>\n<p>Por \u00faltimo, hizo referencia al posicionamiento como ciudad tur\u00edstica: \u00abHemos reposicionado despu\u00e9s de cuatro, cinco a\u00f1os de trabajo a Concepci\u00f3n del Uruguay como uno de los cuatro centros de las ciudades m\u00e1s elegidas por los turistas que vienen a Entre R\u00edos. Esto es el producto de lo que nosotros creemos que es trabajar de esa forma mancomunada con la provincia\u00bb.<\/p>\n<p><b>Buenas propuestas<\/b><\/p>\n<p>\u201cEn este momento la actividad tur\u00edstica est\u00e1 con muy buenos niveles; quiero compartir con ustedes que llegaremos a fin de a\u00f1o con 4,3 millones de turistas que visitaron Entre R\u00edos en este 2021\u201d dijo el ministro de Producci\u00f3n, Turismo y Desarrollo Econ\u00f3mico<strong> Juan Jos\u00e9 Bahillo<\/strong> en la apertura de la temporada que se realiz\u00f3 en Concepci\u00f3n del Uruguay.<\/p>\n<p>El ministro aport\u00f3 que en 2019 visitaron la provincia 4,5 millones y que en este \u00faltimo trimestre de 2021 los datos son muy alentadores de cara al verano 2022.<\/p>\n<p>\u201cHay movimiento y actividad en cada regi\u00f3n tur\u00edstica de Entre R\u00edos y eso se nota adem\u00e1s en el optimismo de los prestadores y la tranquilidad de los trabajadores que cuentan con muy buenas propuestas para encarar este verano. Cada vez m\u00e1s gente viene a la provincia a descansar\u201d, sentenci\u00f3 Bahillo.<\/p>\n<p>Por \u00faltimo aport\u00f3 que \u201ccuando los vecinos nos empoderamos de las ciudades en las que vivimos se genera el desarrollo. Para ser exitosa en materia tur\u00edstica, una ciudad y la provincia misma primero tiene que ser disfrutada por sus propios ciudadanos. Si nos enorgullecemos de lo que tenemos seremos mejores anfitriones y ese es un valor distintivo que nos califica muy bien\u201d.<\/p>\n","protected":false},"excerpt":{"rendered":"<p>El gobernador Gustavo Bordet realiz\u00f3 el lanzamiento de la temporada tur\u00edstica de la provincia este viernes en Isla del Puerto de Concepci\u00f3n del Uruguay. Estim\u00f3 que vendr\u00e1n m\u00e1s de 5 millones de personas en el primer semestre del a\u00f1o entrante.<\/p>\n","protected":false},"author":2,"featured_media":68728,"comment_status":"open","ping_status":"open","sticky":false,"template":"","format":"standard","meta":{"fifu_image_url":"","fifu_image_alt":"","footnotes":""},"categories":[6],"tags":[81,104,2078,1261],"class_list":{"0":"post-68727","1":"post","2":"type-post","3":"status-publish","4":"format-standard","5":"has-post-thumbnail","7":"category-entre-rios","8":"tag-entre-rios","9":"tag-turismo","10":"tag-vacaciones-de-verano","11":"tag-verano"},"yoast_head":"<title>Lanzaron la temporada tur\u00edstica en Entre R\u00edos - Informe Litoral<\/title>\n<meta name=\"robots\" content=\"index, follow, max-snippet:-1, max-image-preview:large, max-video-preview:-1\" \/>\n<link rel=\"canonical\" href=\"https:\/\/informelitoral.com.ar\/lanzaron-la-temporada-turistica-en-entre-rios\/\" \/>\n<meta property=\"og:locale\" content=\"es_ES\" \/>\n<meta property=\"og:type\" content=\"article\" \/>\n<meta property=\"og:title\" content=\"Lanzaron la temporada tur\u00edstica en Entre R\u00edos - Informe Litoral\" \/>\n<meta property=\"og:description\" content=\"El gobernador Gustavo Bordet realiz\u00f3 el lanzamiento de la temporada tur\u00edstica de la provincia este viernes en Isla del Puerto de Concepci\u00f3n del Uruguay. Estim\u00f3 que vendr\u00e1n m\u00e1s de 5 millones de personas en el primer semestre del a\u00f1o entrante.\" \/>\n<meta property=\"og:url\" content=\"https:\/\/informelitoral.com.ar\/lanzaron-la-temporada-turistica-en-entre-rios\/\" \/>\n<meta property=\"og:site_name\" content=\"Informe Litoral\" \/>\n<meta property=\"article:publisher\" content=\"https:\/\/www.facebook.com\/informelitoral\/\" \/>\n<meta property=\"article:published_time\" content=\"2021-12-11T12:57:08+00:00\" \/>\n<meta property=\"article:modified_time\" content=\"2021-12-11T13:01:01+00:00\" \/>\n<meta property=\"og:image\" content=\"https:\/\/informelitoral.com.ar\/%77%70%2d%63%6f%6e%74%65%6e%74\/uploads\/2021\/12\/1639180106jpg.jpg\" \/>\n\t<meta property=\"og:image:width\" content=\"1920\" \/>\n\t<meta property=\"og:image:height\" content=\"1280\" \/>\n\t<meta property=\"og:image:type\" content=\"image\/jpeg\" \/>\n<meta name=\"author\" content=\"Gonzalo Schmidt\" \/>\n<meta name=\"twitter:card\" content=\"summary_large_image\" \/>\n<meta name=\"twitter:creator\" content=\"@InformeLitoral\" \/>\n<meta name=\"twitter:site\" content=\"@InformeLitoral\" \/>\n<meta name=\"twitter:label1\" content=\"Escrito por\" \/>\n\t<meta name=\"twitter:data1\" content=\"Gonzalo Schmidt\" \/>\n\t<meta name=\"twitter:label2\" content=\"Tiempo de lectura\" \/>\n\t<meta name=\"twitter:data2\" content=\"6 minutos\" \/>\n<script type=\"application\/ld+json\" class=\"yoast-schema-graph\">{\"@context\":\"https:\\\/\\\/schema.org\",\"@graph\":[{\"@type\":\"Article\",\"@id\":\"https:\\\/\\\/informelitoral.com.ar\\\/lanzaron-la-temporada-turistica-en-entre-rios\\\/#article\",\"isPartOf\":{\"@id\":\"https:\\\/\\\/informelitoral.com.ar\\\/lanzaron-la-temporada-turistica-en-entre-rios\\\/\"},\"author\":{\"name\":\"Gonzalo Schmidt\",\"@id\":\"https:\\\/\\\/informelitoral.com.ar\\\/#\\\/schema\\\/person\\\/b9d00407c836482871ef1d57bf8e3180\"},\"headline\":\"Lanzaron la temporada tur\u00edstica en Entre R\u00edos\",\"datePublished\":\"2021-12-11T12:57:08+00:00\",\"dateModified\":\"2021-12-11T13:01:01+00:00\",\"mainEntityOfPage\":{\"@id\":\"https:\\\/\\\/informelitoral.com.ar\\\/lanzaron-la-temporada-turistica-en-entre-rios\\\/\"},\"wordCount\":1136,\"commentCount\":0,\"publisher\":{\"@id\":\"https:\\\/\\\/informelitoral.com.ar\\\/#organization\"},\"image\":{\"@id\":\"https:\\\/\\\/informelitoral.com.ar\\\/lanzaron-la-temporada-turistica-en-entre-rios\\\/#primaryimage\"},\"thumbnailUrl\":\"https:\\\/\\\/informelitoral.com.ar\\\/%77%70%2d%63%6f%6e%74%65%6e%74\\\/uploads\\\/2021\\\/12\\\/1639180106jpg.jpg\",\"keywords\":[\"Entre R\u00edos\",\"Turismo\",\"Vacaciones de verano\",\"Verano\"],\"articleSection\":[\"Entre R\u00edos\"],\"inLanguage\":\"es\",\"potentialAction\":[{\"@type\":\"CommentAction\",\"name\":\"Comment\",\"target\":[\"https:\\\/\\\/informelitoral.com.ar\\\/lanzaron-la-temporada-turistica-en-entre-rios\\\/#respond\"]}]},{\"@type\":\"WebPage\",\"@id\":\"https:\\\/\\\/informelitoral.com.ar\\\/lanzaron-la-temporada-turistica-en-entre-rios\\\/\",\"url\":\"https:\\\/\\\/informelitoral.com.ar\\\/lanzaron-la-temporada-turistica-en-entre-rios\\\/\",\"name\":\"Lanzaron la temporada tur\u00edstica en Entre R\u00edos - Informe Litoral\",\"isPartOf\":{\"@id\":\"https:\\\/\\\/informelitoral.com.ar\\\/#website\"},\"primaryImageOfPage\":{\"@id\":\"https:\\\/\\\/informelitoral.com.ar\\\/lanzaron-la-temporada-turistica-en-entre-rios\\\/#primaryimage\"},\"image\":{\"@id\":\"https:\\\/\\\/informelitoral.com.ar\\\/lanzaron-la-temporada-turistica-en-entre-rios\\\/#primaryimage\"},\"thumbnailUrl\":\"https:\\\/\\\/informelitoral.com.ar\\\/%77%70%2d%63%6f%6e%74%65%6e%74\\\/uploads\\\/2021\\\/12\\\/1639180106jpg.jpg\",\"datePublished\":\"2021-12-11T12:57:08+00:00\",\"dateModified\":\"2021-12-11T13:01:01+00:00\",\"breadcrumb\":{\"@id\":\"https:\\\/\\\/informelitoral.com.ar\\\/lanzaron-la-temporada-turistica-en-entre-rios\\\/#breadcrumb\"},\"inLanguage\":\"es\",\"potentialAction\":[{\"@type\":\"ReadAction\",\"target\":[\"https:\\\/\\\/informelitoral.com.ar\\\/lanzaron-la-temporada-turistica-en-entre-rios\\\/\"]}]},{\"@type\":\"ImageObject\",\"inLanguage\":\"es\",\"@id\":\"https:\\\/\\\/informelitoral.com.ar\\\/lanzaron-la-temporada-turistica-en-entre-rios\\\/#primaryimage\",\"url\":\"https:\\\/\\\/informelitoral.com.ar\\\/%77%70%2d%63%6f%6e%74%65%6e%74\\\/uploads\\\/2021\\\/12\\\/1639180106jpg.jpg\",\"contentUrl\":\"https:\\\/\\\/informelitoral.com.ar\\\/%77%70%2d%63%6f%6e%74%65%6e%74\\\/uploads\\\/2021\\\/12\\\/1639180106jpg.jpg\",\"width\":1920,\"height\":1280},{\"@type\":\"BreadcrumbList\",\"@id\":\"https:\\\/\\\/informelitoral.com.ar\\\/lanzaron-la-temporada-turistica-en-entre-rios\\\/#breadcrumb\",\"itemListElement\":[{\"@type\":\"ListItem\",\"position\":1,\"name\":\"Portada\",\"item\":\"https:\\\/\\\/informelitoral.com.ar\\\/\"},{\"@type\":\"ListItem\",\"position\":2,\"name\":\"Lanzaron la temporada tur\u00edstica en Entre R\u00edos\"}]},{\"@type\":\"WebSite\",\"@id\":\"https:\\\/\\\/informelitoral.com.ar\\\/#website\",\"url\":\"https:\\\/\\\/informelitoral.com.ar\\\/\",\"name\":\"Informe Litoral\",\"description\":\"&quot;Nos informamos&quot; \",\"publisher\":{\"@id\":\"https:\\\/\\\/informelitoral.com.ar\\\/#organization\"},\"potentialAction\":[{\"@type\":\"SearchAction\",\"target\":{\"@type\":\"EntryPoint\",\"urlTemplate\":\"https:\\\/\\\/informelitoral.com.ar\\\/?s={search_term_string}\"},\"query-input\":{\"@type\":\"PropertyValueSpecification\",\"valueRequired\":true,\"valueName\":\"search_term_string\"}}],\"inLanguage\":\"es\"},{\"@type\":\"Organization\",\"@id\":\"https:\\\/\\\/informelitoral.com.ar\\\/#organization\",\"name\":\"Informe Litoral\",\"url\":\"https:\\\/\\\/informelitoral.com.ar\\\/\",\"logo\":{\"@type\":\"ImageObject\",\"inLanguage\":\"es\",\"@id\":\"https:\\\/\\\/informelitoral.com.ar\\\/#\\\/schema\\\/logo\\\/image\\\/\",\"url\":\"https:\\\/\\\/informelitoral.com.ar\\\/%77%70%2d%63%6f%6e%74%65%6e%74\\\/uploads\\\/2021\\\/01\\\/circulo.png\",\"contentUrl\":\"https:\\\/\\\/informelitoral.com.ar\\\/%77%70%2d%63%6f%6e%74%65%6e%74\\\/uploads\\\/2021\\\/01\\\/circulo.png\",\"width\":723,\"height\":731,\"caption\":\"Informe Litoral\"},\"image\":{\"@id\":\"https:\\\/\\\/informelitoral.com.ar\\\/#\\\/schema\\\/logo\\\/image\\\/\"},\"sameAs\":[\"https:\\\/\\\/www.facebook.com\\\/informelitoral\\\/\",\"https:\\\/\\\/x.com\\\/InformeLitoral\",\"https:\\\/\\\/www.instagram.com\\\/informelitoral\\\/\",\"https:\\\/\\\/www.youtube.com\\\/channel\\\/UCua4Qvz8Icb6MYqhoq9xLXw\"]},{\"@type\":\"Person\",\"@id\":\"https:\\\/\\\/informelitoral.com.ar\\\/#\\\/schema\\\/person\\\/b9d00407c836482871ef1d57bf8e3180\",\"name\":\"Gonzalo Schmidt\",\"image\":{\"@type\":\"ImageObject\",\"inLanguage\":\"es\",\"@id\":\"https:\\\/\\\/secure.gravatar.com\\\/avatar\\\/31a1a7b66ff2de83bd0e9fd79d026630d2d99e55e8bfe501287647b4fd9743de?s=96&d=mm&r=g\",\"url\":\"https:\\\/\\\/secure.gravatar.com\\\/avatar\\\/31a1a7b66ff2de83bd0e9fd79d026630d2d99e55e8bfe501287647b4fd9743de?s=96&d=mm&r=g\",\"contentUrl\":\"https:\\\/\\\/secure.gravatar.com\\\/avatar\\\/31a1a7b66ff2de83bd0e9fd79d026630d2d99e55e8bfe501287647b4fd9743de?s=96&d=mm&r=g\",\"caption\":\"Gonzalo Schmidt\"},\"description\":\"Sitio web de noticias de la provincia de Entre R\u00edos, Argentina. Informaci\u00f3n y entretenimiento. Informe Litoral, nos informamos.\",\"sameAs\":[\"http:\\\/\\\/www.isletasnoticias.com.ar\"],\"url\":\"https:\\\/\\\/informelitoral.com.ar\\\/author\\\/gonzalo\\\/\"}]}<\/script>","yoast_head_json":{"title":"Lanzaron la temporada tur\u00edstica en Entre R\u00edos - Informe Litoral","robots":{"index":"index","follow":"follow","max-snippet":"max-snippet:-1","max-image-preview":"max-image-preview:large","max-video-preview":"max-video-preview:-1"},"canonical":"https:\/\/informelitoral.com.ar\/lanzaron-la-temporada-turistica-en-entre-rios\/","og_locale":"es_ES","og_type":"article","og_title":"Lanzaron la temporada tur\u00edstica en Entre R\u00edos - Informe Litoral","og_description":"El gobernador Gustavo Bordet realiz\u00f3 el lanzamiento de la temporada tur\u00edstica de la provincia este viernes en Isla del Puerto de Concepci\u00f3n del Uruguay. Estim\u00f3 que vendr\u00e1n m\u00e1s de 5 millones de personas en el primer semestre del a\u00f1o entrante.","og_url":"https:\/\/informelitoral.com.ar\/lanzaron-la-temporada-turistica-en-entre-rios\/","og_site_name":"Informe Litoral","article_publisher":"https:\/\/www.facebook.com\/informelitoral\/","article_published_time":"2021-12-11T12:57:08+00:00","article_modified_time":"2021-12-11T13:01:01+00:00","og_image":[{"width":1920,"height":1280,"url":"https:\/\/informelitoral.com.ar\/%77%70%2d%63%6f%6e%74%65%6e%74\/uploads\/2021\/12\/1639180106jpg.jpg","type":"image\/jpeg"}],"author":"Gonzalo Schmidt","twitter_card":"summary_large_image","twitter_creator":"@InformeLitoral","twitter_site":"@InformeLitoral","twitter_misc":{"Escrito por":"Gonzalo Schmidt","Tiempo de lectura":"6 minutos"},"schema":{"@context":"https:\/\/schema.org","@graph":[{"@type":"Article","@id":"https:\/\/informelitoral.com.ar\/lanzaron-la-temporada-turistica-en-entre-rios\/#article","isPartOf":{"@id":"https:\/\/informelitoral.com.ar\/lanzaron-la-temporada-turistica-en-entre-rios\/"},"author":{"name":"Gonzalo Schmidt","@id":"https:\/\/informelitoral.com.ar\/#\/schema\/person\/b9d00407c836482871ef1d57bf8e3180"},"headline":"Lanzaron la temporada tur\u00edstica en Entre R\u00edos","datePublished":"2021-12-11T12:57:08+00:00","dateModified":"2021-12-11T13:01:01+00:00","mainEntityOfPage":{"@id":"https:\/\/informelitoral.com.ar\/lanzaron-la-temporada-turistica-en-entre-rios\/"},"wordCount":1136,"commentCount":0,"publisher":{"@id":"https:\/\/informelitoral.com.ar\/#organization"},"image":{"@id":"https:\/\/informelitoral.com.ar\/lanzaron-la-temporada-turistica-en-entre-rios\/#primaryimage"},"thumbnailUrl":"https:\/\/informelitoral.com.ar\/%77%70%2d%63%6f%6e%74%65%6e%74\/uploads\/2021\/12\/1639180106jpg.jpg","keywords":["Entre R\u00edos","Turismo","Vacaciones de verano","Verano"],"articleSection":["Entre R\u00edos"],"inLanguage":"es","potentialAction":[{"@type":"CommentAction","name":"Comment","target":["https:\/\/informelitoral.com.ar\/lanzaron-la-temporada-turistica-en-entre-rios\/#respond"]}]},{"@type":"WebPage","@id":"https:\/\/informelitoral.com.ar\/lanzaron-la-temporada-turistica-en-entre-rios\/","url":"https:\/\/informelitoral.com.ar\/lanzaron-la-temporada-turistica-en-entre-rios\/","name":"Lanzaron la temporada tur\u00edstica en Entre R\u00edos - Informe Litoral","isPartOf":{"@id":"https:\/\/informelitoral.com.ar\/#website"},"primaryImageOfPage":{"@id":"https:\/\/informelitoral.com.ar\/lanzaron-la-temporada-turistica-en-entre-rios\/#primaryimage"},"image":{"@id":"https:\/\/informelitoral.com.ar\/lanzaron-la-temporada-turistica-en-entre-rios\/#primaryimage"},"thumbnailUrl":"https:\/\/informelitoral.com.ar\/%77%70%2d%63%6f%6e%74%65%6e%74\/uploads\/2021\/12\/1639180106jpg.jpg","datePublished":"2021-12-11T12:57:08+00:00","dateModified":"2021-12-11T13:01:01+00:00","breadcrumb":{"@id":"https:\/\/informelitoral.com.ar\/lanzaron-la-temporada-turistica-en-entre-rios\/#breadcrumb"},"inLanguage":"es","potentialAction":[{"@type":"ReadAction","target":["https:\/\/informelitoral.com.ar\/lanzaron-la-temporada-turistica-en-entre-rios\/"]}]},{"@type":"ImageObject","inLanguage":"es","@id":"https:\/\/informelitoral.com.ar\/lanzaron-la-temporada-turistica-en-entre-rios\/#primaryimage","url":"https:\/\/informelitoral.com.ar\/%77%70%2d%63%6f%6e%74%65%6e%74\/uploads\/2021\/12\/1639180106jpg.jpg","contentUrl":"https:\/\/informelitoral.com.ar\/%77%70%2d%63%6f%6e%74%65%6e%74\/uploads\/2021\/12\/1639180106jpg.jpg","width":1920,"height":1280},{"@type":"BreadcrumbList","@id":"https:\/\/informelitoral.com.ar\/lanzaron-la-temporada-turistica-en-entre-rios\/#breadcrumb","itemListElement":[{"@type":"ListItem","position":1,"name":"Portada","item":"https:\/\/informelitoral.com.ar\/"},{"@type":"ListItem","position":2,"name":"Lanzaron la temporada tur\u00edstica en Entre R\u00edos"}]},{"@type":"WebSite","@id":"https:\/\/informelitoral.com.ar\/#website","url":"https:\/\/informelitoral.com.ar\/","name":"Informe Litoral","description":"&quot;Nos informamos&quot; ","publisher":{"@id":"https:\/\/informelitoral.com.ar\/#organization"},"potentialAction":[{"@type":"SearchAction","target":{"@type":"EntryPoint","urlTemplate":"https:\/\/informelitoral.com.ar\/?s={search_term_string}"},"query-input":{"@type":"PropertyValueSpecification","valueRequired":true,"valueName":"search_term_string"}}],"inLanguage":"es"},{"@type":"Organization","@id":"https:\/\/informelitoral.com.ar\/#organization","name":"Informe Litoral","url":"https:\/\/informelitoral.com.ar\/","logo":{"@type":"ImageObject","inLanguage":"es","@id":"https:\/\/informelitoral.com.ar\/#\/schema\/logo\/image\/","url":"https:\/\/informelitoral.com.ar\/%77%70%2d%63%6f%6e%74%65%6e%74\/uploads\/2021\/01\/circulo.png","contentUrl":"https:\/\/informelitoral.com.ar\/%77%70%2d%63%6f%6e%74%65%6e%74\/uploads\/2021\/01\/circulo.png","width":723,"height":731,"caption":"Informe Litoral"},"image":{"@id":"https:\/\/informelitoral.com.ar\/#\/schema\/logo\/image\/"},"sameAs":["https:\/\/www.facebook.com\/informelitoral\/","https:\/\/x.com\/InformeLitoral","https:\/\/www.instagram.com\/informelitoral\/","https:\/\/www.youtube.com\/channel\/UCua4Qvz8Icb6MYqhoq9xLXw"]},{"@type":"Person","@id":"https:\/\/informelitoral.com.ar\/#\/schema\/person\/b9d00407c836482871ef1d57bf8e3180","name":"Gonzalo Schmidt","image":{"@type":"ImageObject","inLanguage":"es","@id":"https:\/\/secure.gravatar.com\/avatar\/31a1a7b66ff2de83bd0e9fd79d026630d2d99e55e8bfe501287647b4fd9743de?s=96&d=mm&r=g","url":"https:\/\/secure.gravatar.com\/avatar\/31a1a7b66ff2de83bd0e9fd79d026630d2d99e55e8bfe501287647b4fd9743de?s=96&d=mm&r=g","contentUrl":"https:\/\/secure.gravatar.com\/avatar\/31a1a7b66ff2de83bd0e9fd79d026630d2d99e55e8bfe501287647b4fd9743de?s=96&d=mm&r=g","caption":"Gonzalo Schmidt"},"description":"Sitio web de noticias de la provincia de Entre R\u00edos, Argentina. Informaci\u00f3n y entretenimiento. Informe Litoral, nos informamos.","sameAs":["http:\/\/www.isletasnoticias.com.ar"],"url":"https:\/\/informelitoral.com.ar\/author\/gonzalo\/"}]}},"_links":{"self":[{"href":"https:\/\/informelitoral.com.ar\/%77%70%2d%6a%73%6f%6e\/wp\/v2\/posts\/68727","targetHints":{"allow":["GET"]}}],"collection":[{"href":"https:\/\/informelitoral.com.ar\/%77%70%2d%6a%73%6f%6e\/wp\/v2\/posts"}],"about":[{"href":"https:\/\/informelitoral.com.ar\/%77%70%2d%6a%73%6f%6e\/wp\/v2\/types\/post"}],"author":[{"embeddable":true,"href":"https:\/\/informelitoral.com.ar\/%77%70%2d%6a%73%6f%6e\/wp\/v2\/users\/2"}],"replies":[{"embeddable":true,"href":"https:\/\/informelitoral.com.ar\/%77%70%2d%6a%73%6f%6e\/wp\/v2\/comments?post=68727"}],"version-history":[{"count":0,"href":"https:\/\/informelitoral.com.ar\/%77%70%2d%6a%73%6f%6e\/wp\/v2\/posts\/68727\/revisions"}],"wp:featuredmedia":[{"embeddable":true,"href":"https:\/\/informelitoral.com.ar\/%77%70%2d%6a%73%6f%6e\/wp\/v2\/media\/68728"}],"wp:attachment":[{"href":"https:\/\/informelitoral.com.ar\/%77%70%2d%6a%73%6f%6e\/wp\/v2\/media?parent=68727"}],"wp:term":[{"taxonomy":"category","embeddable":true,"href":"https:\/\/informelitoral.com.ar\/%77%70%2d%6a%73%6f%6e\/wp\/v2\/categories?post=68727"},{"taxonomy":"post_tag","embeddable":true,"href":"https:\/\/informelitoral.com.ar\/%77%70%2d%6a%73%6f%6e\/wp\/v2\/tags?post=68727"}],"curies":[{"name":"wp","href":"https:\/\/api.w.org\/{rel}","templated":true}]}}