{"id":68713,"date":"2021-12-10T22:04:23","date_gmt":"2021-12-11T01:04:23","guid":{"rendered":"https:\/\/www.informelitoral.com.ar\/?p=68713"},"modified":"2021-12-10T22:04:23","modified_gmt":"2021-12-11T01:04:23","slug":"tranquila-cristina-no-vamos-a-negociar-nada-que-ponga-en-compromiso-el-crecimiento-de-la-argentina","status":"publish","type":"post","link":"https:\/\/informelitoral.com.ar\/tranquila-cristina-no-vamos-a-negociar-nada-que-ponga-en-compromiso-el-crecimiento-de-la-argentina\/","title":{"rendered":"\u201cTranquila Cristina, no vamos a negociar nada que ponga en compromiso el crecimiento de la Argentina\u201d"},"content":{"rendered":"<p class=\"paragraph\">El presidente\u00a0<b>Alberto Fern\u00e1ndez\u00a0<\/b>cerr\u00f3 el acto por el D\u00eda de la Democracia con un fuerte mensaje en medio de la interna del Frente de Todos. Luego de que Cristina Kirchner advirtiera sobre los t\u00e9rminos de la negociaci\u00f3n con el FMI, el Presidente le asegur\u00f3 que no negociar\u00e1 nada que \u201cponga en compromiso el crecimiento y el desarrollo social en la Argentina\u201d.<\/p>\n<p class=\"paragraph\"><mark class=\"hl_yellow\"><b>\u201cNo tengas miedo Cristina, que si el Fondo me suelta la mano, voy a estar agarrado de la mano de cada argentino y argentina\u201d<\/b><\/mark>, dijo euf\u00f3rico el mandatario, tras recordar que \u201cmuchas veces el FMI le solt\u00f3 la mano a presidentes argentinos y as\u00ed puso en crisis la institucionalidad de la Argentina\u201d.<\/p>\n<div class=\"inline ad-wrapper\">\n<div class=\"dfpAd display_inline_block ad_margin_wrapper\">\n<div id=\"infobae\/politica\/nota\/inline\" class=\"infobae\/politica\/nota\/inline arcad\" data-google-query-id=\"CLqh_brF2vQCFRUB1Aod0CkI6A\"><\/div>\n<\/div>\n<\/div>\n<p class=\"paragraph\"><mark class=\"hl_yellow\"><b>\u201cNo somos los que no queremos pagar las deudas, tampoco somos los que la tomaron, somos los que tenemos que hacernos cargo de las deudas que los sinverg\u00fcenzas nos dejaron\u201d<\/b><\/mark>, arremeti\u00f3.<\/p>\n<p class=\"paragraph\">Minutos antes, la Vicepresidenta hab\u00eda dicho que no se iba a aprobar \u201cning\u00fan plan que no permita la recuperaci\u00f3n econ\u00f3mica\u201d. \u201cEs el deber de los argentinos que integran la fuerza pol\u00edtica que volvi\u00f3 a la Argentina\u201d, aclar\u00f3.<\/p>\n<div class=\"visual__image \"><img loading=\"lazy\" decoding=\"async\" src=\"https:\/\/www.infobae.com\/new-resizer\/qqCvwDy3E2xV9_1SzbGE_DggQ2Q=\/420x236\/filters:format(webp):quality(85)\/cloudfront-us-east-1.images.arcpublishing.com\/infobae\/ZIUUPRUKT5DP7FWNBZGBK4UQ6I.jpg%20420w\" sizes=\"auto, (min-width: 800px) 50vw, 90vw\" srcset=\"https:\/\/www.infobae.com\/new-resizer\/qqCvwDy3E2xV9_1SzbGE_DggQ2Q=\/420x236\/filters:format(webp):quality(85)\/cloudfront-us-east-1.images.arcpublishing.com\/infobae\/ZIUUPRUKT5DP7FWNBZGBK4UQ6I.jpg 420w,https:\/\/www.infobae.com\/new-resizer\/e6BYRrjxFVpnueLg2e29AJbxy1A=\/768x432\/filters:format(webp):quality(85)\/cloudfront-us-east-1.images.arcpublishing.com\/infobae\/ZIUUPRUKT5DP7FWNBZGBK4UQ6I.jpg 768w,https:\/\/www.infobae.com\/new-resizer\/OKWZqvhp6PnjLpVuJDxXNPJ7pnU=\/992x558\/filters:format(webp):quality(85)\/cloudfront-us-east-1.images.arcpublishing.com\/infobae\/ZIUUPRUKT5DP7FWNBZGBK4UQ6I.jpg 992w,https:\/\/www.infobae.com\/new-resizer\/jwwNDE-IxEswWper8qdMI4v7eLk=\/1200x675\/filters:format(webp):quality(85)\/cloudfront-us-east-1.images.arcpublishing.com\/infobae\/ZIUUPRUKT5DP7FWNBZGBK4UQ6I.jpg 1200w,https:\/\/www.infobae.com\/new-resizer\/Q4HeyclEEJWM5XPkR2R0n1d_7kA=\/1440x810\/filters:format(webp):quality(85)\/cloudfront-us-east-1.images.arcpublishing.com\/infobae\/ZIUUPRUKT5DP7FWNBZGBK4UQ6I.jpg 1440w\" alt=\"Cristina Kirchner\" width=\"1920\" height=\"1080\" \/>Por otro lado, Alberto Fern\u00e1ndez ratific\u00f3 las promesas electorales que hizo en 2019 y \u201cel contrato que hace dos a\u00f1os\u201d firmaron con la Vicepresidenta. \u201c<mark class=\"hl_yellow\"><b>No vamos a defeccionar en nada de lo que prometimos.<\/b><\/mark> Vamos a seguir trabajando con la idea de primero los \u00faltimos, los m\u00e1s postergados. Vamos a hacer todo lo necesario para que la pobreza y el hambre vayan desapareciendo de la Argentina. Vamos a hacer todo lo necesario para que todos tengan un empleo digno\u201d, dijo. Y agreg\u00f3: \u201cEstoy con vos Cristina, s\u00e9 de tu inocencia y honestidad. No esperen que me pare en otro lado\u201d.<\/div>\n<div><\/div>\n<p class=\"paragraph\">En esa l\u00ednea, prometi\u00f3 que el a\u00f1o pr\u00f3ximo har\u00e1 todo lo que est\u00e9 a su alcance para que\u00a0<b>\u201cla distribuci\u00f3n del ingreso mejore, el salario crezca y las ganancias no queden en el bolsillo de unos pocos\u201d<\/b>. Adem\u00e1s, convoc\u00f3 a todos los sectores a \u201cconstruir otra Argentina, una Argentina libre, justa y soberana como siempre hicimos los peronistas\u201d.<\/p>\n<p class=\"paragraph\">Por otro lado, destac\u00f3 que hoy \u201cning\u00fan jubilado paga medicamentos\u201d y ponder\u00f3 la sanci\u00f3n de la ley de Interrupci\u00f3n Voluntaria del Embarazo (IVE), al asegurar que\u00a0<b>\u201cno se retrocedi\u00f3 en materia de derechos\u201d en la pandemia de coronavirus.<\/b><\/p>\n<div class=\"visual__image \"><img loading=\"lazy\" decoding=\"async\" src=\"https:\/\/www.infobae.com\/new-resizer\/7_HdAXiJXZ8KZBTwO3035DuvGZI=\/420x236\/filters:format(webp):quality(85)\/cloudfront-us-east-1.images.arcpublishing.com\/infobae\/VIAXX2QX5FCEJPDMVLKREP42KA.JPG%20420w\" sizes=\"auto, (min-width: 800px) 50vw, 90vw\" srcset=\"https:\/\/www.infobae.com\/new-resizer\/7_HdAXiJXZ8KZBTwO3035DuvGZI=\/420x236\/filters:format(webp):quality(85)\/cloudfront-us-east-1.images.arcpublishing.com\/infobae\/VIAXX2QX5FCEJPDMVLKREP42KA.JPG 420w,https:\/\/www.infobae.com\/new-resizer\/wbl8jKtHG5wce3ZOza-XDWRhDeg=\/768x432\/filters:format(webp):quality(85)\/cloudfront-us-east-1.images.arcpublishing.com\/infobae\/VIAXX2QX5FCEJPDMVLKREP42KA.JPG 768w,https:\/\/www.infobae.com\/new-resizer\/jKHXjU58Ny2myGiTZBF9ocF87l4=\/992x558\/filters:format(webp):quality(85)\/cloudfront-us-east-1.images.arcpublishing.com\/infobae\/VIAXX2QX5FCEJPDMVLKREP42KA.JPG 992w,https:\/\/www.infobae.com\/new-resizer\/g8kh057cJxaU0Jy_3niMCw6wcNk=\/1200x675\/filters:format(webp):quality(85)\/cloudfront-us-east-1.images.arcpublishing.com\/infobae\/VIAXX2QX5FCEJPDMVLKREP42KA.JPG 1200w,https:\/\/www.infobae.com\/new-resizer\/apN5iGS_-30ARDJXtR7ICOqIwnI=\/1440x810\/filters:format(webp):quality(85)\/cloudfront-us-east-1.images.arcpublishing.com\/infobae\/VIAXX2QX5FCEJPDMVLKREP42KA.JPG 1440w\" alt=\"(Gustavo Gavotti)\" width=\"1920\" height=\"1080\" \/><\/div>\n<p class=\"paragraph\">Alberto Fern\u00e1ndez comenz\u00f3 el discurso recordando a los desaparecidos y asegur\u00f3 que la Argentina es referencia mundial en materia de Derechos Humanos gracias a la Madres y a las Abuelas de Plaza de Mayo.<\/p>\n<p class=\"paragraph\">Tambi\u00e9n lament\u00f3 que posiciones extremistas hayan vuelto a aparecer en el pa\u00eds \u201cbajo el r\u00f3tulo de libertarios\u201d. \u201cSin representantes del conservadurismo y negacionistas, ante eso no podemos quedarnos de brazos cruzados\u201d, dijo.<\/p>\n<p class=\"paragraph\">\u201cLos que invitan al olvido son los que quieren sacarse la responsabilidad de encima.\u00a0<mark class=\"hl_yellow\"><b>No olvidemos a los genocidas y tampoco olvidemos a los que nos endeudaron hace apenas dos a\u00f1os atr\u00e1s, que ahora andan dando c\u00e1tedra sobre la deuda<\/b><\/mark>\u201d, fustig\u00f3.<\/p>\n","protected":false},"excerpt":{"rendered":"<p>\u00abSomos los que tenemos que hacernos cargo de las deudas que los sinverg\u00fcenzas nos dejaron\u201d, afirm\u00f3 el Presidente. <\/p>\n","protected":false},"author":2,"featured_media":68714,"comment_status":"open","ping_status":"open","sticky":false,"template":"","format":"standard","meta":{"fifu_image_url":"","fifu_image_alt":"","footnotes":""},"categories":[16],"tags":[1311],"class_list":{"0":"post-68713","1":"post","2":"type-post","3":"status-publish","4":"format-standard","5":"has-post-thumbnail","7":"category-politi","8":"tag-alberto-fernandez"},"yoast_head":"<title>\u201cTranquila Cristina, no vamos a negociar nada que ponga en compromiso el crecimiento de la Argentina\u201d - Informe Litoral<\/title>\n<meta name=\"robots\" content=\"index, follow, max-snippet:-1, max-image-preview:large, max-video-preview:-1\" \/>\n<link rel=\"canonical\" href=\"https:\/\/informelitoral.com.ar\/tranquila-cristina-no-vamos-a-negociar-nada-que-ponga-en-compromiso-el-crecimiento-de-la-argentina\/\" \/>\n<meta property=\"og:locale\" content=\"es_ES\" \/>\n<meta property=\"og:type\" content=\"article\" \/>\n<meta property=\"og:title\" content=\"\u201cTranquila Cristina, no vamos a negociar nada que ponga en compromiso el crecimiento de la Argentina\u201d - Informe Litoral\" \/>\n<meta property=\"og:description\" content=\"&quot;Somos los que tenemos que hacernos cargo de las deudas que los sinverg\u00fcenzas nos dejaron\u201d, afirm\u00f3 el Presidente.\" \/>\n<meta property=\"og:url\" content=\"https:\/\/informelitoral.com.ar\/tranquila-cristina-no-vamos-a-negociar-nada-que-ponga-en-compromiso-el-crecimiento-de-la-argentina\/\" \/>\n<meta property=\"og:site_name\" content=\"Informe Litoral\" \/>\n<meta property=\"article:publisher\" content=\"https:\/\/www.facebook.com\/informelitoral\/\" \/>\n<meta property=\"article:published_time\" content=\"2021-12-11T01:04:23+00:00\" \/>\n<meta property=\"og:image\" content=\"https:\/\/informelitoral.com.ar\/%77%70%2d%63%6f%6e%74%65%6e%74\/uploads\/2021\/12\/alberto-fernandezjpg.jpg\" \/>\n\t<meta property=\"og:image:width\" content=\"730\" \/>\n\t<meta property=\"og:image:height\" content=\"487\" \/>\n\t<meta property=\"og:image:type\" content=\"image\/jpeg\" \/>\n<meta name=\"author\" content=\"Gonzalo Schmidt\" \/>\n<meta name=\"twitter:card\" content=\"summary_large_image\" \/>\n<meta name=\"twitter:creator\" content=\"@InformeLitoral\" \/>\n<meta name=\"twitter:site\" content=\"@InformeLitoral\" \/>\n<meta name=\"twitter:label1\" content=\"Escrito por\" \/>\n\t<meta name=\"twitter:data1\" content=\"Gonzalo Schmidt\" \/>\n\t<meta name=\"twitter:label2\" content=\"Tiempo de lectura\" \/>\n\t<meta name=\"twitter:data2\" content=\"3 minutos\" \/>\n<script type=\"application\/ld+json\" class=\"yoast-schema-graph\">{\"@context\":\"https:\\\/\\\/schema.org\",\"@graph\":[{\"@type\":\"Article\",\"@id\":\"https:\\\/\\\/informelitoral.com.ar\\\/tranquila-cristina-no-vamos-a-negociar-nada-que-ponga-en-compromiso-el-crecimiento-de-la-argentina\\\/#article\",\"isPartOf\":{\"@id\":\"https:\\\/\\\/informelitoral.com.ar\\\/tranquila-cristina-no-vamos-a-negociar-nada-que-ponga-en-compromiso-el-crecimiento-de-la-argentina\\\/\"},\"author\":{\"name\":\"Gonzalo Schmidt\",\"@id\":\"https:\\\/\\\/informelitoral.com.ar\\\/#\\\/schema\\\/person\\\/b9d00407c836482871ef1d57bf8e3180\"},\"headline\":\"\u201cTranquila Cristina, no vamos a negociar nada que ponga en compromiso el crecimiento de la Argentina\u201d\",\"datePublished\":\"2021-12-11T01:04:23+00:00\",\"mainEntityOfPage\":{\"@id\":\"https:\\\/\\\/informelitoral.com.ar\\\/tranquila-cristina-no-vamos-a-negociar-nada-que-ponga-en-compromiso-el-crecimiento-de-la-argentina\\\/\"},\"wordCount\":529,\"commentCount\":0,\"publisher\":{\"@id\":\"https:\\\/\\\/informelitoral.com.ar\\\/#organization\"},\"image\":{\"@id\":\"https:\\\/\\\/informelitoral.com.ar\\\/tranquila-cristina-no-vamos-a-negociar-nada-que-ponga-en-compromiso-el-crecimiento-de-la-argentina\\\/#primaryimage\"},\"thumbnailUrl\":\"https:\\\/\\\/informelitoral.com.ar\\\/%77%70%2d%63%6f%6e%74%65%6e%74\\\/uploads\\\/2021\\\/12\\\/alberto-fernandezjpg.jpg\",\"keywords\":[\"Alberto Fern\u00e1ndez\"],\"articleSection\":[\"Politica\"],\"inLanguage\":\"es\",\"potentialAction\":[{\"@type\":\"CommentAction\",\"name\":\"Comment\",\"target\":[\"https:\\\/\\\/informelitoral.com.ar\\\/tranquila-cristina-no-vamos-a-negociar-nada-que-ponga-en-compromiso-el-crecimiento-de-la-argentina\\\/#respond\"]}]},{\"@type\":\"WebPage\",\"@id\":\"https:\\\/\\\/informelitoral.com.ar\\\/tranquila-cristina-no-vamos-a-negociar-nada-que-ponga-en-compromiso-el-crecimiento-de-la-argentina\\\/\",\"url\":\"https:\\\/\\\/informelitoral.com.ar\\\/tranquila-cristina-no-vamos-a-negociar-nada-que-ponga-en-compromiso-el-crecimiento-de-la-argentina\\\/\",\"name\":\"\u201cTranquila Cristina, no vamos a negociar nada que ponga en compromiso el crecimiento de la Argentina\u201d - Informe Litoral\",\"isPartOf\":{\"@id\":\"https:\\\/\\\/informelitoral.com.ar\\\/#website\"},\"primaryImageOfPage\":{\"@id\":\"https:\\\/\\\/informelitoral.com.ar\\\/tranquila-cristina-no-vamos-a-negociar-nada-que-ponga-en-compromiso-el-crecimiento-de-la-argentina\\\/#primaryimage\"},\"image\":{\"@id\":\"https:\\\/\\\/informelitoral.com.ar\\\/tranquila-cristina-no-vamos-a-negociar-nada-que-ponga-en-compromiso-el-crecimiento-de-la-argentina\\\/#primaryimage\"},\"thumbnailUrl\":\"https:\\\/\\\/informelitoral.com.ar\\\/%77%70%2d%63%6f%6e%74%65%6e%74\\\/uploads\\\/2021\\\/12\\\/alberto-fernandezjpg.jpg\",\"datePublished\":\"2021-12-11T01:04:23+00:00\",\"breadcrumb\":{\"@id\":\"https:\\\/\\\/informelitoral.com.ar\\\/tranquila-cristina-no-vamos-a-negociar-nada-que-ponga-en-compromiso-el-crecimiento-de-la-argentina\\\/#breadcrumb\"},\"inLanguage\":\"es\",\"potentialAction\":[{\"@type\":\"ReadAction\",\"target\":[\"https:\\\/\\\/informelitoral.com.ar\\\/tranquila-cristina-no-vamos-a-negociar-nada-que-ponga-en-compromiso-el-crecimiento-de-la-argentina\\\/\"]}]},{\"@type\":\"ImageObject\",\"inLanguage\":\"es\",\"@id\":\"https:\\\/\\\/informelitoral.com.ar\\\/tranquila-cristina-no-vamos-a-negociar-nada-que-ponga-en-compromiso-el-crecimiento-de-la-argentina\\\/#primaryimage\",\"url\":\"https:\\\/\\\/informelitoral.com.ar\\\/%77%70%2d%63%6f%6e%74%65%6e%74\\\/uploads\\\/2021\\\/12\\\/alberto-fernandezjpg.jpg\",\"contentUrl\":\"https:\\\/\\\/informelitoral.com.ar\\\/%77%70%2d%63%6f%6e%74%65%6e%74\\\/uploads\\\/2021\\\/12\\\/alberto-fernandezjpg.jpg\",\"width\":730,\"height\":487},{\"@type\":\"BreadcrumbList\",\"@id\":\"https:\\\/\\\/informelitoral.com.ar\\\/tranquila-cristina-no-vamos-a-negociar-nada-que-ponga-en-compromiso-el-crecimiento-de-la-argentina\\\/#breadcrumb\",\"itemListElement\":[{\"@type\":\"ListItem\",\"position\":1,\"name\":\"Portada\",\"item\":\"https:\\\/\\\/informelitoral.com.ar\\\/\"},{\"@type\":\"ListItem\",\"position\":2,\"name\":\"\u201cTranquila Cristina, no vamos a negociar nada que ponga en compromiso el crecimiento de la Argentina\u201d\"}]},{\"@type\":\"WebSite\",\"@id\":\"https:\\\/\\\/informelitoral.com.ar\\\/#website\",\"url\":\"https:\\\/\\\/informelitoral.com.ar\\\/\",\"name\":\"Informe Litoral\",\"description\":\"&quot;Nos informamos&quot; \",\"publisher\":{\"@id\":\"https:\\\/\\\/informelitoral.com.ar\\\/#organization\"},\"potentialAction\":[{\"@type\":\"SearchAction\",\"target\":{\"@type\":\"EntryPoint\",\"urlTemplate\":\"https:\\\/\\\/informelitoral.com.ar\\\/?s={search_term_string}\"},\"query-input\":{\"@type\":\"PropertyValueSpecification\",\"valueRequired\":true,\"valueName\":\"search_term_string\"}}],\"inLanguage\":\"es\"},{\"@type\":\"Organization\",\"@id\":\"https:\\\/\\\/informelitoral.com.ar\\\/#organization\",\"name\":\"Informe Litoral\",\"url\":\"https:\\\/\\\/informelitoral.com.ar\\\/\",\"logo\":{\"@type\":\"ImageObject\",\"inLanguage\":\"es\",\"@id\":\"https:\\\/\\\/informelitoral.com.ar\\\/#\\\/schema\\\/logo\\\/image\\\/\",\"url\":\"https:\\\/\\\/informelitoral.com.ar\\\/%77%70%2d%63%6f%6e%74%65%6e%74\\\/uploads\\\/2021\\\/01\\\/circulo.png\",\"contentUrl\":\"https:\\\/\\\/informelitoral.com.ar\\\/%77%70%2d%63%6f%6e%74%65%6e%74\\\/uploads\\\/2021\\\/01\\\/circulo.png\",\"width\":723,\"height\":731,\"caption\":\"Informe Litoral\"},\"image\":{\"@id\":\"https:\\\/\\\/informelitoral.com.ar\\\/#\\\/schema\\\/logo\\\/image\\\/\"},\"sameAs\":[\"https:\\\/\\\/www.facebook.com\\\/informelitoral\\\/\",\"https:\\\/\\\/x.com\\\/InformeLitoral\",\"https:\\\/\\\/www.instagram.com\\\/informelitoral\\\/\",\"https:\\\/\\\/www.youtube.com\\\/channel\\\/UCua4Qvz8Icb6MYqhoq9xLXw\"]},{\"@type\":\"Person\",\"@id\":\"https:\\\/\\\/informelitoral.com.ar\\\/#\\\/schema\\\/person\\\/b9d00407c836482871ef1d57bf8e3180\",\"name\":\"Gonzalo Schmidt\",\"image\":{\"@type\":\"ImageObject\",\"inLanguage\":\"es\",\"@id\":\"https:\\\/\\\/secure.gravatar.com\\\/avatar\\\/31a1a7b66ff2de83bd0e9fd79d026630d2d99e55e8bfe501287647b4fd9743de?s=96&d=mm&r=g\",\"url\":\"https:\\\/\\\/secure.gravatar.com\\\/avatar\\\/31a1a7b66ff2de83bd0e9fd79d026630d2d99e55e8bfe501287647b4fd9743de?s=96&d=mm&r=g\",\"contentUrl\":\"https:\\\/\\\/secure.gravatar.com\\\/avatar\\\/31a1a7b66ff2de83bd0e9fd79d026630d2d99e55e8bfe501287647b4fd9743de?s=96&d=mm&r=g\",\"caption\":\"Gonzalo Schmidt\"},\"description\":\"Sitio web de noticias de la provincia de Entre R\u00edos, Argentina. Informaci\u00f3n y entretenimiento. Informe Litoral, nos informamos.\",\"sameAs\":[\"http:\\\/\\\/www.isletasnoticias.com.ar\"],\"url\":\"https:\\\/\\\/informelitoral.com.ar\\\/author\\\/gonzalo\\\/\"}]}<\/script>","yoast_head_json":{"title":"\u201cTranquila Cristina, no vamos a negociar nada que ponga en compromiso el crecimiento de la Argentina\u201d - Informe Litoral","robots":{"index":"index","follow":"follow","max-snippet":"max-snippet:-1","max-image-preview":"max-image-preview:large","max-video-preview":"max-video-preview:-1"},"canonical":"https:\/\/informelitoral.com.ar\/tranquila-cristina-no-vamos-a-negociar-nada-que-ponga-en-compromiso-el-crecimiento-de-la-argentina\/","og_locale":"es_ES","og_type":"article","og_title":"\u201cTranquila Cristina, no vamos a negociar nada que ponga en compromiso el crecimiento de la Argentina\u201d - Informe Litoral","og_description":"\"Somos los que tenemos que hacernos cargo de las deudas que los sinverg\u00fcenzas nos dejaron\u201d, afirm\u00f3 el Presidente.","og_url":"https:\/\/informelitoral.com.ar\/tranquila-cristina-no-vamos-a-negociar-nada-que-ponga-en-compromiso-el-crecimiento-de-la-argentina\/","og_site_name":"Informe Litoral","article_publisher":"https:\/\/www.facebook.com\/informelitoral\/","article_published_time":"2021-12-11T01:04:23+00:00","og_image":[{"width":730,"height":487,"url":"https:\/\/informelitoral.com.ar\/%77%70%2d%63%6f%6e%74%65%6e%74\/uploads\/2021\/12\/alberto-fernandezjpg.jpg","type":"image\/jpeg"}],"author":"Gonzalo Schmidt","twitter_card":"summary_large_image","twitter_creator":"@InformeLitoral","twitter_site":"@InformeLitoral","twitter_misc":{"Escrito por":"Gonzalo Schmidt","Tiempo de lectura":"3 minutos"},"schema":{"@context":"https:\/\/schema.org","@graph":[{"@type":"Article","@id":"https:\/\/informelitoral.com.ar\/tranquila-cristina-no-vamos-a-negociar-nada-que-ponga-en-compromiso-el-crecimiento-de-la-argentina\/#article","isPartOf":{"@id":"https:\/\/informelitoral.com.ar\/tranquila-cristina-no-vamos-a-negociar-nada-que-ponga-en-compromiso-el-crecimiento-de-la-argentina\/"},"author":{"name":"Gonzalo Schmidt","@id":"https:\/\/informelitoral.com.ar\/#\/schema\/person\/b9d00407c836482871ef1d57bf8e3180"},"headline":"\u201cTranquila Cristina, no vamos a negociar nada que ponga en compromiso el crecimiento de la Argentina\u201d","datePublished":"2021-12-11T01:04:23+00:00","mainEntityOfPage":{"@id":"https:\/\/informelitoral.com.ar\/tranquila-cristina-no-vamos-a-negociar-nada-que-ponga-en-compromiso-el-crecimiento-de-la-argentina\/"},"wordCount":529,"commentCount":0,"publisher":{"@id":"https:\/\/informelitoral.com.ar\/#organization"},"image":{"@id":"https:\/\/informelitoral.com.ar\/tranquila-cristina-no-vamos-a-negociar-nada-que-ponga-en-compromiso-el-crecimiento-de-la-argentina\/#primaryimage"},"thumbnailUrl":"https:\/\/informelitoral.com.ar\/%77%70%2d%63%6f%6e%74%65%6e%74\/uploads\/2021\/12\/alberto-fernandezjpg.jpg","keywords":["Alberto Fern\u00e1ndez"],"articleSection":["Politica"],"inLanguage":"es","potentialAction":[{"@type":"CommentAction","name":"Comment","target":["https:\/\/informelitoral.com.ar\/tranquila-cristina-no-vamos-a-negociar-nada-que-ponga-en-compromiso-el-crecimiento-de-la-argentina\/#respond"]}]},{"@type":"WebPage","@id":"https:\/\/informelitoral.com.ar\/tranquila-cristina-no-vamos-a-negociar-nada-que-ponga-en-compromiso-el-crecimiento-de-la-argentina\/","url":"https:\/\/informelitoral.com.ar\/tranquila-cristina-no-vamos-a-negociar-nada-que-ponga-en-compromiso-el-crecimiento-de-la-argentina\/","name":"\u201cTranquila Cristina, no vamos a negociar nada que ponga en compromiso el crecimiento de la Argentina\u201d - Informe Litoral","isPartOf":{"@id":"https:\/\/informelitoral.com.ar\/#website"},"primaryImageOfPage":{"@id":"https:\/\/informelitoral.com.ar\/tranquila-cristina-no-vamos-a-negociar-nada-que-ponga-en-compromiso-el-crecimiento-de-la-argentina\/#primaryimage"},"image":{"@id":"https:\/\/informelitoral.com.ar\/tranquila-cristina-no-vamos-a-negociar-nada-que-ponga-en-compromiso-el-crecimiento-de-la-argentina\/#primaryimage"},"thumbnailUrl":"https:\/\/informelitoral.com.ar\/%77%70%2d%63%6f%6e%74%65%6e%74\/uploads\/2021\/12\/alberto-fernandezjpg.jpg","datePublished":"2021-12-11T01:04:23+00:00","breadcrumb":{"@id":"https:\/\/informelitoral.com.ar\/tranquila-cristina-no-vamos-a-negociar-nada-que-ponga-en-compromiso-el-crecimiento-de-la-argentina\/#breadcrumb"},"inLanguage":"es","potentialAction":[{"@type":"ReadAction","target":["https:\/\/informelitoral.com.ar\/tranquila-cristina-no-vamos-a-negociar-nada-que-ponga-en-compromiso-el-crecimiento-de-la-argentina\/"]}]},{"@type":"ImageObject","inLanguage":"es","@id":"https:\/\/informelitoral.com.ar\/tranquila-cristina-no-vamos-a-negociar-nada-que-ponga-en-compromiso-el-crecimiento-de-la-argentina\/#primaryimage","url":"https:\/\/informelitoral.com.ar\/%77%70%2d%63%6f%6e%74%65%6e%74\/uploads\/2021\/12\/alberto-fernandezjpg.jpg","contentUrl":"https:\/\/informelitoral.com.ar\/%77%70%2d%63%6f%6e%74%65%6e%74\/uploads\/2021\/12\/alberto-fernandezjpg.jpg","width":730,"height":487},{"@type":"BreadcrumbList","@id":"https:\/\/informelitoral.com.ar\/tranquila-cristina-no-vamos-a-negociar-nada-que-ponga-en-compromiso-el-crecimiento-de-la-argentina\/#breadcrumb","itemListElement":[{"@type":"ListItem","position":1,"name":"Portada","item":"https:\/\/informelitoral.com.ar\/"},{"@type":"ListItem","position":2,"name":"\u201cTranquila Cristina, no vamos a negociar nada que ponga en compromiso el crecimiento de la Argentina\u201d"}]},{"@type":"WebSite","@id":"https:\/\/informelitoral.com.ar\/#website","url":"https:\/\/informelitoral.com.ar\/","name":"Informe Litoral","description":"&quot;Nos informamos&quot; ","publisher":{"@id":"https:\/\/informelitoral.com.ar\/#organization"},"potentialAction":[{"@type":"SearchAction","target":{"@type":"EntryPoint","urlTemplate":"https:\/\/informelitoral.com.ar\/?s={search_term_string}"},"query-input":{"@type":"PropertyValueSpecification","valueRequired":true,"valueName":"search_term_string"}}],"inLanguage":"es"},{"@type":"Organization","@id":"https:\/\/informelitoral.com.ar\/#organization","name":"Informe Litoral","url":"https:\/\/informelitoral.com.ar\/","logo":{"@type":"ImageObject","inLanguage":"es","@id":"https:\/\/informelitoral.com.ar\/#\/schema\/logo\/image\/","url":"https:\/\/informelitoral.com.ar\/%77%70%2d%63%6f%6e%74%65%6e%74\/uploads\/2021\/01\/circulo.png","contentUrl":"https:\/\/informelitoral.com.ar\/%77%70%2d%63%6f%6e%74%65%6e%74\/uploads\/2021\/01\/circulo.png","width":723,"height":731,"caption":"Informe Litoral"},"image":{"@id":"https:\/\/informelitoral.com.ar\/#\/schema\/logo\/image\/"},"sameAs":["https:\/\/www.facebook.com\/informelitoral\/","https:\/\/x.com\/InformeLitoral","https:\/\/www.instagram.com\/informelitoral\/","https:\/\/www.youtube.com\/channel\/UCua4Qvz8Icb6MYqhoq9xLXw"]},{"@type":"Person","@id":"https:\/\/informelitoral.com.ar\/#\/schema\/person\/b9d00407c836482871ef1d57bf8e3180","name":"Gonzalo Schmidt","image":{"@type":"ImageObject","inLanguage":"es","@id":"https:\/\/secure.gravatar.com\/avatar\/31a1a7b66ff2de83bd0e9fd79d026630d2d99e55e8bfe501287647b4fd9743de?s=96&d=mm&r=g","url":"https:\/\/secure.gravatar.com\/avatar\/31a1a7b66ff2de83bd0e9fd79d026630d2d99e55e8bfe501287647b4fd9743de?s=96&d=mm&r=g","contentUrl":"https:\/\/secure.gravatar.com\/avatar\/31a1a7b66ff2de83bd0e9fd79d026630d2d99e55e8bfe501287647b4fd9743de?s=96&d=mm&r=g","caption":"Gonzalo Schmidt"},"description":"Sitio web de noticias de la provincia de Entre R\u00edos, Argentina. Informaci\u00f3n y entretenimiento. Informe Litoral, nos informamos.","sameAs":["http:\/\/www.isletasnoticias.com.ar"],"url":"https:\/\/informelitoral.com.ar\/author\/gonzalo\/"}]}},"_links":{"self":[{"href":"https:\/\/informelitoral.com.ar\/%77%70%2d%6a%73%6f%6e\/wp\/v2\/posts\/68713","targetHints":{"allow":["GET"]}}],"collection":[{"href":"https:\/\/informelitoral.com.ar\/%77%70%2d%6a%73%6f%6e\/wp\/v2\/posts"}],"about":[{"href":"https:\/\/informelitoral.com.ar\/%77%70%2d%6a%73%6f%6e\/wp\/v2\/types\/post"}],"author":[{"embeddable":true,"href":"https:\/\/informelitoral.com.ar\/%77%70%2d%6a%73%6f%6e\/wp\/v2\/users\/2"}],"replies":[{"embeddable":true,"href":"https:\/\/informelitoral.com.ar\/%77%70%2d%6a%73%6f%6e\/wp\/v2\/comments?post=68713"}],"version-history":[{"count":0,"href":"https:\/\/informelitoral.com.ar\/%77%70%2d%6a%73%6f%6e\/wp\/v2\/posts\/68713\/revisions"}],"wp:featuredmedia":[{"embeddable":true,"href":"https:\/\/informelitoral.com.ar\/%77%70%2d%6a%73%6f%6e\/wp\/v2\/media\/68714"}],"wp:attachment":[{"href":"https:\/\/informelitoral.com.ar\/%77%70%2d%6a%73%6f%6e\/wp\/v2\/media?parent=68713"}],"wp:term":[{"taxonomy":"category","embeddable":true,"href":"https:\/\/informelitoral.com.ar\/%77%70%2d%6a%73%6f%6e\/wp\/v2\/categories?post=68713"},{"taxonomy":"post_tag","embeddable":true,"href":"https:\/\/informelitoral.com.ar\/%77%70%2d%6a%73%6f%6e\/wp\/v2\/tags?post=68713"}],"curies":[{"name":"wp","href":"https:\/\/api.w.org\/{rel}","templated":true}]}}