{"id":6860,"date":"2014-05-15T22:48:59","date_gmt":"2014-05-16T01:48:59","guid":{"rendered":"http:\/\/www.isletasnoticias.com.ar\/?p=6860"},"modified":"2014-05-15T22:50:28","modified_gmt":"2014-05-16T01:50:28","slug":"a-partir-de-junio-el-dni-podra-empezar-a-tramitarse-por-internet","status":"publish","type":"post","link":"https:\/\/informelitoral.com.ar\/a-partir-de-junio-el-dni-podra-empezar-a-tramitarse-por-internet\/","title":{"rendered":"A partir de junio, el DNI podr\u00e1 empezar a tramitarse por Internet"},"content":{"rendered":"<p style=\"text-align: left;\"><strong>El ministro del Interior y Transporte<em>, Florencio Randazzo<\/em>, anunci\u00f3 que el tr\u00e1mite se podr\u00e1 iniciar desde cualquier punto del pa\u00eds a trav\u00e9s de la web del Ministerio del Interior.<a href=\"http:\/\/www.isletasnoticias.com.ar\/%77%70%2d%63%6f%6e%74%65%6e%74\/uploads\/2014\/05\/0003866776.jpg\"><img loading=\"lazy\" decoding=\"async\" class=\"aligncenter  wp-image-6861\" alt=\"0003866776\" src=\"http:\/\/www.isletasnoticias.com.ar\/%77%70%2d%63%6f%6e%74%65%6e%74\/uploads\/2014\/05\/0003866776-300x168.jpg\" width=\"500\" height=\"300\" \/><\/a><\/strong><\/p>\n<p>El\u00a0ministro de Interior y Transporte,\u00a0<b>Florencio Randazzo<\/b>, anunci\u00f3 este jueves que a partir del 1\u00b0 de junio pr\u00f3ximo el tr\u00e1mite para obtener el\u00a0nuevo DNI<b>\u00a0<\/b>se podr\u00e1 iniciar \u00abdesde cualquier lugar del pa\u00eds\u00bb por Internet, \u00abuna modalidad m\u00e1s \u00e1gil y c\u00f3moda para los argentinos\u00bb.<\/p>\n<p>El tr\u00e1mite podr\u00e1 hacerse desde\u00a0www.mininterior.gov.ar, la web del Ministerio, donde se permitir\u00e1 cargar los datos personales, imprimir un cup\u00f3n de pago, abonarlo en el banco o red de pagos y luego ir personalmente al registro civil s\u00f3lo para que se tomen la foto, firma y huella de manera digital, consign\u00f3 MinutoUno.<\/p>\n<p>Randazzo, quien participa en la capital fueguina de la reuni\u00f3n del Consejo Federal de Registros Civiles, detall\u00f3 que \u00abcon esta nueva modalidad, cualquier argentino puede iniciar el tr\u00e1mite desde la web del Ministerio\u00bb, y agreg\u00f3 que \u00abeste nuevo servicio agilizar\u00e1 a\u00fan m\u00e1s el tr\u00e1mite\u00bb.<\/p>\n<p>\u00abLa decisi\u00f3n pol\u00edtica de la presidenta Cristina Fern\u00e1ndez de Kirchner es seguir acercando a\u00fan m\u00e1s el DNI a todos los argentinos, porque entendemos que este instrumento es la puerta de entrada a todos los dem\u00e1s derechos\u00bb, se\u00f1al\u00f3 Randazzo en Ushuaia.<\/p>\n<p>El ministro aclar\u00f3 que desde el mismo sitio puede corroborarse si es necesario renovar el DNI y, de ser as\u00ed, ya se podr\u00e1 \u00abiniciar el tr\u00e1mite en la misma web\u00bb y luego ir a un Centro de Documentaci\u00f3n R\u00e1pida del pa\u00eds para retirarlo \u00abcon un costo de 35 pesos, igual al del tr\u00e1mite regular\u00bb.<\/p>\n<p>El 1\u00b0 de enero de 2015 las libretas C\u00edvica y de Enrolamiento y el DNI Verde \u00abdejar\u00e1n de tener validez\u00bb, por lo que quienes a\u00fan no renovaron su documento \u00abtienen hasta el 31 de diciembre\u00bb para hacerlo \u00abahora tambi\u00e9n a trav\u00e9s de esta nueva herramienta\u00bb dijo. Randazzo resalt\u00f3 que actualmente \u00abtreinta y siete millones de argentinos\u00bb ya tienen el nuevo DNI.<\/p>\n","protected":false},"excerpt":{"rendered":"<p>El ministro del Interior y Transporte, Florencio Randazzo, anunci&oacute; que el tr&aacute;mite se podr&aacute; iniciar desde cualquier punto del pa&iacute;s a trav&eacute;s de la web del Ministerio del Interior. El&nbsp;ministro de Interior y Transporte,&nbsp;Florencio Randazzo, anunci&oacute; este jueves que a partir del 1&deg; de junio pr&oacute;ximo el tr&aacute;mite para obtener el&nbsp;nuevo DNI&nbsp;se podr&aacute; iniciar &laquo;desde [&hellip;]<\/p>\n","protected":false},"author":2,"featured_media":0,"comment_status":"open","ping_status":"open","sticky":false,"template":"","format":"standard","meta":{"fifu_image_url":"","fifu_image_alt":"","footnotes":""},"categories":[7],"tags":[],"class_list":{"0":"post-6860","1":"post","2":"type-post","3":"status-publish","4":"format-standard","6":"category-nacionales"},"yoast_head":"<title>A partir de junio, el DNI podr\u00e1 empezar a tramitarse por Internet - Informe Litoral<\/title>\n<meta name=\"robots\" content=\"index, follow, max-snippet:-1, max-image-preview:large, max-video-preview:-1\" \/>\n<link rel=\"canonical\" href=\"https:\/\/informelitoral.com.ar\/a-partir-de-junio-el-dni-podra-empezar-a-tramitarse-por-internet\/\" \/>\n<meta property=\"og:locale\" content=\"es_ES\" \/>\n<meta property=\"og:type\" content=\"article\" \/>\n<meta property=\"og:title\" content=\"A partir de junio, el DNI podr\u00e1 empezar a tramitarse por Internet - Informe Litoral\" \/>\n<meta property=\"og:description\" content=\"El ministro del Interior y Transporte, Florencio Randazzo, anunci&oacute; que el tr&aacute;mite se podr&aacute; iniciar desde cualquier punto del pa&iacute;s a trav&eacute;s de la web del Ministerio del Interior. El&nbsp;ministro de Interior y Transporte,&nbsp;Florencio Randazzo, anunci&oacute; este jueves que a partir del 1&deg; de junio pr&oacute;ximo el tr&aacute;mite para obtener el&nbsp;nuevo DNI&nbsp;se podr&aacute; iniciar &laquo;desde [&hellip;]\" \/>\n<meta property=\"og:url\" content=\"https:\/\/informelitoral.com.ar\/a-partir-de-junio-el-dni-podra-empezar-a-tramitarse-por-internet\/\" \/>\n<meta property=\"og:site_name\" content=\"Informe Litoral\" \/>\n<meta property=\"article:publisher\" content=\"https:\/\/www.facebook.com\/informelitoral\/\" \/>\n<meta property=\"article:published_time\" content=\"2014-05-16T01:48:59+00:00\" \/>\n<meta property=\"article:modified_time\" content=\"2014-05-16T01:50:28+00:00\" \/>\n<meta property=\"og:image\" content=\"https:\/\/informelitoral.com.ar\/%77%70%2d%63%6f%6e%74%65%6e%74\/uploads\/2014\/05\/0003866776.jpg\" \/>\n\t<meta property=\"og:image:width\" content=\"602\" \/>\n\t<meta property=\"og:image:height\" content=\"338\" \/>\n\t<meta property=\"og:image:type\" content=\"image\/jpeg\" \/>\n<meta name=\"author\" content=\"Gonzalo Schmidt\" \/>\n<meta name=\"twitter:card\" content=\"summary_large_image\" \/>\n<meta name=\"twitter:creator\" content=\"@InformeLitoral\" \/>\n<meta name=\"twitter:site\" content=\"@InformeLitoral\" \/>\n<meta name=\"twitter:label1\" content=\"Escrito por\" \/>\n\t<meta name=\"twitter:data1\" content=\"Gonzalo Schmidt\" \/>\n\t<meta name=\"twitter:label2\" content=\"Tiempo de lectura\" \/>\n\t<meta name=\"twitter:data2\" content=\"2 minutos\" \/>\n<script type=\"application\/ld+json\" class=\"yoast-schema-graph\">{\"@context\":\"https:\\\/\\\/schema.org\",\"@graph\":[{\"@type\":\"Article\",\"@id\":\"https:\\\/\\\/informelitoral.com.ar\\\/a-partir-de-junio-el-dni-podra-empezar-a-tramitarse-por-internet\\\/#article\",\"isPartOf\":{\"@id\":\"https:\\\/\\\/informelitoral.com.ar\\\/a-partir-de-junio-el-dni-podra-empezar-a-tramitarse-por-internet\\\/\"},\"author\":{\"name\":\"Gonzalo Schmidt\",\"@id\":\"https:\\\/\\\/informelitoral.com.ar\\\/#\\\/schema\\\/person\\\/b9d00407c836482871ef1d57bf8e3180\"},\"headline\":\"A partir de junio, el DNI podr\u00e1 empezar a tramitarse por Internet\",\"datePublished\":\"2014-05-16T01:48:59+00:00\",\"dateModified\":\"2014-05-16T01:50:28+00:00\",\"mainEntityOfPage\":{\"@id\":\"https:\\\/\\\/informelitoral.com.ar\\\/a-partir-de-junio-el-dni-podra-empezar-a-tramitarse-por-internet\\\/\"},\"wordCount\":368,\"commentCount\":0,\"publisher\":{\"@id\":\"https:\\\/\\\/informelitoral.com.ar\\\/#organization\"},\"image\":{\"@id\":\"https:\\\/\\\/informelitoral.com.ar\\\/a-partir-de-junio-el-dni-podra-empezar-a-tramitarse-por-internet\\\/#primaryimage\"},\"thumbnailUrl\":\"http:\\\/\\\/www.isletasnoticias.com.ar\\\/%77%70%2d%63%6f%6e%74%65%6e%74\\\/uploads\\\/2014\\\/05\\\/0003866776-300x168.jpg\",\"articleSection\":[\"Nacionales\"],\"inLanguage\":\"es\",\"potentialAction\":[{\"@type\":\"CommentAction\",\"name\":\"Comment\",\"target\":[\"https:\\\/\\\/informelitoral.com.ar\\\/a-partir-de-junio-el-dni-podra-empezar-a-tramitarse-por-internet\\\/#respond\"]}]},{\"@type\":\"WebPage\",\"@id\":\"https:\\\/\\\/informelitoral.com.ar\\\/a-partir-de-junio-el-dni-podra-empezar-a-tramitarse-por-internet\\\/\",\"url\":\"https:\\\/\\\/informelitoral.com.ar\\\/a-partir-de-junio-el-dni-podra-empezar-a-tramitarse-por-internet\\\/\",\"name\":\"A partir de junio, el DNI podr\u00e1 empezar a tramitarse por Internet - Informe Litoral\",\"isPartOf\":{\"@id\":\"https:\\\/\\\/informelitoral.com.ar\\\/#website\"},\"primaryImageOfPage\":{\"@id\":\"https:\\\/\\\/informelitoral.com.ar\\\/a-partir-de-junio-el-dni-podra-empezar-a-tramitarse-por-internet\\\/#primaryimage\"},\"image\":{\"@id\":\"https:\\\/\\\/informelitoral.com.ar\\\/a-partir-de-junio-el-dni-podra-empezar-a-tramitarse-por-internet\\\/#primaryimage\"},\"thumbnailUrl\":\"http:\\\/\\\/www.isletasnoticias.com.ar\\\/%77%70%2d%63%6f%6e%74%65%6e%74\\\/uploads\\\/2014\\\/05\\\/0003866776-300x168.jpg\",\"datePublished\":\"2014-05-16T01:48:59+00:00\",\"dateModified\":\"2014-05-16T01:50:28+00:00\",\"breadcrumb\":{\"@id\":\"https:\\\/\\\/informelitoral.com.ar\\\/a-partir-de-junio-el-dni-podra-empezar-a-tramitarse-por-internet\\\/#breadcrumb\"},\"inLanguage\":\"es\",\"potentialAction\":[{\"@type\":\"ReadAction\",\"target\":[\"https:\\\/\\\/informelitoral.com.ar\\\/a-partir-de-junio-el-dni-podra-empezar-a-tramitarse-por-internet\\\/\"]}]},{\"@type\":\"ImageObject\",\"inLanguage\":\"es\",\"@id\":\"https:\\\/\\\/informelitoral.com.ar\\\/a-partir-de-junio-el-dni-podra-empezar-a-tramitarse-por-internet\\\/#primaryimage\",\"url\":\"http:\\\/\\\/www.isletasnoticias.com.ar\\\/%77%70%2d%63%6f%6e%74%65%6e%74\\\/uploads\\\/2014\\\/05\\\/0003866776-300x168.jpg\",\"contentUrl\":\"http:\\\/\\\/www.isletasnoticias.com.ar\\\/%77%70%2d%63%6f%6e%74%65%6e%74\\\/uploads\\\/2014\\\/05\\\/0003866776-300x168.jpg\"},{\"@type\":\"BreadcrumbList\",\"@id\":\"https:\\\/\\\/informelitoral.com.ar\\\/a-partir-de-junio-el-dni-podra-empezar-a-tramitarse-por-internet\\\/#breadcrumb\",\"itemListElement\":[{\"@type\":\"ListItem\",\"position\":1,\"name\":\"Portada\",\"item\":\"https:\\\/\\\/informelitoral.com.ar\\\/\"},{\"@type\":\"ListItem\",\"position\":2,\"name\":\"A partir de junio, el DNI podr\u00e1 empezar a tramitarse por Internet\"}]},{\"@type\":\"WebSite\",\"@id\":\"https:\\\/\\\/informelitoral.com.ar\\\/#website\",\"url\":\"https:\\\/\\\/informelitoral.com.ar\\\/\",\"name\":\"Informe Litoral\",\"description\":\"&quot;Nos informamos&quot; \",\"publisher\":{\"@id\":\"https:\\\/\\\/informelitoral.com.ar\\\/#organization\"},\"potentialAction\":[{\"@type\":\"SearchAction\",\"target\":{\"@type\":\"EntryPoint\",\"urlTemplate\":\"https:\\\/\\\/informelitoral.com.ar\\\/?s={search_term_string}\"},\"query-input\":{\"@type\":\"PropertyValueSpecification\",\"valueRequired\":true,\"valueName\":\"search_term_string\"}}],\"inLanguage\":\"es\"},{\"@type\":\"Organization\",\"@id\":\"https:\\\/\\\/informelitoral.com.ar\\\/#organization\",\"name\":\"Informe Litoral\",\"url\":\"https:\\\/\\\/informelitoral.com.ar\\\/\",\"logo\":{\"@type\":\"ImageObject\",\"inLanguage\":\"es\",\"@id\":\"https:\\\/\\\/informelitoral.com.ar\\\/#\\\/schema\\\/logo\\\/image\\\/\",\"url\":\"https:\\\/\\\/informelitoral.com.ar\\\/%77%70%2d%63%6f%6e%74%65%6e%74\\\/uploads\\\/2021\\\/01\\\/circulo.png\",\"contentUrl\":\"https:\\\/\\\/informelitoral.com.ar\\\/%77%70%2d%63%6f%6e%74%65%6e%74\\\/uploads\\\/2021\\\/01\\\/circulo.png\",\"width\":723,\"height\":731,\"caption\":\"Informe Litoral\"},\"image\":{\"@id\":\"https:\\\/\\\/informelitoral.com.ar\\\/#\\\/schema\\\/logo\\\/image\\\/\"},\"sameAs\":[\"https:\\\/\\\/www.facebook.com\\\/informelitoral\\\/\",\"https:\\\/\\\/x.com\\\/InformeLitoral\",\"https:\\\/\\\/www.instagram.com\\\/informelitoral\\\/\",\"https:\\\/\\\/www.youtube.com\\\/channel\\\/UCua4Qvz8Icb6MYqhoq9xLXw\"]},{\"@type\":\"Person\",\"@id\":\"https:\\\/\\\/informelitoral.com.ar\\\/#\\\/schema\\\/person\\\/b9d00407c836482871ef1d57bf8e3180\",\"name\":\"Gonzalo Schmidt\",\"image\":{\"@type\":\"ImageObject\",\"inLanguage\":\"es\",\"@id\":\"https:\\\/\\\/secure.gravatar.com\\\/avatar\\\/31a1a7b66ff2de83bd0e9fd79d026630d2d99e55e8bfe501287647b4fd9743de?s=96&d=mm&r=g\",\"url\":\"https:\\\/\\\/secure.gravatar.com\\\/avatar\\\/31a1a7b66ff2de83bd0e9fd79d026630d2d99e55e8bfe501287647b4fd9743de?s=96&d=mm&r=g\",\"contentUrl\":\"https:\\\/\\\/secure.gravatar.com\\\/avatar\\\/31a1a7b66ff2de83bd0e9fd79d026630d2d99e55e8bfe501287647b4fd9743de?s=96&d=mm&r=g\",\"caption\":\"Gonzalo Schmidt\"},\"description\":\"Sitio web de noticias de la provincia de Entre R\u00edos, Argentina. Informaci\u00f3n y entretenimiento. Informe Litoral, nos informamos.\",\"sameAs\":[\"http:\\\/\\\/www.isletasnoticias.com.ar\"],\"url\":\"https:\\\/\\\/informelitoral.com.ar\\\/author\\\/gonzalo\\\/\"}]}<\/script>","yoast_head_json":{"title":"A partir de junio, el DNI podr\u00e1 empezar a tramitarse por Internet - Informe Litoral","robots":{"index":"index","follow":"follow","max-snippet":"max-snippet:-1","max-image-preview":"max-image-preview:large","max-video-preview":"max-video-preview:-1"},"canonical":"https:\/\/informelitoral.com.ar\/a-partir-de-junio-el-dni-podra-empezar-a-tramitarse-por-internet\/","og_locale":"es_ES","og_type":"article","og_title":"A partir de junio, el DNI podr\u00e1 empezar a tramitarse por Internet - Informe Litoral","og_description":"El ministro del Interior y Transporte, Florencio Randazzo, anunci&oacute; que el tr&aacute;mite se podr&aacute; iniciar desde cualquier punto del pa&iacute;s a trav&eacute;s de la web del Ministerio del Interior. El&nbsp;ministro de Interior y Transporte,&nbsp;Florencio Randazzo, anunci&oacute; este jueves que a partir del 1&deg; de junio pr&oacute;ximo el tr&aacute;mite para obtener el&nbsp;nuevo DNI&nbsp;se podr&aacute; iniciar &laquo;desde [&hellip;]","og_url":"https:\/\/informelitoral.com.ar\/a-partir-de-junio-el-dni-podra-empezar-a-tramitarse-por-internet\/","og_site_name":"Informe Litoral","article_publisher":"https:\/\/www.facebook.com\/informelitoral\/","article_published_time":"2014-05-16T01:48:59+00:00","article_modified_time":"2014-05-16T01:50:28+00:00","og_image":[{"width":602,"height":338,"url":"https:\/\/informelitoral.com.ar\/%77%70%2d%63%6f%6e%74%65%6e%74\/uploads\/2014\/05\/0003866776.jpg","type":"image\/jpeg"}],"author":"Gonzalo Schmidt","twitter_card":"summary_large_image","twitter_creator":"@InformeLitoral","twitter_site":"@InformeLitoral","twitter_misc":{"Escrito por":"Gonzalo Schmidt","Tiempo de lectura":"2 minutos"},"schema":{"@context":"https:\/\/schema.org","@graph":[{"@type":"Article","@id":"https:\/\/informelitoral.com.ar\/a-partir-de-junio-el-dni-podra-empezar-a-tramitarse-por-internet\/#article","isPartOf":{"@id":"https:\/\/informelitoral.com.ar\/a-partir-de-junio-el-dni-podra-empezar-a-tramitarse-por-internet\/"},"author":{"name":"Gonzalo Schmidt","@id":"https:\/\/informelitoral.com.ar\/#\/schema\/person\/b9d00407c836482871ef1d57bf8e3180"},"headline":"A partir de junio, el DNI podr\u00e1 empezar a tramitarse por Internet","datePublished":"2014-05-16T01:48:59+00:00","dateModified":"2014-05-16T01:50:28+00:00","mainEntityOfPage":{"@id":"https:\/\/informelitoral.com.ar\/a-partir-de-junio-el-dni-podra-empezar-a-tramitarse-por-internet\/"},"wordCount":368,"commentCount":0,"publisher":{"@id":"https:\/\/informelitoral.com.ar\/#organization"},"image":{"@id":"https:\/\/informelitoral.com.ar\/a-partir-de-junio-el-dni-podra-empezar-a-tramitarse-por-internet\/#primaryimage"},"thumbnailUrl":"http:\/\/www.isletasnoticias.com.ar\/%77%70%2d%63%6f%6e%74%65%6e%74\/uploads\/2014\/05\/0003866776-300x168.jpg","articleSection":["Nacionales"],"inLanguage":"es","potentialAction":[{"@type":"CommentAction","name":"Comment","target":["https:\/\/informelitoral.com.ar\/a-partir-de-junio-el-dni-podra-empezar-a-tramitarse-por-internet\/#respond"]}]},{"@type":"WebPage","@id":"https:\/\/informelitoral.com.ar\/a-partir-de-junio-el-dni-podra-empezar-a-tramitarse-por-internet\/","url":"https:\/\/informelitoral.com.ar\/a-partir-de-junio-el-dni-podra-empezar-a-tramitarse-por-internet\/","name":"A partir de junio, el DNI podr\u00e1 empezar a tramitarse por Internet - Informe Litoral","isPartOf":{"@id":"https:\/\/informelitoral.com.ar\/#website"},"primaryImageOfPage":{"@id":"https:\/\/informelitoral.com.ar\/a-partir-de-junio-el-dni-podra-empezar-a-tramitarse-por-internet\/#primaryimage"},"image":{"@id":"https:\/\/informelitoral.com.ar\/a-partir-de-junio-el-dni-podra-empezar-a-tramitarse-por-internet\/#primaryimage"},"thumbnailUrl":"http:\/\/www.isletasnoticias.com.ar\/%77%70%2d%63%6f%6e%74%65%6e%74\/uploads\/2014\/05\/0003866776-300x168.jpg","datePublished":"2014-05-16T01:48:59+00:00","dateModified":"2014-05-16T01:50:28+00:00","breadcrumb":{"@id":"https:\/\/informelitoral.com.ar\/a-partir-de-junio-el-dni-podra-empezar-a-tramitarse-por-internet\/#breadcrumb"},"inLanguage":"es","potentialAction":[{"@type":"ReadAction","target":["https:\/\/informelitoral.com.ar\/a-partir-de-junio-el-dni-podra-empezar-a-tramitarse-por-internet\/"]}]},{"@type":"ImageObject","inLanguage":"es","@id":"https:\/\/informelitoral.com.ar\/a-partir-de-junio-el-dni-podra-empezar-a-tramitarse-por-internet\/#primaryimage","url":"http:\/\/www.isletasnoticias.com.ar\/%77%70%2d%63%6f%6e%74%65%6e%74\/uploads\/2014\/05\/0003866776-300x168.jpg","contentUrl":"http:\/\/www.isletasnoticias.com.ar\/%77%70%2d%63%6f%6e%74%65%6e%74\/uploads\/2014\/05\/0003866776-300x168.jpg"},{"@type":"BreadcrumbList","@id":"https:\/\/informelitoral.com.ar\/a-partir-de-junio-el-dni-podra-empezar-a-tramitarse-por-internet\/#breadcrumb","itemListElement":[{"@type":"ListItem","position":1,"name":"Portada","item":"https:\/\/informelitoral.com.ar\/"},{"@type":"ListItem","position":2,"name":"A partir de junio, el DNI podr\u00e1 empezar a tramitarse por Internet"}]},{"@type":"WebSite","@id":"https:\/\/informelitoral.com.ar\/#website","url":"https:\/\/informelitoral.com.ar\/","name":"Informe Litoral","description":"&quot;Nos informamos&quot; ","publisher":{"@id":"https:\/\/informelitoral.com.ar\/#organization"},"potentialAction":[{"@type":"SearchAction","target":{"@type":"EntryPoint","urlTemplate":"https:\/\/informelitoral.com.ar\/?s={search_term_string}"},"query-input":{"@type":"PropertyValueSpecification","valueRequired":true,"valueName":"search_term_string"}}],"inLanguage":"es"},{"@type":"Organization","@id":"https:\/\/informelitoral.com.ar\/#organization","name":"Informe Litoral","url":"https:\/\/informelitoral.com.ar\/","logo":{"@type":"ImageObject","inLanguage":"es","@id":"https:\/\/informelitoral.com.ar\/#\/schema\/logo\/image\/","url":"https:\/\/informelitoral.com.ar\/%77%70%2d%63%6f%6e%74%65%6e%74\/uploads\/2021\/01\/circulo.png","contentUrl":"https:\/\/informelitoral.com.ar\/%77%70%2d%63%6f%6e%74%65%6e%74\/uploads\/2021\/01\/circulo.png","width":723,"height":731,"caption":"Informe Litoral"},"image":{"@id":"https:\/\/informelitoral.com.ar\/#\/schema\/logo\/image\/"},"sameAs":["https:\/\/www.facebook.com\/informelitoral\/","https:\/\/x.com\/InformeLitoral","https:\/\/www.instagram.com\/informelitoral\/","https:\/\/www.youtube.com\/channel\/UCua4Qvz8Icb6MYqhoq9xLXw"]},{"@type":"Person","@id":"https:\/\/informelitoral.com.ar\/#\/schema\/person\/b9d00407c836482871ef1d57bf8e3180","name":"Gonzalo Schmidt","image":{"@type":"ImageObject","inLanguage":"es","@id":"https:\/\/secure.gravatar.com\/avatar\/31a1a7b66ff2de83bd0e9fd79d026630d2d99e55e8bfe501287647b4fd9743de?s=96&d=mm&r=g","url":"https:\/\/secure.gravatar.com\/avatar\/31a1a7b66ff2de83bd0e9fd79d026630d2d99e55e8bfe501287647b4fd9743de?s=96&d=mm&r=g","contentUrl":"https:\/\/secure.gravatar.com\/avatar\/31a1a7b66ff2de83bd0e9fd79d026630d2d99e55e8bfe501287647b4fd9743de?s=96&d=mm&r=g","caption":"Gonzalo Schmidt"},"description":"Sitio web de noticias de la provincia de Entre R\u00edos, Argentina. Informaci\u00f3n y entretenimiento. Informe Litoral, nos informamos.","sameAs":["http:\/\/www.isletasnoticias.com.ar"],"url":"https:\/\/informelitoral.com.ar\/author\/gonzalo\/"}]}},"_links":{"self":[{"href":"https:\/\/informelitoral.com.ar\/%77%70%2d%6a%73%6f%6e\/wp\/v2\/posts\/6860","targetHints":{"allow":["GET"]}}],"collection":[{"href":"https:\/\/informelitoral.com.ar\/%77%70%2d%6a%73%6f%6e\/wp\/v2\/posts"}],"about":[{"href":"https:\/\/informelitoral.com.ar\/%77%70%2d%6a%73%6f%6e\/wp\/v2\/types\/post"}],"author":[{"embeddable":true,"href":"https:\/\/informelitoral.com.ar\/%77%70%2d%6a%73%6f%6e\/wp\/v2\/users\/2"}],"replies":[{"embeddable":true,"href":"https:\/\/informelitoral.com.ar\/%77%70%2d%6a%73%6f%6e\/wp\/v2\/comments?post=6860"}],"version-history":[{"count":0,"href":"https:\/\/informelitoral.com.ar\/%77%70%2d%6a%73%6f%6e\/wp\/v2\/posts\/6860\/revisions"}],"wp:attachment":[{"href":"https:\/\/informelitoral.com.ar\/%77%70%2d%6a%73%6f%6e\/wp\/v2\/media?parent=6860"}],"wp:term":[{"taxonomy":"category","embeddable":true,"href":"https:\/\/informelitoral.com.ar\/%77%70%2d%6a%73%6f%6e\/wp\/v2\/categories?post=6860"},{"taxonomy":"post_tag","embeddable":true,"href":"https:\/\/informelitoral.com.ar\/%77%70%2d%6a%73%6f%6e\/wp\/v2\/tags?post=6860"}],"curies":[{"name":"wp","href":"https:\/\/api.w.org\/{rel}","templated":true}]}}