{"id":68513,"date":"2021-12-07T07:09:24","date_gmt":"2021-12-07T10:09:24","guid":{"rendered":"https:\/\/www.informelitoral.com.ar\/?p=68513"},"modified":"2021-12-07T09:13:36","modified_gmt":"2021-12-07T12:13:36","slug":"licitan-la-obra-del-hospital-urquiza-de-concepcion-del-uruguay","status":"publish","type":"post","link":"https:\/\/informelitoral.com.ar\/licitan-la-obra-del-hospital-urquiza-de-concepcion-del-uruguay\/","title":{"rendered":"Licitan la obra del hospital Urquiza de Concepci\u00f3n del Uruguay"},"content":{"rendered":"<p>En el marco del plan de obras priorizado por el gobierno de Entre R\u00edos, y mediante el decreto 3334\/2021 del MPIyS, el 13 de diciembre se licita la obra de \u201cConstrucci\u00f3n Nueva UTI y Nuevos Dormitorios M\u00e9dicos de Guardia Hospital J.J. de Urquiza de Concepci\u00f3n del Uruguay. El plazo de ejecuci\u00f3n es de 365 d\u00edas corridos.<\/p>\n<p>\u201cTal como lo indic\u00f3 el gobernador Gustavo Bordet, seguimos avanzando con obras en todo el territorio provincial. En este caso, una obra muy necesaria en materia de infraestructura sanitaria, que permitir\u00e1 al hospital Urquiza de Concepci\u00f3n del Uruguay, contar con una nueva Unidad de Terapia Intensiva, aumentando su capacidad de camas, como tambi\u00e9n mejoras para el personal del nosocomio\u201d, destac\u00f3 el ministro de Planeamiento, Marcelo Richard.<\/p>\n<p>El presupuesto oficial asciende a 86.516.540,20 pesos, y se prev\u00e9 la construcci\u00f3n de Nueva UTI de 13 camas, la cual se ubicar\u00e1 en la totalidad del 2\u00b0 piso del edificio, con una superficie aproximada de 492 m2. Se contemplan dos terrazas accesibles, que ser\u00e1n incorporadas a la superficie, sumando 76 m2 m\u00e1s.<\/p>\n<p>Asimismo, se prev\u00e9 la construcci\u00f3n de nuevos dormitorios para m\u00e9dicos de guardia, y una ampliaci\u00f3n al sector di\u00e1lisis, todo esta nueva obra en la planta baja del hospital.<\/p>\n","protected":false},"excerpt":{"rendered":"<p>Con un presupuesto oficial de m\u00e1s de 86 millones de pesos, el gobierno provincial licita la obra de construcci\u00f3n Nueva UTI y nuevos dormitorios m\u00e9dicos de guardia del Hospital J.J. Urquiza de Concepci\u00f3n del Uruguay. La apertura ser\u00e1 el 13 de diciembre en las instalaciones del nosocomio.<\/p>\n","protected":false},"author":8,"featured_media":68514,"comment_status":"open","ping_status":"open","sticky":false,"template":"","format":"standard","meta":{"fifu_image_url":"","fifu_image_alt":"","footnotes":""},"categories":[6],"tags":[171,2628],"class_list":{"0":"post-68513","1":"post","2":"type-post","3":"status-publish","4":"format-standard","5":"has-post-thumbnail","7":"category-entre-rios","8":"tag-concepcion-del-uruguay","9":"tag-hospital-urquiza"},"yoast_head":"<title>Licitan la obra del hospital Urquiza de Concepci\u00f3n del Uruguay - Informe Litoral<\/title>\n<meta name=\"robots\" content=\"index, follow, max-snippet:-1, max-image-preview:large, max-video-preview:-1\" \/>\n<link rel=\"canonical\" href=\"https:\/\/informelitoral.com.ar\/licitan-la-obra-del-hospital-urquiza-de-concepcion-del-uruguay\/\" \/>\n<meta property=\"og:locale\" content=\"es_ES\" \/>\n<meta property=\"og:type\" content=\"article\" \/>\n<meta property=\"og:title\" content=\"Licitan la obra del hospital Urquiza de Concepci\u00f3n del Uruguay - Informe Litoral\" \/>\n<meta property=\"og:description\" content=\"Con un presupuesto oficial de m\u00e1s de 86 millones de pesos, el gobierno provincial licita la obra de construcci\u00f3n Nueva UTI y nuevos dormitorios m\u00e9dicos de guardia del Hospital J.J. Urquiza de Concepci\u00f3n del Uruguay. La apertura ser\u00e1 el 13 de diciembre en las instalaciones del nosocomio.\" \/>\n<meta property=\"og:url\" content=\"https:\/\/informelitoral.com.ar\/licitan-la-obra-del-hospital-urquiza-de-concepcion-del-uruguay\/\" \/>\n<meta property=\"og:site_name\" content=\"Informe Litoral\" \/>\n<meta property=\"article:publisher\" content=\"https:\/\/www.facebook.com\/informelitoral\/\" \/>\n<meta property=\"article:published_time\" content=\"2021-12-07T10:09:24+00:00\" \/>\n<meta property=\"article:modified_time\" content=\"2021-12-07T12:13:36+00:00\" \/>\n<meta property=\"og:image\" content=\"https:\/\/informelitoral.com.ar\/%77%70%2d%63%6f%6e%74%65%6e%74\/uploads\/2021\/12\/05-hj.-j.-urquiza-uruguay-800x533-1.jpg\" \/>\n\t<meta property=\"og:image:width\" content=\"800\" \/>\n\t<meta property=\"og:image:height\" content=\"533\" \/>\n\t<meta property=\"og:image:type\" content=\"image\/jpeg\" \/>\n<meta name=\"author\" content=\"Sebastian\" \/>\n<meta name=\"twitter:card\" content=\"summary_large_image\" \/>\n<meta name=\"twitter:creator\" content=\"@InformeLitoral\" \/>\n<meta name=\"twitter:site\" content=\"@InformeLitoral\" \/>\n<meta name=\"twitter:label1\" content=\"Escrito por\" \/>\n\t<meta name=\"twitter:data1\" content=\"Sebastian\" \/>\n\t<meta name=\"twitter:label2\" content=\"Tiempo de lectura\" \/>\n\t<meta name=\"twitter:data2\" content=\"1 minuto\" \/>\n<script type=\"application\/ld+json\" class=\"yoast-schema-graph\">{\"@context\":\"https:\\\/\\\/schema.org\",\"@graph\":[{\"@type\":\"Article\",\"@id\":\"https:\\\/\\\/informelitoral.com.ar\\\/licitan-la-obra-del-hospital-urquiza-de-concepcion-del-uruguay\\\/#article\",\"isPartOf\":{\"@id\":\"https:\\\/\\\/informelitoral.com.ar\\\/licitan-la-obra-del-hospital-urquiza-de-concepcion-del-uruguay\\\/\"},\"author\":{\"name\":\"Sebastian\",\"@id\":\"https:\\\/\\\/informelitoral.com.ar\\\/#\\\/schema\\\/person\\\/f05f9f461677119578717524b127d6d5\"},\"headline\":\"Licitan la obra del hospital Urquiza de Concepci\u00f3n del Uruguay\",\"datePublished\":\"2021-12-07T10:09:24+00:00\",\"dateModified\":\"2021-12-07T12:13:36+00:00\",\"mainEntityOfPage\":{\"@id\":\"https:\\\/\\\/informelitoral.com.ar\\\/licitan-la-obra-del-hospital-urquiza-de-concepcion-del-uruguay\\\/\"},\"wordCount\":221,\"commentCount\":0,\"publisher\":{\"@id\":\"https:\\\/\\\/informelitoral.com.ar\\\/#organization\"},\"image\":{\"@id\":\"https:\\\/\\\/informelitoral.com.ar\\\/licitan-la-obra-del-hospital-urquiza-de-concepcion-del-uruguay\\\/#primaryimage\"},\"thumbnailUrl\":\"https:\\\/\\\/informelitoral.com.ar\\\/%77%70%2d%63%6f%6e%74%65%6e%74\\\/uploads\\\/2021\\\/12\\\/05-hj.-j.-urquiza-uruguay-800x533-1.jpg\",\"keywords\":[\"Concepci\u00f3n del Uruguay\",\"Hospital Urquiza\"],\"articleSection\":[\"Entre R\u00edos\"],\"inLanguage\":\"es\",\"potentialAction\":[{\"@type\":\"CommentAction\",\"name\":\"Comment\",\"target\":[\"https:\\\/\\\/informelitoral.com.ar\\\/licitan-la-obra-del-hospital-urquiza-de-concepcion-del-uruguay\\\/#respond\"]}]},{\"@type\":\"WebPage\",\"@id\":\"https:\\\/\\\/informelitoral.com.ar\\\/licitan-la-obra-del-hospital-urquiza-de-concepcion-del-uruguay\\\/\",\"url\":\"https:\\\/\\\/informelitoral.com.ar\\\/licitan-la-obra-del-hospital-urquiza-de-concepcion-del-uruguay\\\/\",\"name\":\"Licitan la obra del hospital Urquiza de Concepci\u00f3n del Uruguay - Informe Litoral\",\"isPartOf\":{\"@id\":\"https:\\\/\\\/informelitoral.com.ar\\\/#website\"},\"primaryImageOfPage\":{\"@id\":\"https:\\\/\\\/informelitoral.com.ar\\\/licitan-la-obra-del-hospital-urquiza-de-concepcion-del-uruguay\\\/#primaryimage\"},\"image\":{\"@id\":\"https:\\\/\\\/informelitoral.com.ar\\\/licitan-la-obra-del-hospital-urquiza-de-concepcion-del-uruguay\\\/#primaryimage\"},\"thumbnailUrl\":\"https:\\\/\\\/informelitoral.com.ar\\\/%77%70%2d%63%6f%6e%74%65%6e%74\\\/uploads\\\/2021\\\/12\\\/05-hj.-j.-urquiza-uruguay-800x533-1.jpg\",\"datePublished\":\"2021-12-07T10:09:24+00:00\",\"dateModified\":\"2021-12-07T12:13:36+00:00\",\"breadcrumb\":{\"@id\":\"https:\\\/\\\/informelitoral.com.ar\\\/licitan-la-obra-del-hospital-urquiza-de-concepcion-del-uruguay\\\/#breadcrumb\"},\"inLanguage\":\"es\",\"potentialAction\":[{\"@type\":\"ReadAction\",\"target\":[\"https:\\\/\\\/informelitoral.com.ar\\\/licitan-la-obra-del-hospital-urquiza-de-concepcion-del-uruguay\\\/\"]}]},{\"@type\":\"ImageObject\",\"inLanguage\":\"es\",\"@id\":\"https:\\\/\\\/informelitoral.com.ar\\\/licitan-la-obra-del-hospital-urquiza-de-concepcion-del-uruguay\\\/#primaryimage\",\"url\":\"https:\\\/\\\/informelitoral.com.ar\\\/%77%70%2d%63%6f%6e%74%65%6e%74\\\/uploads\\\/2021\\\/12\\\/05-hj.-j.-urquiza-uruguay-800x533-1.jpg\",\"contentUrl\":\"https:\\\/\\\/informelitoral.com.ar\\\/%77%70%2d%63%6f%6e%74%65%6e%74\\\/uploads\\\/2021\\\/12\\\/05-hj.-j.-urquiza-uruguay-800x533-1.jpg\",\"width\":800,\"height\":533},{\"@type\":\"BreadcrumbList\",\"@id\":\"https:\\\/\\\/informelitoral.com.ar\\\/licitan-la-obra-del-hospital-urquiza-de-concepcion-del-uruguay\\\/#breadcrumb\",\"itemListElement\":[{\"@type\":\"ListItem\",\"position\":1,\"name\":\"Portada\",\"item\":\"https:\\\/\\\/informelitoral.com.ar\\\/\"},{\"@type\":\"ListItem\",\"position\":2,\"name\":\"Licitan la obra del hospital Urquiza de Concepci\u00f3n del Uruguay\"}]},{\"@type\":\"WebSite\",\"@id\":\"https:\\\/\\\/informelitoral.com.ar\\\/#website\",\"url\":\"https:\\\/\\\/informelitoral.com.ar\\\/\",\"name\":\"Informe Litoral\",\"description\":\"&quot;Nos informamos&quot; \",\"publisher\":{\"@id\":\"https:\\\/\\\/informelitoral.com.ar\\\/#organization\"},\"potentialAction\":[{\"@type\":\"SearchAction\",\"target\":{\"@type\":\"EntryPoint\",\"urlTemplate\":\"https:\\\/\\\/informelitoral.com.ar\\\/?s={search_term_string}\"},\"query-input\":{\"@type\":\"PropertyValueSpecification\",\"valueRequired\":true,\"valueName\":\"search_term_string\"}}],\"inLanguage\":\"es\"},{\"@type\":\"Organization\",\"@id\":\"https:\\\/\\\/informelitoral.com.ar\\\/#organization\",\"name\":\"Informe Litoral\",\"url\":\"https:\\\/\\\/informelitoral.com.ar\\\/\",\"logo\":{\"@type\":\"ImageObject\",\"inLanguage\":\"es\",\"@id\":\"https:\\\/\\\/informelitoral.com.ar\\\/#\\\/schema\\\/logo\\\/image\\\/\",\"url\":\"https:\\\/\\\/informelitoral.com.ar\\\/%77%70%2d%63%6f%6e%74%65%6e%74\\\/uploads\\\/2021\\\/01\\\/circulo.png\",\"contentUrl\":\"https:\\\/\\\/informelitoral.com.ar\\\/%77%70%2d%63%6f%6e%74%65%6e%74\\\/uploads\\\/2021\\\/01\\\/circulo.png\",\"width\":723,\"height\":731,\"caption\":\"Informe Litoral\"},\"image\":{\"@id\":\"https:\\\/\\\/informelitoral.com.ar\\\/#\\\/schema\\\/logo\\\/image\\\/\"},\"sameAs\":[\"https:\\\/\\\/www.facebook.com\\\/informelitoral\\\/\",\"https:\\\/\\\/x.com\\\/InformeLitoral\",\"https:\\\/\\\/www.instagram.com\\\/informelitoral\\\/\",\"https:\\\/\\\/www.youtube.com\\\/channel\\\/UCua4Qvz8Icb6MYqhoq9xLXw\"]},{\"@type\":\"Person\",\"@id\":\"https:\\\/\\\/informelitoral.com.ar\\\/#\\\/schema\\\/person\\\/f05f9f461677119578717524b127d6d5\",\"name\":\"Sebastian\",\"image\":{\"@type\":\"ImageObject\",\"inLanguage\":\"es\",\"@id\":\"https:\\\/\\\/secure.gravatar.com\\\/avatar\\\/b71bf7481d447dfb9583c7f2798e7cc64de6efb9067b74633ed8c31059a3bd82?s=96&d=mm&r=g\",\"url\":\"https:\\\/\\\/secure.gravatar.com\\\/avatar\\\/b71bf7481d447dfb9583c7f2798e7cc64de6efb9067b74633ed8c31059a3bd82?s=96&d=mm&r=g\",\"contentUrl\":\"https:\\\/\\\/secure.gravatar.com\\\/avatar\\\/b71bf7481d447dfb9583c7f2798e7cc64de6efb9067b74633ed8c31059a3bd82?s=96&d=mm&r=g\",\"caption\":\"Sebastian\"},\"url\":\"https:\\\/\\\/informelitoral.com.ar\\\/author\\\/sebastian\\\/\"}]}<\/script>","yoast_head_json":{"title":"Licitan la obra del hospital Urquiza de Concepci\u00f3n del Uruguay - Informe Litoral","robots":{"index":"index","follow":"follow","max-snippet":"max-snippet:-1","max-image-preview":"max-image-preview:large","max-video-preview":"max-video-preview:-1"},"canonical":"https:\/\/informelitoral.com.ar\/licitan-la-obra-del-hospital-urquiza-de-concepcion-del-uruguay\/","og_locale":"es_ES","og_type":"article","og_title":"Licitan la obra del hospital Urquiza de Concepci\u00f3n del Uruguay - Informe Litoral","og_description":"Con un presupuesto oficial de m\u00e1s de 86 millones de pesos, el gobierno provincial licita la obra de construcci\u00f3n Nueva UTI y nuevos dormitorios m\u00e9dicos de guardia del Hospital J.J. Urquiza de Concepci\u00f3n del Uruguay. La apertura ser\u00e1 el 13 de diciembre en las instalaciones del nosocomio.","og_url":"https:\/\/informelitoral.com.ar\/licitan-la-obra-del-hospital-urquiza-de-concepcion-del-uruguay\/","og_site_name":"Informe Litoral","article_publisher":"https:\/\/www.facebook.com\/informelitoral\/","article_published_time":"2021-12-07T10:09:24+00:00","article_modified_time":"2021-12-07T12:13:36+00:00","og_image":[{"width":800,"height":533,"url":"https:\/\/informelitoral.com.ar\/%77%70%2d%63%6f%6e%74%65%6e%74\/uploads\/2021\/12\/05-hj.-j.-urquiza-uruguay-800x533-1.jpg","type":"image\/jpeg"}],"author":"Sebastian","twitter_card":"summary_large_image","twitter_creator":"@InformeLitoral","twitter_site":"@InformeLitoral","twitter_misc":{"Escrito por":"Sebastian","Tiempo de lectura":"1 minuto"},"schema":{"@context":"https:\/\/schema.org","@graph":[{"@type":"Article","@id":"https:\/\/informelitoral.com.ar\/licitan-la-obra-del-hospital-urquiza-de-concepcion-del-uruguay\/#article","isPartOf":{"@id":"https:\/\/informelitoral.com.ar\/licitan-la-obra-del-hospital-urquiza-de-concepcion-del-uruguay\/"},"author":{"name":"Sebastian","@id":"https:\/\/informelitoral.com.ar\/#\/schema\/person\/f05f9f461677119578717524b127d6d5"},"headline":"Licitan la obra del hospital Urquiza de Concepci\u00f3n del Uruguay","datePublished":"2021-12-07T10:09:24+00:00","dateModified":"2021-12-07T12:13:36+00:00","mainEntityOfPage":{"@id":"https:\/\/informelitoral.com.ar\/licitan-la-obra-del-hospital-urquiza-de-concepcion-del-uruguay\/"},"wordCount":221,"commentCount":0,"publisher":{"@id":"https:\/\/informelitoral.com.ar\/#organization"},"image":{"@id":"https:\/\/informelitoral.com.ar\/licitan-la-obra-del-hospital-urquiza-de-concepcion-del-uruguay\/#primaryimage"},"thumbnailUrl":"https:\/\/informelitoral.com.ar\/%77%70%2d%63%6f%6e%74%65%6e%74\/uploads\/2021\/12\/05-hj.-j.-urquiza-uruguay-800x533-1.jpg","keywords":["Concepci\u00f3n del Uruguay","Hospital Urquiza"],"articleSection":["Entre R\u00edos"],"inLanguage":"es","potentialAction":[{"@type":"CommentAction","name":"Comment","target":["https:\/\/informelitoral.com.ar\/licitan-la-obra-del-hospital-urquiza-de-concepcion-del-uruguay\/#respond"]}]},{"@type":"WebPage","@id":"https:\/\/informelitoral.com.ar\/licitan-la-obra-del-hospital-urquiza-de-concepcion-del-uruguay\/","url":"https:\/\/informelitoral.com.ar\/licitan-la-obra-del-hospital-urquiza-de-concepcion-del-uruguay\/","name":"Licitan la obra del hospital Urquiza de Concepci\u00f3n del Uruguay - Informe Litoral","isPartOf":{"@id":"https:\/\/informelitoral.com.ar\/#website"},"primaryImageOfPage":{"@id":"https:\/\/informelitoral.com.ar\/licitan-la-obra-del-hospital-urquiza-de-concepcion-del-uruguay\/#primaryimage"},"image":{"@id":"https:\/\/informelitoral.com.ar\/licitan-la-obra-del-hospital-urquiza-de-concepcion-del-uruguay\/#primaryimage"},"thumbnailUrl":"https:\/\/informelitoral.com.ar\/%77%70%2d%63%6f%6e%74%65%6e%74\/uploads\/2021\/12\/05-hj.-j.-urquiza-uruguay-800x533-1.jpg","datePublished":"2021-12-07T10:09:24+00:00","dateModified":"2021-12-07T12:13:36+00:00","breadcrumb":{"@id":"https:\/\/informelitoral.com.ar\/licitan-la-obra-del-hospital-urquiza-de-concepcion-del-uruguay\/#breadcrumb"},"inLanguage":"es","potentialAction":[{"@type":"ReadAction","target":["https:\/\/informelitoral.com.ar\/licitan-la-obra-del-hospital-urquiza-de-concepcion-del-uruguay\/"]}]},{"@type":"ImageObject","inLanguage":"es","@id":"https:\/\/informelitoral.com.ar\/licitan-la-obra-del-hospital-urquiza-de-concepcion-del-uruguay\/#primaryimage","url":"https:\/\/informelitoral.com.ar\/%77%70%2d%63%6f%6e%74%65%6e%74\/uploads\/2021\/12\/05-hj.-j.-urquiza-uruguay-800x533-1.jpg","contentUrl":"https:\/\/informelitoral.com.ar\/%77%70%2d%63%6f%6e%74%65%6e%74\/uploads\/2021\/12\/05-hj.-j.-urquiza-uruguay-800x533-1.jpg","width":800,"height":533},{"@type":"BreadcrumbList","@id":"https:\/\/informelitoral.com.ar\/licitan-la-obra-del-hospital-urquiza-de-concepcion-del-uruguay\/#breadcrumb","itemListElement":[{"@type":"ListItem","position":1,"name":"Portada","item":"https:\/\/informelitoral.com.ar\/"},{"@type":"ListItem","position":2,"name":"Licitan la obra del hospital Urquiza de Concepci\u00f3n del Uruguay"}]},{"@type":"WebSite","@id":"https:\/\/informelitoral.com.ar\/#website","url":"https:\/\/informelitoral.com.ar\/","name":"Informe Litoral","description":"&quot;Nos informamos&quot; ","publisher":{"@id":"https:\/\/informelitoral.com.ar\/#organization"},"potentialAction":[{"@type":"SearchAction","target":{"@type":"EntryPoint","urlTemplate":"https:\/\/informelitoral.com.ar\/?s={search_term_string}"},"query-input":{"@type":"PropertyValueSpecification","valueRequired":true,"valueName":"search_term_string"}}],"inLanguage":"es"},{"@type":"Organization","@id":"https:\/\/informelitoral.com.ar\/#organization","name":"Informe Litoral","url":"https:\/\/informelitoral.com.ar\/","logo":{"@type":"ImageObject","inLanguage":"es","@id":"https:\/\/informelitoral.com.ar\/#\/schema\/logo\/image\/","url":"https:\/\/informelitoral.com.ar\/%77%70%2d%63%6f%6e%74%65%6e%74\/uploads\/2021\/01\/circulo.png","contentUrl":"https:\/\/informelitoral.com.ar\/%77%70%2d%63%6f%6e%74%65%6e%74\/uploads\/2021\/01\/circulo.png","width":723,"height":731,"caption":"Informe Litoral"},"image":{"@id":"https:\/\/informelitoral.com.ar\/#\/schema\/logo\/image\/"},"sameAs":["https:\/\/www.facebook.com\/informelitoral\/","https:\/\/x.com\/InformeLitoral","https:\/\/www.instagram.com\/informelitoral\/","https:\/\/www.youtube.com\/channel\/UCua4Qvz8Icb6MYqhoq9xLXw"]},{"@type":"Person","@id":"https:\/\/informelitoral.com.ar\/#\/schema\/person\/f05f9f461677119578717524b127d6d5","name":"Sebastian","image":{"@type":"ImageObject","inLanguage":"es","@id":"https:\/\/secure.gravatar.com\/avatar\/b71bf7481d447dfb9583c7f2798e7cc64de6efb9067b74633ed8c31059a3bd82?s=96&d=mm&r=g","url":"https:\/\/secure.gravatar.com\/avatar\/b71bf7481d447dfb9583c7f2798e7cc64de6efb9067b74633ed8c31059a3bd82?s=96&d=mm&r=g","contentUrl":"https:\/\/secure.gravatar.com\/avatar\/b71bf7481d447dfb9583c7f2798e7cc64de6efb9067b74633ed8c31059a3bd82?s=96&d=mm&r=g","caption":"Sebastian"},"url":"https:\/\/informelitoral.com.ar\/author\/sebastian\/"}]}},"_links":{"self":[{"href":"https:\/\/informelitoral.com.ar\/%77%70%2d%6a%73%6f%6e\/wp\/v2\/posts\/68513","targetHints":{"allow":["GET"]}}],"collection":[{"href":"https:\/\/informelitoral.com.ar\/%77%70%2d%6a%73%6f%6e\/wp\/v2\/posts"}],"about":[{"href":"https:\/\/informelitoral.com.ar\/%77%70%2d%6a%73%6f%6e\/wp\/v2\/types\/post"}],"author":[{"embeddable":true,"href":"https:\/\/informelitoral.com.ar\/%77%70%2d%6a%73%6f%6e\/wp\/v2\/users\/8"}],"replies":[{"embeddable":true,"href":"https:\/\/informelitoral.com.ar\/%77%70%2d%6a%73%6f%6e\/wp\/v2\/comments?post=68513"}],"version-history":[{"count":0,"href":"https:\/\/informelitoral.com.ar\/%77%70%2d%6a%73%6f%6e\/wp\/v2\/posts\/68513\/revisions"}],"wp:featuredmedia":[{"embeddable":true,"href":"https:\/\/informelitoral.com.ar\/%77%70%2d%6a%73%6f%6e\/wp\/v2\/media\/68514"}],"wp:attachment":[{"href":"https:\/\/informelitoral.com.ar\/%77%70%2d%6a%73%6f%6e\/wp\/v2\/media?parent=68513"}],"wp:term":[{"taxonomy":"category","embeddable":true,"href":"https:\/\/informelitoral.com.ar\/%77%70%2d%6a%73%6f%6e\/wp\/v2\/categories?post=68513"},{"taxonomy":"post_tag","embeddable":true,"href":"https:\/\/informelitoral.com.ar\/%77%70%2d%6a%73%6f%6e\/wp\/v2\/tags?post=68513"}],"curies":[{"name":"wp","href":"https:\/\/api.w.org\/{rel}","templated":true}]}}