{"id":68500,"date":"2021-12-07T07:33:05","date_gmt":"2021-12-07T10:33:05","guid":{"rendered":"https:\/\/www.informelitoral.com.ar\/?p=68500"},"modified":"2021-12-07T07:33:05","modified_gmt":"2021-12-07T10:33:05","slug":"el-gobierno-lanzo-una-canasta-navidena-que-productos-tendra-y-cual-sera-el-precio","status":"publish","type":"post","link":"https:\/\/informelitoral.com.ar\/el-gobierno-lanzo-una-canasta-navidena-que-productos-tendra-y-cual-sera-el-precio\/","title":{"rendered":"El Gobierno lanz\u00f3 una canasta navide\u00f1a: qu\u00e9 productos tendr\u00e1 y cu\u00e1l ser\u00e1 el precio"},"content":{"rendered":"<p class=\"paragraph\">A poco m\u00e1s de dos semanas para el 24 de diciembre, y tal como estaba previsto, el Gobierno incorpor\u00f3 a la lista de Precios Cuidados ya vigente una canasta con varios productos tradicionales de la mesa navide\u00f1a. La medida se confirm\u00f3 a trav\u00e9s de la\u00a0<b>Resoluci\u00f3n 1064\/2021<\/b>, publicada este martes en el<b>\u00a0Bolet\u00edn Oficial<\/b>.<\/p>\n<p class=\"paragraph\">Entre los art\u00edculos que se agregaron hay tanto alimentos como bebidas alcoh\u00f3licas, los cuales tendr\u00e1n un valor en g\u00f3ndola fijo que en algunos casos tendr\u00e1 una cierta variaci\u00f3n dependiendo de la provincia en la que se comercialice.<\/p>\n<p class=\"paragraph\">La decisi\u00f3n fue firmada por el secretario de Comercio Interior\u00a0<b>Roberto Feletti<\/b>, cuya \u00e1rea sigue de cerca la evoluci\u00f3n de los precios en medio de un contexto inflacionario que no da tregua y el Gobierno intenta atenuar.<\/p>\n<p class=\"paragraph\">Se aclar\u00f3 que\u00a0<mark class=\"hl_yellow\">los vendedores \u201cno podr\u00e1n excluir, limitar o discriminar dichos productos de promociones, descuentos, ofertas o cualquier tipo de acci\u00f3n comercial\u00a0<\/mark>que implementen los productores, comercializadores y distribuidores\u201d.<\/p>\n<p class=\"paragraph\">Del listado quedaron afuera los cl\u00e1sicos \u00e1garrapi\u00f1adas y turrones, dos productos cl\u00e1sicos de consumo en las fiestas y que estaba previsto que tambi\u00e9n estuvieran incluidos en la canasta navide\u00f1a del Gobierno, pero que finalmente no lo est\u00e1n.<\/p>\n<p class=\"paragraph\">Alcanza, por ejemplo, al pan dulce con chips de chocolate Valente por 400 gramos, el cual se podr\u00e1 conseguir en todo el territorio nacional $369, mientras que el de la misma marca pero con frutas se vender\u00e1 a $338. En tanto, el de 600 gramos con frutas estar\u00e1 $459 y el que viene sin frutas, de 350 gr, $279.<\/p>\n<p class=\"paragraph\">Adem\u00e1s, el bud\u00edn marmolado 9 de oro de 220 gr. figura a $103,90 y el Nevares sabor vainilla de 250 gr., a $152. El pan dulce con frutas Bimbo de 400 gr. estar\u00e1 $364 y el que tiene chips de chocolate, $399.<\/p>\n<p class=\"paragraph\">Tambi\u00e9n habr\u00e1 segundas marcas: el pan dulce con frutas Mk de 400 gramos permanecer\u00e1 congelado en $160, al tiempo que el bud\u00edn de esta firma, ya sea con frutas o marmolado, estar\u00e1 $72,90.<\/p>\n<p class=\"paragraph\">A su vez se podr\u00e1 conseguir en Precios Cuidados, a diferentes valores seg\u00fan la provincia, la sidra Etiqueta Blanca Victoria de 720 Cc.; los malvaviscos Trenza Gongys por 200 G.; el vino espumante Demi Sec Chandon de 750 Ml., y el champagne Brut Nature Nieto Senetiner de 750 Ml.<\/p>\n<p class=\"paragraph\">Desde la agrupaci\u00f3n Consumidores Libres informaron d\u00edas atr\u00e1s que, seg\u00fan una encuesta realizada en supermercados de la Ciudad de Buenos Aires,\u00a0<mark class=\"hl_yellow\">el precio de 24 productos seleccionados de la canasta navide\u00f1a tuvo un aumento del 64,64% respecto a 2020<\/mark>. En tanto, las canastas ya armadas que ofrecen las grandes cadenas de supermercados registran aumentos que van desde 33,36% al 80% en relaci\u00f3n al a\u00f1o pasado.<\/p>\n<p class=\"paragraph\">En tanto, otro relevamiento realizado por la consultora Focus Market v\u00eda Scanntech (los lectores de c\u00f3digo de barras en los puntos de venta) compar\u00f3 los precios promedio de nueve productos de la canasta navide\u00f1a 2021 en 670 puntos de venta de todo el pa\u00eds con respecto al precio promedio de las mismas categor\u00edas de productos en 2020.<\/p>\n<p class=\"paragraph\">Las subas registradas fueron de\u00a0<b>77% para budines<\/b>\u00a0(de $63,60 a $112,40); de\u00a0<b>72% para el champagne<\/b>\u00a0(de $327,20 a $561,30); de\u00a0<b>59% para el man\u00ed con chocolate<\/b>\u00a0(de $73 a $116); de\u00a0<b>65% para el pan dulce<\/b>\u00a0(de $135,30 a $222,90) y de\u00a0<b>38% para el pionono<\/b>\u00a0($91,50 a $126,20).<\/p>\n<p class=\"paragraph\">En tanto,\u00a0<b>en la categor\u00eda de sidras la suba entre noviembre de 2020 y noviembre de 2021 fue de 84%<\/b>\u00a0(de $149,30 a $274.60); de\u00a0<b>70% en turrones<\/b>\u00a0(de $28,60 a $48,60); de\u00a0<b>79% para los vinos frizzantes<\/b>\u00a0(de $97,40 a $174,10) y de\u00a0<b>38% para las garrapi\u00f1adas<\/b>\u00a0(de $49,70 a $68,60).<\/p>\n<p class=\"paragraph\">\u201cLa variaci\u00f3n de los precios de los productos navide\u00f1os tiene fuerte estacionalidad, a lo que se suma que muchos de sus ingredientes y materias primas tuvieron aumentos superiores a la media. En muchos casos, incluso, estos mayores costos no han sido derivados en su totalidad con el objetivo de recuperar ventas, ya que la Navidad del a\u00f1o pasado no fue buena\u201d, se\u00f1al\u00f3\u00a0<b>Dami\u00e1n Di Pace<\/b>, director de la Consultora Focus Market.<\/p>\n","protected":false},"excerpt":{"rendered":"<p>El listado incluye tanto alimentos como golosinas y bebidas alcoh\u00f3licas, que tendr\u00e1n un valor en g\u00f3ndola congelado.<\/p>\n","protected":false},"author":2,"featured_media":68501,"comment_status":"open","ping_status":"open","sticky":false,"template":"","format":"standard","meta":{"fifu_image_url":"","fifu_image_alt":"","footnotes":""},"categories":[7],"tags":[2041,233,32],"class_list":{"0":"post-68500","1":"post","2":"type-post","3":"status-publish","4":"format-standard","5":"has-post-thumbnail","7":"category-nacionales","8":"tag-canasta-navidena","9":"tag-gobierno-nacional","10":"tag-precios"},"yoast_head":"<title>El Gobierno lanz\u00f3 una canasta navide\u00f1a: qu\u00e9 productos tendr\u00e1 y cu\u00e1l ser\u00e1 el precio - Informe Litoral<\/title>\n<meta name=\"robots\" content=\"index, follow, max-snippet:-1, max-image-preview:large, max-video-preview:-1\" \/>\n<link rel=\"canonical\" href=\"https:\/\/informelitoral.com.ar\/el-gobierno-lanzo-una-canasta-navidena-que-productos-tendra-y-cual-sera-el-precio\/\" \/>\n<meta property=\"og:locale\" content=\"es_ES\" \/>\n<meta property=\"og:type\" content=\"article\" \/>\n<meta property=\"og:title\" content=\"El Gobierno lanz\u00f3 una canasta navide\u00f1a: qu\u00e9 productos tendr\u00e1 y cu\u00e1l ser\u00e1 el precio - Informe Litoral\" \/>\n<meta property=\"og:description\" content=\"El listado incluye tanto alimentos como golosinas y bebidas alcoh\u00f3licas, que tendr\u00e1n un valor en g\u00f3ndola congelado.\" \/>\n<meta property=\"og:url\" content=\"https:\/\/informelitoral.com.ar\/el-gobierno-lanzo-una-canasta-navidena-que-productos-tendra-y-cual-sera-el-precio\/\" \/>\n<meta property=\"og:site_name\" content=\"Informe Litoral\" \/>\n<meta property=\"article:publisher\" content=\"https:\/\/www.facebook.com\/informelitoral\/\" \/>\n<meta property=\"article:published_time\" content=\"2021-12-07T10:33:05+00:00\" \/>\n<meta property=\"og:image\" content=\"https:\/\/informelitoral.com.ar\/%77%70%2d%63%6f%6e%74%65%6e%74\/uploads\/2021\/12\/Canasta-navidena-portada-730x411-1.jpg\" \/>\n\t<meta property=\"og:image:width\" content=\"730\" \/>\n\t<meta property=\"og:image:height\" content=\"411\" \/>\n\t<meta property=\"og:image:type\" content=\"image\/jpeg\" \/>\n<meta name=\"author\" content=\"Gonzalo Schmidt\" \/>\n<meta name=\"twitter:card\" content=\"summary_large_image\" \/>\n<meta name=\"twitter:creator\" content=\"@InformeLitoral\" \/>\n<meta name=\"twitter:site\" content=\"@InformeLitoral\" \/>\n<meta name=\"twitter:label1\" content=\"Escrito por\" \/>\n\t<meta name=\"twitter:data1\" content=\"Gonzalo Schmidt\" \/>\n\t<meta name=\"twitter:label2\" content=\"Tiempo de lectura\" \/>\n\t<meta name=\"twitter:data2\" content=\"3 minutos\" \/>\n<script type=\"application\/ld+json\" class=\"yoast-schema-graph\">{\"@context\":\"https:\\\/\\\/schema.org\",\"@graph\":[{\"@type\":\"Article\",\"@id\":\"https:\\\/\\\/informelitoral.com.ar\\\/el-gobierno-lanzo-una-canasta-navidena-que-productos-tendra-y-cual-sera-el-precio\\\/#article\",\"isPartOf\":{\"@id\":\"https:\\\/\\\/informelitoral.com.ar\\\/el-gobierno-lanzo-una-canasta-navidena-que-productos-tendra-y-cual-sera-el-precio\\\/\"},\"author\":{\"name\":\"Gonzalo Schmidt\",\"@id\":\"https:\\\/\\\/informelitoral.com.ar\\\/#\\\/schema\\\/person\\\/b9d00407c836482871ef1d57bf8e3180\"},\"headline\":\"El Gobierno lanz\u00f3 una canasta navide\u00f1a: qu\u00e9 productos tendr\u00e1 y cu\u00e1l ser\u00e1 el precio\",\"datePublished\":\"2021-12-07T10:33:05+00:00\",\"mainEntityOfPage\":{\"@id\":\"https:\\\/\\\/informelitoral.com.ar\\\/el-gobierno-lanzo-una-canasta-navidena-que-productos-tendra-y-cual-sera-el-precio\\\/\"},\"wordCount\":673,\"commentCount\":0,\"publisher\":{\"@id\":\"https:\\\/\\\/informelitoral.com.ar\\\/#organization\"},\"image\":{\"@id\":\"https:\\\/\\\/informelitoral.com.ar\\\/el-gobierno-lanzo-una-canasta-navidena-que-productos-tendra-y-cual-sera-el-precio\\\/#primaryimage\"},\"thumbnailUrl\":\"https:\\\/\\\/informelitoral.com.ar\\\/%77%70%2d%63%6f%6e%74%65%6e%74\\\/uploads\\\/2021\\\/12\\\/Canasta-navidena-portada-730x411-1.jpg\",\"keywords\":[\"Canasta Navide\u00f1a\",\"Gobierno nacional\",\"precios\"],\"articleSection\":[\"Nacionales\"],\"inLanguage\":\"es\",\"potentialAction\":[{\"@type\":\"CommentAction\",\"name\":\"Comment\",\"target\":[\"https:\\\/\\\/informelitoral.com.ar\\\/el-gobierno-lanzo-una-canasta-navidena-que-productos-tendra-y-cual-sera-el-precio\\\/#respond\"]}]},{\"@type\":\"WebPage\",\"@id\":\"https:\\\/\\\/informelitoral.com.ar\\\/el-gobierno-lanzo-una-canasta-navidena-que-productos-tendra-y-cual-sera-el-precio\\\/\",\"url\":\"https:\\\/\\\/informelitoral.com.ar\\\/el-gobierno-lanzo-una-canasta-navidena-que-productos-tendra-y-cual-sera-el-precio\\\/\",\"name\":\"El Gobierno lanz\u00f3 una canasta navide\u00f1a: qu\u00e9 productos tendr\u00e1 y cu\u00e1l ser\u00e1 el precio - Informe Litoral\",\"isPartOf\":{\"@id\":\"https:\\\/\\\/informelitoral.com.ar\\\/#website\"},\"primaryImageOfPage\":{\"@id\":\"https:\\\/\\\/informelitoral.com.ar\\\/el-gobierno-lanzo-una-canasta-navidena-que-productos-tendra-y-cual-sera-el-precio\\\/#primaryimage\"},\"image\":{\"@id\":\"https:\\\/\\\/informelitoral.com.ar\\\/el-gobierno-lanzo-una-canasta-navidena-que-productos-tendra-y-cual-sera-el-precio\\\/#primaryimage\"},\"thumbnailUrl\":\"https:\\\/\\\/informelitoral.com.ar\\\/%77%70%2d%63%6f%6e%74%65%6e%74\\\/uploads\\\/2021\\\/12\\\/Canasta-navidena-portada-730x411-1.jpg\",\"datePublished\":\"2021-12-07T10:33:05+00:00\",\"breadcrumb\":{\"@id\":\"https:\\\/\\\/informelitoral.com.ar\\\/el-gobierno-lanzo-una-canasta-navidena-que-productos-tendra-y-cual-sera-el-precio\\\/#breadcrumb\"},\"inLanguage\":\"es\",\"potentialAction\":[{\"@type\":\"ReadAction\",\"target\":[\"https:\\\/\\\/informelitoral.com.ar\\\/el-gobierno-lanzo-una-canasta-navidena-que-productos-tendra-y-cual-sera-el-precio\\\/\"]}]},{\"@type\":\"ImageObject\",\"inLanguage\":\"es\",\"@id\":\"https:\\\/\\\/informelitoral.com.ar\\\/el-gobierno-lanzo-una-canasta-navidena-que-productos-tendra-y-cual-sera-el-precio\\\/#primaryimage\",\"url\":\"https:\\\/\\\/informelitoral.com.ar\\\/%77%70%2d%63%6f%6e%74%65%6e%74\\\/uploads\\\/2021\\\/12\\\/Canasta-navidena-portada-730x411-1.jpg\",\"contentUrl\":\"https:\\\/\\\/informelitoral.com.ar\\\/%77%70%2d%63%6f%6e%74%65%6e%74\\\/uploads\\\/2021\\\/12\\\/Canasta-navidena-portada-730x411-1.jpg\",\"width\":730,\"height\":411},{\"@type\":\"BreadcrumbList\",\"@id\":\"https:\\\/\\\/informelitoral.com.ar\\\/el-gobierno-lanzo-una-canasta-navidena-que-productos-tendra-y-cual-sera-el-precio\\\/#breadcrumb\",\"itemListElement\":[{\"@type\":\"ListItem\",\"position\":1,\"name\":\"Portada\",\"item\":\"https:\\\/\\\/informelitoral.com.ar\\\/\"},{\"@type\":\"ListItem\",\"position\":2,\"name\":\"El Gobierno lanz\u00f3 una canasta navide\u00f1a: qu\u00e9 productos tendr\u00e1 y cu\u00e1l ser\u00e1 el precio\"}]},{\"@type\":\"WebSite\",\"@id\":\"https:\\\/\\\/informelitoral.com.ar\\\/#website\",\"url\":\"https:\\\/\\\/informelitoral.com.ar\\\/\",\"name\":\"Informe Litoral\",\"description\":\"&quot;Nos informamos&quot; \",\"publisher\":{\"@id\":\"https:\\\/\\\/informelitoral.com.ar\\\/#organization\"},\"potentialAction\":[{\"@type\":\"SearchAction\",\"target\":{\"@type\":\"EntryPoint\",\"urlTemplate\":\"https:\\\/\\\/informelitoral.com.ar\\\/?s={search_term_string}\"},\"query-input\":{\"@type\":\"PropertyValueSpecification\",\"valueRequired\":true,\"valueName\":\"search_term_string\"}}],\"inLanguage\":\"es\"},{\"@type\":\"Organization\",\"@id\":\"https:\\\/\\\/informelitoral.com.ar\\\/#organization\",\"name\":\"Informe Litoral\",\"url\":\"https:\\\/\\\/informelitoral.com.ar\\\/\",\"logo\":{\"@type\":\"ImageObject\",\"inLanguage\":\"es\",\"@id\":\"https:\\\/\\\/informelitoral.com.ar\\\/#\\\/schema\\\/logo\\\/image\\\/\",\"url\":\"https:\\\/\\\/informelitoral.com.ar\\\/%77%70%2d%63%6f%6e%74%65%6e%74\\\/uploads\\\/2021\\\/01\\\/circulo.png\",\"contentUrl\":\"https:\\\/\\\/informelitoral.com.ar\\\/%77%70%2d%63%6f%6e%74%65%6e%74\\\/uploads\\\/2021\\\/01\\\/circulo.png\",\"width\":723,\"height\":731,\"caption\":\"Informe Litoral\"},\"image\":{\"@id\":\"https:\\\/\\\/informelitoral.com.ar\\\/#\\\/schema\\\/logo\\\/image\\\/\"},\"sameAs\":[\"https:\\\/\\\/www.facebook.com\\\/informelitoral\\\/\",\"https:\\\/\\\/x.com\\\/InformeLitoral\",\"https:\\\/\\\/www.instagram.com\\\/informelitoral\\\/\",\"https:\\\/\\\/www.youtube.com\\\/channel\\\/UCua4Qvz8Icb6MYqhoq9xLXw\"]},{\"@type\":\"Person\",\"@id\":\"https:\\\/\\\/informelitoral.com.ar\\\/#\\\/schema\\\/person\\\/b9d00407c836482871ef1d57bf8e3180\",\"name\":\"Gonzalo Schmidt\",\"image\":{\"@type\":\"ImageObject\",\"inLanguage\":\"es\",\"@id\":\"https:\\\/\\\/secure.gravatar.com\\\/avatar\\\/31a1a7b66ff2de83bd0e9fd79d026630d2d99e55e8bfe501287647b4fd9743de?s=96&d=mm&r=g\",\"url\":\"https:\\\/\\\/secure.gravatar.com\\\/avatar\\\/31a1a7b66ff2de83bd0e9fd79d026630d2d99e55e8bfe501287647b4fd9743de?s=96&d=mm&r=g\",\"contentUrl\":\"https:\\\/\\\/secure.gravatar.com\\\/avatar\\\/31a1a7b66ff2de83bd0e9fd79d026630d2d99e55e8bfe501287647b4fd9743de?s=96&d=mm&r=g\",\"caption\":\"Gonzalo Schmidt\"},\"description\":\"Sitio web de noticias de la provincia de Entre R\u00edos, Argentina. Informaci\u00f3n y entretenimiento. Informe Litoral, nos informamos.\",\"sameAs\":[\"http:\\\/\\\/www.isletasnoticias.com.ar\"],\"url\":\"https:\\\/\\\/informelitoral.com.ar\\\/author\\\/gonzalo\\\/\"}]}<\/script>","yoast_head_json":{"title":"El Gobierno lanz\u00f3 una canasta navide\u00f1a: qu\u00e9 productos tendr\u00e1 y cu\u00e1l ser\u00e1 el precio - Informe Litoral","robots":{"index":"index","follow":"follow","max-snippet":"max-snippet:-1","max-image-preview":"max-image-preview:large","max-video-preview":"max-video-preview:-1"},"canonical":"https:\/\/informelitoral.com.ar\/el-gobierno-lanzo-una-canasta-navidena-que-productos-tendra-y-cual-sera-el-precio\/","og_locale":"es_ES","og_type":"article","og_title":"El Gobierno lanz\u00f3 una canasta navide\u00f1a: qu\u00e9 productos tendr\u00e1 y cu\u00e1l ser\u00e1 el precio - Informe Litoral","og_description":"El listado incluye tanto alimentos como golosinas y bebidas alcoh\u00f3licas, que tendr\u00e1n un valor en g\u00f3ndola congelado.","og_url":"https:\/\/informelitoral.com.ar\/el-gobierno-lanzo-una-canasta-navidena-que-productos-tendra-y-cual-sera-el-precio\/","og_site_name":"Informe Litoral","article_publisher":"https:\/\/www.facebook.com\/informelitoral\/","article_published_time":"2021-12-07T10:33:05+00:00","og_image":[{"width":730,"height":411,"url":"https:\/\/informelitoral.com.ar\/%77%70%2d%63%6f%6e%74%65%6e%74\/uploads\/2021\/12\/Canasta-navidena-portada-730x411-1.jpg","type":"image\/jpeg"}],"author":"Gonzalo Schmidt","twitter_card":"summary_large_image","twitter_creator":"@InformeLitoral","twitter_site":"@InformeLitoral","twitter_misc":{"Escrito por":"Gonzalo Schmidt","Tiempo de lectura":"3 minutos"},"schema":{"@context":"https:\/\/schema.org","@graph":[{"@type":"Article","@id":"https:\/\/informelitoral.com.ar\/el-gobierno-lanzo-una-canasta-navidena-que-productos-tendra-y-cual-sera-el-precio\/#article","isPartOf":{"@id":"https:\/\/informelitoral.com.ar\/el-gobierno-lanzo-una-canasta-navidena-que-productos-tendra-y-cual-sera-el-precio\/"},"author":{"name":"Gonzalo Schmidt","@id":"https:\/\/informelitoral.com.ar\/#\/schema\/person\/b9d00407c836482871ef1d57bf8e3180"},"headline":"El Gobierno lanz\u00f3 una canasta navide\u00f1a: qu\u00e9 productos tendr\u00e1 y cu\u00e1l ser\u00e1 el precio","datePublished":"2021-12-07T10:33:05+00:00","mainEntityOfPage":{"@id":"https:\/\/informelitoral.com.ar\/el-gobierno-lanzo-una-canasta-navidena-que-productos-tendra-y-cual-sera-el-precio\/"},"wordCount":673,"commentCount":0,"publisher":{"@id":"https:\/\/informelitoral.com.ar\/#organization"},"image":{"@id":"https:\/\/informelitoral.com.ar\/el-gobierno-lanzo-una-canasta-navidena-que-productos-tendra-y-cual-sera-el-precio\/#primaryimage"},"thumbnailUrl":"https:\/\/informelitoral.com.ar\/%77%70%2d%63%6f%6e%74%65%6e%74\/uploads\/2021\/12\/Canasta-navidena-portada-730x411-1.jpg","keywords":["Canasta Navide\u00f1a","Gobierno nacional","precios"],"articleSection":["Nacionales"],"inLanguage":"es","potentialAction":[{"@type":"CommentAction","name":"Comment","target":["https:\/\/informelitoral.com.ar\/el-gobierno-lanzo-una-canasta-navidena-que-productos-tendra-y-cual-sera-el-precio\/#respond"]}]},{"@type":"WebPage","@id":"https:\/\/informelitoral.com.ar\/el-gobierno-lanzo-una-canasta-navidena-que-productos-tendra-y-cual-sera-el-precio\/","url":"https:\/\/informelitoral.com.ar\/el-gobierno-lanzo-una-canasta-navidena-que-productos-tendra-y-cual-sera-el-precio\/","name":"El Gobierno lanz\u00f3 una canasta navide\u00f1a: qu\u00e9 productos tendr\u00e1 y cu\u00e1l ser\u00e1 el precio - Informe Litoral","isPartOf":{"@id":"https:\/\/informelitoral.com.ar\/#website"},"primaryImageOfPage":{"@id":"https:\/\/informelitoral.com.ar\/el-gobierno-lanzo-una-canasta-navidena-que-productos-tendra-y-cual-sera-el-precio\/#primaryimage"},"image":{"@id":"https:\/\/informelitoral.com.ar\/el-gobierno-lanzo-una-canasta-navidena-que-productos-tendra-y-cual-sera-el-precio\/#primaryimage"},"thumbnailUrl":"https:\/\/informelitoral.com.ar\/%77%70%2d%63%6f%6e%74%65%6e%74\/uploads\/2021\/12\/Canasta-navidena-portada-730x411-1.jpg","datePublished":"2021-12-07T10:33:05+00:00","breadcrumb":{"@id":"https:\/\/informelitoral.com.ar\/el-gobierno-lanzo-una-canasta-navidena-que-productos-tendra-y-cual-sera-el-precio\/#breadcrumb"},"inLanguage":"es","potentialAction":[{"@type":"ReadAction","target":["https:\/\/informelitoral.com.ar\/el-gobierno-lanzo-una-canasta-navidena-que-productos-tendra-y-cual-sera-el-precio\/"]}]},{"@type":"ImageObject","inLanguage":"es","@id":"https:\/\/informelitoral.com.ar\/el-gobierno-lanzo-una-canasta-navidena-que-productos-tendra-y-cual-sera-el-precio\/#primaryimage","url":"https:\/\/informelitoral.com.ar\/%77%70%2d%63%6f%6e%74%65%6e%74\/uploads\/2021\/12\/Canasta-navidena-portada-730x411-1.jpg","contentUrl":"https:\/\/informelitoral.com.ar\/%77%70%2d%63%6f%6e%74%65%6e%74\/uploads\/2021\/12\/Canasta-navidena-portada-730x411-1.jpg","width":730,"height":411},{"@type":"BreadcrumbList","@id":"https:\/\/informelitoral.com.ar\/el-gobierno-lanzo-una-canasta-navidena-que-productos-tendra-y-cual-sera-el-precio\/#breadcrumb","itemListElement":[{"@type":"ListItem","position":1,"name":"Portada","item":"https:\/\/informelitoral.com.ar\/"},{"@type":"ListItem","position":2,"name":"El Gobierno lanz\u00f3 una canasta navide\u00f1a: qu\u00e9 productos tendr\u00e1 y cu\u00e1l ser\u00e1 el precio"}]},{"@type":"WebSite","@id":"https:\/\/informelitoral.com.ar\/#website","url":"https:\/\/informelitoral.com.ar\/","name":"Informe Litoral","description":"&quot;Nos informamos&quot; ","publisher":{"@id":"https:\/\/informelitoral.com.ar\/#organization"},"potentialAction":[{"@type":"SearchAction","target":{"@type":"EntryPoint","urlTemplate":"https:\/\/informelitoral.com.ar\/?s={search_term_string}"},"query-input":{"@type":"PropertyValueSpecification","valueRequired":true,"valueName":"search_term_string"}}],"inLanguage":"es"},{"@type":"Organization","@id":"https:\/\/informelitoral.com.ar\/#organization","name":"Informe Litoral","url":"https:\/\/informelitoral.com.ar\/","logo":{"@type":"ImageObject","inLanguage":"es","@id":"https:\/\/informelitoral.com.ar\/#\/schema\/logo\/image\/","url":"https:\/\/informelitoral.com.ar\/%77%70%2d%63%6f%6e%74%65%6e%74\/uploads\/2021\/01\/circulo.png","contentUrl":"https:\/\/informelitoral.com.ar\/%77%70%2d%63%6f%6e%74%65%6e%74\/uploads\/2021\/01\/circulo.png","width":723,"height":731,"caption":"Informe Litoral"},"image":{"@id":"https:\/\/informelitoral.com.ar\/#\/schema\/logo\/image\/"},"sameAs":["https:\/\/www.facebook.com\/informelitoral\/","https:\/\/x.com\/InformeLitoral","https:\/\/www.instagram.com\/informelitoral\/","https:\/\/www.youtube.com\/channel\/UCua4Qvz8Icb6MYqhoq9xLXw"]},{"@type":"Person","@id":"https:\/\/informelitoral.com.ar\/#\/schema\/person\/b9d00407c836482871ef1d57bf8e3180","name":"Gonzalo Schmidt","image":{"@type":"ImageObject","inLanguage":"es","@id":"https:\/\/secure.gravatar.com\/avatar\/31a1a7b66ff2de83bd0e9fd79d026630d2d99e55e8bfe501287647b4fd9743de?s=96&d=mm&r=g","url":"https:\/\/secure.gravatar.com\/avatar\/31a1a7b66ff2de83bd0e9fd79d026630d2d99e55e8bfe501287647b4fd9743de?s=96&d=mm&r=g","contentUrl":"https:\/\/secure.gravatar.com\/avatar\/31a1a7b66ff2de83bd0e9fd79d026630d2d99e55e8bfe501287647b4fd9743de?s=96&d=mm&r=g","caption":"Gonzalo Schmidt"},"description":"Sitio web de noticias de la provincia de Entre R\u00edos, Argentina. Informaci\u00f3n y entretenimiento. Informe Litoral, nos informamos.","sameAs":["http:\/\/www.isletasnoticias.com.ar"],"url":"https:\/\/informelitoral.com.ar\/author\/gonzalo\/"}]}},"_links":{"self":[{"href":"https:\/\/informelitoral.com.ar\/%77%70%2d%6a%73%6f%6e\/wp\/v2\/posts\/68500","targetHints":{"allow":["GET"]}}],"collection":[{"href":"https:\/\/informelitoral.com.ar\/%77%70%2d%6a%73%6f%6e\/wp\/v2\/posts"}],"about":[{"href":"https:\/\/informelitoral.com.ar\/%77%70%2d%6a%73%6f%6e\/wp\/v2\/types\/post"}],"author":[{"embeddable":true,"href":"https:\/\/informelitoral.com.ar\/%77%70%2d%6a%73%6f%6e\/wp\/v2\/users\/2"}],"replies":[{"embeddable":true,"href":"https:\/\/informelitoral.com.ar\/%77%70%2d%6a%73%6f%6e\/wp\/v2\/comments?post=68500"}],"version-history":[{"count":0,"href":"https:\/\/informelitoral.com.ar\/%77%70%2d%6a%73%6f%6e\/wp\/v2\/posts\/68500\/revisions"}],"wp:featuredmedia":[{"embeddable":true,"href":"https:\/\/informelitoral.com.ar\/%77%70%2d%6a%73%6f%6e\/wp\/v2\/media\/68501"}],"wp:attachment":[{"href":"https:\/\/informelitoral.com.ar\/%77%70%2d%6a%73%6f%6e\/wp\/v2\/media?parent=68500"}],"wp:term":[{"taxonomy":"category","embeddable":true,"href":"https:\/\/informelitoral.com.ar\/%77%70%2d%6a%73%6f%6e\/wp\/v2\/categories?post=68500"},{"taxonomy":"post_tag","embeddable":true,"href":"https:\/\/informelitoral.com.ar\/%77%70%2d%6a%73%6f%6e\/wp\/v2\/tags?post=68500"}],"curies":[{"name":"wp","href":"https:\/\/api.w.org\/{rel}","templated":true}]}}