{"id":68363,"date":"2021-12-03T22:28:12","date_gmt":"2021-12-04T01:28:12","guid":{"rendered":"https:\/\/www.informelitoral.com.ar\/?p=68363"},"modified":"2021-12-03T22:28:12","modified_gmt":"2021-12-04T01:28:12","slug":"comenzaron-los-trabajos-para-dotar-de-gas-natural-a-la-escuela-especial-n-15-san-francisco-javier-de-diamante","status":"publish","type":"post","link":"https:\/\/informelitoral.com.ar\/comenzaron-los-trabajos-para-dotar-de-gas-natural-a-la-escuela-especial-n-15-san-francisco-javier-de-diamante\/","title":{"rendered":"Comenzaron los trabajos para dotar de gas natural a la Escuela Especial N\u00b0 15 San Francisco Javier de Diamante"},"content":{"rendered":"<p>La secretaria de Energ\u00eda, Silvina Guerra, destac\u00f3: \u201cLa necesidad de la obra llega a nosotros a trav\u00e9s del Ministro de Planeamiento, Marcelo Richard, y se concreta a trav\u00e9s de un Cotejo de Precios llevado adelante por la Direcci\u00f3n de Desarrollo Gas\u00edfero\u201d.<\/p>\n<p>\u201cEs una obra, si se quiere, sencilla desde el punto de vista t\u00e9cnico, pero que cambia radicalmente las condiciones en las que el personal del establecimiento llevar\u00e1 adelante sus labores cotidianas de ahora en m\u00e1s. Tal y como nos ha marcado el Gobernador Bordet, esta gesti\u00f3n de gobierno no mira los montos de las obras o licitaciones, sino las necesidades que hay detr\u00e1s de cada proyecto\u201d concluy\u00f3.<\/p>\n<p>Los trabajos est\u00e1n a cargo de la empresa \u201cInsu \u2013 Serv S.R.L.\u201d, y se prev\u00e9 que est\u00e9n finalizados en los pr\u00f3ximos d\u00edas, restando \u00fanicamente la habilitaci\u00f3n del servicio por parte de la distribuidora de gas, se inform\u00f3 desde la Secretar\u00eda de Energ\u00eda.<\/p>\n<p>&nbsp;<\/p>\n","protected":false},"excerpt":{"rendered":"<p>La obra cuenta con un presupuesto oficial de 522.000 pesos , y permitir\u00e1 dotar del servicio de gas natural al establecimiento educativo en los primeros d\u00edas del mes de diciembre.<\/p>\n","protected":false},"author":8,"featured_media":68364,"comment_status":"open","ping_status":"open","sticky":false,"template":"","format":"standard","meta":{"fifu_image_url":"","fifu_image_alt":"","footnotes":""},"categories":[5],"tags":[34,81,2615],"class_list":{"0":"post-68363","1":"post","2":"type-post","3":"status-publish","4":"format-standard","5":"has-post-thumbnail","7":"category-zonales","8":"tag-diamante","9":"tag-entre-rios","10":"tag-escuela-especial"},"yoast_head":"<title>Comenzaron los trabajos para dotar de gas natural a la Escuela Especial N\u00b0 15 San Francisco Javier de Diamante - Informe Litoral<\/title>\n<meta name=\"robots\" content=\"index, follow, max-snippet:-1, max-image-preview:large, max-video-preview:-1\" \/>\n<link rel=\"canonical\" href=\"https:\/\/informelitoral.com.ar\/comenzaron-los-trabajos-para-dotar-de-gas-natural-a-la-escuela-especial-n-15-san-francisco-javier-de-diamante\/\" \/>\n<meta property=\"og:locale\" content=\"es_ES\" \/>\n<meta property=\"og:type\" content=\"article\" \/>\n<meta property=\"og:title\" content=\"Comenzaron los trabajos para dotar de gas natural a la Escuela Especial N\u00b0 15 San Francisco Javier de Diamante - Informe Litoral\" \/>\n<meta property=\"og:description\" content=\"La obra cuenta con un presupuesto oficial de 522.000 pesos , y permitir\u00e1 dotar del servicio de gas natural al establecimiento educativo en los primeros d\u00edas del mes de diciembre.\" \/>\n<meta property=\"og:url\" content=\"https:\/\/informelitoral.com.ar\/comenzaron-los-trabajos-para-dotar-de-gas-natural-a-la-escuela-especial-n-15-san-francisco-javier-de-diamante\/\" \/>\n<meta property=\"og:site_name\" content=\"Informe Litoral\" \/>\n<meta property=\"article:publisher\" content=\"https:\/\/www.facebook.com\/informelitoral\/\" \/>\n<meta property=\"article:published_time\" content=\"2021-12-04T01:28:12+00:00\" \/>\n<meta property=\"og:image\" content=\"https:\/\/informelitoral.com.ar\/%77%70%2d%63%6f%6e%74%65%6e%74\/uploads\/2021\/12\/1757-DIAMANTE-ESCUELA-DE-EDUCACION-INTEGRAL-1.jpg\" \/>\n\t<meta property=\"og:image:width\" content=\"688\" \/>\n\t<meta property=\"og:image:height\" content=\"449\" \/>\n\t<meta property=\"og:image:type\" content=\"image\/jpeg\" \/>\n<meta name=\"author\" content=\"Sebastian\" \/>\n<meta name=\"twitter:card\" content=\"summary_large_image\" \/>\n<meta name=\"twitter:creator\" content=\"@InformeLitoral\" \/>\n<meta name=\"twitter:site\" content=\"@InformeLitoral\" \/>\n<meta name=\"twitter:label1\" content=\"Escrito por\" \/>\n\t<meta name=\"twitter:data1\" content=\"Sebastian\" \/>\n\t<meta name=\"twitter:label2\" content=\"Tiempo de lectura\" \/>\n\t<meta name=\"twitter:data2\" content=\"1 minuto\" \/>\n<script type=\"application\/ld+json\" class=\"yoast-schema-graph\">{\"@context\":\"https:\\\/\\\/schema.org\",\"@graph\":[{\"@type\":\"Article\",\"@id\":\"https:\\\/\\\/informelitoral.com.ar\\\/comenzaron-los-trabajos-para-dotar-de-gas-natural-a-la-escuela-especial-n-15-san-francisco-javier-de-diamante\\\/#article\",\"isPartOf\":{\"@id\":\"https:\\\/\\\/informelitoral.com.ar\\\/comenzaron-los-trabajos-para-dotar-de-gas-natural-a-la-escuela-especial-n-15-san-francisco-javier-de-diamante\\\/\"},\"author\":{\"name\":\"Sebastian\",\"@id\":\"https:\\\/\\\/informelitoral.com.ar\\\/#\\\/schema\\\/person\\\/f05f9f461677119578717524b127d6d5\"},\"headline\":\"Comenzaron los trabajos para dotar de gas natural a la Escuela Especial N\u00b0 15 San Francisco Javier de Diamante\",\"datePublished\":\"2021-12-04T01:28:12+00:00\",\"mainEntityOfPage\":{\"@id\":\"https:\\\/\\\/informelitoral.com.ar\\\/comenzaron-los-trabajos-para-dotar-de-gas-natural-a-la-escuela-especial-n-15-san-francisco-javier-de-diamante\\\/\"},\"wordCount\":186,\"commentCount\":0,\"publisher\":{\"@id\":\"https:\\\/\\\/informelitoral.com.ar\\\/#organization\"},\"image\":{\"@id\":\"https:\\\/\\\/informelitoral.com.ar\\\/comenzaron-los-trabajos-para-dotar-de-gas-natural-a-la-escuela-especial-n-15-san-francisco-javier-de-diamante\\\/#primaryimage\"},\"thumbnailUrl\":\"https:\\\/\\\/informelitoral.com.ar\\\/%77%70%2d%63%6f%6e%74%65%6e%74\\\/uploads\\\/2021\\\/12\\\/1757-DIAMANTE-ESCUELA-DE-EDUCACION-INTEGRAL-1.jpg\",\"keywords\":[\"Diamante\",\"Entre R\u00edos\",\"Escuela Especial\"],\"articleSection\":[\"Departamento Diamante\"],\"inLanguage\":\"es\",\"potentialAction\":[{\"@type\":\"CommentAction\",\"name\":\"Comment\",\"target\":[\"https:\\\/\\\/informelitoral.com.ar\\\/comenzaron-los-trabajos-para-dotar-de-gas-natural-a-la-escuela-especial-n-15-san-francisco-javier-de-diamante\\\/#respond\"]}]},{\"@type\":\"WebPage\",\"@id\":\"https:\\\/\\\/informelitoral.com.ar\\\/comenzaron-los-trabajos-para-dotar-de-gas-natural-a-la-escuela-especial-n-15-san-francisco-javier-de-diamante\\\/\",\"url\":\"https:\\\/\\\/informelitoral.com.ar\\\/comenzaron-los-trabajos-para-dotar-de-gas-natural-a-la-escuela-especial-n-15-san-francisco-javier-de-diamante\\\/\",\"name\":\"Comenzaron los trabajos para dotar de gas natural a la Escuela Especial N\u00b0 15 San Francisco Javier de Diamante - Informe Litoral\",\"isPartOf\":{\"@id\":\"https:\\\/\\\/informelitoral.com.ar\\\/#website\"},\"primaryImageOfPage\":{\"@id\":\"https:\\\/\\\/informelitoral.com.ar\\\/comenzaron-los-trabajos-para-dotar-de-gas-natural-a-la-escuela-especial-n-15-san-francisco-javier-de-diamante\\\/#primaryimage\"},\"image\":{\"@id\":\"https:\\\/\\\/informelitoral.com.ar\\\/comenzaron-los-trabajos-para-dotar-de-gas-natural-a-la-escuela-especial-n-15-san-francisco-javier-de-diamante\\\/#primaryimage\"},\"thumbnailUrl\":\"https:\\\/\\\/informelitoral.com.ar\\\/%77%70%2d%63%6f%6e%74%65%6e%74\\\/uploads\\\/2021\\\/12\\\/1757-DIAMANTE-ESCUELA-DE-EDUCACION-INTEGRAL-1.jpg\",\"datePublished\":\"2021-12-04T01:28:12+00:00\",\"breadcrumb\":{\"@id\":\"https:\\\/\\\/informelitoral.com.ar\\\/comenzaron-los-trabajos-para-dotar-de-gas-natural-a-la-escuela-especial-n-15-san-francisco-javier-de-diamante\\\/#breadcrumb\"},\"inLanguage\":\"es\",\"potentialAction\":[{\"@type\":\"ReadAction\",\"target\":[\"https:\\\/\\\/informelitoral.com.ar\\\/comenzaron-los-trabajos-para-dotar-de-gas-natural-a-la-escuela-especial-n-15-san-francisco-javier-de-diamante\\\/\"]}]},{\"@type\":\"ImageObject\",\"inLanguage\":\"es\",\"@id\":\"https:\\\/\\\/informelitoral.com.ar\\\/comenzaron-los-trabajos-para-dotar-de-gas-natural-a-la-escuela-especial-n-15-san-francisco-javier-de-diamante\\\/#primaryimage\",\"url\":\"https:\\\/\\\/informelitoral.com.ar\\\/%77%70%2d%63%6f%6e%74%65%6e%74\\\/uploads\\\/2021\\\/12\\\/1757-DIAMANTE-ESCUELA-DE-EDUCACION-INTEGRAL-1.jpg\",\"contentUrl\":\"https:\\\/\\\/informelitoral.com.ar\\\/%77%70%2d%63%6f%6e%74%65%6e%74\\\/uploads\\\/2021\\\/12\\\/1757-DIAMANTE-ESCUELA-DE-EDUCACION-INTEGRAL-1.jpg\",\"width\":688,\"height\":449},{\"@type\":\"BreadcrumbList\",\"@id\":\"https:\\\/\\\/informelitoral.com.ar\\\/comenzaron-los-trabajos-para-dotar-de-gas-natural-a-la-escuela-especial-n-15-san-francisco-javier-de-diamante\\\/#breadcrumb\",\"itemListElement\":[{\"@type\":\"ListItem\",\"position\":1,\"name\":\"Portada\",\"item\":\"https:\\\/\\\/informelitoral.com.ar\\\/\"},{\"@type\":\"ListItem\",\"position\":2,\"name\":\"Comenzaron los trabajos para dotar de gas natural a la Escuela Especial N\u00b0 15 San Francisco Javier de Diamante\"}]},{\"@type\":\"WebSite\",\"@id\":\"https:\\\/\\\/informelitoral.com.ar\\\/#website\",\"url\":\"https:\\\/\\\/informelitoral.com.ar\\\/\",\"name\":\"Informe Litoral\",\"description\":\"&quot;Nos informamos&quot; \",\"publisher\":{\"@id\":\"https:\\\/\\\/informelitoral.com.ar\\\/#organization\"},\"potentialAction\":[{\"@type\":\"SearchAction\",\"target\":{\"@type\":\"EntryPoint\",\"urlTemplate\":\"https:\\\/\\\/informelitoral.com.ar\\\/?s={search_term_string}\"},\"query-input\":{\"@type\":\"PropertyValueSpecification\",\"valueRequired\":true,\"valueName\":\"search_term_string\"}}],\"inLanguage\":\"es\"},{\"@type\":\"Organization\",\"@id\":\"https:\\\/\\\/informelitoral.com.ar\\\/#organization\",\"name\":\"Informe Litoral\",\"url\":\"https:\\\/\\\/informelitoral.com.ar\\\/\",\"logo\":{\"@type\":\"ImageObject\",\"inLanguage\":\"es\",\"@id\":\"https:\\\/\\\/informelitoral.com.ar\\\/#\\\/schema\\\/logo\\\/image\\\/\",\"url\":\"https:\\\/\\\/informelitoral.com.ar\\\/%77%70%2d%63%6f%6e%74%65%6e%74\\\/uploads\\\/2021\\\/01\\\/circulo.png\",\"contentUrl\":\"https:\\\/\\\/informelitoral.com.ar\\\/%77%70%2d%63%6f%6e%74%65%6e%74\\\/uploads\\\/2021\\\/01\\\/circulo.png\",\"width\":723,\"height\":731,\"caption\":\"Informe Litoral\"},\"image\":{\"@id\":\"https:\\\/\\\/informelitoral.com.ar\\\/#\\\/schema\\\/logo\\\/image\\\/\"},\"sameAs\":[\"https:\\\/\\\/www.facebook.com\\\/informelitoral\\\/\",\"https:\\\/\\\/x.com\\\/InformeLitoral\",\"https:\\\/\\\/www.instagram.com\\\/informelitoral\\\/\",\"https:\\\/\\\/www.youtube.com\\\/channel\\\/UCua4Qvz8Icb6MYqhoq9xLXw\"]},{\"@type\":\"Person\",\"@id\":\"https:\\\/\\\/informelitoral.com.ar\\\/#\\\/schema\\\/person\\\/f05f9f461677119578717524b127d6d5\",\"name\":\"Sebastian\",\"image\":{\"@type\":\"ImageObject\",\"inLanguage\":\"es\",\"@id\":\"https:\\\/\\\/secure.gravatar.com\\\/avatar\\\/b71bf7481d447dfb9583c7f2798e7cc64de6efb9067b74633ed8c31059a3bd82?s=96&d=mm&r=g\",\"url\":\"https:\\\/\\\/secure.gravatar.com\\\/avatar\\\/b71bf7481d447dfb9583c7f2798e7cc64de6efb9067b74633ed8c31059a3bd82?s=96&d=mm&r=g\",\"contentUrl\":\"https:\\\/\\\/secure.gravatar.com\\\/avatar\\\/b71bf7481d447dfb9583c7f2798e7cc64de6efb9067b74633ed8c31059a3bd82?s=96&d=mm&r=g\",\"caption\":\"Sebastian\"},\"url\":\"https:\\\/\\\/informelitoral.com.ar\\\/author\\\/sebastian\\\/\"}]}<\/script>","yoast_head_json":{"title":"Comenzaron los trabajos para dotar de gas natural a la Escuela Especial N\u00b0 15 San Francisco Javier de Diamante - Informe Litoral","robots":{"index":"index","follow":"follow","max-snippet":"max-snippet:-1","max-image-preview":"max-image-preview:large","max-video-preview":"max-video-preview:-1"},"canonical":"https:\/\/informelitoral.com.ar\/comenzaron-los-trabajos-para-dotar-de-gas-natural-a-la-escuela-especial-n-15-san-francisco-javier-de-diamante\/","og_locale":"es_ES","og_type":"article","og_title":"Comenzaron los trabajos para dotar de gas natural a la Escuela Especial N\u00b0 15 San Francisco Javier de Diamante - Informe Litoral","og_description":"La obra cuenta con un presupuesto oficial de 522.000 pesos , y permitir\u00e1 dotar del servicio de gas natural al establecimiento educativo en los primeros d\u00edas del mes de diciembre.","og_url":"https:\/\/informelitoral.com.ar\/comenzaron-los-trabajos-para-dotar-de-gas-natural-a-la-escuela-especial-n-15-san-francisco-javier-de-diamante\/","og_site_name":"Informe Litoral","article_publisher":"https:\/\/www.facebook.com\/informelitoral\/","article_published_time":"2021-12-04T01:28:12+00:00","og_image":[{"width":688,"height":449,"url":"https:\/\/informelitoral.com.ar\/%77%70%2d%63%6f%6e%74%65%6e%74\/uploads\/2021\/12\/1757-DIAMANTE-ESCUELA-DE-EDUCACION-INTEGRAL-1.jpg","type":"image\/jpeg"}],"author":"Sebastian","twitter_card":"summary_large_image","twitter_creator":"@InformeLitoral","twitter_site":"@InformeLitoral","twitter_misc":{"Escrito por":"Sebastian","Tiempo de lectura":"1 minuto"},"schema":{"@context":"https:\/\/schema.org","@graph":[{"@type":"Article","@id":"https:\/\/informelitoral.com.ar\/comenzaron-los-trabajos-para-dotar-de-gas-natural-a-la-escuela-especial-n-15-san-francisco-javier-de-diamante\/#article","isPartOf":{"@id":"https:\/\/informelitoral.com.ar\/comenzaron-los-trabajos-para-dotar-de-gas-natural-a-la-escuela-especial-n-15-san-francisco-javier-de-diamante\/"},"author":{"name":"Sebastian","@id":"https:\/\/informelitoral.com.ar\/#\/schema\/person\/f05f9f461677119578717524b127d6d5"},"headline":"Comenzaron los trabajos para dotar de gas natural a la Escuela Especial N\u00b0 15 San Francisco Javier de Diamante","datePublished":"2021-12-04T01:28:12+00:00","mainEntityOfPage":{"@id":"https:\/\/informelitoral.com.ar\/comenzaron-los-trabajos-para-dotar-de-gas-natural-a-la-escuela-especial-n-15-san-francisco-javier-de-diamante\/"},"wordCount":186,"commentCount":0,"publisher":{"@id":"https:\/\/informelitoral.com.ar\/#organization"},"image":{"@id":"https:\/\/informelitoral.com.ar\/comenzaron-los-trabajos-para-dotar-de-gas-natural-a-la-escuela-especial-n-15-san-francisco-javier-de-diamante\/#primaryimage"},"thumbnailUrl":"https:\/\/informelitoral.com.ar\/%77%70%2d%63%6f%6e%74%65%6e%74\/uploads\/2021\/12\/1757-DIAMANTE-ESCUELA-DE-EDUCACION-INTEGRAL-1.jpg","keywords":["Diamante","Entre R\u00edos","Escuela Especial"],"articleSection":["Departamento Diamante"],"inLanguage":"es","potentialAction":[{"@type":"CommentAction","name":"Comment","target":["https:\/\/informelitoral.com.ar\/comenzaron-los-trabajos-para-dotar-de-gas-natural-a-la-escuela-especial-n-15-san-francisco-javier-de-diamante\/#respond"]}]},{"@type":"WebPage","@id":"https:\/\/informelitoral.com.ar\/comenzaron-los-trabajos-para-dotar-de-gas-natural-a-la-escuela-especial-n-15-san-francisco-javier-de-diamante\/","url":"https:\/\/informelitoral.com.ar\/comenzaron-los-trabajos-para-dotar-de-gas-natural-a-la-escuela-especial-n-15-san-francisco-javier-de-diamante\/","name":"Comenzaron los trabajos para dotar de gas natural a la Escuela Especial N\u00b0 15 San Francisco Javier de Diamante - Informe Litoral","isPartOf":{"@id":"https:\/\/informelitoral.com.ar\/#website"},"primaryImageOfPage":{"@id":"https:\/\/informelitoral.com.ar\/comenzaron-los-trabajos-para-dotar-de-gas-natural-a-la-escuela-especial-n-15-san-francisco-javier-de-diamante\/#primaryimage"},"image":{"@id":"https:\/\/informelitoral.com.ar\/comenzaron-los-trabajos-para-dotar-de-gas-natural-a-la-escuela-especial-n-15-san-francisco-javier-de-diamante\/#primaryimage"},"thumbnailUrl":"https:\/\/informelitoral.com.ar\/%77%70%2d%63%6f%6e%74%65%6e%74\/uploads\/2021\/12\/1757-DIAMANTE-ESCUELA-DE-EDUCACION-INTEGRAL-1.jpg","datePublished":"2021-12-04T01:28:12+00:00","breadcrumb":{"@id":"https:\/\/informelitoral.com.ar\/comenzaron-los-trabajos-para-dotar-de-gas-natural-a-la-escuela-especial-n-15-san-francisco-javier-de-diamante\/#breadcrumb"},"inLanguage":"es","potentialAction":[{"@type":"ReadAction","target":["https:\/\/informelitoral.com.ar\/comenzaron-los-trabajos-para-dotar-de-gas-natural-a-la-escuela-especial-n-15-san-francisco-javier-de-diamante\/"]}]},{"@type":"ImageObject","inLanguage":"es","@id":"https:\/\/informelitoral.com.ar\/comenzaron-los-trabajos-para-dotar-de-gas-natural-a-la-escuela-especial-n-15-san-francisco-javier-de-diamante\/#primaryimage","url":"https:\/\/informelitoral.com.ar\/%77%70%2d%63%6f%6e%74%65%6e%74\/uploads\/2021\/12\/1757-DIAMANTE-ESCUELA-DE-EDUCACION-INTEGRAL-1.jpg","contentUrl":"https:\/\/informelitoral.com.ar\/%77%70%2d%63%6f%6e%74%65%6e%74\/uploads\/2021\/12\/1757-DIAMANTE-ESCUELA-DE-EDUCACION-INTEGRAL-1.jpg","width":688,"height":449},{"@type":"BreadcrumbList","@id":"https:\/\/informelitoral.com.ar\/comenzaron-los-trabajos-para-dotar-de-gas-natural-a-la-escuela-especial-n-15-san-francisco-javier-de-diamante\/#breadcrumb","itemListElement":[{"@type":"ListItem","position":1,"name":"Portada","item":"https:\/\/informelitoral.com.ar\/"},{"@type":"ListItem","position":2,"name":"Comenzaron los trabajos para dotar de gas natural a la Escuela Especial N\u00b0 15 San Francisco Javier de Diamante"}]},{"@type":"WebSite","@id":"https:\/\/informelitoral.com.ar\/#website","url":"https:\/\/informelitoral.com.ar\/","name":"Informe Litoral","description":"&quot;Nos informamos&quot; ","publisher":{"@id":"https:\/\/informelitoral.com.ar\/#organization"},"potentialAction":[{"@type":"SearchAction","target":{"@type":"EntryPoint","urlTemplate":"https:\/\/informelitoral.com.ar\/?s={search_term_string}"},"query-input":{"@type":"PropertyValueSpecification","valueRequired":true,"valueName":"search_term_string"}}],"inLanguage":"es"},{"@type":"Organization","@id":"https:\/\/informelitoral.com.ar\/#organization","name":"Informe Litoral","url":"https:\/\/informelitoral.com.ar\/","logo":{"@type":"ImageObject","inLanguage":"es","@id":"https:\/\/informelitoral.com.ar\/#\/schema\/logo\/image\/","url":"https:\/\/informelitoral.com.ar\/%77%70%2d%63%6f%6e%74%65%6e%74\/uploads\/2021\/01\/circulo.png","contentUrl":"https:\/\/informelitoral.com.ar\/%77%70%2d%63%6f%6e%74%65%6e%74\/uploads\/2021\/01\/circulo.png","width":723,"height":731,"caption":"Informe Litoral"},"image":{"@id":"https:\/\/informelitoral.com.ar\/#\/schema\/logo\/image\/"},"sameAs":["https:\/\/www.facebook.com\/informelitoral\/","https:\/\/x.com\/InformeLitoral","https:\/\/www.instagram.com\/informelitoral\/","https:\/\/www.youtube.com\/channel\/UCua4Qvz8Icb6MYqhoq9xLXw"]},{"@type":"Person","@id":"https:\/\/informelitoral.com.ar\/#\/schema\/person\/f05f9f461677119578717524b127d6d5","name":"Sebastian","image":{"@type":"ImageObject","inLanguage":"es","@id":"https:\/\/secure.gravatar.com\/avatar\/b71bf7481d447dfb9583c7f2798e7cc64de6efb9067b74633ed8c31059a3bd82?s=96&d=mm&r=g","url":"https:\/\/secure.gravatar.com\/avatar\/b71bf7481d447dfb9583c7f2798e7cc64de6efb9067b74633ed8c31059a3bd82?s=96&d=mm&r=g","contentUrl":"https:\/\/secure.gravatar.com\/avatar\/b71bf7481d447dfb9583c7f2798e7cc64de6efb9067b74633ed8c31059a3bd82?s=96&d=mm&r=g","caption":"Sebastian"},"url":"https:\/\/informelitoral.com.ar\/author\/sebastian\/"}]}},"_links":{"self":[{"href":"https:\/\/informelitoral.com.ar\/%77%70%2d%6a%73%6f%6e\/wp\/v2\/posts\/68363","targetHints":{"allow":["GET"]}}],"collection":[{"href":"https:\/\/informelitoral.com.ar\/%77%70%2d%6a%73%6f%6e\/wp\/v2\/posts"}],"about":[{"href":"https:\/\/informelitoral.com.ar\/%77%70%2d%6a%73%6f%6e\/wp\/v2\/types\/post"}],"author":[{"embeddable":true,"href":"https:\/\/informelitoral.com.ar\/%77%70%2d%6a%73%6f%6e\/wp\/v2\/users\/8"}],"replies":[{"embeddable":true,"href":"https:\/\/informelitoral.com.ar\/%77%70%2d%6a%73%6f%6e\/wp\/v2\/comments?post=68363"}],"version-history":[{"count":0,"href":"https:\/\/informelitoral.com.ar\/%77%70%2d%6a%73%6f%6e\/wp\/v2\/posts\/68363\/revisions"}],"wp:featuredmedia":[{"embeddable":true,"href":"https:\/\/informelitoral.com.ar\/%77%70%2d%6a%73%6f%6e\/wp\/v2\/media\/68364"}],"wp:attachment":[{"href":"https:\/\/informelitoral.com.ar\/%77%70%2d%6a%73%6f%6e\/wp\/v2\/media?parent=68363"}],"wp:term":[{"taxonomy":"category","embeddable":true,"href":"https:\/\/informelitoral.com.ar\/%77%70%2d%6a%73%6f%6e\/wp\/v2\/categories?post=68363"},{"taxonomy":"post_tag","embeddable":true,"href":"https:\/\/informelitoral.com.ar\/%77%70%2d%6a%73%6f%6e\/wp\/v2\/tags?post=68363"}],"curies":[{"name":"wp","href":"https:\/\/api.w.org\/{rel}","templated":true}]}}