{"id":68347,"date":"2021-12-03T17:03:17","date_gmt":"2021-12-03T20:03:17","guid":{"rendered":"https:\/\/www.informelitoral.com.ar\/?p=68347"},"modified":"2021-12-03T17:05:13","modified_gmt":"2021-12-03T20:05:13","slug":"claudia-gieco-presento-un-proyecto-de-ley-de-acercamiento-a-las-personas-con-discapacidad","status":"publish","type":"post","link":"https:\/\/informelitoral.com.ar\/claudia-gieco-presento-un-proyecto-de-ley-de-acercamiento-a-las-personas-con-discapacidad\/","title":{"rendered":"Claudia Gieco present\u00f3 un proyecto de ley de acercamiento a las personas con discapacidad"},"content":{"rendered":"<p>La senadora<strong> Claudia Gieco<\/strong>, present\u00f3 un <strong>proyecto de ley<\/strong> que tiene por objeto <strong>establecer la capacitaci\u00f3n obligatoria en la tem\u00e1tica de los derechos de las personas con discapacidad<\/strong> para la totalidad de los agentes p\u00fablicos que se desempe\u00f1en en los distintos niveles y jerarqu\u00edas dentro de los tres poderes del Estado Provincial.<\/p>\n<p><strong>\u201cEl proyecto tiene la concepci\u00f3n de que la discapacidad proviene en gran medida de una construcci\u00f3n social<\/strong>, que la misma sociedad crea limitando e impidiendo que las personas que padecen una discapacidad decidan con plena autonom\u00eda y libertad su plan de vida en igualdad de oportunidades\u201d, dijo la legisladora.<\/p>\n<p>Claudia Gieco consider\u00f3 que si bien debemos <strong>admitir que en las \u00faltimas d\u00e9cadas se produjo un cambio profundo en nuestra sociedad,<\/strong> \u201clo que se considera un gran avance en perspectiva de los derechos de las personas con discapacidad consider\u00e1ndola una cuesti\u00f3n de derechos humanos\u201d, lo cierto es que queda mucho camino por transitar.<\/p>\n<p>\u201c<strong>Entender a la persona con discapacidad como sujeto de derechos<\/strong> implica concebirlo realmente como sujeto con la misma dignidad, libertades y derechos que cualquier persona, poniendo el foco entonces ya no en su deficiencia o rehabilitaci\u00f3n, sino en remover las barreras u obst\u00e1culos que la misma sociedad pone en su camino\u201d, coment\u00f3.<\/p>\n","protected":false},"excerpt":{"rendered":"<p>El texto tuvo ingreso en la sesi\u00f3n de 17\u00b0 sesi\u00f3n ordinaria del 142\u00b0 periodo legislativo, en v\u00edsperas del D\u00eda Internacional de las Personas con Discapacidad.<\/p>\n","protected":false},"author":8,"featured_media":68348,"comment_status":"open","ping_status":"open","sticky":false,"template":"","format":"standard","meta":{"fifu_image_url":"","fifu_image_alt":"","footnotes":""},"categories":[16],"tags":[1037,287,464],"class_list":{"0":"post-68347","1":"post","2":"type-post","3":"status-publish","4":"format-standard","5":"has-post-thumbnail","7":"category-politi","8":"tag-claudia-gieco","9":"tag-legislativas","10":"tag-senado"},"yoast_head":"<title>Claudia Gieco present\u00f3 un proyecto de ley de acercamiento a las personas con discapacidad - Informe Litoral<\/title>\n<meta name=\"robots\" content=\"index, follow, max-snippet:-1, max-image-preview:large, max-video-preview:-1\" \/>\n<link rel=\"canonical\" href=\"https:\/\/informelitoral.com.ar\/claudia-gieco-presento-un-proyecto-de-ley-de-acercamiento-a-las-personas-con-discapacidad\/\" \/>\n<meta property=\"og:locale\" content=\"es_ES\" \/>\n<meta property=\"og:type\" content=\"article\" \/>\n<meta property=\"og:title\" content=\"Claudia Gieco present\u00f3 un proyecto de ley de acercamiento a las personas con discapacidad - Informe Litoral\" \/>\n<meta property=\"og:description\" content=\"El texto tuvo ingreso en la sesi\u00f3n de 17\u00b0 sesi\u00f3n ordinaria del 142\u00b0 periodo legislativo, en v\u00edsperas del D\u00eda Internacional de las Personas con Discapacidad.\" \/>\n<meta property=\"og:url\" content=\"https:\/\/informelitoral.com.ar\/claudia-gieco-presento-un-proyecto-de-ley-de-acercamiento-a-las-personas-con-discapacidad\/\" \/>\n<meta property=\"og:site_name\" content=\"Informe Litoral\" \/>\n<meta property=\"article:publisher\" content=\"https:\/\/www.facebook.com\/informelitoral\/\" \/>\n<meta property=\"article:published_time\" content=\"2021-12-03T20:03:17+00:00\" \/>\n<meta property=\"article:modified_time\" content=\"2021-12-03T20:05:13+00:00\" \/>\n<meta property=\"og:image\" content=\"https:\/\/informelitoral.com.ar\/%77%70%2d%63%6f%6e%74%65%6e%74\/uploads\/2021\/12\/8b3fe714-e137-4577-bac8-945fc5005c47.jpg\" \/>\n\t<meta property=\"og:image:width\" content=\"1280\" \/>\n\t<meta property=\"og:image:height\" content=\"853\" \/>\n\t<meta property=\"og:image:type\" content=\"image\/jpeg\" \/>\n<meta name=\"author\" content=\"Sebastian\" \/>\n<meta name=\"twitter:card\" content=\"summary_large_image\" \/>\n<meta name=\"twitter:creator\" content=\"@InformeLitoral\" \/>\n<meta name=\"twitter:site\" content=\"@InformeLitoral\" \/>\n<meta name=\"twitter:label1\" content=\"Escrito por\" \/>\n\t<meta name=\"twitter:data1\" content=\"Sebastian\" \/>\n\t<meta name=\"twitter:label2\" content=\"Tiempo de lectura\" \/>\n\t<meta name=\"twitter:data2\" content=\"1 minuto\" \/>\n<script type=\"application\/ld+json\" class=\"yoast-schema-graph\">{\"@context\":\"https:\\\/\\\/schema.org\",\"@graph\":[{\"@type\":\"Article\",\"@id\":\"https:\\\/\\\/informelitoral.com.ar\\\/claudia-gieco-presento-un-proyecto-de-ley-de-acercamiento-a-las-personas-con-discapacidad\\\/#article\",\"isPartOf\":{\"@id\":\"https:\\\/\\\/informelitoral.com.ar\\\/claudia-gieco-presento-un-proyecto-de-ley-de-acercamiento-a-las-personas-con-discapacidad\\\/\"},\"author\":{\"name\":\"Sebastian\",\"@id\":\"https:\\\/\\\/informelitoral.com.ar\\\/#\\\/schema\\\/person\\\/f05f9f461677119578717524b127d6d5\"},\"headline\":\"Claudia Gieco present\u00f3 un proyecto de ley de acercamiento a las personas con discapacidad\",\"datePublished\":\"2021-12-03T20:03:17+00:00\",\"dateModified\":\"2021-12-03T20:05:13+00:00\",\"mainEntityOfPage\":{\"@id\":\"https:\\\/\\\/informelitoral.com.ar\\\/claudia-gieco-presento-un-proyecto-de-ley-de-acercamiento-a-las-personas-con-discapacidad\\\/\"},\"wordCount\":233,\"commentCount\":0,\"publisher\":{\"@id\":\"https:\\\/\\\/informelitoral.com.ar\\\/#organization\"},\"image\":{\"@id\":\"https:\\\/\\\/informelitoral.com.ar\\\/claudia-gieco-presento-un-proyecto-de-ley-de-acercamiento-a-las-personas-con-discapacidad\\\/#primaryimage\"},\"thumbnailUrl\":\"https:\\\/\\\/informelitoral.com.ar\\\/%77%70%2d%63%6f%6e%74%65%6e%74\\\/uploads\\\/2021\\\/12\\\/8b3fe714-e137-4577-bac8-945fc5005c47.jpg\",\"keywords\":[\"Claudia Gieco\",\"Legislativas\",\"Senado\"],\"articleSection\":[\"Politica\"],\"inLanguage\":\"es\",\"potentialAction\":[{\"@type\":\"CommentAction\",\"name\":\"Comment\",\"target\":[\"https:\\\/\\\/informelitoral.com.ar\\\/claudia-gieco-presento-un-proyecto-de-ley-de-acercamiento-a-las-personas-con-discapacidad\\\/#respond\"]}]},{\"@type\":\"WebPage\",\"@id\":\"https:\\\/\\\/informelitoral.com.ar\\\/claudia-gieco-presento-un-proyecto-de-ley-de-acercamiento-a-las-personas-con-discapacidad\\\/\",\"url\":\"https:\\\/\\\/informelitoral.com.ar\\\/claudia-gieco-presento-un-proyecto-de-ley-de-acercamiento-a-las-personas-con-discapacidad\\\/\",\"name\":\"Claudia Gieco present\u00f3 un proyecto de ley de acercamiento a las personas con discapacidad - Informe Litoral\",\"isPartOf\":{\"@id\":\"https:\\\/\\\/informelitoral.com.ar\\\/#website\"},\"primaryImageOfPage\":{\"@id\":\"https:\\\/\\\/informelitoral.com.ar\\\/claudia-gieco-presento-un-proyecto-de-ley-de-acercamiento-a-las-personas-con-discapacidad\\\/#primaryimage\"},\"image\":{\"@id\":\"https:\\\/\\\/informelitoral.com.ar\\\/claudia-gieco-presento-un-proyecto-de-ley-de-acercamiento-a-las-personas-con-discapacidad\\\/#primaryimage\"},\"thumbnailUrl\":\"https:\\\/\\\/informelitoral.com.ar\\\/%77%70%2d%63%6f%6e%74%65%6e%74\\\/uploads\\\/2021\\\/12\\\/8b3fe714-e137-4577-bac8-945fc5005c47.jpg\",\"datePublished\":\"2021-12-03T20:03:17+00:00\",\"dateModified\":\"2021-12-03T20:05:13+00:00\",\"breadcrumb\":{\"@id\":\"https:\\\/\\\/informelitoral.com.ar\\\/claudia-gieco-presento-un-proyecto-de-ley-de-acercamiento-a-las-personas-con-discapacidad\\\/#breadcrumb\"},\"inLanguage\":\"es\",\"potentialAction\":[{\"@type\":\"ReadAction\",\"target\":[\"https:\\\/\\\/informelitoral.com.ar\\\/claudia-gieco-presento-un-proyecto-de-ley-de-acercamiento-a-las-personas-con-discapacidad\\\/\"]}]},{\"@type\":\"ImageObject\",\"inLanguage\":\"es\",\"@id\":\"https:\\\/\\\/informelitoral.com.ar\\\/claudia-gieco-presento-un-proyecto-de-ley-de-acercamiento-a-las-personas-con-discapacidad\\\/#primaryimage\",\"url\":\"https:\\\/\\\/informelitoral.com.ar\\\/%77%70%2d%63%6f%6e%74%65%6e%74\\\/uploads\\\/2021\\\/12\\\/8b3fe714-e137-4577-bac8-945fc5005c47.jpg\",\"contentUrl\":\"https:\\\/\\\/informelitoral.com.ar\\\/%77%70%2d%63%6f%6e%74%65%6e%74\\\/uploads\\\/2021\\\/12\\\/8b3fe714-e137-4577-bac8-945fc5005c47.jpg\",\"width\":1280,\"height\":853},{\"@type\":\"BreadcrumbList\",\"@id\":\"https:\\\/\\\/informelitoral.com.ar\\\/claudia-gieco-presento-un-proyecto-de-ley-de-acercamiento-a-las-personas-con-discapacidad\\\/#breadcrumb\",\"itemListElement\":[{\"@type\":\"ListItem\",\"position\":1,\"name\":\"Portada\",\"item\":\"https:\\\/\\\/informelitoral.com.ar\\\/\"},{\"@type\":\"ListItem\",\"position\":2,\"name\":\"Claudia Gieco present\u00f3 un proyecto de ley de acercamiento a las personas con discapacidad\"}]},{\"@type\":\"WebSite\",\"@id\":\"https:\\\/\\\/informelitoral.com.ar\\\/#website\",\"url\":\"https:\\\/\\\/informelitoral.com.ar\\\/\",\"name\":\"Informe Litoral\",\"description\":\"&quot;Nos informamos&quot; \",\"publisher\":{\"@id\":\"https:\\\/\\\/informelitoral.com.ar\\\/#organization\"},\"potentialAction\":[{\"@type\":\"SearchAction\",\"target\":{\"@type\":\"EntryPoint\",\"urlTemplate\":\"https:\\\/\\\/informelitoral.com.ar\\\/?s={search_term_string}\"},\"query-input\":{\"@type\":\"PropertyValueSpecification\",\"valueRequired\":true,\"valueName\":\"search_term_string\"}}],\"inLanguage\":\"es\"},{\"@type\":\"Organization\",\"@id\":\"https:\\\/\\\/informelitoral.com.ar\\\/#organization\",\"name\":\"Informe Litoral\",\"url\":\"https:\\\/\\\/informelitoral.com.ar\\\/\",\"logo\":{\"@type\":\"ImageObject\",\"inLanguage\":\"es\",\"@id\":\"https:\\\/\\\/informelitoral.com.ar\\\/#\\\/schema\\\/logo\\\/image\\\/\",\"url\":\"https:\\\/\\\/informelitoral.com.ar\\\/%77%70%2d%63%6f%6e%74%65%6e%74\\\/uploads\\\/2021\\\/01\\\/circulo.png\",\"contentUrl\":\"https:\\\/\\\/informelitoral.com.ar\\\/%77%70%2d%63%6f%6e%74%65%6e%74\\\/uploads\\\/2021\\\/01\\\/circulo.png\",\"width\":723,\"height\":731,\"caption\":\"Informe Litoral\"},\"image\":{\"@id\":\"https:\\\/\\\/informelitoral.com.ar\\\/#\\\/schema\\\/logo\\\/image\\\/\"},\"sameAs\":[\"https:\\\/\\\/www.facebook.com\\\/informelitoral\\\/\",\"https:\\\/\\\/x.com\\\/InformeLitoral\",\"https:\\\/\\\/www.instagram.com\\\/informelitoral\\\/\",\"https:\\\/\\\/www.youtube.com\\\/channel\\\/UCua4Qvz8Icb6MYqhoq9xLXw\"]},{\"@type\":\"Person\",\"@id\":\"https:\\\/\\\/informelitoral.com.ar\\\/#\\\/schema\\\/person\\\/f05f9f461677119578717524b127d6d5\",\"name\":\"Sebastian\",\"image\":{\"@type\":\"ImageObject\",\"inLanguage\":\"es\",\"@id\":\"https:\\\/\\\/secure.gravatar.com\\\/avatar\\\/b71bf7481d447dfb9583c7f2798e7cc64de6efb9067b74633ed8c31059a3bd82?s=96&d=mm&r=g\",\"url\":\"https:\\\/\\\/secure.gravatar.com\\\/avatar\\\/b71bf7481d447dfb9583c7f2798e7cc64de6efb9067b74633ed8c31059a3bd82?s=96&d=mm&r=g\",\"contentUrl\":\"https:\\\/\\\/secure.gravatar.com\\\/avatar\\\/b71bf7481d447dfb9583c7f2798e7cc64de6efb9067b74633ed8c31059a3bd82?s=96&d=mm&r=g\",\"caption\":\"Sebastian\"},\"url\":\"https:\\\/\\\/informelitoral.com.ar\\\/author\\\/sebastian\\\/\"}]}<\/script>","yoast_head_json":{"title":"Claudia Gieco present\u00f3 un proyecto de ley de acercamiento a las personas con discapacidad - Informe Litoral","robots":{"index":"index","follow":"follow","max-snippet":"max-snippet:-1","max-image-preview":"max-image-preview:large","max-video-preview":"max-video-preview:-1"},"canonical":"https:\/\/informelitoral.com.ar\/claudia-gieco-presento-un-proyecto-de-ley-de-acercamiento-a-las-personas-con-discapacidad\/","og_locale":"es_ES","og_type":"article","og_title":"Claudia Gieco present\u00f3 un proyecto de ley de acercamiento a las personas con discapacidad - Informe Litoral","og_description":"El texto tuvo ingreso en la sesi\u00f3n de 17\u00b0 sesi\u00f3n ordinaria del 142\u00b0 periodo legislativo, en v\u00edsperas del D\u00eda Internacional de las Personas con Discapacidad.","og_url":"https:\/\/informelitoral.com.ar\/claudia-gieco-presento-un-proyecto-de-ley-de-acercamiento-a-las-personas-con-discapacidad\/","og_site_name":"Informe Litoral","article_publisher":"https:\/\/www.facebook.com\/informelitoral\/","article_published_time":"2021-12-03T20:03:17+00:00","article_modified_time":"2021-12-03T20:05:13+00:00","og_image":[{"width":1280,"height":853,"url":"https:\/\/informelitoral.com.ar\/%77%70%2d%63%6f%6e%74%65%6e%74\/uploads\/2021\/12\/8b3fe714-e137-4577-bac8-945fc5005c47.jpg","type":"image\/jpeg"}],"author":"Sebastian","twitter_card":"summary_large_image","twitter_creator":"@InformeLitoral","twitter_site":"@InformeLitoral","twitter_misc":{"Escrito por":"Sebastian","Tiempo de lectura":"1 minuto"},"schema":{"@context":"https:\/\/schema.org","@graph":[{"@type":"Article","@id":"https:\/\/informelitoral.com.ar\/claudia-gieco-presento-un-proyecto-de-ley-de-acercamiento-a-las-personas-con-discapacidad\/#article","isPartOf":{"@id":"https:\/\/informelitoral.com.ar\/claudia-gieco-presento-un-proyecto-de-ley-de-acercamiento-a-las-personas-con-discapacidad\/"},"author":{"name":"Sebastian","@id":"https:\/\/informelitoral.com.ar\/#\/schema\/person\/f05f9f461677119578717524b127d6d5"},"headline":"Claudia Gieco present\u00f3 un proyecto de ley de acercamiento a las personas con discapacidad","datePublished":"2021-12-03T20:03:17+00:00","dateModified":"2021-12-03T20:05:13+00:00","mainEntityOfPage":{"@id":"https:\/\/informelitoral.com.ar\/claudia-gieco-presento-un-proyecto-de-ley-de-acercamiento-a-las-personas-con-discapacidad\/"},"wordCount":233,"commentCount":0,"publisher":{"@id":"https:\/\/informelitoral.com.ar\/#organization"},"image":{"@id":"https:\/\/informelitoral.com.ar\/claudia-gieco-presento-un-proyecto-de-ley-de-acercamiento-a-las-personas-con-discapacidad\/#primaryimage"},"thumbnailUrl":"https:\/\/informelitoral.com.ar\/%77%70%2d%63%6f%6e%74%65%6e%74\/uploads\/2021\/12\/8b3fe714-e137-4577-bac8-945fc5005c47.jpg","keywords":["Claudia Gieco","Legislativas","Senado"],"articleSection":["Politica"],"inLanguage":"es","potentialAction":[{"@type":"CommentAction","name":"Comment","target":["https:\/\/informelitoral.com.ar\/claudia-gieco-presento-un-proyecto-de-ley-de-acercamiento-a-las-personas-con-discapacidad\/#respond"]}]},{"@type":"WebPage","@id":"https:\/\/informelitoral.com.ar\/claudia-gieco-presento-un-proyecto-de-ley-de-acercamiento-a-las-personas-con-discapacidad\/","url":"https:\/\/informelitoral.com.ar\/claudia-gieco-presento-un-proyecto-de-ley-de-acercamiento-a-las-personas-con-discapacidad\/","name":"Claudia Gieco present\u00f3 un proyecto de ley de acercamiento a las personas con discapacidad - Informe Litoral","isPartOf":{"@id":"https:\/\/informelitoral.com.ar\/#website"},"primaryImageOfPage":{"@id":"https:\/\/informelitoral.com.ar\/claudia-gieco-presento-un-proyecto-de-ley-de-acercamiento-a-las-personas-con-discapacidad\/#primaryimage"},"image":{"@id":"https:\/\/informelitoral.com.ar\/claudia-gieco-presento-un-proyecto-de-ley-de-acercamiento-a-las-personas-con-discapacidad\/#primaryimage"},"thumbnailUrl":"https:\/\/informelitoral.com.ar\/%77%70%2d%63%6f%6e%74%65%6e%74\/uploads\/2021\/12\/8b3fe714-e137-4577-bac8-945fc5005c47.jpg","datePublished":"2021-12-03T20:03:17+00:00","dateModified":"2021-12-03T20:05:13+00:00","breadcrumb":{"@id":"https:\/\/informelitoral.com.ar\/claudia-gieco-presento-un-proyecto-de-ley-de-acercamiento-a-las-personas-con-discapacidad\/#breadcrumb"},"inLanguage":"es","potentialAction":[{"@type":"ReadAction","target":["https:\/\/informelitoral.com.ar\/claudia-gieco-presento-un-proyecto-de-ley-de-acercamiento-a-las-personas-con-discapacidad\/"]}]},{"@type":"ImageObject","inLanguage":"es","@id":"https:\/\/informelitoral.com.ar\/claudia-gieco-presento-un-proyecto-de-ley-de-acercamiento-a-las-personas-con-discapacidad\/#primaryimage","url":"https:\/\/informelitoral.com.ar\/%77%70%2d%63%6f%6e%74%65%6e%74\/uploads\/2021\/12\/8b3fe714-e137-4577-bac8-945fc5005c47.jpg","contentUrl":"https:\/\/informelitoral.com.ar\/%77%70%2d%63%6f%6e%74%65%6e%74\/uploads\/2021\/12\/8b3fe714-e137-4577-bac8-945fc5005c47.jpg","width":1280,"height":853},{"@type":"BreadcrumbList","@id":"https:\/\/informelitoral.com.ar\/claudia-gieco-presento-un-proyecto-de-ley-de-acercamiento-a-las-personas-con-discapacidad\/#breadcrumb","itemListElement":[{"@type":"ListItem","position":1,"name":"Portada","item":"https:\/\/informelitoral.com.ar\/"},{"@type":"ListItem","position":2,"name":"Claudia Gieco present\u00f3 un proyecto de ley de acercamiento a las personas con discapacidad"}]},{"@type":"WebSite","@id":"https:\/\/informelitoral.com.ar\/#website","url":"https:\/\/informelitoral.com.ar\/","name":"Informe Litoral","description":"&quot;Nos informamos&quot; ","publisher":{"@id":"https:\/\/informelitoral.com.ar\/#organization"},"potentialAction":[{"@type":"SearchAction","target":{"@type":"EntryPoint","urlTemplate":"https:\/\/informelitoral.com.ar\/?s={search_term_string}"},"query-input":{"@type":"PropertyValueSpecification","valueRequired":true,"valueName":"search_term_string"}}],"inLanguage":"es"},{"@type":"Organization","@id":"https:\/\/informelitoral.com.ar\/#organization","name":"Informe Litoral","url":"https:\/\/informelitoral.com.ar\/","logo":{"@type":"ImageObject","inLanguage":"es","@id":"https:\/\/informelitoral.com.ar\/#\/schema\/logo\/image\/","url":"https:\/\/informelitoral.com.ar\/%77%70%2d%63%6f%6e%74%65%6e%74\/uploads\/2021\/01\/circulo.png","contentUrl":"https:\/\/informelitoral.com.ar\/%77%70%2d%63%6f%6e%74%65%6e%74\/uploads\/2021\/01\/circulo.png","width":723,"height":731,"caption":"Informe Litoral"},"image":{"@id":"https:\/\/informelitoral.com.ar\/#\/schema\/logo\/image\/"},"sameAs":["https:\/\/www.facebook.com\/informelitoral\/","https:\/\/x.com\/InformeLitoral","https:\/\/www.instagram.com\/informelitoral\/","https:\/\/www.youtube.com\/channel\/UCua4Qvz8Icb6MYqhoq9xLXw"]},{"@type":"Person","@id":"https:\/\/informelitoral.com.ar\/#\/schema\/person\/f05f9f461677119578717524b127d6d5","name":"Sebastian","image":{"@type":"ImageObject","inLanguage":"es","@id":"https:\/\/secure.gravatar.com\/avatar\/b71bf7481d447dfb9583c7f2798e7cc64de6efb9067b74633ed8c31059a3bd82?s=96&d=mm&r=g","url":"https:\/\/secure.gravatar.com\/avatar\/b71bf7481d447dfb9583c7f2798e7cc64de6efb9067b74633ed8c31059a3bd82?s=96&d=mm&r=g","contentUrl":"https:\/\/secure.gravatar.com\/avatar\/b71bf7481d447dfb9583c7f2798e7cc64de6efb9067b74633ed8c31059a3bd82?s=96&d=mm&r=g","caption":"Sebastian"},"url":"https:\/\/informelitoral.com.ar\/author\/sebastian\/"}]}},"_links":{"self":[{"href":"https:\/\/informelitoral.com.ar\/%77%70%2d%6a%73%6f%6e\/wp\/v2\/posts\/68347","targetHints":{"allow":["GET"]}}],"collection":[{"href":"https:\/\/informelitoral.com.ar\/%77%70%2d%6a%73%6f%6e\/wp\/v2\/posts"}],"about":[{"href":"https:\/\/informelitoral.com.ar\/%77%70%2d%6a%73%6f%6e\/wp\/v2\/types\/post"}],"author":[{"embeddable":true,"href":"https:\/\/informelitoral.com.ar\/%77%70%2d%6a%73%6f%6e\/wp\/v2\/users\/8"}],"replies":[{"embeddable":true,"href":"https:\/\/informelitoral.com.ar\/%77%70%2d%6a%73%6f%6e\/wp\/v2\/comments?post=68347"}],"version-history":[{"count":0,"href":"https:\/\/informelitoral.com.ar\/%77%70%2d%6a%73%6f%6e\/wp\/v2\/posts\/68347\/revisions"}],"wp:featuredmedia":[{"embeddable":true,"href":"https:\/\/informelitoral.com.ar\/%77%70%2d%6a%73%6f%6e\/wp\/v2\/media\/68348"}],"wp:attachment":[{"href":"https:\/\/informelitoral.com.ar\/%77%70%2d%6a%73%6f%6e\/wp\/v2\/media?parent=68347"}],"wp:term":[{"taxonomy":"category","embeddable":true,"href":"https:\/\/informelitoral.com.ar\/%77%70%2d%6a%73%6f%6e\/wp\/v2\/categories?post=68347"},{"taxonomy":"post_tag","embeddable":true,"href":"https:\/\/informelitoral.com.ar\/%77%70%2d%6a%73%6f%6e\/wp\/v2\/tags?post=68347"}],"curies":[{"name":"wp","href":"https:\/\/api.w.org\/{rel}","templated":true}]}}