{"id":68151,"date":"2021-11-30T19:41:48","date_gmt":"2021-11-30T22:41:48","guid":{"rendered":"https:\/\/www.informelitoral.com.ar\/?p=68151"},"modified":"2021-11-30T19:41:48","modified_gmt":"2021-11-30T22:41:48","slug":"sumaran-una-canasta-navidena-a-precios-cuidados-que-productos-la-integraran","status":"publish","type":"post","link":"https:\/\/informelitoral.com.ar\/sumaran-una-canasta-navidena-a-precios-cuidados-que-productos-la-integraran\/","title":{"rendered":"Sumar\u00e1n una canasta navide\u00f1a a Precios Cuidados \u00bfQu\u00e9 productos la integrar\u00e1n?"},"content":{"rendered":"<p>En la actual lista de Precios Cuidados, que tienen su precio congelado hasta el 7 de enero, ya hay algunos espumantes, por lo tanto, ese rubro no se sumar\u00e1 a lo que ya est\u00e1 disponible. En la lista vigente se pueden encontrar Espumante Blanco Frizze Classic (750 ml) por $159,30; Espumante Demi Sec Chandon (750 ml) por $659,70; Espumante Extra Brut Bianchi (750 ml) por $526,50; Espumante Extra Brut Chandon (750 ml) por $659,70; Espumante Navarro Correas (750 cc) por $629,05.<\/p>\n<div class=\"VBDkfyJX\"><\/div>\n<p>Con todo,\u00a0desde la Secretar\u00eda explicaron que a\u00fan no hay una fecha definida para el lanzamiento, pero que se har\u00e1 apenas se termine de cerrar cu\u00e1les son las marcas de cada producto van a participar.<\/p>\n<p><strong>Aumento<\/strong><\/p>\n<p>Desde la agrupaci\u00f3n Consumidores Libres informaron que, seg\u00fan una encuesta realizada en supermercados de la\u00a0ciudad de Buenos Aires, el precio de 24 productos seleccionados de la canasta navide\u00f1a tuvo un aumento del 64,64%\u00a0respecto a 2020.<br \/>\nEn tanto, las canastas ya armadas que ofrecen las\u00a0grandes cadenas de supermercados registran aumentos que van desde 33,36% al 80%\u00a0en relaci\u00f3n al a\u00f1o pasado.<\/p>\n<p><strong>Congelamiento<\/strong><\/p>\n<p>La Secretar\u00eda de Comercio tambi\u00e9n anunci\u00f3 que antes de enero comenzar\u00e1 a discutir con empresas, supermercados y otros canales de comercializaci\u00f3n la pr\u00f3xima fase del congelamiento de precios, que hoy abarca a algo m\u00e1s de 1.400 productos de distintas marcas. En este caso, buscan llegar de forma \u201cconsensuada\u201d a una canasta amplia, diversa y a precios accesibles.<\/p>\n<p>Otro de los objetivos para 2022 es el relanzamiento del programa S\u00faper Cerca (destinados a las cadenas m\u00e1s peque\u00f1as y autoservicios) con una ampliaci\u00f3n de la cantidad de productos y m\u00e1s presencia de pymes y marcas regionales.<\/p>\n","protected":false},"excerpt":{"rendered":"<p>El Gobierno confirm\u00f3 que en los pr\u00f3ximos d\u00edas se va a incorporar a la lista de art\u00edculos de Precios Cuidados ya vigente, una canasta con varios productos tradicionales de la mesa navide\u00f1a. La intenci\u00f3n de la Secretar\u00eda de Comercio es incorporar productos como sidra, pan dulce, bud\u00edn, garrapi\u00f1adas y turrones, aunque a\u00fan no est\u00e1 definido las marcas de cada producto que van a ser incluidas.<\/p>\n","protected":false},"author":8,"featured_media":31050,"comment_status":"open","ping_status":"open","sticky":false,"template":"","format":"standard","meta":{"fifu_image_url":"","fifu_image_alt":"","footnotes":""},"categories":[7],"tags":[2041,44,1694,1024],"class_list":{"0":"post-68151","1":"post","2":"type-post","3":"status-publish","4":"format-standard","5":"has-post-thumbnail","7":"category-nacionales","8":"tag-canasta-navidena","9":"tag-economia","10":"tag-nacionales","11":"tag-precios-cuidados"},"yoast_head":"<title>Sumar\u00e1n una canasta navide\u00f1a a Precios Cuidados \u00bfQu\u00e9 productos la integrar\u00e1n? - Informe Litoral<\/title>\n<meta name=\"robots\" content=\"index, follow, max-snippet:-1, max-image-preview:large, max-video-preview:-1\" \/>\n<link rel=\"canonical\" href=\"https:\/\/informelitoral.com.ar\/sumaran-una-canasta-navidena-a-precios-cuidados-que-productos-la-integraran\/\" \/>\n<meta property=\"og:locale\" content=\"es_ES\" \/>\n<meta property=\"og:type\" content=\"article\" \/>\n<meta property=\"og:title\" content=\"Sumar\u00e1n una canasta navide\u00f1a a Precios Cuidados \u00bfQu\u00e9 productos la integrar\u00e1n? - Informe Litoral\" \/>\n<meta property=\"og:description\" content=\"El Gobierno confirm\u00f3 que en los pr\u00f3ximos d\u00edas se va a incorporar a la lista de art\u00edculos de Precios Cuidados ya vigente, una canasta con varios productos tradicionales de la mesa navide\u00f1a. La intenci\u00f3n de la Secretar\u00eda de Comercio es incorporar productos como sidra, pan dulce, bud\u00edn, garrapi\u00f1adas y turrones, aunque a\u00fan no est\u00e1 definido las marcas de cada producto que van a ser incluidas.\" \/>\n<meta property=\"og:url\" content=\"https:\/\/informelitoral.com.ar\/sumaran-una-canasta-navidena-a-precios-cuidados-que-productos-la-integraran\/\" \/>\n<meta property=\"og:site_name\" content=\"Informe Litoral\" \/>\n<meta property=\"article:publisher\" content=\"https:\/\/www.facebook.com\/informelitoral\/\" \/>\n<meta property=\"article:published_time\" content=\"2021-11-30T22:41:48+00:00\" \/>\n<meta property=\"og:image\" content=\"https:\/\/informelitoral.com.ar\/%77%70%2d%63%6f%6e%74%65%6e%74\/uploads\/2018\/12\/navidad-super.jpg\" \/>\n\t<meta property=\"og:image:width\" content=\"696\" \/>\n\t<meta property=\"og:image:height\" content=\"464\" \/>\n\t<meta property=\"og:image:type\" content=\"image\/jpeg\" \/>\n<meta name=\"author\" content=\"Sebastian\" \/>\n<meta name=\"twitter:card\" content=\"summary_large_image\" \/>\n<meta name=\"twitter:creator\" content=\"@InformeLitoral\" \/>\n<meta name=\"twitter:site\" content=\"@InformeLitoral\" \/>\n<meta name=\"twitter:label1\" content=\"Escrito por\" \/>\n\t<meta name=\"twitter:data1\" content=\"Sebastian\" \/>\n\t<meta name=\"twitter:label2\" content=\"Tiempo de lectura\" \/>\n\t<meta name=\"twitter:data2\" content=\"1 minuto\" \/>\n<script type=\"application\/ld+json\" class=\"yoast-schema-graph\">{\"@context\":\"https:\\\/\\\/schema.org\",\"@graph\":[{\"@type\":\"Article\",\"@id\":\"https:\\\/\\\/informelitoral.com.ar\\\/sumaran-una-canasta-navidena-a-precios-cuidados-que-productos-la-integraran\\\/#article\",\"isPartOf\":{\"@id\":\"https:\\\/\\\/informelitoral.com.ar\\\/sumaran-una-canasta-navidena-a-precios-cuidados-que-productos-la-integraran\\\/\"},\"author\":{\"name\":\"Sebastian\",\"@id\":\"https:\\\/\\\/informelitoral.com.ar\\\/#\\\/schema\\\/person\\\/f05f9f461677119578717524b127d6d5\"},\"headline\":\"Sumar\u00e1n una canasta navide\u00f1a a Precios Cuidados \u00bfQu\u00e9 productos la integrar\u00e1n?\",\"datePublished\":\"2021-11-30T22:41:48+00:00\",\"mainEntityOfPage\":{\"@id\":\"https:\\\/\\\/informelitoral.com.ar\\\/sumaran-una-canasta-navidena-a-precios-cuidados-que-productos-la-integraran\\\/\"},\"wordCount\":289,\"commentCount\":0,\"publisher\":{\"@id\":\"https:\\\/\\\/informelitoral.com.ar\\\/#organization\"},\"image\":{\"@id\":\"https:\\\/\\\/informelitoral.com.ar\\\/sumaran-una-canasta-navidena-a-precios-cuidados-que-productos-la-integraran\\\/#primaryimage\"},\"thumbnailUrl\":\"https:\\\/\\\/informelitoral.com.ar\\\/%77%70%2d%63%6f%6e%74%65%6e%74\\\/uploads\\\/2018\\\/12\\\/navidad-super.jpg\",\"keywords\":[\"Canasta Navide\u00f1a\",\"Econom\u00eda\",\"Nacionales\",\"Precios Cuidados\"],\"articleSection\":[\"Nacionales\"],\"inLanguage\":\"es\",\"potentialAction\":[{\"@type\":\"CommentAction\",\"name\":\"Comment\",\"target\":[\"https:\\\/\\\/informelitoral.com.ar\\\/sumaran-una-canasta-navidena-a-precios-cuidados-que-productos-la-integraran\\\/#respond\"]}]},{\"@type\":\"WebPage\",\"@id\":\"https:\\\/\\\/informelitoral.com.ar\\\/sumaran-una-canasta-navidena-a-precios-cuidados-que-productos-la-integraran\\\/\",\"url\":\"https:\\\/\\\/informelitoral.com.ar\\\/sumaran-una-canasta-navidena-a-precios-cuidados-que-productos-la-integraran\\\/\",\"name\":\"Sumar\u00e1n una canasta navide\u00f1a a Precios Cuidados \u00bfQu\u00e9 productos la integrar\u00e1n? - Informe Litoral\",\"isPartOf\":{\"@id\":\"https:\\\/\\\/informelitoral.com.ar\\\/#website\"},\"primaryImageOfPage\":{\"@id\":\"https:\\\/\\\/informelitoral.com.ar\\\/sumaran-una-canasta-navidena-a-precios-cuidados-que-productos-la-integraran\\\/#primaryimage\"},\"image\":{\"@id\":\"https:\\\/\\\/informelitoral.com.ar\\\/sumaran-una-canasta-navidena-a-precios-cuidados-que-productos-la-integraran\\\/#primaryimage\"},\"thumbnailUrl\":\"https:\\\/\\\/informelitoral.com.ar\\\/%77%70%2d%63%6f%6e%74%65%6e%74\\\/uploads\\\/2018\\\/12\\\/navidad-super.jpg\",\"datePublished\":\"2021-11-30T22:41:48+00:00\",\"breadcrumb\":{\"@id\":\"https:\\\/\\\/informelitoral.com.ar\\\/sumaran-una-canasta-navidena-a-precios-cuidados-que-productos-la-integraran\\\/#breadcrumb\"},\"inLanguage\":\"es\",\"potentialAction\":[{\"@type\":\"ReadAction\",\"target\":[\"https:\\\/\\\/informelitoral.com.ar\\\/sumaran-una-canasta-navidena-a-precios-cuidados-que-productos-la-integraran\\\/\"]}]},{\"@type\":\"ImageObject\",\"inLanguage\":\"es\",\"@id\":\"https:\\\/\\\/informelitoral.com.ar\\\/sumaran-una-canasta-navidena-a-precios-cuidados-que-productos-la-integraran\\\/#primaryimage\",\"url\":\"https:\\\/\\\/informelitoral.com.ar\\\/%77%70%2d%63%6f%6e%74%65%6e%74\\\/uploads\\\/2018\\\/12\\\/navidad-super.jpg\",\"contentUrl\":\"https:\\\/\\\/informelitoral.com.ar\\\/%77%70%2d%63%6f%6e%74%65%6e%74\\\/uploads\\\/2018\\\/12\\\/navidad-super.jpg\",\"width\":696,\"height\":464},{\"@type\":\"BreadcrumbList\",\"@id\":\"https:\\\/\\\/informelitoral.com.ar\\\/sumaran-una-canasta-navidena-a-precios-cuidados-que-productos-la-integraran\\\/#breadcrumb\",\"itemListElement\":[{\"@type\":\"ListItem\",\"position\":1,\"name\":\"Portada\",\"item\":\"https:\\\/\\\/informelitoral.com.ar\\\/\"},{\"@type\":\"ListItem\",\"position\":2,\"name\":\"Sumar\u00e1n una canasta navide\u00f1a a Precios Cuidados \u00bfQu\u00e9 productos la integrar\u00e1n?\"}]},{\"@type\":\"WebSite\",\"@id\":\"https:\\\/\\\/informelitoral.com.ar\\\/#website\",\"url\":\"https:\\\/\\\/informelitoral.com.ar\\\/\",\"name\":\"Informe Litoral\",\"description\":\"&quot;Nos informamos&quot; \",\"publisher\":{\"@id\":\"https:\\\/\\\/informelitoral.com.ar\\\/#organization\"},\"potentialAction\":[{\"@type\":\"SearchAction\",\"target\":{\"@type\":\"EntryPoint\",\"urlTemplate\":\"https:\\\/\\\/informelitoral.com.ar\\\/?s={search_term_string}\"},\"query-input\":{\"@type\":\"PropertyValueSpecification\",\"valueRequired\":true,\"valueName\":\"search_term_string\"}}],\"inLanguage\":\"es\"},{\"@type\":\"Organization\",\"@id\":\"https:\\\/\\\/informelitoral.com.ar\\\/#organization\",\"name\":\"Informe Litoral\",\"url\":\"https:\\\/\\\/informelitoral.com.ar\\\/\",\"logo\":{\"@type\":\"ImageObject\",\"inLanguage\":\"es\",\"@id\":\"https:\\\/\\\/informelitoral.com.ar\\\/#\\\/schema\\\/logo\\\/image\\\/\",\"url\":\"https:\\\/\\\/informelitoral.com.ar\\\/%77%70%2d%63%6f%6e%74%65%6e%74\\\/uploads\\\/2021\\\/01\\\/circulo.png\",\"contentUrl\":\"https:\\\/\\\/informelitoral.com.ar\\\/%77%70%2d%63%6f%6e%74%65%6e%74\\\/uploads\\\/2021\\\/01\\\/circulo.png\",\"width\":723,\"height\":731,\"caption\":\"Informe Litoral\"},\"image\":{\"@id\":\"https:\\\/\\\/informelitoral.com.ar\\\/#\\\/schema\\\/logo\\\/image\\\/\"},\"sameAs\":[\"https:\\\/\\\/www.facebook.com\\\/informelitoral\\\/\",\"https:\\\/\\\/x.com\\\/InformeLitoral\",\"https:\\\/\\\/www.instagram.com\\\/informelitoral\\\/\",\"https:\\\/\\\/www.youtube.com\\\/channel\\\/UCua4Qvz8Icb6MYqhoq9xLXw\"]},{\"@type\":\"Person\",\"@id\":\"https:\\\/\\\/informelitoral.com.ar\\\/#\\\/schema\\\/person\\\/f05f9f461677119578717524b127d6d5\",\"name\":\"Sebastian\",\"image\":{\"@type\":\"ImageObject\",\"inLanguage\":\"es\",\"@id\":\"https:\\\/\\\/secure.gravatar.com\\\/avatar\\\/b71bf7481d447dfb9583c7f2798e7cc64de6efb9067b74633ed8c31059a3bd82?s=96&d=mm&r=g\",\"url\":\"https:\\\/\\\/secure.gravatar.com\\\/avatar\\\/b71bf7481d447dfb9583c7f2798e7cc64de6efb9067b74633ed8c31059a3bd82?s=96&d=mm&r=g\",\"contentUrl\":\"https:\\\/\\\/secure.gravatar.com\\\/avatar\\\/b71bf7481d447dfb9583c7f2798e7cc64de6efb9067b74633ed8c31059a3bd82?s=96&d=mm&r=g\",\"caption\":\"Sebastian\"},\"url\":\"https:\\\/\\\/informelitoral.com.ar\\\/author\\\/sebastian\\\/\"}]}<\/script>","yoast_head_json":{"title":"Sumar\u00e1n una canasta navide\u00f1a a Precios Cuidados \u00bfQu\u00e9 productos la integrar\u00e1n? - Informe Litoral","robots":{"index":"index","follow":"follow","max-snippet":"max-snippet:-1","max-image-preview":"max-image-preview:large","max-video-preview":"max-video-preview:-1"},"canonical":"https:\/\/informelitoral.com.ar\/sumaran-una-canasta-navidena-a-precios-cuidados-que-productos-la-integraran\/","og_locale":"es_ES","og_type":"article","og_title":"Sumar\u00e1n una canasta navide\u00f1a a Precios Cuidados \u00bfQu\u00e9 productos la integrar\u00e1n? - Informe Litoral","og_description":"El Gobierno confirm\u00f3 que en los pr\u00f3ximos d\u00edas se va a incorporar a la lista de art\u00edculos de Precios Cuidados ya vigente, una canasta con varios productos tradicionales de la mesa navide\u00f1a. La intenci\u00f3n de la Secretar\u00eda de Comercio es incorporar productos como sidra, pan dulce, bud\u00edn, garrapi\u00f1adas y turrones, aunque a\u00fan no est\u00e1 definido las marcas de cada producto que van a ser incluidas.","og_url":"https:\/\/informelitoral.com.ar\/sumaran-una-canasta-navidena-a-precios-cuidados-que-productos-la-integraran\/","og_site_name":"Informe Litoral","article_publisher":"https:\/\/www.facebook.com\/informelitoral\/","article_published_time":"2021-11-30T22:41:48+00:00","og_image":[{"width":696,"height":464,"url":"https:\/\/informelitoral.com.ar\/%77%70%2d%63%6f%6e%74%65%6e%74\/uploads\/2018\/12\/navidad-super.jpg","type":"image\/jpeg"}],"author":"Sebastian","twitter_card":"summary_large_image","twitter_creator":"@InformeLitoral","twitter_site":"@InformeLitoral","twitter_misc":{"Escrito por":"Sebastian","Tiempo de lectura":"1 minuto"},"schema":{"@context":"https:\/\/schema.org","@graph":[{"@type":"Article","@id":"https:\/\/informelitoral.com.ar\/sumaran-una-canasta-navidena-a-precios-cuidados-que-productos-la-integraran\/#article","isPartOf":{"@id":"https:\/\/informelitoral.com.ar\/sumaran-una-canasta-navidena-a-precios-cuidados-que-productos-la-integraran\/"},"author":{"name":"Sebastian","@id":"https:\/\/informelitoral.com.ar\/#\/schema\/person\/f05f9f461677119578717524b127d6d5"},"headline":"Sumar\u00e1n una canasta navide\u00f1a a Precios Cuidados \u00bfQu\u00e9 productos la integrar\u00e1n?","datePublished":"2021-11-30T22:41:48+00:00","mainEntityOfPage":{"@id":"https:\/\/informelitoral.com.ar\/sumaran-una-canasta-navidena-a-precios-cuidados-que-productos-la-integraran\/"},"wordCount":289,"commentCount":0,"publisher":{"@id":"https:\/\/informelitoral.com.ar\/#organization"},"image":{"@id":"https:\/\/informelitoral.com.ar\/sumaran-una-canasta-navidena-a-precios-cuidados-que-productos-la-integraran\/#primaryimage"},"thumbnailUrl":"https:\/\/informelitoral.com.ar\/%77%70%2d%63%6f%6e%74%65%6e%74\/uploads\/2018\/12\/navidad-super.jpg","keywords":["Canasta Navide\u00f1a","Econom\u00eda","Nacionales","Precios Cuidados"],"articleSection":["Nacionales"],"inLanguage":"es","potentialAction":[{"@type":"CommentAction","name":"Comment","target":["https:\/\/informelitoral.com.ar\/sumaran-una-canasta-navidena-a-precios-cuidados-que-productos-la-integraran\/#respond"]}]},{"@type":"WebPage","@id":"https:\/\/informelitoral.com.ar\/sumaran-una-canasta-navidena-a-precios-cuidados-que-productos-la-integraran\/","url":"https:\/\/informelitoral.com.ar\/sumaran-una-canasta-navidena-a-precios-cuidados-que-productos-la-integraran\/","name":"Sumar\u00e1n una canasta navide\u00f1a a Precios Cuidados \u00bfQu\u00e9 productos la integrar\u00e1n? - Informe Litoral","isPartOf":{"@id":"https:\/\/informelitoral.com.ar\/#website"},"primaryImageOfPage":{"@id":"https:\/\/informelitoral.com.ar\/sumaran-una-canasta-navidena-a-precios-cuidados-que-productos-la-integraran\/#primaryimage"},"image":{"@id":"https:\/\/informelitoral.com.ar\/sumaran-una-canasta-navidena-a-precios-cuidados-que-productos-la-integraran\/#primaryimage"},"thumbnailUrl":"https:\/\/informelitoral.com.ar\/%77%70%2d%63%6f%6e%74%65%6e%74\/uploads\/2018\/12\/navidad-super.jpg","datePublished":"2021-11-30T22:41:48+00:00","breadcrumb":{"@id":"https:\/\/informelitoral.com.ar\/sumaran-una-canasta-navidena-a-precios-cuidados-que-productos-la-integraran\/#breadcrumb"},"inLanguage":"es","potentialAction":[{"@type":"ReadAction","target":["https:\/\/informelitoral.com.ar\/sumaran-una-canasta-navidena-a-precios-cuidados-que-productos-la-integraran\/"]}]},{"@type":"ImageObject","inLanguage":"es","@id":"https:\/\/informelitoral.com.ar\/sumaran-una-canasta-navidena-a-precios-cuidados-que-productos-la-integraran\/#primaryimage","url":"https:\/\/informelitoral.com.ar\/%77%70%2d%63%6f%6e%74%65%6e%74\/uploads\/2018\/12\/navidad-super.jpg","contentUrl":"https:\/\/informelitoral.com.ar\/%77%70%2d%63%6f%6e%74%65%6e%74\/uploads\/2018\/12\/navidad-super.jpg","width":696,"height":464},{"@type":"BreadcrumbList","@id":"https:\/\/informelitoral.com.ar\/sumaran-una-canasta-navidena-a-precios-cuidados-que-productos-la-integraran\/#breadcrumb","itemListElement":[{"@type":"ListItem","position":1,"name":"Portada","item":"https:\/\/informelitoral.com.ar\/"},{"@type":"ListItem","position":2,"name":"Sumar\u00e1n una canasta navide\u00f1a a Precios Cuidados \u00bfQu\u00e9 productos la integrar\u00e1n?"}]},{"@type":"WebSite","@id":"https:\/\/informelitoral.com.ar\/#website","url":"https:\/\/informelitoral.com.ar\/","name":"Informe Litoral","description":"&quot;Nos informamos&quot; ","publisher":{"@id":"https:\/\/informelitoral.com.ar\/#organization"},"potentialAction":[{"@type":"SearchAction","target":{"@type":"EntryPoint","urlTemplate":"https:\/\/informelitoral.com.ar\/?s={search_term_string}"},"query-input":{"@type":"PropertyValueSpecification","valueRequired":true,"valueName":"search_term_string"}}],"inLanguage":"es"},{"@type":"Organization","@id":"https:\/\/informelitoral.com.ar\/#organization","name":"Informe Litoral","url":"https:\/\/informelitoral.com.ar\/","logo":{"@type":"ImageObject","inLanguage":"es","@id":"https:\/\/informelitoral.com.ar\/#\/schema\/logo\/image\/","url":"https:\/\/informelitoral.com.ar\/%77%70%2d%63%6f%6e%74%65%6e%74\/uploads\/2021\/01\/circulo.png","contentUrl":"https:\/\/informelitoral.com.ar\/%77%70%2d%63%6f%6e%74%65%6e%74\/uploads\/2021\/01\/circulo.png","width":723,"height":731,"caption":"Informe Litoral"},"image":{"@id":"https:\/\/informelitoral.com.ar\/#\/schema\/logo\/image\/"},"sameAs":["https:\/\/www.facebook.com\/informelitoral\/","https:\/\/x.com\/InformeLitoral","https:\/\/www.instagram.com\/informelitoral\/","https:\/\/www.youtube.com\/channel\/UCua4Qvz8Icb6MYqhoq9xLXw"]},{"@type":"Person","@id":"https:\/\/informelitoral.com.ar\/#\/schema\/person\/f05f9f461677119578717524b127d6d5","name":"Sebastian","image":{"@type":"ImageObject","inLanguage":"es","@id":"https:\/\/secure.gravatar.com\/avatar\/b71bf7481d447dfb9583c7f2798e7cc64de6efb9067b74633ed8c31059a3bd82?s=96&d=mm&r=g","url":"https:\/\/secure.gravatar.com\/avatar\/b71bf7481d447dfb9583c7f2798e7cc64de6efb9067b74633ed8c31059a3bd82?s=96&d=mm&r=g","contentUrl":"https:\/\/secure.gravatar.com\/avatar\/b71bf7481d447dfb9583c7f2798e7cc64de6efb9067b74633ed8c31059a3bd82?s=96&d=mm&r=g","caption":"Sebastian"},"url":"https:\/\/informelitoral.com.ar\/author\/sebastian\/"}]}},"_links":{"self":[{"href":"https:\/\/informelitoral.com.ar\/%77%70%2d%6a%73%6f%6e\/wp\/v2\/posts\/68151","targetHints":{"allow":["GET"]}}],"collection":[{"href":"https:\/\/informelitoral.com.ar\/%77%70%2d%6a%73%6f%6e\/wp\/v2\/posts"}],"about":[{"href":"https:\/\/informelitoral.com.ar\/%77%70%2d%6a%73%6f%6e\/wp\/v2\/types\/post"}],"author":[{"embeddable":true,"href":"https:\/\/informelitoral.com.ar\/%77%70%2d%6a%73%6f%6e\/wp\/v2\/users\/8"}],"replies":[{"embeddable":true,"href":"https:\/\/informelitoral.com.ar\/%77%70%2d%6a%73%6f%6e\/wp\/v2\/comments?post=68151"}],"version-history":[{"count":0,"href":"https:\/\/informelitoral.com.ar\/%77%70%2d%6a%73%6f%6e\/wp\/v2\/posts\/68151\/revisions"}],"wp:featuredmedia":[{"embeddable":true,"href":"https:\/\/informelitoral.com.ar\/%77%70%2d%6a%73%6f%6e\/wp\/v2\/media\/31050"}],"wp:attachment":[{"href":"https:\/\/informelitoral.com.ar\/%77%70%2d%6a%73%6f%6e\/wp\/v2\/media?parent=68151"}],"wp:term":[{"taxonomy":"category","embeddable":true,"href":"https:\/\/informelitoral.com.ar\/%77%70%2d%6a%73%6f%6e\/wp\/v2\/categories?post=68151"},{"taxonomy":"post_tag","embeddable":true,"href":"https:\/\/informelitoral.com.ar\/%77%70%2d%6a%73%6f%6e\/wp\/v2\/tags?post=68151"}],"curies":[{"name":"wp","href":"https:\/\/api.w.org\/{rel}","templated":true}]}}