{"id":68129,"date":"2021-11-30T07:24:49","date_gmt":"2021-11-30T10:24:49","guid":{"rendered":"https:\/\/www.informelitoral.com.ar\/?p=68129"},"modified":"2021-11-30T12:25:02","modified_gmt":"2021-11-30T15:25:02","slug":"este-martes-30-de-noviembre-es-el-dia-nacional-del-mate","status":"publish","type":"post","link":"https:\/\/informelitoral.com.ar\/este-martes-30-de-noviembre-es-el-dia-nacional-del-mate\/","title":{"rendered":"Este martes 30 de noviembre es el D\u00eda Nacional del Mate"},"content":{"rendered":"<p>Este martes 30 de noviembre se celebra el\u00a0<strong>D\u00eda Nacional del Mate en la\u00a0Argentina<\/strong>, una costumbre propia de nuestro pa\u00eds que tiene un gran arraigo. Si bien la\u00a0pandemia\u00a0cambi\u00f3 la forma de compartir ya que se recomienda usar un mate propio, sigue estando presente en cada encuentro.<\/p>\n<p>Esta fecha fue sancionada a trav\u00e9s de la<strong>\u00a0Ley N\u00b0 27.117 por el Senado y C\u00e1mara de Diputados de la Naci\u00f3n el 17 de diciembre de 2014.<\/strong>\u00a0Fue promulgada el 20 de enero de 2015 y publicada en el Bolet\u00edn Oficial de la Rep\u00fablica Argentina tiempo despu\u00e9s. La propuesta fue realizada con el motivo de rendir honor a las costumbres nacionales a trav\u00e9s de la fecha del nacimiento de Andresito Guacurar\u00ed, un reconocido comandante guaran\u00ed.<\/p>\n<h3 id=\"h-por-qu-se-celebra\"><strong>\u00bfPor qu\u00e9 se celebra?<\/strong><\/h3>\n<figure class=\"wp-block-image size-full\"><a class=\"td-modal-image\" href=\"data:image\/png;base64,iVBORw0KGgoAAAANSUhEUgAAArgAAAF1AQMAAAA5kAubAAAABlBMVEUAAAD\/\/\/+l2Z\/dAAAAAXRSTlMAQObYZgAAAAlwSFlzAAAOxAAADsQBlSsOGwAAADdJREFUeNrtwTEBAAAAwqD1T20Hb6AAAAAAAAAAAAAAAAAAAAAAAAAAAAAAAAAAAAAAAAAAgNcAgDgAAe5DMBgAAAAASUVORK5CYII=\"><img loading=\"lazy\" decoding=\"async\" class=\"wp-image-125773 lazyautosizes lazyloaded aligncenter\" src=\"https:\/\/i0.wp.com\/entremediosweb.com\/%77%70%2d%63%6f%6e%74%65%6e%74\/uploads\/2021\/11\/Monumento-andresito-900x482-1.jpg?resize=696%2C373&amp;ssl=1\" sizes=\"auto, 696px\" srcset=\"https:\/\/i0.wp.com\/entremediosweb.com\/%77%70%2d%63%6f%6e%74%65%6e%74\/uploads\/2021\/11\/Monumento-andresito-900x482-1.jpg?w=900&amp;ssl=1 900w, https:\/\/i0.wp.com\/entremediosweb.com\/%77%70%2d%63%6f%6e%74%65%6e%74\/uploads\/2021\/11\/Monumento-andresito-900x482-1.jpg?resize=300%2C161&amp;ssl=1 300w, https:\/\/i0.wp.com\/entremediosweb.com\/%77%70%2d%63%6f%6e%74%65%6e%74\/uploads\/2021\/11\/Monumento-andresito-900x482-1.jpg?resize=768%2C411&amp;ssl=1 768w, https:\/\/i0.wp.com\/entremediosweb.com\/%77%70%2d%63%6f%6e%74%65%6e%74\/uploads\/2021\/11\/Monumento-andresito-900x482-1.jpg?resize=696%2C373&amp;ssl=1 696w\" alt=\"\" width=\"696\" height=\"373\" data-attachment-id=\"125773\" data-permalink=\"https:\/\/entremediosweb.com\/este-martes-30-de-noviembre-es-el-dia-nacional-del-mate\/monumento-andresito-900x482-1\/\" data-orig-file=\"https:\/\/i0.wp.com\/entremediosweb.com\/%77%70%2d%63%6f%6e%74%65%6e%74\/uploads\/2021\/11\/Monumento-andresito-900x482-1.jpg?fit=900%2C482&amp;ssl=1\" data-orig-size=\"900,482\" data-comments-opened=\"0\" data-image-meta=\"{&quot;aperture&quot;:&quot;3.1&quot;,&quot;credit&quot;:&quot;&quot;,&quot;camera&quot;:&quot;KODAK EASYSHARE M1033 DIGITAL CAMERA&quot;,&quot;caption&quot;:&quot;&quot;,&quot;created_timestamp&quot;:&quot;1210507016&quot;,&quot;copyright&quot;:&quot;&quot;,&quot;focal_length&quot;:&quot;6.3&quot;,&quot;iso&quot;:&quot;64&quot;,&quot;shutter_speed&quot;:&quot;0.004&quot;,&quot;title&quot;:&quot;&quot;,&quot;orientation&quot;:&quot;0&quot;}\" data-image-title=\"Monumento-andresito-900\u00d7482-1\" data-image-description=\"\" data-image-caption=\"\" data-medium-file=\"https:\/\/i0.wp.com\/entremediosweb.com\/%77%70%2d%63%6f%6e%74%65%6e%74\/uploads\/2021\/11\/Monumento-andresito-900x482-1.jpg?fit=300%2C161&amp;ssl=1\" data-large-file=\"https:\/\/i0.wp.com\/entremediosweb.com\/%77%70%2d%63%6f%6e%74%65%6e%74\/uploads\/2021\/11\/Monumento-andresito-900x482-1.jpg?fit=696%2C373&amp;ssl=1\" data-src=\"https:\/\/i0.wp.com\/entremediosweb.com\/%77%70%2d%63%6f%6e%74%65%6e%74\/uploads\/2021\/11\/Monumento-andresito-900x482-1.jpg?resize=696%2C373&amp;ssl=1\" data-srcset=\"https:\/\/i0.wp.com\/entremediosweb.com\/%77%70%2d%63%6f%6e%74%65%6e%74\/uploads\/2021\/11\/Monumento-andresito-900x482-1.jpg?w=900&amp;ssl=1 900w, https:\/\/i0.wp.com\/entremediosweb.com\/%77%70%2d%63%6f%6e%74%65%6e%74\/uploads\/2021\/11\/Monumento-andresito-900x482-1.jpg?resize=300%2C161&amp;ssl=1 300w, https:\/\/i0.wp.com\/entremediosweb.com\/%77%70%2d%63%6f%6e%74%65%6e%74\/uploads\/2021\/11\/Monumento-andresito-900x482-1.jpg?resize=768%2C411&amp;ssl=1 768w, https:\/\/i0.wp.com\/entremediosweb.com\/%77%70%2d%63%6f%6e%74%65%6e%74\/uploads\/2021\/11\/Monumento-andresito-900x482-1.jpg?resize=696%2C373&amp;ssl=1 696w\" data-sizes=\"auto\" \/><\/a><\/figure>\n<p><strong>El D\u00eda Nacional del Mate de celebra en honor al caudillo Andr\u00e9s Guacurar\u00ed y Artigas, m\u00e1s conocido como Andresito<\/strong>. \u00c9l no fue el \u00fanico gobernador ind\u00edgena de la historia argentina, sino que foment\u00f3 la producci\u00f3n y distribuci\u00f3n de la yerba mate.<\/p>\n<p>Andr\u00e9s Gua\u00e7urar\u00ed y Artigas naci\u00f3 el 30 de noviembre de 1778 en Santo Tom\u00e9, Corrientes. Perteneciente a una familia de origen guaran\u00ed, Guacurar\u00ed fue quien gobern\u00f3 la entonces denominada Provincia Grande de las Misiones entre 1815 y 1819.<\/p>\n<p>Particip\u00f3 como general de la Banda Oriental junto a Jos\u00e9 Gervasio Artigas, quien luego le dar\u00eda su apellido ya que lo consideraba como un hijo adoptivo. Guacurar\u00ed se destac\u00f3 como soldado en la Milicia Guaran\u00ed-Misionera del Ej\u00e9rcito de Manuel Belgrano y en el Ej\u00e9rcito de Jos\u00e9 Artigas, luchando por la independencia del pa\u00eds.<\/p>\n<p>Su trabajo se basaba en defender el territorio argentino y luchar por los principios federalistas impulsados por Artigas. Guacurar\u00ed fue quien fomento la\u00a0<strong>producci\u00f3n y comercializaci\u00f3n de la yerba mate,<\/strong>\u00a0procurando preservar las tradiciones aut\u00f3ctonas ante posibles invasiones extranjeras.<\/p>\n<h3 id=\"h-cu-l-es-el-origen-de-la-palabra-mate\"><strong>\u00bfCu\u00e1l es el origen de la palabra mate?<\/strong><\/h3>\n<p><strong>La palabra mate naci\u00f3 del vocablo quechua mat\u00ed, que significa calabaza, ya que este fue el recipiente y material donde m\u00e1s se tomaba cuando los espa\u00f1oles llegaron a Am\u00e9rica del Sur<\/strong>. En tanto la bombilla se denominaba tacuar\u00ed y era simplemente una ca\u00f1ita ahuecada.<\/p>\n<p>Seg\u00fan los datos del Instituto Nacional de la\u00a0<strong>Yerba Mate (INYM), esta bebida es consumida en un 98% de las casas de la Argentina<\/strong>. Anualmente se consumen 256 millones de kilos de yerba mate, considerando un consumo anual per c\u00e1pita de unos 6,4 kilos, seg\u00fan el Instituto Nacional de la Yerba Mate (INYM).<\/p>\n<p>Corrientes y Misiones son las principales provincias que producen la yerba mate, exportando a otros pa\u00edses.<\/p>\n","protected":false},"excerpt":{"rendered":"<p>La fecha conmemora la infusi\u00f3n m\u00e1s popular, considerada una pieza clave de la cultura nacional. Las curiosidades sobre la yerba mate.<\/p>\n","protected":false},"author":2,"featured_media":39660,"comment_status":"open","ping_status":"open","sticky":false,"template":"","format":"standard","meta":{"fifu_image_url":"","fifu_image_alt":"","footnotes":""},"categories":[9],"tags":[279],"class_list":{"0":"post-68129","1":"post","2":"type-post","3":"status-publish","4":"format-standard","5":"has-post-thumbnail","7":"category-sociedad","8":"tag-mate"},"yoast_head":"<title>Este martes 30 de noviembre es el D\u00eda Nacional del Mate - Informe Litoral<\/title>\n<meta name=\"robots\" content=\"index, follow, max-snippet:-1, max-image-preview:large, max-video-preview:-1\" \/>\n<link rel=\"canonical\" href=\"https:\/\/informelitoral.com.ar\/este-martes-30-de-noviembre-es-el-dia-nacional-del-mate\/\" \/>\n<meta property=\"og:locale\" content=\"es_ES\" \/>\n<meta property=\"og:type\" content=\"article\" \/>\n<meta property=\"og:title\" content=\"Este martes 30 de noviembre es el D\u00eda Nacional del Mate - Informe Litoral\" \/>\n<meta property=\"og:description\" content=\"La fecha conmemora la infusi\u00f3n m\u00e1s popular, considerada una pieza clave de la cultura nacional. Las curiosidades sobre la yerba mate.\" \/>\n<meta property=\"og:url\" content=\"https:\/\/informelitoral.com.ar\/este-martes-30-de-noviembre-es-el-dia-nacional-del-mate\/\" \/>\n<meta property=\"og:site_name\" content=\"Informe Litoral\" \/>\n<meta property=\"article:publisher\" content=\"https:\/\/www.facebook.com\/informelitoral\/\" \/>\n<meta property=\"article:published_time\" content=\"2021-11-30T10:24:49+00:00\" \/>\n<meta property=\"article:modified_time\" content=\"2021-11-30T15:25:02+00:00\" \/>\n<meta property=\"og:image\" content=\"https:\/\/informelitoral.com.ar\/%77%70%2d%63%6f%6e%74%65%6e%74\/uploads\/2020\/01\/mate_3.jpg_1150498286.jpg\" \/>\n\t<meta property=\"og:image:width\" content=\"822\" \/>\n\t<meta property=\"og:image:height\" content=\"548\" \/>\n\t<meta property=\"og:image:type\" content=\"image\/jpeg\" \/>\n<meta name=\"author\" content=\"Gonzalo Schmidt\" \/>\n<meta name=\"twitter:card\" content=\"summary_large_image\" \/>\n<meta name=\"twitter:creator\" content=\"@InformeLitoral\" \/>\n<meta name=\"twitter:site\" content=\"@InformeLitoral\" \/>\n<meta name=\"twitter:label1\" content=\"Escrito por\" \/>\n\t<meta name=\"twitter:data1\" content=\"Gonzalo Schmidt\" \/>\n\t<meta name=\"twitter:label2\" content=\"Tiempo de lectura\" \/>\n\t<meta name=\"twitter:data2\" content=\"2 minutos\" \/>\n<script type=\"application\/ld+json\" class=\"yoast-schema-graph\">{\"@context\":\"https:\\\/\\\/schema.org\",\"@graph\":[{\"@type\":\"Article\",\"@id\":\"https:\\\/\\\/informelitoral.com.ar\\\/este-martes-30-de-noviembre-es-el-dia-nacional-del-mate\\\/#article\",\"isPartOf\":{\"@id\":\"https:\\\/\\\/informelitoral.com.ar\\\/este-martes-30-de-noviembre-es-el-dia-nacional-del-mate\\\/\"},\"author\":{\"name\":\"Gonzalo Schmidt\",\"@id\":\"https:\\\/\\\/informelitoral.com.ar\\\/#\\\/schema\\\/person\\\/b9d00407c836482871ef1d57bf8e3180\"},\"headline\":\"Este martes 30 de noviembre es el D\u00eda Nacional del Mate\",\"datePublished\":\"2021-11-30T10:24:49+00:00\",\"dateModified\":\"2021-11-30T15:25:02+00:00\",\"mainEntityOfPage\":{\"@id\":\"https:\\\/\\\/informelitoral.com.ar\\\/este-martes-30-de-noviembre-es-el-dia-nacional-del-mate\\\/\"},\"wordCount\":452,\"commentCount\":0,\"publisher\":{\"@id\":\"https:\\\/\\\/informelitoral.com.ar\\\/#organization\"},\"image\":{\"@id\":\"https:\\\/\\\/informelitoral.com.ar\\\/este-martes-30-de-noviembre-es-el-dia-nacional-del-mate\\\/#primaryimage\"},\"thumbnailUrl\":\"https:\\\/\\\/informelitoral.com.ar\\\/%77%70%2d%63%6f%6e%74%65%6e%74\\\/uploads\\\/2020\\\/01\\\/mate_3.jpg_1150498286.jpg\",\"keywords\":[\"Mate\"],\"articleSection\":[\"Sociedad\"],\"inLanguage\":\"es\",\"potentialAction\":[{\"@type\":\"CommentAction\",\"name\":\"Comment\",\"target\":[\"https:\\\/\\\/informelitoral.com.ar\\\/este-martes-30-de-noviembre-es-el-dia-nacional-del-mate\\\/#respond\"]}]},{\"@type\":\"WebPage\",\"@id\":\"https:\\\/\\\/informelitoral.com.ar\\\/este-martes-30-de-noviembre-es-el-dia-nacional-del-mate\\\/\",\"url\":\"https:\\\/\\\/informelitoral.com.ar\\\/este-martes-30-de-noviembre-es-el-dia-nacional-del-mate\\\/\",\"name\":\"Este martes 30 de noviembre es el D\u00eda Nacional del Mate - Informe Litoral\",\"isPartOf\":{\"@id\":\"https:\\\/\\\/informelitoral.com.ar\\\/#website\"},\"primaryImageOfPage\":{\"@id\":\"https:\\\/\\\/informelitoral.com.ar\\\/este-martes-30-de-noviembre-es-el-dia-nacional-del-mate\\\/#primaryimage\"},\"image\":{\"@id\":\"https:\\\/\\\/informelitoral.com.ar\\\/este-martes-30-de-noviembre-es-el-dia-nacional-del-mate\\\/#primaryimage\"},\"thumbnailUrl\":\"https:\\\/\\\/informelitoral.com.ar\\\/%77%70%2d%63%6f%6e%74%65%6e%74\\\/uploads\\\/2020\\\/01\\\/mate_3.jpg_1150498286.jpg\",\"datePublished\":\"2021-11-30T10:24:49+00:00\",\"dateModified\":\"2021-11-30T15:25:02+00:00\",\"breadcrumb\":{\"@id\":\"https:\\\/\\\/informelitoral.com.ar\\\/este-martes-30-de-noviembre-es-el-dia-nacional-del-mate\\\/#breadcrumb\"},\"inLanguage\":\"es\",\"potentialAction\":[{\"@type\":\"ReadAction\",\"target\":[\"https:\\\/\\\/informelitoral.com.ar\\\/este-martes-30-de-noviembre-es-el-dia-nacional-del-mate\\\/\"]}]},{\"@type\":\"ImageObject\",\"inLanguage\":\"es\",\"@id\":\"https:\\\/\\\/informelitoral.com.ar\\\/este-martes-30-de-noviembre-es-el-dia-nacional-del-mate\\\/#primaryimage\",\"url\":\"https:\\\/\\\/informelitoral.com.ar\\\/%77%70%2d%63%6f%6e%74%65%6e%74\\\/uploads\\\/2020\\\/01\\\/mate_3.jpg_1150498286.jpg\",\"contentUrl\":\"https:\\\/\\\/informelitoral.com.ar\\\/%77%70%2d%63%6f%6e%74%65%6e%74\\\/uploads\\\/2020\\\/01\\\/mate_3.jpg_1150498286.jpg\",\"width\":822,\"height\":548},{\"@type\":\"BreadcrumbList\",\"@id\":\"https:\\\/\\\/informelitoral.com.ar\\\/este-martes-30-de-noviembre-es-el-dia-nacional-del-mate\\\/#breadcrumb\",\"itemListElement\":[{\"@type\":\"ListItem\",\"position\":1,\"name\":\"Portada\",\"item\":\"https:\\\/\\\/informelitoral.com.ar\\\/\"},{\"@type\":\"ListItem\",\"position\":2,\"name\":\"Este martes 30 de noviembre es el D\u00eda Nacional del Mate\"}]},{\"@type\":\"WebSite\",\"@id\":\"https:\\\/\\\/informelitoral.com.ar\\\/#website\",\"url\":\"https:\\\/\\\/informelitoral.com.ar\\\/\",\"name\":\"Informe Litoral\",\"description\":\"&quot;Nos informamos&quot; \",\"publisher\":{\"@id\":\"https:\\\/\\\/informelitoral.com.ar\\\/#organization\"},\"potentialAction\":[{\"@type\":\"SearchAction\",\"target\":{\"@type\":\"EntryPoint\",\"urlTemplate\":\"https:\\\/\\\/informelitoral.com.ar\\\/?s={search_term_string}\"},\"query-input\":{\"@type\":\"PropertyValueSpecification\",\"valueRequired\":true,\"valueName\":\"search_term_string\"}}],\"inLanguage\":\"es\"},{\"@type\":\"Organization\",\"@id\":\"https:\\\/\\\/informelitoral.com.ar\\\/#organization\",\"name\":\"Informe Litoral\",\"url\":\"https:\\\/\\\/informelitoral.com.ar\\\/\",\"logo\":{\"@type\":\"ImageObject\",\"inLanguage\":\"es\",\"@id\":\"https:\\\/\\\/informelitoral.com.ar\\\/#\\\/schema\\\/logo\\\/image\\\/\",\"url\":\"https:\\\/\\\/informelitoral.com.ar\\\/%77%70%2d%63%6f%6e%74%65%6e%74\\\/uploads\\\/2021\\\/01\\\/circulo.png\",\"contentUrl\":\"https:\\\/\\\/informelitoral.com.ar\\\/%77%70%2d%63%6f%6e%74%65%6e%74\\\/uploads\\\/2021\\\/01\\\/circulo.png\",\"width\":723,\"height\":731,\"caption\":\"Informe Litoral\"},\"image\":{\"@id\":\"https:\\\/\\\/informelitoral.com.ar\\\/#\\\/schema\\\/logo\\\/image\\\/\"},\"sameAs\":[\"https:\\\/\\\/www.facebook.com\\\/informelitoral\\\/\",\"https:\\\/\\\/x.com\\\/InformeLitoral\",\"https:\\\/\\\/www.instagram.com\\\/informelitoral\\\/\",\"https:\\\/\\\/www.youtube.com\\\/channel\\\/UCua4Qvz8Icb6MYqhoq9xLXw\"]},{\"@type\":\"Person\",\"@id\":\"https:\\\/\\\/informelitoral.com.ar\\\/#\\\/schema\\\/person\\\/b9d00407c836482871ef1d57bf8e3180\",\"name\":\"Gonzalo Schmidt\",\"image\":{\"@type\":\"ImageObject\",\"inLanguage\":\"es\",\"@id\":\"https:\\\/\\\/secure.gravatar.com\\\/avatar\\\/31a1a7b66ff2de83bd0e9fd79d026630d2d99e55e8bfe501287647b4fd9743de?s=96&d=mm&r=g\",\"url\":\"https:\\\/\\\/secure.gravatar.com\\\/avatar\\\/31a1a7b66ff2de83bd0e9fd79d026630d2d99e55e8bfe501287647b4fd9743de?s=96&d=mm&r=g\",\"contentUrl\":\"https:\\\/\\\/secure.gravatar.com\\\/avatar\\\/31a1a7b66ff2de83bd0e9fd79d026630d2d99e55e8bfe501287647b4fd9743de?s=96&d=mm&r=g\",\"caption\":\"Gonzalo Schmidt\"},\"description\":\"Sitio web de noticias de la provincia de Entre R\u00edos, Argentina. Informaci\u00f3n y entretenimiento. Informe Litoral, nos informamos.\",\"sameAs\":[\"http:\\\/\\\/www.isletasnoticias.com.ar\"],\"url\":\"https:\\\/\\\/informelitoral.com.ar\\\/author\\\/gonzalo\\\/\"}]}<\/script>","yoast_head_json":{"title":"Este martes 30 de noviembre es el D\u00eda Nacional del Mate - Informe Litoral","robots":{"index":"index","follow":"follow","max-snippet":"max-snippet:-1","max-image-preview":"max-image-preview:large","max-video-preview":"max-video-preview:-1"},"canonical":"https:\/\/informelitoral.com.ar\/este-martes-30-de-noviembre-es-el-dia-nacional-del-mate\/","og_locale":"es_ES","og_type":"article","og_title":"Este martes 30 de noviembre es el D\u00eda Nacional del Mate - Informe Litoral","og_description":"La fecha conmemora la infusi\u00f3n m\u00e1s popular, considerada una pieza clave de la cultura nacional. Las curiosidades sobre la yerba mate.","og_url":"https:\/\/informelitoral.com.ar\/este-martes-30-de-noviembre-es-el-dia-nacional-del-mate\/","og_site_name":"Informe Litoral","article_publisher":"https:\/\/www.facebook.com\/informelitoral\/","article_published_time":"2021-11-30T10:24:49+00:00","article_modified_time":"2021-11-30T15:25:02+00:00","og_image":[{"width":822,"height":548,"url":"https:\/\/informelitoral.com.ar\/%77%70%2d%63%6f%6e%74%65%6e%74\/uploads\/2020\/01\/mate_3.jpg_1150498286.jpg","type":"image\/jpeg"}],"author":"Gonzalo Schmidt","twitter_card":"summary_large_image","twitter_creator":"@InformeLitoral","twitter_site":"@InformeLitoral","twitter_misc":{"Escrito por":"Gonzalo Schmidt","Tiempo de lectura":"2 minutos"},"schema":{"@context":"https:\/\/schema.org","@graph":[{"@type":"Article","@id":"https:\/\/informelitoral.com.ar\/este-martes-30-de-noviembre-es-el-dia-nacional-del-mate\/#article","isPartOf":{"@id":"https:\/\/informelitoral.com.ar\/este-martes-30-de-noviembre-es-el-dia-nacional-del-mate\/"},"author":{"name":"Gonzalo Schmidt","@id":"https:\/\/informelitoral.com.ar\/#\/schema\/person\/b9d00407c836482871ef1d57bf8e3180"},"headline":"Este martes 30 de noviembre es el D\u00eda Nacional del Mate","datePublished":"2021-11-30T10:24:49+00:00","dateModified":"2021-11-30T15:25:02+00:00","mainEntityOfPage":{"@id":"https:\/\/informelitoral.com.ar\/este-martes-30-de-noviembre-es-el-dia-nacional-del-mate\/"},"wordCount":452,"commentCount":0,"publisher":{"@id":"https:\/\/informelitoral.com.ar\/#organization"},"image":{"@id":"https:\/\/informelitoral.com.ar\/este-martes-30-de-noviembre-es-el-dia-nacional-del-mate\/#primaryimage"},"thumbnailUrl":"https:\/\/informelitoral.com.ar\/%77%70%2d%63%6f%6e%74%65%6e%74\/uploads\/2020\/01\/mate_3.jpg_1150498286.jpg","keywords":["Mate"],"articleSection":["Sociedad"],"inLanguage":"es","potentialAction":[{"@type":"CommentAction","name":"Comment","target":["https:\/\/informelitoral.com.ar\/este-martes-30-de-noviembre-es-el-dia-nacional-del-mate\/#respond"]}]},{"@type":"WebPage","@id":"https:\/\/informelitoral.com.ar\/este-martes-30-de-noviembre-es-el-dia-nacional-del-mate\/","url":"https:\/\/informelitoral.com.ar\/este-martes-30-de-noviembre-es-el-dia-nacional-del-mate\/","name":"Este martes 30 de noviembre es el D\u00eda Nacional del Mate - Informe Litoral","isPartOf":{"@id":"https:\/\/informelitoral.com.ar\/#website"},"primaryImageOfPage":{"@id":"https:\/\/informelitoral.com.ar\/este-martes-30-de-noviembre-es-el-dia-nacional-del-mate\/#primaryimage"},"image":{"@id":"https:\/\/informelitoral.com.ar\/este-martes-30-de-noviembre-es-el-dia-nacional-del-mate\/#primaryimage"},"thumbnailUrl":"https:\/\/informelitoral.com.ar\/%77%70%2d%63%6f%6e%74%65%6e%74\/uploads\/2020\/01\/mate_3.jpg_1150498286.jpg","datePublished":"2021-11-30T10:24:49+00:00","dateModified":"2021-11-30T15:25:02+00:00","breadcrumb":{"@id":"https:\/\/informelitoral.com.ar\/este-martes-30-de-noviembre-es-el-dia-nacional-del-mate\/#breadcrumb"},"inLanguage":"es","potentialAction":[{"@type":"ReadAction","target":["https:\/\/informelitoral.com.ar\/este-martes-30-de-noviembre-es-el-dia-nacional-del-mate\/"]}]},{"@type":"ImageObject","inLanguage":"es","@id":"https:\/\/informelitoral.com.ar\/este-martes-30-de-noviembre-es-el-dia-nacional-del-mate\/#primaryimage","url":"https:\/\/informelitoral.com.ar\/%77%70%2d%63%6f%6e%74%65%6e%74\/uploads\/2020\/01\/mate_3.jpg_1150498286.jpg","contentUrl":"https:\/\/informelitoral.com.ar\/%77%70%2d%63%6f%6e%74%65%6e%74\/uploads\/2020\/01\/mate_3.jpg_1150498286.jpg","width":822,"height":548},{"@type":"BreadcrumbList","@id":"https:\/\/informelitoral.com.ar\/este-martes-30-de-noviembre-es-el-dia-nacional-del-mate\/#breadcrumb","itemListElement":[{"@type":"ListItem","position":1,"name":"Portada","item":"https:\/\/informelitoral.com.ar\/"},{"@type":"ListItem","position":2,"name":"Este martes 30 de noviembre es el D\u00eda Nacional del Mate"}]},{"@type":"WebSite","@id":"https:\/\/informelitoral.com.ar\/#website","url":"https:\/\/informelitoral.com.ar\/","name":"Informe Litoral","description":"&quot;Nos informamos&quot; ","publisher":{"@id":"https:\/\/informelitoral.com.ar\/#organization"},"potentialAction":[{"@type":"SearchAction","target":{"@type":"EntryPoint","urlTemplate":"https:\/\/informelitoral.com.ar\/?s={search_term_string}"},"query-input":{"@type":"PropertyValueSpecification","valueRequired":true,"valueName":"search_term_string"}}],"inLanguage":"es"},{"@type":"Organization","@id":"https:\/\/informelitoral.com.ar\/#organization","name":"Informe Litoral","url":"https:\/\/informelitoral.com.ar\/","logo":{"@type":"ImageObject","inLanguage":"es","@id":"https:\/\/informelitoral.com.ar\/#\/schema\/logo\/image\/","url":"https:\/\/informelitoral.com.ar\/%77%70%2d%63%6f%6e%74%65%6e%74\/uploads\/2021\/01\/circulo.png","contentUrl":"https:\/\/informelitoral.com.ar\/%77%70%2d%63%6f%6e%74%65%6e%74\/uploads\/2021\/01\/circulo.png","width":723,"height":731,"caption":"Informe Litoral"},"image":{"@id":"https:\/\/informelitoral.com.ar\/#\/schema\/logo\/image\/"},"sameAs":["https:\/\/www.facebook.com\/informelitoral\/","https:\/\/x.com\/InformeLitoral","https:\/\/www.instagram.com\/informelitoral\/","https:\/\/www.youtube.com\/channel\/UCua4Qvz8Icb6MYqhoq9xLXw"]},{"@type":"Person","@id":"https:\/\/informelitoral.com.ar\/#\/schema\/person\/b9d00407c836482871ef1d57bf8e3180","name":"Gonzalo Schmidt","image":{"@type":"ImageObject","inLanguage":"es","@id":"https:\/\/secure.gravatar.com\/avatar\/31a1a7b66ff2de83bd0e9fd79d026630d2d99e55e8bfe501287647b4fd9743de?s=96&d=mm&r=g","url":"https:\/\/secure.gravatar.com\/avatar\/31a1a7b66ff2de83bd0e9fd79d026630d2d99e55e8bfe501287647b4fd9743de?s=96&d=mm&r=g","contentUrl":"https:\/\/secure.gravatar.com\/avatar\/31a1a7b66ff2de83bd0e9fd79d026630d2d99e55e8bfe501287647b4fd9743de?s=96&d=mm&r=g","caption":"Gonzalo Schmidt"},"description":"Sitio web de noticias de la provincia de Entre R\u00edos, Argentina. Informaci\u00f3n y entretenimiento. Informe Litoral, nos informamos.","sameAs":["http:\/\/www.isletasnoticias.com.ar"],"url":"https:\/\/informelitoral.com.ar\/author\/gonzalo\/"}]}},"_links":{"self":[{"href":"https:\/\/informelitoral.com.ar\/%77%70%2d%6a%73%6f%6e\/wp\/v2\/posts\/68129","targetHints":{"allow":["GET"]}}],"collection":[{"href":"https:\/\/informelitoral.com.ar\/%77%70%2d%6a%73%6f%6e\/wp\/v2\/posts"}],"about":[{"href":"https:\/\/informelitoral.com.ar\/%77%70%2d%6a%73%6f%6e\/wp\/v2\/types\/post"}],"author":[{"embeddable":true,"href":"https:\/\/informelitoral.com.ar\/%77%70%2d%6a%73%6f%6e\/wp\/v2\/users\/2"}],"replies":[{"embeddable":true,"href":"https:\/\/informelitoral.com.ar\/%77%70%2d%6a%73%6f%6e\/wp\/v2\/comments?post=68129"}],"version-history":[{"count":0,"href":"https:\/\/informelitoral.com.ar\/%77%70%2d%6a%73%6f%6e\/wp\/v2\/posts\/68129\/revisions"}],"wp:featuredmedia":[{"embeddable":true,"href":"https:\/\/informelitoral.com.ar\/%77%70%2d%6a%73%6f%6e\/wp\/v2\/media\/39660"}],"wp:attachment":[{"href":"https:\/\/informelitoral.com.ar\/%77%70%2d%6a%73%6f%6e\/wp\/v2\/media?parent=68129"}],"wp:term":[{"taxonomy":"category","embeddable":true,"href":"https:\/\/informelitoral.com.ar\/%77%70%2d%6a%73%6f%6e\/wp\/v2\/categories?post=68129"},{"taxonomy":"post_tag","embeddable":true,"href":"https:\/\/informelitoral.com.ar\/%77%70%2d%6a%73%6f%6e\/wp\/v2\/tags?post=68129"}],"curies":[{"name":"wp","href":"https:\/\/api.w.org\/{rel}","templated":true}]}}