{"id":68126,"date":"2021-11-30T12:21:24","date_gmt":"2021-11-30T15:21:24","guid":{"rendered":"https:\/\/www.informelitoral.com.ar\/?p=68126"},"modified":"2021-11-30T12:21:24","modified_gmt":"2021-11-30T15:21:24","slug":"monotributo-como-quedaran-las-escalas-en-2022","status":"publish","type":"post","link":"https:\/\/informelitoral.com.ar\/monotributo-como-quedaran-las-escalas-en-2022\/","title":{"rendered":"Monotributo: c\u00f3mo quedar\u00e1n las escalas en 2022"},"content":{"rendered":"<p>Desde el s\u00e1bado 1 de enero de 2022\u00a0<strong>comenzar\u00e1n a regir los nuevos topes de facturaci\u00f3n y las cuotas mensuales en el\u00a0monotributo<\/strong>, seg\u00fan informaci\u00f3n brindada por la Administraci\u00f3n Federal de Ingresos P\u00fablicos (AFIP).<\/p>\n<p><strong><u>La actualizaci\u00f3n tributaria en Argentina es compleja<\/u><\/strong>. Es parte de los problemas que ocasionan\u00a0tantos a\u00f1os de alta inflaci\u00f3n. Seg\u00fan el impuesto se aplican diferentes \u00edndices para la actualizaci\u00f3n. Mientras el impuesto a las ganancias se actualiza seg\u00fan la\u00a0evoluci\u00f3n de los salarios,\u00a0<strong>el monotributo se ajusta seg\u00fan el incremento acumulado en el a\u00f1o previo de las jubilaciones y pensiones del sistema previsional a cargo de la\u00a0Anses.<\/strong><\/p>\n<p><strong>Tanto las escalas como las cuotas que deben pagar los contribuyentes aumentar\u00e1n un 52,67%<\/strong>en l\u00ednea con la norma de ajuste autom\u00e1tico que at\u00f3 desde 2018 la evoluci\u00f3n de los topes de facturaci\u00f3n y del impuesto al \u00edndice con el que se calculan las jubilaciones y asignaciones familiares.<\/p>\n<h2 id=\"h-cuotas-a-pagar\"><strong>Cuotas a pagar<\/strong><\/h2>\n<p>Desde enero, la categor\u00eda m\u00e1s baja del monotributo<strong>,<\/strong><strong>\u00a0la A<\/strong><strong>,<\/strong><strong>\u00a0pagar\u00e1 $349,05 de impuestos, otros $ 1.540 de aportes al SIPA y $ 2.150 de obra social, un total de $ 4039 por mes.<\/strong><\/p>\n<p>Por su parte, todos los contribuyentes de la categor\u00eda B pasar\u00e1n de pagar<strong>\u00a0$ 2958 de cuota a $ 4517.<\/strong>La cuota de la \u00faltima escala permitida<strong>, la H, pasa para servicios de $ 12.789 a $ 19.525.<\/strong><\/p>\n<p>Sasovsky agreg\u00f3: \u00abSi los valores no\u00a0<strong>se ajustan por la\u00a0inflaci\u00f3n<\/strong>, dejan de marcar la realidad y se convierten en una injusticia, dado que se terminar\u00eda alcanzando algo diferente a la\u00a0real capacidad contributiva de cada persona\u00bb.<\/p>\n<h2 id=\"h-nuevos-topes\"><strong>Nuevos topes\u00a0<\/strong><\/h2>\n<p>En 2022, la facturaci\u00f3n m\u00e1xima para ingresar o mantenerse en el esquema impositivo simplificado<strong><u>\u00a0ser\u00e1 de $3.969.420 anuales si la actividad es de servicios.<\/u><\/strong><\/p>\n<p>Para poder utilizar la nueva tabla,\u00a0<strong><u>los monotributistas tendr\u00e1n tiempo hasta el 21 de enero para realizar la recategorizaci\u00f3n<\/u><\/strong>. Es seg\u00fan el nivel de facturaci\u00f3n de 2021 y se puede pasar tanto a categor\u00edas inferiores como superiores.<\/p>\n<h2 id=\"h-escalas\"><strong>Escalas<\/strong><\/h2>\n<ul>\n<li><strong>Categor\u00eda A<\/strong>: pasa de $370.000 a un l\u00edmite de facturaci\u00f3n de<strong>\u00a0$564.879 anuales, lo que significan cerca de\u00a0$47.000 por mes<\/strong><\/li>\n<li><strong>Categor\u00eda B<\/strong>: pasa de $550.000 a un tope de\u00a0<strong>$839.685<\/strong><\/li>\n<li><strong>Categor\u00eda C<\/strong>: pasa de $770.000 a\u00a0<strong>$1.175.559<\/strong><\/li>\n<li><strong>Categor\u00eda D<\/strong>: el monto m\u00e1ximo subir\u00e1<strong>\u00a0$1.618.302<\/strong>cuando erade $1.060.000.<\/li>\n<li><strong>Categor\u00eda E<\/strong>: desde enero quedar\u00e1 en<strong>\u00a0$2.137.380<\/strong><\/li>\n<li><strong>Categor\u00eda F<\/strong>: el m\u00e1ximo pasar\u00e1 de $1.750.000 a\u00a0<strong>$2.671.725<\/strong><\/li>\n<li><strong>Categor\u00eda G<\/strong>: el tope de facturaci\u00f3n aumenta desde $2.100.000 hasta\u00a0<strong>$3.206.070<\/strong><\/li>\n<li><strong>Categor\u00eda H<\/strong>: es la m\u00e1s alta para quienes venden servicios y el l\u00edmite de facturaci\u00f3n pasar\u00e1 de $2.600.000 a\u00a0<strong>$3.969.420.<\/strong><em>\u00a0(Fuente: Cronista)<\/em><\/li>\n<\/ul>\n","protected":false},"excerpt":{"rendered":"<p>Seg\u00fan trascendi\u00f3, el incremento que aplicar\u00e1 la AFIP, ser\u00eda de 52,7% en las cuotas del monotributo a partir de enero 2022.<\/p>\n","protected":false},"author":2,"featured_media":19875,"comment_status":"open","ping_status":"open","sticky":false,"template":"","format":"standard","meta":{"fifu_image_url":"","fifu_image_alt":"","footnotes":""},"categories":[7],"tags":[158,2462,605],"class_list":{"0":"post-68126","1":"post","2":"type-post","3":"status-publish","4":"format-standard","5":"has-post-thumbnail","7":"category-nacionales","8":"tag-afip","9":"tag-monotributistas","10":"tag-monotributo"},"yoast_head":"<title>Monotributo: c\u00f3mo quedar\u00e1n las escalas en 2022 - Informe Litoral<\/title>\n<meta name=\"robots\" content=\"index, follow, max-snippet:-1, max-image-preview:large, max-video-preview:-1\" \/>\n<link rel=\"canonical\" href=\"https:\/\/informelitoral.com.ar\/monotributo-como-quedaran-las-escalas-en-2022\/\" \/>\n<meta property=\"og:locale\" content=\"es_ES\" \/>\n<meta property=\"og:type\" content=\"article\" \/>\n<meta property=\"og:title\" content=\"Monotributo: c\u00f3mo quedar\u00e1n las escalas en 2022 - Informe Litoral\" \/>\n<meta property=\"og:description\" content=\"Seg\u00fan trascendi\u00f3, el incremento que aplicar\u00e1 la AFIP, ser\u00eda de 52,7% en las cuotas del monotributo a partir de enero 2022.\" \/>\n<meta property=\"og:url\" content=\"https:\/\/informelitoral.com.ar\/monotributo-como-quedaran-las-escalas-en-2022\/\" \/>\n<meta property=\"og:site_name\" content=\"Informe Litoral\" \/>\n<meta property=\"article:publisher\" content=\"https:\/\/www.facebook.com\/informelitoral\/\" \/>\n<meta property=\"article:published_time\" content=\"2021-11-30T15:21:24+00:00\" \/>\n<meta property=\"og:image\" content=\"https:\/\/informelitoral.com.ar\/%77%70%2d%63%6f%6e%74%65%6e%74\/uploads\/2017\/01\/monotributo.jpg_258117318.jpg\" \/>\n\t<meta property=\"og:image:width\" content=\"829\" \/>\n\t<meta property=\"og:image:height\" content=\"466\" \/>\n\t<meta property=\"og:image:type\" content=\"image\/jpeg\" \/>\n<meta name=\"author\" content=\"Gonzalo Schmidt\" \/>\n<meta name=\"twitter:card\" content=\"summary_large_image\" \/>\n<meta name=\"twitter:creator\" content=\"@InformeLitoral\" \/>\n<meta name=\"twitter:site\" content=\"@InformeLitoral\" \/>\n<meta name=\"twitter:label1\" content=\"Escrito por\" \/>\n\t<meta name=\"twitter:data1\" content=\"Gonzalo Schmidt\" \/>\n\t<meta name=\"twitter:label2\" content=\"Tiempo de lectura\" \/>\n\t<meta name=\"twitter:data2\" content=\"2 minutos\" \/>\n<script type=\"application\/ld+json\" class=\"yoast-schema-graph\">{\"@context\":\"https:\\\/\\\/schema.org\",\"@graph\":[{\"@type\":\"Article\",\"@id\":\"https:\\\/\\\/informelitoral.com.ar\\\/monotributo-como-quedaran-las-escalas-en-2022\\\/#article\",\"isPartOf\":{\"@id\":\"https:\\\/\\\/informelitoral.com.ar\\\/monotributo-como-quedaran-las-escalas-en-2022\\\/\"},\"author\":{\"name\":\"Gonzalo Schmidt\",\"@id\":\"https:\\\/\\\/informelitoral.com.ar\\\/#\\\/schema\\\/person\\\/b9d00407c836482871ef1d57bf8e3180\"},\"headline\":\"Monotributo: c\u00f3mo quedar\u00e1n las escalas en 2022\",\"datePublished\":\"2021-11-30T15:21:24+00:00\",\"mainEntityOfPage\":{\"@id\":\"https:\\\/\\\/informelitoral.com.ar\\\/monotributo-como-quedaran-las-escalas-en-2022\\\/\"},\"wordCount\":442,\"commentCount\":0,\"publisher\":{\"@id\":\"https:\\\/\\\/informelitoral.com.ar\\\/#organization\"},\"image\":{\"@id\":\"https:\\\/\\\/informelitoral.com.ar\\\/monotributo-como-quedaran-las-escalas-en-2022\\\/#primaryimage\"},\"thumbnailUrl\":\"https:\\\/\\\/informelitoral.com.ar\\\/%77%70%2d%63%6f%6e%74%65%6e%74\\\/uploads\\\/2017\\\/01\\\/monotributo.jpg_258117318.jpg\",\"keywords\":[\"AFIP\",\"Monotributistas\",\"Monotributo\"],\"articleSection\":[\"Nacionales\"],\"inLanguage\":\"es\",\"potentialAction\":[{\"@type\":\"CommentAction\",\"name\":\"Comment\",\"target\":[\"https:\\\/\\\/informelitoral.com.ar\\\/monotributo-como-quedaran-las-escalas-en-2022\\\/#respond\"]}]},{\"@type\":\"WebPage\",\"@id\":\"https:\\\/\\\/informelitoral.com.ar\\\/monotributo-como-quedaran-las-escalas-en-2022\\\/\",\"url\":\"https:\\\/\\\/informelitoral.com.ar\\\/monotributo-como-quedaran-las-escalas-en-2022\\\/\",\"name\":\"Monotributo: c\u00f3mo quedar\u00e1n las escalas en 2022 - Informe Litoral\",\"isPartOf\":{\"@id\":\"https:\\\/\\\/informelitoral.com.ar\\\/#website\"},\"primaryImageOfPage\":{\"@id\":\"https:\\\/\\\/informelitoral.com.ar\\\/monotributo-como-quedaran-las-escalas-en-2022\\\/#primaryimage\"},\"image\":{\"@id\":\"https:\\\/\\\/informelitoral.com.ar\\\/monotributo-como-quedaran-las-escalas-en-2022\\\/#primaryimage\"},\"thumbnailUrl\":\"https:\\\/\\\/informelitoral.com.ar\\\/%77%70%2d%63%6f%6e%74%65%6e%74\\\/uploads\\\/2017\\\/01\\\/monotributo.jpg_258117318.jpg\",\"datePublished\":\"2021-11-30T15:21:24+00:00\",\"breadcrumb\":{\"@id\":\"https:\\\/\\\/informelitoral.com.ar\\\/monotributo-como-quedaran-las-escalas-en-2022\\\/#breadcrumb\"},\"inLanguage\":\"es\",\"potentialAction\":[{\"@type\":\"ReadAction\",\"target\":[\"https:\\\/\\\/informelitoral.com.ar\\\/monotributo-como-quedaran-las-escalas-en-2022\\\/\"]}]},{\"@type\":\"ImageObject\",\"inLanguage\":\"es\",\"@id\":\"https:\\\/\\\/informelitoral.com.ar\\\/monotributo-como-quedaran-las-escalas-en-2022\\\/#primaryimage\",\"url\":\"https:\\\/\\\/informelitoral.com.ar\\\/%77%70%2d%63%6f%6e%74%65%6e%74\\\/uploads\\\/2017\\\/01\\\/monotributo.jpg_258117318.jpg\",\"contentUrl\":\"https:\\\/\\\/informelitoral.com.ar\\\/%77%70%2d%63%6f%6e%74%65%6e%74\\\/uploads\\\/2017\\\/01\\\/monotributo.jpg_258117318.jpg\",\"width\":829,\"height\":466},{\"@type\":\"BreadcrumbList\",\"@id\":\"https:\\\/\\\/informelitoral.com.ar\\\/monotributo-como-quedaran-las-escalas-en-2022\\\/#breadcrumb\",\"itemListElement\":[{\"@type\":\"ListItem\",\"position\":1,\"name\":\"Portada\",\"item\":\"https:\\\/\\\/informelitoral.com.ar\\\/\"},{\"@type\":\"ListItem\",\"position\":2,\"name\":\"Monotributo: c\u00f3mo quedar\u00e1n las escalas en 2022\"}]},{\"@type\":\"WebSite\",\"@id\":\"https:\\\/\\\/informelitoral.com.ar\\\/#website\",\"url\":\"https:\\\/\\\/informelitoral.com.ar\\\/\",\"name\":\"Informe Litoral\",\"description\":\"&quot;Nos informamos&quot; \",\"publisher\":{\"@id\":\"https:\\\/\\\/informelitoral.com.ar\\\/#organization\"},\"potentialAction\":[{\"@type\":\"SearchAction\",\"target\":{\"@type\":\"EntryPoint\",\"urlTemplate\":\"https:\\\/\\\/informelitoral.com.ar\\\/?s={search_term_string}\"},\"query-input\":{\"@type\":\"PropertyValueSpecification\",\"valueRequired\":true,\"valueName\":\"search_term_string\"}}],\"inLanguage\":\"es\"},{\"@type\":\"Organization\",\"@id\":\"https:\\\/\\\/informelitoral.com.ar\\\/#organization\",\"name\":\"Informe Litoral\",\"url\":\"https:\\\/\\\/informelitoral.com.ar\\\/\",\"logo\":{\"@type\":\"ImageObject\",\"inLanguage\":\"es\",\"@id\":\"https:\\\/\\\/informelitoral.com.ar\\\/#\\\/schema\\\/logo\\\/image\\\/\",\"url\":\"https:\\\/\\\/informelitoral.com.ar\\\/%77%70%2d%63%6f%6e%74%65%6e%74\\\/uploads\\\/2021\\\/01\\\/circulo.png\",\"contentUrl\":\"https:\\\/\\\/informelitoral.com.ar\\\/%77%70%2d%63%6f%6e%74%65%6e%74\\\/uploads\\\/2021\\\/01\\\/circulo.png\",\"width\":723,\"height\":731,\"caption\":\"Informe Litoral\"},\"image\":{\"@id\":\"https:\\\/\\\/informelitoral.com.ar\\\/#\\\/schema\\\/logo\\\/image\\\/\"},\"sameAs\":[\"https:\\\/\\\/www.facebook.com\\\/informelitoral\\\/\",\"https:\\\/\\\/x.com\\\/InformeLitoral\",\"https:\\\/\\\/www.instagram.com\\\/informelitoral\\\/\",\"https:\\\/\\\/www.youtube.com\\\/channel\\\/UCua4Qvz8Icb6MYqhoq9xLXw\"]},{\"@type\":\"Person\",\"@id\":\"https:\\\/\\\/informelitoral.com.ar\\\/#\\\/schema\\\/person\\\/b9d00407c836482871ef1d57bf8e3180\",\"name\":\"Gonzalo Schmidt\",\"image\":{\"@type\":\"ImageObject\",\"inLanguage\":\"es\",\"@id\":\"https:\\\/\\\/secure.gravatar.com\\\/avatar\\\/31a1a7b66ff2de83bd0e9fd79d026630d2d99e55e8bfe501287647b4fd9743de?s=96&d=mm&r=g\",\"url\":\"https:\\\/\\\/secure.gravatar.com\\\/avatar\\\/31a1a7b66ff2de83bd0e9fd79d026630d2d99e55e8bfe501287647b4fd9743de?s=96&d=mm&r=g\",\"contentUrl\":\"https:\\\/\\\/secure.gravatar.com\\\/avatar\\\/31a1a7b66ff2de83bd0e9fd79d026630d2d99e55e8bfe501287647b4fd9743de?s=96&d=mm&r=g\",\"caption\":\"Gonzalo Schmidt\"},\"description\":\"Sitio web de noticias de la provincia de Entre R\u00edos, Argentina. Informaci\u00f3n y entretenimiento. Informe Litoral, nos informamos.\",\"sameAs\":[\"http:\\\/\\\/www.isletasnoticias.com.ar\"],\"url\":\"https:\\\/\\\/informelitoral.com.ar\\\/author\\\/gonzalo\\\/\"}]}<\/script>","yoast_head_json":{"title":"Monotributo: c\u00f3mo quedar\u00e1n las escalas en 2022 - Informe Litoral","robots":{"index":"index","follow":"follow","max-snippet":"max-snippet:-1","max-image-preview":"max-image-preview:large","max-video-preview":"max-video-preview:-1"},"canonical":"https:\/\/informelitoral.com.ar\/monotributo-como-quedaran-las-escalas-en-2022\/","og_locale":"es_ES","og_type":"article","og_title":"Monotributo: c\u00f3mo quedar\u00e1n las escalas en 2022 - Informe Litoral","og_description":"Seg\u00fan trascendi\u00f3, el incremento que aplicar\u00e1 la AFIP, ser\u00eda de 52,7% en las cuotas del monotributo a partir de enero 2022.","og_url":"https:\/\/informelitoral.com.ar\/monotributo-como-quedaran-las-escalas-en-2022\/","og_site_name":"Informe Litoral","article_publisher":"https:\/\/www.facebook.com\/informelitoral\/","article_published_time":"2021-11-30T15:21:24+00:00","og_image":[{"width":829,"height":466,"url":"https:\/\/informelitoral.com.ar\/%77%70%2d%63%6f%6e%74%65%6e%74\/uploads\/2017\/01\/monotributo.jpg_258117318.jpg","type":"image\/jpeg"}],"author":"Gonzalo Schmidt","twitter_card":"summary_large_image","twitter_creator":"@InformeLitoral","twitter_site":"@InformeLitoral","twitter_misc":{"Escrito por":"Gonzalo Schmidt","Tiempo de lectura":"2 minutos"},"schema":{"@context":"https:\/\/schema.org","@graph":[{"@type":"Article","@id":"https:\/\/informelitoral.com.ar\/monotributo-como-quedaran-las-escalas-en-2022\/#article","isPartOf":{"@id":"https:\/\/informelitoral.com.ar\/monotributo-como-quedaran-las-escalas-en-2022\/"},"author":{"name":"Gonzalo Schmidt","@id":"https:\/\/informelitoral.com.ar\/#\/schema\/person\/b9d00407c836482871ef1d57bf8e3180"},"headline":"Monotributo: c\u00f3mo quedar\u00e1n las escalas en 2022","datePublished":"2021-11-30T15:21:24+00:00","mainEntityOfPage":{"@id":"https:\/\/informelitoral.com.ar\/monotributo-como-quedaran-las-escalas-en-2022\/"},"wordCount":442,"commentCount":0,"publisher":{"@id":"https:\/\/informelitoral.com.ar\/#organization"},"image":{"@id":"https:\/\/informelitoral.com.ar\/monotributo-como-quedaran-las-escalas-en-2022\/#primaryimage"},"thumbnailUrl":"https:\/\/informelitoral.com.ar\/%77%70%2d%63%6f%6e%74%65%6e%74\/uploads\/2017\/01\/monotributo.jpg_258117318.jpg","keywords":["AFIP","Monotributistas","Monotributo"],"articleSection":["Nacionales"],"inLanguage":"es","potentialAction":[{"@type":"CommentAction","name":"Comment","target":["https:\/\/informelitoral.com.ar\/monotributo-como-quedaran-las-escalas-en-2022\/#respond"]}]},{"@type":"WebPage","@id":"https:\/\/informelitoral.com.ar\/monotributo-como-quedaran-las-escalas-en-2022\/","url":"https:\/\/informelitoral.com.ar\/monotributo-como-quedaran-las-escalas-en-2022\/","name":"Monotributo: c\u00f3mo quedar\u00e1n las escalas en 2022 - Informe Litoral","isPartOf":{"@id":"https:\/\/informelitoral.com.ar\/#website"},"primaryImageOfPage":{"@id":"https:\/\/informelitoral.com.ar\/monotributo-como-quedaran-las-escalas-en-2022\/#primaryimage"},"image":{"@id":"https:\/\/informelitoral.com.ar\/monotributo-como-quedaran-las-escalas-en-2022\/#primaryimage"},"thumbnailUrl":"https:\/\/informelitoral.com.ar\/%77%70%2d%63%6f%6e%74%65%6e%74\/uploads\/2017\/01\/monotributo.jpg_258117318.jpg","datePublished":"2021-11-30T15:21:24+00:00","breadcrumb":{"@id":"https:\/\/informelitoral.com.ar\/monotributo-como-quedaran-las-escalas-en-2022\/#breadcrumb"},"inLanguage":"es","potentialAction":[{"@type":"ReadAction","target":["https:\/\/informelitoral.com.ar\/monotributo-como-quedaran-las-escalas-en-2022\/"]}]},{"@type":"ImageObject","inLanguage":"es","@id":"https:\/\/informelitoral.com.ar\/monotributo-como-quedaran-las-escalas-en-2022\/#primaryimage","url":"https:\/\/informelitoral.com.ar\/%77%70%2d%63%6f%6e%74%65%6e%74\/uploads\/2017\/01\/monotributo.jpg_258117318.jpg","contentUrl":"https:\/\/informelitoral.com.ar\/%77%70%2d%63%6f%6e%74%65%6e%74\/uploads\/2017\/01\/monotributo.jpg_258117318.jpg","width":829,"height":466},{"@type":"BreadcrumbList","@id":"https:\/\/informelitoral.com.ar\/monotributo-como-quedaran-las-escalas-en-2022\/#breadcrumb","itemListElement":[{"@type":"ListItem","position":1,"name":"Portada","item":"https:\/\/informelitoral.com.ar\/"},{"@type":"ListItem","position":2,"name":"Monotributo: c\u00f3mo quedar\u00e1n las escalas en 2022"}]},{"@type":"WebSite","@id":"https:\/\/informelitoral.com.ar\/#website","url":"https:\/\/informelitoral.com.ar\/","name":"Informe Litoral","description":"&quot;Nos informamos&quot; ","publisher":{"@id":"https:\/\/informelitoral.com.ar\/#organization"},"potentialAction":[{"@type":"SearchAction","target":{"@type":"EntryPoint","urlTemplate":"https:\/\/informelitoral.com.ar\/?s={search_term_string}"},"query-input":{"@type":"PropertyValueSpecification","valueRequired":true,"valueName":"search_term_string"}}],"inLanguage":"es"},{"@type":"Organization","@id":"https:\/\/informelitoral.com.ar\/#organization","name":"Informe Litoral","url":"https:\/\/informelitoral.com.ar\/","logo":{"@type":"ImageObject","inLanguage":"es","@id":"https:\/\/informelitoral.com.ar\/#\/schema\/logo\/image\/","url":"https:\/\/informelitoral.com.ar\/%77%70%2d%63%6f%6e%74%65%6e%74\/uploads\/2021\/01\/circulo.png","contentUrl":"https:\/\/informelitoral.com.ar\/%77%70%2d%63%6f%6e%74%65%6e%74\/uploads\/2021\/01\/circulo.png","width":723,"height":731,"caption":"Informe Litoral"},"image":{"@id":"https:\/\/informelitoral.com.ar\/#\/schema\/logo\/image\/"},"sameAs":["https:\/\/www.facebook.com\/informelitoral\/","https:\/\/x.com\/InformeLitoral","https:\/\/www.instagram.com\/informelitoral\/","https:\/\/www.youtube.com\/channel\/UCua4Qvz8Icb6MYqhoq9xLXw"]},{"@type":"Person","@id":"https:\/\/informelitoral.com.ar\/#\/schema\/person\/b9d00407c836482871ef1d57bf8e3180","name":"Gonzalo Schmidt","image":{"@type":"ImageObject","inLanguage":"es","@id":"https:\/\/secure.gravatar.com\/avatar\/31a1a7b66ff2de83bd0e9fd79d026630d2d99e55e8bfe501287647b4fd9743de?s=96&d=mm&r=g","url":"https:\/\/secure.gravatar.com\/avatar\/31a1a7b66ff2de83bd0e9fd79d026630d2d99e55e8bfe501287647b4fd9743de?s=96&d=mm&r=g","contentUrl":"https:\/\/secure.gravatar.com\/avatar\/31a1a7b66ff2de83bd0e9fd79d026630d2d99e55e8bfe501287647b4fd9743de?s=96&d=mm&r=g","caption":"Gonzalo Schmidt"},"description":"Sitio web de noticias de la provincia de Entre R\u00edos, Argentina. Informaci\u00f3n y entretenimiento. Informe Litoral, nos informamos.","sameAs":["http:\/\/www.isletasnoticias.com.ar"],"url":"https:\/\/informelitoral.com.ar\/author\/gonzalo\/"}]}},"_links":{"self":[{"href":"https:\/\/informelitoral.com.ar\/%77%70%2d%6a%73%6f%6e\/wp\/v2\/posts\/68126","targetHints":{"allow":["GET"]}}],"collection":[{"href":"https:\/\/informelitoral.com.ar\/%77%70%2d%6a%73%6f%6e\/wp\/v2\/posts"}],"about":[{"href":"https:\/\/informelitoral.com.ar\/%77%70%2d%6a%73%6f%6e\/wp\/v2\/types\/post"}],"author":[{"embeddable":true,"href":"https:\/\/informelitoral.com.ar\/%77%70%2d%6a%73%6f%6e\/wp\/v2\/users\/2"}],"replies":[{"embeddable":true,"href":"https:\/\/informelitoral.com.ar\/%77%70%2d%6a%73%6f%6e\/wp\/v2\/comments?post=68126"}],"version-history":[{"count":0,"href":"https:\/\/informelitoral.com.ar\/%77%70%2d%6a%73%6f%6e\/wp\/v2\/posts\/68126\/revisions"}],"wp:featuredmedia":[{"embeddable":true,"href":"https:\/\/informelitoral.com.ar\/%77%70%2d%6a%73%6f%6e\/wp\/v2\/media\/19875"}],"wp:attachment":[{"href":"https:\/\/informelitoral.com.ar\/%77%70%2d%6a%73%6f%6e\/wp\/v2\/media?parent=68126"}],"wp:term":[{"taxonomy":"category","embeddable":true,"href":"https:\/\/informelitoral.com.ar\/%77%70%2d%6a%73%6f%6e\/wp\/v2\/categories?post=68126"},{"taxonomy":"post_tag","embeddable":true,"href":"https:\/\/informelitoral.com.ar\/%77%70%2d%6a%73%6f%6e\/wp\/v2\/tags?post=68126"}],"curies":[{"name":"wp","href":"https:\/\/api.w.org\/{rel}","templated":true}]}}