{"id":68082,"date":"2021-11-29T20:10:46","date_gmt":"2021-11-29T23:10:46","guid":{"rendered":"https:\/\/www.informelitoral.com.ar\/?p=68082"},"modified":"2021-11-29T20:10:46","modified_gmt":"2021-11-29T23:10:46","slug":"messi-gano-su-septimo-balon-de-oro-y-se-lo-dedico-a-la-seleccion-argentina","status":"publish","type":"post","link":"https:\/\/informelitoral.com.ar\/messi-gano-su-septimo-balon-de-oro-y-se-lo-dedico-a-la-seleccion-argentina\/","title":{"rendered":"Messi gan\u00f3 su s\u00e9ptimo Bal\u00f3n de oro y se lo dedic\u00f3 a la Selecci\u00f3n Argentina"},"content":{"rendered":"<p>Lionel Messi se qued\u00f3 este lunes con el Bal\u00f3n de Oro al mejor jugador de la temporada 2020\/21. Con esto, el delantero del Par\u00eds Saint-Germain (PSG) alcanz\u00f3 su s\u00e9ptimo galard\u00f3n y estir\u00f3 a dos la diferencia con Cristiano Ronaldo, quien no estuvo en la gala.<\/p>\n<p>En un evento celebrado en el Teatro del Ch\u00e2telet de Par\u00eds y presentado por Didier Drogba y Sandy Heribert, el argentino fue la gran estrella de una noche m\u00e1gica que comparti\u00f3 con su esposa, Antonela, y sus hijos, Thiago, Mateo y Ciro, que lucieron un traje similar al suyo.<\/p>\n<p>\u201cVarias veces gan\u00e9 este premio pero siempre sent\u00eda que me faltaba algo. Y este a\u00f1o pude conseguir el sue\u00f1o que tanto esperaba. Despu\u00e9s de tanto, lo logramos en la Copa Am\u00e9rica. Por eso quiero compartirlo con mis compa\u00f1eros de la Selecci\u00f3n Argentina. Tambi\u00e9n para quienes fueron mis compa\u00f1eros en el Barcelona y los que son ahora mis compa\u00f1eros en el Par\u00eds\u201d, destac\u00f3 Lionel Messi en su discurso de agradecimiento.<\/p>\n<p>En la temporada, el ex Barcelona hab\u00eda conquistado al Copa del Rey con el cuadro espa\u00f1ol y la Copa Am\u00e9rica con la selecci\u00f3n argentina, al ganarle a Brasil en la final disputada en el Maracan\u00e1. Adem\u00e1s, fue parte del equipo Ideal de la Champions League y fue el m\u00e1ximo golador de La Liga.<\/p>\n","protected":false},"excerpt":{"rendered":"<p>\u201cVarias veces gan\u00e9 este premio pero siempre sent\u00eda que me faltaba algo\u201d, dijo en relaci\u00f3n a su participaci\u00f3n en la Copa Am\u00e9rica.<\/p>\n","protected":false},"author":8,"featured_media":68083,"comment_status":"open","ping_status":"open","sticky":false,"template":"","format":"standard","meta":{"fifu_image_url":"","fifu_image_alt":"","footnotes":""},"categories":[13],"tags":[2594,58,1255],"class_list":{"0":"post-68082","1":"post","2":"type-post","3":"status-publish","4":"format-standard","5":"has-post-thumbnail","7":"category-deportes","8":"tag-balon-de-oro","9":"tag-deportes","10":"tag-lionel-messi"},"yoast_head":"<title>Messi gan\u00f3 su s\u00e9ptimo Bal\u00f3n de oro y se lo dedic\u00f3 a la Selecci\u00f3n Argentina - Informe Litoral<\/title>\n<meta name=\"robots\" content=\"index, follow, max-snippet:-1, max-image-preview:large, max-video-preview:-1\" \/>\n<link rel=\"canonical\" href=\"https:\/\/informelitoral.com.ar\/messi-gano-su-septimo-balon-de-oro-y-se-lo-dedico-a-la-seleccion-argentina\/\" \/>\n<meta property=\"og:locale\" content=\"es_ES\" \/>\n<meta property=\"og:type\" content=\"article\" \/>\n<meta property=\"og:title\" content=\"Messi gan\u00f3 su s\u00e9ptimo Bal\u00f3n de oro y se lo dedic\u00f3 a la Selecci\u00f3n Argentina - Informe Litoral\" \/>\n<meta property=\"og:description\" content=\"\u201cVarias veces gan\u00e9 este premio pero siempre sent\u00eda que me faltaba algo\u201d, dijo en relaci\u00f3n a su participaci\u00f3n en la Copa Am\u00e9rica.\" \/>\n<meta property=\"og:url\" content=\"https:\/\/informelitoral.com.ar\/messi-gano-su-septimo-balon-de-oro-y-se-lo-dedico-a-la-seleccion-argentina\/\" \/>\n<meta property=\"og:site_name\" content=\"Informe Litoral\" \/>\n<meta property=\"article:publisher\" content=\"https:\/\/www.facebook.com\/informelitoral\/\" \/>\n<meta property=\"article:published_time\" content=\"2021-11-29T23:10:46+00:00\" \/>\n<meta property=\"og:image\" content=\"https:\/\/informelitoral.com.ar\/%77%70%2d%63%6f%6e%74%65%6e%74\/uploads\/2021\/11\/liom4.jpeg\" \/>\n\t<meta property=\"og:image:width\" content=\"969\" \/>\n\t<meta property=\"og:image:height\" content=\"559\" \/>\n\t<meta property=\"og:image:type\" content=\"image\/jpeg\" \/>\n<meta name=\"author\" content=\"Sebastian\" \/>\n<meta name=\"twitter:card\" content=\"summary_large_image\" \/>\n<meta name=\"twitter:creator\" content=\"@InformeLitoral\" \/>\n<meta name=\"twitter:site\" content=\"@InformeLitoral\" \/>\n<meta name=\"twitter:label1\" content=\"Escrito por\" \/>\n\t<meta name=\"twitter:data1\" content=\"Sebastian\" \/>\n\t<meta name=\"twitter:label2\" content=\"Tiempo de lectura\" \/>\n\t<meta name=\"twitter:data2\" content=\"1 minuto\" \/>\n<script type=\"application\/ld+json\" class=\"yoast-schema-graph\">{\"@context\":\"https:\\\/\\\/schema.org\",\"@graph\":[{\"@type\":\"Article\",\"@id\":\"https:\\\/\\\/informelitoral.com.ar\\\/messi-gano-su-septimo-balon-de-oro-y-se-lo-dedico-a-la-seleccion-argentina\\\/#article\",\"isPartOf\":{\"@id\":\"https:\\\/\\\/informelitoral.com.ar\\\/messi-gano-su-septimo-balon-de-oro-y-se-lo-dedico-a-la-seleccion-argentina\\\/\"},\"author\":{\"name\":\"Sebastian\",\"@id\":\"https:\\\/\\\/informelitoral.com.ar\\\/#\\\/schema\\\/person\\\/f05f9f461677119578717524b127d6d5\"},\"headline\":\"Messi gan\u00f3 su s\u00e9ptimo Bal\u00f3n de oro y se lo dedic\u00f3 a la Selecci\u00f3n Argentina\",\"datePublished\":\"2021-11-29T23:10:46+00:00\",\"mainEntityOfPage\":{\"@id\":\"https:\\\/\\\/informelitoral.com.ar\\\/messi-gano-su-septimo-balon-de-oro-y-se-lo-dedico-a-la-seleccion-argentina\\\/\"},\"wordCount\":257,\"commentCount\":0,\"publisher\":{\"@id\":\"https:\\\/\\\/informelitoral.com.ar\\\/#organization\"},\"image\":{\"@id\":\"https:\\\/\\\/informelitoral.com.ar\\\/messi-gano-su-septimo-balon-de-oro-y-se-lo-dedico-a-la-seleccion-argentina\\\/#primaryimage\"},\"thumbnailUrl\":\"https:\\\/\\\/informelitoral.com.ar\\\/%77%70%2d%63%6f%6e%74%65%6e%74\\\/uploads\\\/2021\\\/11\\\/liom4.jpeg\",\"keywords\":[\"Bal\u00f3n de Oro\",\"Deportes\",\"Lionel Messi\"],\"articleSection\":[\"Deportes\"],\"inLanguage\":\"es\",\"potentialAction\":[{\"@type\":\"CommentAction\",\"name\":\"Comment\",\"target\":[\"https:\\\/\\\/informelitoral.com.ar\\\/messi-gano-su-septimo-balon-de-oro-y-se-lo-dedico-a-la-seleccion-argentina\\\/#respond\"]}]},{\"@type\":\"WebPage\",\"@id\":\"https:\\\/\\\/informelitoral.com.ar\\\/messi-gano-su-septimo-balon-de-oro-y-se-lo-dedico-a-la-seleccion-argentina\\\/\",\"url\":\"https:\\\/\\\/informelitoral.com.ar\\\/messi-gano-su-septimo-balon-de-oro-y-se-lo-dedico-a-la-seleccion-argentina\\\/\",\"name\":\"Messi gan\u00f3 su s\u00e9ptimo Bal\u00f3n de oro y se lo dedic\u00f3 a la Selecci\u00f3n Argentina - Informe Litoral\",\"isPartOf\":{\"@id\":\"https:\\\/\\\/informelitoral.com.ar\\\/#website\"},\"primaryImageOfPage\":{\"@id\":\"https:\\\/\\\/informelitoral.com.ar\\\/messi-gano-su-septimo-balon-de-oro-y-se-lo-dedico-a-la-seleccion-argentina\\\/#primaryimage\"},\"image\":{\"@id\":\"https:\\\/\\\/informelitoral.com.ar\\\/messi-gano-su-septimo-balon-de-oro-y-se-lo-dedico-a-la-seleccion-argentina\\\/#primaryimage\"},\"thumbnailUrl\":\"https:\\\/\\\/informelitoral.com.ar\\\/%77%70%2d%63%6f%6e%74%65%6e%74\\\/uploads\\\/2021\\\/11\\\/liom4.jpeg\",\"datePublished\":\"2021-11-29T23:10:46+00:00\",\"breadcrumb\":{\"@id\":\"https:\\\/\\\/informelitoral.com.ar\\\/messi-gano-su-septimo-balon-de-oro-y-se-lo-dedico-a-la-seleccion-argentina\\\/#breadcrumb\"},\"inLanguage\":\"es\",\"potentialAction\":[{\"@type\":\"ReadAction\",\"target\":[\"https:\\\/\\\/informelitoral.com.ar\\\/messi-gano-su-septimo-balon-de-oro-y-se-lo-dedico-a-la-seleccion-argentina\\\/\"]}]},{\"@type\":\"ImageObject\",\"inLanguage\":\"es\",\"@id\":\"https:\\\/\\\/informelitoral.com.ar\\\/messi-gano-su-septimo-balon-de-oro-y-se-lo-dedico-a-la-seleccion-argentina\\\/#primaryimage\",\"url\":\"https:\\\/\\\/informelitoral.com.ar\\\/%77%70%2d%63%6f%6e%74%65%6e%74\\\/uploads\\\/2021\\\/11\\\/liom4.jpeg\",\"contentUrl\":\"https:\\\/\\\/informelitoral.com.ar\\\/%77%70%2d%63%6f%6e%74%65%6e%74\\\/uploads\\\/2021\\\/11\\\/liom4.jpeg\",\"width\":969,\"height\":559},{\"@type\":\"BreadcrumbList\",\"@id\":\"https:\\\/\\\/informelitoral.com.ar\\\/messi-gano-su-septimo-balon-de-oro-y-se-lo-dedico-a-la-seleccion-argentina\\\/#breadcrumb\",\"itemListElement\":[{\"@type\":\"ListItem\",\"position\":1,\"name\":\"Portada\",\"item\":\"https:\\\/\\\/informelitoral.com.ar\\\/\"},{\"@type\":\"ListItem\",\"position\":2,\"name\":\"Messi gan\u00f3 su s\u00e9ptimo Bal\u00f3n de oro y se lo dedic\u00f3 a la Selecci\u00f3n Argentina\"}]},{\"@type\":\"WebSite\",\"@id\":\"https:\\\/\\\/informelitoral.com.ar\\\/#website\",\"url\":\"https:\\\/\\\/informelitoral.com.ar\\\/\",\"name\":\"Informe Litoral\",\"description\":\"&quot;Nos informamos&quot; \",\"publisher\":{\"@id\":\"https:\\\/\\\/informelitoral.com.ar\\\/#organization\"},\"potentialAction\":[{\"@type\":\"SearchAction\",\"target\":{\"@type\":\"EntryPoint\",\"urlTemplate\":\"https:\\\/\\\/informelitoral.com.ar\\\/?s={search_term_string}\"},\"query-input\":{\"@type\":\"PropertyValueSpecification\",\"valueRequired\":true,\"valueName\":\"search_term_string\"}}],\"inLanguage\":\"es\"},{\"@type\":\"Organization\",\"@id\":\"https:\\\/\\\/informelitoral.com.ar\\\/#organization\",\"name\":\"Informe Litoral\",\"url\":\"https:\\\/\\\/informelitoral.com.ar\\\/\",\"logo\":{\"@type\":\"ImageObject\",\"inLanguage\":\"es\",\"@id\":\"https:\\\/\\\/informelitoral.com.ar\\\/#\\\/schema\\\/logo\\\/image\\\/\",\"url\":\"https:\\\/\\\/informelitoral.com.ar\\\/%77%70%2d%63%6f%6e%74%65%6e%74\\\/uploads\\\/2021\\\/01\\\/circulo.png\",\"contentUrl\":\"https:\\\/\\\/informelitoral.com.ar\\\/%77%70%2d%63%6f%6e%74%65%6e%74\\\/uploads\\\/2021\\\/01\\\/circulo.png\",\"width\":723,\"height\":731,\"caption\":\"Informe Litoral\"},\"image\":{\"@id\":\"https:\\\/\\\/informelitoral.com.ar\\\/#\\\/schema\\\/logo\\\/image\\\/\"},\"sameAs\":[\"https:\\\/\\\/www.facebook.com\\\/informelitoral\\\/\",\"https:\\\/\\\/x.com\\\/InformeLitoral\",\"https:\\\/\\\/www.instagram.com\\\/informelitoral\\\/\",\"https:\\\/\\\/www.youtube.com\\\/channel\\\/UCua4Qvz8Icb6MYqhoq9xLXw\"]},{\"@type\":\"Person\",\"@id\":\"https:\\\/\\\/informelitoral.com.ar\\\/#\\\/schema\\\/person\\\/f05f9f461677119578717524b127d6d5\",\"name\":\"Sebastian\",\"image\":{\"@type\":\"ImageObject\",\"inLanguage\":\"es\",\"@id\":\"https:\\\/\\\/secure.gravatar.com\\\/avatar\\\/b71bf7481d447dfb9583c7f2798e7cc64de6efb9067b74633ed8c31059a3bd82?s=96&d=mm&r=g\",\"url\":\"https:\\\/\\\/secure.gravatar.com\\\/avatar\\\/b71bf7481d447dfb9583c7f2798e7cc64de6efb9067b74633ed8c31059a3bd82?s=96&d=mm&r=g\",\"contentUrl\":\"https:\\\/\\\/secure.gravatar.com\\\/avatar\\\/b71bf7481d447dfb9583c7f2798e7cc64de6efb9067b74633ed8c31059a3bd82?s=96&d=mm&r=g\",\"caption\":\"Sebastian\"},\"url\":\"https:\\\/\\\/informelitoral.com.ar\\\/author\\\/sebastian\\\/\"}]}<\/script>","yoast_head_json":{"title":"Messi gan\u00f3 su s\u00e9ptimo Bal\u00f3n de oro y se lo dedic\u00f3 a la Selecci\u00f3n Argentina - Informe Litoral","robots":{"index":"index","follow":"follow","max-snippet":"max-snippet:-1","max-image-preview":"max-image-preview:large","max-video-preview":"max-video-preview:-1"},"canonical":"https:\/\/informelitoral.com.ar\/messi-gano-su-septimo-balon-de-oro-y-se-lo-dedico-a-la-seleccion-argentina\/","og_locale":"es_ES","og_type":"article","og_title":"Messi gan\u00f3 su s\u00e9ptimo Bal\u00f3n de oro y se lo dedic\u00f3 a la Selecci\u00f3n Argentina - Informe Litoral","og_description":"\u201cVarias veces gan\u00e9 este premio pero siempre sent\u00eda que me faltaba algo\u201d, dijo en relaci\u00f3n a su participaci\u00f3n en la Copa Am\u00e9rica.","og_url":"https:\/\/informelitoral.com.ar\/messi-gano-su-septimo-balon-de-oro-y-se-lo-dedico-a-la-seleccion-argentina\/","og_site_name":"Informe Litoral","article_publisher":"https:\/\/www.facebook.com\/informelitoral\/","article_published_time":"2021-11-29T23:10:46+00:00","og_image":[{"width":969,"height":559,"url":"https:\/\/informelitoral.com.ar\/%77%70%2d%63%6f%6e%74%65%6e%74\/uploads\/2021\/11\/liom4.jpeg","type":"image\/jpeg"}],"author":"Sebastian","twitter_card":"summary_large_image","twitter_creator":"@InformeLitoral","twitter_site":"@InformeLitoral","twitter_misc":{"Escrito por":"Sebastian","Tiempo de lectura":"1 minuto"},"schema":{"@context":"https:\/\/schema.org","@graph":[{"@type":"Article","@id":"https:\/\/informelitoral.com.ar\/messi-gano-su-septimo-balon-de-oro-y-se-lo-dedico-a-la-seleccion-argentina\/#article","isPartOf":{"@id":"https:\/\/informelitoral.com.ar\/messi-gano-su-septimo-balon-de-oro-y-se-lo-dedico-a-la-seleccion-argentina\/"},"author":{"name":"Sebastian","@id":"https:\/\/informelitoral.com.ar\/#\/schema\/person\/f05f9f461677119578717524b127d6d5"},"headline":"Messi gan\u00f3 su s\u00e9ptimo Bal\u00f3n de oro y se lo dedic\u00f3 a la Selecci\u00f3n Argentina","datePublished":"2021-11-29T23:10:46+00:00","mainEntityOfPage":{"@id":"https:\/\/informelitoral.com.ar\/messi-gano-su-septimo-balon-de-oro-y-se-lo-dedico-a-la-seleccion-argentina\/"},"wordCount":257,"commentCount":0,"publisher":{"@id":"https:\/\/informelitoral.com.ar\/#organization"},"image":{"@id":"https:\/\/informelitoral.com.ar\/messi-gano-su-septimo-balon-de-oro-y-se-lo-dedico-a-la-seleccion-argentina\/#primaryimage"},"thumbnailUrl":"https:\/\/informelitoral.com.ar\/%77%70%2d%63%6f%6e%74%65%6e%74\/uploads\/2021\/11\/liom4.jpeg","keywords":["Bal\u00f3n de Oro","Deportes","Lionel Messi"],"articleSection":["Deportes"],"inLanguage":"es","potentialAction":[{"@type":"CommentAction","name":"Comment","target":["https:\/\/informelitoral.com.ar\/messi-gano-su-septimo-balon-de-oro-y-se-lo-dedico-a-la-seleccion-argentina\/#respond"]}]},{"@type":"WebPage","@id":"https:\/\/informelitoral.com.ar\/messi-gano-su-septimo-balon-de-oro-y-se-lo-dedico-a-la-seleccion-argentina\/","url":"https:\/\/informelitoral.com.ar\/messi-gano-su-septimo-balon-de-oro-y-se-lo-dedico-a-la-seleccion-argentina\/","name":"Messi gan\u00f3 su s\u00e9ptimo Bal\u00f3n de oro y se lo dedic\u00f3 a la Selecci\u00f3n Argentina - Informe Litoral","isPartOf":{"@id":"https:\/\/informelitoral.com.ar\/#website"},"primaryImageOfPage":{"@id":"https:\/\/informelitoral.com.ar\/messi-gano-su-septimo-balon-de-oro-y-se-lo-dedico-a-la-seleccion-argentina\/#primaryimage"},"image":{"@id":"https:\/\/informelitoral.com.ar\/messi-gano-su-septimo-balon-de-oro-y-se-lo-dedico-a-la-seleccion-argentina\/#primaryimage"},"thumbnailUrl":"https:\/\/informelitoral.com.ar\/%77%70%2d%63%6f%6e%74%65%6e%74\/uploads\/2021\/11\/liom4.jpeg","datePublished":"2021-11-29T23:10:46+00:00","breadcrumb":{"@id":"https:\/\/informelitoral.com.ar\/messi-gano-su-septimo-balon-de-oro-y-se-lo-dedico-a-la-seleccion-argentina\/#breadcrumb"},"inLanguage":"es","potentialAction":[{"@type":"ReadAction","target":["https:\/\/informelitoral.com.ar\/messi-gano-su-septimo-balon-de-oro-y-se-lo-dedico-a-la-seleccion-argentina\/"]}]},{"@type":"ImageObject","inLanguage":"es","@id":"https:\/\/informelitoral.com.ar\/messi-gano-su-septimo-balon-de-oro-y-se-lo-dedico-a-la-seleccion-argentina\/#primaryimage","url":"https:\/\/informelitoral.com.ar\/%77%70%2d%63%6f%6e%74%65%6e%74\/uploads\/2021\/11\/liom4.jpeg","contentUrl":"https:\/\/informelitoral.com.ar\/%77%70%2d%63%6f%6e%74%65%6e%74\/uploads\/2021\/11\/liom4.jpeg","width":969,"height":559},{"@type":"BreadcrumbList","@id":"https:\/\/informelitoral.com.ar\/messi-gano-su-septimo-balon-de-oro-y-se-lo-dedico-a-la-seleccion-argentina\/#breadcrumb","itemListElement":[{"@type":"ListItem","position":1,"name":"Portada","item":"https:\/\/informelitoral.com.ar\/"},{"@type":"ListItem","position":2,"name":"Messi gan\u00f3 su s\u00e9ptimo Bal\u00f3n de oro y se lo dedic\u00f3 a la Selecci\u00f3n Argentina"}]},{"@type":"WebSite","@id":"https:\/\/informelitoral.com.ar\/#website","url":"https:\/\/informelitoral.com.ar\/","name":"Informe Litoral","description":"&quot;Nos informamos&quot; ","publisher":{"@id":"https:\/\/informelitoral.com.ar\/#organization"},"potentialAction":[{"@type":"SearchAction","target":{"@type":"EntryPoint","urlTemplate":"https:\/\/informelitoral.com.ar\/?s={search_term_string}"},"query-input":{"@type":"PropertyValueSpecification","valueRequired":true,"valueName":"search_term_string"}}],"inLanguage":"es"},{"@type":"Organization","@id":"https:\/\/informelitoral.com.ar\/#organization","name":"Informe Litoral","url":"https:\/\/informelitoral.com.ar\/","logo":{"@type":"ImageObject","inLanguage":"es","@id":"https:\/\/informelitoral.com.ar\/#\/schema\/logo\/image\/","url":"https:\/\/informelitoral.com.ar\/%77%70%2d%63%6f%6e%74%65%6e%74\/uploads\/2021\/01\/circulo.png","contentUrl":"https:\/\/informelitoral.com.ar\/%77%70%2d%63%6f%6e%74%65%6e%74\/uploads\/2021\/01\/circulo.png","width":723,"height":731,"caption":"Informe Litoral"},"image":{"@id":"https:\/\/informelitoral.com.ar\/#\/schema\/logo\/image\/"},"sameAs":["https:\/\/www.facebook.com\/informelitoral\/","https:\/\/x.com\/InformeLitoral","https:\/\/www.instagram.com\/informelitoral\/","https:\/\/www.youtube.com\/channel\/UCua4Qvz8Icb6MYqhoq9xLXw"]},{"@type":"Person","@id":"https:\/\/informelitoral.com.ar\/#\/schema\/person\/f05f9f461677119578717524b127d6d5","name":"Sebastian","image":{"@type":"ImageObject","inLanguage":"es","@id":"https:\/\/secure.gravatar.com\/avatar\/b71bf7481d447dfb9583c7f2798e7cc64de6efb9067b74633ed8c31059a3bd82?s=96&d=mm&r=g","url":"https:\/\/secure.gravatar.com\/avatar\/b71bf7481d447dfb9583c7f2798e7cc64de6efb9067b74633ed8c31059a3bd82?s=96&d=mm&r=g","contentUrl":"https:\/\/secure.gravatar.com\/avatar\/b71bf7481d447dfb9583c7f2798e7cc64de6efb9067b74633ed8c31059a3bd82?s=96&d=mm&r=g","caption":"Sebastian"},"url":"https:\/\/informelitoral.com.ar\/author\/sebastian\/"}]}},"_links":{"self":[{"href":"https:\/\/informelitoral.com.ar\/%77%70%2d%6a%73%6f%6e\/wp\/v2\/posts\/68082","targetHints":{"allow":["GET"]}}],"collection":[{"href":"https:\/\/informelitoral.com.ar\/%77%70%2d%6a%73%6f%6e\/wp\/v2\/posts"}],"about":[{"href":"https:\/\/informelitoral.com.ar\/%77%70%2d%6a%73%6f%6e\/wp\/v2\/types\/post"}],"author":[{"embeddable":true,"href":"https:\/\/informelitoral.com.ar\/%77%70%2d%6a%73%6f%6e\/wp\/v2\/users\/8"}],"replies":[{"embeddable":true,"href":"https:\/\/informelitoral.com.ar\/%77%70%2d%6a%73%6f%6e\/wp\/v2\/comments?post=68082"}],"version-history":[{"count":0,"href":"https:\/\/informelitoral.com.ar\/%77%70%2d%6a%73%6f%6e\/wp\/v2\/posts\/68082\/revisions"}],"wp:featuredmedia":[{"embeddable":true,"href":"https:\/\/informelitoral.com.ar\/%77%70%2d%6a%73%6f%6e\/wp\/v2\/media\/68083"}],"wp:attachment":[{"href":"https:\/\/informelitoral.com.ar\/%77%70%2d%6a%73%6f%6e\/wp\/v2\/media?parent=68082"}],"wp:term":[{"taxonomy":"category","embeddable":true,"href":"https:\/\/informelitoral.com.ar\/%77%70%2d%6a%73%6f%6e\/wp\/v2\/categories?post=68082"},{"taxonomy":"post_tag","embeddable":true,"href":"https:\/\/informelitoral.com.ar\/%77%70%2d%6a%73%6f%6e\/wp\/v2\/tags?post=68082"}],"curies":[{"name":"wp","href":"https:\/\/api.w.org\/{rel}","templated":true}]}}