{"id":67842,"date":"2021-11-19T21:10:27","date_gmt":"2021-11-20T00:10:27","guid":{"rendered":"https:\/\/www.informelitoral.com.ar\/?p=67842"},"modified":"2021-11-20T08:21:59","modified_gmt":"2021-11-20T11:21:59","slug":"guzman-la-negociacion-con-el-fmi-tiene-el-respaldo-de-todo-el-frente-de-todos","status":"publish","type":"post","link":"https:\/\/informelitoral.com.ar\/guzman-la-negociacion-con-el-fmi-tiene-el-respaldo-de-todo-el-frente-de-todos\/","title":{"rendered":"Guzm\u00e1n: \u201cLa negociaci\u00f3n con el FMI tiene el respaldo de todo el Frente de Todos\u201d"},"content":{"rendered":"<p>El ministro de Econom\u00eda Mart\u00edn Guzm\u00e1n asegur\u00f3 que tanto la vicepresidenta Cristina Fern\u00e1ndez de Kirchner como el presidente de la C\u00e1mara de Diputados, Sergio Massa, est\u00e1n alineados con la negociaci\u00f3n con el Fondo Monetario Internacional. \u201cEs una decisi\u00f3n pol\u00edtica avanzar y buscar que en diciembre se pueda enviar el proyecto de Ley al Congreso que refleje los entendimientos con el FMI. Tiene el respaldo de todo el Frente de Todos\u201d, dijo el funcionario. Tambi\u00e9n asegur\u00f3 que el a\u00f1o que viene se van a segmentar tarifas, reduciendo subsidios y focaliz\u00e1ndolo en \u201cquienes m\u00e1s lo necesitan\u201d.<\/p>\n<p>\u201cTodos estamos en la misma p\u00e1gina queremos resolver los problemas de la argentina, el endeudamiento de USD 44 mil millones es un problema muy grave y no tenemos capacidad de pagar USD 19.000 millones en 2022 y 2023 igual. No hay forma\u201d, coment\u00f3 en declaraciones a\u00a0<em>Radio Con Vos<\/em>\u00a0que reprodujo\u00a0<em>Infobae<\/em>.<\/p>\n<p>\u201cTenemos di\u00e1logo fluido y muy valioso con Cristina (Fern\u00e1ndez de Kirchner). Hay aval expl\u00edcito\u201d, dijo.<\/p>\n<p>Respecto de los puntos del acuerdo, el funcionario se\u00f1al\u00f3 que un punto de partida es entender que lo que detuvo el crecimiento de argentina es la falta de d\u00f3lares y por lo tanto ese es el principal escollo para superar.<\/p>\n<p>\u201cHay que tener reglas de juego para solucionar ese problema, que frena el crecimiento del mercado interno. Y, para eso, es clave que mercado interno apuntale el crecimiento de la demanda\u201d, dijo Guzm\u00e1n.<\/p>\n<p>\u201cQueremos seguir impulsando la demanda pero de una manera que genere m\u00e1s capacidad productiva, por ejemplo, con m\u00e1s inversi\u00f3n en obra p\u00fablica. El super\u00e1vit fiscal virtuoso siempre es resultado del crecimiento\u201d, asegur\u00f3.<\/p>\n<p>\u201cEl frente gobernante quiere, est\u00e1 alineado, con una visi\u00f3n de c\u00f3mo se resuelve este problema. Buscamos un acuerdo, pero no cualquiera. Estamos enfocados, haremos todo para resolver este asunto lo antes posible. Queremos resolverlo este a\u00f1o\u201d, concluy\u00f3.<\/p>\n<p>Respecto de los resultados de la elecci\u00f3n legislativa de este mes, en la que el Gobierno perdi\u00f3 gran parte del apoyo de votantes del que goz\u00f3 en 2019, el funcionario analiz\u00f3 que el contexto econ\u00f3mico explica que no haya un entusiasmo generalizado.<\/p>\n<p>\u201cHoy la Argentina y nuestro Estado en particular est\u00e1n limitados en cuanto a los instrumentos que tienen. Cuando hubo acceso al cr\u00e9dito se mal utiliz\u00f3 y la moneda qued\u00f3 debilitada. Enfrentamos una realidad en la que las necesidades sociales son enormes y 2020 fue un a\u00f1o m\u00e1s dif\u00edcil de pandemia. El rol del Estado se acrecienta y los instrumentos son limitados. Es muy dif\u00edcil generar un entusiasmo generalizado\u201d, coment\u00f3.<\/p>\n<p>\u201cEl d\u00e9ficit fiscal que se puede financiar es bajo, respecto de todas las necesidades, pero al mismo tiempo el hecho de haber tenido que recurrir a la emisi\u00f3n monetaria para financiarlo puso presi\u00f3n sobre el tipo de cambio. Buscamos ir al m\u00e1ximo que podemos para propiciar la recuperaci\u00f3n econ\u00f3mica y, al mismo tiempo, generando condiciones de estabilidad para el futuro. Eso est\u00e1 pasando: la econom\u00eda este a\u00f1o va a crecer m\u00e1s del 9%\u201d, se\u00f1al\u00f3.<\/p>\n<p>Consultado respecto a la inflaci\u00f3n, el ministro se refiri\u00f3 a un r\u00e9gimen inflacionario que la Argentina ya transitaba sumado a una aceleraci\u00f3n de los precios internacionales.<\/p>\n<p>\u201cHa habido una disrupci\u00f3n de las cadenas productivas que afect\u00f3 a la oferta de productos y, al mismo tiempo, la pandemia cambi\u00f3 los patrones de consumo, con pa\u00edses teniendo m\u00e1ximos en d\u00e9cadas de inflaci\u00f3n. La Argentina ya transitaba un proceso inflacionario, recordemos que en 2019 la inflaci\u00f3n fue 53,8%. Y a las presiones naturales que la Argentina enfrentaba y que por un tiempo va a seguir enfrentando, se sumaron estas\u201d, dijo.<\/p>\n<p>\u201cEsperamos que en noviembre haya una reducci\u00f3n de la tasa de inflaci\u00f3n intermensual e interanual. Y en todos los meses una reducci\u00f3n interanual\u201d, arriesg\u00f3 Guzm\u00e1n.<\/p>\n<p>Respecto a la esperada reducci\u00f3n segmentada de los subsidios, que generar\u00e1 aumentos en las boletas de servicios p\u00fablicos, Guzm\u00e1n dijo que aspira al a\u00f1o que viene tener listos los cambios.<\/p>\n<p>\u201cEstuvimos trabajando todo el a\u00f1o en esto y esperamos poder implementar el a\u00f1o que viene un sistema en el cual los subsidios est\u00e9n focalizados y que vayan para quienes m\u00e1s lo necesitan. El objetivo es que la segmentaci\u00f3n de tarifas llegue para el a\u00f1o pr\u00f3ximo\u201d, dijo.<\/p>\n","protected":false},"excerpt":{"rendered":"<p>\u201cTodos estamos en la misma p\u00e1gina, queremos resolver los problemas de la argentina, el endeudamiento de USD 44 mil millones es un problema muy grave\u00bb, expres\u00f3 el Ministro de Econom\u00eda Mart\u00edn Guzman.<\/p>\n","protected":false},"author":8,"featured_media":41261,"comment_status":"open","ping_status":"open","sticky":false,"template":"","format":"standard","meta":{"fifu_image_url":"","fifu_image_alt":"","footnotes":""},"categories":[1594,7],"tags":[241,1771,1705],"class_list":{"0":"post-67842","1":"post","2":"type-post","3":"status-publish","4":"format-standard","5":"has-post-thumbnail","7":"category-economia","8":"category-nacionales","9":"tag-fmi","10":"tag-martin-guzman","11":"tag-ministro-de-economia"},"yoast_head":"<title>Guzm\u00e1n: \u201cLa negociaci\u00f3n con el FMI tiene el respaldo de todo el Frente de Todos\u201d - Informe Litoral<\/title>\n<meta name=\"robots\" content=\"index, follow, max-snippet:-1, max-image-preview:large, max-video-preview:-1\" \/>\n<link rel=\"canonical\" href=\"https:\/\/informelitoral.com.ar\/guzman-la-negociacion-con-el-fmi-tiene-el-respaldo-de-todo-el-frente-de-todos\/\" \/>\n<meta property=\"og:locale\" content=\"es_ES\" \/>\n<meta property=\"og:type\" content=\"article\" \/>\n<meta property=\"og:title\" content=\"Guzm\u00e1n: \u201cLa negociaci\u00f3n con el FMI tiene el respaldo de todo el Frente de Todos\u201d - Informe Litoral\" \/>\n<meta property=\"og:description\" content=\"\u201cTodos estamos en la misma p\u00e1gina, queremos resolver los problemas de la argentina, el endeudamiento de USD 44 mil millones es un problema muy grave&quot;, expres\u00f3 el Ministro de Econom\u00eda Mart\u00edn Guzman.\" \/>\n<meta property=\"og:url\" content=\"https:\/\/informelitoral.com.ar\/guzman-la-negociacion-con-el-fmi-tiene-el-respaldo-de-todo-el-frente-de-todos\/\" \/>\n<meta property=\"og:site_name\" content=\"Informe Litoral\" \/>\n<meta property=\"article:publisher\" content=\"https:\/\/www.facebook.com\/informelitoral\/\" \/>\n<meta property=\"article:published_time\" content=\"2021-11-20T00:10:27+00:00\" \/>\n<meta property=\"article:modified_time\" content=\"2021-11-20T11:21:59+00:00\" \/>\n<meta property=\"og:image\" content=\"https:\/\/informelitoral.com.ar\/%77%70%2d%63%6f%6e%74%65%6e%74\/uploads\/2020\/03\/martin-guzman.jpg\" \/>\n\t<meta property=\"og:image:width\" content=\"1152\" \/>\n\t<meta property=\"og:image:height\" content=\"768\" \/>\n\t<meta property=\"og:image:type\" content=\"image\/jpeg\" \/>\n<meta name=\"author\" content=\"Sebastian\" \/>\n<meta name=\"twitter:card\" content=\"summary_large_image\" \/>\n<meta name=\"twitter:creator\" content=\"@InformeLitoral\" \/>\n<meta name=\"twitter:site\" content=\"@InformeLitoral\" \/>\n<meta name=\"twitter:label1\" content=\"Escrito por\" \/>\n\t<meta name=\"twitter:data1\" content=\"Sebastian\" \/>\n\t<meta name=\"twitter:label2\" content=\"Tiempo de lectura\" \/>\n\t<meta name=\"twitter:data2\" content=\"4 minutos\" \/>\n<script type=\"application\/ld+json\" class=\"yoast-schema-graph\">{\"@context\":\"https:\\\/\\\/schema.org\",\"@graph\":[{\"@type\":\"Article\",\"@id\":\"https:\\\/\\\/informelitoral.com.ar\\\/guzman-la-negociacion-con-el-fmi-tiene-el-respaldo-de-todo-el-frente-de-todos\\\/#article\",\"isPartOf\":{\"@id\":\"https:\\\/\\\/informelitoral.com.ar\\\/guzman-la-negociacion-con-el-fmi-tiene-el-respaldo-de-todo-el-frente-de-todos\\\/\"},\"author\":{\"name\":\"Sebastian\",\"@id\":\"https:\\\/\\\/informelitoral.com.ar\\\/#\\\/schema\\\/person\\\/f05f9f461677119578717524b127d6d5\"},\"headline\":\"Guzm\u00e1n: \u201cLa negociaci\u00f3n con el FMI tiene el respaldo de todo el Frente de Todos\u201d\",\"datePublished\":\"2021-11-20T00:10:27+00:00\",\"dateModified\":\"2021-11-20T11:21:59+00:00\",\"mainEntityOfPage\":{\"@id\":\"https:\\\/\\\/informelitoral.com.ar\\\/guzman-la-negociacion-con-el-fmi-tiene-el-respaldo-de-todo-el-frente-de-todos\\\/\"},\"wordCount\":764,\"commentCount\":0,\"publisher\":{\"@id\":\"https:\\\/\\\/informelitoral.com.ar\\\/#organization\"},\"image\":{\"@id\":\"https:\\\/\\\/informelitoral.com.ar\\\/guzman-la-negociacion-con-el-fmi-tiene-el-respaldo-de-todo-el-frente-de-todos\\\/#primaryimage\"},\"thumbnailUrl\":\"https:\\\/\\\/informelitoral.com.ar\\\/%77%70%2d%63%6f%6e%74%65%6e%74\\\/uploads\\\/2020\\\/03\\\/martin-guzman.jpg\",\"keywords\":[\"FMI\",\"Mart\u00edn Guzm\u00e1n\",\"Ministro de Econom\u00eda\"],\"articleSection\":[\"Econom\u00eda\",\"Nacionales\"],\"inLanguage\":\"es\",\"potentialAction\":[{\"@type\":\"CommentAction\",\"name\":\"Comment\",\"target\":[\"https:\\\/\\\/informelitoral.com.ar\\\/guzman-la-negociacion-con-el-fmi-tiene-el-respaldo-de-todo-el-frente-de-todos\\\/#respond\"]}]},{\"@type\":\"WebPage\",\"@id\":\"https:\\\/\\\/informelitoral.com.ar\\\/guzman-la-negociacion-con-el-fmi-tiene-el-respaldo-de-todo-el-frente-de-todos\\\/\",\"url\":\"https:\\\/\\\/informelitoral.com.ar\\\/guzman-la-negociacion-con-el-fmi-tiene-el-respaldo-de-todo-el-frente-de-todos\\\/\",\"name\":\"Guzm\u00e1n: \u201cLa negociaci\u00f3n con el FMI tiene el respaldo de todo el Frente de Todos\u201d - Informe Litoral\",\"isPartOf\":{\"@id\":\"https:\\\/\\\/informelitoral.com.ar\\\/#website\"},\"primaryImageOfPage\":{\"@id\":\"https:\\\/\\\/informelitoral.com.ar\\\/guzman-la-negociacion-con-el-fmi-tiene-el-respaldo-de-todo-el-frente-de-todos\\\/#primaryimage\"},\"image\":{\"@id\":\"https:\\\/\\\/informelitoral.com.ar\\\/guzman-la-negociacion-con-el-fmi-tiene-el-respaldo-de-todo-el-frente-de-todos\\\/#primaryimage\"},\"thumbnailUrl\":\"https:\\\/\\\/informelitoral.com.ar\\\/%77%70%2d%63%6f%6e%74%65%6e%74\\\/uploads\\\/2020\\\/03\\\/martin-guzman.jpg\",\"datePublished\":\"2021-11-20T00:10:27+00:00\",\"dateModified\":\"2021-11-20T11:21:59+00:00\",\"breadcrumb\":{\"@id\":\"https:\\\/\\\/informelitoral.com.ar\\\/guzman-la-negociacion-con-el-fmi-tiene-el-respaldo-de-todo-el-frente-de-todos\\\/#breadcrumb\"},\"inLanguage\":\"es\",\"potentialAction\":[{\"@type\":\"ReadAction\",\"target\":[\"https:\\\/\\\/informelitoral.com.ar\\\/guzman-la-negociacion-con-el-fmi-tiene-el-respaldo-de-todo-el-frente-de-todos\\\/\"]}]},{\"@type\":\"ImageObject\",\"inLanguage\":\"es\",\"@id\":\"https:\\\/\\\/informelitoral.com.ar\\\/guzman-la-negociacion-con-el-fmi-tiene-el-respaldo-de-todo-el-frente-de-todos\\\/#primaryimage\",\"url\":\"https:\\\/\\\/informelitoral.com.ar\\\/%77%70%2d%63%6f%6e%74%65%6e%74\\\/uploads\\\/2020\\\/03\\\/martin-guzman.jpg\",\"contentUrl\":\"https:\\\/\\\/informelitoral.com.ar\\\/%77%70%2d%63%6f%6e%74%65%6e%74\\\/uploads\\\/2020\\\/03\\\/martin-guzman.jpg\",\"width\":1152,\"height\":768},{\"@type\":\"BreadcrumbList\",\"@id\":\"https:\\\/\\\/informelitoral.com.ar\\\/guzman-la-negociacion-con-el-fmi-tiene-el-respaldo-de-todo-el-frente-de-todos\\\/#breadcrumb\",\"itemListElement\":[{\"@type\":\"ListItem\",\"position\":1,\"name\":\"Portada\",\"item\":\"https:\\\/\\\/informelitoral.com.ar\\\/\"},{\"@type\":\"ListItem\",\"position\":2,\"name\":\"Guzm\u00e1n: \u201cLa negociaci\u00f3n con el FMI tiene el respaldo de todo el Frente de Todos\u201d\"}]},{\"@type\":\"WebSite\",\"@id\":\"https:\\\/\\\/informelitoral.com.ar\\\/#website\",\"url\":\"https:\\\/\\\/informelitoral.com.ar\\\/\",\"name\":\"Informe Litoral\",\"description\":\"&quot;Nos informamos&quot; \",\"publisher\":{\"@id\":\"https:\\\/\\\/informelitoral.com.ar\\\/#organization\"},\"potentialAction\":[{\"@type\":\"SearchAction\",\"target\":{\"@type\":\"EntryPoint\",\"urlTemplate\":\"https:\\\/\\\/informelitoral.com.ar\\\/?s={search_term_string}\"},\"query-input\":{\"@type\":\"PropertyValueSpecification\",\"valueRequired\":true,\"valueName\":\"search_term_string\"}}],\"inLanguage\":\"es\"},{\"@type\":\"Organization\",\"@id\":\"https:\\\/\\\/informelitoral.com.ar\\\/#organization\",\"name\":\"Informe Litoral\",\"url\":\"https:\\\/\\\/informelitoral.com.ar\\\/\",\"logo\":{\"@type\":\"ImageObject\",\"inLanguage\":\"es\",\"@id\":\"https:\\\/\\\/informelitoral.com.ar\\\/#\\\/schema\\\/logo\\\/image\\\/\",\"url\":\"https:\\\/\\\/informelitoral.com.ar\\\/%77%70%2d%63%6f%6e%74%65%6e%74\\\/uploads\\\/2021\\\/01\\\/circulo.png\",\"contentUrl\":\"https:\\\/\\\/informelitoral.com.ar\\\/%77%70%2d%63%6f%6e%74%65%6e%74\\\/uploads\\\/2021\\\/01\\\/circulo.png\",\"width\":723,\"height\":731,\"caption\":\"Informe Litoral\"},\"image\":{\"@id\":\"https:\\\/\\\/informelitoral.com.ar\\\/#\\\/schema\\\/logo\\\/image\\\/\"},\"sameAs\":[\"https:\\\/\\\/www.facebook.com\\\/informelitoral\\\/\",\"https:\\\/\\\/x.com\\\/InformeLitoral\",\"https:\\\/\\\/www.instagram.com\\\/informelitoral\\\/\",\"https:\\\/\\\/www.youtube.com\\\/channel\\\/UCua4Qvz8Icb6MYqhoq9xLXw\"]},{\"@type\":\"Person\",\"@id\":\"https:\\\/\\\/informelitoral.com.ar\\\/#\\\/schema\\\/person\\\/f05f9f461677119578717524b127d6d5\",\"name\":\"Sebastian\",\"image\":{\"@type\":\"ImageObject\",\"inLanguage\":\"es\",\"@id\":\"https:\\\/\\\/secure.gravatar.com\\\/avatar\\\/b71bf7481d447dfb9583c7f2798e7cc64de6efb9067b74633ed8c31059a3bd82?s=96&d=mm&r=g\",\"url\":\"https:\\\/\\\/secure.gravatar.com\\\/avatar\\\/b71bf7481d447dfb9583c7f2798e7cc64de6efb9067b74633ed8c31059a3bd82?s=96&d=mm&r=g\",\"contentUrl\":\"https:\\\/\\\/secure.gravatar.com\\\/avatar\\\/b71bf7481d447dfb9583c7f2798e7cc64de6efb9067b74633ed8c31059a3bd82?s=96&d=mm&r=g\",\"caption\":\"Sebastian\"},\"url\":\"https:\\\/\\\/informelitoral.com.ar\\\/author\\\/sebastian\\\/\"}]}<\/script>","yoast_head_json":{"title":"Guzm\u00e1n: \u201cLa negociaci\u00f3n con el FMI tiene el respaldo de todo el Frente de Todos\u201d - Informe Litoral","robots":{"index":"index","follow":"follow","max-snippet":"max-snippet:-1","max-image-preview":"max-image-preview:large","max-video-preview":"max-video-preview:-1"},"canonical":"https:\/\/informelitoral.com.ar\/guzman-la-negociacion-con-el-fmi-tiene-el-respaldo-de-todo-el-frente-de-todos\/","og_locale":"es_ES","og_type":"article","og_title":"Guzm\u00e1n: \u201cLa negociaci\u00f3n con el FMI tiene el respaldo de todo el Frente de Todos\u201d - Informe Litoral","og_description":"\u201cTodos estamos en la misma p\u00e1gina, queremos resolver los problemas de la argentina, el endeudamiento de USD 44 mil millones es un problema muy grave\", expres\u00f3 el Ministro de Econom\u00eda Mart\u00edn Guzman.","og_url":"https:\/\/informelitoral.com.ar\/guzman-la-negociacion-con-el-fmi-tiene-el-respaldo-de-todo-el-frente-de-todos\/","og_site_name":"Informe Litoral","article_publisher":"https:\/\/www.facebook.com\/informelitoral\/","article_published_time":"2021-11-20T00:10:27+00:00","article_modified_time":"2021-11-20T11:21:59+00:00","og_image":[{"width":1152,"height":768,"url":"https:\/\/informelitoral.com.ar\/%77%70%2d%63%6f%6e%74%65%6e%74\/uploads\/2020\/03\/martin-guzman.jpg","type":"image\/jpeg"}],"author":"Sebastian","twitter_card":"summary_large_image","twitter_creator":"@InformeLitoral","twitter_site":"@InformeLitoral","twitter_misc":{"Escrito por":"Sebastian","Tiempo de lectura":"4 minutos"},"schema":{"@context":"https:\/\/schema.org","@graph":[{"@type":"Article","@id":"https:\/\/informelitoral.com.ar\/guzman-la-negociacion-con-el-fmi-tiene-el-respaldo-de-todo-el-frente-de-todos\/#article","isPartOf":{"@id":"https:\/\/informelitoral.com.ar\/guzman-la-negociacion-con-el-fmi-tiene-el-respaldo-de-todo-el-frente-de-todos\/"},"author":{"name":"Sebastian","@id":"https:\/\/informelitoral.com.ar\/#\/schema\/person\/f05f9f461677119578717524b127d6d5"},"headline":"Guzm\u00e1n: \u201cLa negociaci\u00f3n con el FMI tiene el respaldo de todo el Frente de Todos\u201d","datePublished":"2021-11-20T00:10:27+00:00","dateModified":"2021-11-20T11:21:59+00:00","mainEntityOfPage":{"@id":"https:\/\/informelitoral.com.ar\/guzman-la-negociacion-con-el-fmi-tiene-el-respaldo-de-todo-el-frente-de-todos\/"},"wordCount":764,"commentCount":0,"publisher":{"@id":"https:\/\/informelitoral.com.ar\/#organization"},"image":{"@id":"https:\/\/informelitoral.com.ar\/guzman-la-negociacion-con-el-fmi-tiene-el-respaldo-de-todo-el-frente-de-todos\/#primaryimage"},"thumbnailUrl":"https:\/\/informelitoral.com.ar\/%77%70%2d%63%6f%6e%74%65%6e%74\/uploads\/2020\/03\/martin-guzman.jpg","keywords":["FMI","Mart\u00edn Guzm\u00e1n","Ministro de Econom\u00eda"],"articleSection":["Econom\u00eda","Nacionales"],"inLanguage":"es","potentialAction":[{"@type":"CommentAction","name":"Comment","target":["https:\/\/informelitoral.com.ar\/guzman-la-negociacion-con-el-fmi-tiene-el-respaldo-de-todo-el-frente-de-todos\/#respond"]}]},{"@type":"WebPage","@id":"https:\/\/informelitoral.com.ar\/guzman-la-negociacion-con-el-fmi-tiene-el-respaldo-de-todo-el-frente-de-todos\/","url":"https:\/\/informelitoral.com.ar\/guzman-la-negociacion-con-el-fmi-tiene-el-respaldo-de-todo-el-frente-de-todos\/","name":"Guzm\u00e1n: \u201cLa negociaci\u00f3n con el FMI tiene el respaldo de todo el Frente de Todos\u201d - Informe Litoral","isPartOf":{"@id":"https:\/\/informelitoral.com.ar\/#website"},"primaryImageOfPage":{"@id":"https:\/\/informelitoral.com.ar\/guzman-la-negociacion-con-el-fmi-tiene-el-respaldo-de-todo-el-frente-de-todos\/#primaryimage"},"image":{"@id":"https:\/\/informelitoral.com.ar\/guzman-la-negociacion-con-el-fmi-tiene-el-respaldo-de-todo-el-frente-de-todos\/#primaryimage"},"thumbnailUrl":"https:\/\/informelitoral.com.ar\/%77%70%2d%63%6f%6e%74%65%6e%74\/uploads\/2020\/03\/martin-guzman.jpg","datePublished":"2021-11-20T00:10:27+00:00","dateModified":"2021-11-20T11:21:59+00:00","breadcrumb":{"@id":"https:\/\/informelitoral.com.ar\/guzman-la-negociacion-con-el-fmi-tiene-el-respaldo-de-todo-el-frente-de-todos\/#breadcrumb"},"inLanguage":"es","potentialAction":[{"@type":"ReadAction","target":["https:\/\/informelitoral.com.ar\/guzman-la-negociacion-con-el-fmi-tiene-el-respaldo-de-todo-el-frente-de-todos\/"]}]},{"@type":"ImageObject","inLanguage":"es","@id":"https:\/\/informelitoral.com.ar\/guzman-la-negociacion-con-el-fmi-tiene-el-respaldo-de-todo-el-frente-de-todos\/#primaryimage","url":"https:\/\/informelitoral.com.ar\/%77%70%2d%63%6f%6e%74%65%6e%74\/uploads\/2020\/03\/martin-guzman.jpg","contentUrl":"https:\/\/informelitoral.com.ar\/%77%70%2d%63%6f%6e%74%65%6e%74\/uploads\/2020\/03\/martin-guzman.jpg","width":1152,"height":768},{"@type":"BreadcrumbList","@id":"https:\/\/informelitoral.com.ar\/guzman-la-negociacion-con-el-fmi-tiene-el-respaldo-de-todo-el-frente-de-todos\/#breadcrumb","itemListElement":[{"@type":"ListItem","position":1,"name":"Portada","item":"https:\/\/informelitoral.com.ar\/"},{"@type":"ListItem","position":2,"name":"Guzm\u00e1n: \u201cLa negociaci\u00f3n con el FMI tiene el respaldo de todo el Frente de Todos\u201d"}]},{"@type":"WebSite","@id":"https:\/\/informelitoral.com.ar\/#website","url":"https:\/\/informelitoral.com.ar\/","name":"Informe Litoral","description":"&quot;Nos informamos&quot; ","publisher":{"@id":"https:\/\/informelitoral.com.ar\/#organization"},"potentialAction":[{"@type":"SearchAction","target":{"@type":"EntryPoint","urlTemplate":"https:\/\/informelitoral.com.ar\/?s={search_term_string}"},"query-input":{"@type":"PropertyValueSpecification","valueRequired":true,"valueName":"search_term_string"}}],"inLanguage":"es"},{"@type":"Organization","@id":"https:\/\/informelitoral.com.ar\/#organization","name":"Informe Litoral","url":"https:\/\/informelitoral.com.ar\/","logo":{"@type":"ImageObject","inLanguage":"es","@id":"https:\/\/informelitoral.com.ar\/#\/schema\/logo\/image\/","url":"https:\/\/informelitoral.com.ar\/%77%70%2d%63%6f%6e%74%65%6e%74\/uploads\/2021\/01\/circulo.png","contentUrl":"https:\/\/informelitoral.com.ar\/%77%70%2d%63%6f%6e%74%65%6e%74\/uploads\/2021\/01\/circulo.png","width":723,"height":731,"caption":"Informe Litoral"},"image":{"@id":"https:\/\/informelitoral.com.ar\/#\/schema\/logo\/image\/"},"sameAs":["https:\/\/www.facebook.com\/informelitoral\/","https:\/\/x.com\/InformeLitoral","https:\/\/www.instagram.com\/informelitoral\/","https:\/\/www.youtube.com\/channel\/UCua4Qvz8Icb6MYqhoq9xLXw"]},{"@type":"Person","@id":"https:\/\/informelitoral.com.ar\/#\/schema\/person\/f05f9f461677119578717524b127d6d5","name":"Sebastian","image":{"@type":"ImageObject","inLanguage":"es","@id":"https:\/\/secure.gravatar.com\/avatar\/b71bf7481d447dfb9583c7f2798e7cc64de6efb9067b74633ed8c31059a3bd82?s=96&d=mm&r=g","url":"https:\/\/secure.gravatar.com\/avatar\/b71bf7481d447dfb9583c7f2798e7cc64de6efb9067b74633ed8c31059a3bd82?s=96&d=mm&r=g","contentUrl":"https:\/\/secure.gravatar.com\/avatar\/b71bf7481d447dfb9583c7f2798e7cc64de6efb9067b74633ed8c31059a3bd82?s=96&d=mm&r=g","caption":"Sebastian"},"url":"https:\/\/informelitoral.com.ar\/author\/sebastian\/"}]}},"_links":{"self":[{"href":"https:\/\/informelitoral.com.ar\/%77%70%2d%6a%73%6f%6e\/wp\/v2\/posts\/67842","targetHints":{"allow":["GET"]}}],"collection":[{"href":"https:\/\/informelitoral.com.ar\/%77%70%2d%6a%73%6f%6e\/wp\/v2\/posts"}],"about":[{"href":"https:\/\/informelitoral.com.ar\/%77%70%2d%6a%73%6f%6e\/wp\/v2\/types\/post"}],"author":[{"embeddable":true,"href":"https:\/\/informelitoral.com.ar\/%77%70%2d%6a%73%6f%6e\/wp\/v2\/users\/8"}],"replies":[{"embeddable":true,"href":"https:\/\/informelitoral.com.ar\/%77%70%2d%6a%73%6f%6e\/wp\/v2\/comments?post=67842"}],"version-history":[{"count":0,"href":"https:\/\/informelitoral.com.ar\/%77%70%2d%6a%73%6f%6e\/wp\/v2\/posts\/67842\/revisions"}],"wp:featuredmedia":[{"embeddable":true,"href":"https:\/\/informelitoral.com.ar\/%77%70%2d%6a%73%6f%6e\/wp\/v2\/media\/41261"}],"wp:attachment":[{"href":"https:\/\/informelitoral.com.ar\/%77%70%2d%6a%73%6f%6e\/wp\/v2\/media?parent=67842"}],"wp:term":[{"taxonomy":"category","embeddable":true,"href":"https:\/\/informelitoral.com.ar\/%77%70%2d%6a%73%6f%6e\/wp\/v2\/categories?post=67842"},{"taxonomy":"post_tag","embeddable":true,"href":"https:\/\/informelitoral.com.ar\/%77%70%2d%6a%73%6f%6e\/wp\/v2\/tags?post=67842"}],"curies":[{"name":"wp","href":"https:\/\/api.w.org\/{rel}","templated":true}]}}