{"id":67839,"date":"2021-11-19T21:05:39","date_gmt":"2021-11-20T00:05:39","guid":{"rendered":"https:\/\/www.informelitoral.com.ar\/?p=67839"},"modified":"2021-11-20T08:22:23","modified_gmt":"2021-11-20T11:22:23","slug":"incendio-en-el-frigorifico-soychu-de-gualeguay-tras-siete-horas-controlaron-las-llamas","status":"publish","type":"post","link":"https:\/\/informelitoral.com.ar\/incendio-en-el-frigorifico-soychu-de-gualeguay-tras-siete-horas-controlaron-las-llamas\/","title":{"rendered":"Incendio en el frigor\u00edfico Soych\u00fa de Gualeguay: tras siete horas controlaron las llamas"},"content":{"rendered":"<p>En la tarde de este viernes, y luego de un intenso trabajo de los 80 bomberos que forman parte del operativo, se logr\u00f3 controlar el incendio que destruy\u00f3 en su totalidad la planta frigor\u00edfica de Soych\u00fa, en Gualeguay. Ahora, se buscar\u00e1 enfriar todos los sectores, para buscar sofocar el fuego en el interior de las instalaciones.<\/p>\n<p>El incendio se lo declar\u00f3 a las 10 de este viernes, y esto determin\u00f3 que diera el alerta a bomberos. Por la magnitud de las llamas y la destrucci\u00f3n, como tambi\u00e9n el importante olor a amon\u00edaco que emanaba desde el interior, se descontrol\u00f3 la situaci\u00f3n, al punto tal que se dispuso la evacuaci\u00f3n total de la planta frigor\u00edfica y de las viviendas, barrios y empresas aleda\u00f1as a Soych\u00fa.<\/p>\n<p>Desde la Polic\u00eda se inform\u00f3 que, las autoridades de la empresa, admitieron que el incendio se inici\u00f3 dentro de la planta, a causa de los trabajos de soldadura que se estaban realizando en el sector de enfriado.<\/p>\n<p>El humo y el fuego fue avanzando, y esto debi\u00f3 determinar la convocatoria a bomberos de la regi\u00f3n, como tambi\u00e9n aviones fumigadores para ayudar en la crisis.<\/p>\n<p>Llegaron bomberos Voluntarios y Zapadores de Paran\u00e1, como bomberos de Larroque, Victoria, Galarza, Nogoy\u00e1, Tala, Galarza, Urdinarrain, Ceibas, e incluso de Buenos Aires, como fueron de Gar\u00edn y Escobar.<\/p>\n<p>El operativo de coordin\u00f3 con la participaci\u00f3n de unas 20 autobombas y 80 bomberos.<\/p>\n<p>Por la magnitud del incendio, debieron ser asistidos unos 15 bomberos que sufrieron principio de asfixia, sofocaci\u00f3n y intoxicaci\u00f3n.<\/p>\n<p>El efecto del fuego fue destructivo, y seg\u00fan confirm\u00f3 a\u00a0<em>Uno<\/em>, el jefe departamental de Gualeguay, Miton Taulada, las p\u00e9rdidas son totales.<\/p>\n<p>Notific\u00f3 que cerca de las 17, el fuego fue finalmente controlado, por lo que se avanz\u00f3 con la etapa de enfriamiento y posterior ataque de las llamas que quedaron dentro de la estructura destruida. \u00abDe esa manera se buscar\u00e1 sofocar el foco \u00edgneo\u00bb, referenci\u00f3.<\/p>\n<p>El frigor\u00edfico Soych\u00fa cuenta en la actualidad con cerca de 1.000 trabajadores que cumplen tareas en los distintos sectores de la empresa.<\/p>\n<p>Lo \u00fanico que se salv\u00f3 del fuego, fue el sector administraci\u00f3n, el resto, desde la parte de producci\u00f3n, c\u00e1maras, distribuci\u00f3n fue destruido en un 100%.<\/p>\n","protected":false},"excerpt":{"rendered":"<p>El incendio se desat\u00f3 en la ma\u00f1ana de este viernes. La empresa de Gualeguay tuvo grandes p\u00e9rdidas.<\/p>\n","protected":false},"author":8,"featured_media":67840,"comment_status":"open","ping_status":"open","sticky":false,"template":"","format":"standard","meta":{"fifu_image_url":"","fifu_image_alt":"","footnotes":""},"categories":[14],"tags":[1782,800,509,2564],"class_list":{"0":"post-67839","1":"post","2":"type-post","3":"status-publish","4":"format-standard","5":"has-post-thumbnail","7":"category-policiales","8":"tag-bomberos","9":"tag-gualeguay","10":"tag-incendio","11":"tag-soy-chu"},"yoast_head":"<title>Incendio en el frigor\u00edfico Soych\u00fa de Gualeguay: tras siete horas controlaron las llamas - Informe Litoral<\/title>\n<meta name=\"robots\" content=\"index, follow, max-snippet:-1, max-image-preview:large, max-video-preview:-1\" \/>\n<link rel=\"canonical\" href=\"https:\/\/informelitoral.com.ar\/incendio-en-el-frigorifico-soychu-de-gualeguay-tras-siete-horas-controlaron-las-llamas\/\" \/>\n<meta property=\"og:locale\" content=\"es_ES\" \/>\n<meta property=\"og:type\" content=\"article\" \/>\n<meta property=\"og:title\" content=\"Incendio en el frigor\u00edfico Soych\u00fa de Gualeguay: tras siete horas controlaron las llamas - Informe Litoral\" \/>\n<meta property=\"og:description\" content=\"El incendio se desat\u00f3 en la ma\u00f1ana de este viernes. La empresa de Gualeguay tuvo grandes p\u00e9rdidas.\" \/>\n<meta property=\"og:url\" content=\"https:\/\/informelitoral.com.ar\/incendio-en-el-frigorifico-soychu-de-gualeguay-tras-siete-horas-controlaron-las-llamas\/\" \/>\n<meta property=\"og:site_name\" content=\"Informe Litoral\" \/>\n<meta property=\"article:publisher\" content=\"https:\/\/www.facebook.com\/informelitoral\/\" \/>\n<meta property=\"article:published_time\" content=\"2021-11-20T00:05:39+00:00\" \/>\n<meta property=\"article:modified_time\" content=\"2021-11-20T11:22:23+00:00\" \/>\n<meta property=\"og:image\" content=\"https:\/\/informelitoral.com.ar\/%77%70%2d%63%6f%6e%74%65%6e%74\/uploads\/2021\/11\/WhatsApp-Image-2021-11-19-at-9.04.50-PM.jpeg\" \/>\n\t<meta property=\"og:image:width\" content=\"1280\" \/>\n\t<meta property=\"og:image:height\" content=\"663\" \/>\n\t<meta property=\"og:image:type\" content=\"image\/jpeg\" \/>\n<meta name=\"author\" content=\"Sebastian\" \/>\n<meta name=\"twitter:card\" content=\"summary_large_image\" \/>\n<meta name=\"twitter:creator\" content=\"@InformeLitoral\" \/>\n<meta name=\"twitter:site\" content=\"@InformeLitoral\" \/>\n<meta name=\"twitter:label1\" content=\"Escrito por\" \/>\n\t<meta name=\"twitter:data1\" content=\"Sebastian\" \/>\n\t<meta name=\"twitter:label2\" content=\"Tiempo de lectura\" \/>\n\t<meta name=\"twitter:data2\" content=\"2 minutos\" \/>\n<script type=\"application\/ld+json\" class=\"yoast-schema-graph\">{\"@context\":\"https:\\\/\\\/schema.org\",\"@graph\":[{\"@type\":\"Article\",\"@id\":\"https:\\\/\\\/informelitoral.com.ar\\\/incendio-en-el-frigorifico-soychu-de-gualeguay-tras-siete-horas-controlaron-las-llamas\\\/#article\",\"isPartOf\":{\"@id\":\"https:\\\/\\\/informelitoral.com.ar\\\/incendio-en-el-frigorifico-soychu-de-gualeguay-tras-siete-horas-controlaron-las-llamas\\\/\"},\"author\":{\"name\":\"Sebastian\",\"@id\":\"https:\\\/\\\/informelitoral.com.ar\\\/#\\\/schema\\\/person\\\/f05f9f461677119578717524b127d6d5\"},\"headline\":\"Incendio en el frigor\u00edfico Soych\u00fa de Gualeguay: tras siete horas controlaron las llamas\",\"datePublished\":\"2021-11-20T00:05:39+00:00\",\"dateModified\":\"2021-11-20T11:22:23+00:00\",\"mainEntityOfPage\":{\"@id\":\"https:\\\/\\\/informelitoral.com.ar\\\/incendio-en-el-frigorifico-soychu-de-gualeguay-tras-siete-horas-controlaron-las-llamas\\\/\"},\"wordCount\":391,\"commentCount\":0,\"publisher\":{\"@id\":\"https:\\\/\\\/informelitoral.com.ar\\\/#organization\"},\"image\":{\"@id\":\"https:\\\/\\\/informelitoral.com.ar\\\/incendio-en-el-frigorifico-soychu-de-gualeguay-tras-siete-horas-controlaron-las-llamas\\\/#primaryimage\"},\"thumbnailUrl\":\"https:\\\/\\\/informelitoral.com.ar\\\/%77%70%2d%63%6f%6e%74%65%6e%74\\\/uploads\\\/2021\\\/11\\\/WhatsApp-Image-2021-11-19-at-9.04.50-PM.jpeg\",\"keywords\":[\"Bomberos\",\"Gualeguay\",\"Incendio\",\"Soy Chu\"],\"articleSection\":[\"Policiales\"],\"inLanguage\":\"es\",\"potentialAction\":[{\"@type\":\"CommentAction\",\"name\":\"Comment\",\"target\":[\"https:\\\/\\\/informelitoral.com.ar\\\/incendio-en-el-frigorifico-soychu-de-gualeguay-tras-siete-horas-controlaron-las-llamas\\\/#respond\"]}]},{\"@type\":\"WebPage\",\"@id\":\"https:\\\/\\\/informelitoral.com.ar\\\/incendio-en-el-frigorifico-soychu-de-gualeguay-tras-siete-horas-controlaron-las-llamas\\\/\",\"url\":\"https:\\\/\\\/informelitoral.com.ar\\\/incendio-en-el-frigorifico-soychu-de-gualeguay-tras-siete-horas-controlaron-las-llamas\\\/\",\"name\":\"Incendio en el frigor\u00edfico Soych\u00fa de Gualeguay: tras siete horas controlaron las llamas - Informe Litoral\",\"isPartOf\":{\"@id\":\"https:\\\/\\\/informelitoral.com.ar\\\/#website\"},\"primaryImageOfPage\":{\"@id\":\"https:\\\/\\\/informelitoral.com.ar\\\/incendio-en-el-frigorifico-soychu-de-gualeguay-tras-siete-horas-controlaron-las-llamas\\\/#primaryimage\"},\"image\":{\"@id\":\"https:\\\/\\\/informelitoral.com.ar\\\/incendio-en-el-frigorifico-soychu-de-gualeguay-tras-siete-horas-controlaron-las-llamas\\\/#primaryimage\"},\"thumbnailUrl\":\"https:\\\/\\\/informelitoral.com.ar\\\/%77%70%2d%63%6f%6e%74%65%6e%74\\\/uploads\\\/2021\\\/11\\\/WhatsApp-Image-2021-11-19-at-9.04.50-PM.jpeg\",\"datePublished\":\"2021-11-20T00:05:39+00:00\",\"dateModified\":\"2021-11-20T11:22:23+00:00\",\"breadcrumb\":{\"@id\":\"https:\\\/\\\/informelitoral.com.ar\\\/incendio-en-el-frigorifico-soychu-de-gualeguay-tras-siete-horas-controlaron-las-llamas\\\/#breadcrumb\"},\"inLanguage\":\"es\",\"potentialAction\":[{\"@type\":\"ReadAction\",\"target\":[\"https:\\\/\\\/informelitoral.com.ar\\\/incendio-en-el-frigorifico-soychu-de-gualeguay-tras-siete-horas-controlaron-las-llamas\\\/\"]}]},{\"@type\":\"ImageObject\",\"inLanguage\":\"es\",\"@id\":\"https:\\\/\\\/informelitoral.com.ar\\\/incendio-en-el-frigorifico-soychu-de-gualeguay-tras-siete-horas-controlaron-las-llamas\\\/#primaryimage\",\"url\":\"https:\\\/\\\/informelitoral.com.ar\\\/%77%70%2d%63%6f%6e%74%65%6e%74\\\/uploads\\\/2021\\\/11\\\/WhatsApp-Image-2021-11-19-at-9.04.50-PM.jpeg\",\"contentUrl\":\"https:\\\/\\\/informelitoral.com.ar\\\/%77%70%2d%63%6f%6e%74%65%6e%74\\\/uploads\\\/2021\\\/11\\\/WhatsApp-Image-2021-11-19-at-9.04.50-PM.jpeg\",\"width\":1280,\"height\":663},{\"@type\":\"BreadcrumbList\",\"@id\":\"https:\\\/\\\/informelitoral.com.ar\\\/incendio-en-el-frigorifico-soychu-de-gualeguay-tras-siete-horas-controlaron-las-llamas\\\/#breadcrumb\",\"itemListElement\":[{\"@type\":\"ListItem\",\"position\":1,\"name\":\"Portada\",\"item\":\"https:\\\/\\\/informelitoral.com.ar\\\/\"},{\"@type\":\"ListItem\",\"position\":2,\"name\":\"Incendio en el frigor\u00edfico Soych\u00fa de Gualeguay: tras siete horas controlaron las llamas\"}]},{\"@type\":\"WebSite\",\"@id\":\"https:\\\/\\\/informelitoral.com.ar\\\/#website\",\"url\":\"https:\\\/\\\/informelitoral.com.ar\\\/\",\"name\":\"Informe Litoral\",\"description\":\"&quot;Nos informamos&quot; \",\"publisher\":{\"@id\":\"https:\\\/\\\/informelitoral.com.ar\\\/#organization\"},\"potentialAction\":[{\"@type\":\"SearchAction\",\"target\":{\"@type\":\"EntryPoint\",\"urlTemplate\":\"https:\\\/\\\/informelitoral.com.ar\\\/?s={search_term_string}\"},\"query-input\":{\"@type\":\"PropertyValueSpecification\",\"valueRequired\":true,\"valueName\":\"search_term_string\"}}],\"inLanguage\":\"es\"},{\"@type\":\"Organization\",\"@id\":\"https:\\\/\\\/informelitoral.com.ar\\\/#organization\",\"name\":\"Informe Litoral\",\"url\":\"https:\\\/\\\/informelitoral.com.ar\\\/\",\"logo\":{\"@type\":\"ImageObject\",\"inLanguage\":\"es\",\"@id\":\"https:\\\/\\\/informelitoral.com.ar\\\/#\\\/schema\\\/logo\\\/image\\\/\",\"url\":\"https:\\\/\\\/informelitoral.com.ar\\\/%77%70%2d%63%6f%6e%74%65%6e%74\\\/uploads\\\/2021\\\/01\\\/circulo.png\",\"contentUrl\":\"https:\\\/\\\/informelitoral.com.ar\\\/%77%70%2d%63%6f%6e%74%65%6e%74\\\/uploads\\\/2021\\\/01\\\/circulo.png\",\"width\":723,\"height\":731,\"caption\":\"Informe Litoral\"},\"image\":{\"@id\":\"https:\\\/\\\/informelitoral.com.ar\\\/#\\\/schema\\\/logo\\\/image\\\/\"},\"sameAs\":[\"https:\\\/\\\/www.facebook.com\\\/informelitoral\\\/\",\"https:\\\/\\\/x.com\\\/InformeLitoral\",\"https:\\\/\\\/www.instagram.com\\\/informelitoral\\\/\",\"https:\\\/\\\/www.youtube.com\\\/channel\\\/UCua4Qvz8Icb6MYqhoq9xLXw\"]},{\"@type\":\"Person\",\"@id\":\"https:\\\/\\\/informelitoral.com.ar\\\/#\\\/schema\\\/person\\\/f05f9f461677119578717524b127d6d5\",\"name\":\"Sebastian\",\"image\":{\"@type\":\"ImageObject\",\"inLanguage\":\"es\",\"@id\":\"https:\\\/\\\/secure.gravatar.com\\\/avatar\\\/b71bf7481d447dfb9583c7f2798e7cc64de6efb9067b74633ed8c31059a3bd82?s=96&d=mm&r=g\",\"url\":\"https:\\\/\\\/secure.gravatar.com\\\/avatar\\\/b71bf7481d447dfb9583c7f2798e7cc64de6efb9067b74633ed8c31059a3bd82?s=96&d=mm&r=g\",\"contentUrl\":\"https:\\\/\\\/secure.gravatar.com\\\/avatar\\\/b71bf7481d447dfb9583c7f2798e7cc64de6efb9067b74633ed8c31059a3bd82?s=96&d=mm&r=g\",\"caption\":\"Sebastian\"},\"url\":\"https:\\\/\\\/informelitoral.com.ar\\\/author\\\/sebastian\\\/\"}]}<\/script>","yoast_head_json":{"title":"Incendio en el frigor\u00edfico Soych\u00fa de Gualeguay: tras siete horas controlaron las llamas - Informe Litoral","robots":{"index":"index","follow":"follow","max-snippet":"max-snippet:-1","max-image-preview":"max-image-preview:large","max-video-preview":"max-video-preview:-1"},"canonical":"https:\/\/informelitoral.com.ar\/incendio-en-el-frigorifico-soychu-de-gualeguay-tras-siete-horas-controlaron-las-llamas\/","og_locale":"es_ES","og_type":"article","og_title":"Incendio en el frigor\u00edfico Soych\u00fa de Gualeguay: tras siete horas controlaron las llamas - Informe Litoral","og_description":"El incendio se desat\u00f3 en la ma\u00f1ana de este viernes. La empresa de Gualeguay tuvo grandes p\u00e9rdidas.","og_url":"https:\/\/informelitoral.com.ar\/incendio-en-el-frigorifico-soychu-de-gualeguay-tras-siete-horas-controlaron-las-llamas\/","og_site_name":"Informe Litoral","article_publisher":"https:\/\/www.facebook.com\/informelitoral\/","article_published_time":"2021-11-20T00:05:39+00:00","article_modified_time":"2021-11-20T11:22:23+00:00","og_image":[{"width":1280,"height":663,"url":"https:\/\/informelitoral.com.ar\/%77%70%2d%63%6f%6e%74%65%6e%74\/uploads\/2021\/11\/WhatsApp-Image-2021-11-19-at-9.04.50-PM.jpeg","type":"image\/jpeg"}],"author":"Sebastian","twitter_card":"summary_large_image","twitter_creator":"@InformeLitoral","twitter_site":"@InformeLitoral","twitter_misc":{"Escrito por":"Sebastian","Tiempo de lectura":"2 minutos"},"schema":{"@context":"https:\/\/schema.org","@graph":[{"@type":"Article","@id":"https:\/\/informelitoral.com.ar\/incendio-en-el-frigorifico-soychu-de-gualeguay-tras-siete-horas-controlaron-las-llamas\/#article","isPartOf":{"@id":"https:\/\/informelitoral.com.ar\/incendio-en-el-frigorifico-soychu-de-gualeguay-tras-siete-horas-controlaron-las-llamas\/"},"author":{"name":"Sebastian","@id":"https:\/\/informelitoral.com.ar\/#\/schema\/person\/f05f9f461677119578717524b127d6d5"},"headline":"Incendio en el frigor\u00edfico Soych\u00fa de Gualeguay: tras siete horas controlaron las llamas","datePublished":"2021-11-20T00:05:39+00:00","dateModified":"2021-11-20T11:22:23+00:00","mainEntityOfPage":{"@id":"https:\/\/informelitoral.com.ar\/incendio-en-el-frigorifico-soychu-de-gualeguay-tras-siete-horas-controlaron-las-llamas\/"},"wordCount":391,"commentCount":0,"publisher":{"@id":"https:\/\/informelitoral.com.ar\/#organization"},"image":{"@id":"https:\/\/informelitoral.com.ar\/incendio-en-el-frigorifico-soychu-de-gualeguay-tras-siete-horas-controlaron-las-llamas\/#primaryimage"},"thumbnailUrl":"https:\/\/informelitoral.com.ar\/%77%70%2d%63%6f%6e%74%65%6e%74\/uploads\/2021\/11\/WhatsApp-Image-2021-11-19-at-9.04.50-PM.jpeg","keywords":["Bomberos","Gualeguay","Incendio","Soy Chu"],"articleSection":["Policiales"],"inLanguage":"es","potentialAction":[{"@type":"CommentAction","name":"Comment","target":["https:\/\/informelitoral.com.ar\/incendio-en-el-frigorifico-soychu-de-gualeguay-tras-siete-horas-controlaron-las-llamas\/#respond"]}]},{"@type":"WebPage","@id":"https:\/\/informelitoral.com.ar\/incendio-en-el-frigorifico-soychu-de-gualeguay-tras-siete-horas-controlaron-las-llamas\/","url":"https:\/\/informelitoral.com.ar\/incendio-en-el-frigorifico-soychu-de-gualeguay-tras-siete-horas-controlaron-las-llamas\/","name":"Incendio en el frigor\u00edfico Soych\u00fa de Gualeguay: tras siete horas controlaron las llamas - Informe Litoral","isPartOf":{"@id":"https:\/\/informelitoral.com.ar\/#website"},"primaryImageOfPage":{"@id":"https:\/\/informelitoral.com.ar\/incendio-en-el-frigorifico-soychu-de-gualeguay-tras-siete-horas-controlaron-las-llamas\/#primaryimage"},"image":{"@id":"https:\/\/informelitoral.com.ar\/incendio-en-el-frigorifico-soychu-de-gualeguay-tras-siete-horas-controlaron-las-llamas\/#primaryimage"},"thumbnailUrl":"https:\/\/informelitoral.com.ar\/%77%70%2d%63%6f%6e%74%65%6e%74\/uploads\/2021\/11\/WhatsApp-Image-2021-11-19-at-9.04.50-PM.jpeg","datePublished":"2021-11-20T00:05:39+00:00","dateModified":"2021-11-20T11:22:23+00:00","breadcrumb":{"@id":"https:\/\/informelitoral.com.ar\/incendio-en-el-frigorifico-soychu-de-gualeguay-tras-siete-horas-controlaron-las-llamas\/#breadcrumb"},"inLanguage":"es","potentialAction":[{"@type":"ReadAction","target":["https:\/\/informelitoral.com.ar\/incendio-en-el-frigorifico-soychu-de-gualeguay-tras-siete-horas-controlaron-las-llamas\/"]}]},{"@type":"ImageObject","inLanguage":"es","@id":"https:\/\/informelitoral.com.ar\/incendio-en-el-frigorifico-soychu-de-gualeguay-tras-siete-horas-controlaron-las-llamas\/#primaryimage","url":"https:\/\/informelitoral.com.ar\/%77%70%2d%63%6f%6e%74%65%6e%74\/uploads\/2021\/11\/WhatsApp-Image-2021-11-19-at-9.04.50-PM.jpeg","contentUrl":"https:\/\/informelitoral.com.ar\/%77%70%2d%63%6f%6e%74%65%6e%74\/uploads\/2021\/11\/WhatsApp-Image-2021-11-19-at-9.04.50-PM.jpeg","width":1280,"height":663},{"@type":"BreadcrumbList","@id":"https:\/\/informelitoral.com.ar\/incendio-en-el-frigorifico-soychu-de-gualeguay-tras-siete-horas-controlaron-las-llamas\/#breadcrumb","itemListElement":[{"@type":"ListItem","position":1,"name":"Portada","item":"https:\/\/informelitoral.com.ar\/"},{"@type":"ListItem","position":2,"name":"Incendio en el frigor\u00edfico Soych\u00fa de Gualeguay: tras siete horas controlaron las llamas"}]},{"@type":"WebSite","@id":"https:\/\/informelitoral.com.ar\/#website","url":"https:\/\/informelitoral.com.ar\/","name":"Informe Litoral","description":"&quot;Nos informamos&quot; ","publisher":{"@id":"https:\/\/informelitoral.com.ar\/#organization"},"potentialAction":[{"@type":"SearchAction","target":{"@type":"EntryPoint","urlTemplate":"https:\/\/informelitoral.com.ar\/?s={search_term_string}"},"query-input":{"@type":"PropertyValueSpecification","valueRequired":true,"valueName":"search_term_string"}}],"inLanguage":"es"},{"@type":"Organization","@id":"https:\/\/informelitoral.com.ar\/#organization","name":"Informe Litoral","url":"https:\/\/informelitoral.com.ar\/","logo":{"@type":"ImageObject","inLanguage":"es","@id":"https:\/\/informelitoral.com.ar\/#\/schema\/logo\/image\/","url":"https:\/\/informelitoral.com.ar\/%77%70%2d%63%6f%6e%74%65%6e%74\/uploads\/2021\/01\/circulo.png","contentUrl":"https:\/\/informelitoral.com.ar\/%77%70%2d%63%6f%6e%74%65%6e%74\/uploads\/2021\/01\/circulo.png","width":723,"height":731,"caption":"Informe Litoral"},"image":{"@id":"https:\/\/informelitoral.com.ar\/#\/schema\/logo\/image\/"},"sameAs":["https:\/\/www.facebook.com\/informelitoral\/","https:\/\/x.com\/InformeLitoral","https:\/\/www.instagram.com\/informelitoral\/","https:\/\/www.youtube.com\/channel\/UCua4Qvz8Icb6MYqhoq9xLXw"]},{"@type":"Person","@id":"https:\/\/informelitoral.com.ar\/#\/schema\/person\/f05f9f461677119578717524b127d6d5","name":"Sebastian","image":{"@type":"ImageObject","inLanguage":"es","@id":"https:\/\/secure.gravatar.com\/avatar\/b71bf7481d447dfb9583c7f2798e7cc64de6efb9067b74633ed8c31059a3bd82?s=96&d=mm&r=g","url":"https:\/\/secure.gravatar.com\/avatar\/b71bf7481d447dfb9583c7f2798e7cc64de6efb9067b74633ed8c31059a3bd82?s=96&d=mm&r=g","contentUrl":"https:\/\/secure.gravatar.com\/avatar\/b71bf7481d447dfb9583c7f2798e7cc64de6efb9067b74633ed8c31059a3bd82?s=96&d=mm&r=g","caption":"Sebastian"},"url":"https:\/\/informelitoral.com.ar\/author\/sebastian\/"}]}},"_links":{"self":[{"href":"https:\/\/informelitoral.com.ar\/%77%70%2d%6a%73%6f%6e\/wp\/v2\/posts\/67839","targetHints":{"allow":["GET"]}}],"collection":[{"href":"https:\/\/informelitoral.com.ar\/%77%70%2d%6a%73%6f%6e\/wp\/v2\/posts"}],"about":[{"href":"https:\/\/informelitoral.com.ar\/%77%70%2d%6a%73%6f%6e\/wp\/v2\/types\/post"}],"author":[{"embeddable":true,"href":"https:\/\/informelitoral.com.ar\/%77%70%2d%6a%73%6f%6e\/wp\/v2\/users\/8"}],"replies":[{"embeddable":true,"href":"https:\/\/informelitoral.com.ar\/%77%70%2d%6a%73%6f%6e\/wp\/v2\/comments?post=67839"}],"version-history":[{"count":0,"href":"https:\/\/informelitoral.com.ar\/%77%70%2d%6a%73%6f%6e\/wp\/v2\/posts\/67839\/revisions"}],"wp:featuredmedia":[{"embeddable":true,"href":"https:\/\/informelitoral.com.ar\/%77%70%2d%6a%73%6f%6e\/wp\/v2\/media\/67840"}],"wp:attachment":[{"href":"https:\/\/informelitoral.com.ar\/%77%70%2d%6a%73%6f%6e\/wp\/v2\/media?parent=67839"}],"wp:term":[{"taxonomy":"category","embeddable":true,"href":"https:\/\/informelitoral.com.ar\/%77%70%2d%6a%73%6f%6e\/wp\/v2\/categories?post=67839"},{"taxonomy":"post_tag","embeddable":true,"href":"https:\/\/informelitoral.com.ar\/%77%70%2d%6a%73%6f%6e\/wp\/v2\/tags?post=67839"}],"curies":[{"name":"wp","href":"https:\/\/api.w.org\/{rel}","templated":true}]}}