{"id":67821,"date":"2021-11-19T14:53:02","date_gmt":"2021-11-19T17:53:02","guid":{"rendered":"https:\/\/www.informelitoral.com.ar\/?p=67821"},"modified":"2021-11-19T14:53:02","modified_gmt":"2021-11-19T17:53:02","slug":"entre-el-martes-y-viernes-se-registraron-98-nuevos-casos-de-coronavirus-en-entre-rios","status":"publish","type":"post","link":"https:\/\/informelitoral.com.ar\/entre-el-martes-y-viernes-se-registraron-98-nuevos-casos-de-coronavirus-en-entre-rios\/","title":{"rendered":"Entre el martes y viernes se registraron 98 nuevos casos de coronavirus en Entre R\u00edos"},"content":{"rendered":"<p>El \u00e1rea de Vigilancia Epidemiol\u00f3gica del Ministerio de Salud confirm\u00f3 que<strong> en Entre R\u00edos, entre el martes y viernes se registraron 98 nuevos casos de coronavirus.<\/strong><\/p>\n<p>Los mismos corresponden a la suma de los d\u00edas<strong> martes 16, mi\u00e9rcoles 17, jueves 18 y viernes 19.<\/strong><\/p>\n<h3>Los casos se distribuyen de la siguiente manera:<\/h3>\n<p><strong>Departamento Paran\u00e1 28, distribuidos en:<\/strong><\/p>\n<p>CERRITO 3<br \/>\nCOLONIA AVELLANEDA 1<br \/>\nHASENKAMP 1<br \/>\nHERNANDARIAS 1<br \/>\nLA PICADA 1<br \/>\nMARIA GRANDE 2<br \/>\nPARANA 18<br \/>\nVIALE 1<\/p>\n<p><strong>Departamento Col\u00f3n 6, distribuidos en:<\/strong><br \/>\nCOLON 6<\/p>\n<p><strong>Departamento Concordia 6, distribuidos en:<\/strong><br \/>\nCONCORDIA 6<\/p>\n<p><span style=\"background-color: #ffff00;\">\u00a0<strong>Departamento Diamante 6, distribuidos en:<\/strong><\/span><br \/>\n<span style=\"background-color: #ffff00;\">ALDEA PROTESTANTE 1<\/span><br \/>\n<span style=\"background-color: #ffff00;\">DIAMANTE 4<\/span><br \/>\n<span style=\"background-color: #ffff00;\">GENERAL RAMIREZ 1<\/span><\/p>\n<p><strong>Departamento Federaci\u00f3n 2, distribuidos en:<\/strong><br \/>\nCHAJARI 2<\/p>\n<p><strong>Departamento Gualeguay 3, distribuidos en:<\/strong><br \/>\nALDEA ASUNCION 1<br \/>\nGENERAL GALARZA 2<\/p>\n<p><strong>Departamento Gualeguaych\u00fa 12, distribuidos en:<\/strong><br \/>\nGUALEGUAYCHU 11<br \/>\nPUEBLO GENERAL BELGRANO 1<\/p>\n<p><strong>Departamento Islas 5, distribuidos en:<\/strong><br \/>\nIBICUY 4<br \/>\nVILLA PARANACITO 1<\/p>\n<p><strong>Departamento La Paz 1, distribuidos en:<\/strong><br \/>\nSANTA ELENA 1<\/p>\n<p><strong>Departamento San Salvador 4, distribuidos en:<\/strong><br \/>\nSAN SALVADOR 4<\/p>\n<p><strong>Departamento Tala 15, distribuidos en:<\/strong><br \/>\nDURAZNO 1<br \/>\nGOBERNADOR MANSILLA 1<br \/>\nMACIA 3<br \/>\nROSARIO DEL TALA 10<\/p>\n<p><strong>Departamento Uruguay 1, distribuidos en:<\/strong><br \/>\nCONCEPCION DEL URUGUAY 1<\/p>\n<p><strong>Departamento Victoria 6, distribuidos en:<\/strong><br \/>\nVICTORIA 6<\/p>\n<p><strong>Departamento Villaguay 3, distribuidos en:<\/strong><br \/>\nVILLA CLARA 1<br \/>\nVILLAGUAY 2<\/p>\n<p>Cabe destacar que, 54 de los casos confirmados registrados en el reporte del d\u00eda, tienen su correlato con registraciones anteriores al mes en curso. Dichos casos corresponden a las localidades de: Aldea Asunci\u00f3n (1), Aldea Protestante (1), Cerrito (3), Chajar\u00ed (1), Concepci\u00f3n del Uruguay (1), Durazno (1), General Galarza (1), General Ram\u00edrez (1), Gobernador Mansilla (1), Gualeguaych\u00fa (7), Hasenkamp (1), Hernandarias (1), La Picada (1), Macia (3), Mar\u00eda Grande (1), Paran\u00e1 (10), Pueblo General Belgrano (1), Rosario del Tala (10), San Salvador (1), Viale (1), Victoria (5), Villaguay (1).<\/p>\n<h4>De ese modo, <strong>en la provincia son 138.459 los casos confirmados.<\/strong><\/h4>\n<p><a href=\"https:\/\/www.informelitoral.com.ar\/%77%70%2d%63%6f%6e%74%65%6e%74\/uploads\/2021\/11\/c3be54fe-cb40-4af6-b3b4-0ef09755a83e.jpg\"><img loading=\"lazy\" decoding=\"async\" class=\"aligncenter wp-image-67822 size-large\" src=\"https:\/\/www.informelitoral.com.ar\/%77%70%2d%63%6f%6e%74%65%6e%74\/uploads\/2021\/11\/c3be54fe-cb40-4af6-b3b4-0ef09755a83e-962x1024.jpg\" alt=\"\" width=\"696\" height=\"741\" srcset=\"https:\/\/informelitoral.com.ar\/%77%70%2d%63%6f%6e%74%65%6e%74\/uploads\/2021\/11\/c3be54fe-cb40-4af6-b3b4-0ef09755a83e-962x1024.jpg 962w, https:\/\/informelitoral.com.ar\/%77%70%2d%63%6f%6e%74%65%6e%74\/uploads\/2021\/11\/c3be54fe-cb40-4af6-b3b4-0ef09755a83e-282x300.jpg 282w, https:\/\/informelitoral.com.ar\/%77%70%2d%63%6f%6e%74%65%6e%74\/uploads\/2021\/11\/c3be54fe-cb40-4af6-b3b4-0ef09755a83e-768x817.jpg 768w, https:\/\/informelitoral.com.ar\/%77%70%2d%63%6f%6e%74%65%6e%74\/uploads\/2021\/11\/c3be54fe-cb40-4af6-b3b4-0ef09755a83e-696x741.jpg 696w, https:\/\/informelitoral.com.ar\/%77%70%2d%63%6f%6e%74%65%6e%74\/uploads\/2021\/11\/c3be54fe-cb40-4af6-b3b4-0ef09755a83e-1068x1136.jpg 1068w, https:\/\/informelitoral.com.ar\/%77%70%2d%63%6f%6e%74%65%6e%74\/uploads\/2021\/11\/c3be54fe-cb40-4af6-b3b4-0ef09755a83e-395x420.jpg 395w, https:\/\/informelitoral.com.ar\/%77%70%2d%63%6f%6e%74%65%6e%74\/uploads\/2021\/11\/c3be54fe-cb40-4af6-b3b4-0ef09755a83e.jpg 1203w\" sizes=\"auto, (max-width: 696px) 100vw, 696px\" \/><\/a><\/p>\n<h3><strong>Decesos<\/strong><\/h3>\n<p>Se registraron en la provincia <strong>ocho fallecimientos asociadas a coronavirus.<\/strong><\/p>\n<p>Se trata de <strong>cinco hombres.<\/strong> <strong>Cuatro de ellos oriundos de Paran\u00e1 y el quinto de Concepci\u00f3n del Uruguay.<\/strong><\/p>\n<p>Por otro lado, se notific\u00f3 el deceso de <strong>tres mujeres, todas procedentes de Paran\u00e1.<\/strong><br \/>\nDesde el \u00e1rea de Vigilancia Epidemiol\u00f3gica se aclara que dichos registros, fueron actualizados recientemente en la base de datos; ya que se produjeron en meses anteriores.<\/p>\n<h3>De esta manera, <strong>en la provincia son 2.475 los fallecidos por Covid-19.<\/strong><\/h3>\n","protected":false},"excerpt":{"rendered":"<p>No obstante, aclaran que 54 contagios se registraron anteriormente al mes en curso. Los detalles del reporte epidemiol\u00f3gico por departamento y localidades.<\/p>\n","protected":false},"author":2,"featured_media":45563,"comment_status":"open","ping_status":"open","sticky":false,"template":"","format":"standard","meta":{"fifu_image_url":"","fifu_image_alt":"","footnotes":""},"categories":[6],"tags":[1426,1481,81],"class_list":{"0":"post-67821","1":"post","2":"type-post","3":"status-publish","4":"format-standard","5":"has-post-thumbnail","7":"category-entre-rios","8":"tag-coronavirus","9":"tag-covid-19","10":"tag-entre-rios"},"yoast_head":"<title>Entre el martes y viernes se registraron 98 nuevos casos de coronavirus en Entre R\u00edos - Informe Litoral<\/title>\n<meta name=\"robots\" content=\"index, follow, max-snippet:-1, max-image-preview:large, max-video-preview:-1\" \/>\n<link rel=\"canonical\" href=\"https:\/\/informelitoral.com.ar\/entre-el-martes-y-viernes-se-registraron-98-nuevos-casos-de-coronavirus-en-entre-rios\/\" \/>\n<meta property=\"og:locale\" content=\"es_ES\" \/>\n<meta property=\"og:type\" content=\"article\" \/>\n<meta property=\"og:title\" content=\"Entre el martes y viernes se registraron 98 nuevos casos de coronavirus en Entre R\u00edos - Informe Litoral\" \/>\n<meta property=\"og:description\" content=\"No obstante, aclaran que 54 contagios se registraron anteriormente al mes en curso. Los detalles del reporte epidemiol\u00f3gico por departamento y localidades.\" \/>\n<meta property=\"og:url\" content=\"https:\/\/informelitoral.com.ar\/entre-el-martes-y-viernes-se-registraron-98-nuevos-casos-de-coronavirus-en-entre-rios\/\" \/>\n<meta property=\"og:site_name\" content=\"Informe Litoral\" \/>\n<meta property=\"article:publisher\" content=\"https:\/\/www.facebook.com\/informelitoral\/\" \/>\n<meta property=\"article:published_time\" content=\"2021-11-19T17:53:02+00:00\" \/>\n<meta property=\"og:image\" content=\"https:\/\/informelitoral.com.ar\/%77%70%2d%63%6f%6e%74%65%6e%74\/uploads\/2020\/07\/coronavirus.jpg\" \/>\n\t<meta property=\"og:image:width\" content=\"512\" \/>\n\t<meta property=\"og:image:height\" content=\"287\" \/>\n\t<meta property=\"og:image:type\" content=\"image\/jpeg\" \/>\n<meta name=\"author\" content=\"Gonzalo Schmidt\" \/>\n<meta name=\"twitter:card\" content=\"summary_large_image\" \/>\n<meta name=\"twitter:creator\" content=\"@InformeLitoral\" \/>\n<meta name=\"twitter:site\" content=\"@InformeLitoral\" \/>\n<meta name=\"twitter:label1\" content=\"Escrito por\" \/>\n\t<meta name=\"twitter:data1\" content=\"Gonzalo Schmidt\" \/>\n\t<meta name=\"twitter:label2\" content=\"Tiempo de lectura\" \/>\n\t<meta name=\"twitter:data2\" content=\"2 minutos\" \/>\n<script type=\"application\/ld+json\" class=\"yoast-schema-graph\">{\"@context\":\"https:\\\/\\\/schema.org\",\"@graph\":[{\"@type\":\"Article\",\"@id\":\"https:\\\/\\\/informelitoral.com.ar\\\/entre-el-martes-y-viernes-se-registraron-98-nuevos-casos-de-coronavirus-en-entre-rios\\\/#article\",\"isPartOf\":{\"@id\":\"https:\\\/\\\/informelitoral.com.ar\\\/entre-el-martes-y-viernes-se-registraron-98-nuevos-casos-de-coronavirus-en-entre-rios\\\/\"},\"author\":{\"name\":\"Gonzalo Schmidt\",\"@id\":\"https:\\\/\\\/informelitoral.com.ar\\\/#\\\/schema\\\/person\\\/b9d00407c836482871ef1d57bf8e3180\"},\"headline\":\"Entre el martes y viernes se registraron 98 nuevos casos de coronavirus en Entre R\u00edos\",\"datePublished\":\"2021-11-19T17:53:02+00:00\",\"mainEntityOfPage\":{\"@id\":\"https:\\\/\\\/informelitoral.com.ar\\\/entre-el-martes-y-viernes-se-registraron-98-nuevos-casos-de-coronavirus-en-entre-rios\\\/\"},\"wordCount\":337,\"commentCount\":0,\"publisher\":{\"@id\":\"https:\\\/\\\/informelitoral.com.ar\\\/#organization\"},\"image\":{\"@id\":\"https:\\\/\\\/informelitoral.com.ar\\\/entre-el-martes-y-viernes-se-registraron-98-nuevos-casos-de-coronavirus-en-entre-rios\\\/#primaryimage\"},\"thumbnailUrl\":\"https:\\\/\\\/informelitoral.com.ar\\\/%77%70%2d%63%6f%6e%74%65%6e%74\\\/uploads\\\/2020\\\/07\\\/coronavirus.jpg\",\"keywords\":[\"Coronavirus\",\"COVID-19\",\"Entre R\u00edos\"],\"articleSection\":[\"Entre R\u00edos\"],\"inLanguage\":\"es\",\"potentialAction\":[{\"@type\":\"CommentAction\",\"name\":\"Comment\",\"target\":[\"https:\\\/\\\/informelitoral.com.ar\\\/entre-el-martes-y-viernes-se-registraron-98-nuevos-casos-de-coronavirus-en-entre-rios\\\/#respond\"]}]},{\"@type\":\"WebPage\",\"@id\":\"https:\\\/\\\/informelitoral.com.ar\\\/entre-el-martes-y-viernes-se-registraron-98-nuevos-casos-de-coronavirus-en-entre-rios\\\/\",\"url\":\"https:\\\/\\\/informelitoral.com.ar\\\/entre-el-martes-y-viernes-se-registraron-98-nuevos-casos-de-coronavirus-en-entre-rios\\\/\",\"name\":\"Entre el martes y viernes se registraron 98 nuevos casos de coronavirus en Entre R\u00edos - Informe Litoral\",\"isPartOf\":{\"@id\":\"https:\\\/\\\/informelitoral.com.ar\\\/#website\"},\"primaryImageOfPage\":{\"@id\":\"https:\\\/\\\/informelitoral.com.ar\\\/entre-el-martes-y-viernes-se-registraron-98-nuevos-casos-de-coronavirus-en-entre-rios\\\/#primaryimage\"},\"image\":{\"@id\":\"https:\\\/\\\/informelitoral.com.ar\\\/entre-el-martes-y-viernes-se-registraron-98-nuevos-casos-de-coronavirus-en-entre-rios\\\/#primaryimage\"},\"thumbnailUrl\":\"https:\\\/\\\/informelitoral.com.ar\\\/%77%70%2d%63%6f%6e%74%65%6e%74\\\/uploads\\\/2020\\\/07\\\/coronavirus.jpg\",\"datePublished\":\"2021-11-19T17:53:02+00:00\",\"breadcrumb\":{\"@id\":\"https:\\\/\\\/informelitoral.com.ar\\\/entre-el-martes-y-viernes-se-registraron-98-nuevos-casos-de-coronavirus-en-entre-rios\\\/#breadcrumb\"},\"inLanguage\":\"es\",\"potentialAction\":[{\"@type\":\"ReadAction\",\"target\":[\"https:\\\/\\\/informelitoral.com.ar\\\/entre-el-martes-y-viernes-se-registraron-98-nuevos-casos-de-coronavirus-en-entre-rios\\\/\"]}]},{\"@type\":\"ImageObject\",\"inLanguage\":\"es\",\"@id\":\"https:\\\/\\\/informelitoral.com.ar\\\/entre-el-martes-y-viernes-se-registraron-98-nuevos-casos-de-coronavirus-en-entre-rios\\\/#primaryimage\",\"url\":\"https:\\\/\\\/informelitoral.com.ar\\\/%77%70%2d%63%6f%6e%74%65%6e%74\\\/uploads\\\/2020\\\/07\\\/coronavirus.jpg\",\"contentUrl\":\"https:\\\/\\\/informelitoral.com.ar\\\/%77%70%2d%63%6f%6e%74%65%6e%74\\\/uploads\\\/2020\\\/07\\\/coronavirus.jpg\",\"width\":512,\"height\":287},{\"@type\":\"BreadcrumbList\",\"@id\":\"https:\\\/\\\/informelitoral.com.ar\\\/entre-el-martes-y-viernes-se-registraron-98-nuevos-casos-de-coronavirus-en-entre-rios\\\/#breadcrumb\",\"itemListElement\":[{\"@type\":\"ListItem\",\"position\":1,\"name\":\"Portada\",\"item\":\"https:\\\/\\\/informelitoral.com.ar\\\/\"},{\"@type\":\"ListItem\",\"position\":2,\"name\":\"Entre el martes y viernes se registraron 98 nuevos casos de coronavirus en Entre R\u00edos\"}]},{\"@type\":\"WebSite\",\"@id\":\"https:\\\/\\\/informelitoral.com.ar\\\/#website\",\"url\":\"https:\\\/\\\/informelitoral.com.ar\\\/\",\"name\":\"Informe Litoral\",\"description\":\"&quot;Nos informamos&quot; \",\"publisher\":{\"@id\":\"https:\\\/\\\/informelitoral.com.ar\\\/#organization\"},\"potentialAction\":[{\"@type\":\"SearchAction\",\"target\":{\"@type\":\"EntryPoint\",\"urlTemplate\":\"https:\\\/\\\/informelitoral.com.ar\\\/?s={search_term_string}\"},\"query-input\":{\"@type\":\"PropertyValueSpecification\",\"valueRequired\":true,\"valueName\":\"search_term_string\"}}],\"inLanguage\":\"es\"},{\"@type\":\"Organization\",\"@id\":\"https:\\\/\\\/informelitoral.com.ar\\\/#organization\",\"name\":\"Informe Litoral\",\"url\":\"https:\\\/\\\/informelitoral.com.ar\\\/\",\"logo\":{\"@type\":\"ImageObject\",\"inLanguage\":\"es\",\"@id\":\"https:\\\/\\\/informelitoral.com.ar\\\/#\\\/schema\\\/logo\\\/image\\\/\",\"url\":\"https:\\\/\\\/informelitoral.com.ar\\\/%77%70%2d%63%6f%6e%74%65%6e%74\\\/uploads\\\/2021\\\/01\\\/circulo.png\",\"contentUrl\":\"https:\\\/\\\/informelitoral.com.ar\\\/%77%70%2d%63%6f%6e%74%65%6e%74\\\/uploads\\\/2021\\\/01\\\/circulo.png\",\"width\":723,\"height\":731,\"caption\":\"Informe Litoral\"},\"image\":{\"@id\":\"https:\\\/\\\/informelitoral.com.ar\\\/#\\\/schema\\\/logo\\\/image\\\/\"},\"sameAs\":[\"https:\\\/\\\/www.facebook.com\\\/informelitoral\\\/\",\"https:\\\/\\\/x.com\\\/InformeLitoral\",\"https:\\\/\\\/www.instagram.com\\\/informelitoral\\\/\",\"https:\\\/\\\/www.youtube.com\\\/channel\\\/UCua4Qvz8Icb6MYqhoq9xLXw\"]},{\"@type\":\"Person\",\"@id\":\"https:\\\/\\\/informelitoral.com.ar\\\/#\\\/schema\\\/person\\\/b9d00407c836482871ef1d57bf8e3180\",\"name\":\"Gonzalo Schmidt\",\"image\":{\"@type\":\"ImageObject\",\"inLanguage\":\"es\",\"@id\":\"https:\\\/\\\/secure.gravatar.com\\\/avatar\\\/31a1a7b66ff2de83bd0e9fd79d026630d2d99e55e8bfe501287647b4fd9743de?s=96&d=mm&r=g\",\"url\":\"https:\\\/\\\/secure.gravatar.com\\\/avatar\\\/31a1a7b66ff2de83bd0e9fd79d026630d2d99e55e8bfe501287647b4fd9743de?s=96&d=mm&r=g\",\"contentUrl\":\"https:\\\/\\\/secure.gravatar.com\\\/avatar\\\/31a1a7b66ff2de83bd0e9fd79d026630d2d99e55e8bfe501287647b4fd9743de?s=96&d=mm&r=g\",\"caption\":\"Gonzalo Schmidt\"},\"description\":\"Sitio web de noticias de la provincia de Entre R\u00edos, Argentina. Informaci\u00f3n y entretenimiento. Informe Litoral, nos informamos.\",\"sameAs\":[\"http:\\\/\\\/www.isletasnoticias.com.ar\"],\"url\":\"https:\\\/\\\/informelitoral.com.ar\\\/author\\\/gonzalo\\\/\"}]}<\/script>","yoast_head_json":{"title":"Entre el martes y viernes se registraron 98 nuevos casos de coronavirus en Entre R\u00edos - Informe Litoral","robots":{"index":"index","follow":"follow","max-snippet":"max-snippet:-1","max-image-preview":"max-image-preview:large","max-video-preview":"max-video-preview:-1"},"canonical":"https:\/\/informelitoral.com.ar\/entre-el-martes-y-viernes-se-registraron-98-nuevos-casos-de-coronavirus-en-entre-rios\/","og_locale":"es_ES","og_type":"article","og_title":"Entre el martes y viernes se registraron 98 nuevos casos de coronavirus en Entre R\u00edos - Informe Litoral","og_description":"No obstante, aclaran que 54 contagios se registraron anteriormente al mes en curso. Los detalles del reporte epidemiol\u00f3gico por departamento y localidades.","og_url":"https:\/\/informelitoral.com.ar\/entre-el-martes-y-viernes-se-registraron-98-nuevos-casos-de-coronavirus-en-entre-rios\/","og_site_name":"Informe Litoral","article_publisher":"https:\/\/www.facebook.com\/informelitoral\/","article_published_time":"2021-11-19T17:53:02+00:00","og_image":[{"width":512,"height":287,"url":"https:\/\/informelitoral.com.ar\/%77%70%2d%63%6f%6e%74%65%6e%74\/uploads\/2020\/07\/coronavirus.jpg","type":"image\/jpeg"}],"author":"Gonzalo Schmidt","twitter_card":"summary_large_image","twitter_creator":"@InformeLitoral","twitter_site":"@InformeLitoral","twitter_misc":{"Escrito por":"Gonzalo Schmidt","Tiempo de lectura":"2 minutos"},"schema":{"@context":"https:\/\/schema.org","@graph":[{"@type":"Article","@id":"https:\/\/informelitoral.com.ar\/entre-el-martes-y-viernes-se-registraron-98-nuevos-casos-de-coronavirus-en-entre-rios\/#article","isPartOf":{"@id":"https:\/\/informelitoral.com.ar\/entre-el-martes-y-viernes-se-registraron-98-nuevos-casos-de-coronavirus-en-entre-rios\/"},"author":{"name":"Gonzalo Schmidt","@id":"https:\/\/informelitoral.com.ar\/#\/schema\/person\/b9d00407c836482871ef1d57bf8e3180"},"headline":"Entre el martes y viernes se registraron 98 nuevos casos de coronavirus en Entre R\u00edos","datePublished":"2021-11-19T17:53:02+00:00","mainEntityOfPage":{"@id":"https:\/\/informelitoral.com.ar\/entre-el-martes-y-viernes-se-registraron-98-nuevos-casos-de-coronavirus-en-entre-rios\/"},"wordCount":337,"commentCount":0,"publisher":{"@id":"https:\/\/informelitoral.com.ar\/#organization"},"image":{"@id":"https:\/\/informelitoral.com.ar\/entre-el-martes-y-viernes-se-registraron-98-nuevos-casos-de-coronavirus-en-entre-rios\/#primaryimage"},"thumbnailUrl":"https:\/\/informelitoral.com.ar\/%77%70%2d%63%6f%6e%74%65%6e%74\/uploads\/2020\/07\/coronavirus.jpg","keywords":["Coronavirus","COVID-19","Entre R\u00edos"],"articleSection":["Entre R\u00edos"],"inLanguage":"es","potentialAction":[{"@type":"CommentAction","name":"Comment","target":["https:\/\/informelitoral.com.ar\/entre-el-martes-y-viernes-se-registraron-98-nuevos-casos-de-coronavirus-en-entre-rios\/#respond"]}]},{"@type":"WebPage","@id":"https:\/\/informelitoral.com.ar\/entre-el-martes-y-viernes-se-registraron-98-nuevos-casos-de-coronavirus-en-entre-rios\/","url":"https:\/\/informelitoral.com.ar\/entre-el-martes-y-viernes-se-registraron-98-nuevos-casos-de-coronavirus-en-entre-rios\/","name":"Entre el martes y viernes se registraron 98 nuevos casos de coronavirus en Entre R\u00edos - Informe Litoral","isPartOf":{"@id":"https:\/\/informelitoral.com.ar\/#website"},"primaryImageOfPage":{"@id":"https:\/\/informelitoral.com.ar\/entre-el-martes-y-viernes-se-registraron-98-nuevos-casos-de-coronavirus-en-entre-rios\/#primaryimage"},"image":{"@id":"https:\/\/informelitoral.com.ar\/entre-el-martes-y-viernes-se-registraron-98-nuevos-casos-de-coronavirus-en-entre-rios\/#primaryimage"},"thumbnailUrl":"https:\/\/informelitoral.com.ar\/%77%70%2d%63%6f%6e%74%65%6e%74\/uploads\/2020\/07\/coronavirus.jpg","datePublished":"2021-11-19T17:53:02+00:00","breadcrumb":{"@id":"https:\/\/informelitoral.com.ar\/entre-el-martes-y-viernes-se-registraron-98-nuevos-casos-de-coronavirus-en-entre-rios\/#breadcrumb"},"inLanguage":"es","potentialAction":[{"@type":"ReadAction","target":["https:\/\/informelitoral.com.ar\/entre-el-martes-y-viernes-se-registraron-98-nuevos-casos-de-coronavirus-en-entre-rios\/"]}]},{"@type":"ImageObject","inLanguage":"es","@id":"https:\/\/informelitoral.com.ar\/entre-el-martes-y-viernes-se-registraron-98-nuevos-casos-de-coronavirus-en-entre-rios\/#primaryimage","url":"https:\/\/informelitoral.com.ar\/%77%70%2d%63%6f%6e%74%65%6e%74\/uploads\/2020\/07\/coronavirus.jpg","contentUrl":"https:\/\/informelitoral.com.ar\/%77%70%2d%63%6f%6e%74%65%6e%74\/uploads\/2020\/07\/coronavirus.jpg","width":512,"height":287},{"@type":"BreadcrumbList","@id":"https:\/\/informelitoral.com.ar\/entre-el-martes-y-viernes-se-registraron-98-nuevos-casos-de-coronavirus-en-entre-rios\/#breadcrumb","itemListElement":[{"@type":"ListItem","position":1,"name":"Portada","item":"https:\/\/informelitoral.com.ar\/"},{"@type":"ListItem","position":2,"name":"Entre el martes y viernes se registraron 98 nuevos casos de coronavirus en Entre R\u00edos"}]},{"@type":"WebSite","@id":"https:\/\/informelitoral.com.ar\/#website","url":"https:\/\/informelitoral.com.ar\/","name":"Informe Litoral","description":"&quot;Nos informamos&quot; ","publisher":{"@id":"https:\/\/informelitoral.com.ar\/#organization"},"potentialAction":[{"@type":"SearchAction","target":{"@type":"EntryPoint","urlTemplate":"https:\/\/informelitoral.com.ar\/?s={search_term_string}"},"query-input":{"@type":"PropertyValueSpecification","valueRequired":true,"valueName":"search_term_string"}}],"inLanguage":"es"},{"@type":"Organization","@id":"https:\/\/informelitoral.com.ar\/#organization","name":"Informe Litoral","url":"https:\/\/informelitoral.com.ar\/","logo":{"@type":"ImageObject","inLanguage":"es","@id":"https:\/\/informelitoral.com.ar\/#\/schema\/logo\/image\/","url":"https:\/\/informelitoral.com.ar\/%77%70%2d%63%6f%6e%74%65%6e%74\/uploads\/2021\/01\/circulo.png","contentUrl":"https:\/\/informelitoral.com.ar\/%77%70%2d%63%6f%6e%74%65%6e%74\/uploads\/2021\/01\/circulo.png","width":723,"height":731,"caption":"Informe Litoral"},"image":{"@id":"https:\/\/informelitoral.com.ar\/#\/schema\/logo\/image\/"},"sameAs":["https:\/\/www.facebook.com\/informelitoral\/","https:\/\/x.com\/InformeLitoral","https:\/\/www.instagram.com\/informelitoral\/","https:\/\/www.youtube.com\/channel\/UCua4Qvz8Icb6MYqhoq9xLXw"]},{"@type":"Person","@id":"https:\/\/informelitoral.com.ar\/#\/schema\/person\/b9d00407c836482871ef1d57bf8e3180","name":"Gonzalo Schmidt","image":{"@type":"ImageObject","inLanguage":"es","@id":"https:\/\/secure.gravatar.com\/avatar\/31a1a7b66ff2de83bd0e9fd79d026630d2d99e55e8bfe501287647b4fd9743de?s=96&d=mm&r=g","url":"https:\/\/secure.gravatar.com\/avatar\/31a1a7b66ff2de83bd0e9fd79d026630d2d99e55e8bfe501287647b4fd9743de?s=96&d=mm&r=g","contentUrl":"https:\/\/secure.gravatar.com\/avatar\/31a1a7b66ff2de83bd0e9fd79d026630d2d99e55e8bfe501287647b4fd9743de?s=96&d=mm&r=g","caption":"Gonzalo Schmidt"},"description":"Sitio web de noticias de la provincia de Entre R\u00edos, Argentina. Informaci\u00f3n y entretenimiento. Informe Litoral, nos informamos.","sameAs":["http:\/\/www.isletasnoticias.com.ar"],"url":"https:\/\/informelitoral.com.ar\/author\/gonzalo\/"}]}},"_links":{"self":[{"href":"https:\/\/informelitoral.com.ar\/%77%70%2d%6a%73%6f%6e\/wp\/v2\/posts\/67821","targetHints":{"allow":["GET"]}}],"collection":[{"href":"https:\/\/informelitoral.com.ar\/%77%70%2d%6a%73%6f%6e\/wp\/v2\/posts"}],"about":[{"href":"https:\/\/informelitoral.com.ar\/%77%70%2d%6a%73%6f%6e\/wp\/v2\/types\/post"}],"author":[{"embeddable":true,"href":"https:\/\/informelitoral.com.ar\/%77%70%2d%6a%73%6f%6e\/wp\/v2\/users\/2"}],"replies":[{"embeddable":true,"href":"https:\/\/informelitoral.com.ar\/%77%70%2d%6a%73%6f%6e\/wp\/v2\/comments?post=67821"}],"version-history":[{"count":0,"href":"https:\/\/informelitoral.com.ar\/%77%70%2d%6a%73%6f%6e\/wp\/v2\/posts\/67821\/revisions"}],"wp:featuredmedia":[{"embeddable":true,"href":"https:\/\/informelitoral.com.ar\/%77%70%2d%6a%73%6f%6e\/wp\/v2\/media\/45563"}],"wp:attachment":[{"href":"https:\/\/informelitoral.com.ar\/%77%70%2d%6a%73%6f%6e\/wp\/v2\/media?parent=67821"}],"wp:term":[{"taxonomy":"category","embeddable":true,"href":"https:\/\/informelitoral.com.ar\/%77%70%2d%6a%73%6f%6e\/wp\/v2\/categories?post=67821"},{"taxonomy":"post_tag","embeddable":true,"href":"https:\/\/informelitoral.com.ar\/%77%70%2d%6a%73%6f%6e\/wp\/v2\/tags?post=67821"}],"curies":[{"name":"wp","href":"https:\/\/api.w.org\/{rel}","templated":true}]}}