{"id":67818,"date":"2021-11-19T07:37:12","date_gmt":"2021-11-19T10:37:12","guid":{"rendered":"https:\/\/www.informelitoral.com.ar\/?p=67818"},"modified":"2021-11-19T07:37:12","modified_gmt":"2021-11-19T10:37:12","slug":"murio-un-chico-baleado-por-la-policia-de-la-ciudad-de-buenos-aires","status":"publish","type":"post","link":"https:\/\/informelitoral.com.ar\/murio-un-chico-baleado-por-la-policia-de-la-ciudad-de-buenos-aires\/","title":{"rendered":"Muri\u00f3 un chico baleado por la Polic\u00eda de la Ciudad de Buenos Aires"},"content":{"rendered":"<section class=\"detail-body first-paragraph\">\n<section id=\"note-body\" class=\"body-content note-body content-protected-false\" data-twitter-link=\"https:\/\/twitter.com\/intent\/tweet?url=https:\/\/www.minutouno.com\/c5319824&amp;v\u00eda=Ambitocom&amp;related=MinutoUno&amp;text=\"><strong>Lucas Gonz\u00e1lez<\/strong>, el jugador de las inferiores de\u00a0<strong>Barracas Central<\/strong>\u00a0de 17 a\u00f1os que fue baleado por efectivos de civil de la\u00a0Polic\u00eda de la Ciudad\u00a0el mi\u00e9rcoles por la noche cuando volv\u00eda de entrenar con otros tres amigos, muri\u00f3 luego de permanecer en \u00abestado cr\u00edtico\u00bb y con asistencia mec\u00e1nica, seg\u00fan el parte m\u00e9dico difundido por el Hospital El Cruce.<\/p>\n<\/section>\n<\/section>\n<section class=\"detail-body second-paragraph\">\n<section class=\"body-content note-body content-protected-false\">Emanuel, t\u00edo de Lucas, confirm\u00f3 la triste noticia frente a las c\u00e1maras de C5N:<strong> &#8216;Lucas acaba de fallecer, le pedimos que respeten la intimidad de la familia porque est\u00e1n destrozados, de ahora en m\u00e1s solo queremos justicia por Lucas. Cuando ellos puedan hablaran de vuelta con ustedes como hablaron durante todo el d\u00eda\u00bb.<\/strong><\/p>\n<p>Cerca de las 17.45, los padres de Lucas fueron convocados por las autoridades del hospital y en ese momento les confirmaron que su hijo hab\u00eda fallecido como consecuencia de las lesiones que le provocaron los balazos.<\/p>\n<\/section>\n<\/section>\n<section class=\"detail-body\">\n<section class=\"body-content note-body content-protected-false\">Con profundo dolor, llanto y angustia, familiares, amigos y vecinos de Lucas Gonz\u00e1lez, participaban ayer por laCiuc tarde de dos movilizaciones para pedir \u00abjusticia\u00bb por el asesinato.<\/p>\n<p>Los manifestantes se enteraron mientras participaban de ambas convocatorias del fallecimiento del joven, ocurrido pasadas las 17.45, y se extendieron las muestras de dolor.<\/p>\n<p>Una de las marchas se realizaba en el hospital El Cruce de Florencio Varela donde, el joven permanec\u00eda internado desde la madrugada en grav\u00edsimo estado y en la que se hallaban los padres, familiares y decenas de amigos, todos adolescentes, muchos de los cuales eran tambi\u00e9n futbolistas.<\/p>\n<p>\u00abPersonal de la Polic\u00eda de la Ciudad culpables\u00bb, \u00abJusticia por los pibes\u00bb, \u00abQue paguen los culpables, ten\u00eda toda una vida por delante, justicia por Lucas Gonz\u00e1lez\u00bb y \u00abBasta de gatillo f\u00e1cil\u00bb fueron algunos de los carteles que esta tarde llevaron los manifestantes pasadas las 17, cuando comenz\u00f3 la marcha.<\/p>\n<p><strong>\u00abLucas se levant\u00f3, vino a entrenar como todos los d\u00edas con el sue\u00f1o de llegar a primera, termina el entrenamiento y se est\u00e1 yendo a la casa con los amigos tranquilos y pas\u00f3 lo que pas\u00f3\u00bb<\/strong>, dijo entre l\u00e1grimas Camilo, amigo de la v\u00edctima.<\/p>\n<p>El joven afirm\u00f3 que los intercept\u00f3 un \u00abauto de civil y nunca dijeron &#8216;soy polic\u00eda&#8217;, los persiguieron y ellos pensaron que los quer\u00edan robar, les dispararon de la nada\u00bb.<\/p>\n<p><strong>\u00abLucas era un pibe muy bueno, muy alegre, es injusto todo lo que est\u00e1 pasando a \u00e9l y a la familia\u00bb,<\/strong>\u00a0expres\u00f3 el muchacho, quien desminti\u00f3 la versi\u00f3n de la Polic\u00eda sobre que iban armados.<\/p>\n<p>Por \u00faltimo,\u00a0<strong>Camilo asegur\u00f3 que su amigo ten\u00eda \u00abel sue\u00f1o de ser jugador de primera\u00bb y vinieron \u00abunos hijos de puta para hacerle lo que le hicieron\u00bb.<\/strong><\/p>\n<\/section>\n<\/section>\n","protected":false},"excerpt":{"rendered":"<p>Lucas Gonz\u00e1lez hab\u00eda sido traladado a un hospital de alta complejidad con \u00abdeterioro neurol\u00f3gico agudo\u00bb. All\u00ed recibi\u00f3 \u00absoporte artificial de funciones vitales\u00bb pero no alcanz\u00f3 para salvarle la vida.<\/p>\n","protected":false},"author":2,"featured_media":67819,"comment_status":"open","ping_status":"open","sticky":false,"template":"","format":"standard","meta":{"fifu_image_url":"","fifu_image_alt":"","footnotes":""},"categories":[14],"tags":[2562,2563,94],"class_list":{"0":"post-67818","1":"post","2":"type-post","3":"status-publish","4":"format-standard","5":"has-post-thumbnail","7":"category-policiales","8":"tag-ciudad-de-buenos-aires","9":"tag-gatillo-facil","10":"tag-policia"},"yoast_head":"<title>Muri\u00f3 un chico baleado por la Polic\u00eda de la Ciudad de Buenos Aires - Informe Litoral<\/title>\n<meta name=\"robots\" content=\"index, follow, max-snippet:-1, max-image-preview:large, max-video-preview:-1\" \/>\n<link rel=\"canonical\" href=\"https:\/\/informelitoral.com.ar\/murio-un-chico-baleado-por-la-policia-de-la-ciudad-de-buenos-aires\/\" \/>\n<meta property=\"og:locale\" content=\"es_ES\" \/>\n<meta property=\"og:type\" content=\"article\" \/>\n<meta property=\"og:title\" content=\"Muri\u00f3 un chico baleado por la Polic\u00eda de la Ciudad de Buenos Aires - Informe Litoral\" \/>\n<meta property=\"og:description\" content=\"Lucas Gonz\u00e1lez hab\u00eda sido traladado a un hospital de alta complejidad con &quot;deterioro neurol\u00f3gico agudo&quot;. All\u00ed recibi\u00f3 &quot;soporte artificial de funciones vitales&quot; pero no alcanz\u00f3 para salvarle la vida.\" \/>\n<meta property=\"og:url\" content=\"https:\/\/informelitoral.com.ar\/murio-un-chico-baleado-por-la-policia-de-la-ciudad-de-buenos-aires\/\" \/>\n<meta property=\"og:site_name\" content=\"Informe Litoral\" \/>\n<meta property=\"article:publisher\" content=\"https:\/\/www.facebook.com\/informelitoral\/\" \/>\n<meta property=\"article:published_time\" content=\"2021-11-19T10:37:12+00:00\" \/>\n<meta property=\"og:image\" content=\"https:\/\/informelitoral.com.ar\/%77%70%2d%63%6f%6e%74%65%6e%74\/uploads\/2021\/11\/lucas-gonzalez-chico-baleado-barracas-central.jpg\" \/>\n\t<meta property=\"og:image:width\" content=\"730\" \/>\n\t<meta property=\"og:image:height\" content=\"425\" \/>\n\t<meta property=\"og:image:type\" content=\"image\/jpeg\" \/>\n<meta name=\"author\" content=\"Gonzalo Schmidt\" \/>\n<meta name=\"twitter:card\" content=\"summary_large_image\" \/>\n<meta name=\"twitter:creator\" content=\"@InformeLitoral\" \/>\n<meta name=\"twitter:site\" content=\"@InformeLitoral\" \/>\n<meta name=\"twitter:label1\" content=\"Escrito por\" \/>\n\t<meta name=\"twitter:data1\" content=\"Gonzalo Schmidt\" \/>\n\t<meta name=\"twitter:label2\" content=\"Tiempo de lectura\" \/>\n\t<meta name=\"twitter:data2\" content=\"2 minutos\" \/>\n<script type=\"application\/ld+json\" class=\"yoast-schema-graph\">{\"@context\":\"https:\\\/\\\/schema.org\",\"@graph\":[{\"@type\":\"Article\",\"@id\":\"https:\\\/\\\/informelitoral.com.ar\\\/murio-un-chico-baleado-por-la-policia-de-la-ciudad-de-buenos-aires\\\/#article\",\"isPartOf\":{\"@id\":\"https:\\\/\\\/informelitoral.com.ar\\\/murio-un-chico-baleado-por-la-policia-de-la-ciudad-de-buenos-aires\\\/\"},\"author\":{\"name\":\"Gonzalo Schmidt\",\"@id\":\"https:\\\/\\\/informelitoral.com.ar\\\/#\\\/schema\\\/person\\\/b9d00407c836482871ef1d57bf8e3180\"},\"headline\":\"Muri\u00f3 un chico baleado por la Polic\u00eda de la Ciudad de Buenos Aires\",\"datePublished\":\"2021-11-19T10:37:12+00:00\",\"mainEntityOfPage\":{\"@id\":\"https:\\\/\\\/informelitoral.com.ar\\\/murio-un-chico-baleado-por-la-policia-de-la-ciudad-de-buenos-aires\\\/\"},\"wordCount\":475,\"commentCount\":0,\"publisher\":{\"@id\":\"https:\\\/\\\/informelitoral.com.ar\\\/#organization\"},\"image\":{\"@id\":\"https:\\\/\\\/informelitoral.com.ar\\\/murio-un-chico-baleado-por-la-policia-de-la-ciudad-de-buenos-aires\\\/#primaryimage\"},\"thumbnailUrl\":\"https:\\\/\\\/informelitoral.com.ar\\\/%77%70%2d%63%6f%6e%74%65%6e%74\\\/uploads\\\/2021\\\/11\\\/lucas-gonzalez-chico-baleado-barracas-central.jpg\",\"keywords\":[\"Ciudad de Buenos Aires\",\"Gatillo f\u00e1cil\",\"Polic\u00eda\"],\"articleSection\":[\"Policiales\"],\"inLanguage\":\"es\",\"potentialAction\":[{\"@type\":\"CommentAction\",\"name\":\"Comment\",\"target\":[\"https:\\\/\\\/informelitoral.com.ar\\\/murio-un-chico-baleado-por-la-policia-de-la-ciudad-de-buenos-aires\\\/#respond\"]}]},{\"@type\":\"WebPage\",\"@id\":\"https:\\\/\\\/informelitoral.com.ar\\\/murio-un-chico-baleado-por-la-policia-de-la-ciudad-de-buenos-aires\\\/\",\"url\":\"https:\\\/\\\/informelitoral.com.ar\\\/murio-un-chico-baleado-por-la-policia-de-la-ciudad-de-buenos-aires\\\/\",\"name\":\"Muri\u00f3 un chico baleado por la Polic\u00eda de la Ciudad de Buenos Aires - Informe Litoral\",\"isPartOf\":{\"@id\":\"https:\\\/\\\/informelitoral.com.ar\\\/#website\"},\"primaryImageOfPage\":{\"@id\":\"https:\\\/\\\/informelitoral.com.ar\\\/murio-un-chico-baleado-por-la-policia-de-la-ciudad-de-buenos-aires\\\/#primaryimage\"},\"image\":{\"@id\":\"https:\\\/\\\/informelitoral.com.ar\\\/murio-un-chico-baleado-por-la-policia-de-la-ciudad-de-buenos-aires\\\/#primaryimage\"},\"thumbnailUrl\":\"https:\\\/\\\/informelitoral.com.ar\\\/%77%70%2d%63%6f%6e%74%65%6e%74\\\/uploads\\\/2021\\\/11\\\/lucas-gonzalez-chico-baleado-barracas-central.jpg\",\"datePublished\":\"2021-11-19T10:37:12+00:00\",\"breadcrumb\":{\"@id\":\"https:\\\/\\\/informelitoral.com.ar\\\/murio-un-chico-baleado-por-la-policia-de-la-ciudad-de-buenos-aires\\\/#breadcrumb\"},\"inLanguage\":\"es\",\"potentialAction\":[{\"@type\":\"ReadAction\",\"target\":[\"https:\\\/\\\/informelitoral.com.ar\\\/murio-un-chico-baleado-por-la-policia-de-la-ciudad-de-buenos-aires\\\/\"]}]},{\"@type\":\"ImageObject\",\"inLanguage\":\"es\",\"@id\":\"https:\\\/\\\/informelitoral.com.ar\\\/murio-un-chico-baleado-por-la-policia-de-la-ciudad-de-buenos-aires\\\/#primaryimage\",\"url\":\"https:\\\/\\\/informelitoral.com.ar\\\/%77%70%2d%63%6f%6e%74%65%6e%74\\\/uploads\\\/2021\\\/11\\\/lucas-gonzalez-chico-baleado-barracas-central.jpg\",\"contentUrl\":\"https:\\\/\\\/informelitoral.com.ar\\\/%77%70%2d%63%6f%6e%74%65%6e%74\\\/uploads\\\/2021\\\/11\\\/lucas-gonzalez-chico-baleado-barracas-central.jpg\",\"width\":730,\"height\":425},{\"@type\":\"BreadcrumbList\",\"@id\":\"https:\\\/\\\/informelitoral.com.ar\\\/murio-un-chico-baleado-por-la-policia-de-la-ciudad-de-buenos-aires\\\/#breadcrumb\",\"itemListElement\":[{\"@type\":\"ListItem\",\"position\":1,\"name\":\"Portada\",\"item\":\"https:\\\/\\\/informelitoral.com.ar\\\/\"},{\"@type\":\"ListItem\",\"position\":2,\"name\":\"Muri\u00f3 un chico baleado por la Polic\u00eda de la Ciudad de Buenos Aires\"}]},{\"@type\":\"WebSite\",\"@id\":\"https:\\\/\\\/informelitoral.com.ar\\\/#website\",\"url\":\"https:\\\/\\\/informelitoral.com.ar\\\/\",\"name\":\"Informe Litoral\",\"description\":\"&quot;Nos informamos&quot; \",\"publisher\":{\"@id\":\"https:\\\/\\\/informelitoral.com.ar\\\/#organization\"},\"potentialAction\":[{\"@type\":\"SearchAction\",\"target\":{\"@type\":\"EntryPoint\",\"urlTemplate\":\"https:\\\/\\\/informelitoral.com.ar\\\/?s={search_term_string}\"},\"query-input\":{\"@type\":\"PropertyValueSpecification\",\"valueRequired\":true,\"valueName\":\"search_term_string\"}}],\"inLanguage\":\"es\"},{\"@type\":\"Organization\",\"@id\":\"https:\\\/\\\/informelitoral.com.ar\\\/#organization\",\"name\":\"Informe Litoral\",\"url\":\"https:\\\/\\\/informelitoral.com.ar\\\/\",\"logo\":{\"@type\":\"ImageObject\",\"inLanguage\":\"es\",\"@id\":\"https:\\\/\\\/informelitoral.com.ar\\\/#\\\/schema\\\/logo\\\/image\\\/\",\"url\":\"https:\\\/\\\/informelitoral.com.ar\\\/%77%70%2d%63%6f%6e%74%65%6e%74\\\/uploads\\\/2021\\\/01\\\/circulo.png\",\"contentUrl\":\"https:\\\/\\\/informelitoral.com.ar\\\/%77%70%2d%63%6f%6e%74%65%6e%74\\\/uploads\\\/2021\\\/01\\\/circulo.png\",\"width\":723,\"height\":731,\"caption\":\"Informe Litoral\"},\"image\":{\"@id\":\"https:\\\/\\\/informelitoral.com.ar\\\/#\\\/schema\\\/logo\\\/image\\\/\"},\"sameAs\":[\"https:\\\/\\\/www.facebook.com\\\/informelitoral\\\/\",\"https:\\\/\\\/x.com\\\/InformeLitoral\",\"https:\\\/\\\/www.instagram.com\\\/informelitoral\\\/\",\"https:\\\/\\\/www.youtube.com\\\/channel\\\/UCua4Qvz8Icb6MYqhoq9xLXw\"]},{\"@type\":\"Person\",\"@id\":\"https:\\\/\\\/informelitoral.com.ar\\\/#\\\/schema\\\/person\\\/b9d00407c836482871ef1d57bf8e3180\",\"name\":\"Gonzalo Schmidt\",\"image\":{\"@type\":\"ImageObject\",\"inLanguage\":\"es\",\"@id\":\"https:\\\/\\\/secure.gravatar.com\\\/avatar\\\/31a1a7b66ff2de83bd0e9fd79d026630d2d99e55e8bfe501287647b4fd9743de?s=96&d=mm&r=g\",\"url\":\"https:\\\/\\\/secure.gravatar.com\\\/avatar\\\/31a1a7b66ff2de83bd0e9fd79d026630d2d99e55e8bfe501287647b4fd9743de?s=96&d=mm&r=g\",\"contentUrl\":\"https:\\\/\\\/secure.gravatar.com\\\/avatar\\\/31a1a7b66ff2de83bd0e9fd79d026630d2d99e55e8bfe501287647b4fd9743de?s=96&d=mm&r=g\",\"caption\":\"Gonzalo Schmidt\"},\"description\":\"Sitio web de noticias de la provincia de Entre R\u00edos, Argentina. Informaci\u00f3n y entretenimiento. Informe Litoral, nos informamos.\",\"sameAs\":[\"http:\\\/\\\/www.isletasnoticias.com.ar\"],\"url\":\"https:\\\/\\\/informelitoral.com.ar\\\/author\\\/gonzalo\\\/\"}]}<\/script>","yoast_head_json":{"title":"Muri\u00f3 un chico baleado por la Polic\u00eda de la Ciudad de Buenos Aires - Informe Litoral","robots":{"index":"index","follow":"follow","max-snippet":"max-snippet:-1","max-image-preview":"max-image-preview:large","max-video-preview":"max-video-preview:-1"},"canonical":"https:\/\/informelitoral.com.ar\/murio-un-chico-baleado-por-la-policia-de-la-ciudad-de-buenos-aires\/","og_locale":"es_ES","og_type":"article","og_title":"Muri\u00f3 un chico baleado por la Polic\u00eda de la Ciudad de Buenos Aires - Informe Litoral","og_description":"Lucas Gonz\u00e1lez hab\u00eda sido traladado a un hospital de alta complejidad con \"deterioro neurol\u00f3gico agudo\". All\u00ed recibi\u00f3 \"soporte artificial de funciones vitales\" pero no alcanz\u00f3 para salvarle la vida.","og_url":"https:\/\/informelitoral.com.ar\/murio-un-chico-baleado-por-la-policia-de-la-ciudad-de-buenos-aires\/","og_site_name":"Informe Litoral","article_publisher":"https:\/\/www.facebook.com\/informelitoral\/","article_published_time":"2021-11-19T10:37:12+00:00","og_image":[{"width":730,"height":425,"url":"https:\/\/informelitoral.com.ar\/%77%70%2d%63%6f%6e%74%65%6e%74\/uploads\/2021\/11\/lucas-gonzalez-chico-baleado-barracas-central.jpg","type":"image\/jpeg"}],"author":"Gonzalo Schmidt","twitter_card":"summary_large_image","twitter_creator":"@InformeLitoral","twitter_site":"@InformeLitoral","twitter_misc":{"Escrito por":"Gonzalo Schmidt","Tiempo de lectura":"2 minutos"},"schema":{"@context":"https:\/\/schema.org","@graph":[{"@type":"Article","@id":"https:\/\/informelitoral.com.ar\/murio-un-chico-baleado-por-la-policia-de-la-ciudad-de-buenos-aires\/#article","isPartOf":{"@id":"https:\/\/informelitoral.com.ar\/murio-un-chico-baleado-por-la-policia-de-la-ciudad-de-buenos-aires\/"},"author":{"name":"Gonzalo Schmidt","@id":"https:\/\/informelitoral.com.ar\/#\/schema\/person\/b9d00407c836482871ef1d57bf8e3180"},"headline":"Muri\u00f3 un chico baleado por la Polic\u00eda de la Ciudad de Buenos Aires","datePublished":"2021-11-19T10:37:12+00:00","mainEntityOfPage":{"@id":"https:\/\/informelitoral.com.ar\/murio-un-chico-baleado-por-la-policia-de-la-ciudad-de-buenos-aires\/"},"wordCount":475,"commentCount":0,"publisher":{"@id":"https:\/\/informelitoral.com.ar\/#organization"},"image":{"@id":"https:\/\/informelitoral.com.ar\/murio-un-chico-baleado-por-la-policia-de-la-ciudad-de-buenos-aires\/#primaryimage"},"thumbnailUrl":"https:\/\/informelitoral.com.ar\/%77%70%2d%63%6f%6e%74%65%6e%74\/uploads\/2021\/11\/lucas-gonzalez-chico-baleado-barracas-central.jpg","keywords":["Ciudad de Buenos Aires","Gatillo f\u00e1cil","Polic\u00eda"],"articleSection":["Policiales"],"inLanguage":"es","potentialAction":[{"@type":"CommentAction","name":"Comment","target":["https:\/\/informelitoral.com.ar\/murio-un-chico-baleado-por-la-policia-de-la-ciudad-de-buenos-aires\/#respond"]}]},{"@type":"WebPage","@id":"https:\/\/informelitoral.com.ar\/murio-un-chico-baleado-por-la-policia-de-la-ciudad-de-buenos-aires\/","url":"https:\/\/informelitoral.com.ar\/murio-un-chico-baleado-por-la-policia-de-la-ciudad-de-buenos-aires\/","name":"Muri\u00f3 un chico baleado por la Polic\u00eda de la Ciudad de Buenos Aires - Informe Litoral","isPartOf":{"@id":"https:\/\/informelitoral.com.ar\/#website"},"primaryImageOfPage":{"@id":"https:\/\/informelitoral.com.ar\/murio-un-chico-baleado-por-la-policia-de-la-ciudad-de-buenos-aires\/#primaryimage"},"image":{"@id":"https:\/\/informelitoral.com.ar\/murio-un-chico-baleado-por-la-policia-de-la-ciudad-de-buenos-aires\/#primaryimage"},"thumbnailUrl":"https:\/\/informelitoral.com.ar\/%77%70%2d%63%6f%6e%74%65%6e%74\/uploads\/2021\/11\/lucas-gonzalez-chico-baleado-barracas-central.jpg","datePublished":"2021-11-19T10:37:12+00:00","breadcrumb":{"@id":"https:\/\/informelitoral.com.ar\/murio-un-chico-baleado-por-la-policia-de-la-ciudad-de-buenos-aires\/#breadcrumb"},"inLanguage":"es","potentialAction":[{"@type":"ReadAction","target":["https:\/\/informelitoral.com.ar\/murio-un-chico-baleado-por-la-policia-de-la-ciudad-de-buenos-aires\/"]}]},{"@type":"ImageObject","inLanguage":"es","@id":"https:\/\/informelitoral.com.ar\/murio-un-chico-baleado-por-la-policia-de-la-ciudad-de-buenos-aires\/#primaryimage","url":"https:\/\/informelitoral.com.ar\/%77%70%2d%63%6f%6e%74%65%6e%74\/uploads\/2021\/11\/lucas-gonzalez-chico-baleado-barracas-central.jpg","contentUrl":"https:\/\/informelitoral.com.ar\/%77%70%2d%63%6f%6e%74%65%6e%74\/uploads\/2021\/11\/lucas-gonzalez-chico-baleado-barracas-central.jpg","width":730,"height":425},{"@type":"BreadcrumbList","@id":"https:\/\/informelitoral.com.ar\/murio-un-chico-baleado-por-la-policia-de-la-ciudad-de-buenos-aires\/#breadcrumb","itemListElement":[{"@type":"ListItem","position":1,"name":"Portada","item":"https:\/\/informelitoral.com.ar\/"},{"@type":"ListItem","position":2,"name":"Muri\u00f3 un chico baleado por la Polic\u00eda de la Ciudad de Buenos Aires"}]},{"@type":"WebSite","@id":"https:\/\/informelitoral.com.ar\/#website","url":"https:\/\/informelitoral.com.ar\/","name":"Informe Litoral","description":"&quot;Nos informamos&quot; ","publisher":{"@id":"https:\/\/informelitoral.com.ar\/#organization"},"potentialAction":[{"@type":"SearchAction","target":{"@type":"EntryPoint","urlTemplate":"https:\/\/informelitoral.com.ar\/?s={search_term_string}"},"query-input":{"@type":"PropertyValueSpecification","valueRequired":true,"valueName":"search_term_string"}}],"inLanguage":"es"},{"@type":"Organization","@id":"https:\/\/informelitoral.com.ar\/#organization","name":"Informe Litoral","url":"https:\/\/informelitoral.com.ar\/","logo":{"@type":"ImageObject","inLanguage":"es","@id":"https:\/\/informelitoral.com.ar\/#\/schema\/logo\/image\/","url":"https:\/\/informelitoral.com.ar\/%77%70%2d%63%6f%6e%74%65%6e%74\/uploads\/2021\/01\/circulo.png","contentUrl":"https:\/\/informelitoral.com.ar\/%77%70%2d%63%6f%6e%74%65%6e%74\/uploads\/2021\/01\/circulo.png","width":723,"height":731,"caption":"Informe Litoral"},"image":{"@id":"https:\/\/informelitoral.com.ar\/#\/schema\/logo\/image\/"},"sameAs":["https:\/\/www.facebook.com\/informelitoral\/","https:\/\/x.com\/InformeLitoral","https:\/\/www.instagram.com\/informelitoral\/","https:\/\/www.youtube.com\/channel\/UCua4Qvz8Icb6MYqhoq9xLXw"]},{"@type":"Person","@id":"https:\/\/informelitoral.com.ar\/#\/schema\/person\/b9d00407c836482871ef1d57bf8e3180","name":"Gonzalo Schmidt","image":{"@type":"ImageObject","inLanguage":"es","@id":"https:\/\/secure.gravatar.com\/avatar\/31a1a7b66ff2de83bd0e9fd79d026630d2d99e55e8bfe501287647b4fd9743de?s=96&d=mm&r=g","url":"https:\/\/secure.gravatar.com\/avatar\/31a1a7b66ff2de83bd0e9fd79d026630d2d99e55e8bfe501287647b4fd9743de?s=96&d=mm&r=g","contentUrl":"https:\/\/secure.gravatar.com\/avatar\/31a1a7b66ff2de83bd0e9fd79d026630d2d99e55e8bfe501287647b4fd9743de?s=96&d=mm&r=g","caption":"Gonzalo Schmidt"},"description":"Sitio web de noticias de la provincia de Entre R\u00edos, Argentina. Informaci\u00f3n y entretenimiento. Informe Litoral, nos informamos.","sameAs":["http:\/\/www.isletasnoticias.com.ar"],"url":"https:\/\/informelitoral.com.ar\/author\/gonzalo\/"}]}},"_links":{"self":[{"href":"https:\/\/informelitoral.com.ar\/%77%70%2d%6a%73%6f%6e\/wp\/v2\/posts\/67818","targetHints":{"allow":["GET"]}}],"collection":[{"href":"https:\/\/informelitoral.com.ar\/%77%70%2d%6a%73%6f%6e\/wp\/v2\/posts"}],"about":[{"href":"https:\/\/informelitoral.com.ar\/%77%70%2d%6a%73%6f%6e\/wp\/v2\/types\/post"}],"author":[{"embeddable":true,"href":"https:\/\/informelitoral.com.ar\/%77%70%2d%6a%73%6f%6e\/wp\/v2\/users\/2"}],"replies":[{"embeddable":true,"href":"https:\/\/informelitoral.com.ar\/%77%70%2d%6a%73%6f%6e\/wp\/v2\/comments?post=67818"}],"version-history":[{"count":0,"href":"https:\/\/informelitoral.com.ar\/%77%70%2d%6a%73%6f%6e\/wp\/v2\/posts\/67818\/revisions"}],"wp:featuredmedia":[{"embeddable":true,"href":"https:\/\/informelitoral.com.ar\/%77%70%2d%6a%73%6f%6e\/wp\/v2\/media\/67819"}],"wp:attachment":[{"href":"https:\/\/informelitoral.com.ar\/%77%70%2d%6a%73%6f%6e\/wp\/v2\/media?parent=67818"}],"wp:term":[{"taxonomy":"category","embeddable":true,"href":"https:\/\/informelitoral.com.ar\/%77%70%2d%6a%73%6f%6e\/wp\/v2\/categories?post=67818"},{"taxonomy":"post_tag","embeddable":true,"href":"https:\/\/informelitoral.com.ar\/%77%70%2d%6a%73%6f%6e\/wp\/v2\/tags?post=67818"}],"curies":[{"name":"wp","href":"https:\/\/api.w.org\/{rel}","templated":true}]}}