{"id":6778,"date":"2014-05-07T08:28:07","date_gmt":"2014-05-07T11:28:07","guid":{"rendered":"http:\/\/www.isletasnoticias.com.ar\/?p=6778"},"modified":"2014-05-07T08:28:37","modified_gmt":"2014-05-07T11:28:37","slug":"eva-duarte-de-peron-cumpliria-95-anos-de-edad","status":"publish","type":"post","link":"https:\/\/informelitoral.com.ar\/eva-duarte-de-peron-cumpliria-95-anos-de-edad\/","title":{"rendered":"Eva Duarte de Per\u00f3n cumplir\u00eda 95 a\u00f1os de edad"},"content":{"rendered":"<p style=\"text-align: left;\"><strong>Si Evita viviera, hoy cumplir\u00eda 95 a\u00f1os de edad. Hab\u00eda nacido en el pueblo de Los Toldos en 1919 y en 1944 conoci\u00f3 a Per\u00f3n cuando \u00e9ste a\u00fan no hab\u00eda sido elegido presidente de la Naci\u00f3n por primera vez.<a href=\"http:\/\/www.isletasnoticias.com.ar\/%77%70%2d%63%6f%6e%74%65%6e%74\/uploads\/2014\/05\/Eva_Peron.jpg\"><img loading=\"lazy\" decoding=\"async\" class=\"aligncenter  wp-image-6779\" alt=\"Eva_Peron\" src=\"http:\/\/www.isletasnoticias.com.ar\/%77%70%2d%63%6f%6e%74%65%6e%74\/uploads\/2014\/05\/Eva_Peron-300x200.jpg\" width=\"500\" height=\"300\" \/><\/a><\/strong><\/p>\n<p><strong>Mar\u00eda Eva Duarte de Per\u00f3n,<\/strong> Evita, cumplir\u00eda hoy 95 a\u00f1os de edad, ya que hab\u00eda nacido el 7 de mayo de 1919 en la localidad bonaerense de Los Toldos.<\/p>\n<p>Hoy a las 18.00, la Comisi\u00f3n Permanente de Homenaje al Peronismo la recordar\u00e1 con una misa en la Catedral de Buenos Aires.<\/p>\n<p>Evita fue actriz primero y dirigente pol\u00edtica despu\u00e9s, tras conocer en 1944 al ex presidente <strong>Juan Domingo Per\u00f3n<\/strong> y convertirse as\u00ed en la primera dama del pa\u00eds.Un a\u00f1o antes hab\u00eda conocido a Per\u00f3n cuando era secretario de Previsi\u00f3n en un acto de recaudaci\u00f3n de fondos para las v\u00edctimas del terremoto en la provincia de San Juan.<\/p>\n<p>La Abanderada de los Humildes, como tambi\u00e9n se la llamaba, desarroll\u00f3 una amplia acci\u00f3n social mediante la Fundaci\u00f3n Eva Per\u00f3n destinada a los sectores m\u00e1s vulnerables de la poblaci\u00f3n.<\/p>\n<p>Ya como primera dama impuls\u00f3 y logr\u00f3 la sanci\u00f3n en 1947 de la ley de sufragio femenino y fund\u00f3 el Partido Peronista Femenino, el que presidi\u00f3 hasta su muerte el 26 de agosto de 1952, a los 33 a\u00f1os.<\/p>\n<p>Hija de Juana Ibarguren, a quien ayudaba en su casa de pensi\u00f3n, su ni\u00f1ez pas\u00f3 en la ciudad de Jun\u00edn junto a sus dos hermanas hasta que a los 17 a\u00f1os viaj\u00f3 a Buenos Aires donde comenz\u00f3 a actuar en radio y cine.<\/p>\n<p>Al nacer fue anotada bajo el nombre de Mar\u00eda Eva Duarte, hija de Juana Ibarguren N\u00fa\u00f1ez y de su pareja Juan Duarte, quien nunca legitim\u00f3 la relaci\u00f3n. Juan Duarte, hacendado y concubino de Ibarguren, muri\u00f3 en 1925 dejando a su esposa y a sus cinco hijos en el m\u00e1s absoluto desamparo. A poco de andar los a\u00f1os de la juventud, Eva comenz\u00f3 a mostrar su vocaci\u00f3n art\u00edstica, lo que la impuls\u00f3 a viajar a Buenos Aires, el gran centro cosmopolita, en donde se instal\u00f3 en 1934 para realizar sus primeras armas en la actuaci\u00f3n. As\u00ed, trabaj\u00f3 asiduamente en la radio y consigui\u00f3 intervenir en algunas pel\u00edculas.<\/p>\n<p>Diez a\u00f1os despu\u00e9s conoci\u00f3 al entonces coronel Juan Domingo Per\u00f3n el 22 de agosto de 1944 durante un festival en el Luna Park para recaudar fondos para las v\u00edctimas del terremoto de San Juan. Ten\u00eda 25 a\u00f1os y Per\u00f3n 50. Entre sus logros pol\u00edticos se cuenta el voto femenino, la colaboraci\u00f3n activa con la CGT y la obra emprendida desde la Fundaci\u00f3n de Ayuda Social Mar\u00eda Eva Duarte de Per\u00f3n, creada en 1948: hospitales, escuelas, hogares de tr\u00e1nsito y de ancianos, la ciudad infantil y la ciudad estudiantil.<\/p>\n<p>Su relaci\u00f3n sin intermediarios con la gente la llev\u00f3 a ocuparse personalmente de los problemas de los m\u00e1s necesitados a quienes auxiliaba utilizando para ello todo el poder y los recursos del Estado.<\/p>\n<p>Fuente: <em>Diario Popular<\/em><\/p>\n","protected":false},"excerpt":{"rendered":"<p>Si Evita viviera, hoy cumplir&iacute;a 95 a&ntilde;os de edad. Hab&iacute;a nacido en el pueblo de Los Toldos en 1919 y en 1944 conoci&oacute; a Per&oacute;n cuando &eacute;ste a&uacute;n no hab&iacute;a sido elegido presidente de la Naci&oacute;n por primera vez. Mar&iacute;a Eva Duarte de Per&oacute;n, Evita, cumplir&iacute;a hoy 95 a&ntilde;os de edad, ya que hab&iacute;a nacido [&hellip;]<\/p>\n","protected":false},"author":2,"featured_media":0,"comment_status":"open","ping_status":"open","sticky":false,"template":"","format":"standard","meta":{"fifu_image_url":"","fifu_image_alt":"","footnotes":""},"categories":[7],"tags":[],"class_list":{"0":"post-6778","1":"post","2":"type-post","3":"status-publish","4":"format-standard","6":"category-nacionales"},"yoast_head":"<title>Eva Duarte de Per\u00f3n cumplir\u00eda 95 a\u00f1os de edad - Informe Litoral<\/title>\n<meta name=\"robots\" content=\"index, follow, max-snippet:-1, max-image-preview:large, max-video-preview:-1\" \/>\n<link rel=\"canonical\" href=\"https:\/\/informelitoral.com.ar\/eva-duarte-de-peron-cumpliria-95-anos-de-edad\/\" \/>\n<meta property=\"og:locale\" content=\"es_ES\" \/>\n<meta property=\"og:type\" content=\"article\" \/>\n<meta property=\"og:title\" content=\"Eva Duarte de Per\u00f3n cumplir\u00eda 95 a\u00f1os de edad - Informe Litoral\" \/>\n<meta property=\"og:description\" content=\"Si Evita viviera, hoy cumplir&iacute;a 95 a&ntilde;os de edad. Hab&iacute;a nacido en el pueblo de Los Toldos en 1919 y en 1944 conoci&oacute; a Per&oacute;n cuando &eacute;ste a&uacute;n no hab&iacute;a sido elegido presidente de la Naci&oacute;n por primera vez. Mar&iacute;a Eva Duarte de Per&oacute;n, Evita, cumplir&iacute;a hoy 95 a&ntilde;os de edad, ya que hab&iacute;a nacido [&hellip;]\" \/>\n<meta property=\"og:url\" content=\"https:\/\/informelitoral.com.ar\/eva-duarte-de-peron-cumpliria-95-anos-de-edad\/\" \/>\n<meta property=\"og:site_name\" content=\"Informe Litoral\" \/>\n<meta property=\"article:publisher\" content=\"https:\/\/www.facebook.com\/informelitoral\/\" \/>\n<meta property=\"article:published_time\" content=\"2014-05-07T11:28:07+00:00\" \/>\n<meta property=\"article:modified_time\" content=\"2014-05-07T11:28:37+00:00\" \/>\n<meta property=\"og:image\" content=\"https:\/\/informelitoral.com.ar\/%77%70%2d%63%6f%6e%74%65%6e%74\/uploads\/2014\/05\/Eva_Peron.jpg\" \/>\n\t<meta property=\"og:image:width\" content=\"600\" \/>\n\t<meta property=\"og:image:height\" content=\"400\" \/>\n\t<meta property=\"og:image:type\" content=\"image\/jpeg\" \/>\n<meta name=\"author\" content=\"Gonzalo Schmidt\" \/>\n<meta name=\"twitter:card\" content=\"summary_large_image\" \/>\n<meta name=\"twitter:creator\" content=\"@InformeLitoral\" \/>\n<meta name=\"twitter:site\" content=\"@InformeLitoral\" \/>\n<meta name=\"twitter:label1\" content=\"Escrito por\" \/>\n\t<meta name=\"twitter:data1\" content=\"Gonzalo Schmidt\" \/>\n\t<meta name=\"twitter:label2\" content=\"Tiempo de lectura\" \/>\n\t<meta name=\"twitter:data2\" content=\"3 minutos\" \/>\n<script type=\"application\/ld+json\" class=\"yoast-schema-graph\">{\"@context\":\"https:\\\/\\\/schema.org\",\"@graph\":[{\"@type\":\"Article\",\"@id\":\"https:\\\/\\\/informelitoral.com.ar\\\/eva-duarte-de-peron-cumpliria-95-anos-de-edad\\\/#article\",\"isPartOf\":{\"@id\":\"https:\\\/\\\/informelitoral.com.ar\\\/eva-duarte-de-peron-cumpliria-95-anos-de-edad\\\/\"},\"author\":{\"name\":\"Gonzalo Schmidt\",\"@id\":\"https:\\\/\\\/informelitoral.com.ar\\\/#\\\/schema\\\/person\\\/b9d00407c836482871ef1d57bf8e3180\"},\"headline\":\"Eva Duarte de Per\u00f3n cumplir\u00eda 95 a\u00f1os de edad\",\"datePublished\":\"2014-05-07T11:28:07+00:00\",\"dateModified\":\"2014-05-07T11:28:37+00:00\",\"mainEntityOfPage\":{\"@id\":\"https:\\\/\\\/informelitoral.com.ar\\\/eva-duarte-de-peron-cumpliria-95-anos-de-edad\\\/\"},\"wordCount\":538,\"commentCount\":0,\"publisher\":{\"@id\":\"https:\\\/\\\/informelitoral.com.ar\\\/#organization\"},\"image\":{\"@id\":\"https:\\\/\\\/informelitoral.com.ar\\\/eva-duarte-de-peron-cumpliria-95-anos-de-edad\\\/#primaryimage\"},\"thumbnailUrl\":\"http:\\\/\\\/www.isletasnoticias.com.ar\\\/%77%70%2d%63%6f%6e%74%65%6e%74\\\/uploads\\\/2014\\\/05\\\/Eva_Peron-300x200.jpg\",\"articleSection\":[\"Nacionales\"],\"inLanguage\":\"es\",\"potentialAction\":[{\"@type\":\"CommentAction\",\"name\":\"Comment\",\"target\":[\"https:\\\/\\\/informelitoral.com.ar\\\/eva-duarte-de-peron-cumpliria-95-anos-de-edad\\\/#respond\"]}]},{\"@type\":\"WebPage\",\"@id\":\"https:\\\/\\\/informelitoral.com.ar\\\/eva-duarte-de-peron-cumpliria-95-anos-de-edad\\\/\",\"url\":\"https:\\\/\\\/informelitoral.com.ar\\\/eva-duarte-de-peron-cumpliria-95-anos-de-edad\\\/\",\"name\":\"Eva Duarte de Per\u00f3n cumplir\u00eda 95 a\u00f1os de edad - Informe Litoral\",\"isPartOf\":{\"@id\":\"https:\\\/\\\/informelitoral.com.ar\\\/#website\"},\"primaryImageOfPage\":{\"@id\":\"https:\\\/\\\/informelitoral.com.ar\\\/eva-duarte-de-peron-cumpliria-95-anos-de-edad\\\/#primaryimage\"},\"image\":{\"@id\":\"https:\\\/\\\/informelitoral.com.ar\\\/eva-duarte-de-peron-cumpliria-95-anos-de-edad\\\/#primaryimage\"},\"thumbnailUrl\":\"http:\\\/\\\/www.isletasnoticias.com.ar\\\/%77%70%2d%63%6f%6e%74%65%6e%74\\\/uploads\\\/2014\\\/05\\\/Eva_Peron-300x200.jpg\",\"datePublished\":\"2014-05-07T11:28:07+00:00\",\"dateModified\":\"2014-05-07T11:28:37+00:00\",\"breadcrumb\":{\"@id\":\"https:\\\/\\\/informelitoral.com.ar\\\/eva-duarte-de-peron-cumpliria-95-anos-de-edad\\\/#breadcrumb\"},\"inLanguage\":\"es\",\"potentialAction\":[{\"@type\":\"ReadAction\",\"target\":[\"https:\\\/\\\/informelitoral.com.ar\\\/eva-duarte-de-peron-cumpliria-95-anos-de-edad\\\/\"]}]},{\"@type\":\"ImageObject\",\"inLanguage\":\"es\",\"@id\":\"https:\\\/\\\/informelitoral.com.ar\\\/eva-duarte-de-peron-cumpliria-95-anos-de-edad\\\/#primaryimage\",\"url\":\"http:\\\/\\\/www.isletasnoticias.com.ar\\\/%77%70%2d%63%6f%6e%74%65%6e%74\\\/uploads\\\/2014\\\/05\\\/Eva_Peron-300x200.jpg\",\"contentUrl\":\"http:\\\/\\\/www.isletasnoticias.com.ar\\\/%77%70%2d%63%6f%6e%74%65%6e%74\\\/uploads\\\/2014\\\/05\\\/Eva_Peron-300x200.jpg\"},{\"@type\":\"BreadcrumbList\",\"@id\":\"https:\\\/\\\/informelitoral.com.ar\\\/eva-duarte-de-peron-cumpliria-95-anos-de-edad\\\/#breadcrumb\",\"itemListElement\":[{\"@type\":\"ListItem\",\"position\":1,\"name\":\"Portada\",\"item\":\"https:\\\/\\\/informelitoral.com.ar\\\/\"},{\"@type\":\"ListItem\",\"position\":2,\"name\":\"Eva Duarte de Per\u00f3n cumplir\u00eda 95 a\u00f1os de edad\"}]},{\"@type\":\"WebSite\",\"@id\":\"https:\\\/\\\/informelitoral.com.ar\\\/#website\",\"url\":\"https:\\\/\\\/informelitoral.com.ar\\\/\",\"name\":\"Informe Litoral\",\"description\":\"&quot;Nos informamos&quot; \",\"publisher\":{\"@id\":\"https:\\\/\\\/informelitoral.com.ar\\\/#organization\"},\"potentialAction\":[{\"@type\":\"SearchAction\",\"target\":{\"@type\":\"EntryPoint\",\"urlTemplate\":\"https:\\\/\\\/informelitoral.com.ar\\\/?s={search_term_string}\"},\"query-input\":{\"@type\":\"PropertyValueSpecification\",\"valueRequired\":true,\"valueName\":\"search_term_string\"}}],\"inLanguage\":\"es\"},{\"@type\":\"Organization\",\"@id\":\"https:\\\/\\\/informelitoral.com.ar\\\/#organization\",\"name\":\"Informe Litoral\",\"url\":\"https:\\\/\\\/informelitoral.com.ar\\\/\",\"logo\":{\"@type\":\"ImageObject\",\"inLanguage\":\"es\",\"@id\":\"https:\\\/\\\/informelitoral.com.ar\\\/#\\\/schema\\\/logo\\\/image\\\/\",\"url\":\"https:\\\/\\\/informelitoral.com.ar\\\/%77%70%2d%63%6f%6e%74%65%6e%74\\\/uploads\\\/2021\\\/01\\\/circulo.png\",\"contentUrl\":\"https:\\\/\\\/informelitoral.com.ar\\\/%77%70%2d%63%6f%6e%74%65%6e%74\\\/uploads\\\/2021\\\/01\\\/circulo.png\",\"width\":723,\"height\":731,\"caption\":\"Informe Litoral\"},\"image\":{\"@id\":\"https:\\\/\\\/informelitoral.com.ar\\\/#\\\/schema\\\/logo\\\/image\\\/\"},\"sameAs\":[\"https:\\\/\\\/www.facebook.com\\\/informelitoral\\\/\",\"https:\\\/\\\/x.com\\\/InformeLitoral\",\"https:\\\/\\\/www.instagram.com\\\/informelitoral\\\/\",\"https:\\\/\\\/www.youtube.com\\\/channel\\\/UCua4Qvz8Icb6MYqhoq9xLXw\"]},{\"@type\":\"Person\",\"@id\":\"https:\\\/\\\/informelitoral.com.ar\\\/#\\\/schema\\\/person\\\/b9d00407c836482871ef1d57bf8e3180\",\"name\":\"Gonzalo Schmidt\",\"image\":{\"@type\":\"ImageObject\",\"inLanguage\":\"es\",\"@id\":\"https:\\\/\\\/secure.gravatar.com\\\/avatar\\\/31a1a7b66ff2de83bd0e9fd79d026630d2d99e55e8bfe501287647b4fd9743de?s=96&d=mm&r=g\",\"url\":\"https:\\\/\\\/secure.gravatar.com\\\/avatar\\\/31a1a7b66ff2de83bd0e9fd79d026630d2d99e55e8bfe501287647b4fd9743de?s=96&d=mm&r=g\",\"contentUrl\":\"https:\\\/\\\/secure.gravatar.com\\\/avatar\\\/31a1a7b66ff2de83bd0e9fd79d026630d2d99e55e8bfe501287647b4fd9743de?s=96&d=mm&r=g\",\"caption\":\"Gonzalo Schmidt\"},\"description\":\"Sitio web de noticias de la provincia de Entre R\u00edos, Argentina. Informaci\u00f3n y entretenimiento. Informe Litoral, nos informamos.\",\"sameAs\":[\"http:\\\/\\\/www.isletasnoticias.com.ar\"],\"url\":\"https:\\\/\\\/informelitoral.com.ar\\\/author\\\/gonzalo\\\/\"}]}<\/script>","yoast_head_json":{"title":"Eva Duarte de Per\u00f3n cumplir\u00eda 95 a\u00f1os de edad - Informe Litoral","robots":{"index":"index","follow":"follow","max-snippet":"max-snippet:-1","max-image-preview":"max-image-preview:large","max-video-preview":"max-video-preview:-1"},"canonical":"https:\/\/informelitoral.com.ar\/eva-duarte-de-peron-cumpliria-95-anos-de-edad\/","og_locale":"es_ES","og_type":"article","og_title":"Eva Duarte de Per\u00f3n cumplir\u00eda 95 a\u00f1os de edad - Informe Litoral","og_description":"Si Evita viviera, hoy cumplir&iacute;a 95 a&ntilde;os de edad. Hab&iacute;a nacido en el pueblo de Los Toldos en 1919 y en 1944 conoci&oacute; a Per&oacute;n cuando &eacute;ste a&uacute;n no hab&iacute;a sido elegido presidente de la Naci&oacute;n por primera vez. Mar&iacute;a Eva Duarte de Per&oacute;n, Evita, cumplir&iacute;a hoy 95 a&ntilde;os de edad, ya que hab&iacute;a nacido [&hellip;]","og_url":"https:\/\/informelitoral.com.ar\/eva-duarte-de-peron-cumpliria-95-anos-de-edad\/","og_site_name":"Informe Litoral","article_publisher":"https:\/\/www.facebook.com\/informelitoral\/","article_published_time":"2014-05-07T11:28:07+00:00","article_modified_time":"2014-05-07T11:28:37+00:00","og_image":[{"width":600,"height":400,"url":"https:\/\/informelitoral.com.ar\/%77%70%2d%63%6f%6e%74%65%6e%74\/uploads\/2014\/05\/Eva_Peron.jpg","type":"image\/jpeg"}],"author":"Gonzalo Schmidt","twitter_card":"summary_large_image","twitter_creator":"@InformeLitoral","twitter_site":"@InformeLitoral","twitter_misc":{"Escrito por":"Gonzalo Schmidt","Tiempo de lectura":"3 minutos"},"schema":{"@context":"https:\/\/schema.org","@graph":[{"@type":"Article","@id":"https:\/\/informelitoral.com.ar\/eva-duarte-de-peron-cumpliria-95-anos-de-edad\/#article","isPartOf":{"@id":"https:\/\/informelitoral.com.ar\/eva-duarte-de-peron-cumpliria-95-anos-de-edad\/"},"author":{"name":"Gonzalo Schmidt","@id":"https:\/\/informelitoral.com.ar\/#\/schema\/person\/b9d00407c836482871ef1d57bf8e3180"},"headline":"Eva Duarte de Per\u00f3n cumplir\u00eda 95 a\u00f1os de edad","datePublished":"2014-05-07T11:28:07+00:00","dateModified":"2014-05-07T11:28:37+00:00","mainEntityOfPage":{"@id":"https:\/\/informelitoral.com.ar\/eva-duarte-de-peron-cumpliria-95-anos-de-edad\/"},"wordCount":538,"commentCount":0,"publisher":{"@id":"https:\/\/informelitoral.com.ar\/#organization"},"image":{"@id":"https:\/\/informelitoral.com.ar\/eva-duarte-de-peron-cumpliria-95-anos-de-edad\/#primaryimage"},"thumbnailUrl":"http:\/\/www.isletasnoticias.com.ar\/%77%70%2d%63%6f%6e%74%65%6e%74\/uploads\/2014\/05\/Eva_Peron-300x200.jpg","articleSection":["Nacionales"],"inLanguage":"es","potentialAction":[{"@type":"CommentAction","name":"Comment","target":["https:\/\/informelitoral.com.ar\/eva-duarte-de-peron-cumpliria-95-anos-de-edad\/#respond"]}]},{"@type":"WebPage","@id":"https:\/\/informelitoral.com.ar\/eva-duarte-de-peron-cumpliria-95-anos-de-edad\/","url":"https:\/\/informelitoral.com.ar\/eva-duarte-de-peron-cumpliria-95-anos-de-edad\/","name":"Eva Duarte de Per\u00f3n cumplir\u00eda 95 a\u00f1os de edad - Informe Litoral","isPartOf":{"@id":"https:\/\/informelitoral.com.ar\/#website"},"primaryImageOfPage":{"@id":"https:\/\/informelitoral.com.ar\/eva-duarte-de-peron-cumpliria-95-anos-de-edad\/#primaryimage"},"image":{"@id":"https:\/\/informelitoral.com.ar\/eva-duarte-de-peron-cumpliria-95-anos-de-edad\/#primaryimage"},"thumbnailUrl":"http:\/\/www.isletasnoticias.com.ar\/%77%70%2d%63%6f%6e%74%65%6e%74\/uploads\/2014\/05\/Eva_Peron-300x200.jpg","datePublished":"2014-05-07T11:28:07+00:00","dateModified":"2014-05-07T11:28:37+00:00","breadcrumb":{"@id":"https:\/\/informelitoral.com.ar\/eva-duarte-de-peron-cumpliria-95-anos-de-edad\/#breadcrumb"},"inLanguage":"es","potentialAction":[{"@type":"ReadAction","target":["https:\/\/informelitoral.com.ar\/eva-duarte-de-peron-cumpliria-95-anos-de-edad\/"]}]},{"@type":"ImageObject","inLanguage":"es","@id":"https:\/\/informelitoral.com.ar\/eva-duarte-de-peron-cumpliria-95-anos-de-edad\/#primaryimage","url":"http:\/\/www.isletasnoticias.com.ar\/%77%70%2d%63%6f%6e%74%65%6e%74\/uploads\/2014\/05\/Eva_Peron-300x200.jpg","contentUrl":"http:\/\/www.isletasnoticias.com.ar\/%77%70%2d%63%6f%6e%74%65%6e%74\/uploads\/2014\/05\/Eva_Peron-300x200.jpg"},{"@type":"BreadcrumbList","@id":"https:\/\/informelitoral.com.ar\/eva-duarte-de-peron-cumpliria-95-anos-de-edad\/#breadcrumb","itemListElement":[{"@type":"ListItem","position":1,"name":"Portada","item":"https:\/\/informelitoral.com.ar\/"},{"@type":"ListItem","position":2,"name":"Eva Duarte de Per\u00f3n cumplir\u00eda 95 a\u00f1os de edad"}]},{"@type":"WebSite","@id":"https:\/\/informelitoral.com.ar\/#website","url":"https:\/\/informelitoral.com.ar\/","name":"Informe Litoral","description":"&quot;Nos informamos&quot; ","publisher":{"@id":"https:\/\/informelitoral.com.ar\/#organization"},"potentialAction":[{"@type":"SearchAction","target":{"@type":"EntryPoint","urlTemplate":"https:\/\/informelitoral.com.ar\/?s={search_term_string}"},"query-input":{"@type":"PropertyValueSpecification","valueRequired":true,"valueName":"search_term_string"}}],"inLanguage":"es"},{"@type":"Organization","@id":"https:\/\/informelitoral.com.ar\/#organization","name":"Informe Litoral","url":"https:\/\/informelitoral.com.ar\/","logo":{"@type":"ImageObject","inLanguage":"es","@id":"https:\/\/informelitoral.com.ar\/#\/schema\/logo\/image\/","url":"https:\/\/informelitoral.com.ar\/%77%70%2d%63%6f%6e%74%65%6e%74\/uploads\/2021\/01\/circulo.png","contentUrl":"https:\/\/informelitoral.com.ar\/%77%70%2d%63%6f%6e%74%65%6e%74\/uploads\/2021\/01\/circulo.png","width":723,"height":731,"caption":"Informe Litoral"},"image":{"@id":"https:\/\/informelitoral.com.ar\/#\/schema\/logo\/image\/"},"sameAs":["https:\/\/www.facebook.com\/informelitoral\/","https:\/\/x.com\/InformeLitoral","https:\/\/www.instagram.com\/informelitoral\/","https:\/\/www.youtube.com\/channel\/UCua4Qvz8Icb6MYqhoq9xLXw"]},{"@type":"Person","@id":"https:\/\/informelitoral.com.ar\/#\/schema\/person\/b9d00407c836482871ef1d57bf8e3180","name":"Gonzalo Schmidt","image":{"@type":"ImageObject","inLanguage":"es","@id":"https:\/\/secure.gravatar.com\/avatar\/31a1a7b66ff2de83bd0e9fd79d026630d2d99e55e8bfe501287647b4fd9743de?s=96&d=mm&r=g","url":"https:\/\/secure.gravatar.com\/avatar\/31a1a7b66ff2de83bd0e9fd79d026630d2d99e55e8bfe501287647b4fd9743de?s=96&d=mm&r=g","contentUrl":"https:\/\/secure.gravatar.com\/avatar\/31a1a7b66ff2de83bd0e9fd79d026630d2d99e55e8bfe501287647b4fd9743de?s=96&d=mm&r=g","caption":"Gonzalo Schmidt"},"description":"Sitio web de noticias de la provincia de Entre R\u00edos, Argentina. Informaci\u00f3n y entretenimiento. Informe Litoral, nos informamos.","sameAs":["http:\/\/www.isletasnoticias.com.ar"],"url":"https:\/\/informelitoral.com.ar\/author\/gonzalo\/"}]}},"_links":{"self":[{"href":"https:\/\/informelitoral.com.ar\/%77%70%2d%6a%73%6f%6e\/wp\/v2\/posts\/6778","targetHints":{"allow":["GET"]}}],"collection":[{"href":"https:\/\/informelitoral.com.ar\/%77%70%2d%6a%73%6f%6e\/wp\/v2\/posts"}],"about":[{"href":"https:\/\/informelitoral.com.ar\/%77%70%2d%6a%73%6f%6e\/wp\/v2\/types\/post"}],"author":[{"embeddable":true,"href":"https:\/\/informelitoral.com.ar\/%77%70%2d%6a%73%6f%6e\/wp\/v2\/users\/2"}],"replies":[{"embeddable":true,"href":"https:\/\/informelitoral.com.ar\/%77%70%2d%6a%73%6f%6e\/wp\/v2\/comments?post=6778"}],"version-history":[{"count":0,"href":"https:\/\/informelitoral.com.ar\/%77%70%2d%6a%73%6f%6e\/wp\/v2\/posts\/6778\/revisions"}],"wp:attachment":[{"href":"https:\/\/informelitoral.com.ar\/%77%70%2d%6a%73%6f%6e\/wp\/v2\/media?parent=6778"}],"wp:term":[{"taxonomy":"category","embeddable":true,"href":"https:\/\/informelitoral.com.ar\/%77%70%2d%6a%73%6f%6e\/wp\/v2\/categories?post=6778"},{"taxonomy":"post_tag","embeddable":true,"href":"https:\/\/informelitoral.com.ar\/%77%70%2d%6a%73%6f%6e\/wp\/v2\/tags?post=6778"}],"curies":[{"name":"wp","href":"https:\/\/api.w.org\/{rel}","templated":true}]}}